{"id":625,"date":"2020-04-07T21:36:11","date_gmt":"2020-04-07T21:36:11","guid":{"rendered":"http:\/\/diarioprincipios.com\/?p=625"},"modified":"2020-04-07T21:36:14","modified_gmt":"2020-04-07T21:36:14","slug":"los-12-infectados-de-coronavirus-de-avellaneda-evolucionan-bien","status":"publish","type":"post","link":"https:\/\/diarioprincipios.com\/index.php\/2020\/04\/07\/los-12-infectados-de-coronavirus-de-avellaneda-evolucionan-bien\/","title":{"rendered":"Los 12 infectados de Coronavirus de Avellaneda evolucionan bien"},"content":{"rendered":"\n<p>Se mantienen con buena evoluci\u00f3n los 12 vecinos y vecinas contagiados con el virus COVID-19 de Avellaneda.<\/p>\n\n\n\n<p>Existen tambi\u00e9n 44 casos que siguen bajo an\u00e1lisis hasta constatar si est\u00e1n contagiados, mientras que otras 59 personas ya fueron descartadas como portadoras del virus.<\/p>\n\n\n\n<p>Se mantiene el trabajo de control de aislamiento a 331 vecinos, que hacen de forma conjunta las \u00e1reas de Seguridad y Salud a quienes han sido viajeros recientes. Esto se lleva a cabo hasta completar el plazo de cuarentena para comprobar si manifiestan s\u00edntomas o no. De esta manera se descartan los riesgos de propagaci\u00f3n de la enfermedad.<\/p>\n\n\n\n<p>En relaci\u00f3n al trabajo de las fuerzas de seguridad, desde el comienzo de los operativos, el 20 de marzo, han sido demoradas y notificadas 278 personas por violar el aislamiento preventivo obligatorio, dispuesto por el Gobierno Nacional.<\/p>\n\n\n\n<p>Adem\u00e1s sigue el trabajo de patrullaje de los 90 m\u00f3viles policiales que recorren cada barrio de nuestra ciudad.<\/p>\n","protected":false},"excerpt":{"rendered":"<p>Se mantienen con buena evoluci\u00f3n los 12 vecinos y vecinas contagiados con el virus COVID-19 de Avellaneda. Existen tambi\u00e9n 44 casos que siguen bajo an\u00e1lisis hasta constatar si est\u00e1n contagiados, mientras que otras 59 personas ya fueron descartadas como portadoras del virus. Se mantiene el trabajo de control de aislamiento a 331 vecinos, que hacen&#8230;<\/p>\n","protected":false},"author":2,"featured_media":474,"comment_status":"open","ping_status":"open","sticky":false,"template":"","format":"standard","meta":{"footnotes":""},"categories":[5],"tags":[],"class_list":["post-625","post","type-post","status-publish","format-standard","has-post-thumbnail","hentry","category-avellaneda"],"featured_image_src":"https:\/\/diarioprincipios.com\/wp-content\/uploads\/2020\/03\/unnamed.jpg","blog_images":{"medium":"https:\/\/diarioprincipios.com\/wp-content\/uploads\/2020\/03\/unnamed-300x200.jpg","large":"https:\/\/diarioprincipios.com\/wp-content\/uploads\/2020\/03\/unnamed.jpg"},"ams_acf":[],"yoast_head":"<!-- This site is optimized with the Yoast SEO plugin v27.3 - https:\/\/yoast.com\/product\/yoast-seo-wordpress\/ -->\n<title>Los 12 infectados de Coronavirus de Avellaneda evolucionan bien - Principios<\/title>\n<meta name=\"robots\" content=\"index, follow, max-snippet:-1, max-image-preview:large, max-video-preview:-1\" \/>\n<link rel=\"canonical\" href=\"https:\/\/diarioprincipios.com\/index.php\/2020\/04\/07\/los-12-infectados-de-coronavirus-de-avellaneda-evolucionan-bien\/\" \/>\n<meta property=\"og:locale\" content=\"es_ES\" \/>\n<meta property=\"og:type\" content=\"article\" \/>\n<meta property=\"og:title\" content=\"Los 12 infectados de Coronavirus de Avellaneda evolucionan bien - Principios\" \/>\n<meta property=\"og:description\" content=\"Se mantienen con buena evoluci\u00f3n los 12 vecinos y vecinas contagiados con el virus COVID-19 de Avellaneda. Existen tambi\u00e9n 44 casos que siguen bajo an\u00e1lisis hasta constatar si est\u00e1n contagiados, mientras que otras 59 personas ya fueron descartadas como portadoras del virus. Se mantiene el trabajo de control de aislamiento a 331 vecinos, que hacen...\" \/>\n<meta property=\"og:url\" content=\"https:\/\/diarioprincipios.com\/index.php\/2020\/04\/07\/los-12-infectados-de-coronavirus-de-avellaneda-evolucionan-bien\/\" \/>\n<meta property=\"og:site_name\" content=\"Principios\" \/>\n<meta property=\"article:published_time\" content=\"2020-04-07T21:36:11+00:00\" \/>\n<meta property=\"article:modified_time\" content=\"2020-04-07T21:36:14+00:00\" \/>\n<meta property=\"og:image\" content=\"https:\/\/diarioprincipios.com\/wp-content\/uploads\/2020\/03\/unnamed.jpg\" \/>\n\t<meta property=\"og:image:width\" content=\"512\" \/>\n\t<meta property=\"og:image:height\" content=\"341\" \/>\n\t<meta property=\"og:image:type\" content=\"image\/jpeg\" \/>\n<meta name=\"author\" content=\"Hern\u00e1n L\u00f3pez\" \/>\n<meta name=\"twitter:card\" content=\"summary_large_image\" \/>\n<meta name=\"twitter:label1\" content=\"Escrito por\" \/>\n\t<meta name=\"twitter:data1\" content=\"Hern\u00e1n L\u00f3pez\" \/>\n\t<meta name=\"twitter:label2\" content=\"Tiempo de lectura\" \/>\n\t<meta name=\"twitter:data2\" content=\"1 minuto\" \/>\n<script type=\"application\/ld+json\" class=\"yoast-schema-graph\">{\"@context\":\"https:\\\/\\\/schema.org\",\"@graph\":[{\"@type\":\"Article\",\"@id\":\"https:\\\/\\\/diarioprincipios.com\\\/index.php\\\/2020\\\/04\\\/07\\\/los-12-infectados-de-coronavirus-de-avellaneda-evolucionan-bien\\\/#article\",\"isPartOf\":{\"@id\":\"https:\\\/\\\/diarioprincipios.com\\\/index.php\\\/2020\\\/04\\\/07\\\/los-12-infectados-de-coronavirus-de-avellaneda-evolucionan-bien\\\/\"},\"author\":{\"name\":\"Hern\u00e1n L\u00f3pez\",\"@id\":\"https:\\\/\\\/diarioprincipios.com\\\/#\\\/schema\\\/person\\\/436d5a1fd41a5e250e23ff5a6a7cb080\"},\"headline\":\"Los 12 infectados de Coronavirus de Avellaneda evolucionan bien\",\"datePublished\":\"2020-04-07T21:36:11+00:00\",\"dateModified\":\"2020-04-07T21:36:14+00:00\",\"mainEntityOfPage\":{\"@id\":\"https:\\\/\\\/diarioprincipios.com\\\/index.php\\\/2020\\\/04\\\/07\\\/los-12-infectados-de-coronavirus-de-avellaneda-evolucionan-bien\\\/\"},\"wordCount\":165,\"commentCount\":0,\"publisher\":{\"@id\":\"https:\\\/\\\/diarioprincipios.com\\\/#organization\"},\"image\":{\"@id\":\"https:\\\/\\\/diarioprincipios.com\\\/index.php\\\/2020\\\/04\\\/07\\\/los-12-infectados-de-coronavirus-de-avellaneda-evolucionan-bien\\\/#primaryimage\"},\"thumbnailUrl\":\"https:\\\/\\\/diarioprincipios.com\\\/wp-content\\\/uploads\\\/2020\\\/03\\\/unnamed.jpg\",\"articleSection\":[\"Avellaneda\"],\"inLanguage\":\"es\",\"potentialAction\":[{\"@type\":\"CommentAction\",\"name\":\"Comment\",\"target\":[\"https:\\\/\\\/diarioprincipios.com\\\/index.php\\\/2020\\\/04\\\/07\\\/los-12-infectados-de-coronavirus-de-avellaneda-evolucionan-bien\\\/#respond\"]}]},{\"@type\":\"WebPage\",\"@id\":\"https:\\\/\\\/diarioprincipios.com\\\/index.php\\\/2020\\\/04\\\/07\\\/los-12-infectados-de-coronavirus-de-avellaneda-evolucionan-bien\\\/\",\"url\":\"https:\\\/\\\/diarioprincipios.com\\\/index.php\\\/2020\\\/04\\\/07\\\/los-12-infectados-de-coronavirus-de-avellaneda-evolucionan-bien\\\/\",\"name\":\"Los 12 infectados de Coronavirus de Avellaneda evolucionan bien - Principios\",\"isPartOf\":{\"@id\":\"https:\\\/\\\/diarioprincipios.com\\\/#website\"},\"primaryImageOfPage\":{\"@id\":\"https:\\\/\\\/diarioprincipios.com\\\/index.php\\\/2020\\\/04\\\/07\\\/los-12-infectados-de-coronavirus-de-avellaneda-evolucionan-bien\\\/#primaryimage\"},\"image\":{\"@id\":\"https:\\\/\\\/diarioprincipios.com\\\/index.php\\\/2020\\\/04\\\/07\\\/los-12-infectados-de-coronavirus-de-avellaneda-evolucionan-bien\\\/#primaryimage\"},\"thumbnailUrl\":\"https:\\\/\\\/diarioprincipios.com\\\/wp-content\\\/uploads\\\/2020\\\/03\\\/unnamed.jpg\",\"datePublished\":\"2020-04-07T21:36:11+00:00\",\"dateModified\":\"2020-04-07T21:36:14+00:00\",\"breadcrumb\":{\"@id\":\"https:\\\/\\\/diarioprincipios.com\\\/index.php\\\/2020\\\/04\\\/07\\\/los-12-infectados-de-coronavirus-de-avellaneda-evolucionan-bien\\\/#breadcrumb\"},\"inLanguage\":\"es\",\"potentialAction\":[{\"@type\":\"ReadAction\",\"target\":[\"https:\\\/\\\/diarioprincipios.com\\\/index.php\\\/2020\\\/04\\\/07\\\/los-12-infectados-de-coronavirus-de-avellaneda-evolucionan-bien\\\/\"]}]},{\"@type\":\"ImageObject\",\"inLanguage\":\"es\",\"@id\":\"https:\\\/\\\/diarioprincipios.com\\\/index.php\\\/2020\\\/04\\\/07\\\/los-12-infectados-de-coronavirus-de-avellaneda-evolucionan-bien\\\/#primaryimage\",\"url\":\"https:\\\/\\\/diarioprincipios.com\\\/wp-content\\\/uploads\\\/2020\\\/03\\\/unnamed.jpg\",\"contentUrl\":\"https:\\\/\\\/diarioprincipios.com\\\/wp-content\\\/uploads\\\/2020\\\/03\\\/unnamed.jpg\",\"width\":512,\"height\":341},{\"@type\":\"BreadcrumbList\",\"@id\":\"https:\\\/\\\/diarioprincipios.com\\\/index.php\\\/2020\\\/04\\\/07\\\/los-12-infectados-de-coronavirus-de-avellaneda-evolucionan-bien\\\/#breadcrumb\",\"itemListElement\":[{\"@type\":\"ListItem\",\"position\":1,\"name\":\"Portada\",\"item\":\"https:\\\/\\\/diarioprincipios.com\\\/\"},{\"@type\":\"ListItem\",\"position\":2,\"name\":\"Los 12 infectados de Coronavirus de Avellaneda evolucionan bien\"}]},{\"@type\":\"WebSite\",\"@id\":\"https:\\\/\\\/diarioprincipios.com\\\/#website\",\"url\":\"https:\\\/\\\/diarioprincipios.com\\\/\",\"name\":\"Principios\",\"description\":\"Principios Diario\",\"publisher\":{\"@id\":\"https:\\\/\\\/diarioprincipios.com\\\/#organization\"},\"potentialAction\":[{\"@type\":\"SearchAction\",\"target\":{\"@type\":\"EntryPoint\",\"urlTemplate\":\"https:\\\/\\\/diarioprincipios.com\\\/?s={search_term_string}\"},\"query-input\":{\"@type\":\"PropertyValueSpecification\",\"valueRequired\":true,\"valueName\":\"search_term_string\"}}],\"inLanguage\":\"es\"},{\"@type\":\"Organization\",\"@id\":\"https:\\\/\\\/diarioprincipios.com\\\/#organization\",\"name\":\"Principios\",\"url\":\"https:\\\/\\\/diarioprincipios.com\\\/\",\"logo\":{\"@type\":\"ImageObject\",\"inLanguage\":\"es\",\"@id\":\"https:\\\/\\\/diarioprincipios.com\\\/#\\\/schema\\\/logo\\\/image\\\/\",\"url\":\"https:\\\/\\\/diarioprincipios.com\\\/wp-content\\\/uploads\\\/2024\\\/04\\\/cropped-www.diarioprincipios.com_-1.png\",\"contentUrl\":\"https:\\\/\\\/diarioprincipios.com\\\/wp-content\\\/uploads\\\/2024\\\/04\\\/cropped-www.diarioprincipios.com_-1.png\",\"width\":5325,\"height\":1454,\"caption\":\"Principios\"},\"image\":{\"@id\":\"https:\\\/\\\/diarioprincipios.com\\\/#\\\/schema\\\/logo\\\/image\\\/\"}},{\"@type\":\"Person\",\"@id\":\"https:\\\/\\\/diarioprincipios.com\\\/#\\\/schema\\\/person\\\/436d5a1fd41a5e250e23ff5a6a7cb080\",\"name\":\"Hern\u00e1n L\u00f3pez\",\"image\":{\"@type\":\"ImageObject\",\"inLanguage\":\"es\",\"@id\":\"https:\\\/\\\/diarioprincipios.com\\\/wp-content\\\/litespeed\\\/avatar\\\/11ddfe5610ff3bd100522525b2571f48.jpg?ver=1777048341\",\"url\":\"https:\\\/\\\/diarioprincipios.com\\\/wp-content\\\/litespeed\\\/avatar\\\/11ddfe5610ff3bd100522525b2571f48.jpg?ver=1777048341\",\"contentUrl\":\"https:\\\/\\\/diarioprincipios.com\\\/wp-content\\\/litespeed\\\/avatar\\\/11ddfe5610ff3bd100522525b2571f48.jpg?ver=1777048341\",\"caption\":\"Hern\u00e1n L\u00f3pez\"},\"url\":\"https:\\\/\\\/diarioprincipios.com\\\/index.php\\\/author\\\/hernan\\\/\"}]}<\/script>\n<!-- \/ Yoast SEO plugin. -->","yoast_head_json":{"title":"Los 12 infectados de Coronavirus de Avellaneda evolucionan bien - Principios","robots":{"index":"index","follow":"follow","max-snippet":"max-snippet:-1","max-image-preview":"max-image-preview:large","max-video-preview":"max-video-preview:-1"},"canonical":"https:\/\/diarioprincipios.com\/index.php\/2020\/04\/07\/los-12-infectados-de-coronavirus-de-avellaneda-evolucionan-bien\/","og_locale":"es_ES","og_type":"article","og_title":"Los 12 infectados de Coronavirus de Avellaneda evolucionan bien - Principios","og_description":"Se mantienen con buena evoluci\u00f3n los 12 vecinos y vecinas contagiados con el virus COVID-19 de Avellaneda. Existen tambi\u00e9n 44 casos que siguen bajo an\u00e1lisis hasta constatar si est\u00e1n contagiados, mientras que otras 59 personas ya fueron descartadas como portadoras del virus. Se mantiene el trabajo de control de aislamiento a 331 vecinos, que hacen...","og_url":"https:\/\/diarioprincipios.com\/index.php\/2020\/04\/07\/los-12-infectados-de-coronavirus-de-avellaneda-evolucionan-bien\/","og_site_name":"Principios","article_published_time":"2020-04-07T21:36:11+00:00","article_modified_time":"2020-04-07T21:36:14+00:00","og_image":[{"width":512,"height":341,"url":"https:\/\/diarioprincipios.com\/wp-content\/uploads\/2020\/03\/unnamed.jpg","type":"image\/jpeg"}],"author":"Hern\u00e1n L\u00f3pez","twitter_card":"summary_large_image","twitter_misc":{"Escrito por":"Hern\u00e1n L\u00f3pez","Tiempo de lectura":"1 minuto"},"schema":{"@context":"https:\/\/schema.org","@graph":[{"@type":"Article","@id":"https:\/\/diarioprincipios.com\/index.php\/2020\/04\/07\/los-12-infectados-de-coronavirus-de-avellaneda-evolucionan-bien\/#article","isPartOf":{"@id":"https:\/\/diarioprincipios.com\/index.php\/2020\/04\/07\/los-12-infectados-de-coronavirus-de-avellaneda-evolucionan-bien\/"},"author":{"name":"Hern\u00e1n L\u00f3pez","@id":"https:\/\/diarioprincipios.com\/#\/schema\/person\/436d5a1fd41a5e250e23ff5a6a7cb080"},"headline":"Los 12 infectados de Coronavirus de Avellaneda evolucionan bien","datePublished":"2020-04-07T21:36:11+00:00","dateModified":"2020-04-07T21:36:14+00:00","mainEntityOfPage":{"@id":"https:\/\/diarioprincipios.com\/index.php\/2020\/04\/07\/los-12-infectados-de-coronavirus-de-avellaneda-evolucionan-bien\/"},"wordCount":165,"commentCount":0,"publisher":{"@id":"https:\/\/diarioprincipios.com\/#organization"},"image":{"@id":"https:\/\/diarioprincipios.com\/index.php\/2020\/04\/07\/los-12-infectados-de-coronavirus-de-avellaneda-evolucionan-bien\/#primaryimage"},"thumbnailUrl":"https:\/\/diarioprincipios.com\/wp-content\/uploads\/2020\/03\/unnamed.jpg","articleSection":["Avellaneda"],"inLanguage":"es","potentialAction":[{"@type":"CommentAction","name":"Comment","target":["https:\/\/diarioprincipios.com\/index.php\/2020\/04\/07\/los-12-infectados-de-coronavirus-de-avellaneda-evolucionan-bien\/#respond"]}]},{"@type":"WebPage","@id":"https:\/\/diarioprincipios.com\/index.php\/2020\/04\/07\/los-12-infectados-de-coronavirus-de-avellaneda-evolucionan-bien\/","url":"https:\/\/diarioprincipios.com\/index.php\/2020\/04\/07\/los-12-infectados-de-coronavirus-de-avellaneda-evolucionan-bien\/","name":"Los 12 infectados de Coronavirus de Avellaneda evolucionan bien - Principios","isPartOf":{"@id":"https:\/\/diarioprincipios.com\/#website"},"primaryImageOfPage":{"@id":"https:\/\/diarioprincipios.com\/index.php\/2020\/04\/07\/los-12-infectados-de-coronavirus-de-avellaneda-evolucionan-bien\/#primaryimage"},"image":{"@id":"https:\/\/diarioprincipios.com\/index.php\/2020\/04\/07\/los-12-infectados-de-coronavirus-de-avellaneda-evolucionan-bien\/#primaryimage"},"thumbnailUrl":"https:\/\/diarioprincipios.com\/wp-content\/uploads\/2020\/03\/unnamed.jpg","datePublished":"2020-04-07T21:36:11+00:00","dateModified":"2020-04-07T21:36:14+00:00","breadcrumb":{"@id":"https:\/\/diarioprincipios.com\/index.php\/2020\/04\/07\/los-12-infectados-de-coronavirus-de-avellaneda-evolucionan-bien\/#breadcrumb"},"inLanguage":"es","potentialAction":[{"@type":"ReadAction","target":["https:\/\/diarioprincipios.com\/index.php\/2020\/04\/07\/los-12-infectados-de-coronavirus-de-avellaneda-evolucionan-bien\/"]}]},{"@type":"ImageObject","inLanguage":"es","@id":"https:\/\/diarioprincipios.com\/index.php\/2020\/04\/07\/los-12-infectados-de-coronavirus-de-avellaneda-evolucionan-bien\/#primaryimage","url":"https:\/\/diarioprincipios.com\/wp-content\/uploads\/2020\/03\/unnamed.jpg","contentUrl":"https:\/\/diarioprincipios.com\/wp-content\/uploads\/2020\/03\/unnamed.jpg","width":512,"height":341},{"@type":"BreadcrumbList","@id":"https:\/\/diarioprincipios.com\/index.php\/2020\/04\/07\/los-12-infectados-de-coronavirus-de-avellaneda-evolucionan-bien\/#breadcrumb","itemListElement":[{"@type":"ListItem","position":1,"name":"Portada","item":"https:\/\/diarioprincipios.com\/"},{"@type":"ListItem","position":2,"name":"Los 12 infectados de Coronavirus de Avellaneda evolucionan bien"}]},{"@type":"WebSite","@id":"https:\/\/diarioprincipios.com\/#website","url":"https:\/\/diarioprincipios.com\/","name":"Principios","description":"Principios Diario","publisher":{"@id":"https:\/\/diarioprincipios.com\/#organization"},"potentialAction":[{"@type":"SearchAction","target":{"@type":"EntryPoint","urlTemplate":"https:\/\/diarioprincipios.com\/?s={search_term_string}"},"query-input":{"@type":"PropertyValueSpecification","valueRequired":true,"valueName":"search_term_string"}}],"inLanguage":"es"},{"@type":"Organization","@id":"https:\/\/diarioprincipios.com\/#organization","name":"Principios","url":"https:\/\/diarioprincipios.com\/","logo":{"@type":"ImageObject","inLanguage":"es","@id":"https:\/\/diarioprincipios.com\/#\/schema\/logo\/image\/","url":"https:\/\/diarioprincipios.com\/wp-content\/uploads\/2024\/04\/cropped-www.diarioprincipios.com_-1.png","contentUrl":"https:\/\/diarioprincipios.com\/wp-content\/uploads\/2024\/04\/cropped-www.diarioprincipios.com_-1.png","width":5325,"height":1454,"caption":"Principios"},"image":{"@id":"https:\/\/diarioprincipios.com\/#\/schema\/logo\/image\/"}},{"@type":"Person","@id":"https:\/\/diarioprincipios.com\/#\/schema\/person\/436d5a1fd41a5e250e23ff5a6a7cb080","name":"Hern\u00e1n L\u00f3pez","image":{"@type":"ImageObject","inLanguage":"es","@id":"https:\/\/diarioprincipios.com\/wp-content\/litespeed\/avatar\/11ddfe5610ff3bd100522525b2571f48.jpg?ver=1777048341","url":"https:\/\/diarioprincipios.com\/wp-content\/litespeed\/avatar\/11ddfe5610ff3bd100522525b2571f48.jpg?ver=1777048341","contentUrl":"https:\/\/diarioprincipios.com\/wp-content\/litespeed\/avatar\/11ddfe5610ff3bd100522525b2571f48.jpg?ver=1777048341","caption":"Hern\u00e1n L\u00f3pez"},"url":"https:\/\/diarioprincipios.com\/index.php\/author\/hernan\/"}]}},"jetpack_featured_media_url":"https:\/\/diarioprincipios.com\/wp-content\/uploads\/2020\/03\/unnamed.jpg","_links":{"self":[{"href":"https:\/\/diarioprincipios.com\/index.php\/wp-json\/wp\/v2\/posts\/625","targetHints":{"allow":["GET"]}}],"collection":[{"href":"https:\/\/diarioprincipios.com\/index.php\/wp-json\/wp\/v2\/posts"}],"about":[{"href":"https:\/\/diarioprincipios.com\/index.php\/wp-json\/wp\/v2\/types\/post"}],"author":[{"embeddable":true,"href":"https:\/\/diarioprincipios.com\/index.php\/wp-json\/wp\/v2\/users\/2"}],"replies":[{"embeddable":true,"href":"https:\/\/diarioprincipios.com\/index.php\/wp-json\/wp\/v2\/comments?post=625"}],"version-history":[{"count":1,"href":"https:\/\/diarioprincipios.com\/index.php\/wp-json\/wp\/v2\/posts\/625\/revisions"}],"predecessor-version":[{"id":626,"href":"https:\/\/diarioprincipios.com\/index.php\/wp-json\/wp\/v2\/posts\/625\/revisions\/626"}],"wp:featuredmedia":[{"embeddable":true,"href":"https:\/\/diarioprincipios.com\/index.php\/wp-json\/wp\/v2\/media\/474"}],"wp:attachment":[{"href":"https:\/\/diarioprincipios.com\/index.php\/wp-json\/wp\/v2\/media?parent=625"}],"wp:term":[{"taxonomy":"category","embeddable":true,"href":"https:\/\/diarioprincipios.com\/index.php\/wp-json\/wp\/v2\/categories?post=625"},{"taxonomy":"post_tag","embeddable":true,"href":"https:\/\/diarioprincipios.com\/index.php\/wp-json\/wp\/v2\/tags?post=625"}],"curies":[{"name":"wp","href":"https:\/\/api.w.org\/{rel}","templated":true}]}}