{"id":614,"date":"2020-04-07T01:31:21","date_gmt":"2020-04-07T01:31:21","guid":{"rendered":"http:\/\/diarioprincipios.com\/?p=614"},"modified":"2020-04-07T01:31:23","modified_gmt":"2020-04-07T01:31:23","slug":"activa-labor-contra-el-dengue-en-berazategui","status":"publish","type":"post","link":"https:\/\/diarioprincipios.com\/index.php\/2020\/04\/07\/activa-labor-contra-el-dengue-en-berazategui\/","title":{"rendered":"Activa labor contra el Dengue en Berazategui"},"content":{"rendered":"\n<p><strong>La Municipalidad de Berazategui, a trav\u00e9s de la Secretar\u00eda de Salud P\u00fablica e Higiene, contin\u00faa realizando operativos de fumigaci\u00f3n para evitar la reproducci\u00f3n del mosquito transmisor del\u00a0dengue, zika y chikungunya.<\/strong><\/p>\n\n\n\n<p>Ante el actual avance del&nbsp;dengue, cada vez son m\u00e1s los vecinos que se comprometen a combatir esta enfermedad, en colaboraci\u00f3n con el Municipio.<\/p>\n\n\n\n<p>\u201cTenemos cronogramas de fumigaci\u00f3n que se llevan a cabo en espacios verdes y p\u00fablicos de Berazategui, como plazas, clubes de barrio, entidades deportivas, estaciones y lugares de esparcimiento, entre otros; y operativos que se realizan de 06.00 a 08.00 en los barrios donde hay m\u00e1s presencia de mosquitos que contagian el&nbsp;dengue. Para ello utilizamos maquinaria ULV, que permite un accionar eficaz contra el Aedes Aegypti\u201d, explica Carolina Conca, del \u00e1rea de Medicina Preventiva y Epidemiolog\u00eda de la Secretar\u00eda de Salud municipal.<\/p>\n\n\n\n<p>Al mismo tiempo, se han tomado medidas para tratar casos sospechosos y casos confirmados de&nbsp;dengue&nbsp;en los barrios berazateguenses. \u201cCuando nos llega un caso sospechoso, realizamos la acci\u00f3n de foco y perifoco; es decir, tomamos contacto con el vecino y personal de Medicina Preventiva. T\u00e9cnicos y fumigadores asisten al lugar con un m\u00e9dico, se realiza una ficha epidemiol\u00f3gica del afectado y el personal procede a fumigar dentro del domicilio, en la periferia y manzanas adyacentes. Si se confirma ese caso, se contin\u00faa con esa acci\u00f3n por varios d\u00edas consecutivos en 9 manzanas a la redonda\u201d, finaliza.<\/p>\n\n\n\n<p>Para conocer el cronograma de fumigaciones, se puede ingresar en&nbsp;<a rel=\"noreferrer noopener\" target=\"_blank\" href=\"http:\/\/berazategui.gob.ar\/dengue\">berazategui.gob.ar\/dengue<\/a>.<\/p>\n\n\n\n<p><strong>Consejos para prevenir el&nbsp;dengue<br><\/strong><br>El mosquito Aedes Aegypti es el insecto transmisor del&nbsp;dengue, pero tambi\u00e9n de enfermedades como el zika y la fiebre chikungunya. El trabajo en conjunto con los vecinos es muy importante para erradicar al insecto, por lo cual se recomienda tomar algunas medidas de prevenci\u00f3n en los hogares:<\/p>\n\n\n\n<p>&#8211; Descacharrizar desechando bidones, botellas, lonas, cubiertas, baldes y todo recipiente que no se utilice. Cualquier peque\u00f1o objeto que acumule agua, incluso una tapita de gaseosa, sirve para que el mosquito ponga sus huevos y se reproduzca.<\/p>\n\n\n\n<p>&#8211; Mantener jardines y patios limpios.<\/p>\n\n\n\n<p>&#8211; Cambiar con frecuencia el agua de bebederos de animales.<\/p>\n\n\n\n<p>&#8211; Colocar mosquiteros en puertas y ventanas.<\/p>\n\n\n\n<p>&#8211; Renovar el agua y mantener limpios los floreros.<\/p>\n\n\n\n<p>&#8211; Tapar tanques de agua.<\/p>\n","protected":false},"excerpt":{"rendered":"<p>La Municipalidad de Berazategui, a trav\u00e9s de la Secretar\u00eda de Salud P\u00fablica e Higiene, contin\u00faa realizando operativos de fumigaci\u00f3n para evitar la reproducci\u00f3n del mosquito transmisor del\u00a0dengue, zika y chikungunya. Ante el actual avance del&nbsp;dengue, cada vez son m\u00e1s los vecinos que se comprometen a combatir esta enfermedad, en colaboraci\u00f3n con el Municipio. \u201cTenemos cronogramas&#8230;<\/p>\n","protected":false},"author":2,"featured_media":615,"comment_status":"open","ping_status":"open","sticky":false,"template":"","format":"standard","meta":{"footnotes":""},"categories":[3],"tags":[],"class_list":["post-614","post","type-post","status-publish","format-standard","has-post-thumbnail","hentry","category-berazategui"],"featured_image_src":"https:\/\/diarioprincipios.com\/wp-content\/uploads\/2020\/04\/BERAZATEGUI-ACTIVA-CONTRA-EL-DENGUE-2.jpg","blog_images":{"medium":"https:\/\/diarioprincipios.com\/wp-content\/uploads\/2020\/04\/BERAZATEGUI-ACTIVA-CONTRA-EL-DENGUE-2-169x300.jpg","large":"https:\/\/diarioprincipios.com\/wp-content\/uploads\/2020\/04\/BERAZATEGUI-ACTIVA-CONTRA-EL-DENGUE-2.jpg"},"ams_acf":[],"yoast_head":"<!-- This site is optimized with the Yoast SEO plugin v27.3 - https:\/\/yoast.com\/product\/yoast-seo-wordpress\/ -->\n<title>Activa labor contra el Dengue en Berazategui - Principios<\/title>\n<meta name=\"robots\" content=\"index, follow, max-snippet:-1, max-image-preview:large, max-video-preview:-1\" \/>\n<link rel=\"canonical\" href=\"https:\/\/diarioprincipios.com\/index.php\/2020\/04\/07\/activa-labor-contra-el-dengue-en-berazategui\/\" \/>\n<meta property=\"og:locale\" content=\"es_ES\" \/>\n<meta property=\"og:type\" content=\"article\" \/>\n<meta property=\"og:title\" content=\"Activa labor contra el Dengue en Berazategui - Principios\" \/>\n<meta property=\"og:description\" content=\"La Municipalidad de Berazategui, a trav\u00e9s de la Secretar\u00eda de Salud P\u00fablica e Higiene, contin\u00faa realizando operativos de fumigaci\u00f3n para evitar la reproducci\u00f3n del mosquito transmisor del\u00a0dengue, zika y chikungunya. Ante el actual avance del&nbsp;dengue, cada vez son m\u00e1s los vecinos que se comprometen a combatir esta enfermedad, en colaboraci\u00f3n con el Municipio. \u201cTenemos cronogramas...\" \/>\n<meta property=\"og:url\" content=\"https:\/\/diarioprincipios.com\/index.php\/2020\/04\/07\/activa-labor-contra-el-dengue-en-berazategui\/\" \/>\n<meta property=\"og:site_name\" content=\"Principios\" \/>\n<meta property=\"article:published_time\" content=\"2020-04-07T01:31:21+00:00\" \/>\n<meta property=\"article:modified_time\" content=\"2020-04-07T01:31:23+00:00\" \/>\n<meta property=\"og:image\" content=\"https:\/\/diarioprincipios.com\/wp-content\/uploads\/2020\/04\/BERAZATEGUI-ACTIVA-CONTRA-EL-DENGUE-2.jpg\" \/>\n\t<meta property=\"og:image:width\" content=\"540\" \/>\n\t<meta property=\"og:image:height\" content=\"960\" \/>\n\t<meta property=\"og:image:type\" content=\"image\/jpeg\" \/>\n<meta name=\"author\" content=\"Hern\u00e1n L\u00f3pez\" \/>\n<meta name=\"twitter:card\" content=\"summary_large_image\" \/>\n<meta name=\"twitter:label1\" content=\"Escrito por\" \/>\n\t<meta name=\"twitter:data1\" content=\"Hern\u00e1n L\u00f3pez\" \/>\n\t<meta name=\"twitter:label2\" content=\"Tiempo de lectura\" \/>\n\t<meta name=\"twitter:data2\" content=\"2 minutos\" \/>\n<script type=\"application\/ld+json\" class=\"yoast-schema-graph\">{\"@context\":\"https:\\\/\\\/schema.org\",\"@graph\":[{\"@type\":\"Article\",\"@id\":\"https:\\\/\\\/diarioprincipios.com\\\/index.php\\\/2020\\\/04\\\/07\\\/activa-labor-contra-el-dengue-en-berazategui\\\/#article\",\"isPartOf\":{\"@id\":\"https:\\\/\\\/diarioprincipios.com\\\/index.php\\\/2020\\\/04\\\/07\\\/activa-labor-contra-el-dengue-en-berazategui\\\/\"},\"author\":{\"name\":\"Hern\u00e1n L\u00f3pez\",\"@id\":\"https:\\\/\\\/diarioprincipios.com\\\/#\\\/schema\\\/person\\\/436d5a1fd41a5e250e23ff5a6a7cb080\"},\"headline\":\"Activa labor contra el Dengue en Berazategui\",\"datePublished\":\"2020-04-07T01:31:21+00:00\",\"dateModified\":\"2020-04-07T01:31:23+00:00\",\"mainEntityOfPage\":{\"@id\":\"https:\\\/\\\/diarioprincipios.com\\\/index.php\\\/2020\\\/04\\\/07\\\/activa-labor-contra-el-dengue-en-berazategui\\\/\"},\"wordCount\":409,\"commentCount\":0,\"publisher\":{\"@id\":\"https:\\\/\\\/diarioprincipios.com\\\/#organization\"},\"image\":{\"@id\":\"https:\\\/\\\/diarioprincipios.com\\\/index.php\\\/2020\\\/04\\\/07\\\/activa-labor-contra-el-dengue-en-berazategui\\\/#primaryimage\"},\"thumbnailUrl\":\"https:\\\/\\\/diarioprincipios.com\\\/wp-content\\\/uploads\\\/2020\\\/04\\\/BERAZATEGUI-ACTIVA-CONTRA-EL-DENGUE-2.jpg\",\"articleSection\":[\"Berazategui\"],\"inLanguage\":\"es\",\"potentialAction\":[{\"@type\":\"CommentAction\",\"name\":\"Comment\",\"target\":[\"https:\\\/\\\/diarioprincipios.com\\\/index.php\\\/2020\\\/04\\\/07\\\/activa-labor-contra-el-dengue-en-berazategui\\\/#respond\"]}]},{\"@type\":\"WebPage\",\"@id\":\"https:\\\/\\\/diarioprincipios.com\\\/index.php\\\/2020\\\/04\\\/07\\\/activa-labor-contra-el-dengue-en-berazategui\\\/\",\"url\":\"https:\\\/\\\/diarioprincipios.com\\\/index.php\\\/2020\\\/04\\\/07\\\/activa-labor-contra-el-dengue-en-berazategui\\\/\",\"name\":\"Activa labor contra el Dengue en Berazategui - Principios\",\"isPartOf\":{\"@id\":\"https:\\\/\\\/diarioprincipios.com\\\/#website\"},\"primaryImageOfPage\":{\"@id\":\"https:\\\/\\\/diarioprincipios.com\\\/index.php\\\/2020\\\/04\\\/07\\\/activa-labor-contra-el-dengue-en-berazategui\\\/#primaryimage\"},\"image\":{\"@id\":\"https:\\\/\\\/diarioprincipios.com\\\/index.php\\\/2020\\\/04\\\/07\\\/activa-labor-contra-el-dengue-en-berazategui\\\/#primaryimage\"},\"thumbnailUrl\":\"https:\\\/\\\/diarioprincipios.com\\\/wp-content\\\/uploads\\\/2020\\\/04\\\/BERAZATEGUI-ACTIVA-CONTRA-EL-DENGUE-2.jpg\",\"datePublished\":\"2020-04-07T01:31:21+00:00\",\"dateModified\":\"2020-04-07T01:31:23+00:00\",\"breadcrumb\":{\"@id\":\"https:\\\/\\\/diarioprincipios.com\\\/index.php\\\/2020\\\/04\\\/07\\\/activa-labor-contra-el-dengue-en-berazategui\\\/#breadcrumb\"},\"inLanguage\":\"es\",\"potentialAction\":[{\"@type\":\"ReadAction\",\"target\":[\"https:\\\/\\\/diarioprincipios.com\\\/index.php\\\/2020\\\/04\\\/07\\\/activa-labor-contra-el-dengue-en-berazategui\\\/\"]}]},{\"@type\":\"ImageObject\",\"inLanguage\":\"es\",\"@id\":\"https:\\\/\\\/diarioprincipios.com\\\/index.php\\\/2020\\\/04\\\/07\\\/activa-labor-contra-el-dengue-en-berazategui\\\/#primaryimage\",\"url\":\"https:\\\/\\\/diarioprincipios.com\\\/wp-content\\\/uploads\\\/2020\\\/04\\\/BERAZATEGUI-ACTIVA-CONTRA-EL-DENGUE-2.jpg\",\"contentUrl\":\"https:\\\/\\\/diarioprincipios.com\\\/wp-content\\\/uploads\\\/2020\\\/04\\\/BERAZATEGUI-ACTIVA-CONTRA-EL-DENGUE-2.jpg\",\"width\":540,\"height\":960},{\"@type\":\"BreadcrumbList\",\"@id\":\"https:\\\/\\\/diarioprincipios.com\\\/index.php\\\/2020\\\/04\\\/07\\\/activa-labor-contra-el-dengue-en-berazategui\\\/#breadcrumb\",\"itemListElement\":[{\"@type\":\"ListItem\",\"position\":1,\"name\":\"Portada\",\"item\":\"https:\\\/\\\/diarioprincipios.com\\\/\"},{\"@type\":\"ListItem\",\"position\":2,\"name\":\"Activa labor contra el Dengue en Berazategui\"}]},{\"@type\":\"WebSite\",\"@id\":\"https:\\\/\\\/diarioprincipios.com\\\/#website\",\"url\":\"https:\\\/\\\/diarioprincipios.com\\\/\",\"name\":\"Principios\",\"description\":\"Principios Diario\",\"publisher\":{\"@id\":\"https:\\\/\\\/diarioprincipios.com\\\/#organization\"},\"potentialAction\":[{\"@type\":\"SearchAction\",\"target\":{\"@type\":\"EntryPoint\",\"urlTemplate\":\"https:\\\/\\\/diarioprincipios.com\\\/?s={search_term_string}\"},\"query-input\":{\"@type\":\"PropertyValueSpecification\",\"valueRequired\":true,\"valueName\":\"search_term_string\"}}],\"inLanguage\":\"es\"},{\"@type\":\"Organization\",\"@id\":\"https:\\\/\\\/diarioprincipios.com\\\/#organization\",\"name\":\"Principios\",\"url\":\"https:\\\/\\\/diarioprincipios.com\\\/\",\"logo\":{\"@type\":\"ImageObject\",\"inLanguage\":\"es\",\"@id\":\"https:\\\/\\\/diarioprincipios.com\\\/#\\\/schema\\\/logo\\\/image\\\/\",\"url\":\"https:\\\/\\\/diarioprincipios.com\\\/wp-content\\\/uploads\\\/2024\\\/04\\\/cropped-www.diarioprincipios.com_-1.png\",\"contentUrl\":\"https:\\\/\\\/diarioprincipios.com\\\/wp-content\\\/uploads\\\/2024\\\/04\\\/cropped-www.diarioprincipios.com_-1.png\",\"width\":5325,\"height\":1454,\"caption\":\"Principios\"},\"image\":{\"@id\":\"https:\\\/\\\/diarioprincipios.com\\\/#\\\/schema\\\/logo\\\/image\\\/\"}},{\"@type\":\"Person\",\"@id\":\"https:\\\/\\\/diarioprincipios.com\\\/#\\\/schema\\\/person\\\/436d5a1fd41a5e250e23ff5a6a7cb080\",\"name\":\"Hern\u00e1n L\u00f3pez\",\"image\":{\"@type\":\"ImageObject\",\"inLanguage\":\"es\",\"@id\":\"https:\\\/\\\/diarioprincipios.com\\\/wp-content\\\/litespeed\\\/avatar\\\/11ddfe5610ff3bd100522525b2571f48.jpg?ver=1777048341\",\"url\":\"https:\\\/\\\/diarioprincipios.com\\\/wp-content\\\/litespeed\\\/avatar\\\/11ddfe5610ff3bd100522525b2571f48.jpg?ver=1777048341\",\"contentUrl\":\"https:\\\/\\\/diarioprincipios.com\\\/wp-content\\\/litespeed\\\/avatar\\\/11ddfe5610ff3bd100522525b2571f48.jpg?ver=1777048341\",\"caption\":\"Hern\u00e1n L\u00f3pez\"},\"url\":\"https:\\\/\\\/diarioprincipios.com\\\/index.php\\\/author\\\/hernan\\\/\"}]}<\/script>\n<!-- \/ Yoast SEO plugin. -->","yoast_head_json":{"title":"Activa labor contra el Dengue en Berazategui - Principios","robots":{"index":"index","follow":"follow","max-snippet":"max-snippet:-1","max-image-preview":"max-image-preview:large","max-video-preview":"max-video-preview:-1"},"canonical":"https:\/\/diarioprincipios.com\/index.php\/2020\/04\/07\/activa-labor-contra-el-dengue-en-berazategui\/","og_locale":"es_ES","og_type":"article","og_title":"Activa labor contra el Dengue en Berazategui - Principios","og_description":"La Municipalidad de Berazategui, a trav\u00e9s de la Secretar\u00eda de Salud P\u00fablica e Higiene, contin\u00faa realizando operativos de fumigaci\u00f3n para evitar la reproducci\u00f3n del mosquito transmisor del\u00a0dengue, zika y chikungunya. Ante el actual avance del&nbsp;dengue, cada vez son m\u00e1s los vecinos que se comprometen a combatir esta enfermedad, en colaboraci\u00f3n con el Municipio. \u201cTenemos cronogramas...","og_url":"https:\/\/diarioprincipios.com\/index.php\/2020\/04\/07\/activa-labor-contra-el-dengue-en-berazategui\/","og_site_name":"Principios","article_published_time":"2020-04-07T01:31:21+00:00","article_modified_time":"2020-04-07T01:31:23+00:00","og_image":[{"width":540,"height":960,"url":"https:\/\/diarioprincipios.com\/wp-content\/uploads\/2020\/04\/BERAZATEGUI-ACTIVA-CONTRA-EL-DENGUE-2.jpg","type":"image\/jpeg"}],"author":"Hern\u00e1n L\u00f3pez","twitter_card":"summary_large_image","twitter_misc":{"Escrito por":"Hern\u00e1n L\u00f3pez","Tiempo de lectura":"2 minutos"},"schema":{"@context":"https:\/\/schema.org","@graph":[{"@type":"Article","@id":"https:\/\/diarioprincipios.com\/index.php\/2020\/04\/07\/activa-labor-contra-el-dengue-en-berazategui\/#article","isPartOf":{"@id":"https:\/\/diarioprincipios.com\/index.php\/2020\/04\/07\/activa-labor-contra-el-dengue-en-berazategui\/"},"author":{"name":"Hern\u00e1n L\u00f3pez","@id":"https:\/\/diarioprincipios.com\/#\/schema\/person\/436d5a1fd41a5e250e23ff5a6a7cb080"},"headline":"Activa labor contra el Dengue en Berazategui","datePublished":"2020-04-07T01:31:21+00:00","dateModified":"2020-04-07T01:31:23+00:00","mainEntityOfPage":{"@id":"https:\/\/diarioprincipios.com\/index.php\/2020\/04\/07\/activa-labor-contra-el-dengue-en-berazategui\/"},"wordCount":409,"commentCount":0,"publisher":{"@id":"https:\/\/diarioprincipios.com\/#organization"},"image":{"@id":"https:\/\/diarioprincipios.com\/index.php\/2020\/04\/07\/activa-labor-contra-el-dengue-en-berazategui\/#primaryimage"},"thumbnailUrl":"https:\/\/diarioprincipios.com\/wp-content\/uploads\/2020\/04\/BERAZATEGUI-ACTIVA-CONTRA-EL-DENGUE-2.jpg","articleSection":["Berazategui"],"inLanguage":"es","potentialAction":[{"@type":"CommentAction","name":"Comment","target":["https:\/\/diarioprincipios.com\/index.php\/2020\/04\/07\/activa-labor-contra-el-dengue-en-berazategui\/#respond"]}]},{"@type":"WebPage","@id":"https:\/\/diarioprincipios.com\/index.php\/2020\/04\/07\/activa-labor-contra-el-dengue-en-berazategui\/","url":"https:\/\/diarioprincipios.com\/index.php\/2020\/04\/07\/activa-labor-contra-el-dengue-en-berazategui\/","name":"Activa labor contra el Dengue en Berazategui - Principios","isPartOf":{"@id":"https:\/\/diarioprincipios.com\/#website"},"primaryImageOfPage":{"@id":"https:\/\/diarioprincipios.com\/index.php\/2020\/04\/07\/activa-labor-contra-el-dengue-en-berazategui\/#primaryimage"},"image":{"@id":"https:\/\/diarioprincipios.com\/index.php\/2020\/04\/07\/activa-labor-contra-el-dengue-en-berazategui\/#primaryimage"},"thumbnailUrl":"https:\/\/diarioprincipios.com\/wp-content\/uploads\/2020\/04\/BERAZATEGUI-ACTIVA-CONTRA-EL-DENGUE-2.jpg","datePublished":"2020-04-07T01:31:21+00:00","dateModified":"2020-04-07T01:31:23+00:00","breadcrumb":{"@id":"https:\/\/diarioprincipios.com\/index.php\/2020\/04\/07\/activa-labor-contra-el-dengue-en-berazategui\/#breadcrumb"},"inLanguage":"es","potentialAction":[{"@type":"ReadAction","target":["https:\/\/diarioprincipios.com\/index.php\/2020\/04\/07\/activa-labor-contra-el-dengue-en-berazategui\/"]}]},{"@type":"ImageObject","inLanguage":"es","@id":"https:\/\/diarioprincipios.com\/index.php\/2020\/04\/07\/activa-labor-contra-el-dengue-en-berazategui\/#primaryimage","url":"https:\/\/diarioprincipios.com\/wp-content\/uploads\/2020\/04\/BERAZATEGUI-ACTIVA-CONTRA-EL-DENGUE-2.jpg","contentUrl":"https:\/\/diarioprincipios.com\/wp-content\/uploads\/2020\/04\/BERAZATEGUI-ACTIVA-CONTRA-EL-DENGUE-2.jpg","width":540,"height":960},{"@type":"BreadcrumbList","@id":"https:\/\/diarioprincipios.com\/index.php\/2020\/04\/07\/activa-labor-contra-el-dengue-en-berazategui\/#breadcrumb","itemListElement":[{"@type":"ListItem","position":1,"name":"Portada","item":"https:\/\/diarioprincipios.com\/"},{"@type":"ListItem","position":2,"name":"Activa labor contra el Dengue en Berazategui"}]},{"@type":"WebSite","@id":"https:\/\/diarioprincipios.com\/#website","url":"https:\/\/diarioprincipios.com\/","name":"Principios","description":"Principios Diario","publisher":{"@id":"https:\/\/diarioprincipios.com\/#organization"},"potentialAction":[{"@type":"SearchAction","target":{"@type":"EntryPoint","urlTemplate":"https:\/\/diarioprincipios.com\/?s={search_term_string}"},"query-input":{"@type":"PropertyValueSpecification","valueRequired":true,"valueName":"search_term_string"}}],"inLanguage":"es"},{"@type":"Organization","@id":"https:\/\/diarioprincipios.com\/#organization","name":"Principios","url":"https:\/\/diarioprincipios.com\/","logo":{"@type":"ImageObject","inLanguage":"es","@id":"https:\/\/diarioprincipios.com\/#\/schema\/logo\/image\/","url":"https:\/\/diarioprincipios.com\/wp-content\/uploads\/2024\/04\/cropped-www.diarioprincipios.com_-1.png","contentUrl":"https:\/\/diarioprincipios.com\/wp-content\/uploads\/2024\/04\/cropped-www.diarioprincipios.com_-1.png","width":5325,"height":1454,"caption":"Principios"},"image":{"@id":"https:\/\/diarioprincipios.com\/#\/schema\/logo\/image\/"}},{"@type":"Person","@id":"https:\/\/diarioprincipios.com\/#\/schema\/person\/436d5a1fd41a5e250e23ff5a6a7cb080","name":"Hern\u00e1n L\u00f3pez","image":{"@type":"ImageObject","inLanguage":"es","@id":"https:\/\/diarioprincipios.com\/wp-content\/litespeed\/avatar\/11ddfe5610ff3bd100522525b2571f48.jpg?ver=1777048341","url":"https:\/\/diarioprincipios.com\/wp-content\/litespeed\/avatar\/11ddfe5610ff3bd100522525b2571f48.jpg?ver=1777048341","contentUrl":"https:\/\/diarioprincipios.com\/wp-content\/litespeed\/avatar\/11ddfe5610ff3bd100522525b2571f48.jpg?ver=1777048341","caption":"Hern\u00e1n L\u00f3pez"},"url":"https:\/\/diarioprincipios.com\/index.php\/author\/hernan\/"}]}},"jetpack_featured_media_url":"https:\/\/diarioprincipios.com\/wp-content\/uploads\/2020\/04\/BERAZATEGUI-ACTIVA-CONTRA-EL-DENGUE-2.jpg","_links":{"self":[{"href":"https:\/\/diarioprincipios.com\/index.php\/wp-json\/wp\/v2\/posts\/614","targetHints":{"allow":["GET"]}}],"collection":[{"href":"https:\/\/diarioprincipios.com\/index.php\/wp-json\/wp\/v2\/posts"}],"about":[{"href":"https:\/\/diarioprincipios.com\/index.php\/wp-json\/wp\/v2\/types\/post"}],"author":[{"embeddable":true,"href":"https:\/\/diarioprincipios.com\/index.php\/wp-json\/wp\/v2\/users\/2"}],"replies":[{"embeddable":true,"href":"https:\/\/diarioprincipios.com\/index.php\/wp-json\/wp\/v2\/comments?post=614"}],"version-history":[{"count":1,"href":"https:\/\/diarioprincipios.com\/index.php\/wp-json\/wp\/v2\/posts\/614\/revisions"}],"predecessor-version":[{"id":616,"href":"https:\/\/diarioprincipios.com\/index.php\/wp-json\/wp\/v2\/posts\/614\/revisions\/616"}],"wp:featuredmedia":[{"embeddable":true,"href":"https:\/\/diarioprincipios.com\/index.php\/wp-json\/wp\/v2\/media\/615"}],"wp:attachment":[{"href":"https:\/\/diarioprincipios.com\/index.php\/wp-json\/wp\/v2\/media?parent=614"}],"wp:term":[{"taxonomy":"category","embeddable":true,"href":"https:\/\/diarioprincipios.com\/index.php\/wp-json\/wp\/v2\/categories?post=614"},{"taxonomy":"post_tag","embeddable":true,"href":"https:\/\/diarioprincipios.com\/index.php\/wp-json\/wp\/v2\/tags?post=614"}],"curies":[{"name":"wp","href":"https:\/\/api.w.org\/{rel}","templated":true}]}}