{"id":6009,"date":"2020-10-06T17:16:54","date_gmt":"2020-10-06T20:16:54","guid":{"rendered":"http:\/\/diarioprincipios.com\/?p=6009"},"modified":"2020-10-06T17:16:59","modified_gmt":"2020-10-06T20:16:59","slug":"vacunatorios-anexos-en-centros-de-salud","status":"publish","type":"post","link":"https:\/\/diarioprincipios.com\/index.php\/2020\/10\/06\/vacunatorios-anexos-en-centros-de-salud\/","title":{"rendered":"Vacunatorios anexos en Centros de Salud"},"content":{"rendered":"\n<p><strong>La Municipalidad de Berazategui informa a los vecinos y vecinas que el servicio de vacunaci\u00f3n de 2 Centros de Atenci\u00f3n Primaria de Salud (CAPS) que cuentan con guardia las 24 horas, contin\u00faan funcionando de manera descentralizada. La finalidad es ofrecer condiciones apropiadas para la aplicaci\u00f3n de las vacunas incluidas en el Calendario Nacional, gratuito y obligatorio, dentro de la situaci\u00f3n sanitaria de p\u00fablico conocimiento.<\/strong><\/p>\n\n\n\n<p>Para reducir riesgos de contagio por coronavirus (COVID-19) en quienes deben acercarse, el Municipio &#8211; a trav\u00e9s de la Secretar\u00eda de Salud P\u00fablica e Higiene- informa que dos Vacunatorios funcionan de lunes a viernes, de 10.00 a 14.00, en los siguientes espacios:<\/p>\n\n\n\n<p>&#8211; CAPS N\u00b0 2: Iglesia Santa Mar\u00eda de Hudson (calle 159, entre 53 y 54).<\/p>\n\n\n\n<p>&#8211; CAPS N\u00b0 11: Sociedad de Fomento Uni\u00f3n (calle 515, entre 611 y colectora).<\/p>\n\n\n\n<figure class=\"wp-block-image\"><img decoding=\"async\" src=\"https:\/\/ecp.yusercontent.com\/mail?url=https%3A%2F%2Fdocs.google.com%2Fuc%3Fexport%3Ddownload%26id%3D1JdP7Su9t24THT2BI1vGQEk0X5ComDuna%26revid%3D0B9vif756qwYZWTRrWDMvZDQrNHowM0g4cjdqU2NWUVhpWUNFPQ&amp;t=1602011320&amp;ymreqid=5799fcab-b43d-2794-220e-cd0019019700&amp;sig=Iw.APabLn_LcsbHq0yrvNQ--~D\" alt=\"\"\/><\/figure>\n","protected":false},"excerpt":{"rendered":"<p>La Municipalidad de Berazategui informa a los vecinos y vecinas que el servicio de vacunaci\u00f3n de 2 Centros de Atenci\u00f3n Primaria de Salud (CAPS) que cuentan con guardia las 24 horas, contin\u00faan funcionando de manera descentralizada. La finalidad es ofrecer condiciones apropiadas para la aplicaci\u00f3n de las vacunas incluidas en el Calendario Nacional, gratuito y&#8230;<\/p>\n","protected":false},"author":2,"featured_media":6010,"comment_status":"open","ping_status":"open","sticky":false,"template":"","format":"standard","meta":{"footnotes":""},"categories":[3],"tags":[],"class_list":["post-6009","post","type-post","status-publish","format-standard","has-post-thumbnail","hentry","category-berazategui"],"featured_image_src":"https:\/\/diarioprincipios.com\/wp-content\/uploads\/2020\/10\/20201006_171500-1024x583.jpg","blog_images":{"medium":"https:\/\/diarioprincipios.com\/wp-content\/uploads\/2020\/10\/20201006_171500-300x171.jpg","large":"https:\/\/diarioprincipios.com\/wp-content\/uploads\/2020\/10\/20201006_171500-1024x583.jpg"},"ams_acf":[],"yoast_head":"<!-- This site is optimized with the Yoast SEO plugin v27.3 - https:\/\/yoast.com\/product\/yoast-seo-wordpress\/ -->\n<title>Vacunatorios anexos en Centros de Salud - Principios<\/title>\n<meta name=\"robots\" content=\"index, follow, max-snippet:-1, max-image-preview:large, max-video-preview:-1\" \/>\n<link rel=\"canonical\" href=\"https:\/\/diarioprincipios.com\/index.php\/2020\/10\/06\/vacunatorios-anexos-en-centros-de-salud\/\" \/>\n<meta property=\"og:locale\" content=\"es_ES\" \/>\n<meta property=\"og:type\" content=\"article\" \/>\n<meta property=\"og:title\" content=\"Vacunatorios anexos en Centros de Salud - Principios\" \/>\n<meta property=\"og:description\" content=\"La Municipalidad de Berazategui informa a los vecinos y vecinas que el servicio de vacunaci\u00f3n de 2 Centros de Atenci\u00f3n Primaria de Salud (CAPS) que cuentan con guardia las 24 horas, contin\u00faan funcionando de manera descentralizada. La finalidad es ofrecer condiciones apropiadas para la aplicaci\u00f3n de las vacunas incluidas en el Calendario Nacional, gratuito y...\" \/>\n<meta property=\"og:url\" content=\"https:\/\/diarioprincipios.com\/index.php\/2020\/10\/06\/vacunatorios-anexos-en-centros-de-salud\/\" \/>\n<meta property=\"og:site_name\" content=\"Principios\" \/>\n<meta property=\"article:published_time\" content=\"2020-10-06T20:16:54+00:00\" \/>\n<meta property=\"article:modified_time\" content=\"2020-10-06T20:16:59+00:00\" \/>\n<meta property=\"og:image\" content=\"https:\/\/diarioprincipios.com\/wp-content\/uploads\/2020\/10\/20201006_171500.jpg\" \/>\n\t<meta property=\"og:image:width\" content=\"1180\" \/>\n\t<meta property=\"og:image:height\" content=\"672\" \/>\n\t<meta property=\"og:image:type\" content=\"image\/jpeg\" \/>\n<meta name=\"author\" content=\"Hern\u00e1n L\u00f3pez\" \/>\n<meta name=\"twitter:card\" content=\"summary_large_image\" \/>\n<meta name=\"twitter:label1\" content=\"Escrito por\" \/>\n\t<meta name=\"twitter:data1\" content=\"Hern\u00e1n L\u00f3pez\" \/>\n\t<meta name=\"twitter:label2\" content=\"Tiempo de lectura\" \/>\n\t<meta name=\"twitter:data2\" content=\"1 minuto\" \/>\n<script type=\"application\/ld+json\" class=\"yoast-schema-graph\">{\"@context\":\"https:\\\/\\\/schema.org\",\"@graph\":[{\"@type\":\"Article\",\"@id\":\"https:\\\/\\\/diarioprincipios.com\\\/index.php\\\/2020\\\/10\\\/06\\\/vacunatorios-anexos-en-centros-de-salud\\\/#article\",\"isPartOf\":{\"@id\":\"https:\\\/\\\/diarioprincipios.com\\\/index.php\\\/2020\\\/10\\\/06\\\/vacunatorios-anexos-en-centros-de-salud\\\/\"},\"author\":{\"name\":\"Hern\u00e1n L\u00f3pez\",\"@id\":\"https:\\\/\\\/diarioprincipios.com\\\/#\\\/schema\\\/person\\\/436d5a1fd41a5e250e23ff5a6a7cb080\"},\"headline\":\"Vacunatorios anexos en Centros de Salud\",\"datePublished\":\"2020-10-06T20:16:54+00:00\",\"dateModified\":\"2020-10-06T20:16:59+00:00\",\"mainEntityOfPage\":{\"@id\":\"https:\\\/\\\/diarioprincipios.com\\\/index.php\\\/2020\\\/10\\\/06\\\/vacunatorios-anexos-en-centros-de-salud\\\/\"},\"wordCount\":141,\"commentCount\":0,\"publisher\":{\"@id\":\"https:\\\/\\\/diarioprincipios.com\\\/#organization\"},\"image\":{\"@id\":\"https:\\\/\\\/diarioprincipios.com\\\/index.php\\\/2020\\\/10\\\/06\\\/vacunatorios-anexos-en-centros-de-salud\\\/#primaryimage\"},\"thumbnailUrl\":\"https:\\\/\\\/diarioprincipios.com\\\/wp-content\\\/uploads\\\/2020\\\/10\\\/20201006_171500.jpg\",\"articleSection\":[\"Berazategui\"],\"inLanguage\":\"es\",\"potentialAction\":[{\"@type\":\"CommentAction\",\"name\":\"Comment\",\"target\":[\"https:\\\/\\\/diarioprincipios.com\\\/index.php\\\/2020\\\/10\\\/06\\\/vacunatorios-anexos-en-centros-de-salud\\\/#respond\"]}]},{\"@type\":\"WebPage\",\"@id\":\"https:\\\/\\\/diarioprincipios.com\\\/index.php\\\/2020\\\/10\\\/06\\\/vacunatorios-anexos-en-centros-de-salud\\\/\",\"url\":\"https:\\\/\\\/diarioprincipios.com\\\/index.php\\\/2020\\\/10\\\/06\\\/vacunatorios-anexos-en-centros-de-salud\\\/\",\"name\":\"Vacunatorios anexos en Centros de Salud - Principios\",\"isPartOf\":{\"@id\":\"https:\\\/\\\/diarioprincipios.com\\\/#website\"},\"primaryImageOfPage\":{\"@id\":\"https:\\\/\\\/diarioprincipios.com\\\/index.php\\\/2020\\\/10\\\/06\\\/vacunatorios-anexos-en-centros-de-salud\\\/#primaryimage\"},\"image\":{\"@id\":\"https:\\\/\\\/diarioprincipios.com\\\/index.php\\\/2020\\\/10\\\/06\\\/vacunatorios-anexos-en-centros-de-salud\\\/#primaryimage\"},\"thumbnailUrl\":\"https:\\\/\\\/diarioprincipios.com\\\/wp-content\\\/uploads\\\/2020\\\/10\\\/20201006_171500.jpg\",\"datePublished\":\"2020-10-06T20:16:54+00:00\",\"dateModified\":\"2020-10-06T20:16:59+00:00\",\"breadcrumb\":{\"@id\":\"https:\\\/\\\/diarioprincipios.com\\\/index.php\\\/2020\\\/10\\\/06\\\/vacunatorios-anexos-en-centros-de-salud\\\/#breadcrumb\"},\"inLanguage\":\"es\",\"potentialAction\":[{\"@type\":\"ReadAction\",\"target\":[\"https:\\\/\\\/diarioprincipios.com\\\/index.php\\\/2020\\\/10\\\/06\\\/vacunatorios-anexos-en-centros-de-salud\\\/\"]}]},{\"@type\":\"ImageObject\",\"inLanguage\":\"es\",\"@id\":\"https:\\\/\\\/diarioprincipios.com\\\/index.php\\\/2020\\\/10\\\/06\\\/vacunatorios-anexos-en-centros-de-salud\\\/#primaryimage\",\"url\":\"https:\\\/\\\/diarioprincipios.com\\\/wp-content\\\/uploads\\\/2020\\\/10\\\/20201006_171500.jpg\",\"contentUrl\":\"https:\\\/\\\/diarioprincipios.com\\\/wp-content\\\/uploads\\\/2020\\\/10\\\/20201006_171500.jpg\",\"width\":1180,\"height\":672},{\"@type\":\"BreadcrumbList\",\"@id\":\"https:\\\/\\\/diarioprincipios.com\\\/index.php\\\/2020\\\/10\\\/06\\\/vacunatorios-anexos-en-centros-de-salud\\\/#breadcrumb\",\"itemListElement\":[{\"@type\":\"ListItem\",\"position\":1,\"name\":\"Portada\",\"item\":\"https:\\\/\\\/diarioprincipios.com\\\/\"},{\"@type\":\"ListItem\",\"position\":2,\"name\":\"Vacunatorios anexos en Centros de Salud\"}]},{\"@type\":\"WebSite\",\"@id\":\"https:\\\/\\\/diarioprincipios.com\\\/#website\",\"url\":\"https:\\\/\\\/diarioprincipios.com\\\/\",\"name\":\"Principios\",\"description\":\"Principios Diario\",\"publisher\":{\"@id\":\"https:\\\/\\\/diarioprincipios.com\\\/#organization\"},\"potentialAction\":[{\"@type\":\"SearchAction\",\"target\":{\"@type\":\"EntryPoint\",\"urlTemplate\":\"https:\\\/\\\/diarioprincipios.com\\\/?s={search_term_string}\"},\"query-input\":{\"@type\":\"PropertyValueSpecification\",\"valueRequired\":true,\"valueName\":\"search_term_string\"}}],\"inLanguage\":\"es\"},{\"@type\":\"Organization\",\"@id\":\"https:\\\/\\\/diarioprincipios.com\\\/#organization\",\"name\":\"Principios\",\"url\":\"https:\\\/\\\/diarioprincipios.com\\\/\",\"logo\":{\"@type\":\"ImageObject\",\"inLanguage\":\"es\",\"@id\":\"https:\\\/\\\/diarioprincipios.com\\\/#\\\/schema\\\/logo\\\/image\\\/\",\"url\":\"https:\\\/\\\/diarioprincipios.com\\\/wp-content\\\/uploads\\\/2024\\\/04\\\/cropped-www.diarioprincipios.com_-1.png\",\"contentUrl\":\"https:\\\/\\\/diarioprincipios.com\\\/wp-content\\\/uploads\\\/2024\\\/04\\\/cropped-www.diarioprincipios.com_-1.png\",\"width\":5325,\"height\":1454,\"caption\":\"Principios\"},\"image\":{\"@id\":\"https:\\\/\\\/diarioprincipios.com\\\/#\\\/schema\\\/logo\\\/image\\\/\"}},{\"@type\":\"Person\",\"@id\":\"https:\\\/\\\/diarioprincipios.com\\\/#\\\/schema\\\/person\\\/436d5a1fd41a5e250e23ff5a6a7cb080\",\"name\":\"Hern\u00e1n L\u00f3pez\",\"image\":{\"@type\":\"ImageObject\",\"inLanguage\":\"es\",\"@id\":\"https:\\\/\\\/diarioprincipios.com\\\/wp-content\\\/litespeed\\\/avatar\\\/11ddfe5610ff3bd100522525b2571f48.jpg?ver=1777653193\",\"url\":\"https:\\\/\\\/diarioprincipios.com\\\/wp-content\\\/litespeed\\\/avatar\\\/11ddfe5610ff3bd100522525b2571f48.jpg?ver=1777653193\",\"contentUrl\":\"https:\\\/\\\/diarioprincipios.com\\\/wp-content\\\/litespeed\\\/avatar\\\/11ddfe5610ff3bd100522525b2571f48.jpg?ver=1777653193\",\"caption\":\"Hern\u00e1n L\u00f3pez\"},\"url\":\"https:\\\/\\\/diarioprincipios.com\\\/index.php\\\/author\\\/hernan\\\/\"}]}<\/script>\n<!-- \/ Yoast SEO plugin. -->","yoast_head_json":{"title":"Vacunatorios anexos en Centros de Salud - Principios","robots":{"index":"index","follow":"follow","max-snippet":"max-snippet:-1","max-image-preview":"max-image-preview:large","max-video-preview":"max-video-preview:-1"},"canonical":"https:\/\/diarioprincipios.com\/index.php\/2020\/10\/06\/vacunatorios-anexos-en-centros-de-salud\/","og_locale":"es_ES","og_type":"article","og_title":"Vacunatorios anexos en Centros de Salud - Principios","og_description":"La Municipalidad de Berazategui informa a los vecinos y vecinas que el servicio de vacunaci\u00f3n de 2 Centros de Atenci\u00f3n Primaria de Salud (CAPS) que cuentan con guardia las 24 horas, contin\u00faan funcionando de manera descentralizada. La finalidad es ofrecer condiciones apropiadas para la aplicaci\u00f3n de las vacunas incluidas en el Calendario Nacional, gratuito y...","og_url":"https:\/\/diarioprincipios.com\/index.php\/2020\/10\/06\/vacunatorios-anexos-en-centros-de-salud\/","og_site_name":"Principios","article_published_time":"2020-10-06T20:16:54+00:00","article_modified_time":"2020-10-06T20:16:59+00:00","og_image":[{"width":1180,"height":672,"url":"https:\/\/diarioprincipios.com\/wp-content\/uploads\/2020\/10\/20201006_171500.jpg","type":"image\/jpeg"}],"author":"Hern\u00e1n L\u00f3pez","twitter_card":"summary_large_image","twitter_misc":{"Escrito por":"Hern\u00e1n L\u00f3pez","Tiempo de lectura":"1 minuto"},"schema":{"@context":"https:\/\/schema.org","@graph":[{"@type":"Article","@id":"https:\/\/diarioprincipios.com\/index.php\/2020\/10\/06\/vacunatorios-anexos-en-centros-de-salud\/#article","isPartOf":{"@id":"https:\/\/diarioprincipios.com\/index.php\/2020\/10\/06\/vacunatorios-anexos-en-centros-de-salud\/"},"author":{"name":"Hern\u00e1n L\u00f3pez","@id":"https:\/\/diarioprincipios.com\/#\/schema\/person\/436d5a1fd41a5e250e23ff5a6a7cb080"},"headline":"Vacunatorios anexos en Centros de Salud","datePublished":"2020-10-06T20:16:54+00:00","dateModified":"2020-10-06T20:16:59+00:00","mainEntityOfPage":{"@id":"https:\/\/diarioprincipios.com\/index.php\/2020\/10\/06\/vacunatorios-anexos-en-centros-de-salud\/"},"wordCount":141,"commentCount":0,"publisher":{"@id":"https:\/\/diarioprincipios.com\/#organization"},"image":{"@id":"https:\/\/diarioprincipios.com\/index.php\/2020\/10\/06\/vacunatorios-anexos-en-centros-de-salud\/#primaryimage"},"thumbnailUrl":"https:\/\/diarioprincipios.com\/wp-content\/uploads\/2020\/10\/20201006_171500.jpg","articleSection":["Berazategui"],"inLanguage":"es","potentialAction":[{"@type":"CommentAction","name":"Comment","target":["https:\/\/diarioprincipios.com\/index.php\/2020\/10\/06\/vacunatorios-anexos-en-centros-de-salud\/#respond"]}]},{"@type":"WebPage","@id":"https:\/\/diarioprincipios.com\/index.php\/2020\/10\/06\/vacunatorios-anexos-en-centros-de-salud\/","url":"https:\/\/diarioprincipios.com\/index.php\/2020\/10\/06\/vacunatorios-anexos-en-centros-de-salud\/","name":"Vacunatorios anexos en Centros de Salud - Principios","isPartOf":{"@id":"https:\/\/diarioprincipios.com\/#website"},"primaryImageOfPage":{"@id":"https:\/\/diarioprincipios.com\/index.php\/2020\/10\/06\/vacunatorios-anexos-en-centros-de-salud\/#primaryimage"},"image":{"@id":"https:\/\/diarioprincipios.com\/index.php\/2020\/10\/06\/vacunatorios-anexos-en-centros-de-salud\/#primaryimage"},"thumbnailUrl":"https:\/\/diarioprincipios.com\/wp-content\/uploads\/2020\/10\/20201006_171500.jpg","datePublished":"2020-10-06T20:16:54+00:00","dateModified":"2020-10-06T20:16:59+00:00","breadcrumb":{"@id":"https:\/\/diarioprincipios.com\/index.php\/2020\/10\/06\/vacunatorios-anexos-en-centros-de-salud\/#breadcrumb"},"inLanguage":"es","potentialAction":[{"@type":"ReadAction","target":["https:\/\/diarioprincipios.com\/index.php\/2020\/10\/06\/vacunatorios-anexos-en-centros-de-salud\/"]}]},{"@type":"ImageObject","inLanguage":"es","@id":"https:\/\/diarioprincipios.com\/index.php\/2020\/10\/06\/vacunatorios-anexos-en-centros-de-salud\/#primaryimage","url":"https:\/\/diarioprincipios.com\/wp-content\/uploads\/2020\/10\/20201006_171500.jpg","contentUrl":"https:\/\/diarioprincipios.com\/wp-content\/uploads\/2020\/10\/20201006_171500.jpg","width":1180,"height":672},{"@type":"BreadcrumbList","@id":"https:\/\/diarioprincipios.com\/index.php\/2020\/10\/06\/vacunatorios-anexos-en-centros-de-salud\/#breadcrumb","itemListElement":[{"@type":"ListItem","position":1,"name":"Portada","item":"https:\/\/diarioprincipios.com\/"},{"@type":"ListItem","position":2,"name":"Vacunatorios anexos en Centros de Salud"}]},{"@type":"WebSite","@id":"https:\/\/diarioprincipios.com\/#website","url":"https:\/\/diarioprincipios.com\/","name":"Principios","description":"Principios Diario","publisher":{"@id":"https:\/\/diarioprincipios.com\/#organization"},"potentialAction":[{"@type":"SearchAction","target":{"@type":"EntryPoint","urlTemplate":"https:\/\/diarioprincipios.com\/?s={search_term_string}"},"query-input":{"@type":"PropertyValueSpecification","valueRequired":true,"valueName":"search_term_string"}}],"inLanguage":"es"},{"@type":"Organization","@id":"https:\/\/diarioprincipios.com\/#organization","name":"Principios","url":"https:\/\/diarioprincipios.com\/","logo":{"@type":"ImageObject","inLanguage":"es","@id":"https:\/\/diarioprincipios.com\/#\/schema\/logo\/image\/","url":"https:\/\/diarioprincipios.com\/wp-content\/uploads\/2024\/04\/cropped-www.diarioprincipios.com_-1.png","contentUrl":"https:\/\/diarioprincipios.com\/wp-content\/uploads\/2024\/04\/cropped-www.diarioprincipios.com_-1.png","width":5325,"height":1454,"caption":"Principios"},"image":{"@id":"https:\/\/diarioprincipios.com\/#\/schema\/logo\/image\/"}},{"@type":"Person","@id":"https:\/\/diarioprincipios.com\/#\/schema\/person\/436d5a1fd41a5e250e23ff5a6a7cb080","name":"Hern\u00e1n L\u00f3pez","image":{"@type":"ImageObject","inLanguage":"es","@id":"https:\/\/diarioprincipios.com\/wp-content\/litespeed\/avatar\/11ddfe5610ff3bd100522525b2571f48.jpg?ver=1777653193","url":"https:\/\/diarioprincipios.com\/wp-content\/litespeed\/avatar\/11ddfe5610ff3bd100522525b2571f48.jpg?ver=1777653193","contentUrl":"https:\/\/diarioprincipios.com\/wp-content\/litespeed\/avatar\/11ddfe5610ff3bd100522525b2571f48.jpg?ver=1777653193","caption":"Hern\u00e1n L\u00f3pez"},"url":"https:\/\/diarioprincipios.com\/index.php\/author\/hernan\/"}]}},"jetpack_featured_media_url":"https:\/\/diarioprincipios.com\/wp-content\/uploads\/2020\/10\/20201006_171500.jpg","_links":{"self":[{"href":"https:\/\/diarioprincipios.com\/index.php\/wp-json\/wp\/v2\/posts\/6009","targetHints":{"allow":["GET"]}}],"collection":[{"href":"https:\/\/diarioprincipios.com\/index.php\/wp-json\/wp\/v2\/posts"}],"about":[{"href":"https:\/\/diarioprincipios.com\/index.php\/wp-json\/wp\/v2\/types\/post"}],"author":[{"embeddable":true,"href":"https:\/\/diarioprincipios.com\/index.php\/wp-json\/wp\/v2\/users\/2"}],"replies":[{"embeddable":true,"href":"https:\/\/diarioprincipios.com\/index.php\/wp-json\/wp\/v2\/comments?post=6009"}],"version-history":[{"count":1,"href":"https:\/\/diarioprincipios.com\/index.php\/wp-json\/wp\/v2\/posts\/6009\/revisions"}],"predecessor-version":[{"id":6011,"href":"https:\/\/diarioprincipios.com\/index.php\/wp-json\/wp\/v2\/posts\/6009\/revisions\/6011"}],"wp:featuredmedia":[{"embeddable":true,"href":"https:\/\/diarioprincipios.com\/index.php\/wp-json\/wp\/v2\/media\/6010"}],"wp:attachment":[{"href":"https:\/\/diarioprincipios.com\/index.php\/wp-json\/wp\/v2\/media?parent=6009"}],"wp:term":[{"taxonomy":"category","embeddable":true,"href":"https:\/\/diarioprincipios.com\/index.php\/wp-json\/wp\/v2\/categories?post=6009"},{"taxonomy":"post_tag","embeddable":true,"href":"https:\/\/diarioprincipios.com\/index.php\/wp-json\/wp\/v2\/tags?post=6009"}],"curies":[{"name":"wp","href":"https:\/\/api.w.org\/{rel}","templated":true}]}}