{"id":5939,"date":"2020-10-01T21:12:00","date_gmt":"2020-10-02T00:12:00","guid":{"rendered":"http:\/\/diarioprincipios.com\/?p=5939"},"modified":"2020-10-01T21:12:04","modified_gmt":"2020-10-02T00:12:04","slug":"el-gobierno-anuncio-una-bateria-de-medidas-para-impulsar-la-produccion-y-las-exportaciones","status":"publish","type":"post","link":"https:\/\/diarioprincipios.com\/index.php\/2020\/10\/01\/el-gobierno-anuncio-una-bateria-de-medidas-para-impulsar-la-produccion-y-las-exportaciones\/","title":{"rendered":"El Gobierno anunci\u00f3 una bater\u00eda de medidas para impulsar la producci\u00f3n y las exportaciones"},"content":{"rendered":"\n<p>El ministro de Econom\u00eda, Mart\u00edn Guzm\u00e1n, anunci\u00f3 esta tarde un paquete de medidas tendientes a fortalecer las reservas internacionales del Banco Central a partir de lograr m\u00e1s ingreso de divisas al incentivar las exportaciones tanto industriales como fabriles, y mejorar las opciones financieras en pesos.<\/p>\n\n\n\n<p>\u201cNecesitamos generar fortalezas, buscando acumular reservas. Estabilizar a la econom\u00eda argentina es un proceso, hay que ir a la velocidad que corresponde\u201d, dijo<\/p>\n\n\n\n<p>Guzm\u00e1n en el inicio de la conferencia de prensa realzada en Casa de Gobierno en la que estuvo acompa\u00f1ado por su par de Agricultura, Ganader\u00eda y Pesca, Luis Basterra, y el titular del Ministerio de Desarrollo Productivo, Mat\u00edas Kulfas.<\/p>\n\n\n\n<p>En la conferencia de prensa tambi\u00e9n estuvieron presentes el presidente de la UIA, Migel Acevedo; el titular de CIARA, Gustavo Id\u00f3goras; el dirigente de Conferderaciones Rurales, Dardo Chiesa; Alberto Carlocchia, de la C\u00e1mara Minera; y Jos\u00e9 Martines, presidente de la Bolsa de Cereales de Buenos Aires y referente del Consejo Agroindustrial, entre otros.<\/p>\n\n\n\n<p>\u201cEstos anuncios tienen que ver con la hoja de ruta que hemos venido marcando para propiciar la recuperaci\u00f3n econ\u00f3mica de nuestro pa\u00eds\u201d, sostuvo el titular del Palacio de Hacienda, para luego subrayar que las iniciativas buscan \u201cpromover sectores clave para el desarrollo de bienes exportables y promover el mercado interno, en particular promover la construcci\u00f3n, que es un sector que va a jugar un rol clave en la recuperaci\u00f3n econ\u00f3mica\u201d.<\/p>\n\n\n\n<p>En lo que respecta al plano financiero y la b\u00fasqueda de ahorro e inversi\u00f3n en moneda local, el titular del Palacio de Hacienda anticip\u00f3 que el martes \u201cestaremos licitando una herramienta -un bono- en pesos, atado a la variaci\u00f3n del d\u00f3lar\u201d.<\/p>\n\n\n\n<p>Adem\u00e1s, adelant\u00f3 que el Banco Central, \u00abpresentar\u00e1 una tasa que ser\u00e1 referencia de todos los sectores\u00bb, y destac\u00f3 que los rendimientos de los dep\u00f3sitos a plazo fijo \u00abser\u00e1n positivos\u00bb respecto a la inflaci\u00f3n.<\/p>\n\n\n\n<p>Para impulsar las exportaciones, y para el desarrollo del sector agr\u00edcola presentaremos \u00abuna compensaci\u00f3n y est\u00edmulo a peque\u00f1os productores de soja y cooperativas que implicar\u00e1n una inversi\u00f3n p\u00fablica de hasta $11.550 millones para el sector\u00bb, dijo Guzm\u00e1n.<\/p>\n\n\n\n<p>Adem\u00e1s, \u00abse reducen hasta fin de a\u00f1o las al\u00edcuotas para las ventas al exterior de grano de soja como para sus principales derivados\u00bb, agreg\u00f3 el ministro.<\/p>\n\n\n\n<p>De esta forma, los derechos de exportaci\u00f3n de la soja se reducir\u00e1n de 33% a 30% en octubre, para luego aumentar paulatinamente en noviembre (31,5%), diciembre (32%) y regresar al 33% en enero.<\/p>\n\n\n\n<p>En cuanto a las medidas vinculadas al sector industrial, Guzm\u00e1n dijo que se reducir\u00e1n \u00ablos derechos de exportaci\u00f3n de los bienes finales industriales a 0% y de los insumos elaborados industriales al 3%\u00bb.<\/p>\n\n\n\n<p>\u00abEn el caso automotriz, la baja al 0% de bienes finales es solo para las exportaciones automotrices incrementales extra Mercosur\u00bb, precis\u00f3.<\/p>\n\n\n\n<p>Adem\u00e1s \u00absubimos el piso de reintegros a la exportaci\u00f3n en funci\u00f3n del valor agregado: subimos los bienes finales industriales a 7% y de los insumos elaborados industriales a 5%\u00bb, agreg\u00f3.<\/p>\n\n\n\n<p>Con respecto al sector minero, se reglamentar\u00e1 la Ley de Solidaridad Social y Reactivaci\u00f3n Productiva que estableci\u00f3 un tope del 8% para los derechos de exportaci\u00f3n de los metales.<\/p>\n\n\n\n<p>Sobre el sector de la construcci\u00f3n, al que calific\u00f3 de \u00abcentral para la recuperaci\u00f3n de la econom\u00eda\u00bb, Guzm\u00e1n anunci\u00f3 que el Gobierno enviar\u00e1 al Congreso dos proyectos de Ley: Beneficios impositivos para estimular la inversi\u00f3n en proyectos nuevos, y exenci\u00f3n durante tres a\u00f1os del pago de Bienes Personales sobre los activos financieros que se apliquen a nuevas construcciones.<\/p>\n\n\n\n<p>Adem\u00e1s, se diferir\u00e1 el pago del Impuesto a las Ganancias y del Impuesto sobre las Transferencias de Inmuebles correspondiente al aporte de un inmueble (por ejemplo, un terreno) a un proyecto de construcci\u00f3n hasta el momento de finalizada o cobrada la obra.<\/p>\n\n\n\n<p>Guzm\u00e1n anunci\u00f3 la creaci\u00f3n de Fondo Fiduciario de Cobertura y Promoci\u00f3n para brindar sustentabilidad al sistema de Cr\u00e9dito Hipotecario.<\/p>\n\n\n\n<p>Tambi\u00e9n se crear\u00e1 un fondo que ser\u00e1 autosustentable, que se financia con aportes de las entidades financieras y con una porci\u00f3n de la cuota del cr\u00e9dito.<\/p>\n\n\n\n<p>En paralelo, el Banco Central anunci\u00f3 una serie de medidas tendientes a preservar su nivel de reservas internacionales entre las que se encuentran abandonar la \u00abdevaluaci\u00f3n uniforme\u00bb para evitar la especulaci\u00f3n, subir la tasa de inter\u00e9s, y alentar el ingreso de inversiones del exterior, con la promesa de que podr\u00e1n repatriar los fondos en un a\u00f1o.<\/p>\n\n\n\n<p>La entidad que dirige Miguel \u00c1ngel Pesce a trav\u00e9s de un comunicado de prensa, dio cuenta que la tasa de pases pasivos a un d\u00eda aumentar\u00e1 el 24%, cinco puntos porcentuales respecto del nivel vigente.<\/p>\n\n\n\n<p>La decisi\u00f3n \u00abbusca incrementar el atractivo de los instrumentos financieros en moneda local de corto plazo, en vistas de desalentar comportamientos que podr\u00edan afectar el mercado de cambios\u00bb, dijo el Central.<\/p>\n\n\n\n<p>Por otro lado, la entidad adelant\u00f3 que abandonar\u00e1 \u00abel mecanismo de devaluaci\u00f3n uniforme otorgando mayor volatilidad y manteniendo el nivel competitivo del tipo de cambio real multilateral\u00bb.<\/p>\n\n\n\n<p>El Banco Central tambi\u00e9n anunci\u00f3 que se bloquear\u00e1n los CUIT para la compra para atesoramiento de divisas de los funcionarios del m\u00e1ximo nivel de la administraci\u00f3n p\u00fablica nacional hasta el rango de subsecretarios o equivalentes, de legisladores nacionales (diputados y senadores), y los directores de bancos p\u00fablicos incluidos los del BCRA.<\/p>\n","protected":false},"excerpt":{"rendered":"<p>El ministro de Econom\u00eda, Mart\u00edn Guzm\u00e1n, anunci\u00f3 esta tarde un paquete de medidas tendientes a fortalecer las reservas internacionales del Banco Central a partir de lograr m\u00e1s ingreso de divisas al incentivar las exportaciones tanto industriales como fabriles, y mejorar las opciones financieras en pesos. \u201cNecesitamos generar fortalezas, buscando acumular reservas. Estabilizar a la econom\u00eda&#8230;<\/p>\n","protected":false},"author":2,"featured_media":5940,"comment_status":"open","ping_status":"open","sticky":false,"template":"","format":"standard","meta":{"footnotes":""},"categories":[10],"tags":[],"class_list":["post-5939","post","type-post","status-publish","format-standard","has-post-thumbnail","hentry","category-nacion"],"featured_image_src":"https:\/\/diarioprincipios.com\/wp-content\/uploads\/2020\/10\/5df8e5210317c_1004x565.jpg","blog_images":{"medium":"https:\/\/diarioprincipios.com\/wp-content\/uploads\/2020\/10\/5df8e5210317c_1004x565-300x169.jpg","large":"https:\/\/diarioprincipios.com\/wp-content\/uploads\/2020\/10\/5df8e5210317c_1004x565.jpg"},"ams_acf":[],"yoast_head":"<!-- This site is optimized with the Yoast SEO plugin v27.3 - https:\/\/yoast.com\/product\/yoast-seo-wordpress\/ -->\n<title>El Gobierno anunci\u00f3 una bater\u00eda de medidas para impulsar la producci\u00f3n y las exportaciones - Principios<\/title>\n<meta name=\"robots\" content=\"index, follow, max-snippet:-1, max-image-preview:large, max-video-preview:-1\" \/>\n<link rel=\"canonical\" href=\"https:\/\/diarioprincipios.com\/index.php\/2020\/10\/01\/el-gobierno-anuncio-una-bateria-de-medidas-para-impulsar-la-produccion-y-las-exportaciones\/\" \/>\n<meta property=\"og:locale\" content=\"es_ES\" \/>\n<meta property=\"og:type\" content=\"article\" \/>\n<meta property=\"og:title\" content=\"El Gobierno anunci\u00f3 una bater\u00eda de medidas para impulsar la producci\u00f3n y las exportaciones - Principios\" \/>\n<meta property=\"og:description\" content=\"El ministro de Econom\u00eda, Mart\u00edn Guzm\u00e1n, anunci\u00f3 esta tarde un paquete de medidas tendientes a fortalecer las reservas internacionales del Banco Central a partir de lograr m\u00e1s ingreso de divisas al incentivar las exportaciones tanto industriales como fabriles, y mejorar las opciones financieras en pesos. \u201cNecesitamos generar fortalezas, buscando acumular reservas. Estabilizar a la econom\u00eda...\" \/>\n<meta property=\"og:url\" content=\"https:\/\/diarioprincipios.com\/index.php\/2020\/10\/01\/el-gobierno-anuncio-una-bateria-de-medidas-para-impulsar-la-produccion-y-las-exportaciones\/\" \/>\n<meta property=\"og:site_name\" content=\"Principios\" \/>\n<meta property=\"article:published_time\" content=\"2020-10-02T00:12:00+00:00\" \/>\n<meta property=\"article:modified_time\" content=\"2020-10-02T00:12:04+00:00\" \/>\n<meta property=\"og:image\" content=\"https:\/\/diarioprincipios.com\/wp-content\/uploads\/2020\/10\/5df8e5210317c_1004x565.jpg\" \/>\n\t<meta property=\"og:image:width\" content=\"1004\" \/>\n\t<meta property=\"og:image:height\" content=\"565\" \/>\n\t<meta property=\"og:image:type\" content=\"image\/jpeg\" \/>\n<meta name=\"author\" content=\"Hern\u00e1n L\u00f3pez\" \/>\n<meta name=\"twitter:card\" content=\"summary_large_image\" \/>\n<meta name=\"twitter:label1\" content=\"Escrito por\" \/>\n\t<meta name=\"twitter:data1\" content=\"Hern\u00e1n L\u00f3pez\" \/>\n\t<meta name=\"twitter:label2\" content=\"Tiempo de lectura\" \/>\n\t<meta name=\"twitter:data2\" content=\"5 minutos\" \/>\n<script type=\"application\/ld+json\" class=\"yoast-schema-graph\">{\"@context\":\"https:\\\/\\\/schema.org\",\"@graph\":[{\"@type\":\"Article\",\"@id\":\"https:\\\/\\\/diarioprincipios.com\\\/index.php\\\/2020\\\/10\\\/01\\\/el-gobierno-anuncio-una-bateria-de-medidas-para-impulsar-la-produccion-y-las-exportaciones\\\/#article\",\"isPartOf\":{\"@id\":\"https:\\\/\\\/diarioprincipios.com\\\/index.php\\\/2020\\\/10\\\/01\\\/el-gobierno-anuncio-una-bateria-de-medidas-para-impulsar-la-produccion-y-las-exportaciones\\\/\"},\"author\":{\"name\":\"Hern\u00e1n L\u00f3pez\",\"@id\":\"https:\\\/\\\/diarioprincipios.com\\\/#\\\/schema\\\/person\\\/436d5a1fd41a5e250e23ff5a6a7cb080\"},\"headline\":\"El Gobierno anunci\u00f3 una bater\u00eda de medidas para impulsar la producci\u00f3n y las exportaciones\",\"datePublished\":\"2020-10-02T00:12:00+00:00\",\"dateModified\":\"2020-10-02T00:12:04+00:00\",\"mainEntityOfPage\":{\"@id\":\"https:\\\/\\\/diarioprincipios.com\\\/index.php\\\/2020\\\/10\\\/01\\\/el-gobierno-anuncio-una-bateria-de-medidas-para-impulsar-la-produccion-y-las-exportaciones\\\/\"},\"wordCount\":940,\"commentCount\":0,\"publisher\":{\"@id\":\"https:\\\/\\\/diarioprincipios.com\\\/#organization\"},\"image\":{\"@id\":\"https:\\\/\\\/diarioprincipios.com\\\/index.php\\\/2020\\\/10\\\/01\\\/el-gobierno-anuncio-una-bateria-de-medidas-para-impulsar-la-produccion-y-las-exportaciones\\\/#primaryimage\"},\"thumbnailUrl\":\"https:\\\/\\\/diarioprincipios.com\\\/wp-content\\\/uploads\\\/2020\\\/10\\\/5df8e5210317c_1004x565.jpg\",\"articleSection\":[\"Naci\u00f3n\"],\"inLanguage\":\"es\",\"potentialAction\":[{\"@type\":\"CommentAction\",\"name\":\"Comment\",\"target\":[\"https:\\\/\\\/diarioprincipios.com\\\/index.php\\\/2020\\\/10\\\/01\\\/el-gobierno-anuncio-una-bateria-de-medidas-para-impulsar-la-produccion-y-las-exportaciones\\\/#respond\"]}]},{\"@type\":\"WebPage\",\"@id\":\"https:\\\/\\\/diarioprincipios.com\\\/index.php\\\/2020\\\/10\\\/01\\\/el-gobierno-anuncio-una-bateria-de-medidas-para-impulsar-la-produccion-y-las-exportaciones\\\/\",\"url\":\"https:\\\/\\\/diarioprincipios.com\\\/index.php\\\/2020\\\/10\\\/01\\\/el-gobierno-anuncio-una-bateria-de-medidas-para-impulsar-la-produccion-y-las-exportaciones\\\/\",\"name\":\"El Gobierno anunci\u00f3 una bater\u00eda de medidas para impulsar la producci\u00f3n y las exportaciones - Principios\",\"isPartOf\":{\"@id\":\"https:\\\/\\\/diarioprincipios.com\\\/#website\"},\"primaryImageOfPage\":{\"@id\":\"https:\\\/\\\/diarioprincipios.com\\\/index.php\\\/2020\\\/10\\\/01\\\/el-gobierno-anuncio-una-bateria-de-medidas-para-impulsar-la-produccion-y-las-exportaciones\\\/#primaryimage\"},\"image\":{\"@id\":\"https:\\\/\\\/diarioprincipios.com\\\/index.php\\\/2020\\\/10\\\/01\\\/el-gobierno-anuncio-una-bateria-de-medidas-para-impulsar-la-produccion-y-las-exportaciones\\\/#primaryimage\"},\"thumbnailUrl\":\"https:\\\/\\\/diarioprincipios.com\\\/wp-content\\\/uploads\\\/2020\\\/10\\\/5df8e5210317c_1004x565.jpg\",\"datePublished\":\"2020-10-02T00:12:00+00:00\",\"dateModified\":\"2020-10-02T00:12:04+00:00\",\"breadcrumb\":{\"@id\":\"https:\\\/\\\/diarioprincipios.com\\\/index.php\\\/2020\\\/10\\\/01\\\/el-gobierno-anuncio-una-bateria-de-medidas-para-impulsar-la-produccion-y-las-exportaciones\\\/#breadcrumb\"},\"inLanguage\":\"es\",\"potentialAction\":[{\"@type\":\"ReadAction\",\"target\":[\"https:\\\/\\\/diarioprincipios.com\\\/index.php\\\/2020\\\/10\\\/01\\\/el-gobierno-anuncio-una-bateria-de-medidas-para-impulsar-la-produccion-y-las-exportaciones\\\/\"]}]},{\"@type\":\"ImageObject\",\"inLanguage\":\"es\",\"@id\":\"https:\\\/\\\/diarioprincipios.com\\\/index.php\\\/2020\\\/10\\\/01\\\/el-gobierno-anuncio-una-bateria-de-medidas-para-impulsar-la-produccion-y-las-exportaciones\\\/#primaryimage\",\"url\":\"https:\\\/\\\/diarioprincipios.com\\\/wp-content\\\/uploads\\\/2020\\\/10\\\/5df8e5210317c_1004x565.jpg\",\"contentUrl\":\"https:\\\/\\\/diarioprincipios.com\\\/wp-content\\\/uploads\\\/2020\\\/10\\\/5df8e5210317c_1004x565.jpg\",\"width\":1004,\"height\":565},{\"@type\":\"BreadcrumbList\",\"@id\":\"https:\\\/\\\/diarioprincipios.com\\\/index.php\\\/2020\\\/10\\\/01\\\/el-gobierno-anuncio-una-bateria-de-medidas-para-impulsar-la-produccion-y-las-exportaciones\\\/#breadcrumb\",\"itemListElement\":[{\"@type\":\"ListItem\",\"position\":1,\"name\":\"Portada\",\"item\":\"https:\\\/\\\/diarioprincipios.com\\\/\"},{\"@type\":\"ListItem\",\"position\":2,\"name\":\"El Gobierno anunci\u00f3 una bater\u00eda de medidas para impulsar la producci\u00f3n y las exportaciones\"}]},{\"@type\":\"WebSite\",\"@id\":\"https:\\\/\\\/diarioprincipios.com\\\/#website\",\"url\":\"https:\\\/\\\/diarioprincipios.com\\\/\",\"name\":\"Principios\",\"description\":\"Principios Diario\",\"publisher\":{\"@id\":\"https:\\\/\\\/diarioprincipios.com\\\/#organization\"},\"potentialAction\":[{\"@type\":\"SearchAction\",\"target\":{\"@type\":\"EntryPoint\",\"urlTemplate\":\"https:\\\/\\\/diarioprincipios.com\\\/?s={search_term_string}\"},\"query-input\":{\"@type\":\"PropertyValueSpecification\",\"valueRequired\":true,\"valueName\":\"search_term_string\"}}],\"inLanguage\":\"es\"},{\"@type\":\"Organization\",\"@id\":\"https:\\\/\\\/diarioprincipios.com\\\/#organization\",\"name\":\"Principios\",\"url\":\"https:\\\/\\\/diarioprincipios.com\\\/\",\"logo\":{\"@type\":\"ImageObject\",\"inLanguage\":\"es\",\"@id\":\"https:\\\/\\\/diarioprincipios.com\\\/#\\\/schema\\\/logo\\\/image\\\/\",\"url\":\"https:\\\/\\\/diarioprincipios.com\\\/wp-content\\\/uploads\\\/2024\\\/04\\\/cropped-www.diarioprincipios.com_-1.png\",\"contentUrl\":\"https:\\\/\\\/diarioprincipios.com\\\/wp-content\\\/uploads\\\/2024\\\/04\\\/cropped-www.diarioprincipios.com_-1.png\",\"width\":5325,\"height\":1454,\"caption\":\"Principios\"},\"image\":{\"@id\":\"https:\\\/\\\/diarioprincipios.com\\\/#\\\/schema\\\/logo\\\/image\\\/\"}},{\"@type\":\"Person\",\"@id\":\"https:\\\/\\\/diarioprincipios.com\\\/#\\\/schema\\\/person\\\/436d5a1fd41a5e250e23ff5a6a7cb080\",\"name\":\"Hern\u00e1n L\u00f3pez\",\"image\":{\"@type\":\"ImageObject\",\"inLanguage\":\"es\",\"@id\":\"https:\\\/\\\/diarioprincipios.com\\\/wp-content\\\/litespeed\\\/avatar\\\/11ddfe5610ff3bd100522525b2571f48.jpg?ver=1777653193\",\"url\":\"https:\\\/\\\/diarioprincipios.com\\\/wp-content\\\/litespeed\\\/avatar\\\/11ddfe5610ff3bd100522525b2571f48.jpg?ver=1777653193\",\"contentUrl\":\"https:\\\/\\\/diarioprincipios.com\\\/wp-content\\\/litespeed\\\/avatar\\\/11ddfe5610ff3bd100522525b2571f48.jpg?ver=1777653193\",\"caption\":\"Hern\u00e1n L\u00f3pez\"},\"url\":\"https:\\\/\\\/diarioprincipios.com\\\/index.php\\\/author\\\/hernan\\\/\"}]}<\/script>\n<!-- \/ Yoast SEO plugin. -->","yoast_head_json":{"title":"El Gobierno anunci\u00f3 una bater\u00eda de medidas para impulsar la producci\u00f3n y las exportaciones - Principios","robots":{"index":"index","follow":"follow","max-snippet":"max-snippet:-1","max-image-preview":"max-image-preview:large","max-video-preview":"max-video-preview:-1"},"canonical":"https:\/\/diarioprincipios.com\/index.php\/2020\/10\/01\/el-gobierno-anuncio-una-bateria-de-medidas-para-impulsar-la-produccion-y-las-exportaciones\/","og_locale":"es_ES","og_type":"article","og_title":"El Gobierno anunci\u00f3 una bater\u00eda de medidas para impulsar la producci\u00f3n y las exportaciones - Principios","og_description":"El ministro de Econom\u00eda, Mart\u00edn Guzm\u00e1n, anunci\u00f3 esta tarde un paquete de medidas tendientes a fortalecer las reservas internacionales del Banco Central a partir de lograr m\u00e1s ingreso de divisas al incentivar las exportaciones tanto industriales como fabriles, y mejorar las opciones financieras en pesos. \u201cNecesitamos generar fortalezas, buscando acumular reservas. Estabilizar a la econom\u00eda...","og_url":"https:\/\/diarioprincipios.com\/index.php\/2020\/10\/01\/el-gobierno-anuncio-una-bateria-de-medidas-para-impulsar-la-produccion-y-las-exportaciones\/","og_site_name":"Principios","article_published_time":"2020-10-02T00:12:00+00:00","article_modified_time":"2020-10-02T00:12:04+00:00","og_image":[{"width":1004,"height":565,"url":"https:\/\/diarioprincipios.com\/wp-content\/uploads\/2020\/10\/5df8e5210317c_1004x565.jpg","type":"image\/jpeg"}],"author":"Hern\u00e1n L\u00f3pez","twitter_card":"summary_large_image","twitter_misc":{"Escrito por":"Hern\u00e1n L\u00f3pez","Tiempo de lectura":"5 minutos"},"schema":{"@context":"https:\/\/schema.org","@graph":[{"@type":"Article","@id":"https:\/\/diarioprincipios.com\/index.php\/2020\/10\/01\/el-gobierno-anuncio-una-bateria-de-medidas-para-impulsar-la-produccion-y-las-exportaciones\/#article","isPartOf":{"@id":"https:\/\/diarioprincipios.com\/index.php\/2020\/10\/01\/el-gobierno-anuncio-una-bateria-de-medidas-para-impulsar-la-produccion-y-las-exportaciones\/"},"author":{"name":"Hern\u00e1n L\u00f3pez","@id":"https:\/\/diarioprincipios.com\/#\/schema\/person\/436d5a1fd41a5e250e23ff5a6a7cb080"},"headline":"El Gobierno anunci\u00f3 una bater\u00eda de medidas para impulsar la producci\u00f3n y las exportaciones","datePublished":"2020-10-02T00:12:00+00:00","dateModified":"2020-10-02T00:12:04+00:00","mainEntityOfPage":{"@id":"https:\/\/diarioprincipios.com\/index.php\/2020\/10\/01\/el-gobierno-anuncio-una-bateria-de-medidas-para-impulsar-la-produccion-y-las-exportaciones\/"},"wordCount":940,"commentCount":0,"publisher":{"@id":"https:\/\/diarioprincipios.com\/#organization"},"image":{"@id":"https:\/\/diarioprincipios.com\/index.php\/2020\/10\/01\/el-gobierno-anuncio-una-bateria-de-medidas-para-impulsar-la-produccion-y-las-exportaciones\/#primaryimage"},"thumbnailUrl":"https:\/\/diarioprincipios.com\/wp-content\/uploads\/2020\/10\/5df8e5210317c_1004x565.jpg","articleSection":["Naci\u00f3n"],"inLanguage":"es","potentialAction":[{"@type":"CommentAction","name":"Comment","target":["https:\/\/diarioprincipios.com\/index.php\/2020\/10\/01\/el-gobierno-anuncio-una-bateria-de-medidas-para-impulsar-la-produccion-y-las-exportaciones\/#respond"]}]},{"@type":"WebPage","@id":"https:\/\/diarioprincipios.com\/index.php\/2020\/10\/01\/el-gobierno-anuncio-una-bateria-de-medidas-para-impulsar-la-produccion-y-las-exportaciones\/","url":"https:\/\/diarioprincipios.com\/index.php\/2020\/10\/01\/el-gobierno-anuncio-una-bateria-de-medidas-para-impulsar-la-produccion-y-las-exportaciones\/","name":"El Gobierno anunci\u00f3 una bater\u00eda de medidas para impulsar la producci\u00f3n y las exportaciones - Principios","isPartOf":{"@id":"https:\/\/diarioprincipios.com\/#website"},"primaryImageOfPage":{"@id":"https:\/\/diarioprincipios.com\/index.php\/2020\/10\/01\/el-gobierno-anuncio-una-bateria-de-medidas-para-impulsar-la-produccion-y-las-exportaciones\/#primaryimage"},"image":{"@id":"https:\/\/diarioprincipios.com\/index.php\/2020\/10\/01\/el-gobierno-anuncio-una-bateria-de-medidas-para-impulsar-la-produccion-y-las-exportaciones\/#primaryimage"},"thumbnailUrl":"https:\/\/diarioprincipios.com\/wp-content\/uploads\/2020\/10\/5df8e5210317c_1004x565.jpg","datePublished":"2020-10-02T00:12:00+00:00","dateModified":"2020-10-02T00:12:04+00:00","breadcrumb":{"@id":"https:\/\/diarioprincipios.com\/index.php\/2020\/10\/01\/el-gobierno-anuncio-una-bateria-de-medidas-para-impulsar-la-produccion-y-las-exportaciones\/#breadcrumb"},"inLanguage":"es","potentialAction":[{"@type":"ReadAction","target":["https:\/\/diarioprincipios.com\/index.php\/2020\/10\/01\/el-gobierno-anuncio-una-bateria-de-medidas-para-impulsar-la-produccion-y-las-exportaciones\/"]}]},{"@type":"ImageObject","inLanguage":"es","@id":"https:\/\/diarioprincipios.com\/index.php\/2020\/10\/01\/el-gobierno-anuncio-una-bateria-de-medidas-para-impulsar-la-produccion-y-las-exportaciones\/#primaryimage","url":"https:\/\/diarioprincipios.com\/wp-content\/uploads\/2020\/10\/5df8e5210317c_1004x565.jpg","contentUrl":"https:\/\/diarioprincipios.com\/wp-content\/uploads\/2020\/10\/5df8e5210317c_1004x565.jpg","width":1004,"height":565},{"@type":"BreadcrumbList","@id":"https:\/\/diarioprincipios.com\/index.php\/2020\/10\/01\/el-gobierno-anuncio-una-bateria-de-medidas-para-impulsar-la-produccion-y-las-exportaciones\/#breadcrumb","itemListElement":[{"@type":"ListItem","position":1,"name":"Portada","item":"https:\/\/diarioprincipios.com\/"},{"@type":"ListItem","position":2,"name":"El Gobierno anunci\u00f3 una bater\u00eda de medidas para impulsar la producci\u00f3n y las exportaciones"}]},{"@type":"WebSite","@id":"https:\/\/diarioprincipios.com\/#website","url":"https:\/\/diarioprincipios.com\/","name":"Principios","description":"Principios Diario","publisher":{"@id":"https:\/\/diarioprincipios.com\/#organization"},"potentialAction":[{"@type":"SearchAction","target":{"@type":"EntryPoint","urlTemplate":"https:\/\/diarioprincipios.com\/?s={search_term_string}"},"query-input":{"@type":"PropertyValueSpecification","valueRequired":true,"valueName":"search_term_string"}}],"inLanguage":"es"},{"@type":"Organization","@id":"https:\/\/diarioprincipios.com\/#organization","name":"Principios","url":"https:\/\/diarioprincipios.com\/","logo":{"@type":"ImageObject","inLanguage":"es","@id":"https:\/\/diarioprincipios.com\/#\/schema\/logo\/image\/","url":"https:\/\/diarioprincipios.com\/wp-content\/uploads\/2024\/04\/cropped-www.diarioprincipios.com_-1.png","contentUrl":"https:\/\/diarioprincipios.com\/wp-content\/uploads\/2024\/04\/cropped-www.diarioprincipios.com_-1.png","width":5325,"height":1454,"caption":"Principios"},"image":{"@id":"https:\/\/diarioprincipios.com\/#\/schema\/logo\/image\/"}},{"@type":"Person","@id":"https:\/\/diarioprincipios.com\/#\/schema\/person\/436d5a1fd41a5e250e23ff5a6a7cb080","name":"Hern\u00e1n L\u00f3pez","image":{"@type":"ImageObject","inLanguage":"es","@id":"https:\/\/diarioprincipios.com\/wp-content\/litespeed\/avatar\/11ddfe5610ff3bd100522525b2571f48.jpg?ver=1777653193","url":"https:\/\/diarioprincipios.com\/wp-content\/litespeed\/avatar\/11ddfe5610ff3bd100522525b2571f48.jpg?ver=1777653193","contentUrl":"https:\/\/diarioprincipios.com\/wp-content\/litespeed\/avatar\/11ddfe5610ff3bd100522525b2571f48.jpg?ver=1777653193","caption":"Hern\u00e1n L\u00f3pez"},"url":"https:\/\/diarioprincipios.com\/index.php\/author\/hernan\/"}]}},"jetpack_featured_media_url":"https:\/\/diarioprincipios.com\/wp-content\/uploads\/2020\/10\/5df8e5210317c_1004x565.jpg","_links":{"self":[{"href":"https:\/\/diarioprincipios.com\/index.php\/wp-json\/wp\/v2\/posts\/5939","targetHints":{"allow":["GET"]}}],"collection":[{"href":"https:\/\/diarioprincipios.com\/index.php\/wp-json\/wp\/v2\/posts"}],"about":[{"href":"https:\/\/diarioprincipios.com\/index.php\/wp-json\/wp\/v2\/types\/post"}],"author":[{"embeddable":true,"href":"https:\/\/diarioprincipios.com\/index.php\/wp-json\/wp\/v2\/users\/2"}],"replies":[{"embeddable":true,"href":"https:\/\/diarioprincipios.com\/index.php\/wp-json\/wp\/v2\/comments?post=5939"}],"version-history":[{"count":1,"href":"https:\/\/diarioprincipios.com\/index.php\/wp-json\/wp\/v2\/posts\/5939\/revisions"}],"predecessor-version":[{"id":5941,"href":"https:\/\/diarioprincipios.com\/index.php\/wp-json\/wp\/v2\/posts\/5939\/revisions\/5941"}],"wp:featuredmedia":[{"embeddable":true,"href":"https:\/\/diarioprincipios.com\/index.php\/wp-json\/wp\/v2\/media\/5940"}],"wp:attachment":[{"href":"https:\/\/diarioprincipios.com\/index.php\/wp-json\/wp\/v2\/media?parent=5939"}],"wp:term":[{"taxonomy":"category","embeddable":true,"href":"https:\/\/diarioprincipios.com\/index.php\/wp-json\/wp\/v2\/categories?post=5939"},{"taxonomy":"post_tag","embeddable":true,"href":"https:\/\/diarioprincipios.com\/index.php\/wp-json\/wp\/v2\/tags?post=5939"}],"curies":[{"name":"wp","href":"https:\/\/api.w.org\/{rel}","templated":true}]}}