{"id":5914,"date":"2020-09-30T21:53:53","date_gmt":"2020-10-01T00:53:53","guid":{"rendered":"http:\/\/diarioprincipios.com\/?p=5914"},"modified":"2020-10-01T17:34:31","modified_gmt":"2020-10-01T20:34:31","slug":"en-septiembre-berazategui-tuvo-casi-600-casos-menos-de-covid-que-en-agosto","status":"publish","type":"post","link":"https:\/\/diarioprincipios.com\/index.php\/2020\/09\/30\/en-septiembre-berazategui-tuvo-casi-600-casos-menos-de-covid-que-en-agosto\/","title":{"rendered":"En Septiembre Berazategui tuvo casi 600 casos menos de Covid que en Agosto"},"content":{"rendered":"\n<p>Durante el mes de Septiembre se registraron 3007 casos de coronavirus en Berazategui, 580 casos menos que en Agosto, cuando en la ciudad se contaron 3587 contagios.<\/p>\n\n\n\n<figure class=\"wp-block-image size-large\"><img loading=\"lazy\" decoding=\"async\" width=\"900\" height=\"900\" src=\"https:\/\/diarioprincipios.com\/wp-content\/uploads\/2020\/09\/FB_IMG_1601512389638.jpg\" alt=\"\" class=\"wp-image-5915\" srcset=\"https:\/\/diarioprincipios.com\/wp-content\/uploads\/2020\/09\/FB_IMG_1601512389638.jpg 900w, https:\/\/diarioprincipios.com\/wp-content\/uploads\/2020\/09\/FB_IMG_1601512389638-300x300.jpg 300w, https:\/\/diarioprincipios.com\/wp-content\/uploads\/2020\/09\/FB_IMG_1601512389638-150x150.jpg 150w, https:\/\/diarioprincipios.com\/wp-content\/uploads\/2020\/09\/FB_IMG_1601512389638-768x768.jpg 768w\" sizes=\"auto, (max-width: 900px) 100vw, 900px\" \/><\/figure>\n\n\n\n<p>Cabe recordar que al 1 de Agosto hab\u00eda 3502 casos confirmados, al 1 de Septiembre 7089 y al d\u00eda de hoy 10.096.<\/p>\n\n\n\n<figure class=\"wp-block-image size-large\"><img loading=\"lazy\" decoding=\"async\" width=\"1024\" height=\"1007\" src=\"https:\/\/diarioprincipios.com\/wp-content\/uploads\/2020\/09\/Screenshot_20200930-213504_Gallery-1024x1007.jpg\" alt=\"\" class=\"wp-image-5916\" srcset=\"https:\/\/diarioprincipios.com\/wp-content\/uploads\/2020\/09\/Screenshot_20200930-213504_Gallery-1024x1007.jpg 1024w, https:\/\/diarioprincipios.com\/wp-content\/uploads\/2020\/09\/Screenshot_20200930-213504_Gallery-300x295.jpg 300w, https:\/\/diarioprincipios.com\/wp-content\/uploads\/2020\/09\/Screenshot_20200930-213504_Gallery-768x755.jpg 768w, https:\/\/diarioprincipios.com\/wp-content\/uploads\/2020\/09\/Screenshot_20200930-213504_Gallery.jpg 1080w\" sizes=\"auto, (max-width: 1024px) 100vw, 1024px\" \/><\/figure>\n\n\n\n<p>Por otro lado la tendencia en los \u00faltimos 15 d\u00edas ha sido a una notable baja en la cantidad de casos diarios por lo que se estar\u00eda confirmando nuestro an\u00e1lisis de que el pico de casos habr\u00eda ocurrido en el pasado mes de Agosto.<\/p>\n\n\n\n<figure class=\"wp-block-image size-large\"><img loading=\"lazy\" decoding=\"async\" width=\"1024\" height=\"1014\" src=\"https:\/\/diarioprincipios.com\/wp-content\/uploads\/2020\/09\/Screenshot_20200930-214330_Gallery-1024x1014.jpg\" alt=\"\" class=\"wp-image-5917\" srcset=\"https:\/\/diarioprincipios.com\/wp-content\/uploads\/2020\/09\/Screenshot_20200930-214330_Gallery-1024x1014.jpg 1024w, https:\/\/diarioprincipios.com\/wp-content\/uploads\/2020\/09\/Screenshot_20200930-214330_Gallery-300x297.jpg 300w, https:\/\/diarioprincipios.com\/wp-content\/uploads\/2020\/09\/Screenshot_20200930-214330_Gallery-150x150.jpg 150w, https:\/\/diarioprincipios.com\/wp-content\/uploads\/2020\/09\/Screenshot_20200930-214330_Gallery-768x760.jpg 768w, https:\/\/diarioprincipios.com\/wp-content\/uploads\/2020\/09\/Screenshot_20200930-214330_Gallery.jpg 1079w\" sizes=\"auto, (max-width: 1024px) 100vw, 1024px\" \/><\/figure>\n\n\n\n<p>Al ritmo actual Berazategui deber\u00eda tardar unos 70 d\u00edas al menos para duplicar los casos que ten\u00eda el 1 de Septiembre.<\/p>\n","protected":false},"excerpt":{"rendered":"<p>Durante el mes de Septiembre se registraron 3007 casos de coronavirus en Berazategui, 580 casos menos que en Agosto, cuando en la ciudad se contaron 3587 contagios. Cabe recordar que al 1 de Agosto hab\u00eda 3502 casos confirmados, al 1 de Septiembre 7089 y al d\u00eda de hoy 10.096. Por otro lado la tendencia en&#8230;<\/p>\n","protected":false},"author":2,"featured_media":5309,"comment_status":"open","ping_status":"open","sticky":false,"template":"","format":"standard","meta":{"footnotes":""},"categories":[3],"tags":[],"class_list":["post-5914","post","type-post","status-publish","format-standard","has-post-thumbnail","hentry","category-berazategui"],"featured_image_src":"https:\/\/diarioprincipios.com\/wp-content\/uploads\/2020\/09\/1800x1200_coronavirus_1-1-1024x683.jpg","blog_images":{"medium":"https:\/\/diarioprincipios.com\/wp-content\/uploads\/2020\/09\/1800x1200_coronavirus_1-1-300x200.jpg","large":"https:\/\/diarioprincipios.com\/wp-content\/uploads\/2020\/09\/1800x1200_coronavirus_1-1-1024x683.jpg"},"ams_acf":[],"yoast_head":"<!-- This site is optimized with the Yoast SEO plugin v27.3 - https:\/\/yoast.com\/product\/yoast-seo-wordpress\/ -->\n<title>En Septiembre Berazategui tuvo casi 600 casos menos de Covid que en Agosto - Principios<\/title>\n<meta name=\"robots\" content=\"index, follow, max-snippet:-1, max-image-preview:large, max-video-preview:-1\" \/>\n<link rel=\"canonical\" href=\"https:\/\/diarioprincipios.com\/index.php\/2020\/09\/30\/en-septiembre-berazategui-tuvo-casi-600-casos-menos-de-covid-que-en-agosto\/\" \/>\n<meta property=\"og:locale\" content=\"es_ES\" \/>\n<meta property=\"og:type\" content=\"article\" \/>\n<meta property=\"og:title\" content=\"En Septiembre Berazategui tuvo casi 600 casos menos de Covid que en Agosto - Principios\" \/>\n<meta property=\"og:description\" content=\"Durante el mes de Septiembre se registraron 3007 casos de coronavirus en Berazategui, 580 casos menos que en Agosto, cuando en la ciudad se contaron 3587 contagios. Cabe recordar que al 1 de Agosto hab\u00eda 3502 casos confirmados, al 1 de Septiembre 7089 y al d\u00eda de hoy 10.096. Por otro lado la tendencia en...\" \/>\n<meta property=\"og:url\" content=\"https:\/\/diarioprincipios.com\/index.php\/2020\/09\/30\/en-septiembre-berazategui-tuvo-casi-600-casos-menos-de-covid-que-en-agosto\/\" \/>\n<meta property=\"og:site_name\" content=\"Principios\" \/>\n<meta property=\"article:published_time\" content=\"2020-10-01T00:53:53+00:00\" \/>\n<meta property=\"article:modified_time\" content=\"2020-10-01T20:34:31+00:00\" \/>\n<meta property=\"og:image\" content=\"https:\/\/diarioprincipios.com\/wp-content\/uploads\/2020\/09\/1800x1200_coronavirus_1-1.jpg\" \/>\n\t<meta property=\"og:image:width\" content=\"1800\" \/>\n\t<meta property=\"og:image:height\" content=\"1200\" \/>\n\t<meta property=\"og:image:type\" content=\"image\/jpeg\" \/>\n<meta name=\"author\" content=\"Hern\u00e1n L\u00f3pez\" \/>\n<meta name=\"twitter:card\" content=\"summary_large_image\" \/>\n<meta name=\"twitter:label1\" content=\"Escrito por\" \/>\n\t<meta name=\"twitter:data1\" content=\"Hern\u00e1n L\u00f3pez\" \/>\n\t<meta name=\"twitter:label2\" content=\"Tiempo de lectura\" \/>\n\t<meta name=\"twitter:data2\" content=\"1 minuto\" \/>\n<script type=\"application\/ld+json\" class=\"yoast-schema-graph\">{\"@context\":\"https:\\\/\\\/schema.org\",\"@graph\":[{\"@type\":\"Article\",\"@id\":\"https:\\\/\\\/diarioprincipios.com\\\/index.php\\\/2020\\\/09\\\/30\\\/en-septiembre-berazategui-tuvo-casi-600-casos-menos-de-covid-que-en-agosto\\\/#article\",\"isPartOf\":{\"@id\":\"https:\\\/\\\/diarioprincipios.com\\\/index.php\\\/2020\\\/09\\\/30\\\/en-septiembre-berazategui-tuvo-casi-600-casos-menos-de-covid-que-en-agosto\\\/\"},\"author\":{\"name\":\"Hern\u00e1n L\u00f3pez\",\"@id\":\"https:\\\/\\\/diarioprincipios.com\\\/#\\\/schema\\\/person\\\/436d5a1fd41a5e250e23ff5a6a7cb080\"},\"headline\":\"En Septiembre Berazategui tuvo casi 600 casos menos de Covid que en Agosto\",\"datePublished\":\"2020-10-01T00:53:53+00:00\",\"dateModified\":\"2020-10-01T20:34:31+00:00\",\"mainEntityOfPage\":{\"@id\":\"https:\\\/\\\/diarioprincipios.com\\\/index.php\\\/2020\\\/09\\\/30\\\/en-septiembre-berazategui-tuvo-casi-600-casos-menos-de-covid-que-en-agosto\\\/\"},\"wordCount\":124,\"commentCount\":0,\"publisher\":{\"@id\":\"https:\\\/\\\/diarioprincipios.com\\\/#organization\"},\"image\":{\"@id\":\"https:\\\/\\\/diarioprincipios.com\\\/index.php\\\/2020\\\/09\\\/30\\\/en-septiembre-berazategui-tuvo-casi-600-casos-menos-de-covid-que-en-agosto\\\/#primaryimage\"},\"thumbnailUrl\":\"https:\\\/\\\/diarioprincipios.com\\\/wp-content\\\/uploads\\\/2020\\\/09\\\/1800x1200_coronavirus_1-1.jpg\",\"articleSection\":[\"Berazategui\"],\"inLanguage\":\"es\",\"potentialAction\":[{\"@type\":\"CommentAction\",\"name\":\"Comment\",\"target\":[\"https:\\\/\\\/diarioprincipios.com\\\/index.php\\\/2020\\\/09\\\/30\\\/en-septiembre-berazategui-tuvo-casi-600-casos-menos-de-covid-que-en-agosto\\\/#respond\"]}]},{\"@type\":\"WebPage\",\"@id\":\"https:\\\/\\\/diarioprincipios.com\\\/index.php\\\/2020\\\/09\\\/30\\\/en-septiembre-berazategui-tuvo-casi-600-casos-menos-de-covid-que-en-agosto\\\/\",\"url\":\"https:\\\/\\\/diarioprincipios.com\\\/index.php\\\/2020\\\/09\\\/30\\\/en-septiembre-berazategui-tuvo-casi-600-casos-menos-de-covid-que-en-agosto\\\/\",\"name\":\"En Septiembre Berazategui tuvo casi 600 casos menos de Covid que en Agosto - Principios\",\"isPartOf\":{\"@id\":\"https:\\\/\\\/diarioprincipios.com\\\/#website\"},\"primaryImageOfPage\":{\"@id\":\"https:\\\/\\\/diarioprincipios.com\\\/index.php\\\/2020\\\/09\\\/30\\\/en-septiembre-berazategui-tuvo-casi-600-casos-menos-de-covid-que-en-agosto\\\/#primaryimage\"},\"image\":{\"@id\":\"https:\\\/\\\/diarioprincipios.com\\\/index.php\\\/2020\\\/09\\\/30\\\/en-septiembre-berazategui-tuvo-casi-600-casos-menos-de-covid-que-en-agosto\\\/#primaryimage\"},\"thumbnailUrl\":\"https:\\\/\\\/diarioprincipios.com\\\/wp-content\\\/uploads\\\/2020\\\/09\\\/1800x1200_coronavirus_1-1.jpg\",\"datePublished\":\"2020-10-01T00:53:53+00:00\",\"dateModified\":\"2020-10-01T20:34:31+00:00\",\"breadcrumb\":{\"@id\":\"https:\\\/\\\/diarioprincipios.com\\\/index.php\\\/2020\\\/09\\\/30\\\/en-septiembre-berazategui-tuvo-casi-600-casos-menos-de-covid-que-en-agosto\\\/#breadcrumb\"},\"inLanguage\":\"es\",\"potentialAction\":[{\"@type\":\"ReadAction\",\"target\":[\"https:\\\/\\\/diarioprincipios.com\\\/index.php\\\/2020\\\/09\\\/30\\\/en-septiembre-berazategui-tuvo-casi-600-casos-menos-de-covid-que-en-agosto\\\/\"]}]},{\"@type\":\"ImageObject\",\"inLanguage\":\"es\",\"@id\":\"https:\\\/\\\/diarioprincipios.com\\\/index.php\\\/2020\\\/09\\\/30\\\/en-septiembre-berazategui-tuvo-casi-600-casos-menos-de-covid-que-en-agosto\\\/#primaryimage\",\"url\":\"https:\\\/\\\/diarioprincipios.com\\\/wp-content\\\/uploads\\\/2020\\\/09\\\/1800x1200_coronavirus_1-1.jpg\",\"contentUrl\":\"https:\\\/\\\/diarioprincipios.com\\\/wp-content\\\/uploads\\\/2020\\\/09\\\/1800x1200_coronavirus_1-1.jpg\",\"width\":1800,\"height\":1200},{\"@type\":\"BreadcrumbList\",\"@id\":\"https:\\\/\\\/diarioprincipios.com\\\/index.php\\\/2020\\\/09\\\/30\\\/en-septiembre-berazategui-tuvo-casi-600-casos-menos-de-covid-que-en-agosto\\\/#breadcrumb\",\"itemListElement\":[{\"@type\":\"ListItem\",\"position\":1,\"name\":\"Portada\",\"item\":\"https:\\\/\\\/diarioprincipios.com\\\/\"},{\"@type\":\"ListItem\",\"position\":2,\"name\":\"En Septiembre Berazategui tuvo casi 600 casos menos de Covid que en Agosto\"}]},{\"@type\":\"WebSite\",\"@id\":\"https:\\\/\\\/diarioprincipios.com\\\/#website\",\"url\":\"https:\\\/\\\/diarioprincipios.com\\\/\",\"name\":\"Principios\",\"description\":\"Principios Diario\",\"publisher\":{\"@id\":\"https:\\\/\\\/diarioprincipios.com\\\/#organization\"},\"potentialAction\":[{\"@type\":\"SearchAction\",\"target\":{\"@type\":\"EntryPoint\",\"urlTemplate\":\"https:\\\/\\\/diarioprincipios.com\\\/?s={search_term_string}\"},\"query-input\":{\"@type\":\"PropertyValueSpecification\",\"valueRequired\":true,\"valueName\":\"search_term_string\"}}],\"inLanguage\":\"es\"},{\"@type\":\"Organization\",\"@id\":\"https:\\\/\\\/diarioprincipios.com\\\/#organization\",\"name\":\"Principios\",\"url\":\"https:\\\/\\\/diarioprincipios.com\\\/\",\"logo\":{\"@type\":\"ImageObject\",\"inLanguage\":\"es\",\"@id\":\"https:\\\/\\\/diarioprincipios.com\\\/#\\\/schema\\\/logo\\\/image\\\/\",\"url\":\"https:\\\/\\\/diarioprincipios.com\\\/wp-content\\\/uploads\\\/2024\\\/04\\\/cropped-www.diarioprincipios.com_-1.png\",\"contentUrl\":\"https:\\\/\\\/diarioprincipios.com\\\/wp-content\\\/uploads\\\/2024\\\/04\\\/cropped-www.diarioprincipios.com_-1.png\",\"width\":5325,\"height\":1454,\"caption\":\"Principios\"},\"image\":{\"@id\":\"https:\\\/\\\/diarioprincipios.com\\\/#\\\/schema\\\/logo\\\/image\\\/\"}},{\"@type\":\"Person\",\"@id\":\"https:\\\/\\\/diarioprincipios.com\\\/#\\\/schema\\\/person\\\/436d5a1fd41a5e250e23ff5a6a7cb080\",\"name\":\"Hern\u00e1n L\u00f3pez\",\"image\":{\"@type\":\"ImageObject\",\"inLanguage\":\"es\",\"@id\":\"https:\\\/\\\/diarioprincipios.com\\\/wp-content\\\/litespeed\\\/avatar\\\/11ddfe5610ff3bd100522525b2571f48.jpg?ver=1777048341\",\"url\":\"https:\\\/\\\/diarioprincipios.com\\\/wp-content\\\/litespeed\\\/avatar\\\/11ddfe5610ff3bd100522525b2571f48.jpg?ver=1777048341\",\"contentUrl\":\"https:\\\/\\\/diarioprincipios.com\\\/wp-content\\\/litespeed\\\/avatar\\\/11ddfe5610ff3bd100522525b2571f48.jpg?ver=1777048341\",\"caption\":\"Hern\u00e1n L\u00f3pez\"},\"url\":\"https:\\\/\\\/diarioprincipios.com\\\/index.php\\\/author\\\/hernan\\\/\"}]}<\/script>\n<!-- \/ Yoast SEO plugin. -->","yoast_head_json":{"title":"En Septiembre Berazategui tuvo casi 600 casos menos de Covid que en Agosto - Principios","robots":{"index":"index","follow":"follow","max-snippet":"max-snippet:-1","max-image-preview":"max-image-preview:large","max-video-preview":"max-video-preview:-1"},"canonical":"https:\/\/diarioprincipios.com\/index.php\/2020\/09\/30\/en-septiembre-berazategui-tuvo-casi-600-casos-menos-de-covid-que-en-agosto\/","og_locale":"es_ES","og_type":"article","og_title":"En Septiembre Berazategui tuvo casi 600 casos menos de Covid que en Agosto - Principios","og_description":"Durante el mes de Septiembre se registraron 3007 casos de coronavirus en Berazategui, 580 casos menos que en Agosto, cuando en la ciudad se contaron 3587 contagios. Cabe recordar que al 1 de Agosto hab\u00eda 3502 casos confirmados, al 1 de Septiembre 7089 y al d\u00eda de hoy 10.096. Por otro lado la tendencia en...","og_url":"https:\/\/diarioprincipios.com\/index.php\/2020\/09\/30\/en-septiembre-berazategui-tuvo-casi-600-casos-menos-de-covid-que-en-agosto\/","og_site_name":"Principios","article_published_time":"2020-10-01T00:53:53+00:00","article_modified_time":"2020-10-01T20:34:31+00:00","og_image":[{"width":1800,"height":1200,"url":"https:\/\/diarioprincipios.com\/wp-content\/uploads\/2020\/09\/1800x1200_coronavirus_1-1.jpg","type":"image\/jpeg"}],"author":"Hern\u00e1n L\u00f3pez","twitter_card":"summary_large_image","twitter_misc":{"Escrito por":"Hern\u00e1n L\u00f3pez","Tiempo de lectura":"1 minuto"},"schema":{"@context":"https:\/\/schema.org","@graph":[{"@type":"Article","@id":"https:\/\/diarioprincipios.com\/index.php\/2020\/09\/30\/en-septiembre-berazategui-tuvo-casi-600-casos-menos-de-covid-que-en-agosto\/#article","isPartOf":{"@id":"https:\/\/diarioprincipios.com\/index.php\/2020\/09\/30\/en-septiembre-berazategui-tuvo-casi-600-casos-menos-de-covid-que-en-agosto\/"},"author":{"name":"Hern\u00e1n L\u00f3pez","@id":"https:\/\/diarioprincipios.com\/#\/schema\/person\/436d5a1fd41a5e250e23ff5a6a7cb080"},"headline":"En Septiembre Berazategui tuvo casi 600 casos menos de Covid que en Agosto","datePublished":"2020-10-01T00:53:53+00:00","dateModified":"2020-10-01T20:34:31+00:00","mainEntityOfPage":{"@id":"https:\/\/diarioprincipios.com\/index.php\/2020\/09\/30\/en-septiembre-berazategui-tuvo-casi-600-casos-menos-de-covid-que-en-agosto\/"},"wordCount":124,"commentCount":0,"publisher":{"@id":"https:\/\/diarioprincipios.com\/#organization"},"image":{"@id":"https:\/\/diarioprincipios.com\/index.php\/2020\/09\/30\/en-septiembre-berazategui-tuvo-casi-600-casos-menos-de-covid-que-en-agosto\/#primaryimage"},"thumbnailUrl":"https:\/\/diarioprincipios.com\/wp-content\/uploads\/2020\/09\/1800x1200_coronavirus_1-1.jpg","articleSection":["Berazategui"],"inLanguage":"es","potentialAction":[{"@type":"CommentAction","name":"Comment","target":["https:\/\/diarioprincipios.com\/index.php\/2020\/09\/30\/en-septiembre-berazategui-tuvo-casi-600-casos-menos-de-covid-que-en-agosto\/#respond"]}]},{"@type":"WebPage","@id":"https:\/\/diarioprincipios.com\/index.php\/2020\/09\/30\/en-septiembre-berazategui-tuvo-casi-600-casos-menos-de-covid-que-en-agosto\/","url":"https:\/\/diarioprincipios.com\/index.php\/2020\/09\/30\/en-septiembre-berazategui-tuvo-casi-600-casos-menos-de-covid-que-en-agosto\/","name":"En Septiembre Berazategui tuvo casi 600 casos menos de Covid que en Agosto - Principios","isPartOf":{"@id":"https:\/\/diarioprincipios.com\/#website"},"primaryImageOfPage":{"@id":"https:\/\/diarioprincipios.com\/index.php\/2020\/09\/30\/en-septiembre-berazategui-tuvo-casi-600-casos-menos-de-covid-que-en-agosto\/#primaryimage"},"image":{"@id":"https:\/\/diarioprincipios.com\/index.php\/2020\/09\/30\/en-septiembre-berazategui-tuvo-casi-600-casos-menos-de-covid-que-en-agosto\/#primaryimage"},"thumbnailUrl":"https:\/\/diarioprincipios.com\/wp-content\/uploads\/2020\/09\/1800x1200_coronavirus_1-1.jpg","datePublished":"2020-10-01T00:53:53+00:00","dateModified":"2020-10-01T20:34:31+00:00","breadcrumb":{"@id":"https:\/\/diarioprincipios.com\/index.php\/2020\/09\/30\/en-septiembre-berazategui-tuvo-casi-600-casos-menos-de-covid-que-en-agosto\/#breadcrumb"},"inLanguage":"es","potentialAction":[{"@type":"ReadAction","target":["https:\/\/diarioprincipios.com\/index.php\/2020\/09\/30\/en-septiembre-berazategui-tuvo-casi-600-casos-menos-de-covid-que-en-agosto\/"]}]},{"@type":"ImageObject","inLanguage":"es","@id":"https:\/\/diarioprincipios.com\/index.php\/2020\/09\/30\/en-septiembre-berazategui-tuvo-casi-600-casos-menos-de-covid-que-en-agosto\/#primaryimage","url":"https:\/\/diarioprincipios.com\/wp-content\/uploads\/2020\/09\/1800x1200_coronavirus_1-1.jpg","contentUrl":"https:\/\/diarioprincipios.com\/wp-content\/uploads\/2020\/09\/1800x1200_coronavirus_1-1.jpg","width":1800,"height":1200},{"@type":"BreadcrumbList","@id":"https:\/\/diarioprincipios.com\/index.php\/2020\/09\/30\/en-septiembre-berazategui-tuvo-casi-600-casos-menos-de-covid-que-en-agosto\/#breadcrumb","itemListElement":[{"@type":"ListItem","position":1,"name":"Portada","item":"https:\/\/diarioprincipios.com\/"},{"@type":"ListItem","position":2,"name":"En Septiembre Berazategui tuvo casi 600 casos menos de Covid que en Agosto"}]},{"@type":"WebSite","@id":"https:\/\/diarioprincipios.com\/#website","url":"https:\/\/diarioprincipios.com\/","name":"Principios","description":"Principios Diario","publisher":{"@id":"https:\/\/diarioprincipios.com\/#organization"},"potentialAction":[{"@type":"SearchAction","target":{"@type":"EntryPoint","urlTemplate":"https:\/\/diarioprincipios.com\/?s={search_term_string}"},"query-input":{"@type":"PropertyValueSpecification","valueRequired":true,"valueName":"search_term_string"}}],"inLanguage":"es"},{"@type":"Organization","@id":"https:\/\/diarioprincipios.com\/#organization","name":"Principios","url":"https:\/\/diarioprincipios.com\/","logo":{"@type":"ImageObject","inLanguage":"es","@id":"https:\/\/diarioprincipios.com\/#\/schema\/logo\/image\/","url":"https:\/\/diarioprincipios.com\/wp-content\/uploads\/2024\/04\/cropped-www.diarioprincipios.com_-1.png","contentUrl":"https:\/\/diarioprincipios.com\/wp-content\/uploads\/2024\/04\/cropped-www.diarioprincipios.com_-1.png","width":5325,"height":1454,"caption":"Principios"},"image":{"@id":"https:\/\/diarioprincipios.com\/#\/schema\/logo\/image\/"}},{"@type":"Person","@id":"https:\/\/diarioprincipios.com\/#\/schema\/person\/436d5a1fd41a5e250e23ff5a6a7cb080","name":"Hern\u00e1n L\u00f3pez","image":{"@type":"ImageObject","inLanguage":"es","@id":"https:\/\/diarioprincipios.com\/wp-content\/litespeed\/avatar\/11ddfe5610ff3bd100522525b2571f48.jpg?ver=1777048341","url":"https:\/\/diarioprincipios.com\/wp-content\/litespeed\/avatar\/11ddfe5610ff3bd100522525b2571f48.jpg?ver=1777048341","contentUrl":"https:\/\/diarioprincipios.com\/wp-content\/litespeed\/avatar\/11ddfe5610ff3bd100522525b2571f48.jpg?ver=1777048341","caption":"Hern\u00e1n L\u00f3pez"},"url":"https:\/\/diarioprincipios.com\/index.php\/author\/hernan\/"}]}},"jetpack_featured_media_url":"https:\/\/diarioprincipios.com\/wp-content\/uploads\/2020\/09\/1800x1200_coronavirus_1-1.jpg","_links":{"self":[{"href":"https:\/\/diarioprincipios.com\/index.php\/wp-json\/wp\/v2\/posts\/5914","targetHints":{"allow":["GET"]}}],"collection":[{"href":"https:\/\/diarioprincipios.com\/index.php\/wp-json\/wp\/v2\/posts"}],"about":[{"href":"https:\/\/diarioprincipios.com\/index.php\/wp-json\/wp\/v2\/types\/post"}],"author":[{"embeddable":true,"href":"https:\/\/diarioprincipios.com\/index.php\/wp-json\/wp\/v2\/users\/2"}],"replies":[{"embeddable":true,"href":"https:\/\/diarioprincipios.com\/index.php\/wp-json\/wp\/v2\/comments?post=5914"}],"version-history":[{"count":4,"href":"https:\/\/diarioprincipios.com\/index.php\/wp-json\/wp\/v2\/posts\/5914\/revisions"}],"predecessor-version":[{"id":5921,"href":"https:\/\/diarioprincipios.com\/index.php\/wp-json\/wp\/v2\/posts\/5914\/revisions\/5921"}],"wp:featuredmedia":[{"embeddable":true,"href":"https:\/\/diarioprincipios.com\/index.php\/wp-json\/wp\/v2\/media\/5309"}],"wp:attachment":[{"href":"https:\/\/diarioprincipios.com\/index.php\/wp-json\/wp\/v2\/media?parent=5914"}],"wp:term":[{"taxonomy":"category","embeddable":true,"href":"https:\/\/diarioprincipios.com\/index.php\/wp-json\/wp\/v2\/categories?post=5914"},{"taxonomy":"post_tag","embeddable":true,"href":"https:\/\/diarioprincipios.com\/index.php\/wp-json\/wp\/v2\/tags?post=5914"}],"curies":[{"name":"wp","href":"https:\/\/api.w.org\/{rel}","templated":true}]}}