{"id":5905,"date":"2020-09-30T18:21:03","date_gmt":"2020-09-30T21:21:03","guid":{"rendered":"http:\/\/diarioprincipios.com\/?p=5905"},"modified":"2020-09-30T18:21:08","modified_gmt":"2020-09-30T21:21:08","slug":"vacunacion-gratuita-en-comandante-ramos-y-meirana","status":"publish","type":"post","link":"https:\/\/diarioprincipios.com\/index.php\/2020\/09\/30\/vacunacion-gratuita-en-comandante-ramos-y-meirana\/","title":{"rendered":"Vacunaci\u00f3n gratuita en Comandante Ramos y Meirana"},"content":{"rendered":"\n<p><strong>La Municipalidad de Berazategui, a trav\u00e9s de la Secretar\u00eda de Salud P\u00fablica e Higiene, sigue acercando a distintos puntos de la Ciudad la vacuna antigripal y contra la neumon\u00eda, adem\u00e1s de las del Calendario Nacional. Esta vez, los vecinos de los barrios Comandante Ramos y Meirana recibieron sus dosis, de manera gratuita, en las postas que se instalaron en las Sociedades de fomento Comandante Ramos y Malvinas Argentinas.<br><\/strong><br>Esta campa\u00f1a se da en la actual situaci\u00f3n de emergencia sanitaria por propagaci\u00f3n del coronavirus (COVID-19). De este modo, el Municipio sigue acercando la salud a los vecinos mediante diversos operativos, en este caso, la vacunaci\u00f3n a los barrios.<\/p>\n\n\n\n<p>Una de las personas que aprovech\u00f3 la ocasi\u00f3n para que le apliquen las vacunas a sus hijos fue Roberto Maidana. \u201cMe parece bien que el Municipio brinde este servicio ya que las vacunas son fundamentales para la salud\u201d, dijo y destac\u00f3: \u201cLa atenci\u00f3n del personal es excelente, nos tratan muy bien y adem\u00e1s toman todas las precauciones necesarias en este contexto de pandemia\u201d.<\/p>\n\n\n\n<p>En tanto, Carmen Ben\u00edtez se\u00f1al\u00f3: \u201cMe vino bien que se acerquen al barrio porque quer\u00eda darme la vacuna antigripal pero, a la vez, no quer\u00eda salir mucho de mi casa por prevenci\u00f3n. Ac\u00e1 encontr\u00e9 un servicio r\u00e1pido y muy cuidado\u201d.<\/p>\n\n\n\n<p>Por su parte, la presidenta de la Sociedad de Fomento Malvinas Argentinas, Petrona Ramos, expres\u00f3: \u201cEstamos muy agradecidos con la Municipalidad por acercarse a la instituci\u00f3n, porque muchos vecinos necesitan darse las vacunas y, de esta manera, lo pueden hacer de manera gratuita\u201d.<\/p>\n\n\n\n<p>Desde la Secretar\u00eda de Salud se recuerda, adem\u00e1s, que quienes a\u00fan no recibieron su dosis, pueden acercarse a cualquiera de los Centros de Atenci\u00f3n Primaria de Salud (CAPS) de Berazategui, en los horarios de sus respectivos Vacunatorios, que se pueden conocer en&nbsp;<a rel=\"noreferrer noopener\" target=\"_blank\" href=\"http:\/\/berazategui.gob.ar\/salud\">berazategui.gob.ar\/salud<\/a>.<\/p>\n\n\n\n<p><strong>Vacunatorios anexos<br><\/strong><br>Debido a la emergencia sanitaria, el Municipio descentraliz\u00f3 el servicio de vacunaci\u00f3n de los CAPS que cuentan con guardia las 24 horas. El fin es ofrecer condiciones apropiadas para la aplicaci\u00f3n de las vacunas incluidas en el Calendario anual obligatorio o la antigripal.<\/p>\n\n\n\n<p>Los Vacunatorios anexos funcionan de lunes a lunes, de 10.00 a 14.00, en:<\/p>\n\n\n\n<p>&#8211; CAPS N\u00b0 2: Iglesia Santa Mar\u00eda de Hudson (calle 159, entre 53 y 54).<br>&#8211; CAPS N\u00b0 11: Sociedad de Fomento Uni\u00f3n (calle 515, entre 611 y colectora).<\/p>\n","protected":false},"excerpt":{"rendered":"<p>La Municipalidad de Berazategui, a trav\u00e9s de la Secretar\u00eda de Salud P\u00fablica e Higiene, sigue acercando a distintos puntos de la Ciudad la vacuna antigripal y contra la neumon\u00eda, adem\u00e1s de las del Calendario Nacional. Esta vez, los vecinos de los barrios Comandante Ramos y Meirana recibieron sus dosis, de manera gratuita, en las postas&#8230;<\/p>\n","protected":false},"author":2,"featured_media":5906,"comment_status":"open","ping_status":"open","sticky":false,"template":"","format":"standard","meta":{"footnotes":""},"categories":[3],"tags":[],"class_list":["post-5905","post","type-post","status-publish","format-standard","has-post-thumbnail","hentry","category-berazategui"],"featured_image_src":"https:\/\/diarioprincipios.com\/wp-content\/uploads\/2020\/09\/VACUNACION-EN-COMANDANTE-RAMOS-Y-MEIRANA-2-1024x613.jpeg","blog_images":{"medium":"https:\/\/diarioprincipios.com\/wp-content\/uploads\/2020\/09\/VACUNACION-EN-COMANDANTE-RAMOS-Y-MEIRANA-2-300x180.jpeg","large":"https:\/\/diarioprincipios.com\/wp-content\/uploads\/2020\/09\/VACUNACION-EN-COMANDANTE-RAMOS-Y-MEIRANA-2-1024x613.jpeg"},"ams_acf":[],"yoast_head":"<!-- This site is optimized with the Yoast SEO plugin v27.3 - https:\/\/yoast.com\/product\/yoast-seo-wordpress\/ -->\n<title>Vacunaci\u00f3n gratuita en Comandante Ramos y Meirana - Principios<\/title>\n<meta name=\"robots\" content=\"index, follow, max-snippet:-1, max-image-preview:large, max-video-preview:-1\" \/>\n<link rel=\"canonical\" href=\"https:\/\/diarioprincipios.com\/index.php\/2020\/09\/30\/vacunacion-gratuita-en-comandante-ramos-y-meirana\/\" \/>\n<meta property=\"og:locale\" content=\"es_ES\" \/>\n<meta property=\"og:type\" content=\"article\" \/>\n<meta property=\"og:title\" content=\"Vacunaci\u00f3n gratuita en Comandante Ramos y Meirana - Principios\" \/>\n<meta property=\"og:description\" content=\"La Municipalidad de Berazategui, a trav\u00e9s de la Secretar\u00eda de Salud P\u00fablica e Higiene, sigue acercando a distintos puntos de la Ciudad la vacuna antigripal y contra la neumon\u00eda, adem\u00e1s de las del Calendario Nacional. Esta vez, los vecinos de los barrios Comandante Ramos y Meirana recibieron sus dosis, de manera gratuita, en las postas...\" \/>\n<meta property=\"og:url\" content=\"https:\/\/diarioprincipios.com\/index.php\/2020\/09\/30\/vacunacion-gratuita-en-comandante-ramos-y-meirana\/\" \/>\n<meta property=\"og:site_name\" content=\"Principios\" \/>\n<meta property=\"article:published_time\" content=\"2020-09-30T21:21:03+00:00\" \/>\n<meta property=\"article:modified_time\" content=\"2020-09-30T21:21:08+00:00\" \/>\n<meta property=\"og:image\" content=\"https:\/\/diarioprincipios.com\/wp-content\/uploads\/2020\/09\/VACUNACION-EN-COMANDANTE-RAMOS-Y-MEIRANA-2.jpeg\" \/>\n\t<meta property=\"og:image:width\" content=\"1280\" \/>\n\t<meta property=\"og:image:height\" content=\"766\" \/>\n\t<meta property=\"og:image:type\" content=\"image\/jpeg\" \/>\n<meta name=\"author\" content=\"Hern\u00e1n L\u00f3pez\" \/>\n<meta name=\"twitter:card\" content=\"summary_large_image\" \/>\n<meta name=\"twitter:label1\" content=\"Escrito por\" \/>\n\t<meta name=\"twitter:data1\" content=\"Hern\u00e1n L\u00f3pez\" \/>\n\t<meta name=\"twitter:label2\" content=\"Tiempo de lectura\" \/>\n\t<meta name=\"twitter:data2\" content=\"2 minutos\" \/>\n<script type=\"application\/ld+json\" class=\"yoast-schema-graph\">{\"@context\":\"https:\\\/\\\/schema.org\",\"@graph\":[{\"@type\":\"Article\",\"@id\":\"https:\\\/\\\/diarioprincipios.com\\\/index.php\\\/2020\\\/09\\\/30\\\/vacunacion-gratuita-en-comandante-ramos-y-meirana\\\/#article\",\"isPartOf\":{\"@id\":\"https:\\\/\\\/diarioprincipios.com\\\/index.php\\\/2020\\\/09\\\/30\\\/vacunacion-gratuita-en-comandante-ramos-y-meirana\\\/\"},\"author\":{\"name\":\"Hern\u00e1n L\u00f3pez\",\"@id\":\"https:\\\/\\\/diarioprincipios.com\\\/#\\\/schema\\\/person\\\/436d5a1fd41a5e250e23ff5a6a7cb080\"},\"headline\":\"Vacunaci\u00f3n gratuita en Comandante Ramos y Meirana\",\"datePublished\":\"2020-09-30T21:21:03+00:00\",\"dateModified\":\"2020-09-30T21:21:08+00:00\",\"mainEntityOfPage\":{\"@id\":\"https:\\\/\\\/diarioprincipios.com\\\/index.php\\\/2020\\\/09\\\/30\\\/vacunacion-gratuita-en-comandante-ramos-y-meirana\\\/\"},\"wordCount\":412,\"commentCount\":0,\"publisher\":{\"@id\":\"https:\\\/\\\/diarioprincipios.com\\\/#organization\"},\"image\":{\"@id\":\"https:\\\/\\\/diarioprincipios.com\\\/index.php\\\/2020\\\/09\\\/30\\\/vacunacion-gratuita-en-comandante-ramos-y-meirana\\\/#primaryimage\"},\"thumbnailUrl\":\"https:\\\/\\\/diarioprincipios.com\\\/wp-content\\\/uploads\\\/2020\\\/09\\\/VACUNACION-EN-COMANDANTE-RAMOS-Y-MEIRANA-2.jpeg\",\"articleSection\":[\"Berazategui\"],\"inLanguage\":\"es\",\"potentialAction\":[{\"@type\":\"CommentAction\",\"name\":\"Comment\",\"target\":[\"https:\\\/\\\/diarioprincipios.com\\\/index.php\\\/2020\\\/09\\\/30\\\/vacunacion-gratuita-en-comandante-ramos-y-meirana\\\/#respond\"]}]},{\"@type\":\"WebPage\",\"@id\":\"https:\\\/\\\/diarioprincipios.com\\\/index.php\\\/2020\\\/09\\\/30\\\/vacunacion-gratuita-en-comandante-ramos-y-meirana\\\/\",\"url\":\"https:\\\/\\\/diarioprincipios.com\\\/index.php\\\/2020\\\/09\\\/30\\\/vacunacion-gratuita-en-comandante-ramos-y-meirana\\\/\",\"name\":\"Vacunaci\u00f3n gratuita en Comandante Ramos y Meirana - Principios\",\"isPartOf\":{\"@id\":\"https:\\\/\\\/diarioprincipios.com\\\/#website\"},\"primaryImageOfPage\":{\"@id\":\"https:\\\/\\\/diarioprincipios.com\\\/index.php\\\/2020\\\/09\\\/30\\\/vacunacion-gratuita-en-comandante-ramos-y-meirana\\\/#primaryimage\"},\"image\":{\"@id\":\"https:\\\/\\\/diarioprincipios.com\\\/index.php\\\/2020\\\/09\\\/30\\\/vacunacion-gratuita-en-comandante-ramos-y-meirana\\\/#primaryimage\"},\"thumbnailUrl\":\"https:\\\/\\\/diarioprincipios.com\\\/wp-content\\\/uploads\\\/2020\\\/09\\\/VACUNACION-EN-COMANDANTE-RAMOS-Y-MEIRANA-2.jpeg\",\"datePublished\":\"2020-09-30T21:21:03+00:00\",\"dateModified\":\"2020-09-30T21:21:08+00:00\",\"breadcrumb\":{\"@id\":\"https:\\\/\\\/diarioprincipios.com\\\/index.php\\\/2020\\\/09\\\/30\\\/vacunacion-gratuita-en-comandante-ramos-y-meirana\\\/#breadcrumb\"},\"inLanguage\":\"es\",\"potentialAction\":[{\"@type\":\"ReadAction\",\"target\":[\"https:\\\/\\\/diarioprincipios.com\\\/index.php\\\/2020\\\/09\\\/30\\\/vacunacion-gratuita-en-comandante-ramos-y-meirana\\\/\"]}]},{\"@type\":\"ImageObject\",\"inLanguage\":\"es\",\"@id\":\"https:\\\/\\\/diarioprincipios.com\\\/index.php\\\/2020\\\/09\\\/30\\\/vacunacion-gratuita-en-comandante-ramos-y-meirana\\\/#primaryimage\",\"url\":\"https:\\\/\\\/diarioprincipios.com\\\/wp-content\\\/uploads\\\/2020\\\/09\\\/VACUNACION-EN-COMANDANTE-RAMOS-Y-MEIRANA-2.jpeg\",\"contentUrl\":\"https:\\\/\\\/diarioprincipios.com\\\/wp-content\\\/uploads\\\/2020\\\/09\\\/VACUNACION-EN-COMANDANTE-RAMOS-Y-MEIRANA-2.jpeg\",\"width\":1280,\"height\":766},{\"@type\":\"BreadcrumbList\",\"@id\":\"https:\\\/\\\/diarioprincipios.com\\\/index.php\\\/2020\\\/09\\\/30\\\/vacunacion-gratuita-en-comandante-ramos-y-meirana\\\/#breadcrumb\",\"itemListElement\":[{\"@type\":\"ListItem\",\"position\":1,\"name\":\"Portada\",\"item\":\"https:\\\/\\\/diarioprincipios.com\\\/\"},{\"@type\":\"ListItem\",\"position\":2,\"name\":\"Vacunaci\u00f3n gratuita en Comandante Ramos y Meirana\"}]},{\"@type\":\"WebSite\",\"@id\":\"https:\\\/\\\/diarioprincipios.com\\\/#website\",\"url\":\"https:\\\/\\\/diarioprincipios.com\\\/\",\"name\":\"Principios\",\"description\":\"Principios Diario\",\"publisher\":{\"@id\":\"https:\\\/\\\/diarioprincipios.com\\\/#organization\"},\"potentialAction\":[{\"@type\":\"SearchAction\",\"target\":{\"@type\":\"EntryPoint\",\"urlTemplate\":\"https:\\\/\\\/diarioprincipios.com\\\/?s={search_term_string}\"},\"query-input\":{\"@type\":\"PropertyValueSpecification\",\"valueRequired\":true,\"valueName\":\"search_term_string\"}}],\"inLanguage\":\"es\"},{\"@type\":\"Organization\",\"@id\":\"https:\\\/\\\/diarioprincipios.com\\\/#organization\",\"name\":\"Principios\",\"url\":\"https:\\\/\\\/diarioprincipios.com\\\/\",\"logo\":{\"@type\":\"ImageObject\",\"inLanguage\":\"es\",\"@id\":\"https:\\\/\\\/diarioprincipios.com\\\/#\\\/schema\\\/logo\\\/image\\\/\",\"url\":\"https:\\\/\\\/diarioprincipios.com\\\/wp-content\\\/uploads\\\/2024\\\/04\\\/cropped-www.diarioprincipios.com_-1.png\",\"contentUrl\":\"https:\\\/\\\/diarioprincipios.com\\\/wp-content\\\/uploads\\\/2024\\\/04\\\/cropped-www.diarioprincipios.com_-1.png\",\"width\":5325,\"height\":1454,\"caption\":\"Principios\"},\"image\":{\"@id\":\"https:\\\/\\\/diarioprincipios.com\\\/#\\\/schema\\\/logo\\\/image\\\/\"}},{\"@type\":\"Person\",\"@id\":\"https:\\\/\\\/diarioprincipios.com\\\/#\\\/schema\\\/person\\\/436d5a1fd41a5e250e23ff5a6a7cb080\",\"name\":\"Hern\u00e1n L\u00f3pez\",\"image\":{\"@type\":\"ImageObject\",\"inLanguage\":\"es\",\"@id\":\"https:\\\/\\\/diarioprincipios.com\\\/wp-content\\\/litespeed\\\/avatar\\\/11ddfe5610ff3bd100522525b2571f48.jpg?ver=1777048341\",\"url\":\"https:\\\/\\\/diarioprincipios.com\\\/wp-content\\\/litespeed\\\/avatar\\\/11ddfe5610ff3bd100522525b2571f48.jpg?ver=1777048341\",\"contentUrl\":\"https:\\\/\\\/diarioprincipios.com\\\/wp-content\\\/litespeed\\\/avatar\\\/11ddfe5610ff3bd100522525b2571f48.jpg?ver=1777048341\",\"caption\":\"Hern\u00e1n L\u00f3pez\"},\"url\":\"https:\\\/\\\/diarioprincipios.com\\\/index.php\\\/author\\\/hernan\\\/\"}]}<\/script>\n<!-- \/ Yoast SEO plugin. -->","yoast_head_json":{"title":"Vacunaci\u00f3n gratuita en Comandante Ramos y Meirana - Principios","robots":{"index":"index","follow":"follow","max-snippet":"max-snippet:-1","max-image-preview":"max-image-preview:large","max-video-preview":"max-video-preview:-1"},"canonical":"https:\/\/diarioprincipios.com\/index.php\/2020\/09\/30\/vacunacion-gratuita-en-comandante-ramos-y-meirana\/","og_locale":"es_ES","og_type":"article","og_title":"Vacunaci\u00f3n gratuita en Comandante Ramos y Meirana - Principios","og_description":"La Municipalidad de Berazategui, a trav\u00e9s de la Secretar\u00eda de Salud P\u00fablica e Higiene, sigue acercando a distintos puntos de la Ciudad la vacuna antigripal y contra la neumon\u00eda, adem\u00e1s de las del Calendario Nacional. Esta vez, los vecinos de los barrios Comandante Ramos y Meirana recibieron sus dosis, de manera gratuita, en las postas...","og_url":"https:\/\/diarioprincipios.com\/index.php\/2020\/09\/30\/vacunacion-gratuita-en-comandante-ramos-y-meirana\/","og_site_name":"Principios","article_published_time":"2020-09-30T21:21:03+00:00","article_modified_time":"2020-09-30T21:21:08+00:00","og_image":[{"width":1280,"height":766,"url":"https:\/\/diarioprincipios.com\/wp-content\/uploads\/2020\/09\/VACUNACION-EN-COMANDANTE-RAMOS-Y-MEIRANA-2.jpeg","type":"image\/jpeg"}],"author":"Hern\u00e1n L\u00f3pez","twitter_card":"summary_large_image","twitter_misc":{"Escrito por":"Hern\u00e1n L\u00f3pez","Tiempo de lectura":"2 minutos"},"schema":{"@context":"https:\/\/schema.org","@graph":[{"@type":"Article","@id":"https:\/\/diarioprincipios.com\/index.php\/2020\/09\/30\/vacunacion-gratuita-en-comandante-ramos-y-meirana\/#article","isPartOf":{"@id":"https:\/\/diarioprincipios.com\/index.php\/2020\/09\/30\/vacunacion-gratuita-en-comandante-ramos-y-meirana\/"},"author":{"name":"Hern\u00e1n L\u00f3pez","@id":"https:\/\/diarioprincipios.com\/#\/schema\/person\/436d5a1fd41a5e250e23ff5a6a7cb080"},"headline":"Vacunaci\u00f3n gratuita en Comandante Ramos y Meirana","datePublished":"2020-09-30T21:21:03+00:00","dateModified":"2020-09-30T21:21:08+00:00","mainEntityOfPage":{"@id":"https:\/\/diarioprincipios.com\/index.php\/2020\/09\/30\/vacunacion-gratuita-en-comandante-ramos-y-meirana\/"},"wordCount":412,"commentCount":0,"publisher":{"@id":"https:\/\/diarioprincipios.com\/#organization"},"image":{"@id":"https:\/\/diarioprincipios.com\/index.php\/2020\/09\/30\/vacunacion-gratuita-en-comandante-ramos-y-meirana\/#primaryimage"},"thumbnailUrl":"https:\/\/diarioprincipios.com\/wp-content\/uploads\/2020\/09\/VACUNACION-EN-COMANDANTE-RAMOS-Y-MEIRANA-2.jpeg","articleSection":["Berazategui"],"inLanguage":"es","potentialAction":[{"@type":"CommentAction","name":"Comment","target":["https:\/\/diarioprincipios.com\/index.php\/2020\/09\/30\/vacunacion-gratuita-en-comandante-ramos-y-meirana\/#respond"]}]},{"@type":"WebPage","@id":"https:\/\/diarioprincipios.com\/index.php\/2020\/09\/30\/vacunacion-gratuita-en-comandante-ramos-y-meirana\/","url":"https:\/\/diarioprincipios.com\/index.php\/2020\/09\/30\/vacunacion-gratuita-en-comandante-ramos-y-meirana\/","name":"Vacunaci\u00f3n gratuita en Comandante Ramos y Meirana - Principios","isPartOf":{"@id":"https:\/\/diarioprincipios.com\/#website"},"primaryImageOfPage":{"@id":"https:\/\/diarioprincipios.com\/index.php\/2020\/09\/30\/vacunacion-gratuita-en-comandante-ramos-y-meirana\/#primaryimage"},"image":{"@id":"https:\/\/diarioprincipios.com\/index.php\/2020\/09\/30\/vacunacion-gratuita-en-comandante-ramos-y-meirana\/#primaryimage"},"thumbnailUrl":"https:\/\/diarioprincipios.com\/wp-content\/uploads\/2020\/09\/VACUNACION-EN-COMANDANTE-RAMOS-Y-MEIRANA-2.jpeg","datePublished":"2020-09-30T21:21:03+00:00","dateModified":"2020-09-30T21:21:08+00:00","breadcrumb":{"@id":"https:\/\/diarioprincipios.com\/index.php\/2020\/09\/30\/vacunacion-gratuita-en-comandante-ramos-y-meirana\/#breadcrumb"},"inLanguage":"es","potentialAction":[{"@type":"ReadAction","target":["https:\/\/diarioprincipios.com\/index.php\/2020\/09\/30\/vacunacion-gratuita-en-comandante-ramos-y-meirana\/"]}]},{"@type":"ImageObject","inLanguage":"es","@id":"https:\/\/diarioprincipios.com\/index.php\/2020\/09\/30\/vacunacion-gratuita-en-comandante-ramos-y-meirana\/#primaryimage","url":"https:\/\/diarioprincipios.com\/wp-content\/uploads\/2020\/09\/VACUNACION-EN-COMANDANTE-RAMOS-Y-MEIRANA-2.jpeg","contentUrl":"https:\/\/diarioprincipios.com\/wp-content\/uploads\/2020\/09\/VACUNACION-EN-COMANDANTE-RAMOS-Y-MEIRANA-2.jpeg","width":1280,"height":766},{"@type":"BreadcrumbList","@id":"https:\/\/diarioprincipios.com\/index.php\/2020\/09\/30\/vacunacion-gratuita-en-comandante-ramos-y-meirana\/#breadcrumb","itemListElement":[{"@type":"ListItem","position":1,"name":"Portada","item":"https:\/\/diarioprincipios.com\/"},{"@type":"ListItem","position":2,"name":"Vacunaci\u00f3n gratuita en Comandante Ramos y Meirana"}]},{"@type":"WebSite","@id":"https:\/\/diarioprincipios.com\/#website","url":"https:\/\/diarioprincipios.com\/","name":"Principios","description":"Principios Diario","publisher":{"@id":"https:\/\/diarioprincipios.com\/#organization"},"potentialAction":[{"@type":"SearchAction","target":{"@type":"EntryPoint","urlTemplate":"https:\/\/diarioprincipios.com\/?s={search_term_string}"},"query-input":{"@type":"PropertyValueSpecification","valueRequired":true,"valueName":"search_term_string"}}],"inLanguage":"es"},{"@type":"Organization","@id":"https:\/\/diarioprincipios.com\/#organization","name":"Principios","url":"https:\/\/diarioprincipios.com\/","logo":{"@type":"ImageObject","inLanguage":"es","@id":"https:\/\/diarioprincipios.com\/#\/schema\/logo\/image\/","url":"https:\/\/diarioprincipios.com\/wp-content\/uploads\/2024\/04\/cropped-www.diarioprincipios.com_-1.png","contentUrl":"https:\/\/diarioprincipios.com\/wp-content\/uploads\/2024\/04\/cropped-www.diarioprincipios.com_-1.png","width":5325,"height":1454,"caption":"Principios"},"image":{"@id":"https:\/\/diarioprincipios.com\/#\/schema\/logo\/image\/"}},{"@type":"Person","@id":"https:\/\/diarioprincipios.com\/#\/schema\/person\/436d5a1fd41a5e250e23ff5a6a7cb080","name":"Hern\u00e1n L\u00f3pez","image":{"@type":"ImageObject","inLanguage":"es","@id":"https:\/\/diarioprincipios.com\/wp-content\/litespeed\/avatar\/11ddfe5610ff3bd100522525b2571f48.jpg?ver=1777048341","url":"https:\/\/diarioprincipios.com\/wp-content\/litespeed\/avatar\/11ddfe5610ff3bd100522525b2571f48.jpg?ver=1777048341","contentUrl":"https:\/\/diarioprincipios.com\/wp-content\/litespeed\/avatar\/11ddfe5610ff3bd100522525b2571f48.jpg?ver=1777048341","caption":"Hern\u00e1n L\u00f3pez"},"url":"https:\/\/diarioprincipios.com\/index.php\/author\/hernan\/"}]}},"jetpack_featured_media_url":"https:\/\/diarioprincipios.com\/wp-content\/uploads\/2020\/09\/VACUNACION-EN-COMANDANTE-RAMOS-Y-MEIRANA-2.jpeg","_links":{"self":[{"href":"https:\/\/diarioprincipios.com\/index.php\/wp-json\/wp\/v2\/posts\/5905","targetHints":{"allow":["GET"]}}],"collection":[{"href":"https:\/\/diarioprincipios.com\/index.php\/wp-json\/wp\/v2\/posts"}],"about":[{"href":"https:\/\/diarioprincipios.com\/index.php\/wp-json\/wp\/v2\/types\/post"}],"author":[{"embeddable":true,"href":"https:\/\/diarioprincipios.com\/index.php\/wp-json\/wp\/v2\/users\/2"}],"replies":[{"embeddable":true,"href":"https:\/\/diarioprincipios.com\/index.php\/wp-json\/wp\/v2\/comments?post=5905"}],"version-history":[{"count":1,"href":"https:\/\/diarioprincipios.com\/index.php\/wp-json\/wp\/v2\/posts\/5905\/revisions"}],"predecessor-version":[{"id":5907,"href":"https:\/\/diarioprincipios.com\/index.php\/wp-json\/wp\/v2\/posts\/5905\/revisions\/5907"}],"wp:featuredmedia":[{"embeddable":true,"href":"https:\/\/diarioprincipios.com\/index.php\/wp-json\/wp\/v2\/media\/5906"}],"wp:attachment":[{"href":"https:\/\/diarioprincipios.com\/index.php\/wp-json\/wp\/v2\/media?parent=5905"}],"wp:term":[{"taxonomy":"category","embeddable":true,"href":"https:\/\/diarioprincipios.com\/index.php\/wp-json\/wp\/v2\/categories?post=5905"},{"taxonomy":"post_tag","embeddable":true,"href":"https:\/\/diarioprincipios.com\/index.php\/wp-json\/wp\/v2\/tags?post=5905"}],"curies":[{"name":"wp","href":"https:\/\/api.w.org\/{rel}","templated":true}]}}