{"id":5902,"date":"2020-09-30T16:53:20","date_gmt":"2020-09-30T19:53:20","guid":{"rendered":"http:\/\/diarioprincipios.com\/?p=5902"},"modified":"2020-09-30T16:53:24","modified_gmt":"2020-09-30T19:53:24","slug":"con-protocolo-el-cementerio-municipal-abre-sus-puertas-para-visitas","status":"publish","type":"post","link":"https:\/\/diarioprincipios.com\/index.php\/2020\/09\/30\/con-protocolo-el-cementerio-municipal-abre-sus-puertas-para-visitas\/","title":{"rendered":"Con protocolo, el Cementerio Municipal abre sus puertas para visitas"},"content":{"rendered":"\n<p><strong>La Municipalidad de Berazategui informa que el Cementerio Parque Municipal (Av. Milazzo N\u00b0 368) se encuentra abierto para visitas y servicios de entierro, de lunes a viernes de 8.00 a 14.00 y s\u00e1bados de 8.00 a 13.00. Se regir\u00e1 por un protocolo de seguridad e higiene para evitar contagios de COVID-19.<\/strong><\/p>\n\n\n\n<p>Para visitas, se permitir\u00e1 el ingreso de solo dos familiares por sepultura durante 30 minutos. A los ingresantes se les tomar\u00e1 la temperatura y se les proveer\u00e1 alcohol en gel para las manos.<\/p>\n\n\n\n<p>Para los entierros, se permitir\u00e1 el ingreso de cinco familiares que podr\u00e1n permanecer durante 30 minutos.<\/p>\n\n\n\n<p>Todos los ingresantes deben cumplir con el distanciamiento social y el uso de tapaboca. De manera permanente, se controlar\u00e1n los distintos sectores para verificar que esto se cumpla.<\/p>\n\n\n\n<p>Los d\u00edas y horarios establecidos para realizar visitas son: lunes a viernes de 8.00 a 14.00 y s\u00e1bados de 8.00 a 13.00.<\/p>\n","protected":false},"excerpt":{"rendered":"<p>La Municipalidad de Berazategui informa que el Cementerio Parque Municipal (Av. Milazzo N\u00b0 368) se encuentra abierto para visitas y servicios de entierro, de lunes a viernes de 8.00 a 14.00 y s\u00e1bados de 8.00 a 13.00. Se regir\u00e1 por un protocolo de seguridad e higiene para evitar contagios de COVID-19. Para visitas, se permitir\u00e1&#8230;<\/p>\n","protected":false},"author":2,"featured_media":5903,"comment_status":"open","ping_status":"open","sticky":false,"template":"","format":"standard","meta":{"footnotes":""},"categories":[3],"tags":[],"class_list":["post-5902","post","type-post","status-publish","format-standard","has-post-thumbnail","hentry","category-berazategui"],"featured_image_src":"https:\/\/diarioprincipios.com\/wp-content\/uploads\/2020\/09\/EL-CEMENTERIO-MUNICIPAL-ABRE-SUS-PUERTAS-PARA-VISITAS-1024x682.jpeg","blog_images":{"medium":"https:\/\/diarioprincipios.com\/wp-content\/uploads\/2020\/09\/EL-CEMENTERIO-MUNICIPAL-ABRE-SUS-PUERTAS-PARA-VISITAS-300x200.jpeg","large":"https:\/\/diarioprincipios.com\/wp-content\/uploads\/2020\/09\/EL-CEMENTERIO-MUNICIPAL-ABRE-SUS-PUERTAS-PARA-VISITAS-1024x682.jpeg"},"ams_acf":[],"yoast_head":"<!-- This site is optimized with the Yoast SEO plugin v27.3 - https:\/\/yoast.com\/product\/yoast-seo-wordpress\/ -->\n<title>Con protocolo, el Cementerio Municipal abre sus puertas para visitas - Principios<\/title>\n<meta name=\"robots\" content=\"index, follow, max-snippet:-1, max-image-preview:large, max-video-preview:-1\" \/>\n<link rel=\"canonical\" href=\"https:\/\/diarioprincipios.com\/index.php\/2020\/09\/30\/con-protocolo-el-cementerio-municipal-abre-sus-puertas-para-visitas\/\" \/>\n<meta property=\"og:locale\" content=\"es_ES\" \/>\n<meta property=\"og:type\" content=\"article\" \/>\n<meta property=\"og:title\" content=\"Con protocolo, el Cementerio Municipal abre sus puertas para visitas - Principios\" \/>\n<meta property=\"og:description\" content=\"La Municipalidad de Berazategui informa que el Cementerio Parque Municipal (Av. Milazzo N\u00b0 368) se encuentra abierto para visitas y servicios de entierro, de lunes a viernes de 8.00 a 14.00 y s\u00e1bados de 8.00 a 13.00. Se regir\u00e1 por un protocolo de seguridad e higiene para evitar contagios de COVID-19. Para visitas, se permitir\u00e1...\" \/>\n<meta property=\"og:url\" content=\"https:\/\/diarioprincipios.com\/index.php\/2020\/09\/30\/con-protocolo-el-cementerio-municipal-abre-sus-puertas-para-visitas\/\" \/>\n<meta property=\"og:site_name\" content=\"Principios\" \/>\n<meta property=\"article:published_time\" content=\"2020-09-30T19:53:20+00:00\" \/>\n<meta property=\"article:modified_time\" content=\"2020-09-30T19:53:24+00:00\" \/>\n<meta property=\"og:image\" content=\"https:\/\/diarioprincipios.com\/wp-content\/uploads\/2020\/09\/EL-CEMENTERIO-MUNICIPAL-ABRE-SUS-PUERTAS-PARA-VISITAS.jpeg\" \/>\n\t<meta property=\"og:image:width\" content=\"1280\" \/>\n\t<meta property=\"og:image:height\" content=\"853\" \/>\n\t<meta property=\"og:image:type\" content=\"image\/jpeg\" \/>\n<meta name=\"author\" content=\"Hern\u00e1n L\u00f3pez\" \/>\n<meta name=\"twitter:card\" content=\"summary_large_image\" \/>\n<meta name=\"twitter:label1\" content=\"Escrito por\" \/>\n\t<meta name=\"twitter:data1\" content=\"Hern\u00e1n L\u00f3pez\" \/>\n\t<meta name=\"twitter:label2\" content=\"Tiempo de lectura\" \/>\n\t<meta name=\"twitter:data2\" content=\"1 minuto\" \/>\n<script type=\"application\/ld+json\" class=\"yoast-schema-graph\">{\"@context\":\"https:\\\/\\\/schema.org\",\"@graph\":[{\"@type\":\"Article\",\"@id\":\"https:\\\/\\\/diarioprincipios.com\\\/index.php\\\/2020\\\/09\\\/30\\\/con-protocolo-el-cementerio-municipal-abre-sus-puertas-para-visitas\\\/#article\",\"isPartOf\":{\"@id\":\"https:\\\/\\\/diarioprincipios.com\\\/index.php\\\/2020\\\/09\\\/30\\\/con-protocolo-el-cementerio-municipal-abre-sus-puertas-para-visitas\\\/\"},\"author\":{\"name\":\"Hern\u00e1n L\u00f3pez\",\"@id\":\"https:\\\/\\\/diarioprincipios.com\\\/#\\\/schema\\\/person\\\/436d5a1fd41a5e250e23ff5a6a7cb080\"},\"headline\":\"Con protocolo, el Cementerio Municipal abre sus puertas para visitas\",\"datePublished\":\"2020-09-30T19:53:20+00:00\",\"dateModified\":\"2020-09-30T19:53:24+00:00\",\"mainEntityOfPage\":{\"@id\":\"https:\\\/\\\/diarioprincipios.com\\\/index.php\\\/2020\\\/09\\\/30\\\/con-protocolo-el-cementerio-municipal-abre-sus-puertas-para-visitas\\\/\"},\"wordCount\":154,\"commentCount\":0,\"publisher\":{\"@id\":\"https:\\\/\\\/diarioprincipios.com\\\/#organization\"},\"image\":{\"@id\":\"https:\\\/\\\/diarioprincipios.com\\\/index.php\\\/2020\\\/09\\\/30\\\/con-protocolo-el-cementerio-municipal-abre-sus-puertas-para-visitas\\\/#primaryimage\"},\"thumbnailUrl\":\"https:\\\/\\\/diarioprincipios.com\\\/wp-content\\\/uploads\\\/2020\\\/09\\\/EL-CEMENTERIO-MUNICIPAL-ABRE-SUS-PUERTAS-PARA-VISITAS.jpeg\",\"articleSection\":[\"Berazategui\"],\"inLanguage\":\"es\",\"potentialAction\":[{\"@type\":\"CommentAction\",\"name\":\"Comment\",\"target\":[\"https:\\\/\\\/diarioprincipios.com\\\/index.php\\\/2020\\\/09\\\/30\\\/con-protocolo-el-cementerio-municipal-abre-sus-puertas-para-visitas\\\/#respond\"]}]},{\"@type\":\"WebPage\",\"@id\":\"https:\\\/\\\/diarioprincipios.com\\\/index.php\\\/2020\\\/09\\\/30\\\/con-protocolo-el-cementerio-municipal-abre-sus-puertas-para-visitas\\\/\",\"url\":\"https:\\\/\\\/diarioprincipios.com\\\/index.php\\\/2020\\\/09\\\/30\\\/con-protocolo-el-cementerio-municipal-abre-sus-puertas-para-visitas\\\/\",\"name\":\"Con protocolo, el Cementerio Municipal abre sus puertas para visitas - Principios\",\"isPartOf\":{\"@id\":\"https:\\\/\\\/diarioprincipios.com\\\/#website\"},\"primaryImageOfPage\":{\"@id\":\"https:\\\/\\\/diarioprincipios.com\\\/index.php\\\/2020\\\/09\\\/30\\\/con-protocolo-el-cementerio-municipal-abre-sus-puertas-para-visitas\\\/#primaryimage\"},\"image\":{\"@id\":\"https:\\\/\\\/diarioprincipios.com\\\/index.php\\\/2020\\\/09\\\/30\\\/con-protocolo-el-cementerio-municipal-abre-sus-puertas-para-visitas\\\/#primaryimage\"},\"thumbnailUrl\":\"https:\\\/\\\/diarioprincipios.com\\\/wp-content\\\/uploads\\\/2020\\\/09\\\/EL-CEMENTERIO-MUNICIPAL-ABRE-SUS-PUERTAS-PARA-VISITAS.jpeg\",\"datePublished\":\"2020-09-30T19:53:20+00:00\",\"dateModified\":\"2020-09-30T19:53:24+00:00\",\"breadcrumb\":{\"@id\":\"https:\\\/\\\/diarioprincipios.com\\\/index.php\\\/2020\\\/09\\\/30\\\/con-protocolo-el-cementerio-municipal-abre-sus-puertas-para-visitas\\\/#breadcrumb\"},\"inLanguage\":\"es\",\"potentialAction\":[{\"@type\":\"ReadAction\",\"target\":[\"https:\\\/\\\/diarioprincipios.com\\\/index.php\\\/2020\\\/09\\\/30\\\/con-protocolo-el-cementerio-municipal-abre-sus-puertas-para-visitas\\\/\"]}]},{\"@type\":\"ImageObject\",\"inLanguage\":\"es\",\"@id\":\"https:\\\/\\\/diarioprincipios.com\\\/index.php\\\/2020\\\/09\\\/30\\\/con-protocolo-el-cementerio-municipal-abre-sus-puertas-para-visitas\\\/#primaryimage\",\"url\":\"https:\\\/\\\/diarioprincipios.com\\\/wp-content\\\/uploads\\\/2020\\\/09\\\/EL-CEMENTERIO-MUNICIPAL-ABRE-SUS-PUERTAS-PARA-VISITAS.jpeg\",\"contentUrl\":\"https:\\\/\\\/diarioprincipios.com\\\/wp-content\\\/uploads\\\/2020\\\/09\\\/EL-CEMENTERIO-MUNICIPAL-ABRE-SUS-PUERTAS-PARA-VISITAS.jpeg\",\"width\":1280,\"height\":853},{\"@type\":\"BreadcrumbList\",\"@id\":\"https:\\\/\\\/diarioprincipios.com\\\/index.php\\\/2020\\\/09\\\/30\\\/con-protocolo-el-cementerio-municipal-abre-sus-puertas-para-visitas\\\/#breadcrumb\",\"itemListElement\":[{\"@type\":\"ListItem\",\"position\":1,\"name\":\"Portada\",\"item\":\"https:\\\/\\\/diarioprincipios.com\\\/\"},{\"@type\":\"ListItem\",\"position\":2,\"name\":\"Con protocolo, el Cementerio Municipal abre sus puertas para visitas\"}]},{\"@type\":\"WebSite\",\"@id\":\"https:\\\/\\\/diarioprincipios.com\\\/#website\",\"url\":\"https:\\\/\\\/diarioprincipios.com\\\/\",\"name\":\"Principios\",\"description\":\"Principios Diario\",\"publisher\":{\"@id\":\"https:\\\/\\\/diarioprincipios.com\\\/#organization\"},\"potentialAction\":[{\"@type\":\"SearchAction\",\"target\":{\"@type\":\"EntryPoint\",\"urlTemplate\":\"https:\\\/\\\/diarioprincipios.com\\\/?s={search_term_string}\"},\"query-input\":{\"@type\":\"PropertyValueSpecification\",\"valueRequired\":true,\"valueName\":\"search_term_string\"}}],\"inLanguage\":\"es\"},{\"@type\":\"Organization\",\"@id\":\"https:\\\/\\\/diarioprincipios.com\\\/#organization\",\"name\":\"Principios\",\"url\":\"https:\\\/\\\/diarioprincipios.com\\\/\",\"logo\":{\"@type\":\"ImageObject\",\"inLanguage\":\"es\",\"@id\":\"https:\\\/\\\/diarioprincipios.com\\\/#\\\/schema\\\/logo\\\/image\\\/\",\"url\":\"https:\\\/\\\/diarioprincipios.com\\\/wp-content\\\/uploads\\\/2024\\\/04\\\/cropped-www.diarioprincipios.com_-1.png\",\"contentUrl\":\"https:\\\/\\\/diarioprincipios.com\\\/wp-content\\\/uploads\\\/2024\\\/04\\\/cropped-www.diarioprincipios.com_-1.png\",\"width\":5325,\"height\":1454,\"caption\":\"Principios\"},\"image\":{\"@id\":\"https:\\\/\\\/diarioprincipios.com\\\/#\\\/schema\\\/logo\\\/image\\\/\"}},{\"@type\":\"Person\",\"@id\":\"https:\\\/\\\/diarioprincipios.com\\\/#\\\/schema\\\/person\\\/436d5a1fd41a5e250e23ff5a6a7cb080\",\"name\":\"Hern\u00e1n L\u00f3pez\",\"image\":{\"@type\":\"ImageObject\",\"inLanguage\":\"es\",\"@id\":\"https:\\\/\\\/diarioprincipios.com\\\/wp-content\\\/litespeed\\\/avatar\\\/11ddfe5610ff3bd100522525b2571f48.jpg?ver=1777048341\",\"url\":\"https:\\\/\\\/diarioprincipios.com\\\/wp-content\\\/litespeed\\\/avatar\\\/11ddfe5610ff3bd100522525b2571f48.jpg?ver=1777048341\",\"contentUrl\":\"https:\\\/\\\/diarioprincipios.com\\\/wp-content\\\/litespeed\\\/avatar\\\/11ddfe5610ff3bd100522525b2571f48.jpg?ver=1777048341\",\"caption\":\"Hern\u00e1n L\u00f3pez\"},\"url\":\"https:\\\/\\\/diarioprincipios.com\\\/index.php\\\/author\\\/hernan\\\/\"}]}<\/script>\n<!-- \/ Yoast SEO plugin. -->","yoast_head_json":{"title":"Con protocolo, el Cementerio Municipal abre sus puertas para visitas - Principios","robots":{"index":"index","follow":"follow","max-snippet":"max-snippet:-1","max-image-preview":"max-image-preview:large","max-video-preview":"max-video-preview:-1"},"canonical":"https:\/\/diarioprincipios.com\/index.php\/2020\/09\/30\/con-protocolo-el-cementerio-municipal-abre-sus-puertas-para-visitas\/","og_locale":"es_ES","og_type":"article","og_title":"Con protocolo, el Cementerio Municipal abre sus puertas para visitas - Principios","og_description":"La Municipalidad de Berazategui informa que el Cementerio Parque Municipal (Av. Milazzo N\u00b0 368) se encuentra abierto para visitas y servicios de entierro, de lunes a viernes de 8.00 a 14.00 y s\u00e1bados de 8.00 a 13.00. Se regir\u00e1 por un protocolo de seguridad e higiene para evitar contagios de COVID-19. Para visitas, se permitir\u00e1...","og_url":"https:\/\/diarioprincipios.com\/index.php\/2020\/09\/30\/con-protocolo-el-cementerio-municipal-abre-sus-puertas-para-visitas\/","og_site_name":"Principios","article_published_time":"2020-09-30T19:53:20+00:00","article_modified_time":"2020-09-30T19:53:24+00:00","og_image":[{"width":1280,"height":853,"url":"https:\/\/diarioprincipios.com\/wp-content\/uploads\/2020\/09\/EL-CEMENTERIO-MUNICIPAL-ABRE-SUS-PUERTAS-PARA-VISITAS.jpeg","type":"image\/jpeg"}],"author":"Hern\u00e1n L\u00f3pez","twitter_card":"summary_large_image","twitter_misc":{"Escrito por":"Hern\u00e1n L\u00f3pez","Tiempo de lectura":"1 minuto"},"schema":{"@context":"https:\/\/schema.org","@graph":[{"@type":"Article","@id":"https:\/\/diarioprincipios.com\/index.php\/2020\/09\/30\/con-protocolo-el-cementerio-municipal-abre-sus-puertas-para-visitas\/#article","isPartOf":{"@id":"https:\/\/diarioprincipios.com\/index.php\/2020\/09\/30\/con-protocolo-el-cementerio-municipal-abre-sus-puertas-para-visitas\/"},"author":{"name":"Hern\u00e1n L\u00f3pez","@id":"https:\/\/diarioprincipios.com\/#\/schema\/person\/436d5a1fd41a5e250e23ff5a6a7cb080"},"headline":"Con protocolo, el Cementerio Municipal abre sus puertas para visitas","datePublished":"2020-09-30T19:53:20+00:00","dateModified":"2020-09-30T19:53:24+00:00","mainEntityOfPage":{"@id":"https:\/\/diarioprincipios.com\/index.php\/2020\/09\/30\/con-protocolo-el-cementerio-municipal-abre-sus-puertas-para-visitas\/"},"wordCount":154,"commentCount":0,"publisher":{"@id":"https:\/\/diarioprincipios.com\/#organization"},"image":{"@id":"https:\/\/diarioprincipios.com\/index.php\/2020\/09\/30\/con-protocolo-el-cementerio-municipal-abre-sus-puertas-para-visitas\/#primaryimage"},"thumbnailUrl":"https:\/\/diarioprincipios.com\/wp-content\/uploads\/2020\/09\/EL-CEMENTERIO-MUNICIPAL-ABRE-SUS-PUERTAS-PARA-VISITAS.jpeg","articleSection":["Berazategui"],"inLanguage":"es","potentialAction":[{"@type":"CommentAction","name":"Comment","target":["https:\/\/diarioprincipios.com\/index.php\/2020\/09\/30\/con-protocolo-el-cementerio-municipal-abre-sus-puertas-para-visitas\/#respond"]}]},{"@type":"WebPage","@id":"https:\/\/diarioprincipios.com\/index.php\/2020\/09\/30\/con-protocolo-el-cementerio-municipal-abre-sus-puertas-para-visitas\/","url":"https:\/\/diarioprincipios.com\/index.php\/2020\/09\/30\/con-protocolo-el-cementerio-municipal-abre-sus-puertas-para-visitas\/","name":"Con protocolo, el Cementerio Municipal abre sus puertas para visitas - Principios","isPartOf":{"@id":"https:\/\/diarioprincipios.com\/#website"},"primaryImageOfPage":{"@id":"https:\/\/diarioprincipios.com\/index.php\/2020\/09\/30\/con-protocolo-el-cementerio-municipal-abre-sus-puertas-para-visitas\/#primaryimage"},"image":{"@id":"https:\/\/diarioprincipios.com\/index.php\/2020\/09\/30\/con-protocolo-el-cementerio-municipal-abre-sus-puertas-para-visitas\/#primaryimage"},"thumbnailUrl":"https:\/\/diarioprincipios.com\/wp-content\/uploads\/2020\/09\/EL-CEMENTERIO-MUNICIPAL-ABRE-SUS-PUERTAS-PARA-VISITAS.jpeg","datePublished":"2020-09-30T19:53:20+00:00","dateModified":"2020-09-30T19:53:24+00:00","breadcrumb":{"@id":"https:\/\/diarioprincipios.com\/index.php\/2020\/09\/30\/con-protocolo-el-cementerio-municipal-abre-sus-puertas-para-visitas\/#breadcrumb"},"inLanguage":"es","potentialAction":[{"@type":"ReadAction","target":["https:\/\/diarioprincipios.com\/index.php\/2020\/09\/30\/con-protocolo-el-cementerio-municipal-abre-sus-puertas-para-visitas\/"]}]},{"@type":"ImageObject","inLanguage":"es","@id":"https:\/\/diarioprincipios.com\/index.php\/2020\/09\/30\/con-protocolo-el-cementerio-municipal-abre-sus-puertas-para-visitas\/#primaryimage","url":"https:\/\/diarioprincipios.com\/wp-content\/uploads\/2020\/09\/EL-CEMENTERIO-MUNICIPAL-ABRE-SUS-PUERTAS-PARA-VISITAS.jpeg","contentUrl":"https:\/\/diarioprincipios.com\/wp-content\/uploads\/2020\/09\/EL-CEMENTERIO-MUNICIPAL-ABRE-SUS-PUERTAS-PARA-VISITAS.jpeg","width":1280,"height":853},{"@type":"BreadcrumbList","@id":"https:\/\/diarioprincipios.com\/index.php\/2020\/09\/30\/con-protocolo-el-cementerio-municipal-abre-sus-puertas-para-visitas\/#breadcrumb","itemListElement":[{"@type":"ListItem","position":1,"name":"Portada","item":"https:\/\/diarioprincipios.com\/"},{"@type":"ListItem","position":2,"name":"Con protocolo, el Cementerio Municipal abre sus puertas para visitas"}]},{"@type":"WebSite","@id":"https:\/\/diarioprincipios.com\/#website","url":"https:\/\/diarioprincipios.com\/","name":"Principios","description":"Principios Diario","publisher":{"@id":"https:\/\/diarioprincipios.com\/#organization"},"potentialAction":[{"@type":"SearchAction","target":{"@type":"EntryPoint","urlTemplate":"https:\/\/diarioprincipios.com\/?s={search_term_string}"},"query-input":{"@type":"PropertyValueSpecification","valueRequired":true,"valueName":"search_term_string"}}],"inLanguage":"es"},{"@type":"Organization","@id":"https:\/\/diarioprincipios.com\/#organization","name":"Principios","url":"https:\/\/diarioprincipios.com\/","logo":{"@type":"ImageObject","inLanguage":"es","@id":"https:\/\/diarioprincipios.com\/#\/schema\/logo\/image\/","url":"https:\/\/diarioprincipios.com\/wp-content\/uploads\/2024\/04\/cropped-www.diarioprincipios.com_-1.png","contentUrl":"https:\/\/diarioprincipios.com\/wp-content\/uploads\/2024\/04\/cropped-www.diarioprincipios.com_-1.png","width":5325,"height":1454,"caption":"Principios"},"image":{"@id":"https:\/\/diarioprincipios.com\/#\/schema\/logo\/image\/"}},{"@type":"Person","@id":"https:\/\/diarioprincipios.com\/#\/schema\/person\/436d5a1fd41a5e250e23ff5a6a7cb080","name":"Hern\u00e1n L\u00f3pez","image":{"@type":"ImageObject","inLanguage":"es","@id":"https:\/\/diarioprincipios.com\/wp-content\/litespeed\/avatar\/11ddfe5610ff3bd100522525b2571f48.jpg?ver=1777048341","url":"https:\/\/diarioprincipios.com\/wp-content\/litespeed\/avatar\/11ddfe5610ff3bd100522525b2571f48.jpg?ver=1777048341","contentUrl":"https:\/\/diarioprincipios.com\/wp-content\/litespeed\/avatar\/11ddfe5610ff3bd100522525b2571f48.jpg?ver=1777048341","caption":"Hern\u00e1n L\u00f3pez"},"url":"https:\/\/diarioprincipios.com\/index.php\/author\/hernan\/"}]}},"jetpack_featured_media_url":"https:\/\/diarioprincipios.com\/wp-content\/uploads\/2020\/09\/EL-CEMENTERIO-MUNICIPAL-ABRE-SUS-PUERTAS-PARA-VISITAS.jpeg","_links":{"self":[{"href":"https:\/\/diarioprincipios.com\/index.php\/wp-json\/wp\/v2\/posts\/5902","targetHints":{"allow":["GET"]}}],"collection":[{"href":"https:\/\/diarioprincipios.com\/index.php\/wp-json\/wp\/v2\/posts"}],"about":[{"href":"https:\/\/diarioprincipios.com\/index.php\/wp-json\/wp\/v2\/types\/post"}],"author":[{"embeddable":true,"href":"https:\/\/diarioprincipios.com\/index.php\/wp-json\/wp\/v2\/users\/2"}],"replies":[{"embeddable":true,"href":"https:\/\/diarioprincipios.com\/index.php\/wp-json\/wp\/v2\/comments?post=5902"}],"version-history":[{"count":1,"href":"https:\/\/diarioprincipios.com\/index.php\/wp-json\/wp\/v2\/posts\/5902\/revisions"}],"predecessor-version":[{"id":5904,"href":"https:\/\/diarioprincipios.com\/index.php\/wp-json\/wp\/v2\/posts\/5902\/revisions\/5904"}],"wp:featuredmedia":[{"embeddable":true,"href":"https:\/\/diarioprincipios.com\/index.php\/wp-json\/wp\/v2\/media\/5903"}],"wp:attachment":[{"href":"https:\/\/diarioprincipios.com\/index.php\/wp-json\/wp\/v2\/media?parent=5902"}],"wp:term":[{"taxonomy":"category","embeddable":true,"href":"https:\/\/diarioprincipios.com\/index.php\/wp-json\/wp\/v2\/categories?post=5902"},{"taxonomy":"post_tag","embeddable":true,"href":"https:\/\/diarioprincipios.com\/index.php\/wp-json\/wp\/v2\/tags?post=5902"}],"curies":[{"name":"wp","href":"https:\/\/api.w.org\/{rel}","templated":true}]}}