{"id":5896,"date":"2020-09-30T12:50:39","date_gmt":"2020-09-30T15:50:39","guid":{"rendered":"http:\/\/diarioprincipios.com\/?p=5896"},"modified":"2020-09-30T12:50:43","modified_gmt":"2020-09-30T15:50:43","slug":"murio-el-dibujante-y-humorista-grafico-quino-padre-de-la-emblematica-mafalda","status":"publish","type":"post","link":"https:\/\/diarioprincipios.com\/index.php\/2020\/09\/30\/murio-el-dibujante-y-humorista-grafico-quino-padre-de-la-emblematica-mafalda\/","title":{"rendered":"Muri\u00f3 el dibujante y humorista gr\u00e1fico Quino, padre de la emblem\u00e1tica Mafalda"},"content":{"rendered":"\n<p>El dibujante y humorista gr\u00e1fico Joaqu\u00edn Salvador Lavado, conocido como \u00abQuino\u00bb, creador de la emblem\u00e1tica tira Mafalda, muri\u00f3 hoy a los 88 a\u00f1os, seg\u00fan anunci\u00f3 en Twitter su editor Daniel Divinsky.<\/p>\n\n\n\n<p>\u00abSe muri\u00f3 Quino. Toda la gente buena en el pa\u00eds y en el mundo, lo llorar\u00e1\u00bb, inform\u00f3 el editor Daniel Divinsky, quien estuvo al frente de Ediciones La Flor.<\/p>\n\n\n\n<p>Mafalda, creada en 1964, ilumin\u00f3 las primeras reflexiones sobre la sociedad y la pol\u00edtica, y de esa manera lleg\u00f3 al coraz\u00f3n de millones de personas al ser traducida a 40 idiomas, trascendiendo generaciones, pa\u00edses y culturas.<\/p>\n\n\n\n<p>El humor de Quino era t\u00edpicamente \u00e1cido e incluso c\u00ednico y ahondaba en la miseria y el absurdo de la condici\u00f3n humana, lo que lo llevaba a abordar temas como la burocracia, los errores de la autoridad, las instituciones in\u00fatiles a trav\u00e9s del absurdo.<\/p>\n\n\n\n<p>De un car\u00e1cter tr\u00e1gico y un humor negro propio de Andaluc\u00eda, de donde proced\u00edan sus padres, Quino hab\u00eda nacido en Mendoza, el 17 de julio de 1932, cuando sus padres llegaron al pa\u00eds.<\/p>\n\n\n\n<p>En 1945, al morir su madre, inici\u00f3 estudios de dibujo en la Escuela de Bellas Artes de Mendoza, pero cuatro a\u00f1os despu\u00e9s abandon\u00f3 al decantarse por el mundo gr\u00e1fico y la historieta con el nombre de Quino, como le llamaban de peque\u00f1o para distinguirlo de su t\u00edo, el ilustrador Joaqu\u00edn, quien despert\u00f3 su vocaci\u00f3n de dibujante.<\/p>\n\n\n\n<p>Ese mismo a\u00f1o se traslad\u00f3 a Buenos Aires, y pudo publicar su primera p\u00e1gina de humor gr\u00e1fico en el semanario \u00abEsto es\u00bb. A partir de 1957 public\u00f3 regularmente en medios como \u00abRico Tipo\u00bb, \u00abDr. Merengue\u00bb o \u00abT\u00eda Vicenta\u00bb y tambi\u00e9n en ilustraciones de campa\u00f1as publicitarias.<\/p>\n\n\n\n<p>Mafalda apareci\u00f3 por primera vez en \u00abGregorio\u00bb, el suplemento de humor de la revista \u00abLeopl\u00e1n\u00bb el 29 de septiembre de 1964, y comenz\u00f3 a publicarse todas las semanas en \u00abPrimera Plana\u00bb, de Buenos Aires.<\/p>\n\n\n\n<p>La historieta pas\u00f3 a ser uno de los mayores \u00edconos de la cultura popular, naci\u00f3 de un encargo para una compa\u00f1\u00eda de electrodom\u00e9sticos, y posteriormente fue creciendo como la ni\u00f1a rebelde y cuestionadora que reflejaba el mundo de los a\u00f1os 60: las inquietudes sociales y pol\u00edticas de la clase media argentina, y los temas de impacto social como la injusticia, la guerra, el racismo.<\/p>\n\n\n\n<p>Junto a Mafalda aparecieron sus amigos, el materialista Manolito, el so\u00f1ador Felipe, la chismosa Susanita, el inocente Miguelito, el tierno Guille y la izquierdista Libertad, ayudaron al componer un mosaico social que trascendi\u00f3 fronteras, pues las tiras fueron traducidas a 30 idiomas y llevadas al cine y la televisi\u00f3n.<\/p>\n\n\n\n<p>Con el \u00e9xito que fue alcanzando Mafalda en marzo de 1965 comenz\u00f3 a aparecer en el diario El Mundo hasta diciembre de 1967, despu\u00e9s continu\u00f3 en el semanario Siete d\u00edas.<\/p>\n\n\n\n<p>En 1969 se public\u00f3 el primer libro de Mafalda fuera de Argentina (\u00abMafalda la contestataria\u00bb) en Italia; en 1970 lleg\u00f3 a Espa\u00f1a, y en 1972 Quino public\u00f3 su segundo libro de humor gr\u00e1fico titulado \u00abA m\u00ed no me grite\u00bb y en 1973, el tercero: \u00abYo que usted\u00bb.<\/p>\n\n\n\n<p>Ese mismo a\u00f1o, dej\u00f3 de dibujar Mafalda, si bien recuper\u00f3 el personaje en varias ocasiones por causas ben\u00e9ficas.<\/p>\n\n\n\n<p>Galardonado en 2014 con el Premio Pr\u00edncipe de Asturias de Comunicaci\u00f3n y Humanidades, a lo largo de su trayectoria recibi\u00f3 infinidad de distinciones como la Encomienda de Isabel la Cat\u00f3lica de Espa\u00f1a y la Medalla de la Orden de la Artes y las Letras de Francia y la insignia de oficial de la Legi\u00f3n de Honor francesa.<\/p>\n\n\n\n<p>En 2012 la tira Mafalda lleg\u00f3 en formato eBook a la Tienda Kindle de Estados Unidos en espa\u00f1ol, y en diciembre de 2012 hace su llegada oficial a las redes sociales, con las cuentas en Twitter, Facebook y Pinterest.<\/p>\n\n\n\n<p>Las \u00faltimas lenguas en las que se public\u00f3 la historieta fueron el braille y el guaran\u00ed.<\/p>\n","protected":false},"excerpt":{"rendered":"<p>El dibujante y humorista gr\u00e1fico Joaqu\u00edn Salvador Lavado, conocido como \u00abQuino\u00bb, creador de la emblem\u00e1tica tira Mafalda, muri\u00f3 hoy a los 88 a\u00f1os, seg\u00fan anunci\u00f3 en Twitter su editor Daniel Divinsky. \u00abSe muri\u00f3 Quino. Toda la gente buena en el pa\u00eds y en el mundo, lo llorar\u00e1\u00bb, inform\u00f3 el editor Daniel Divinsky, quien estuvo al&#8230;<\/p>\n","protected":false},"author":2,"featured_media":5897,"comment_status":"open","ping_status":"open","sticky":false,"template":"","format":"standard","meta":{"footnotes":""},"categories":[10],"tags":[],"class_list":["post-5896","post","type-post","status-publish","format-standard","has-post-thumbnail","hentry","category-nacion"],"featured_image_src":"https:\/\/diarioprincipios.com\/wp-content\/uploads\/2020\/09\/16014778891487.jpg","blog_images":{"medium":"https:\/\/diarioprincipios.com\/wp-content\/uploads\/2020\/09\/16014778891487-300x169.jpg","large":"https:\/\/diarioprincipios.com\/wp-content\/uploads\/2020\/09\/16014778891487.jpg"},"ams_acf":[],"yoast_head":"<!-- This site is optimized with the Yoast SEO plugin v27.3 - https:\/\/yoast.com\/product\/yoast-seo-wordpress\/ -->\n<title>Muri\u00f3 el dibujante y humorista gr\u00e1fico Quino, padre de la emblem\u00e1tica Mafalda - Principios<\/title>\n<meta name=\"robots\" content=\"index, follow, max-snippet:-1, max-image-preview:large, max-video-preview:-1\" \/>\n<link rel=\"canonical\" href=\"https:\/\/diarioprincipios.com\/index.php\/2020\/09\/30\/murio-el-dibujante-y-humorista-grafico-quino-padre-de-la-emblematica-mafalda\/\" \/>\n<meta property=\"og:locale\" content=\"es_ES\" \/>\n<meta property=\"og:type\" content=\"article\" \/>\n<meta property=\"og:title\" content=\"Muri\u00f3 el dibujante y humorista gr\u00e1fico Quino, padre de la emblem\u00e1tica Mafalda - Principios\" \/>\n<meta property=\"og:description\" content=\"El dibujante y humorista gr\u00e1fico Joaqu\u00edn Salvador Lavado, conocido como \u00abQuino\u00bb, creador de la emblem\u00e1tica tira Mafalda, muri\u00f3 hoy a los 88 a\u00f1os, seg\u00fan anunci\u00f3 en Twitter su editor Daniel Divinsky. \u00abSe muri\u00f3 Quino. Toda la gente buena en el pa\u00eds y en el mundo, lo llorar\u00e1\u00bb, inform\u00f3 el editor Daniel Divinsky, quien estuvo al...\" \/>\n<meta property=\"og:url\" content=\"https:\/\/diarioprincipios.com\/index.php\/2020\/09\/30\/murio-el-dibujante-y-humorista-grafico-quino-padre-de-la-emblematica-mafalda\/\" \/>\n<meta property=\"og:site_name\" content=\"Principios\" \/>\n<meta property=\"article:published_time\" content=\"2020-09-30T15:50:39+00:00\" \/>\n<meta property=\"article:modified_time\" content=\"2020-09-30T15:50:43+00:00\" \/>\n<meta property=\"og:image\" content=\"https:\/\/diarioprincipios.com\/wp-content\/uploads\/2020\/09\/16014778891487.jpg\" \/>\n\t<meta property=\"og:image:width\" content=\"660\" \/>\n\t<meta property=\"og:image:height\" content=\"371\" \/>\n\t<meta property=\"og:image:type\" content=\"image\/jpeg\" \/>\n<meta name=\"author\" content=\"Hern\u00e1n L\u00f3pez\" \/>\n<meta name=\"twitter:card\" content=\"summary_large_image\" \/>\n<meta name=\"twitter:label1\" content=\"Escrito por\" \/>\n\t<meta name=\"twitter:data1\" content=\"Hern\u00e1n L\u00f3pez\" \/>\n\t<meta name=\"twitter:label2\" content=\"Tiempo de lectura\" \/>\n\t<meta name=\"twitter:data2\" content=\"3 minutos\" \/>\n<script type=\"application\/ld+json\" class=\"yoast-schema-graph\">{\"@context\":\"https:\\\/\\\/schema.org\",\"@graph\":[{\"@type\":\"Article\",\"@id\":\"https:\\\/\\\/diarioprincipios.com\\\/index.php\\\/2020\\\/09\\\/30\\\/murio-el-dibujante-y-humorista-grafico-quino-padre-de-la-emblematica-mafalda\\\/#article\",\"isPartOf\":{\"@id\":\"https:\\\/\\\/diarioprincipios.com\\\/index.php\\\/2020\\\/09\\\/30\\\/murio-el-dibujante-y-humorista-grafico-quino-padre-de-la-emblematica-mafalda\\\/\"},\"author\":{\"name\":\"Hern\u00e1n L\u00f3pez\",\"@id\":\"https:\\\/\\\/diarioprincipios.com\\\/#\\\/schema\\\/person\\\/436d5a1fd41a5e250e23ff5a6a7cb080\"},\"headline\":\"Muri\u00f3 el dibujante y humorista gr\u00e1fico Quino, padre de la emblem\u00e1tica Mafalda\",\"datePublished\":\"2020-09-30T15:50:39+00:00\",\"dateModified\":\"2020-09-30T15:50:43+00:00\",\"mainEntityOfPage\":{\"@id\":\"https:\\\/\\\/diarioprincipios.com\\\/index.php\\\/2020\\\/09\\\/30\\\/murio-el-dibujante-y-humorista-grafico-quino-padre-de-la-emblematica-mafalda\\\/\"},\"wordCount\":675,\"commentCount\":0,\"publisher\":{\"@id\":\"https:\\\/\\\/diarioprincipios.com\\\/#organization\"},\"image\":{\"@id\":\"https:\\\/\\\/diarioprincipios.com\\\/index.php\\\/2020\\\/09\\\/30\\\/murio-el-dibujante-y-humorista-grafico-quino-padre-de-la-emblematica-mafalda\\\/#primaryimage\"},\"thumbnailUrl\":\"https:\\\/\\\/diarioprincipios.com\\\/wp-content\\\/uploads\\\/2020\\\/09\\\/16014778891487.jpg\",\"articleSection\":[\"Naci\u00f3n\"],\"inLanguage\":\"es\",\"potentialAction\":[{\"@type\":\"CommentAction\",\"name\":\"Comment\",\"target\":[\"https:\\\/\\\/diarioprincipios.com\\\/index.php\\\/2020\\\/09\\\/30\\\/murio-el-dibujante-y-humorista-grafico-quino-padre-de-la-emblematica-mafalda\\\/#respond\"]}]},{\"@type\":\"WebPage\",\"@id\":\"https:\\\/\\\/diarioprincipios.com\\\/index.php\\\/2020\\\/09\\\/30\\\/murio-el-dibujante-y-humorista-grafico-quino-padre-de-la-emblematica-mafalda\\\/\",\"url\":\"https:\\\/\\\/diarioprincipios.com\\\/index.php\\\/2020\\\/09\\\/30\\\/murio-el-dibujante-y-humorista-grafico-quino-padre-de-la-emblematica-mafalda\\\/\",\"name\":\"Muri\u00f3 el dibujante y humorista gr\u00e1fico Quino, padre de la emblem\u00e1tica Mafalda - Principios\",\"isPartOf\":{\"@id\":\"https:\\\/\\\/diarioprincipios.com\\\/#website\"},\"primaryImageOfPage\":{\"@id\":\"https:\\\/\\\/diarioprincipios.com\\\/index.php\\\/2020\\\/09\\\/30\\\/murio-el-dibujante-y-humorista-grafico-quino-padre-de-la-emblematica-mafalda\\\/#primaryimage\"},\"image\":{\"@id\":\"https:\\\/\\\/diarioprincipios.com\\\/index.php\\\/2020\\\/09\\\/30\\\/murio-el-dibujante-y-humorista-grafico-quino-padre-de-la-emblematica-mafalda\\\/#primaryimage\"},\"thumbnailUrl\":\"https:\\\/\\\/diarioprincipios.com\\\/wp-content\\\/uploads\\\/2020\\\/09\\\/16014778891487.jpg\",\"datePublished\":\"2020-09-30T15:50:39+00:00\",\"dateModified\":\"2020-09-30T15:50:43+00:00\",\"breadcrumb\":{\"@id\":\"https:\\\/\\\/diarioprincipios.com\\\/index.php\\\/2020\\\/09\\\/30\\\/murio-el-dibujante-y-humorista-grafico-quino-padre-de-la-emblematica-mafalda\\\/#breadcrumb\"},\"inLanguage\":\"es\",\"potentialAction\":[{\"@type\":\"ReadAction\",\"target\":[\"https:\\\/\\\/diarioprincipios.com\\\/index.php\\\/2020\\\/09\\\/30\\\/murio-el-dibujante-y-humorista-grafico-quino-padre-de-la-emblematica-mafalda\\\/\"]}]},{\"@type\":\"ImageObject\",\"inLanguage\":\"es\",\"@id\":\"https:\\\/\\\/diarioprincipios.com\\\/index.php\\\/2020\\\/09\\\/30\\\/murio-el-dibujante-y-humorista-grafico-quino-padre-de-la-emblematica-mafalda\\\/#primaryimage\",\"url\":\"https:\\\/\\\/diarioprincipios.com\\\/wp-content\\\/uploads\\\/2020\\\/09\\\/16014778891487.jpg\",\"contentUrl\":\"https:\\\/\\\/diarioprincipios.com\\\/wp-content\\\/uploads\\\/2020\\\/09\\\/16014778891487.jpg\",\"width\":660,\"height\":371},{\"@type\":\"BreadcrumbList\",\"@id\":\"https:\\\/\\\/diarioprincipios.com\\\/index.php\\\/2020\\\/09\\\/30\\\/murio-el-dibujante-y-humorista-grafico-quino-padre-de-la-emblematica-mafalda\\\/#breadcrumb\",\"itemListElement\":[{\"@type\":\"ListItem\",\"position\":1,\"name\":\"Portada\",\"item\":\"https:\\\/\\\/diarioprincipios.com\\\/\"},{\"@type\":\"ListItem\",\"position\":2,\"name\":\"Muri\u00f3 el dibujante y humorista gr\u00e1fico Quino, padre de la emblem\u00e1tica Mafalda\"}]},{\"@type\":\"WebSite\",\"@id\":\"https:\\\/\\\/diarioprincipios.com\\\/#website\",\"url\":\"https:\\\/\\\/diarioprincipios.com\\\/\",\"name\":\"Principios\",\"description\":\"Principios Diario\",\"publisher\":{\"@id\":\"https:\\\/\\\/diarioprincipios.com\\\/#organization\"},\"potentialAction\":[{\"@type\":\"SearchAction\",\"target\":{\"@type\":\"EntryPoint\",\"urlTemplate\":\"https:\\\/\\\/diarioprincipios.com\\\/?s={search_term_string}\"},\"query-input\":{\"@type\":\"PropertyValueSpecification\",\"valueRequired\":true,\"valueName\":\"search_term_string\"}}],\"inLanguage\":\"es\"},{\"@type\":\"Organization\",\"@id\":\"https:\\\/\\\/diarioprincipios.com\\\/#organization\",\"name\":\"Principios\",\"url\":\"https:\\\/\\\/diarioprincipios.com\\\/\",\"logo\":{\"@type\":\"ImageObject\",\"inLanguage\":\"es\",\"@id\":\"https:\\\/\\\/diarioprincipios.com\\\/#\\\/schema\\\/logo\\\/image\\\/\",\"url\":\"https:\\\/\\\/diarioprincipios.com\\\/wp-content\\\/uploads\\\/2024\\\/04\\\/cropped-www.diarioprincipios.com_-1.png\",\"contentUrl\":\"https:\\\/\\\/diarioprincipios.com\\\/wp-content\\\/uploads\\\/2024\\\/04\\\/cropped-www.diarioprincipios.com_-1.png\",\"width\":5325,\"height\":1454,\"caption\":\"Principios\"},\"image\":{\"@id\":\"https:\\\/\\\/diarioprincipios.com\\\/#\\\/schema\\\/logo\\\/image\\\/\"}},{\"@type\":\"Person\",\"@id\":\"https:\\\/\\\/diarioprincipios.com\\\/#\\\/schema\\\/person\\\/436d5a1fd41a5e250e23ff5a6a7cb080\",\"name\":\"Hern\u00e1n L\u00f3pez\",\"image\":{\"@type\":\"ImageObject\",\"inLanguage\":\"es\",\"@id\":\"https:\\\/\\\/diarioprincipios.com\\\/wp-content\\\/litespeed\\\/avatar\\\/11ddfe5610ff3bd100522525b2571f48.jpg?ver=1777048341\",\"url\":\"https:\\\/\\\/diarioprincipios.com\\\/wp-content\\\/litespeed\\\/avatar\\\/11ddfe5610ff3bd100522525b2571f48.jpg?ver=1777048341\",\"contentUrl\":\"https:\\\/\\\/diarioprincipios.com\\\/wp-content\\\/litespeed\\\/avatar\\\/11ddfe5610ff3bd100522525b2571f48.jpg?ver=1777048341\",\"caption\":\"Hern\u00e1n L\u00f3pez\"},\"url\":\"https:\\\/\\\/diarioprincipios.com\\\/index.php\\\/author\\\/hernan\\\/\"}]}<\/script>\n<!-- \/ Yoast SEO plugin. -->","yoast_head_json":{"title":"Muri\u00f3 el dibujante y humorista gr\u00e1fico Quino, padre de la emblem\u00e1tica Mafalda - Principios","robots":{"index":"index","follow":"follow","max-snippet":"max-snippet:-1","max-image-preview":"max-image-preview:large","max-video-preview":"max-video-preview:-1"},"canonical":"https:\/\/diarioprincipios.com\/index.php\/2020\/09\/30\/murio-el-dibujante-y-humorista-grafico-quino-padre-de-la-emblematica-mafalda\/","og_locale":"es_ES","og_type":"article","og_title":"Muri\u00f3 el dibujante y humorista gr\u00e1fico Quino, padre de la emblem\u00e1tica Mafalda - Principios","og_description":"El dibujante y humorista gr\u00e1fico Joaqu\u00edn Salvador Lavado, conocido como \u00abQuino\u00bb, creador de la emblem\u00e1tica tira Mafalda, muri\u00f3 hoy a los 88 a\u00f1os, seg\u00fan anunci\u00f3 en Twitter su editor Daniel Divinsky. \u00abSe muri\u00f3 Quino. Toda la gente buena en el pa\u00eds y en el mundo, lo llorar\u00e1\u00bb, inform\u00f3 el editor Daniel Divinsky, quien estuvo al...","og_url":"https:\/\/diarioprincipios.com\/index.php\/2020\/09\/30\/murio-el-dibujante-y-humorista-grafico-quino-padre-de-la-emblematica-mafalda\/","og_site_name":"Principios","article_published_time":"2020-09-30T15:50:39+00:00","article_modified_time":"2020-09-30T15:50:43+00:00","og_image":[{"width":660,"height":371,"url":"https:\/\/diarioprincipios.com\/wp-content\/uploads\/2020\/09\/16014778891487.jpg","type":"image\/jpeg"}],"author":"Hern\u00e1n L\u00f3pez","twitter_card":"summary_large_image","twitter_misc":{"Escrito por":"Hern\u00e1n L\u00f3pez","Tiempo de lectura":"3 minutos"},"schema":{"@context":"https:\/\/schema.org","@graph":[{"@type":"Article","@id":"https:\/\/diarioprincipios.com\/index.php\/2020\/09\/30\/murio-el-dibujante-y-humorista-grafico-quino-padre-de-la-emblematica-mafalda\/#article","isPartOf":{"@id":"https:\/\/diarioprincipios.com\/index.php\/2020\/09\/30\/murio-el-dibujante-y-humorista-grafico-quino-padre-de-la-emblematica-mafalda\/"},"author":{"name":"Hern\u00e1n L\u00f3pez","@id":"https:\/\/diarioprincipios.com\/#\/schema\/person\/436d5a1fd41a5e250e23ff5a6a7cb080"},"headline":"Muri\u00f3 el dibujante y humorista gr\u00e1fico Quino, padre de la emblem\u00e1tica Mafalda","datePublished":"2020-09-30T15:50:39+00:00","dateModified":"2020-09-30T15:50:43+00:00","mainEntityOfPage":{"@id":"https:\/\/diarioprincipios.com\/index.php\/2020\/09\/30\/murio-el-dibujante-y-humorista-grafico-quino-padre-de-la-emblematica-mafalda\/"},"wordCount":675,"commentCount":0,"publisher":{"@id":"https:\/\/diarioprincipios.com\/#organization"},"image":{"@id":"https:\/\/diarioprincipios.com\/index.php\/2020\/09\/30\/murio-el-dibujante-y-humorista-grafico-quino-padre-de-la-emblematica-mafalda\/#primaryimage"},"thumbnailUrl":"https:\/\/diarioprincipios.com\/wp-content\/uploads\/2020\/09\/16014778891487.jpg","articleSection":["Naci\u00f3n"],"inLanguage":"es","potentialAction":[{"@type":"CommentAction","name":"Comment","target":["https:\/\/diarioprincipios.com\/index.php\/2020\/09\/30\/murio-el-dibujante-y-humorista-grafico-quino-padre-de-la-emblematica-mafalda\/#respond"]}]},{"@type":"WebPage","@id":"https:\/\/diarioprincipios.com\/index.php\/2020\/09\/30\/murio-el-dibujante-y-humorista-grafico-quino-padre-de-la-emblematica-mafalda\/","url":"https:\/\/diarioprincipios.com\/index.php\/2020\/09\/30\/murio-el-dibujante-y-humorista-grafico-quino-padre-de-la-emblematica-mafalda\/","name":"Muri\u00f3 el dibujante y humorista gr\u00e1fico Quino, padre de la emblem\u00e1tica Mafalda - Principios","isPartOf":{"@id":"https:\/\/diarioprincipios.com\/#website"},"primaryImageOfPage":{"@id":"https:\/\/diarioprincipios.com\/index.php\/2020\/09\/30\/murio-el-dibujante-y-humorista-grafico-quino-padre-de-la-emblematica-mafalda\/#primaryimage"},"image":{"@id":"https:\/\/diarioprincipios.com\/index.php\/2020\/09\/30\/murio-el-dibujante-y-humorista-grafico-quino-padre-de-la-emblematica-mafalda\/#primaryimage"},"thumbnailUrl":"https:\/\/diarioprincipios.com\/wp-content\/uploads\/2020\/09\/16014778891487.jpg","datePublished":"2020-09-30T15:50:39+00:00","dateModified":"2020-09-30T15:50:43+00:00","breadcrumb":{"@id":"https:\/\/diarioprincipios.com\/index.php\/2020\/09\/30\/murio-el-dibujante-y-humorista-grafico-quino-padre-de-la-emblematica-mafalda\/#breadcrumb"},"inLanguage":"es","potentialAction":[{"@type":"ReadAction","target":["https:\/\/diarioprincipios.com\/index.php\/2020\/09\/30\/murio-el-dibujante-y-humorista-grafico-quino-padre-de-la-emblematica-mafalda\/"]}]},{"@type":"ImageObject","inLanguage":"es","@id":"https:\/\/diarioprincipios.com\/index.php\/2020\/09\/30\/murio-el-dibujante-y-humorista-grafico-quino-padre-de-la-emblematica-mafalda\/#primaryimage","url":"https:\/\/diarioprincipios.com\/wp-content\/uploads\/2020\/09\/16014778891487.jpg","contentUrl":"https:\/\/diarioprincipios.com\/wp-content\/uploads\/2020\/09\/16014778891487.jpg","width":660,"height":371},{"@type":"BreadcrumbList","@id":"https:\/\/diarioprincipios.com\/index.php\/2020\/09\/30\/murio-el-dibujante-y-humorista-grafico-quino-padre-de-la-emblematica-mafalda\/#breadcrumb","itemListElement":[{"@type":"ListItem","position":1,"name":"Portada","item":"https:\/\/diarioprincipios.com\/"},{"@type":"ListItem","position":2,"name":"Muri\u00f3 el dibujante y humorista gr\u00e1fico Quino, padre de la emblem\u00e1tica Mafalda"}]},{"@type":"WebSite","@id":"https:\/\/diarioprincipios.com\/#website","url":"https:\/\/diarioprincipios.com\/","name":"Principios","description":"Principios Diario","publisher":{"@id":"https:\/\/diarioprincipios.com\/#organization"},"potentialAction":[{"@type":"SearchAction","target":{"@type":"EntryPoint","urlTemplate":"https:\/\/diarioprincipios.com\/?s={search_term_string}"},"query-input":{"@type":"PropertyValueSpecification","valueRequired":true,"valueName":"search_term_string"}}],"inLanguage":"es"},{"@type":"Organization","@id":"https:\/\/diarioprincipios.com\/#organization","name":"Principios","url":"https:\/\/diarioprincipios.com\/","logo":{"@type":"ImageObject","inLanguage":"es","@id":"https:\/\/diarioprincipios.com\/#\/schema\/logo\/image\/","url":"https:\/\/diarioprincipios.com\/wp-content\/uploads\/2024\/04\/cropped-www.diarioprincipios.com_-1.png","contentUrl":"https:\/\/diarioprincipios.com\/wp-content\/uploads\/2024\/04\/cropped-www.diarioprincipios.com_-1.png","width":5325,"height":1454,"caption":"Principios"},"image":{"@id":"https:\/\/diarioprincipios.com\/#\/schema\/logo\/image\/"}},{"@type":"Person","@id":"https:\/\/diarioprincipios.com\/#\/schema\/person\/436d5a1fd41a5e250e23ff5a6a7cb080","name":"Hern\u00e1n L\u00f3pez","image":{"@type":"ImageObject","inLanguage":"es","@id":"https:\/\/diarioprincipios.com\/wp-content\/litespeed\/avatar\/11ddfe5610ff3bd100522525b2571f48.jpg?ver=1777048341","url":"https:\/\/diarioprincipios.com\/wp-content\/litespeed\/avatar\/11ddfe5610ff3bd100522525b2571f48.jpg?ver=1777048341","contentUrl":"https:\/\/diarioprincipios.com\/wp-content\/litespeed\/avatar\/11ddfe5610ff3bd100522525b2571f48.jpg?ver=1777048341","caption":"Hern\u00e1n L\u00f3pez"},"url":"https:\/\/diarioprincipios.com\/index.php\/author\/hernan\/"}]}},"jetpack_featured_media_url":"https:\/\/diarioprincipios.com\/wp-content\/uploads\/2020\/09\/16014778891487.jpg","_links":{"self":[{"href":"https:\/\/diarioprincipios.com\/index.php\/wp-json\/wp\/v2\/posts\/5896","targetHints":{"allow":["GET"]}}],"collection":[{"href":"https:\/\/diarioprincipios.com\/index.php\/wp-json\/wp\/v2\/posts"}],"about":[{"href":"https:\/\/diarioprincipios.com\/index.php\/wp-json\/wp\/v2\/types\/post"}],"author":[{"embeddable":true,"href":"https:\/\/diarioprincipios.com\/index.php\/wp-json\/wp\/v2\/users\/2"}],"replies":[{"embeddable":true,"href":"https:\/\/diarioprincipios.com\/index.php\/wp-json\/wp\/v2\/comments?post=5896"}],"version-history":[{"count":1,"href":"https:\/\/diarioprincipios.com\/index.php\/wp-json\/wp\/v2\/posts\/5896\/revisions"}],"predecessor-version":[{"id":5898,"href":"https:\/\/diarioprincipios.com\/index.php\/wp-json\/wp\/v2\/posts\/5896\/revisions\/5898"}],"wp:featuredmedia":[{"embeddable":true,"href":"https:\/\/diarioprincipios.com\/index.php\/wp-json\/wp\/v2\/media\/5897"}],"wp:attachment":[{"href":"https:\/\/diarioprincipios.com\/index.php\/wp-json\/wp\/v2\/media?parent=5896"}],"wp:term":[{"taxonomy":"category","embeddable":true,"href":"https:\/\/diarioprincipios.com\/index.php\/wp-json\/wp\/v2\/categories?post=5896"},{"taxonomy":"post_tag","embeddable":true,"href":"https:\/\/diarioprincipios.com\/index.php\/wp-json\/wp\/v2\/tags?post=5896"}],"curies":[{"name":"wp","href":"https:\/\/api.w.org\/{rel}","templated":true}]}}