{"id":5893,"date":"2020-09-30T12:31:03","date_gmt":"2020-09-30T15:31:03","guid":{"rendered":"http:\/\/diarioprincipios.com\/?p=5893"},"modified":"2020-09-30T12:31:08","modified_gmt":"2020-09-30T15:31:08","slug":"el-gobierno-espanol-insiste-en-confinar-madrid-y-todas-las-ciudades-con-transmision-descontrolada","status":"publish","type":"post","link":"https:\/\/diarioprincipios.com\/index.php\/2020\/09\/30\/el-gobierno-espanol-insiste-en-confinar-madrid-y-todas-las-ciudades-con-transmision-descontrolada\/","title":{"rendered":"El Gobierno espa\u00f1ol insiste en confinar Madrid y todas las ciudades con transmisi\u00f3n descontrolada"},"content":{"rendered":"\n<p>El Gobierno espa\u00f1ol present\u00f3 hoy su propuesta para frenar el avance de la segunda ola de coronavirus, que est\u00e1 teniendo a la regi\u00f3n de Madrid como epicentro, que consiste en el cierre perimetral de la capital y todas las ciudades del pa\u00eds con m\u00e1s de 100.000 habitantes en las que la transmisi\u00f3n del virus est\u00e9 descontrolada.<\/p>\n\n\n\n<p>No obstante, el Gobierno regional de Madrid volvi\u00f3 a rechazar la idea de confinar toda a la ciudad capital apenas unos minutos antes de que comenzara una reuni\u00f3n prevista entre las autoridades del Ministerio de Salud espa\u00f1ol y las de las respectivas comunidades para discutir las medidas.<\/p>\n\n\n\n<p>El Ministro de Salud espa\u00f1ol, Salvador Illa, hab\u00eda avanzando que el criterio de su cartera es basar la intervenci\u00f3n en tres variables: la incidencia acumulada de coronavirus en los \u00faltimos 14 d\u00edas supere los 500 casos por 100.000 habitantes, que los test PCR realizados superen el 10% del municipio y que la regi\u00f3n tenga m\u00e1s del 35% de camas de cuidados intensivos ocupadas con pacientes Covid.<\/p>\n\n\n\n<p>Ante estas condiciones, las autoridades regionales deber\u00edan imponer un confinamiento perimetral del municipio afectado en un plazo de \u00ab48 horas\u00bb, adem\u00e1s de adoptar otras medidas restrictivas relativas a la ocupaci\u00f3n y horario de cierre de bares, restaurantes, as\u00ed como la clausura de parques infantiles.<\/p>\n\n\n\n<p>Actualmente, este criterio coincide con diez ciudades de la Comunidad de Madrid, entre ellas la capital.<\/p>\n\n\n\n<p>Sin embargo, el Gobierno madrile\u00f1o dirigido por la conservadora Isabel D\u00edaz Ayuso, reitera su negativa al cierre argumentando que \u00abse debe tener en cuenta que la ciudad de Madrid es un conjunto de 21 distritos, de los que 18 superan los 100.000 habitantes, y por tanto, los \u00edndices no se pueden aplicar, en su conjunto, a toda la ciudad\u00bb.<\/p>\n\n\n\n<p>Asimismo, se cuestiona \u00abla base cient\u00edfica y t\u00e9cnica\u00bb que avala el criterio de los 500 contagios por \u00ab100.000 habitantes\u00bb, seg\u00fan un comunicado difundido por la prensa local.<\/p>\n\n\n\n<p>La Consejer\u00eda de Sanidad de Madrid asegura tambi\u00e9n que tiene \u00abelasticidad de camas en hospitalizaci\u00f3n y UCI (terapia intensiva)\u00bb, en caso de que sea necesario y recuerda que est\u00e1 construyendo un hospital p\u00fablico para incrementar la capacidad asistencial.<\/p>\n\n\n\n<p>Y como punto final, el Gobierno regional sostiene que tiene la mejor capacidad diagn\u00f3stica de Espa\u00f1a y podr\u00eda hacer ahora mismo un test de coronavirus a cada madrile\u00f1o.<\/p>\n\n\n\n<p>En el documento que las autoridades sanitarias deben debatir, el Ministerio a cargo de Illa asegura que existe un \u00abalto riesgo\u00bb por la \u00abtransmisi\u00f3n descontrolada\u00bb de Covid-19 en toda Espa\u00f1a\u00bb y que \u00ablas medidas de control no est\u00e1n funcionando\u00bb.<\/p>\n\n\n\n<p>Y si bien establece como criterio el endurecer las restricciones en los municipios con m\u00e1s de 500 casos por 100.000 habitantes, tambi\u00e9n advierte que una tasa mayor de 250 casos es indicar de \u00abalto riesgo\u00bb.<\/p>\n\n\n\n<p>Actualmente, nueve regiones superan los 250 casos: Madrid, Castilla y Le\u00f3n, Castilla La-Mancha, La Rioja, Navarra, Arag\u00f3n, Pa\u00eds Vasco, Extremadura y Murcia.<\/p>\n\n\n\n<p>El Gobierno espa\u00f1ol tambi\u00e9n remarca que las autoridades sanitarias de la Uni\u00f3n Europea (UE) considera pa\u00edses de riesgo a los que cuenta con m\u00e1s de 60 casos por 100.000 habitantes.<\/p>\n\n\n\n<p>En ese sentido, la cartera sanitaria advierte que las medidas adoptadas hasta el momento no lograron el efecto deseado de frenar el avance del coronavirus en su segunda ola, que sigue siendo \u00abascendente\u00bb pese a que se reforzaron las capacidades y se adoptaron medidas de control.<\/p>\n\n\n\n<p>Espa\u00f1a suma 758.172 infectados por coronavirus desde que comenz\u00f3 la pandemia en marzo, de los cuales 149.514 necesitaron hospitalizaci\u00f3n, y 31.614 fallecieron.<\/p>\n","protected":false},"excerpt":{"rendered":"<p>El Gobierno espa\u00f1ol present\u00f3 hoy su propuesta para frenar el avance de la segunda ola de coronavirus, que est\u00e1 teniendo a la regi\u00f3n de Madrid como epicentro, que consiste en el cierre perimetral de la capital y todas las ciudades del pa\u00eds con m\u00e1s de 100.000 habitantes en las que la transmisi\u00f3n del virus est\u00e9&#8230;<\/p>\n","protected":false},"author":2,"featured_media":5894,"comment_status":"open","ping_status":"open","sticky":false,"template":"","format":"standard","meta":{"footnotes":""},"categories":[1],"tags":[],"class_list":["post-5893","post","type-post","status-publish","format-standard","has-post-thumbnail","hentry","category-uncategorized"],"featured_image_src":"https:\/\/diarioprincipios.com\/wp-content\/uploads\/2020\/09\/1596088499_395153_1596144018_noticia_normal-1-1024x576.jpg","blog_images":{"medium":"https:\/\/diarioprincipios.com\/wp-content\/uploads\/2020\/09\/1596088499_395153_1596144018_noticia_normal-1-300x169.jpg","large":"https:\/\/diarioprincipios.com\/wp-content\/uploads\/2020\/09\/1596088499_395153_1596144018_noticia_normal-1-1024x576.jpg"},"ams_acf":[],"yoast_head":"<!-- This site is optimized with the Yoast SEO plugin v27.3 - https:\/\/yoast.com\/product\/yoast-seo-wordpress\/ -->\n<title>El Gobierno espa\u00f1ol insiste en confinar Madrid y todas las ciudades con transmisi\u00f3n descontrolada - Principios<\/title>\n<meta name=\"robots\" content=\"index, follow, max-snippet:-1, max-image-preview:large, max-video-preview:-1\" \/>\n<link rel=\"canonical\" href=\"https:\/\/diarioprincipios.com\/index.php\/2020\/09\/30\/el-gobierno-espanol-insiste-en-confinar-madrid-y-todas-las-ciudades-con-transmision-descontrolada\/\" \/>\n<meta property=\"og:locale\" content=\"es_ES\" \/>\n<meta property=\"og:type\" content=\"article\" \/>\n<meta property=\"og:title\" content=\"El Gobierno espa\u00f1ol insiste en confinar Madrid y todas las ciudades con transmisi\u00f3n descontrolada - Principios\" \/>\n<meta property=\"og:description\" content=\"El Gobierno espa\u00f1ol present\u00f3 hoy su propuesta para frenar el avance de la segunda ola de coronavirus, que est\u00e1 teniendo a la regi\u00f3n de Madrid como epicentro, que consiste en el cierre perimetral de la capital y todas las ciudades del pa\u00eds con m\u00e1s de 100.000 habitantes en las que la transmisi\u00f3n del virus est\u00e9...\" \/>\n<meta property=\"og:url\" content=\"https:\/\/diarioprincipios.com\/index.php\/2020\/09\/30\/el-gobierno-espanol-insiste-en-confinar-madrid-y-todas-las-ciudades-con-transmision-descontrolada\/\" \/>\n<meta property=\"og:site_name\" content=\"Principios\" \/>\n<meta property=\"article:published_time\" content=\"2020-09-30T15:31:03+00:00\" \/>\n<meta property=\"article:modified_time\" content=\"2020-09-30T15:31:08+00:00\" \/>\n<meta property=\"og:image\" content=\"https:\/\/diarioprincipios.com\/wp-content\/uploads\/2020\/09\/1596088499_395153_1596144018_noticia_normal-1.jpg\" \/>\n\t<meta property=\"og:image:width\" content=\"1200\" \/>\n\t<meta property=\"og:image:height\" content=\"675\" \/>\n\t<meta property=\"og:image:type\" content=\"image\/jpeg\" \/>\n<meta name=\"author\" content=\"Hern\u00e1n L\u00f3pez\" \/>\n<meta name=\"twitter:card\" content=\"summary_large_image\" \/>\n<meta name=\"twitter:label1\" content=\"Escrito por\" \/>\n\t<meta name=\"twitter:data1\" content=\"Hern\u00e1n L\u00f3pez\" \/>\n\t<meta name=\"twitter:label2\" content=\"Tiempo de lectura\" \/>\n\t<meta name=\"twitter:data2\" content=\"3 minutos\" \/>\n<script type=\"application\/ld+json\" class=\"yoast-schema-graph\">{\"@context\":\"https:\\\/\\\/schema.org\",\"@graph\":[{\"@type\":\"Article\",\"@id\":\"https:\\\/\\\/diarioprincipios.com\\\/index.php\\\/2020\\\/09\\\/30\\\/el-gobierno-espanol-insiste-en-confinar-madrid-y-todas-las-ciudades-con-transmision-descontrolada\\\/#article\",\"isPartOf\":{\"@id\":\"https:\\\/\\\/diarioprincipios.com\\\/index.php\\\/2020\\\/09\\\/30\\\/el-gobierno-espanol-insiste-en-confinar-madrid-y-todas-las-ciudades-con-transmision-descontrolada\\\/\"},\"author\":{\"name\":\"Hern\u00e1n L\u00f3pez\",\"@id\":\"https:\\\/\\\/diarioprincipios.com\\\/#\\\/schema\\\/person\\\/436d5a1fd41a5e250e23ff5a6a7cb080\"},\"headline\":\"El Gobierno espa\u00f1ol insiste en confinar Madrid y todas las ciudades con transmisi\u00f3n descontrolada\",\"datePublished\":\"2020-09-30T15:31:03+00:00\",\"dateModified\":\"2020-09-30T15:31:08+00:00\",\"mainEntityOfPage\":{\"@id\":\"https:\\\/\\\/diarioprincipios.com\\\/index.php\\\/2020\\\/09\\\/30\\\/el-gobierno-espanol-insiste-en-confinar-madrid-y-todas-las-ciudades-con-transmision-descontrolada\\\/\"},\"wordCount\":614,\"commentCount\":0,\"publisher\":{\"@id\":\"https:\\\/\\\/diarioprincipios.com\\\/#organization\"},\"image\":{\"@id\":\"https:\\\/\\\/diarioprincipios.com\\\/index.php\\\/2020\\\/09\\\/30\\\/el-gobierno-espanol-insiste-en-confinar-madrid-y-todas-las-ciudades-con-transmision-descontrolada\\\/#primaryimage\"},\"thumbnailUrl\":\"https:\\\/\\\/diarioprincipios.com\\\/wp-content\\\/uploads\\\/2020\\\/09\\\/1596088499_395153_1596144018_noticia_normal-1.jpg\",\"articleSection\":[\"Uncategorized\"],\"inLanguage\":\"es\",\"potentialAction\":[{\"@type\":\"CommentAction\",\"name\":\"Comment\",\"target\":[\"https:\\\/\\\/diarioprincipios.com\\\/index.php\\\/2020\\\/09\\\/30\\\/el-gobierno-espanol-insiste-en-confinar-madrid-y-todas-las-ciudades-con-transmision-descontrolada\\\/#respond\"]}]},{\"@type\":\"WebPage\",\"@id\":\"https:\\\/\\\/diarioprincipios.com\\\/index.php\\\/2020\\\/09\\\/30\\\/el-gobierno-espanol-insiste-en-confinar-madrid-y-todas-las-ciudades-con-transmision-descontrolada\\\/\",\"url\":\"https:\\\/\\\/diarioprincipios.com\\\/index.php\\\/2020\\\/09\\\/30\\\/el-gobierno-espanol-insiste-en-confinar-madrid-y-todas-las-ciudades-con-transmision-descontrolada\\\/\",\"name\":\"El Gobierno espa\u00f1ol insiste en confinar Madrid y todas las ciudades con transmisi\u00f3n descontrolada - Principios\",\"isPartOf\":{\"@id\":\"https:\\\/\\\/diarioprincipios.com\\\/#website\"},\"primaryImageOfPage\":{\"@id\":\"https:\\\/\\\/diarioprincipios.com\\\/index.php\\\/2020\\\/09\\\/30\\\/el-gobierno-espanol-insiste-en-confinar-madrid-y-todas-las-ciudades-con-transmision-descontrolada\\\/#primaryimage\"},\"image\":{\"@id\":\"https:\\\/\\\/diarioprincipios.com\\\/index.php\\\/2020\\\/09\\\/30\\\/el-gobierno-espanol-insiste-en-confinar-madrid-y-todas-las-ciudades-con-transmision-descontrolada\\\/#primaryimage\"},\"thumbnailUrl\":\"https:\\\/\\\/diarioprincipios.com\\\/wp-content\\\/uploads\\\/2020\\\/09\\\/1596088499_395153_1596144018_noticia_normal-1.jpg\",\"datePublished\":\"2020-09-30T15:31:03+00:00\",\"dateModified\":\"2020-09-30T15:31:08+00:00\",\"breadcrumb\":{\"@id\":\"https:\\\/\\\/diarioprincipios.com\\\/index.php\\\/2020\\\/09\\\/30\\\/el-gobierno-espanol-insiste-en-confinar-madrid-y-todas-las-ciudades-con-transmision-descontrolada\\\/#breadcrumb\"},\"inLanguage\":\"es\",\"potentialAction\":[{\"@type\":\"ReadAction\",\"target\":[\"https:\\\/\\\/diarioprincipios.com\\\/index.php\\\/2020\\\/09\\\/30\\\/el-gobierno-espanol-insiste-en-confinar-madrid-y-todas-las-ciudades-con-transmision-descontrolada\\\/\"]}]},{\"@type\":\"ImageObject\",\"inLanguage\":\"es\",\"@id\":\"https:\\\/\\\/diarioprincipios.com\\\/index.php\\\/2020\\\/09\\\/30\\\/el-gobierno-espanol-insiste-en-confinar-madrid-y-todas-las-ciudades-con-transmision-descontrolada\\\/#primaryimage\",\"url\":\"https:\\\/\\\/diarioprincipios.com\\\/wp-content\\\/uploads\\\/2020\\\/09\\\/1596088499_395153_1596144018_noticia_normal-1.jpg\",\"contentUrl\":\"https:\\\/\\\/diarioprincipios.com\\\/wp-content\\\/uploads\\\/2020\\\/09\\\/1596088499_395153_1596144018_noticia_normal-1.jpg\",\"width\":1200,\"height\":675},{\"@type\":\"BreadcrumbList\",\"@id\":\"https:\\\/\\\/diarioprincipios.com\\\/index.php\\\/2020\\\/09\\\/30\\\/el-gobierno-espanol-insiste-en-confinar-madrid-y-todas-las-ciudades-con-transmision-descontrolada\\\/#breadcrumb\",\"itemListElement\":[{\"@type\":\"ListItem\",\"position\":1,\"name\":\"Portada\",\"item\":\"https:\\\/\\\/diarioprincipios.com\\\/\"},{\"@type\":\"ListItem\",\"position\":2,\"name\":\"El Gobierno espa\u00f1ol insiste en confinar Madrid y todas las ciudades con transmisi\u00f3n descontrolada\"}]},{\"@type\":\"WebSite\",\"@id\":\"https:\\\/\\\/diarioprincipios.com\\\/#website\",\"url\":\"https:\\\/\\\/diarioprincipios.com\\\/\",\"name\":\"Principios\",\"description\":\"Principios Diario\",\"publisher\":{\"@id\":\"https:\\\/\\\/diarioprincipios.com\\\/#organization\"},\"potentialAction\":[{\"@type\":\"SearchAction\",\"target\":{\"@type\":\"EntryPoint\",\"urlTemplate\":\"https:\\\/\\\/diarioprincipios.com\\\/?s={search_term_string}\"},\"query-input\":{\"@type\":\"PropertyValueSpecification\",\"valueRequired\":true,\"valueName\":\"search_term_string\"}}],\"inLanguage\":\"es\"},{\"@type\":\"Organization\",\"@id\":\"https:\\\/\\\/diarioprincipios.com\\\/#organization\",\"name\":\"Principios\",\"url\":\"https:\\\/\\\/diarioprincipios.com\\\/\",\"logo\":{\"@type\":\"ImageObject\",\"inLanguage\":\"es\",\"@id\":\"https:\\\/\\\/diarioprincipios.com\\\/#\\\/schema\\\/logo\\\/image\\\/\",\"url\":\"https:\\\/\\\/diarioprincipios.com\\\/wp-content\\\/uploads\\\/2024\\\/04\\\/cropped-www.diarioprincipios.com_-1.png\",\"contentUrl\":\"https:\\\/\\\/diarioprincipios.com\\\/wp-content\\\/uploads\\\/2024\\\/04\\\/cropped-www.diarioprincipios.com_-1.png\",\"width\":5325,\"height\":1454,\"caption\":\"Principios\"},\"image\":{\"@id\":\"https:\\\/\\\/diarioprincipios.com\\\/#\\\/schema\\\/logo\\\/image\\\/\"}},{\"@type\":\"Person\",\"@id\":\"https:\\\/\\\/diarioprincipios.com\\\/#\\\/schema\\\/person\\\/436d5a1fd41a5e250e23ff5a6a7cb080\",\"name\":\"Hern\u00e1n L\u00f3pez\",\"image\":{\"@type\":\"ImageObject\",\"inLanguage\":\"es\",\"@id\":\"https:\\\/\\\/diarioprincipios.com\\\/wp-content\\\/litespeed\\\/avatar\\\/11ddfe5610ff3bd100522525b2571f48.jpg?ver=1777048341\",\"url\":\"https:\\\/\\\/diarioprincipios.com\\\/wp-content\\\/litespeed\\\/avatar\\\/11ddfe5610ff3bd100522525b2571f48.jpg?ver=1777048341\",\"contentUrl\":\"https:\\\/\\\/diarioprincipios.com\\\/wp-content\\\/litespeed\\\/avatar\\\/11ddfe5610ff3bd100522525b2571f48.jpg?ver=1777048341\",\"caption\":\"Hern\u00e1n L\u00f3pez\"},\"url\":\"https:\\\/\\\/diarioprincipios.com\\\/index.php\\\/author\\\/hernan\\\/\"}]}<\/script>\n<!-- \/ Yoast SEO plugin. -->","yoast_head_json":{"title":"El Gobierno espa\u00f1ol insiste en confinar Madrid y todas las ciudades con transmisi\u00f3n descontrolada - Principios","robots":{"index":"index","follow":"follow","max-snippet":"max-snippet:-1","max-image-preview":"max-image-preview:large","max-video-preview":"max-video-preview:-1"},"canonical":"https:\/\/diarioprincipios.com\/index.php\/2020\/09\/30\/el-gobierno-espanol-insiste-en-confinar-madrid-y-todas-las-ciudades-con-transmision-descontrolada\/","og_locale":"es_ES","og_type":"article","og_title":"El Gobierno espa\u00f1ol insiste en confinar Madrid y todas las ciudades con transmisi\u00f3n descontrolada - Principios","og_description":"El Gobierno espa\u00f1ol present\u00f3 hoy su propuesta para frenar el avance de la segunda ola de coronavirus, que est\u00e1 teniendo a la regi\u00f3n de Madrid como epicentro, que consiste en el cierre perimetral de la capital y todas las ciudades del pa\u00eds con m\u00e1s de 100.000 habitantes en las que la transmisi\u00f3n del virus est\u00e9...","og_url":"https:\/\/diarioprincipios.com\/index.php\/2020\/09\/30\/el-gobierno-espanol-insiste-en-confinar-madrid-y-todas-las-ciudades-con-transmision-descontrolada\/","og_site_name":"Principios","article_published_time":"2020-09-30T15:31:03+00:00","article_modified_time":"2020-09-30T15:31:08+00:00","og_image":[{"width":1200,"height":675,"url":"https:\/\/diarioprincipios.com\/wp-content\/uploads\/2020\/09\/1596088499_395153_1596144018_noticia_normal-1.jpg","type":"image\/jpeg"}],"author":"Hern\u00e1n L\u00f3pez","twitter_card":"summary_large_image","twitter_misc":{"Escrito por":"Hern\u00e1n L\u00f3pez","Tiempo de lectura":"3 minutos"},"schema":{"@context":"https:\/\/schema.org","@graph":[{"@type":"Article","@id":"https:\/\/diarioprincipios.com\/index.php\/2020\/09\/30\/el-gobierno-espanol-insiste-en-confinar-madrid-y-todas-las-ciudades-con-transmision-descontrolada\/#article","isPartOf":{"@id":"https:\/\/diarioprincipios.com\/index.php\/2020\/09\/30\/el-gobierno-espanol-insiste-en-confinar-madrid-y-todas-las-ciudades-con-transmision-descontrolada\/"},"author":{"name":"Hern\u00e1n L\u00f3pez","@id":"https:\/\/diarioprincipios.com\/#\/schema\/person\/436d5a1fd41a5e250e23ff5a6a7cb080"},"headline":"El Gobierno espa\u00f1ol insiste en confinar Madrid y todas las ciudades con transmisi\u00f3n descontrolada","datePublished":"2020-09-30T15:31:03+00:00","dateModified":"2020-09-30T15:31:08+00:00","mainEntityOfPage":{"@id":"https:\/\/diarioprincipios.com\/index.php\/2020\/09\/30\/el-gobierno-espanol-insiste-en-confinar-madrid-y-todas-las-ciudades-con-transmision-descontrolada\/"},"wordCount":614,"commentCount":0,"publisher":{"@id":"https:\/\/diarioprincipios.com\/#organization"},"image":{"@id":"https:\/\/diarioprincipios.com\/index.php\/2020\/09\/30\/el-gobierno-espanol-insiste-en-confinar-madrid-y-todas-las-ciudades-con-transmision-descontrolada\/#primaryimage"},"thumbnailUrl":"https:\/\/diarioprincipios.com\/wp-content\/uploads\/2020\/09\/1596088499_395153_1596144018_noticia_normal-1.jpg","articleSection":["Uncategorized"],"inLanguage":"es","potentialAction":[{"@type":"CommentAction","name":"Comment","target":["https:\/\/diarioprincipios.com\/index.php\/2020\/09\/30\/el-gobierno-espanol-insiste-en-confinar-madrid-y-todas-las-ciudades-con-transmision-descontrolada\/#respond"]}]},{"@type":"WebPage","@id":"https:\/\/diarioprincipios.com\/index.php\/2020\/09\/30\/el-gobierno-espanol-insiste-en-confinar-madrid-y-todas-las-ciudades-con-transmision-descontrolada\/","url":"https:\/\/diarioprincipios.com\/index.php\/2020\/09\/30\/el-gobierno-espanol-insiste-en-confinar-madrid-y-todas-las-ciudades-con-transmision-descontrolada\/","name":"El Gobierno espa\u00f1ol insiste en confinar Madrid y todas las ciudades con transmisi\u00f3n descontrolada - Principios","isPartOf":{"@id":"https:\/\/diarioprincipios.com\/#website"},"primaryImageOfPage":{"@id":"https:\/\/diarioprincipios.com\/index.php\/2020\/09\/30\/el-gobierno-espanol-insiste-en-confinar-madrid-y-todas-las-ciudades-con-transmision-descontrolada\/#primaryimage"},"image":{"@id":"https:\/\/diarioprincipios.com\/index.php\/2020\/09\/30\/el-gobierno-espanol-insiste-en-confinar-madrid-y-todas-las-ciudades-con-transmision-descontrolada\/#primaryimage"},"thumbnailUrl":"https:\/\/diarioprincipios.com\/wp-content\/uploads\/2020\/09\/1596088499_395153_1596144018_noticia_normal-1.jpg","datePublished":"2020-09-30T15:31:03+00:00","dateModified":"2020-09-30T15:31:08+00:00","breadcrumb":{"@id":"https:\/\/diarioprincipios.com\/index.php\/2020\/09\/30\/el-gobierno-espanol-insiste-en-confinar-madrid-y-todas-las-ciudades-con-transmision-descontrolada\/#breadcrumb"},"inLanguage":"es","potentialAction":[{"@type":"ReadAction","target":["https:\/\/diarioprincipios.com\/index.php\/2020\/09\/30\/el-gobierno-espanol-insiste-en-confinar-madrid-y-todas-las-ciudades-con-transmision-descontrolada\/"]}]},{"@type":"ImageObject","inLanguage":"es","@id":"https:\/\/diarioprincipios.com\/index.php\/2020\/09\/30\/el-gobierno-espanol-insiste-en-confinar-madrid-y-todas-las-ciudades-con-transmision-descontrolada\/#primaryimage","url":"https:\/\/diarioprincipios.com\/wp-content\/uploads\/2020\/09\/1596088499_395153_1596144018_noticia_normal-1.jpg","contentUrl":"https:\/\/diarioprincipios.com\/wp-content\/uploads\/2020\/09\/1596088499_395153_1596144018_noticia_normal-1.jpg","width":1200,"height":675},{"@type":"BreadcrumbList","@id":"https:\/\/diarioprincipios.com\/index.php\/2020\/09\/30\/el-gobierno-espanol-insiste-en-confinar-madrid-y-todas-las-ciudades-con-transmision-descontrolada\/#breadcrumb","itemListElement":[{"@type":"ListItem","position":1,"name":"Portada","item":"https:\/\/diarioprincipios.com\/"},{"@type":"ListItem","position":2,"name":"El Gobierno espa\u00f1ol insiste en confinar Madrid y todas las ciudades con transmisi\u00f3n descontrolada"}]},{"@type":"WebSite","@id":"https:\/\/diarioprincipios.com\/#website","url":"https:\/\/diarioprincipios.com\/","name":"Principios","description":"Principios Diario","publisher":{"@id":"https:\/\/diarioprincipios.com\/#organization"},"potentialAction":[{"@type":"SearchAction","target":{"@type":"EntryPoint","urlTemplate":"https:\/\/diarioprincipios.com\/?s={search_term_string}"},"query-input":{"@type":"PropertyValueSpecification","valueRequired":true,"valueName":"search_term_string"}}],"inLanguage":"es"},{"@type":"Organization","@id":"https:\/\/diarioprincipios.com\/#organization","name":"Principios","url":"https:\/\/diarioprincipios.com\/","logo":{"@type":"ImageObject","inLanguage":"es","@id":"https:\/\/diarioprincipios.com\/#\/schema\/logo\/image\/","url":"https:\/\/diarioprincipios.com\/wp-content\/uploads\/2024\/04\/cropped-www.diarioprincipios.com_-1.png","contentUrl":"https:\/\/diarioprincipios.com\/wp-content\/uploads\/2024\/04\/cropped-www.diarioprincipios.com_-1.png","width":5325,"height":1454,"caption":"Principios"},"image":{"@id":"https:\/\/diarioprincipios.com\/#\/schema\/logo\/image\/"}},{"@type":"Person","@id":"https:\/\/diarioprincipios.com\/#\/schema\/person\/436d5a1fd41a5e250e23ff5a6a7cb080","name":"Hern\u00e1n L\u00f3pez","image":{"@type":"ImageObject","inLanguage":"es","@id":"https:\/\/diarioprincipios.com\/wp-content\/litespeed\/avatar\/11ddfe5610ff3bd100522525b2571f48.jpg?ver=1777048341","url":"https:\/\/diarioprincipios.com\/wp-content\/litespeed\/avatar\/11ddfe5610ff3bd100522525b2571f48.jpg?ver=1777048341","contentUrl":"https:\/\/diarioprincipios.com\/wp-content\/litespeed\/avatar\/11ddfe5610ff3bd100522525b2571f48.jpg?ver=1777048341","caption":"Hern\u00e1n L\u00f3pez"},"url":"https:\/\/diarioprincipios.com\/index.php\/author\/hernan\/"}]}},"jetpack_featured_media_url":"https:\/\/diarioprincipios.com\/wp-content\/uploads\/2020\/09\/1596088499_395153_1596144018_noticia_normal-1.jpg","_links":{"self":[{"href":"https:\/\/diarioprincipios.com\/index.php\/wp-json\/wp\/v2\/posts\/5893","targetHints":{"allow":["GET"]}}],"collection":[{"href":"https:\/\/diarioprincipios.com\/index.php\/wp-json\/wp\/v2\/posts"}],"about":[{"href":"https:\/\/diarioprincipios.com\/index.php\/wp-json\/wp\/v2\/types\/post"}],"author":[{"embeddable":true,"href":"https:\/\/diarioprincipios.com\/index.php\/wp-json\/wp\/v2\/users\/2"}],"replies":[{"embeddable":true,"href":"https:\/\/diarioprincipios.com\/index.php\/wp-json\/wp\/v2\/comments?post=5893"}],"version-history":[{"count":1,"href":"https:\/\/diarioprincipios.com\/index.php\/wp-json\/wp\/v2\/posts\/5893\/revisions"}],"predecessor-version":[{"id":5895,"href":"https:\/\/diarioprincipios.com\/index.php\/wp-json\/wp\/v2\/posts\/5893\/revisions\/5895"}],"wp:featuredmedia":[{"embeddable":true,"href":"https:\/\/diarioprincipios.com\/index.php\/wp-json\/wp\/v2\/media\/5894"}],"wp:attachment":[{"href":"https:\/\/diarioprincipios.com\/index.php\/wp-json\/wp\/v2\/media?parent=5893"}],"wp:term":[{"taxonomy":"category","embeddable":true,"href":"https:\/\/diarioprincipios.com\/index.php\/wp-json\/wp\/v2\/categories?post=5893"},{"taxonomy":"post_tag","embeddable":true,"href":"https:\/\/diarioprincipios.com\/index.php\/wp-json\/wp\/v2\/tags?post=5893"}],"curies":[{"name":"wp","href":"https:\/\/api.w.org\/{rel}","templated":true}]}}