{"id":5873,"date":"2020-09-29T12:42:25","date_gmt":"2020-09-29T15:42:25","guid":{"rendered":"http:\/\/diarioprincipios.com\/?p=5873"},"modified":"2020-09-29T12:42:30","modified_gmt":"2020-09-29T15:42:30","slug":"comenzaron-las-jornadas-universidad-a-puertas-abiertas","status":"publish","type":"post","link":"https:\/\/diarioprincipios.com\/index.php\/2020\/09\/29\/comenzaron-las-jornadas-universidad-a-puertas-abiertas\/","title":{"rendered":"Comenzaron las Jornadas Universidad a Puertas Abiertas"},"content":{"rendered":"\n<p>Con la participaci\u00f3n de Claudia Brachi, subsecretaria de Educaci\u00f3n de la Provincia de Buenos Aires, y el rector Ernesto Villanueva comenz\u00f3 la cuarta edici\u00f3n de las Jornadas \u201cUniversidad a Puertas Abiertas\u201d que ofrecer\u00e1 , hasta el 9 de octubre, charlas, talleres, conversatorios e informaci\u00f3n sobre las carreras que se pueden estudiar en la UNAJ.<\/p>\n\n\n\n<p>En el acto de inaugural virtual, la subsecretaria de Educaci\u00f3n de la Provincia de Buenos Aires destac\u00f3 el rol central de la articulaci\u00f3n entre la escuela secundaria y la universidad. \u201cPara la universidad y para todo el sistema educativo es un desaf\u00edo enorme la articulaci\u00f3n en este contexto. S\u00e9 que la UNAJ siempre genera todas las posibilidades para recibir al conjunto de las y los estudiantes\u201d.<\/p>\n\n\n\n<p>La Subsecretaria asegur\u00f3 que durante este a\u00f1o, debido a la situaci\u00f3n extraordinaria, \u201cla escuela no se fue a la casa, sino que se fue construyendo otro proceso de escolarizaci\u00f3n. Los docentes nos formamos para la presencialidad y esta situaci\u00f3n excepcional, nos hizo generar otras condiciones y otras formas de ense\u00f1ar\u201d.<\/p>\n\n\n\n<p>Adem\u00e1s, expuso una serie de consideraciones y acciones que, desde la cartera educativa, se realizan para lograr que los y las estudiantes del \u00faltimo a\u00f1o de la escuela media puedan acceder a estudios superiores. Entre ellos, la articulaci\u00f3n entre ciclo 2020 y 2021, el establecimiento del v\u00ednculo pedag\u00f3gico entre docentes y estudiantes, la generaci\u00f3n de otras formas de ense\u00f1ar, los acuerdos nacionales sobre la reorganizaci\u00f3n curricular en evaluaci\u00f3n, organizaci\u00f3n institucional y programas de acompa\u00f1amiento, entre otros.<\/p>\n\n\n\n<p>Por su parte, el rector Ernesto Villanueva se refiri\u00f3 al \u201cdesaf\u00edo que representa hoy para un joven pensar en el salto de la escuela secundaria a estudiar en una universidad\u201d y el lugar que logr\u00f3 la UNAJ al irse transformando, a trav\u00e9s de estos a\u00f1os, en una opci\u00f3n para hacer posible ese futuro.<\/p>\n\n\n\n<p>Tambi\u00e9n expres\u00f3 que si bien la elecci\u00f3n de una carrera es important\u00edsima no es definitiva \u201cporque cuando se empieza a estudiar en el \u00e1mbito universitario, hay posibilidad de ir conociendo m\u00e1s y de darse cuenta que hay otras carreras que tambi\u00e9n nos pueden interesar\u201d. Destac\u00f3, por otra parte, la \u201cdedicaci\u00f3n del tiempo\u201d que requieren los estudios en este nivel educativo y un aspecto fundamental del mundo universitario, la socializaci\u00f3n.<\/p>\n\n\n\n<p>Participaron adem\u00e1s del encuentro virtual Mar\u00eda Elena Zambella, responsable de la Unidad de Vinculaci\u00f3n Educativa, y Paloma Catal\u00e1 Del R\u00edo, coordinadora del Curso de Preparaci\u00f3n Universitaria \u2013 ambas a cargo de las Jornadas \u2013 y el Jefe Regional de la Regi\u00f3n Educativa N\u00b0 4, Pablo Vinuesa.<\/p>\n","protected":false},"excerpt":{"rendered":"<p>Con la participaci\u00f3n de Claudia Brachi, subsecretaria de Educaci\u00f3n de la Provincia de Buenos Aires, y el rector Ernesto Villanueva comenz\u00f3 la cuarta edici\u00f3n de las Jornadas \u201cUniversidad a Puertas Abiertas\u201d que ofrecer\u00e1 , hasta el 9 de octubre, charlas, talleres, conversatorios e informaci\u00f3n sobre las carreras que se pueden estudiar en la UNAJ. En&#8230;<\/p>\n","protected":false},"author":2,"featured_media":5874,"comment_status":"open","ping_status":"open","sticky":false,"template":"","format":"standard","meta":{"footnotes":""},"categories":[10],"tags":[],"class_list":["post-5873","post","type-post","status-publish","format-standard","has-post-thumbnail","hentry","category-nacion"],"featured_image_src":"https:\/\/diarioprincipios.com\/wp-content\/uploads\/2020\/09\/Inauguracion-PUERTAS-ABIERTAS.jpg","blog_images":{"medium":"https:\/\/diarioprincipios.com\/wp-content\/uploads\/2020\/09\/Inauguracion-PUERTAS-ABIERTAS-300x169.jpg","large":"https:\/\/diarioprincipios.com\/wp-content\/uploads\/2020\/09\/Inauguracion-PUERTAS-ABIERTAS.jpg"},"ams_acf":[],"yoast_head":"<!-- This site is optimized with the Yoast SEO plugin v27.3 - https:\/\/yoast.com\/product\/yoast-seo-wordpress\/ -->\n<title>Comenzaron las Jornadas Universidad a Puertas Abiertas - Principios<\/title>\n<meta name=\"robots\" content=\"index, follow, max-snippet:-1, max-image-preview:large, max-video-preview:-1\" \/>\n<link rel=\"canonical\" href=\"https:\/\/diarioprincipios.com\/index.php\/2020\/09\/29\/comenzaron-las-jornadas-universidad-a-puertas-abiertas\/\" \/>\n<meta property=\"og:locale\" content=\"es_ES\" \/>\n<meta property=\"og:type\" content=\"article\" \/>\n<meta property=\"og:title\" content=\"Comenzaron las Jornadas Universidad a Puertas Abiertas - Principios\" \/>\n<meta property=\"og:description\" content=\"Con la participaci\u00f3n de Claudia Brachi, subsecretaria de Educaci\u00f3n de la Provincia de Buenos Aires, y el rector Ernesto Villanueva comenz\u00f3 la cuarta edici\u00f3n de las Jornadas \u201cUniversidad a Puertas Abiertas\u201d que ofrecer\u00e1 , hasta el 9 de octubre, charlas, talleres, conversatorios e informaci\u00f3n sobre las carreras que se pueden estudiar en la UNAJ. En...\" \/>\n<meta property=\"og:url\" content=\"https:\/\/diarioprincipios.com\/index.php\/2020\/09\/29\/comenzaron-las-jornadas-universidad-a-puertas-abiertas\/\" \/>\n<meta property=\"og:site_name\" content=\"Principios\" \/>\n<meta property=\"article:published_time\" content=\"2020-09-29T15:42:25+00:00\" \/>\n<meta property=\"article:modified_time\" content=\"2020-09-29T15:42:30+00:00\" \/>\n<meta property=\"og:image\" content=\"https:\/\/diarioprincipios.com\/wp-content\/uploads\/2020\/09\/Inauguracion-PUERTAS-ABIERTAS.jpg\" \/>\n\t<meta property=\"og:image:width\" content=\"680\" \/>\n\t<meta property=\"og:image:height\" content=\"382\" \/>\n\t<meta property=\"og:image:type\" content=\"image\/jpeg\" \/>\n<meta name=\"author\" content=\"Hern\u00e1n L\u00f3pez\" \/>\n<meta name=\"twitter:card\" content=\"summary_large_image\" \/>\n<meta name=\"twitter:label1\" content=\"Escrito por\" \/>\n\t<meta name=\"twitter:data1\" content=\"Hern\u00e1n L\u00f3pez\" \/>\n\t<meta name=\"twitter:label2\" content=\"Tiempo de lectura\" \/>\n\t<meta name=\"twitter:data2\" content=\"2 minutos\" \/>\n<script type=\"application\/ld+json\" class=\"yoast-schema-graph\">{\"@context\":\"https:\\\/\\\/schema.org\",\"@graph\":[{\"@type\":\"Article\",\"@id\":\"https:\\\/\\\/diarioprincipios.com\\\/index.php\\\/2020\\\/09\\\/29\\\/comenzaron-las-jornadas-universidad-a-puertas-abiertas\\\/#article\",\"isPartOf\":{\"@id\":\"https:\\\/\\\/diarioprincipios.com\\\/index.php\\\/2020\\\/09\\\/29\\\/comenzaron-las-jornadas-universidad-a-puertas-abiertas\\\/\"},\"author\":{\"name\":\"Hern\u00e1n L\u00f3pez\",\"@id\":\"https:\\\/\\\/diarioprincipios.com\\\/#\\\/schema\\\/person\\\/436d5a1fd41a5e250e23ff5a6a7cb080\"},\"headline\":\"Comenzaron las Jornadas Universidad a Puertas Abiertas\",\"datePublished\":\"2020-09-29T15:42:25+00:00\",\"dateModified\":\"2020-09-29T15:42:30+00:00\",\"mainEntityOfPage\":{\"@id\":\"https:\\\/\\\/diarioprincipios.com\\\/index.php\\\/2020\\\/09\\\/29\\\/comenzaron-las-jornadas-universidad-a-puertas-abiertas\\\/\"},\"wordCount\":455,\"commentCount\":0,\"publisher\":{\"@id\":\"https:\\\/\\\/diarioprincipios.com\\\/#organization\"},\"image\":{\"@id\":\"https:\\\/\\\/diarioprincipios.com\\\/index.php\\\/2020\\\/09\\\/29\\\/comenzaron-las-jornadas-universidad-a-puertas-abiertas\\\/#primaryimage\"},\"thumbnailUrl\":\"https:\\\/\\\/diarioprincipios.com\\\/wp-content\\\/uploads\\\/2020\\\/09\\\/Inauguracion-PUERTAS-ABIERTAS.jpg\",\"articleSection\":[\"Naci\u00f3n\"],\"inLanguage\":\"es\",\"potentialAction\":[{\"@type\":\"CommentAction\",\"name\":\"Comment\",\"target\":[\"https:\\\/\\\/diarioprincipios.com\\\/index.php\\\/2020\\\/09\\\/29\\\/comenzaron-las-jornadas-universidad-a-puertas-abiertas\\\/#respond\"]}]},{\"@type\":\"WebPage\",\"@id\":\"https:\\\/\\\/diarioprincipios.com\\\/index.php\\\/2020\\\/09\\\/29\\\/comenzaron-las-jornadas-universidad-a-puertas-abiertas\\\/\",\"url\":\"https:\\\/\\\/diarioprincipios.com\\\/index.php\\\/2020\\\/09\\\/29\\\/comenzaron-las-jornadas-universidad-a-puertas-abiertas\\\/\",\"name\":\"Comenzaron las Jornadas Universidad a Puertas Abiertas - Principios\",\"isPartOf\":{\"@id\":\"https:\\\/\\\/diarioprincipios.com\\\/#website\"},\"primaryImageOfPage\":{\"@id\":\"https:\\\/\\\/diarioprincipios.com\\\/index.php\\\/2020\\\/09\\\/29\\\/comenzaron-las-jornadas-universidad-a-puertas-abiertas\\\/#primaryimage\"},\"image\":{\"@id\":\"https:\\\/\\\/diarioprincipios.com\\\/index.php\\\/2020\\\/09\\\/29\\\/comenzaron-las-jornadas-universidad-a-puertas-abiertas\\\/#primaryimage\"},\"thumbnailUrl\":\"https:\\\/\\\/diarioprincipios.com\\\/wp-content\\\/uploads\\\/2020\\\/09\\\/Inauguracion-PUERTAS-ABIERTAS.jpg\",\"datePublished\":\"2020-09-29T15:42:25+00:00\",\"dateModified\":\"2020-09-29T15:42:30+00:00\",\"breadcrumb\":{\"@id\":\"https:\\\/\\\/diarioprincipios.com\\\/index.php\\\/2020\\\/09\\\/29\\\/comenzaron-las-jornadas-universidad-a-puertas-abiertas\\\/#breadcrumb\"},\"inLanguage\":\"es\",\"potentialAction\":[{\"@type\":\"ReadAction\",\"target\":[\"https:\\\/\\\/diarioprincipios.com\\\/index.php\\\/2020\\\/09\\\/29\\\/comenzaron-las-jornadas-universidad-a-puertas-abiertas\\\/\"]}]},{\"@type\":\"ImageObject\",\"inLanguage\":\"es\",\"@id\":\"https:\\\/\\\/diarioprincipios.com\\\/index.php\\\/2020\\\/09\\\/29\\\/comenzaron-las-jornadas-universidad-a-puertas-abiertas\\\/#primaryimage\",\"url\":\"https:\\\/\\\/diarioprincipios.com\\\/wp-content\\\/uploads\\\/2020\\\/09\\\/Inauguracion-PUERTAS-ABIERTAS.jpg\",\"contentUrl\":\"https:\\\/\\\/diarioprincipios.com\\\/wp-content\\\/uploads\\\/2020\\\/09\\\/Inauguracion-PUERTAS-ABIERTAS.jpg\",\"width\":680,\"height\":382},{\"@type\":\"BreadcrumbList\",\"@id\":\"https:\\\/\\\/diarioprincipios.com\\\/index.php\\\/2020\\\/09\\\/29\\\/comenzaron-las-jornadas-universidad-a-puertas-abiertas\\\/#breadcrumb\",\"itemListElement\":[{\"@type\":\"ListItem\",\"position\":1,\"name\":\"Portada\",\"item\":\"https:\\\/\\\/diarioprincipios.com\\\/\"},{\"@type\":\"ListItem\",\"position\":2,\"name\":\"Comenzaron las Jornadas Universidad a Puertas Abiertas\"}]},{\"@type\":\"WebSite\",\"@id\":\"https:\\\/\\\/diarioprincipios.com\\\/#website\",\"url\":\"https:\\\/\\\/diarioprincipios.com\\\/\",\"name\":\"Principios\",\"description\":\"Principios Diario\",\"publisher\":{\"@id\":\"https:\\\/\\\/diarioprincipios.com\\\/#organization\"},\"potentialAction\":[{\"@type\":\"SearchAction\",\"target\":{\"@type\":\"EntryPoint\",\"urlTemplate\":\"https:\\\/\\\/diarioprincipios.com\\\/?s={search_term_string}\"},\"query-input\":{\"@type\":\"PropertyValueSpecification\",\"valueRequired\":true,\"valueName\":\"search_term_string\"}}],\"inLanguage\":\"es\"},{\"@type\":\"Organization\",\"@id\":\"https:\\\/\\\/diarioprincipios.com\\\/#organization\",\"name\":\"Principios\",\"url\":\"https:\\\/\\\/diarioprincipios.com\\\/\",\"logo\":{\"@type\":\"ImageObject\",\"inLanguage\":\"es\",\"@id\":\"https:\\\/\\\/diarioprincipios.com\\\/#\\\/schema\\\/logo\\\/image\\\/\",\"url\":\"https:\\\/\\\/diarioprincipios.com\\\/wp-content\\\/uploads\\\/2024\\\/04\\\/cropped-www.diarioprincipios.com_-1.png\",\"contentUrl\":\"https:\\\/\\\/diarioprincipios.com\\\/wp-content\\\/uploads\\\/2024\\\/04\\\/cropped-www.diarioprincipios.com_-1.png\",\"width\":5325,\"height\":1454,\"caption\":\"Principios\"},\"image\":{\"@id\":\"https:\\\/\\\/diarioprincipios.com\\\/#\\\/schema\\\/logo\\\/image\\\/\"}},{\"@type\":\"Person\",\"@id\":\"https:\\\/\\\/diarioprincipios.com\\\/#\\\/schema\\\/person\\\/436d5a1fd41a5e250e23ff5a6a7cb080\",\"name\":\"Hern\u00e1n L\u00f3pez\",\"image\":{\"@type\":\"ImageObject\",\"inLanguage\":\"es\",\"@id\":\"https:\\\/\\\/diarioprincipios.com\\\/wp-content\\\/litespeed\\\/avatar\\\/11ddfe5610ff3bd100522525b2571f48.jpg?ver=1777048341\",\"url\":\"https:\\\/\\\/diarioprincipios.com\\\/wp-content\\\/litespeed\\\/avatar\\\/11ddfe5610ff3bd100522525b2571f48.jpg?ver=1777048341\",\"contentUrl\":\"https:\\\/\\\/diarioprincipios.com\\\/wp-content\\\/litespeed\\\/avatar\\\/11ddfe5610ff3bd100522525b2571f48.jpg?ver=1777048341\",\"caption\":\"Hern\u00e1n L\u00f3pez\"},\"url\":\"https:\\\/\\\/diarioprincipios.com\\\/index.php\\\/author\\\/hernan\\\/\"}]}<\/script>\n<!-- \/ Yoast SEO plugin. -->","yoast_head_json":{"title":"Comenzaron las Jornadas Universidad a Puertas Abiertas - Principios","robots":{"index":"index","follow":"follow","max-snippet":"max-snippet:-1","max-image-preview":"max-image-preview:large","max-video-preview":"max-video-preview:-1"},"canonical":"https:\/\/diarioprincipios.com\/index.php\/2020\/09\/29\/comenzaron-las-jornadas-universidad-a-puertas-abiertas\/","og_locale":"es_ES","og_type":"article","og_title":"Comenzaron las Jornadas Universidad a Puertas Abiertas - Principios","og_description":"Con la participaci\u00f3n de Claudia Brachi, subsecretaria de Educaci\u00f3n de la Provincia de Buenos Aires, y el rector Ernesto Villanueva comenz\u00f3 la cuarta edici\u00f3n de las Jornadas \u201cUniversidad a Puertas Abiertas\u201d que ofrecer\u00e1 , hasta el 9 de octubre, charlas, talleres, conversatorios e informaci\u00f3n sobre las carreras que se pueden estudiar en la UNAJ. En...","og_url":"https:\/\/diarioprincipios.com\/index.php\/2020\/09\/29\/comenzaron-las-jornadas-universidad-a-puertas-abiertas\/","og_site_name":"Principios","article_published_time":"2020-09-29T15:42:25+00:00","article_modified_time":"2020-09-29T15:42:30+00:00","og_image":[{"width":680,"height":382,"url":"https:\/\/diarioprincipios.com\/wp-content\/uploads\/2020\/09\/Inauguracion-PUERTAS-ABIERTAS.jpg","type":"image\/jpeg"}],"author":"Hern\u00e1n L\u00f3pez","twitter_card":"summary_large_image","twitter_misc":{"Escrito por":"Hern\u00e1n L\u00f3pez","Tiempo de lectura":"2 minutos"},"schema":{"@context":"https:\/\/schema.org","@graph":[{"@type":"Article","@id":"https:\/\/diarioprincipios.com\/index.php\/2020\/09\/29\/comenzaron-las-jornadas-universidad-a-puertas-abiertas\/#article","isPartOf":{"@id":"https:\/\/diarioprincipios.com\/index.php\/2020\/09\/29\/comenzaron-las-jornadas-universidad-a-puertas-abiertas\/"},"author":{"name":"Hern\u00e1n L\u00f3pez","@id":"https:\/\/diarioprincipios.com\/#\/schema\/person\/436d5a1fd41a5e250e23ff5a6a7cb080"},"headline":"Comenzaron las Jornadas Universidad a Puertas Abiertas","datePublished":"2020-09-29T15:42:25+00:00","dateModified":"2020-09-29T15:42:30+00:00","mainEntityOfPage":{"@id":"https:\/\/diarioprincipios.com\/index.php\/2020\/09\/29\/comenzaron-las-jornadas-universidad-a-puertas-abiertas\/"},"wordCount":455,"commentCount":0,"publisher":{"@id":"https:\/\/diarioprincipios.com\/#organization"},"image":{"@id":"https:\/\/diarioprincipios.com\/index.php\/2020\/09\/29\/comenzaron-las-jornadas-universidad-a-puertas-abiertas\/#primaryimage"},"thumbnailUrl":"https:\/\/diarioprincipios.com\/wp-content\/uploads\/2020\/09\/Inauguracion-PUERTAS-ABIERTAS.jpg","articleSection":["Naci\u00f3n"],"inLanguage":"es","potentialAction":[{"@type":"CommentAction","name":"Comment","target":["https:\/\/diarioprincipios.com\/index.php\/2020\/09\/29\/comenzaron-las-jornadas-universidad-a-puertas-abiertas\/#respond"]}]},{"@type":"WebPage","@id":"https:\/\/diarioprincipios.com\/index.php\/2020\/09\/29\/comenzaron-las-jornadas-universidad-a-puertas-abiertas\/","url":"https:\/\/diarioprincipios.com\/index.php\/2020\/09\/29\/comenzaron-las-jornadas-universidad-a-puertas-abiertas\/","name":"Comenzaron las Jornadas Universidad a Puertas Abiertas - Principios","isPartOf":{"@id":"https:\/\/diarioprincipios.com\/#website"},"primaryImageOfPage":{"@id":"https:\/\/diarioprincipios.com\/index.php\/2020\/09\/29\/comenzaron-las-jornadas-universidad-a-puertas-abiertas\/#primaryimage"},"image":{"@id":"https:\/\/diarioprincipios.com\/index.php\/2020\/09\/29\/comenzaron-las-jornadas-universidad-a-puertas-abiertas\/#primaryimage"},"thumbnailUrl":"https:\/\/diarioprincipios.com\/wp-content\/uploads\/2020\/09\/Inauguracion-PUERTAS-ABIERTAS.jpg","datePublished":"2020-09-29T15:42:25+00:00","dateModified":"2020-09-29T15:42:30+00:00","breadcrumb":{"@id":"https:\/\/diarioprincipios.com\/index.php\/2020\/09\/29\/comenzaron-las-jornadas-universidad-a-puertas-abiertas\/#breadcrumb"},"inLanguage":"es","potentialAction":[{"@type":"ReadAction","target":["https:\/\/diarioprincipios.com\/index.php\/2020\/09\/29\/comenzaron-las-jornadas-universidad-a-puertas-abiertas\/"]}]},{"@type":"ImageObject","inLanguage":"es","@id":"https:\/\/diarioprincipios.com\/index.php\/2020\/09\/29\/comenzaron-las-jornadas-universidad-a-puertas-abiertas\/#primaryimage","url":"https:\/\/diarioprincipios.com\/wp-content\/uploads\/2020\/09\/Inauguracion-PUERTAS-ABIERTAS.jpg","contentUrl":"https:\/\/diarioprincipios.com\/wp-content\/uploads\/2020\/09\/Inauguracion-PUERTAS-ABIERTAS.jpg","width":680,"height":382},{"@type":"BreadcrumbList","@id":"https:\/\/diarioprincipios.com\/index.php\/2020\/09\/29\/comenzaron-las-jornadas-universidad-a-puertas-abiertas\/#breadcrumb","itemListElement":[{"@type":"ListItem","position":1,"name":"Portada","item":"https:\/\/diarioprincipios.com\/"},{"@type":"ListItem","position":2,"name":"Comenzaron las Jornadas Universidad a Puertas Abiertas"}]},{"@type":"WebSite","@id":"https:\/\/diarioprincipios.com\/#website","url":"https:\/\/diarioprincipios.com\/","name":"Principios","description":"Principios Diario","publisher":{"@id":"https:\/\/diarioprincipios.com\/#organization"},"potentialAction":[{"@type":"SearchAction","target":{"@type":"EntryPoint","urlTemplate":"https:\/\/diarioprincipios.com\/?s={search_term_string}"},"query-input":{"@type":"PropertyValueSpecification","valueRequired":true,"valueName":"search_term_string"}}],"inLanguage":"es"},{"@type":"Organization","@id":"https:\/\/diarioprincipios.com\/#organization","name":"Principios","url":"https:\/\/diarioprincipios.com\/","logo":{"@type":"ImageObject","inLanguage":"es","@id":"https:\/\/diarioprincipios.com\/#\/schema\/logo\/image\/","url":"https:\/\/diarioprincipios.com\/wp-content\/uploads\/2024\/04\/cropped-www.diarioprincipios.com_-1.png","contentUrl":"https:\/\/diarioprincipios.com\/wp-content\/uploads\/2024\/04\/cropped-www.diarioprincipios.com_-1.png","width":5325,"height":1454,"caption":"Principios"},"image":{"@id":"https:\/\/diarioprincipios.com\/#\/schema\/logo\/image\/"}},{"@type":"Person","@id":"https:\/\/diarioprincipios.com\/#\/schema\/person\/436d5a1fd41a5e250e23ff5a6a7cb080","name":"Hern\u00e1n L\u00f3pez","image":{"@type":"ImageObject","inLanguage":"es","@id":"https:\/\/diarioprincipios.com\/wp-content\/litespeed\/avatar\/11ddfe5610ff3bd100522525b2571f48.jpg?ver=1777048341","url":"https:\/\/diarioprincipios.com\/wp-content\/litespeed\/avatar\/11ddfe5610ff3bd100522525b2571f48.jpg?ver=1777048341","contentUrl":"https:\/\/diarioprincipios.com\/wp-content\/litespeed\/avatar\/11ddfe5610ff3bd100522525b2571f48.jpg?ver=1777048341","caption":"Hern\u00e1n L\u00f3pez"},"url":"https:\/\/diarioprincipios.com\/index.php\/author\/hernan\/"}]}},"jetpack_featured_media_url":"https:\/\/diarioprincipios.com\/wp-content\/uploads\/2020\/09\/Inauguracion-PUERTAS-ABIERTAS.jpg","_links":{"self":[{"href":"https:\/\/diarioprincipios.com\/index.php\/wp-json\/wp\/v2\/posts\/5873","targetHints":{"allow":["GET"]}}],"collection":[{"href":"https:\/\/diarioprincipios.com\/index.php\/wp-json\/wp\/v2\/posts"}],"about":[{"href":"https:\/\/diarioprincipios.com\/index.php\/wp-json\/wp\/v2\/types\/post"}],"author":[{"embeddable":true,"href":"https:\/\/diarioprincipios.com\/index.php\/wp-json\/wp\/v2\/users\/2"}],"replies":[{"embeddable":true,"href":"https:\/\/diarioprincipios.com\/index.php\/wp-json\/wp\/v2\/comments?post=5873"}],"version-history":[{"count":1,"href":"https:\/\/diarioprincipios.com\/index.php\/wp-json\/wp\/v2\/posts\/5873\/revisions"}],"predecessor-version":[{"id":5875,"href":"https:\/\/diarioprincipios.com\/index.php\/wp-json\/wp\/v2\/posts\/5873\/revisions\/5875"}],"wp:featuredmedia":[{"embeddable":true,"href":"https:\/\/diarioprincipios.com\/index.php\/wp-json\/wp\/v2\/media\/5874"}],"wp:attachment":[{"href":"https:\/\/diarioprincipios.com\/index.php\/wp-json\/wp\/v2\/media?parent=5873"}],"wp:term":[{"taxonomy":"category","embeddable":true,"href":"https:\/\/diarioprincipios.com\/index.php\/wp-json\/wp\/v2\/categories?post=5873"},{"taxonomy":"post_tag","embeddable":true,"href":"https:\/\/diarioprincipios.com\/index.php\/wp-json\/wp\/v2\/tags?post=5873"}],"curies":[{"name":"wp","href":"https:\/\/api.w.org\/{rel}","templated":true}]}}