{"id":5854,"date":"2020-09-28T12:54:32","date_gmt":"2020-09-28T15:54:32","guid":{"rendered":"http:\/\/diarioprincipios.com\/?p=5854"},"modified":"2020-09-28T12:54:37","modified_gmt":"2020-09-28T15:54:37","slug":"inscripcion-de-guardavidas-municipal-temporada-2020-2021","status":"publish","type":"post","link":"https:\/\/diarioprincipios.com\/index.php\/2020\/09\/28\/inscripcion-de-guardavidas-municipal-temporada-2020-2021\/","title":{"rendered":"Inscripci\u00f3n de Guardavidas Municipal temporada 2020-2021"},"content":{"rendered":"\n<p>El Municipio de Quilmes informa que se encuentra abierta la inscripci\u00f3n para cubrir cargos vacantes de guardavidas, timoneles y conductores n\u00e1uticos para la temporada 2020-2021.<\/p>\n\n\n\n<p>En esta oportunidad, por prevenci\u00f3n COVID-19, la inscripci\u00f3n se realiza desde la p\u00e1gina web del Municipio, los interesados tienen tiempo de inscribirse hasta el mi\u00e9rcoles 30 de septiembre, en el Registro digital habilitado de la Direcci\u00f3n de Guardavidas de la Direcci\u00f3n General de Defensa Civil.<\/p>\n\n\n\n<p>Para completar el formulario de inscripci\u00f3n, los interesados deben ingresar a&nbsp;<a rel=\"noreferrer noopener\" target=\"_blank\" href=\"http:\/\/www.quilmes.gov.ar\/guardavidas\">http:\/\/www.quilmes.gov.ar\/guardavidas<\/a><\/p>\n\n\n\n<p>Requisitos:<\/p>\n\n\n\n<p>\u25aaSer mayor de 18 a\u00f1os y encontrarse en apta condici\u00f3n f\u00edsica para el cumplimiento de las tareas a desarrollar.<\/p>\n\n\n\n<p>\u25aaLibreta de guardavidas expedida por la Junta Provincial Guardavidas y Seguridad de Playas y Natatorios de Buenos Aires o expedida por la Direcci\u00f3n de Educaci\u00f3n F\u00edsica de la Provincia de Buenos Aires.<\/p>\n\n\n\n<p>\u25aaTener aprobada la prueba de suficiencia exigida anualmente, cuya constancia deber\u00e1 figurar en la libreta de guardavidas. Por COVID-19 se tomara como v\u00e1lida la prueba 2018\/2019.<\/p>\n\n\n\n<p>\u25aaAprobar el examen m\u00e9dico ante el organismo que se designe.<\/p>\n\n\n\n<p>\u25aaNo registrar sanciones que inhabiliten el desempe\u00f1o de su funci\u00f3n.<\/p>\n","protected":false},"excerpt":{"rendered":"<p>El Municipio de Quilmes informa que se encuentra abierta la inscripci\u00f3n para cubrir cargos vacantes de guardavidas, timoneles y conductores n\u00e1uticos para la temporada 2020-2021. En esta oportunidad, por prevenci\u00f3n COVID-19, la inscripci\u00f3n se realiza desde la p\u00e1gina web del Municipio, los interesados tienen tiempo de inscribirse hasta el mi\u00e9rcoles 30 de septiembre, en el&#8230;<\/p>\n","protected":false},"author":2,"featured_media":5855,"comment_status":"open","ping_status":"open","sticky":false,"template":"","format":"standard","meta":{"footnotes":""},"categories":[4],"tags":[],"class_list":["post-5854","post","type-post","status-publish","format-standard","has-post-thumbnail","hentry","category-quilmes"],"featured_image_src":"https:\/\/diarioprincipios.com\/wp-content\/uploads\/2020\/09\/20200928_125101.jpg","blog_images":{"medium":"https:\/\/diarioprincipios.com\/wp-content\/uploads\/2020\/09\/20200928_125101-300x169.jpg","large":"https:\/\/diarioprincipios.com\/wp-content\/uploads\/2020\/09\/20200928_125101.jpg"},"ams_acf":[],"yoast_head":"<!-- This site is optimized with the Yoast SEO plugin v27.3 - https:\/\/yoast.com\/product\/yoast-seo-wordpress\/ -->\n<title>Inscripci\u00f3n de Guardavidas Municipal temporada 2020-2021 - Principios<\/title>\n<meta name=\"robots\" content=\"index, follow, max-snippet:-1, max-image-preview:large, max-video-preview:-1\" \/>\n<link rel=\"canonical\" href=\"https:\/\/diarioprincipios.com\/index.php\/2020\/09\/28\/inscripcion-de-guardavidas-municipal-temporada-2020-2021\/\" \/>\n<meta property=\"og:locale\" content=\"es_ES\" \/>\n<meta property=\"og:type\" content=\"article\" \/>\n<meta property=\"og:title\" content=\"Inscripci\u00f3n de Guardavidas Municipal temporada 2020-2021 - Principios\" \/>\n<meta property=\"og:description\" content=\"El Municipio de Quilmes informa que se encuentra abierta la inscripci\u00f3n para cubrir cargos vacantes de guardavidas, timoneles y conductores n\u00e1uticos para la temporada 2020-2021. En esta oportunidad, por prevenci\u00f3n COVID-19, la inscripci\u00f3n se realiza desde la p\u00e1gina web del Municipio, los interesados tienen tiempo de inscribirse hasta el mi\u00e9rcoles 30 de septiembre, en el...\" \/>\n<meta property=\"og:url\" content=\"https:\/\/diarioprincipios.com\/index.php\/2020\/09\/28\/inscripcion-de-guardavidas-municipal-temporada-2020-2021\/\" \/>\n<meta property=\"og:site_name\" content=\"Principios\" \/>\n<meta property=\"article:published_time\" content=\"2020-09-28T15:54:32+00:00\" \/>\n<meta property=\"article:modified_time\" content=\"2020-09-28T15:54:37+00:00\" \/>\n<meta property=\"og:image\" content=\"https:\/\/diarioprincipios.com\/wp-content\/uploads\/2020\/09\/20200928_125101.jpg\" \/>\n\t<meta property=\"og:image:width\" content=\"744\" \/>\n\t<meta property=\"og:image:height\" content=\"418\" \/>\n\t<meta property=\"og:image:type\" content=\"image\/jpeg\" \/>\n<meta name=\"author\" content=\"Hern\u00e1n L\u00f3pez\" \/>\n<meta name=\"twitter:card\" content=\"summary_large_image\" \/>\n<meta name=\"twitter:label1\" content=\"Escrito por\" \/>\n\t<meta name=\"twitter:data1\" content=\"Hern\u00e1n L\u00f3pez\" \/>\n\t<meta name=\"twitter:label2\" content=\"Tiempo de lectura\" \/>\n\t<meta name=\"twitter:data2\" content=\"1 minuto\" \/>\n<script type=\"application\/ld+json\" class=\"yoast-schema-graph\">{\"@context\":\"https:\\\/\\\/schema.org\",\"@graph\":[{\"@type\":\"Article\",\"@id\":\"https:\\\/\\\/diarioprincipios.com\\\/index.php\\\/2020\\\/09\\\/28\\\/inscripcion-de-guardavidas-municipal-temporada-2020-2021\\\/#article\",\"isPartOf\":{\"@id\":\"https:\\\/\\\/diarioprincipios.com\\\/index.php\\\/2020\\\/09\\\/28\\\/inscripcion-de-guardavidas-municipal-temporada-2020-2021\\\/\"},\"author\":{\"name\":\"Hern\u00e1n L\u00f3pez\",\"@id\":\"https:\\\/\\\/diarioprincipios.com\\\/#\\\/schema\\\/person\\\/436d5a1fd41a5e250e23ff5a6a7cb080\"},\"headline\":\"Inscripci\u00f3n de Guardavidas Municipal temporada 2020-2021\",\"datePublished\":\"2020-09-28T15:54:32+00:00\",\"dateModified\":\"2020-09-28T15:54:37+00:00\",\"mainEntityOfPage\":{\"@id\":\"https:\\\/\\\/diarioprincipios.com\\\/index.php\\\/2020\\\/09\\\/28\\\/inscripcion-de-guardavidas-municipal-temporada-2020-2021\\\/\"},\"wordCount\":209,\"commentCount\":0,\"publisher\":{\"@id\":\"https:\\\/\\\/diarioprincipios.com\\\/#organization\"},\"image\":{\"@id\":\"https:\\\/\\\/diarioprincipios.com\\\/index.php\\\/2020\\\/09\\\/28\\\/inscripcion-de-guardavidas-municipal-temporada-2020-2021\\\/#primaryimage\"},\"thumbnailUrl\":\"https:\\\/\\\/diarioprincipios.com\\\/wp-content\\\/uploads\\\/2020\\\/09\\\/20200928_125101.jpg\",\"articleSection\":[\"Quilmes\"],\"inLanguage\":\"es\",\"potentialAction\":[{\"@type\":\"CommentAction\",\"name\":\"Comment\",\"target\":[\"https:\\\/\\\/diarioprincipios.com\\\/index.php\\\/2020\\\/09\\\/28\\\/inscripcion-de-guardavidas-municipal-temporada-2020-2021\\\/#respond\"]}]},{\"@type\":\"WebPage\",\"@id\":\"https:\\\/\\\/diarioprincipios.com\\\/index.php\\\/2020\\\/09\\\/28\\\/inscripcion-de-guardavidas-municipal-temporada-2020-2021\\\/\",\"url\":\"https:\\\/\\\/diarioprincipios.com\\\/index.php\\\/2020\\\/09\\\/28\\\/inscripcion-de-guardavidas-municipal-temporada-2020-2021\\\/\",\"name\":\"Inscripci\u00f3n de Guardavidas Municipal temporada 2020-2021 - Principios\",\"isPartOf\":{\"@id\":\"https:\\\/\\\/diarioprincipios.com\\\/#website\"},\"primaryImageOfPage\":{\"@id\":\"https:\\\/\\\/diarioprincipios.com\\\/index.php\\\/2020\\\/09\\\/28\\\/inscripcion-de-guardavidas-municipal-temporada-2020-2021\\\/#primaryimage\"},\"image\":{\"@id\":\"https:\\\/\\\/diarioprincipios.com\\\/index.php\\\/2020\\\/09\\\/28\\\/inscripcion-de-guardavidas-municipal-temporada-2020-2021\\\/#primaryimage\"},\"thumbnailUrl\":\"https:\\\/\\\/diarioprincipios.com\\\/wp-content\\\/uploads\\\/2020\\\/09\\\/20200928_125101.jpg\",\"datePublished\":\"2020-09-28T15:54:32+00:00\",\"dateModified\":\"2020-09-28T15:54:37+00:00\",\"breadcrumb\":{\"@id\":\"https:\\\/\\\/diarioprincipios.com\\\/index.php\\\/2020\\\/09\\\/28\\\/inscripcion-de-guardavidas-municipal-temporada-2020-2021\\\/#breadcrumb\"},\"inLanguage\":\"es\",\"potentialAction\":[{\"@type\":\"ReadAction\",\"target\":[\"https:\\\/\\\/diarioprincipios.com\\\/index.php\\\/2020\\\/09\\\/28\\\/inscripcion-de-guardavidas-municipal-temporada-2020-2021\\\/\"]}]},{\"@type\":\"ImageObject\",\"inLanguage\":\"es\",\"@id\":\"https:\\\/\\\/diarioprincipios.com\\\/index.php\\\/2020\\\/09\\\/28\\\/inscripcion-de-guardavidas-municipal-temporada-2020-2021\\\/#primaryimage\",\"url\":\"https:\\\/\\\/diarioprincipios.com\\\/wp-content\\\/uploads\\\/2020\\\/09\\\/20200928_125101.jpg\",\"contentUrl\":\"https:\\\/\\\/diarioprincipios.com\\\/wp-content\\\/uploads\\\/2020\\\/09\\\/20200928_125101.jpg\",\"width\":744,\"height\":418},{\"@type\":\"BreadcrumbList\",\"@id\":\"https:\\\/\\\/diarioprincipios.com\\\/index.php\\\/2020\\\/09\\\/28\\\/inscripcion-de-guardavidas-municipal-temporada-2020-2021\\\/#breadcrumb\",\"itemListElement\":[{\"@type\":\"ListItem\",\"position\":1,\"name\":\"Portada\",\"item\":\"https:\\\/\\\/diarioprincipios.com\\\/\"},{\"@type\":\"ListItem\",\"position\":2,\"name\":\"Inscripci\u00f3n de Guardavidas Municipal temporada 2020-2021\"}]},{\"@type\":\"WebSite\",\"@id\":\"https:\\\/\\\/diarioprincipios.com\\\/#website\",\"url\":\"https:\\\/\\\/diarioprincipios.com\\\/\",\"name\":\"Principios\",\"description\":\"Principios Diario\",\"publisher\":{\"@id\":\"https:\\\/\\\/diarioprincipios.com\\\/#organization\"},\"potentialAction\":[{\"@type\":\"SearchAction\",\"target\":{\"@type\":\"EntryPoint\",\"urlTemplate\":\"https:\\\/\\\/diarioprincipios.com\\\/?s={search_term_string}\"},\"query-input\":{\"@type\":\"PropertyValueSpecification\",\"valueRequired\":true,\"valueName\":\"search_term_string\"}}],\"inLanguage\":\"es\"},{\"@type\":\"Organization\",\"@id\":\"https:\\\/\\\/diarioprincipios.com\\\/#organization\",\"name\":\"Principios\",\"url\":\"https:\\\/\\\/diarioprincipios.com\\\/\",\"logo\":{\"@type\":\"ImageObject\",\"inLanguage\":\"es\",\"@id\":\"https:\\\/\\\/diarioprincipios.com\\\/#\\\/schema\\\/logo\\\/image\\\/\",\"url\":\"https:\\\/\\\/diarioprincipios.com\\\/wp-content\\\/uploads\\\/2024\\\/04\\\/cropped-www.diarioprincipios.com_-1.png\",\"contentUrl\":\"https:\\\/\\\/diarioprincipios.com\\\/wp-content\\\/uploads\\\/2024\\\/04\\\/cropped-www.diarioprincipios.com_-1.png\",\"width\":5325,\"height\":1454,\"caption\":\"Principios\"},\"image\":{\"@id\":\"https:\\\/\\\/diarioprincipios.com\\\/#\\\/schema\\\/logo\\\/image\\\/\"}},{\"@type\":\"Person\",\"@id\":\"https:\\\/\\\/diarioprincipios.com\\\/#\\\/schema\\\/person\\\/436d5a1fd41a5e250e23ff5a6a7cb080\",\"name\":\"Hern\u00e1n L\u00f3pez\",\"image\":{\"@type\":\"ImageObject\",\"inLanguage\":\"es\",\"@id\":\"https:\\\/\\\/diarioprincipios.com\\\/wp-content\\\/litespeed\\\/avatar\\\/11ddfe5610ff3bd100522525b2571f48.jpg?ver=1777048341\",\"url\":\"https:\\\/\\\/diarioprincipios.com\\\/wp-content\\\/litespeed\\\/avatar\\\/11ddfe5610ff3bd100522525b2571f48.jpg?ver=1777048341\",\"contentUrl\":\"https:\\\/\\\/diarioprincipios.com\\\/wp-content\\\/litespeed\\\/avatar\\\/11ddfe5610ff3bd100522525b2571f48.jpg?ver=1777048341\",\"caption\":\"Hern\u00e1n L\u00f3pez\"},\"url\":\"https:\\\/\\\/diarioprincipios.com\\\/index.php\\\/author\\\/hernan\\\/\"}]}<\/script>\n<!-- \/ Yoast SEO plugin. -->","yoast_head_json":{"title":"Inscripci\u00f3n de Guardavidas Municipal temporada 2020-2021 - Principios","robots":{"index":"index","follow":"follow","max-snippet":"max-snippet:-1","max-image-preview":"max-image-preview:large","max-video-preview":"max-video-preview:-1"},"canonical":"https:\/\/diarioprincipios.com\/index.php\/2020\/09\/28\/inscripcion-de-guardavidas-municipal-temporada-2020-2021\/","og_locale":"es_ES","og_type":"article","og_title":"Inscripci\u00f3n de Guardavidas Municipal temporada 2020-2021 - Principios","og_description":"El Municipio de Quilmes informa que se encuentra abierta la inscripci\u00f3n para cubrir cargos vacantes de guardavidas, timoneles y conductores n\u00e1uticos para la temporada 2020-2021. En esta oportunidad, por prevenci\u00f3n COVID-19, la inscripci\u00f3n se realiza desde la p\u00e1gina web del Municipio, los interesados tienen tiempo de inscribirse hasta el mi\u00e9rcoles 30 de septiembre, en el...","og_url":"https:\/\/diarioprincipios.com\/index.php\/2020\/09\/28\/inscripcion-de-guardavidas-municipal-temporada-2020-2021\/","og_site_name":"Principios","article_published_time":"2020-09-28T15:54:32+00:00","article_modified_time":"2020-09-28T15:54:37+00:00","og_image":[{"width":744,"height":418,"url":"https:\/\/diarioprincipios.com\/wp-content\/uploads\/2020\/09\/20200928_125101.jpg","type":"image\/jpeg"}],"author":"Hern\u00e1n L\u00f3pez","twitter_card":"summary_large_image","twitter_misc":{"Escrito por":"Hern\u00e1n L\u00f3pez","Tiempo de lectura":"1 minuto"},"schema":{"@context":"https:\/\/schema.org","@graph":[{"@type":"Article","@id":"https:\/\/diarioprincipios.com\/index.php\/2020\/09\/28\/inscripcion-de-guardavidas-municipal-temporada-2020-2021\/#article","isPartOf":{"@id":"https:\/\/diarioprincipios.com\/index.php\/2020\/09\/28\/inscripcion-de-guardavidas-municipal-temporada-2020-2021\/"},"author":{"name":"Hern\u00e1n L\u00f3pez","@id":"https:\/\/diarioprincipios.com\/#\/schema\/person\/436d5a1fd41a5e250e23ff5a6a7cb080"},"headline":"Inscripci\u00f3n de Guardavidas Municipal temporada 2020-2021","datePublished":"2020-09-28T15:54:32+00:00","dateModified":"2020-09-28T15:54:37+00:00","mainEntityOfPage":{"@id":"https:\/\/diarioprincipios.com\/index.php\/2020\/09\/28\/inscripcion-de-guardavidas-municipal-temporada-2020-2021\/"},"wordCount":209,"commentCount":0,"publisher":{"@id":"https:\/\/diarioprincipios.com\/#organization"},"image":{"@id":"https:\/\/diarioprincipios.com\/index.php\/2020\/09\/28\/inscripcion-de-guardavidas-municipal-temporada-2020-2021\/#primaryimage"},"thumbnailUrl":"https:\/\/diarioprincipios.com\/wp-content\/uploads\/2020\/09\/20200928_125101.jpg","articleSection":["Quilmes"],"inLanguage":"es","potentialAction":[{"@type":"CommentAction","name":"Comment","target":["https:\/\/diarioprincipios.com\/index.php\/2020\/09\/28\/inscripcion-de-guardavidas-municipal-temporada-2020-2021\/#respond"]}]},{"@type":"WebPage","@id":"https:\/\/diarioprincipios.com\/index.php\/2020\/09\/28\/inscripcion-de-guardavidas-municipal-temporada-2020-2021\/","url":"https:\/\/diarioprincipios.com\/index.php\/2020\/09\/28\/inscripcion-de-guardavidas-municipal-temporada-2020-2021\/","name":"Inscripci\u00f3n de Guardavidas Municipal temporada 2020-2021 - Principios","isPartOf":{"@id":"https:\/\/diarioprincipios.com\/#website"},"primaryImageOfPage":{"@id":"https:\/\/diarioprincipios.com\/index.php\/2020\/09\/28\/inscripcion-de-guardavidas-municipal-temporada-2020-2021\/#primaryimage"},"image":{"@id":"https:\/\/diarioprincipios.com\/index.php\/2020\/09\/28\/inscripcion-de-guardavidas-municipal-temporada-2020-2021\/#primaryimage"},"thumbnailUrl":"https:\/\/diarioprincipios.com\/wp-content\/uploads\/2020\/09\/20200928_125101.jpg","datePublished":"2020-09-28T15:54:32+00:00","dateModified":"2020-09-28T15:54:37+00:00","breadcrumb":{"@id":"https:\/\/diarioprincipios.com\/index.php\/2020\/09\/28\/inscripcion-de-guardavidas-municipal-temporada-2020-2021\/#breadcrumb"},"inLanguage":"es","potentialAction":[{"@type":"ReadAction","target":["https:\/\/diarioprincipios.com\/index.php\/2020\/09\/28\/inscripcion-de-guardavidas-municipal-temporada-2020-2021\/"]}]},{"@type":"ImageObject","inLanguage":"es","@id":"https:\/\/diarioprincipios.com\/index.php\/2020\/09\/28\/inscripcion-de-guardavidas-municipal-temporada-2020-2021\/#primaryimage","url":"https:\/\/diarioprincipios.com\/wp-content\/uploads\/2020\/09\/20200928_125101.jpg","contentUrl":"https:\/\/diarioprincipios.com\/wp-content\/uploads\/2020\/09\/20200928_125101.jpg","width":744,"height":418},{"@type":"BreadcrumbList","@id":"https:\/\/diarioprincipios.com\/index.php\/2020\/09\/28\/inscripcion-de-guardavidas-municipal-temporada-2020-2021\/#breadcrumb","itemListElement":[{"@type":"ListItem","position":1,"name":"Portada","item":"https:\/\/diarioprincipios.com\/"},{"@type":"ListItem","position":2,"name":"Inscripci\u00f3n de Guardavidas Municipal temporada 2020-2021"}]},{"@type":"WebSite","@id":"https:\/\/diarioprincipios.com\/#website","url":"https:\/\/diarioprincipios.com\/","name":"Principios","description":"Principios Diario","publisher":{"@id":"https:\/\/diarioprincipios.com\/#organization"},"potentialAction":[{"@type":"SearchAction","target":{"@type":"EntryPoint","urlTemplate":"https:\/\/diarioprincipios.com\/?s={search_term_string}"},"query-input":{"@type":"PropertyValueSpecification","valueRequired":true,"valueName":"search_term_string"}}],"inLanguage":"es"},{"@type":"Organization","@id":"https:\/\/diarioprincipios.com\/#organization","name":"Principios","url":"https:\/\/diarioprincipios.com\/","logo":{"@type":"ImageObject","inLanguage":"es","@id":"https:\/\/diarioprincipios.com\/#\/schema\/logo\/image\/","url":"https:\/\/diarioprincipios.com\/wp-content\/uploads\/2024\/04\/cropped-www.diarioprincipios.com_-1.png","contentUrl":"https:\/\/diarioprincipios.com\/wp-content\/uploads\/2024\/04\/cropped-www.diarioprincipios.com_-1.png","width":5325,"height":1454,"caption":"Principios"},"image":{"@id":"https:\/\/diarioprincipios.com\/#\/schema\/logo\/image\/"}},{"@type":"Person","@id":"https:\/\/diarioprincipios.com\/#\/schema\/person\/436d5a1fd41a5e250e23ff5a6a7cb080","name":"Hern\u00e1n L\u00f3pez","image":{"@type":"ImageObject","inLanguage":"es","@id":"https:\/\/diarioprincipios.com\/wp-content\/litespeed\/avatar\/11ddfe5610ff3bd100522525b2571f48.jpg?ver=1777048341","url":"https:\/\/diarioprincipios.com\/wp-content\/litespeed\/avatar\/11ddfe5610ff3bd100522525b2571f48.jpg?ver=1777048341","contentUrl":"https:\/\/diarioprincipios.com\/wp-content\/litespeed\/avatar\/11ddfe5610ff3bd100522525b2571f48.jpg?ver=1777048341","caption":"Hern\u00e1n L\u00f3pez"},"url":"https:\/\/diarioprincipios.com\/index.php\/author\/hernan\/"}]}},"jetpack_featured_media_url":"https:\/\/diarioprincipios.com\/wp-content\/uploads\/2020\/09\/20200928_125101.jpg","_links":{"self":[{"href":"https:\/\/diarioprincipios.com\/index.php\/wp-json\/wp\/v2\/posts\/5854","targetHints":{"allow":["GET"]}}],"collection":[{"href":"https:\/\/diarioprincipios.com\/index.php\/wp-json\/wp\/v2\/posts"}],"about":[{"href":"https:\/\/diarioprincipios.com\/index.php\/wp-json\/wp\/v2\/types\/post"}],"author":[{"embeddable":true,"href":"https:\/\/diarioprincipios.com\/index.php\/wp-json\/wp\/v2\/users\/2"}],"replies":[{"embeddable":true,"href":"https:\/\/diarioprincipios.com\/index.php\/wp-json\/wp\/v2\/comments?post=5854"}],"version-history":[{"count":1,"href":"https:\/\/diarioprincipios.com\/index.php\/wp-json\/wp\/v2\/posts\/5854\/revisions"}],"predecessor-version":[{"id":5856,"href":"https:\/\/diarioprincipios.com\/index.php\/wp-json\/wp\/v2\/posts\/5854\/revisions\/5856"}],"wp:featuredmedia":[{"embeddable":true,"href":"https:\/\/diarioprincipios.com\/index.php\/wp-json\/wp\/v2\/media\/5855"}],"wp:attachment":[{"href":"https:\/\/diarioprincipios.com\/index.php\/wp-json\/wp\/v2\/media?parent=5854"}],"wp:term":[{"taxonomy":"category","embeddable":true,"href":"https:\/\/diarioprincipios.com\/index.php\/wp-json\/wp\/v2\/categories?post=5854"},{"taxonomy":"post_tag","embeddable":true,"href":"https:\/\/diarioprincipios.com\/index.php\/wp-json\/wp\/v2\/tags?post=5854"}],"curies":[{"name":"wp","href":"https:\/\/api.w.org\/{rel}","templated":true}]}}