{"id":5848,"date":"2020-09-27T13:59:36","date_gmt":"2020-09-27T16:59:36","guid":{"rendered":"http:\/\/diarioprincipios.com\/?p=5848"},"modified":"2020-09-27T13:59:40","modified_gmt":"2020-09-27T16:59:40","slug":"mayra-mendoza-hasta-que-no-este-la-vacuna-no-podemos-tener-clases-presenciales-y-poner-en-riesgo-a-docentes-alumnos-y-sus-familias","status":"publish","type":"post","link":"https:\/\/diarioprincipios.com\/index.php\/2020\/09\/27\/mayra-mendoza-hasta-que-no-este-la-vacuna-no-podemos-tener-clases-presenciales-y-poner-en-riesgo-a-docentes-alumnos-y-sus-familias\/","title":{"rendered":"Mayra Mendoza: \u00abHasta que no est\u00e9 la vacuna no podemos tener clases presenciales y poner en riesgo a docentes, alumnos y sus familias\u00bb"},"content":{"rendered":"\n<p>La intendenta de Quilmes, Mayra Mendoza, particip\u00f3 del encuentro que mantuvieron intendentes e intendentas de la provincia de Buenos Aires con Agustina Vila, directora general de Cultura y Educaci\u00f3n bonaerense; Nicol\u00e1s Kreplak, viceministro de Salud; y Teresa Garc\u00eda, ministra de Gobierno.<\/p>\n\n\n\n<p>Durante la reuni\u00f3n de la que participaron, adem\u00e1s de Mayra Mendoza, los intendentes de Malvinas Argentinas, Leo Nardini; de Pilar, Federico Achaval; de Avellaneda, Jorge Ferraresi; de Almirante Brown, Mariano Cascallares; de Tres de Febrero, Diego Valenzuela; de San Miguel, Jaime M\u00e9ndez; de Hurlingham, Juan Zabaleta; de Ituzaing\u00f3, Alberto Descalzo; y de Tigre, Julio Zamora; se conform\u00f3 una mesa de trabajo para ir evaluando los distintos escenarios que permitan lentamente ir retomando las clases de manera presencial en las escuelas. Igualmente, la Intendenta de Quilmes se\u00f1al\u00f3 que \u201choy esa posibilidad no est\u00e1 contemplada en lo inmediato. Hasta que no est\u00e9 la vacuna no podemos tener clases presenciales y poner en riesgo a docentes, alumnos y sus familias. Tenemos que ser serios y responsables en cada decisi\u00f3n que tomamos\u201d.<\/p>\n\n\n\n<p>\u201cSeguimos estando en un momento complicado del virus y eso hay que tenerlo claro. La reuni\u00f3n que tuvimos fue importante para evaluar propuestas y los protocolos para una posible vuelta a clases presenciales\u201d, explic\u00f3 Mayra Mendoza, pero insisti\u00f3 en que \u201ces necesario debatir, intercambiar ideas y ser conscientes de la responsabilidad que esto conlleva. No podemos tomar decisiones apresuradas que pongan en riesgo la salud del alumnado, docentes, ni el resto de la ciudadan\u00eda\u201d.<\/p>\n\n\n\n<p>\u201cHoy la vuelta a clases no es una preocupaci\u00f3n para los vecinos y vecinas de Quilmes. Si bien no es lo ideal, toda la comunidad educativa est\u00e1 haciendo un gran esfuerzo para dar continuidad a la formaci\u00f3n pedag\u00f3gica sin exponer a nadie a un virus que es muy contagioso y peligroso\u201d, destac\u00f3.<\/p>\n\n\n\n<p>\u201cAl d\u00eda de hoy los n\u00fameros de contagios siguen siendo altos. Tenemos que cuidar lo logrado, ir generando aperturas inteligentes sin comprometer a nuestro sistema de salud. Hoy la \u00fanica soluci\u00f3n que tenemos es la vacuna y esperemos que llegue lo antes posible\u201d, concluy\u00f3 Mayra Mendoza.<\/p>\n","protected":false},"excerpt":{"rendered":"<p>La intendenta de Quilmes, Mayra Mendoza, particip\u00f3 del encuentro que mantuvieron intendentes e intendentas de la provincia de Buenos Aires con Agustina Vila, directora general de Cultura y Educaci\u00f3n bonaerense; Nicol\u00e1s Kreplak, viceministro de Salud; y Teresa Garc\u00eda, ministra de Gobierno. Durante la reuni\u00f3n de la que participaron, adem\u00e1s de Mayra Mendoza, los intendentes de&#8230;<\/p>\n","protected":false},"author":2,"featured_media":5849,"comment_status":"open","ping_status":"open","sticky":false,"template":"","format":"standard","meta":{"footnotes":""},"categories":[4],"tags":[],"class_list":["post-5848","post","type-post","status-publish","format-standard","has-post-thumbnail","hentry","category-quilmes"],"featured_image_src":"https:\/\/diarioprincipios.com\/wp-content\/uploads\/2020\/09\/Screenshot_20200927-135906_Gallery-1024x656.jpg","blog_images":{"medium":"https:\/\/diarioprincipios.com\/wp-content\/uploads\/2020\/09\/Screenshot_20200927-135906_Gallery-300x192.jpg","large":"https:\/\/diarioprincipios.com\/wp-content\/uploads\/2020\/09\/Screenshot_20200927-135906_Gallery-1024x656.jpg"},"ams_acf":[],"yoast_head":"<!-- This site is optimized with the Yoast SEO plugin v27.3 - https:\/\/yoast.com\/product\/yoast-seo-wordpress\/ -->\n<title>Mayra Mendoza: &quot;Hasta que no est\u00e9 la vacuna no podemos tener clases presenciales y poner en riesgo a docentes, alumnos y sus familias&quot; - Principios<\/title>\n<meta name=\"robots\" content=\"index, follow, max-snippet:-1, max-image-preview:large, max-video-preview:-1\" \/>\n<link rel=\"canonical\" href=\"https:\/\/diarioprincipios.com\/index.php\/2020\/09\/27\/mayra-mendoza-hasta-que-no-este-la-vacuna-no-podemos-tener-clases-presenciales-y-poner-en-riesgo-a-docentes-alumnos-y-sus-familias\/\" \/>\n<meta property=\"og:locale\" content=\"es_ES\" \/>\n<meta property=\"og:type\" content=\"article\" \/>\n<meta property=\"og:title\" content=\"Mayra Mendoza: &quot;Hasta que no est\u00e9 la vacuna no podemos tener clases presenciales y poner en riesgo a docentes, alumnos y sus familias&quot; - Principios\" \/>\n<meta property=\"og:description\" content=\"La intendenta de Quilmes, Mayra Mendoza, particip\u00f3 del encuentro que mantuvieron intendentes e intendentas de la provincia de Buenos Aires con Agustina Vila, directora general de Cultura y Educaci\u00f3n bonaerense; Nicol\u00e1s Kreplak, viceministro de Salud; y Teresa Garc\u00eda, ministra de Gobierno. Durante la reuni\u00f3n de la que participaron, adem\u00e1s de Mayra Mendoza, los intendentes de...\" \/>\n<meta property=\"og:url\" content=\"https:\/\/diarioprincipios.com\/index.php\/2020\/09\/27\/mayra-mendoza-hasta-que-no-este-la-vacuna-no-podemos-tener-clases-presenciales-y-poner-en-riesgo-a-docentes-alumnos-y-sus-familias\/\" \/>\n<meta property=\"og:site_name\" content=\"Principios\" \/>\n<meta property=\"article:published_time\" content=\"2020-09-27T16:59:36+00:00\" \/>\n<meta property=\"article:modified_time\" content=\"2020-09-27T16:59:40+00:00\" \/>\n<meta property=\"og:image\" content=\"https:\/\/diarioprincipios.com\/wp-content\/uploads\/2020\/09\/Screenshot_20200927-135906_Gallery.jpg\" \/>\n\t<meta property=\"og:image:width\" content=\"1079\" \/>\n\t<meta property=\"og:image:height\" content=\"691\" \/>\n\t<meta property=\"og:image:type\" content=\"image\/jpeg\" \/>\n<meta name=\"author\" content=\"Hern\u00e1n L\u00f3pez\" \/>\n<meta name=\"twitter:card\" content=\"summary_large_image\" \/>\n<meta name=\"twitter:label1\" content=\"Escrito por\" \/>\n\t<meta name=\"twitter:data1\" content=\"Hern\u00e1n L\u00f3pez\" \/>\n\t<meta name=\"twitter:label2\" content=\"Tiempo de lectura\" \/>\n\t<meta name=\"twitter:data2\" content=\"2 minutos\" \/>\n<script type=\"application\/ld+json\" class=\"yoast-schema-graph\">{\"@context\":\"https:\\\/\\\/schema.org\",\"@graph\":[{\"@type\":\"Article\",\"@id\":\"https:\\\/\\\/diarioprincipios.com\\\/index.php\\\/2020\\\/09\\\/27\\\/mayra-mendoza-hasta-que-no-este-la-vacuna-no-podemos-tener-clases-presenciales-y-poner-en-riesgo-a-docentes-alumnos-y-sus-familias\\\/#article\",\"isPartOf\":{\"@id\":\"https:\\\/\\\/diarioprincipios.com\\\/index.php\\\/2020\\\/09\\\/27\\\/mayra-mendoza-hasta-que-no-este-la-vacuna-no-podemos-tener-clases-presenciales-y-poner-en-riesgo-a-docentes-alumnos-y-sus-familias\\\/\"},\"author\":{\"name\":\"Hern\u00e1n L\u00f3pez\",\"@id\":\"https:\\\/\\\/diarioprincipios.com\\\/#\\\/schema\\\/person\\\/436d5a1fd41a5e250e23ff5a6a7cb080\"},\"headline\":\"Mayra Mendoza: \u00abHasta que no est\u00e9 la vacuna no podemos tener clases presenciales y poner en riesgo a docentes, alumnos y sus familias\u00bb\",\"datePublished\":\"2020-09-27T16:59:36+00:00\",\"dateModified\":\"2020-09-27T16:59:40+00:00\",\"mainEntityOfPage\":{\"@id\":\"https:\\\/\\\/diarioprincipios.com\\\/index.php\\\/2020\\\/09\\\/27\\\/mayra-mendoza-hasta-que-no-este-la-vacuna-no-podemos-tener-clases-presenciales-y-poner-en-riesgo-a-docentes-alumnos-y-sus-familias\\\/\"},\"wordCount\":380,\"commentCount\":0,\"publisher\":{\"@id\":\"https:\\\/\\\/diarioprincipios.com\\\/#organization\"},\"image\":{\"@id\":\"https:\\\/\\\/diarioprincipios.com\\\/index.php\\\/2020\\\/09\\\/27\\\/mayra-mendoza-hasta-que-no-este-la-vacuna-no-podemos-tener-clases-presenciales-y-poner-en-riesgo-a-docentes-alumnos-y-sus-familias\\\/#primaryimage\"},\"thumbnailUrl\":\"https:\\\/\\\/diarioprincipios.com\\\/wp-content\\\/uploads\\\/2020\\\/09\\\/Screenshot_20200927-135906_Gallery.jpg\",\"articleSection\":[\"Quilmes\"],\"inLanguage\":\"es\",\"potentialAction\":[{\"@type\":\"CommentAction\",\"name\":\"Comment\",\"target\":[\"https:\\\/\\\/diarioprincipios.com\\\/index.php\\\/2020\\\/09\\\/27\\\/mayra-mendoza-hasta-que-no-este-la-vacuna-no-podemos-tener-clases-presenciales-y-poner-en-riesgo-a-docentes-alumnos-y-sus-familias\\\/#respond\"]}]},{\"@type\":\"WebPage\",\"@id\":\"https:\\\/\\\/diarioprincipios.com\\\/index.php\\\/2020\\\/09\\\/27\\\/mayra-mendoza-hasta-que-no-este-la-vacuna-no-podemos-tener-clases-presenciales-y-poner-en-riesgo-a-docentes-alumnos-y-sus-familias\\\/\",\"url\":\"https:\\\/\\\/diarioprincipios.com\\\/index.php\\\/2020\\\/09\\\/27\\\/mayra-mendoza-hasta-que-no-este-la-vacuna-no-podemos-tener-clases-presenciales-y-poner-en-riesgo-a-docentes-alumnos-y-sus-familias\\\/\",\"name\":\"Mayra Mendoza: \\\"Hasta que no est\u00e9 la vacuna no podemos tener clases presenciales y poner en riesgo a docentes, alumnos y sus familias\\\" - Principios\",\"isPartOf\":{\"@id\":\"https:\\\/\\\/diarioprincipios.com\\\/#website\"},\"primaryImageOfPage\":{\"@id\":\"https:\\\/\\\/diarioprincipios.com\\\/index.php\\\/2020\\\/09\\\/27\\\/mayra-mendoza-hasta-que-no-este-la-vacuna-no-podemos-tener-clases-presenciales-y-poner-en-riesgo-a-docentes-alumnos-y-sus-familias\\\/#primaryimage\"},\"image\":{\"@id\":\"https:\\\/\\\/diarioprincipios.com\\\/index.php\\\/2020\\\/09\\\/27\\\/mayra-mendoza-hasta-que-no-este-la-vacuna-no-podemos-tener-clases-presenciales-y-poner-en-riesgo-a-docentes-alumnos-y-sus-familias\\\/#primaryimage\"},\"thumbnailUrl\":\"https:\\\/\\\/diarioprincipios.com\\\/wp-content\\\/uploads\\\/2020\\\/09\\\/Screenshot_20200927-135906_Gallery.jpg\",\"datePublished\":\"2020-09-27T16:59:36+00:00\",\"dateModified\":\"2020-09-27T16:59:40+00:00\",\"breadcrumb\":{\"@id\":\"https:\\\/\\\/diarioprincipios.com\\\/index.php\\\/2020\\\/09\\\/27\\\/mayra-mendoza-hasta-que-no-este-la-vacuna-no-podemos-tener-clases-presenciales-y-poner-en-riesgo-a-docentes-alumnos-y-sus-familias\\\/#breadcrumb\"},\"inLanguage\":\"es\",\"potentialAction\":[{\"@type\":\"ReadAction\",\"target\":[\"https:\\\/\\\/diarioprincipios.com\\\/index.php\\\/2020\\\/09\\\/27\\\/mayra-mendoza-hasta-que-no-este-la-vacuna-no-podemos-tener-clases-presenciales-y-poner-en-riesgo-a-docentes-alumnos-y-sus-familias\\\/\"]}]},{\"@type\":\"ImageObject\",\"inLanguage\":\"es\",\"@id\":\"https:\\\/\\\/diarioprincipios.com\\\/index.php\\\/2020\\\/09\\\/27\\\/mayra-mendoza-hasta-que-no-este-la-vacuna-no-podemos-tener-clases-presenciales-y-poner-en-riesgo-a-docentes-alumnos-y-sus-familias\\\/#primaryimage\",\"url\":\"https:\\\/\\\/diarioprincipios.com\\\/wp-content\\\/uploads\\\/2020\\\/09\\\/Screenshot_20200927-135906_Gallery.jpg\",\"contentUrl\":\"https:\\\/\\\/diarioprincipios.com\\\/wp-content\\\/uploads\\\/2020\\\/09\\\/Screenshot_20200927-135906_Gallery.jpg\",\"width\":1079,\"height\":691},{\"@type\":\"BreadcrumbList\",\"@id\":\"https:\\\/\\\/diarioprincipios.com\\\/index.php\\\/2020\\\/09\\\/27\\\/mayra-mendoza-hasta-que-no-este-la-vacuna-no-podemos-tener-clases-presenciales-y-poner-en-riesgo-a-docentes-alumnos-y-sus-familias\\\/#breadcrumb\",\"itemListElement\":[{\"@type\":\"ListItem\",\"position\":1,\"name\":\"Portada\",\"item\":\"https:\\\/\\\/diarioprincipios.com\\\/\"},{\"@type\":\"ListItem\",\"position\":2,\"name\":\"Mayra Mendoza: \u00abHasta que no est\u00e9 la vacuna no podemos tener clases presenciales y poner en riesgo a docentes, alumnos y sus familias\u00bb\"}]},{\"@type\":\"WebSite\",\"@id\":\"https:\\\/\\\/diarioprincipios.com\\\/#website\",\"url\":\"https:\\\/\\\/diarioprincipios.com\\\/\",\"name\":\"Principios\",\"description\":\"Principios Diario\",\"publisher\":{\"@id\":\"https:\\\/\\\/diarioprincipios.com\\\/#organization\"},\"potentialAction\":[{\"@type\":\"SearchAction\",\"target\":{\"@type\":\"EntryPoint\",\"urlTemplate\":\"https:\\\/\\\/diarioprincipios.com\\\/?s={search_term_string}\"},\"query-input\":{\"@type\":\"PropertyValueSpecification\",\"valueRequired\":true,\"valueName\":\"search_term_string\"}}],\"inLanguage\":\"es\"},{\"@type\":\"Organization\",\"@id\":\"https:\\\/\\\/diarioprincipios.com\\\/#organization\",\"name\":\"Principios\",\"url\":\"https:\\\/\\\/diarioprincipios.com\\\/\",\"logo\":{\"@type\":\"ImageObject\",\"inLanguage\":\"es\",\"@id\":\"https:\\\/\\\/diarioprincipios.com\\\/#\\\/schema\\\/logo\\\/image\\\/\",\"url\":\"https:\\\/\\\/diarioprincipios.com\\\/wp-content\\\/uploads\\\/2024\\\/04\\\/cropped-www.diarioprincipios.com_-1.png\",\"contentUrl\":\"https:\\\/\\\/diarioprincipios.com\\\/wp-content\\\/uploads\\\/2024\\\/04\\\/cropped-www.diarioprincipios.com_-1.png\",\"width\":5325,\"height\":1454,\"caption\":\"Principios\"},\"image\":{\"@id\":\"https:\\\/\\\/diarioprincipios.com\\\/#\\\/schema\\\/logo\\\/image\\\/\"}},{\"@type\":\"Person\",\"@id\":\"https:\\\/\\\/diarioprincipios.com\\\/#\\\/schema\\\/person\\\/436d5a1fd41a5e250e23ff5a6a7cb080\",\"name\":\"Hern\u00e1n L\u00f3pez\",\"image\":{\"@type\":\"ImageObject\",\"inLanguage\":\"es\",\"@id\":\"https:\\\/\\\/diarioprincipios.com\\\/wp-content\\\/litespeed\\\/avatar\\\/11ddfe5610ff3bd100522525b2571f48.jpg?ver=1777048341\",\"url\":\"https:\\\/\\\/diarioprincipios.com\\\/wp-content\\\/litespeed\\\/avatar\\\/11ddfe5610ff3bd100522525b2571f48.jpg?ver=1777048341\",\"contentUrl\":\"https:\\\/\\\/diarioprincipios.com\\\/wp-content\\\/litespeed\\\/avatar\\\/11ddfe5610ff3bd100522525b2571f48.jpg?ver=1777048341\",\"caption\":\"Hern\u00e1n L\u00f3pez\"},\"url\":\"https:\\\/\\\/diarioprincipios.com\\\/index.php\\\/author\\\/hernan\\\/\"}]}<\/script>\n<!-- \/ Yoast SEO plugin. -->","yoast_head_json":{"title":"Mayra Mendoza: \"Hasta que no est\u00e9 la vacuna no podemos tener clases presenciales y poner en riesgo a docentes, alumnos y sus familias\" - Principios","robots":{"index":"index","follow":"follow","max-snippet":"max-snippet:-1","max-image-preview":"max-image-preview:large","max-video-preview":"max-video-preview:-1"},"canonical":"https:\/\/diarioprincipios.com\/index.php\/2020\/09\/27\/mayra-mendoza-hasta-que-no-este-la-vacuna-no-podemos-tener-clases-presenciales-y-poner-en-riesgo-a-docentes-alumnos-y-sus-familias\/","og_locale":"es_ES","og_type":"article","og_title":"Mayra Mendoza: \"Hasta que no est\u00e9 la vacuna no podemos tener clases presenciales y poner en riesgo a docentes, alumnos y sus familias\" - Principios","og_description":"La intendenta de Quilmes, Mayra Mendoza, particip\u00f3 del encuentro que mantuvieron intendentes e intendentas de la provincia de Buenos Aires con Agustina Vila, directora general de Cultura y Educaci\u00f3n bonaerense; Nicol\u00e1s Kreplak, viceministro de Salud; y Teresa Garc\u00eda, ministra de Gobierno. Durante la reuni\u00f3n de la que participaron, adem\u00e1s de Mayra Mendoza, los intendentes de...","og_url":"https:\/\/diarioprincipios.com\/index.php\/2020\/09\/27\/mayra-mendoza-hasta-que-no-este-la-vacuna-no-podemos-tener-clases-presenciales-y-poner-en-riesgo-a-docentes-alumnos-y-sus-familias\/","og_site_name":"Principios","article_published_time":"2020-09-27T16:59:36+00:00","article_modified_time":"2020-09-27T16:59:40+00:00","og_image":[{"width":1079,"height":691,"url":"https:\/\/diarioprincipios.com\/wp-content\/uploads\/2020\/09\/Screenshot_20200927-135906_Gallery.jpg","type":"image\/jpeg"}],"author":"Hern\u00e1n L\u00f3pez","twitter_card":"summary_large_image","twitter_misc":{"Escrito por":"Hern\u00e1n L\u00f3pez","Tiempo de lectura":"2 minutos"},"schema":{"@context":"https:\/\/schema.org","@graph":[{"@type":"Article","@id":"https:\/\/diarioprincipios.com\/index.php\/2020\/09\/27\/mayra-mendoza-hasta-que-no-este-la-vacuna-no-podemos-tener-clases-presenciales-y-poner-en-riesgo-a-docentes-alumnos-y-sus-familias\/#article","isPartOf":{"@id":"https:\/\/diarioprincipios.com\/index.php\/2020\/09\/27\/mayra-mendoza-hasta-que-no-este-la-vacuna-no-podemos-tener-clases-presenciales-y-poner-en-riesgo-a-docentes-alumnos-y-sus-familias\/"},"author":{"name":"Hern\u00e1n L\u00f3pez","@id":"https:\/\/diarioprincipios.com\/#\/schema\/person\/436d5a1fd41a5e250e23ff5a6a7cb080"},"headline":"Mayra Mendoza: \u00abHasta que no est\u00e9 la vacuna no podemos tener clases presenciales y poner en riesgo a docentes, alumnos y sus familias\u00bb","datePublished":"2020-09-27T16:59:36+00:00","dateModified":"2020-09-27T16:59:40+00:00","mainEntityOfPage":{"@id":"https:\/\/diarioprincipios.com\/index.php\/2020\/09\/27\/mayra-mendoza-hasta-que-no-este-la-vacuna-no-podemos-tener-clases-presenciales-y-poner-en-riesgo-a-docentes-alumnos-y-sus-familias\/"},"wordCount":380,"commentCount":0,"publisher":{"@id":"https:\/\/diarioprincipios.com\/#organization"},"image":{"@id":"https:\/\/diarioprincipios.com\/index.php\/2020\/09\/27\/mayra-mendoza-hasta-que-no-este-la-vacuna-no-podemos-tener-clases-presenciales-y-poner-en-riesgo-a-docentes-alumnos-y-sus-familias\/#primaryimage"},"thumbnailUrl":"https:\/\/diarioprincipios.com\/wp-content\/uploads\/2020\/09\/Screenshot_20200927-135906_Gallery.jpg","articleSection":["Quilmes"],"inLanguage":"es","potentialAction":[{"@type":"CommentAction","name":"Comment","target":["https:\/\/diarioprincipios.com\/index.php\/2020\/09\/27\/mayra-mendoza-hasta-que-no-este-la-vacuna-no-podemos-tener-clases-presenciales-y-poner-en-riesgo-a-docentes-alumnos-y-sus-familias\/#respond"]}]},{"@type":"WebPage","@id":"https:\/\/diarioprincipios.com\/index.php\/2020\/09\/27\/mayra-mendoza-hasta-que-no-este-la-vacuna-no-podemos-tener-clases-presenciales-y-poner-en-riesgo-a-docentes-alumnos-y-sus-familias\/","url":"https:\/\/diarioprincipios.com\/index.php\/2020\/09\/27\/mayra-mendoza-hasta-que-no-este-la-vacuna-no-podemos-tener-clases-presenciales-y-poner-en-riesgo-a-docentes-alumnos-y-sus-familias\/","name":"Mayra Mendoza: \"Hasta que no est\u00e9 la vacuna no podemos tener clases presenciales y poner en riesgo a docentes, alumnos y sus familias\" - Principios","isPartOf":{"@id":"https:\/\/diarioprincipios.com\/#website"},"primaryImageOfPage":{"@id":"https:\/\/diarioprincipios.com\/index.php\/2020\/09\/27\/mayra-mendoza-hasta-que-no-este-la-vacuna-no-podemos-tener-clases-presenciales-y-poner-en-riesgo-a-docentes-alumnos-y-sus-familias\/#primaryimage"},"image":{"@id":"https:\/\/diarioprincipios.com\/index.php\/2020\/09\/27\/mayra-mendoza-hasta-que-no-este-la-vacuna-no-podemos-tener-clases-presenciales-y-poner-en-riesgo-a-docentes-alumnos-y-sus-familias\/#primaryimage"},"thumbnailUrl":"https:\/\/diarioprincipios.com\/wp-content\/uploads\/2020\/09\/Screenshot_20200927-135906_Gallery.jpg","datePublished":"2020-09-27T16:59:36+00:00","dateModified":"2020-09-27T16:59:40+00:00","breadcrumb":{"@id":"https:\/\/diarioprincipios.com\/index.php\/2020\/09\/27\/mayra-mendoza-hasta-que-no-este-la-vacuna-no-podemos-tener-clases-presenciales-y-poner-en-riesgo-a-docentes-alumnos-y-sus-familias\/#breadcrumb"},"inLanguage":"es","potentialAction":[{"@type":"ReadAction","target":["https:\/\/diarioprincipios.com\/index.php\/2020\/09\/27\/mayra-mendoza-hasta-que-no-este-la-vacuna-no-podemos-tener-clases-presenciales-y-poner-en-riesgo-a-docentes-alumnos-y-sus-familias\/"]}]},{"@type":"ImageObject","inLanguage":"es","@id":"https:\/\/diarioprincipios.com\/index.php\/2020\/09\/27\/mayra-mendoza-hasta-que-no-este-la-vacuna-no-podemos-tener-clases-presenciales-y-poner-en-riesgo-a-docentes-alumnos-y-sus-familias\/#primaryimage","url":"https:\/\/diarioprincipios.com\/wp-content\/uploads\/2020\/09\/Screenshot_20200927-135906_Gallery.jpg","contentUrl":"https:\/\/diarioprincipios.com\/wp-content\/uploads\/2020\/09\/Screenshot_20200927-135906_Gallery.jpg","width":1079,"height":691},{"@type":"BreadcrumbList","@id":"https:\/\/diarioprincipios.com\/index.php\/2020\/09\/27\/mayra-mendoza-hasta-que-no-este-la-vacuna-no-podemos-tener-clases-presenciales-y-poner-en-riesgo-a-docentes-alumnos-y-sus-familias\/#breadcrumb","itemListElement":[{"@type":"ListItem","position":1,"name":"Portada","item":"https:\/\/diarioprincipios.com\/"},{"@type":"ListItem","position":2,"name":"Mayra Mendoza: \u00abHasta que no est\u00e9 la vacuna no podemos tener clases presenciales y poner en riesgo a docentes, alumnos y sus familias\u00bb"}]},{"@type":"WebSite","@id":"https:\/\/diarioprincipios.com\/#website","url":"https:\/\/diarioprincipios.com\/","name":"Principios","description":"Principios Diario","publisher":{"@id":"https:\/\/diarioprincipios.com\/#organization"},"potentialAction":[{"@type":"SearchAction","target":{"@type":"EntryPoint","urlTemplate":"https:\/\/diarioprincipios.com\/?s={search_term_string}"},"query-input":{"@type":"PropertyValueSpecification","valueRequired":true,"valueName":"search_term_string"}}],"inLanguage":"es"},{"@type":"Organization","@id":"https:\/\/diarioprincipios.com\/#organization","name":"Principios","url":"https:\/\/diarioprincipios.com\/","logo":{"@type":"ImageObject","inLanguage":"es","@id":"https:\/\/diarioprincipios.com\/#\/schema\/logo\/image\/","url":"https:\/\/diarioprincipios.com\/wp-content\/uploads\/2024\/04\/cropped-www.diarioprincipios.com_-1.png","contentUrl":"https:\/\/diarioprincipios.com\/wp-content\/uploads\/2024\/04\/cropped-www.diarioprincipios.com_-1.png","width":5325,"height":1454,"caption":"Principios"},"image":{"@id":"https:\/\/diarioprincipios.com\/#\/schema\/logo\/image\/"}},{"@type":"Person","@id":"https:\/\/diarioprincipios.com\/#\/schema\/person\/436d5a1fd41a5e250e23ff5a6a7cb080","name":"Hern\u00e1n L\u00f3pez","image":{"@type":"ImageObject","inLanguage":"es","@id":"https:\/\/diarioprincipios.com\/wp-content\/litespeed\/avatar\/11ddfe5610ff3bd100522525b2571f48.jpg?ver=1777048341","url":"https:\/\/diarioprincipios.com\/wp-content\/litespeed\/avatar\/11ddfe5610ff3bd100522525b2571f48.jpg?ver=1777048341","contentUrl":"https:\/\/diarioprincipios.com\/wp-content\/litespeed\/avatar\/11ddfe5610ff3bd100522525b2571f48.jpg?ver=1777048341","caption":"Hern\u00e1n L\u00f3pez"},"url":"https:\/\/diarioprincipios.com\/index.php\/author\/hernan\/"}]}},"jetpack_featured_media_url":"https:\/\/diarioprincipios.com\/wp-content\/uploads\/2020\/09\/Screenshot_20200927-135906_Gallery.jpg","_links":{"self":[{"href":"https:\/\/diarioprincipios.com\/index.php\/wp-json\/wp\/v2\/posts\/5848","targetHints":{"allow":["GET"]}}],"collection":[{"href":"https:\/\/diarioprincipios.com\/index.php\/wp-json\/wp\/v2\/posts"}],"about":[{"href":"https:\/\/diarioprincipios.com\/index.php\/wp-json\/wp\/v2\/types\/post"}],"author":[{"embeddable":true,"href":"https:\/\/diarioprincipios.com\/index.php\/wp-json\/wp\/v2\/users\/2"}],"replies":[{"embeddable":true,"href":"https:\/\/diarioprincipios.com\/index.php\/wp-json\/wp\/v2\/comments?post=5848"}],"version-history":[{"count":1,"href":"https:\/\/diarioprincipios.com\/index.php\/wp-json\/wp\/v2\/posts\/5848\/revisions"}],"predecessor-version":[{"id":5850,"href":"https:\/\/diarioprincipios.com\/index.php\/wp-json\/wp\/v2\/posts\/5848\/revisions\/5850"}],"wp:featuredmedia":[{"embeddable":true,"href":"https:\/\/diarioprincipios.com\/index.php\/wp-json\/wp\/v2\/media\/5849"}],"wp:attachment":[{"href":"https:\/\/diarioprincipios.com\/index.php\/wp-json\/wp\/v2\/media?parent=5848"}],"wp:term":[{"taxonomy":"category","embeddable":true,"href":"https:\/\/diarioprincipios.com\/index.php\/wp-json\/wp\/v2\/categories?post=5848"},{"taxonomy":"post_tag","embeddable":true,"href":"https:\/\/diarioprincipios.com\/index.php\/wp-json\/wp\/v2\/tags?post=5848"}],"curies":[{"name":"wp","href":"https:\/\/api.w.org\/{rel}","templated":true}]}}