{"id":5843,"date":"2020-09-27T13:32:28","date_gmt":"2020-09-27T16:32:28","guid":{"rendered":"http:\/\/diarioprincipios.com\/?p=5843"},"modified":"2020-09-27T13:32:33","modified_gmt":"2020-09-27T16:32:33","slug":"el-municipio-agradecio-nuevas-acciones-solidarias","status":"publish","type":"post","link":"https:\/\/diarioprincipios.com\/index.php\/2020\/09\/27\/el-municipio-agradecio-nuevas-acciones-solidarias\/","title":{"rendered":"El Municipio agradeci\u00f3 nuevas acciones solidarias"},"content":{"rendered":"\n<p><strong>La Municipalidad de Berazategui y su intendente, Juan Jos\u00e9 Mussi, agradecen las acciones solidarias de ciudadanos y Organizaciones que, durante la actual emergencia sanitaria por COVID-19, siguen brindando su colaboraci\u00f3n para el distrito, a trav\u00e9s de donaciones de recursos de gran utilidad.<\/strong><\/p>\n\n\n\n<p>En esta oportunidad, el Municipio dio a conocer los siguientes agradecimientos, que incluyen a vecinos, instituciones, empresas y comerciantes:<\/p>\n\n\n\n<p>&#8211; A L&amp;H S.A., que don\u00f3 tela para la confecci\u00f3n de 3 mil barbijos solidarios.<\/p>\n\n\n\n<p>&#8211; A FABI\u00c1N GAZZOTTI, Secretario general de SUETRA (Sindicato Unido de Educadores T\u00e9cnicos de la Rep\u00fablica Argentina), que don\u00f3 medicamentos.<\/p>\n\n\n\n<p>&#8211; A la Droguer\u00eda D&#8217;ANNA &amp; CO., que don\u00f3 un dispenser de alcohol en gel.<\/p>\n\n\n\n<p>&#8211; Al SR. KIKO, que don\u00f3 nuevamente 2 bolsas de papas y elementos de librer\u00eda.<\/p>\n\n\n\n<p>&#8211; Al DR. MARIO EDGAR HIDALGO Y A LA ESCUELA DE SALUD, INSTITUTO SUPERIOR GUMERCINDA DEL CARMEN CASSATTI de Guti\u00e9rrez, por la constante colaboraci\u00f3n, tanto del Doctor, como as\u00ed tambi\u00e9n de los voluntarios de la Escuela.<\/p>\n\n\n\n<p>&nbsp;-Al vecino PETIK.<\/p>\n\n\n\n<p>-Al FRENTE DE TRABAJADORES DE LA EDUCACI\u00d3N DE BERAZATEGUI.<\/p>\n\n\n\n<p>-Al DR. MARCELO MALARA<\/p>\n\n\n\n<p>Anteriormente, la Municipalidad recibi\u00f3 una gran cantidad de donaciones y considera necesario demostrar nuevamente su gratitud hacia todos ellos:<\/p>\n\n\n\n<p>TOMATES PRETO \/ EL MAKZAL S.A. \/ MUEBLES Y SILLONES \/ PRODALSA S.A. \/ AZ\u00daCAR FUGAZ \/ JUAN CARLOS SANCIO \/ GRUAPA SRL &#8211; JASO ARGENTINA \/ MAS-TIN S.A \/ JORGE PEZET \/ ADMINISTRACI\u00d3N COUNTRY LOS OMB\u00daES \/ RECOMAR S.A.\/ QUORUM S.A. \/ DECLORQUIM S.A. \/ CHIL &amp; DRAC\u2019S \/ COOPERATIVA LAS HORMIGAS PODADORAS LTDA. \/ DIAT \/ ARCOS DORADOS \/ WEBER \/ ROBERTO ARTUZA \/ ENVASES DEL PARQUE S.A.\/ SILVIO OSVALDO ACU\u00d1A Y CARLOS AICARDI \/ DR. JUAN ENRIQUE ROMERO (director del Programa Nacional de Tenencia Responsable y Sanidad de Perros y Gatos &#8211; ProTenencia) \/ UNI\u00d3N INDUSTRIAL DE BERAZATEGUI\/ JF TRUNZO SRL\/ METALCROM SRL\/ RGG MANTENIMIENTO\/ QUIMEX\/ CL\u00cdNICA PRIVADA DE RANELAGH\/ MAT\u00cdAS Y FERNANDO, de la parrilla \u201cUn Tano y dos Gallegos\u00bb \/ SEIN Y C\u00cdA. S.A.I.C. \/ DAR\u00cdO MEMMO \/ GUEDIKIAN IMPRESORES S.A. \/ CARNICER\u00cdA MAGAL\u00cd\/ MARIO GIACOBBE \/ AGOMAT \/ COMERCIO \u201cEL VIEJO OCASO\u00bb \/ GRUPO RIVERO\/ BRAIAN DI CARLO\/ FUNDACI\u00d3N COAS\/ EDUARDO ALBANESE, de DOLCE DOLCE\/ PABLO CIABOCCO\/ GERARDO BASILIO, de S&amp;S ROPA INFANTIL \/ ESTABLECIMIENTOS SOURIGUES\/ CARAVANA MOTORHOMES\/ JAVIER MONTEVERDE\/ DEL CERRO CONSTRUCCIONES\/ ANTONIO SACINO\/ TABACALERA ESPERT S.A.\/ ERICA CABRAL\/ CENTRO DE DISE\u00d1O ITALIANO (CDI)\/ EMPRENDEDORES DEL PROGRAMA EMPRENDER\/ EMPRESARIA SUR S.R.L, de ANDR\u00c9S CHIAPPETTA \/ EZEQUIEL PEDROZO y SUE\u00d1O IMPRESIONES 3D\/ PRODUCTORES DE MERCADO VECINO\/ BANCO DE GALICIA y BUENOS AIRES S.A.U. \/ SOCIEDAD DE FOMENTO \u00abEL OMB\u00da\u00bb \/ LUISA RODR\u00cdGUEZ CARRERA \/ MOSTAZA INDUMENTARIA\/ FUNDACI\u00d3N JUANJO\/ VOLUNTARIADO VOLBER (VOLUNTARIADO BERAZATEGUI) \/ PAMPA TRADE\/ REGINALD LEE S.A.\/ CENTRO DE MARTILLEROS Y CORREDORES P\u00daBLICOS DE BERAZATEGUI\/ RITA RODRIGO\/ F\u00c1BRICA TEXTIL LA SELENA S.A. \/ RODOLFO FERN\u00c1NDEZ FLORIANI\/ CENTRO COMERCIAL, INDUSTRIAL Y PROFESIONAL \u201cJUAN MAR\u00cdA GUTI\u00c9RREZ\u201d\/ COMERCIO \u201cEL MAGO\u201d\/ MADERVENT\/ MAT\u00cdAS PAREDES\/ COMERCIANTES AUTOCONVOCADOS DE BARRIO MAR\u00cdTIMO\/ AUTOCLUB BERAZATEGUI\/ GRACIELA DE LOS SANTOS\/ LOCAL DE ROPA INFANTIL EL N\u00daMERO UNO, del SR. FREDY RISCOSSA \/ INMOBILIARIA GRUPO PAMPA \/ SALVADOR ARAUJO \/ JOS\u00c9 VACCARO NOTTE \/ JOS\u00c9 LUIS TRIVI\u00d1O \/ MOLINARI Y MOLTECH \/ ENVASES DEL PARQUE S.A.\/ DISTRIBUIDORA FERNI \/ CARLOS BENZAQUEN \/ JOS\u00c9 LUIS M\u00c1RMOL \/ V\u00cdCTOR VARONE \/ GABRIEL IEZZI \/ GUSTAVO MANCUSO \/ JAVIER ROSALES \/ RICARDO L\u00d3PEZ \/ CRISTIAN TOLEDO \/ FILIAL BERAZATEGUI DEL CLUB BOCA JUNIORS \/ FILIAL BERAZATEGUI DEL CLUB RIVER PLATE \/ OSCAR GATTI \/ JUSTO LAMAS \/ JULIO SALIN \/ ROTARY CLUB EZPELETA \/ C\u00c1MARA DE COMERCIO BERAZATEGUI OESTE \/ CLAUDIO MARIUTTI \/ ESCUELA T\u00c9CNICA 4 \/ LUCAS MEMMO \/ ASOCIACI\u00d3N \u00abARGENTINA USA BARBIJOS\u00bb \/ ROTARY CLUB \/ MARIANA FERRAZ \/ SOCIEDAD DE FOMENTO PL\u00c1TANOS \/ SINDICATO DE TRABAJADORES MUNICIPALES DE BERAZATEGUI (de GABRIEL CAMPUSSANO) \/ ESCOMESSINA S.A. \/ MANDALA EVENTOS \/ CRISTALER\u00cdAS RIGOLLEAU \/ LA COMARCA EXTERIOR \/ CARDELLINO EVENTOS, de JUAN OROPEZA \/ LE PARK ENTRETENIMIENTOS \/ LA ADB \/ PRODUCTORES DE LA COOPERATIVA 12 DE AGOSTO \/ DAR\u00cdO \u201cPIPA\u201d BENEDETTO \/ COARDEL \/ DECOR CLEAN \/ CLUB DE LEONES DE BERAZATEGUI \/ OSCAR ALMIR\u00d3N \/ NORMA DE LOS SANTOS Y MAT\u00cdAS AGUIRRE \/ CLUB LOS LE\u00d1EROS \/ MIGUEL SEGURA (Gerente de DUPONT) \/ LEANDRO DAGAND \/ CARLOS CACACE, de ARGENPACK CORRUGADOS S.A. \/ ROTARY CLUB DE RANELAGH \/ HUEVOS FABIOLA \/ FIDEOS QU\u00c9 RICO \/ SUPERMERCADO \u201cEL C\u00c9SAR\u201d \/ COLEGIO DE MAGISTRADOS Y FUNCIONARIOS DE QUILMES \/ VER\u00d3NICA D\u00cdAZ \/ SUPERMERCADOS DIA \/ JUEZ ALEJANDRO MORA \/ SUPERMERCADO STANISCIA \/ FAMILIA FERN\u00c1NDEZ ARAG\u00d3N \u2013de Berazategui- \/ HUGO BERRETA \/ ARIEL NARV\u00c1EZ (CARNICER\u00cdA EL BUEN GUSTO) \/ CARNICER\u00cdA LA MERCED \/ EMPRENDIMIENTO DULCE ISABELLA \/ AEROCLUB R\u00cdO DE LA PLATA DE BERAZATEGUI \/ MAXI DESCUENTO Y DISTRIBUIDORA SOURIGUES \/ CASA DE RETIRO DEL COLEGIO SAN PABLO AP\u00d3STOL (El Pato) \/ SEDE DANTAS DE LA ESCUELA DE POLIC\u00cdA \u201cJUAN VUCETICH\u201d \/ FUNDACI\u00d3N CREER ES CREAR \/ SE\u00d1ALARTE \/ AGRUPACI\u00d3N H\u00c9ROES DE MALVINAS de Berazategui\/ HLB PHARMA \/ FAMILIA O\u00b4KEEFE \/ BOMBEROS VOLUNTARIOS de Berazategui \/ LEONARDO GUEDES.<\/p>\n\n\n\n<figure class=\"wp-block-image\"><img decoding=\"async\" src=\"https:\/\/ecp.yusercontent.com\/mail?url=https%3A%2F%2Fdocs.google.com%2Fuc%3Fexport%3Ddownload%26id%3D1JdP7Su9t24THT2BI1vGQEk0X5ComDuna%26revid%3D0B9vif756qwYZWTRrWDMvZDQrNHowM0g4cjdqU2NWUVhpWUNFPQ&amp;t=1601076064&amp;ymreqid=5799fcab-b43d-2794-2220-be000501f400&amp;sig=DkC_K8UODrlZfqaPQBN9QA--~D\" alt=\"\"\/><\/figure>\n","protected":false},"excerpt":{"rendered":"<p>La Municipalidad de Berazategui y su intendente, Juan Jos\u00e9 Mussi, agradecen las acciones solidarias de ciudadanos y Organizaciones que, durante la actual emergencia sanitaria por COVID-19, siguen brindando su colaboraci\u00f3n para el distrito, a trav\u00e9s de donaciones de recursos de gran utilidad. En esta oportunidad, el Municipio dio a conocer los siguientes agradecimientos, que incluyen&#8230;<\/p>\n","protected":false},"author":2,"featured_media":4758,"comment_status":"open","ping_status":"open","sticky":false,"template":"","format":"standard","meta":{"footnotes":""},"categories":[3],"tags":[],"class_list":["post-5843","post","type-post","status-publish","format-standard","has-post-thumbnail","hentry","category-berazategui"],"featured_image_src":"https:\/\/diarioprincipios.com\/wp-content\/uploads\/2020\/08\/Frente-Palacio-Municipal-1024x682.jpeg","blog_images":{"medium":"https:\/\/diarioprincipios.com\/wp-content\/uploads\/2020\/08\/Frente-Palacio-Municipal-300x200.jpeg","large":"https:\/\/diarioprincipios.com\/wp-content\/uploads\/2020\/08\/Frente-Palacio-Municipal-1024x682.jpeg"},"ams_acf":[],"yoast_head":"<!-- This site is optimized with the Yoast SEO plugin v27.3 - https:\/\/yoast.com\/product\/yoast-seo-wordpress\/ -->\n<title>El Municipio agradeci\u00f3 nuevas acciones solidarias - Principios<\/title>\n<meta name=\"robots\" content=\"index, follow, max-snippet:-1, max-image-preview:large, max-video-preview:-1\" \/>\n<link rel=\"canonical\" href=\"https:\/\/diarioprincipios.com\/index.php\/2020\/09\/27\/el-municipio-agradecio-nuevas-acciones-solidarias\/\" \/>\n<meta property=\"og:locale\" content=\"es_ES\" \/>\n<meta property=\"og:type\" content=\"article\" \/>\n<meta property=\"og:title\" content=\"El Municipio agradeci\u00f3 nuevas acciones solidarias - Principios\" \/>\n<meta property=\"og:description\" content=\"La Municipalidad de Berazategui y su intendente, Juan Jos\u00e9 Mussi, agradecen las acciones solidarias de ciudadanos y Organizaciones que, durante la actual emergencia sanitaria por COVID-19, siguen brindando su colaboraci\u00f3n para el distrito, a trav\u00e9s de donaciones de recursos de gran utilidad. En esta oportunidad, el Municipio dio a conocer los siguientes agradecimientos, que incluyen...\" \/>\n<meta property=\"og:url\" content=\"https:\/\/diarioprincipios.com\/index.php\/2020\/09\/27\/el-municipio-agradecio-nuevas-acciones-solidarias\/\" \/>\n<meta property=\"og:site_name\" content=\"Principios\" \/>\n<meta property=\"article:published_time\" content=\"2020-09-27T16:32:28+00:00\" \/>\n<meta property=\"article:modified_time\" content=\"2020-09-27T16:32:33+00:00\" \/>\n<meta property=\"og:image\" content=\"https:\/\/diarioprincipios.com\/wp-content\/uploads\/2020\/08\/Frente-Palacio-Municipal.jpeg\" \/>\n\t<meta property=\"og:image:width\" content=\"1280\" \/>\n\t<meta property=\"og:image:height\" content=\"853\" \/>\n\t<meta property=\"og:image:type\" content=\"image\/jpeg\" \/>\n<meta name=\"author\" content=\"Hern\u00e1n L\u00f3pez\" \/>\n<meta name=\"twitter:card\" content=\"summary_large_image\" \/>\n<meta name=\"twitter:label1\" content=\"Escrito por\" \/>\n\t<meta name=\"twitter:data1\" content=\"Hern\u00e1n L\u00f3pez\" \/>\n\t<meta name=\"twitter:label2\" content=\"Tiempo de lectura\" \/>\n\t<meta name=\"twitter:data2\" content=\"4 minutos\" \/>\n<script type=\"application\/ld+json\" class=\"yoast-schema-graph\">{\"@context\":\"https:\\\/\\\/schema.org\",\"@graph\":[{\"@type\":\"Article\",\"@id\":\"https:\\\/\\\/diarioprincipios.com\\\/index.php\\\/2020\\\/09\\\/27\\\/el-municipio-agradecio-nuevas-acciones-solidarias\\\/#article\",\"isPartOf\":{\"@id\":\"https:\\\/\\\/diarioprincipios.com\\\/index.php\\\/2020\\\/09\\\/27\\\/el-municipio-agradecio-nuevas-acciones-solidarias\\\/\"},\"author\":{\"name\":\"Hern\u00e1n L\u00f3pez\",\"@id\":\"https:\\\/\\\/diarioprincipios.com\\\/#\\\/schema\\\/person\\\/436d5a1fd41a5e250e23ff5a6a7cb080\"},\"headline\":\"El Municipio agradeci\u00f3 nuevas acciones solidarias\",\"datePublished\":\"2020-09-27T16:32:28+00:00\",\"dateModified\":\"2020-09-27T16:32:33+00:00\",\"mainEntityOfPage\":{\"@id\":\"https:\\\/\\\/diarioprincipios.com\\\/index.php\\\/2020\\\/09\\\/27\\\/el-municipio-agradecio-nuevas-acciones-solidarias\\\/\"},\"wordCount\":810,\"commentCount\":0,\"publisher\":{\"@id\":\"https:\\\/\\\/diarioprincipios.com\\\/#organization\"},\"image\":{\"@id\":\"https:\\\/\\\/diarioprincipios.com\\\/index.php\\\/2020\\\/09\\\/27\\\/el-municipio-agradecio-nuevas-acciones-solidarias\\\/#primaryimage\"},\"thumbnailUrl\":\"https:\\\/\\\/diarioprincipios.com\\\/wp-content\\\/uploads\\\/2020\\\/08\\\/Frente-Palacio-Municipal.jpeg\",\"articleSection\":[\"Berazategui\"],\"inLanguage\":\"es\",\"potentialAction\":[{\"@type\":\"CommentAction\",\"name\":\"Comment\",\"target\":[\"https:\\\/\\\/diarioprincipios.com\\\/index.php\\\/2020\\\/09\\\/27\\\/el-municipio-agradecio-nuevas-acciones-solidarias\\\/#respond\"]}]},{\"@type\":\"WebPage\",\"@id\":\"https:\\\/\\\/diarioprincipios.com\\\/index.php\\\/2020\\\/09\\\/27\\\/el-municipio-agradecio-nuevas-acciones-solidarias\\\/\",\"url\":\"https:\\\/\\\/diarioprincipios.com\\\/index.php\\\/2020\\\/09\\\/27\\\/el-municipio-agradecio-nuevas-acciones-solidarias\\\/\",\"name\":\"El Municipio agradeci\u00f3 nuevas acciones solidarias - Principios\",\"isPartOf\":{\"@id\":\"https:\\\/\\\/diarioprincipios.com\\\/#website\"},\"primaryImageOfPage\":{\"@id\":\"https:\\\/\\\/diarioprincipios.com\\\/index.php\\\/2020\\\/09\\\/27\\\/el-municipio-agradecio-nuevas-acciones-solidarias\\\/#primaryimage\"},\"image\":{\"@id\":\"https:\\\/\\\/diarioprincipios.com\\\/index.php\\\/2020\\\/09\\\/27\\\/el-municipio-agradecio-nuevas-acciones-solidarias\\\/#primaryimage\"},\"thumbnailUrl\":\"https:\\\/\\\/diarioprincipios.com\\\/wp-content\\\/uploads\\\/2020\\\/08\\\/Frente-Palacio-Municipal.jpeg\",\"datePublished\":\"2020-09-27T16:32:28+00:00\",\"dateModified\":\"2020-09-27T16:32:33+00:00\",\"breadcrumb\":{\"@id\":\"https:\\\/\\\/diarioprincipios.com\\\/index.php\\\/2020\\\/09\\\/27\\\/el-municipio-agradecio-nuevas-acciones-solidarias\\\/#breadcrumb\"},\"inLanguage\":\"es\",\"potentialAction\":[{\"@type\":\"ReadAction\",\"target\":[\"https:\\\/\\\/diarioprincipios.com\\\/index.php\\\/2020\\\/09\\\/27\\\/el-municipio-agradecio-nuevas-acciones-solidarias\\\/\"]}]},{\"@type\":\"ImageObject\",\"inLanguage\":\"es\",\"@id\":\"https:\\\/\\\/diarioprincipios.com\\\/index.php\\\/2020\\\/09\\\/27\\\/el-municipio-agradecio-nuevas-acciones-solidarias\\\/#primaryimage\",\"url\":\"https:\\\/\\\/diarioprincipios.com\\\/wp-content\\\/uploads\\\/2020\\\/08\\\/Frente-Palacio-Municipal.jpeg\",\"contentUrl\":\"https:\\\/\\\/diarioprincipios.com\\\/wp-content\\\/uploads\\\/2020\\\/08\\\/Frente-Palacio-Municipal.jpeg\",\"width\":1280,\"height\":853},{\"@type\":\"BreadcrumbList\",\"@id\":\"https:\\\/\\\/diarioprincipios.com\\\/index.php\\\/2020\\\/09\\\/27\\\/el-municipio-agradecio-nuevas-acciones-solidarias\\\/#breadcrumb\",\"itemListElement\":[{\"@type\":\"ListItem\",\"position\":1,\"name\":\"Portada\",\"item\":\"https:\\\/\\\/diarioprincipios.com\\\/\"},{\"@type\":\"ListItem\",\"position\":2,\"name\":\"El Municipio agradeci\u00f3 nuevas acciones solidarias\"}]},{\"@type\":\"WebSite\",\"@id\":\"https:\\\/\\\/diarioprincipios.com\\\/#website\",\"url\":\"https:\\\/\\\/diarioprincipios.com\\\/\",\"name\":\"Principios\",\"description\":\"Principios Diario\",\"publisher\":{\"@id\":\"https:\\\/\\\/diarioprincipios.com\\\/#organization\"},\"potentialAction\":[{\"@type\":\"SearchAction\",\"target\":{\"@type\":\"EntryPoint\",\"urlTemplate\":\"https:\\\/\\\/diarioprincipios.com\\\/?s={search_term_string}\"},\"query-input\":{\"@type\":\"PropertyValueSpecification\",\"valueRequired\":true,\"valueName\":\"search_term_string\"}}],\"inLanguage\":\"es\"},{\"@type\":\"Organization\",\"@id\":\"https:\\\/\\\/diarioprincipios.com\\\/#organization\",\"name\":\"Principios\",\"url\":\"https:\\\/\\\/diarioprincipios.com\\\/\",\"logo\":{\"@type\":\"ImageObject\",\"inLanguage\":\"es\",\"@id\":\"https:\\\/\\\/diarioprincipios.com\\\/#\\\/schema\\\/logo\\\/image\\\/\",\"url\":\"https:\\\/\\\/diarioprincipios.com\\\/wp-content\\\/uploads\\\/2024\\\/04\\\/cropped-www.diarioprincipios.com_-1.png\",\"contentUrl\":\"https:\\\/\\\/diarioprincipios.com\\\/wp-content\\\/uploads\\\/2024\\\/04\\\/cropped-www.diarioprincipios.com_-1.png\",\"width\":5325,\"height\":1454,\"caption\":\"Principios\"},\"image\":{\"@id\":\"https:\\\/\\\/diarioprincipios.com\\\/#\\\/schema\\\/logo\\\/image\\\/\"}},{\"@type\":\"Person\",\"@id\":\"https:\\\/\\\/diarioprincipios.com\\\/#\\\/schema\\\/person\\\/436d5a1fd41a5e250e23ff5a6a7cb080\",\"name\":\"Hern\u00e1n L\u00f3pez\",\"image\":{\"@type\":\"ImageObject\",\"inLanguage\":\"es\",\"@id\":\"https:\\\/\\\/diarioprincipios.com\\\/wp-content\\\/litespeed\\\/avatar\\\/11ddfe5610ff3bd100522525b2571f48.jpg?ver=1777048341\",\"url\":\"https:\\\/\\\/diarioprincipios.com\\\/wp-content\\\/litespeed\\\/avatar\\\/11ddfe5610ff3bd100522525b2571f48.jpg?ver=1777048341\",\"contentUrl\":\"https:\\\/\\\/diarioprincipios.com\\\/wp-content\\\/litespeed\\\/avatar\\\/11ddfe5610ff3bd100522525b2571f48.jpg?ver=1777048341\",\"caption\":\"Hern\u00e1n L\u00f3pez\"},\"url\":\"https:\\\/\\\/diarioprincipios.com\\\/index.php\\\/author\\\/hernan\\\/\"}]}<\/script>\n<!-- \/ Yoast SEO plugin. -->","yoast_head_json":{"title":"El Municipio agradeci\u00f3 nuevas acciones solidarias - Principios","robots":{"index":"index","follow":"follow","max-snippet":"max-snippet:-1","max-image-preview":"max-image-preview:large","max-video-preview":"max-video-preview:-1"},"canonical":"https:\/\/diarioprincipios.com\/index.php\/2020\/09\/27\/el-municipio-agradecio-nuevas-acciones-solidarias\/","og_locale":"es_ES","og_type":"article","og_title":"El Municipio agradeci\u00f3 nuevas acciones solidarias - Principios","og_description":"La Municipalidad de Berazategui y su intendente, Juan Jos\u00e9 Mussi, agradecen las acciones solidarias de ciudadanos y Organizaciones que, durante la actual emergencia sanitaria por COVID-19, siguen brindando su colaboraci\u00f3n para el distrito, a trav\u00e9s de donaciones de recursos de gran utilidad. En esta oportunidad, el Municipio dio a conocer los siguientes agradecimientos, que incluyen...","og_url":"https:\/\/diarioprincipios.com\/index.php\/2020\/09\/27\/el-municipio-agradecio-nuevas-acciones-solidarias\/","og_site_name":"Principios","article_published_time":"2020-09-27T16:32:28+00:00","article_modified_time":"2020-09-27T16:32:33+00:00","og_image":[{"width":1280,"height":853,"url":"https:\/\/diarioprincipios.com\/wp-content\/uploads\/2020\/08\/Frente-Palacio-Municipal.jpeg","type":"image\/jpeg"}],"author":"Hern\u00e1n L\u00f3pez","twitter_card":"summary_large_image","twitter_misc":{"Escrito por":"Hern\u00e1n L\u00f3pez","Tiempo de lectura":"4 minutos"},"schema":{"@context":"https:\/\/schema.org","@graph":[{"@type":"Article","@id":"https:\/\/diarioprincipios.com\/index.php\/2020\/09\/27\/el-municipio-agradecio-nuevas-acciones-solidarias\/#article","isPartOf":{"@id":"https:\/\/diarioprincipios.com\/index.php\/2020\/09\/27\/el-municipio-agradecio-nuevas-acciones-solidarias\/"},"author":{"name":"Hern\u00e1n L\u00f3pez","@id":"https:\/\/diarioprincipios.com\/#\/schema\/person\/436d5a1fd41a5e250e23ff5a6a7cb080"},"headline":"El Municipio agradeci\u00f3 nuevas acciones solidarias","datePublished":"2020-09-27T16:32:28+00:00","dateModified":"2020-09-27T16:32:33+00:00","mainEntityOfPage":{"@id":"https:\/\/diarioprincipios.com\/index.php\/2020\/09\/27\/el-municipio-agradecio-nuevas-acciones-solidarias\/"},"wordCount":810,"commentCount":0,"publisher":{"@id":"https:\/\/diarioprincipios.com\/#organization"},"image":{"@id":"https:\/\/diarioprincipios.com\/index.php\/2020\/09\/27\/el-municipio-agradecio-nuevas-acciones-solidarias\/#primaryimage"},"thumbnailUrl":"https:\/\/diarioprincipios.com\/wp-content\/uploads\/2020\/08\/Frente-Palacio-Municipal.jpeg","articleSection":["Berazategui"],"inLanguage":"es","potentialAction":[{"@type":"CommentAction","name":"Comment","target":["https:\/\/diarioprincipios.com\/index.php\/2020\/09\/27\/el-municipio-agradecio-nuevas-acciones-solidarias\/#respond"]}]},{"@type":"WebPage","@id":"https:\/\/diarioprincipios.com\/index.php\/2020\/09\/27\/el-municipio-agradecio-nuevas-acciones-solidarias\/","url":"https:\/\/diarioprincipios.com\/index.php\/2020\/09\/27\/el-municipio-agradecio-nuevas-acciones-solidarias\/","name":"El Municipio agradeci\u00f3 nuevas acciones solidarias - Principios","isPartOf":{"@id":"https:\/\/diarioprincipios.com\/#website"},"primaryImageOfPage":{"@id":"https:\/\/diarioprincipios.com\/index.php\/2020\/09\/27\/el-municipio-agradecio-nuevas-acciones-solidarias\/#primaryimage"},"image":{"@id":"https:\/\/diarioprincipios.com\/index.php\/2020\/09\/27\/el-municipio-agradecio-nuevas-acciones-solidarias\/#primaryimage"},"thumbnailUrl":"https:\/\/diarioprincipios.com\/wp-content\/uploads\/2020\/08\/Frente-Palacio-Municipal.jpeg","datePublished":"2020-09-27T16:32:28+00:00","dateModified":"2020-09-27T16:32:33+00:00","breadcrumb":{"@id":"https:\/\/diarioprincipios.com\/index.php\/2020\/09\/27\/el-municipio-agradecio-nuevas-acciones-solidarias\/#breadcrumb"},"inLanguage":"es","potentialAction":[{"@type":"ReadAction","target":["https:\/\/diarioprincipios.com\/index.php\/2020\/09\/27\/el-municipio-agradecio-nuevas-acciones-solidarias\/"]}]},{"@type":"ImageObject","inLanguage":"es","@id":"https:\/\/diarioprincipios.com\/index.php\/2020\/09\/27\/el-municipio-agradecio-nuevas-acciones-solidarias\/#primaryimage","url":"https:\/\/diarioprincipios.com\/wp-content\/uploads\/2020\/08\/Frente-Palacio-Municipal.jpeg","contentUrl":"https:\/\/diarioprincipios.com\/wp-content\/uploads\/2020\/08\/Frente-Palacio-Municipal.jpeg","width":1280,"height":853},{"@type":"BreadcrumbList","@id":"https:\/\/diarioprincipios.com\/index.php\/2020\/09\/27\/el-municipio-agradecio-nuevas-acciones-solidarias\/#breadcrumb","itemListElement":[{"@type":"ListItem","position":1,"name":"Portada","item":"https:\/\/diarioprincipios.com\/"},{"@type":"ListItem","position":2,"name":"El Municipio agradeci\u00f3 nuevas acciones solidarias"}]},{"@type":"WebSite","@id":"https:\/\/diarioprincipios.com\/#website","url":"https:\/\/diarioprincipios.com\/","name":"Principios","description":"Principios Diario","publisher":{"@id":"https:\/\/diarioprincipios.com\/#organization"},"potentialAction":[{"@type":"SearchAction","target":{"@type":"EntryPoint","urlTemplate":"https:\/\/diarioprincipios.com\/?s={search_term_string}"},"query-input":{"@type":"PropertyValueSpecification","valueRequired":true,"valueName":"search_term_string"}}],"inLanguage":"es"},{"@type":"Organization","@id":"https:\/\/diarioprincipios.com\/#organization","name":"Principios","url":"https:\/\/diarioprincipios.com\/","logo":{"@type":"ImageObject","inLanguage":"es","@id":"https:\/\/diarioprincipios.com\/#\/schema\/logo\/image\/","url":"https:\/\/diarioprincipios.com\/wp-content\/uploads\/2024\/04\/cropped-www.diarioprincipios.com_-1.png","contentUrl":"https:\/\/diarioprincipios.com\/wp-content\/uploads\/2024\/04\/cropped-www.diarioprincipios.com_-1.png","width":5325,"height":1454,"caption":"Principios"},"image":{"@id":"https:\/\/diarioprincipios.com\/#\/schema\/logo\/image\/"}},{"@type":"Person","@id":"https:\/\/diarioprincipios.com\/#\/schema\/person\/436d5a1fd41a5e250e23ff5a6a7cb080","name":"Hern\u00e1n L\u00f3pez","image":{"@type":"ImageObject","inLanguage":"es","@id":"https:\/\/diarioprincipios.com\/wp-content\/litespeed\/avatar\/11ddfe5610ff3bd100522525b2571f48.jpg?ver=1777048341","url":"https:\/\/diarioprincipios.com\/wp-content\/litespeed\/avatar\/11ddfe5610ff3bd100522525b2571f48.jpg?ver=1777048341","contentUrl":"https:\/\/diarioprincipios.com\/wp-content\/litespeed\/avatar\/11ddfe5610ff3bd100522525b2571f48.jpg?ver=1777048341","caption":"Hern\u00e1n L\u00f3pez"},"url":"https:\/\/diarioprincipios.com\/index.php\/author\/hernan\/"}]}},"jetpack_featured_media_url":"https:\/\/diarioprincipios.com\/wp-content\/uploads\/2020\/08\/Frente-Palacio-Municipal.jpeg","_links":{"self":[{"href":"https:\/\/diarioprincipios.com\/index.php\/wp-json\/wp\/v2\/posts\/5843","targetHints":{"allow":["GET"]}}],"collection":[{"href":"https:\/\/diarioprincipios.com\/index.php\/wp-json\/wp\/v2\/posts"}],"about":[{"href":"https:\/\/diarioprincipios.com\/index.php\/wp-json\/wp\/v2\/types\/post"}],"author":[{"embeddable":true,"href":"https:\/\/diarioprincipios.com\/index.php\/wp-json\/wp\/v2\/users\/2"}],"replies":[{"embeddable":true,"href":"https:\/\/diarioprincipios.com\/index.php\/wp-json\/wp\/v2\/comments?post=5843"}],"version-history":[{"count":1,"href":"https:\/\/diarioprincipios.com\/index.php\/wp-json\/wp\/v2\/posts\/5843\/revisions"}],"predecessor-version":[{"id":5844,"href":"https:\/\/diarioprincipios.com\/index.php\/wp-json\/wp\/v2\/posts\/5843\/revisions\/5844"}],"wp:featuredmedia":[{"embeddable":true,"href":"https:\/\/diarioprincipios.com\/index.php\/wp-json\/wp\/v2\/media\/4758"}],"wp:attachment":[{"href":"https:\/\/diarioprincipios.com\/index.php\/wp-json\/wp\/v2\/media?parent=5843"}],"wp:term":[{"taxonomy":"category","embeddable":true,"href":"https:\/\/diarioprincipios.com\/index.php\/wp-json\/wp\/v2\/categories?post=5843"},{"taxonomy":"post_tag","embeddable":true,"href":"https:\/\/diarioprincipios.com\/index.php\/wp-json\/wp\/v2\/tags?post=5843"}],"curies":[{"name":"wp","href":"https:\/\/api.w.org\/{rel}","templated":true}]}}