{"id":5828,"date":"2020-09-26T19:55:26","date_gmt":"2020-09-26T22:55:26","guid":{"rendered":"http:\/\/diarioprincipios.com\/?p=5828"},"modified":"2020-09-26T19:55:31","modified_gmt":"2020-09-26T22:55:31","slug":"la-campana-lazos-solidarios-no-para-el-viernes-se-realizo-en-el-polideportivo-n-1","status":"publish","type":"post","link":"https:\/\/diarioprincipios.com\/index.php\/2020\/09\/26\/la-campana-lazos-solidarios-no-para-el-viernes-se-realizo-en-el-polideportivo-n-1\/","title":{"rendered":"La Campa\u00f1a Lazos Solidarios no para: el viernes se realiz\u00f3 en el Polideportivo N\u00b0 1"},"content":{"rendered":"\n<p>Ayer, viernes 25 de Septiembre, se realiz\u00f3 una nueva edici\u00f3n de la Campa\u00f1a Lazos Solidarios, que desde marzo se realiza semanalmente siendo organizada por la Asociaci\u00f3n de Voley Capital Nacional del Vidrio y el SOIVA Berazategui.<\/p>\n\n\n\n<figure class=\"wp-block-image size-large\"><img loading=\"lazy\" decoding=\"async\" width=\"768\" height=\"1024\" src=\"https:\/\/diarioprincipios.com\/wp-content\/uploads\/2020\/09\/IMG-20200926-WA0005.jpg\" alt=\"\" class=\"wp-image-5829\" srcset=\"https:\/\/diarioprincipios.com\/wp-content\/uploads\/2020\/09\/IMG-20200926-WA0005.jpg 768w, https:\/\/diarioprincipios.com\/wp-content\/uploads\/2020\/09\/IMG-20200926-WA0005-225x300.jpg 225w\" sizes=\"auto, (max-width: 768px) 100vw, 768px\" \/><\/figure>\n\n\n\n<p>Centenares de familias se acercaron a retirar su raci\u00f3n de alimento y agradecieron la llegada de la Campa\u00f1a Lazos Solidarios al Polideportivo N \u00b0 1, ubicado en el Barrio 12 de Octubre.<\/p>\n\n\n\n<figure class=\"wp-block-image size-large\"><img loading=\"lazy\" decoding=\"async\" width=\"768\" height=\"1024\" src=\"https:\/\/diarioprincipios.com\/wp-content\/uploads\/2020\/09\/IMG-20200926-WA0006.jpg\" alt=\"\" class=\"wp-image-5830\" srcset=\"https:\/\/diarioprincipios.com\/wp-content\/uploads\/2020\/09\/IMG-20200926-WA0006.jpg 768w, https:\/\/diarioprincipios.com\/wp-content\/uploads\/2020\/09\/IMG-20200926-WA0006-225x300.jpg 225w\" sizes=\"auto, (max-width: 768px) 100vw, 768px\" \/><\/figure>\n\n\n\n<p>Celia Cabrera, presidenta de la Asociaci\u00f3n de Voley sostuvo que &#8216;ya cumplimos 6 meses recorriendo los barrios con esta acci\u00f3n solidaria y no tenemos m\u00e1s que palabras de agradecimiento para con nuestro incansable equipo de trabajo\u00bb.<\/p>\n\n\n\n<figure class=\"wp-block-image size-large\"><img loading=\"lazy\" decoding=\"async\" width=\"1024\" height=\"768\" src=\"https:\/\/diarioprincipios.com\/wp-content\/uploads\/2020\/09\/IMG-20200926-WA0011.jpg\" alt=\"\" class=\"wp-image-5831\" srcset=\"https:\/\/diarioprincipios.com\/wp-content\/uploads\/2020\/09\/IMG-20200926-WA0011.jpg 1024w, https:\/\/diarioprincipios.com\/wp-content\/uploads\/2020\/09\/IMG-20200926-WA0011-300x225.jpg 300w, https:\/\/diarioprincipios.com\/wp-content\/uploads\/2020\/09\/IMG-20200926-WA0011-768x576.jpg 768w\" sizes=\"auto, (max-width: 1024px) 100vw, 1024px\" \/><\/figure>\n\n\n\n<p>Agreg\u00f3 finalmente que \u00abel apoyo del Intendente Municipal, Dr. Juan Jos\u00e9 Mussi, del m\u00e1ximo conductor a nivel local y nacional de los vidrieros, Horacio Valdez y del concejal Orlanfo Reyes ha sido tambi\u00e9n fundamental para todos nosotros\u00bb.<\/p>\n\n\n\n<figure class=\"wp-block-image size-large\"><img loading=\"lazy\" decoding=\"async\" width=\"768\" height=\"1024\" src=\"https:\/\/diarioprincipios.com\/wp-content\/uploads\/2020\/09\/IMG-20200926-WA0004.jpg\" alt=\"\" class=\"wp-image-5832\" srcset=\"https:\/\/diarioprincipios.com\/wp-content\/uploads\/2020\/09\/IMG-20200926-WA0004.jpg 768w, https:\/\/diarioprincipios.com\/wp-content\/uploads\/2020\/09\/IMG-20200926-WA0004-225x300.jpg 225w\" sizes=\"auto, (max-width: 768px) 100vw, 768px\" \/><\/figure>\n","protected":false},"excerpt":{"rendered":"<p>Ayer, viernes 25 de Septiembre, se realiz\u00f3 una nueva edici\u00f3n de la Campa\u00f1a Lazos Solidarios, que desde marzo se realiza semanalmente siendo organizada por la Asociaci\u00f3n de Voley Capital Nacional del Vidrio y el SOIVA Berazategui. Centenares de familias se acercaron a retirar su raci\u00f3n de alimento y agradecieron la llegada de la Campa\u00f1a Lazos&#8230;<\/p>\n","protected":false},"author":2,"featured_media":5833,"comment_status":"open","ping_status":"open","sticky":false,"template":"","format":"standard","meta":{"footnotes":""},"categories":[3],"tags":[],"class_list":["post-5828","post","type-post","status-publish","format-standard","has-post-thumbnail","hentry","category-berazategui"],"featured_image_src":"https:\/\/diarioprincipios.com\/wp-content\/uploads\/2020\/09\/IMG-20200926-WA0012.jpg","blog_images":{"medium":"https:\/\/diarioprincipios.com\/wp-content\/uploads\/2020\/09\/IMG-20200926-WA0012-300x225.jpg","large":"https:\/\/diarioprincipios.com\/wp-content\/uploads\/2020\/09\/IMG-20200926-WA0012.jpg"},"ams_acf":[],"yoast_head":"<!-- This site is optimized with the Yoast SEO plugin v27.3 - https:\/\/yoast.com\/product\/yoast-seo-wordpress\/ -->\n<title>La Campa\u00f1a Lazos Solidarios no para: el viernes se realiz\u00f3 en el Polideportivo N\u00b0 1 - Principios<\/title>\n<meta name=\"robots\" content=\"index, follow, max-snippet:-1, max-image-preview:large, max-video-preview:-1\" \/>\n<link rel=\"canonical\" href=\"https:\/\/diarioprincipios.com\/index.php\/2020\/09\/26\/la-campana-lazos-solidarios-no-para-el-viernes-se-realizo-en-el-polideportivo-n-1\/\" \/>\n<meta property=\"og:locale\" content=\"es_ES\" \/>\n<meta property=\"og:type\" content=\"article\" \/>\n<meta property=\"og:title\" content=\"La Campa\u00f1a Lazos Solidarios no para: el viernes se realiz\u00f3 en el Polideportivo N\u00b0 1 - Principios\" \/>\n<meta property=\"og:description\" content=\"Ayer, viernes 25 de Septiembre, se realiz\u00f3 una nueva edici\u00f3n de la Campa\u00f1a Lazos Solidarios, que desde marzo se realiza semanalmente siendo organizada por la Asociaci\u00f3n de Voley Capital Nacional del Vidrio y el SOIVA Berazategui. Centenares de familias se acercaron a retirar su raci\u00f3n de alimento y agradecieron la llegada de la Campa\u00f1a Lazos...\" \/>\n<meta property=\"og:url\" content=\"https:\/\/diarioprincipios.com\/index.php\/2020\/09\/26\/la-campana-lazos-solidarios-no-para-el-viernes-se-realizo-en-el-polideportivo-n-1\/\" \/>\n<meta property=\"og:site_name\" content=\"Principios\" \/>\n<meta property=\"article:published_time\" content=\"2020-09-26T22:55:26+00:00\" \/>\n<meta property=\"article:modified_time\" content=\"2020-09-26T22:55:31+00:00\" \/>\n<meta property=\"og:image\" content=\"https:\/\/diarioprincipios.com\/wp-content\/uploads\/2020\/09\/IMG-20200926-WA0012.jpg\" \/>\n\t<meta property=\"og:image:width\" content=\"1024\" \/>\n\t<meta property=\"og:image:height\" content=\"768\" \/>\n\t<meta property=\"og:image:type\" content=\"image\/jpeg\" \/>\n<meta name=\"author\" content=\"Hern\u00e1n L\u00f3pez\" \/>\n<meta name=\"twitter:card\" content=\"summary_large_image\" \/>\n<meta name=\"twitter:label1\" content=\"Escrito por\" \/>\n\t<meta name=\"twitter:data1\" content=\"Hern\u00e1n L\u00f3pez\" \/>\n\t<meta name=\"twitter:label2\" content=\"Tiempo de lectura\" \/>\n\t<meta name=\"twitter:data2\" content=\"1 minuto\" \/>\n<script type=\"application\/ld+json\" class=\"yoast-schema-graph\">{\"@context\":\"https:\\\/\\\/schema.org\",\"@graph\":[{\"@type\":\"Article\",\"@id\":\"https:\\\/\\\/diarioprincipios.com\\\/index.php\\\/2020\\\/09\\\/26\\\/la-campana-lazos-solidarios-no-para-el-viernes-se-realizo-en-el-polideportivo-n-1\\\/#article\",\"isPartOf\":{\"@id\":\"https:\\\/\\\/diarioprincipios.com\\\/index.php\\\/2020\\\/09\\\/26\\\/la-campana-lazos-solidarios-no-para-el-viernes-se-realizo-en-el-polideportivo-n-1\\\/\"},\"author\":{\"name\":\"Hern\u00e1n L\u00f3pez\",\"@id\":\"https:\\\/\\\/diarioprincipios.com\\\/#\\\/schema\\\/person\\\/436d5a1fd41a5e250e23ff5a6a7cb080\"},\"headline\":\"La Campa\u00f1a Lazos Solidarios no para: el viernes se realiz\u00f3 en el Polideportivo N\u00b0 1\",\"datePublished\":\"2020-09-26T22:55:26+00:00\",\"dateModified\":\"2020-09-26T22:55:31+00:00\",\"mainEntityOfPage\":{\"@id\":\"https:\\\/\\\/diarioprincipios.com\\\/index.php\\\/2020\\\/09\\\/26\\\/la-campana-lazos-solidarios-no-para-el-viernes-se-realizo-en-el-polideportivo-n-1\\\/\"},\"wordCount\":161,\"commentCount\":0,\"publisher\":{\"@id\":\"https:\\\/\\\/diarioprincipios.com\\\/#organization\"},\"image\":{\"@id\":\"https:\\\/\\\/diarioprincipios.com\\\/index.php\\\/2020\\\/09\\\/26\\\/la-campana-lazos-solidarios-no-para-el-viernes-se-realizo-en-el-polideportivo-n-1\\\/#primaryimage\"},\"thumbnailUrl\":\"https:\\\/\\\/diarioprincipios.com\\\/wp-content\\\/uploads\\\/2020\\\/09\\\/IMG-20200926-WA0012.jpg\",\"articleSection\":[\"Berazategui\"],\"inLanguage\":\"es\",\"potentialAction\":[{\"@type\":\"CommentAction\",\"name\":\"Comment\",\"target\":[\"https:\\\/\\\/diarioprincipios.com\\\/index.php\\\/2020\\\/09\\\/26\\\/la-campana-lazos-solidarios-no-para-el-viernes-se-realizo-en-el-polideportivo-n-1\\\/#respond\"]}]},{\"@type\":\"WebPage\",\"@id\":\"https:\\\/\\\/diarioprincipios.com\\\/index.php\\\/2020\\\/09\\\/26\\\/la-campana-lazos-solidarios-no-para-el-viernes-se-realizo-en-el-polideportivo-n-1\\\/\",\"url\":\"https:\\\/\\\/diarioprincipios.com\\\/index.php\\\/2020\\\/09\\\/26\\\/la-campana-lazos-solidarios-no-para-el-viernes-se-realizo-en-el-polideportivo-n-1\\\/\",\"name\":\"La Campa\u00f1a Lazos Solidarios no para: el viernes se realiz\u00f3 en el Polideportivo N\u00b0 1 - Principios\",\"isPartOf\":{\"@id\":\"https:\\\/\\\/diarioprincipios.com\\\/#website\"},\"primaryImageOfPage\":{\"@id\":\"https:\\\/\\\/diarioprincipios.com\\\/index.php\\\/2020\\\/09\\\/26\\\/la-campana-lazos-solidarios-no-para-el-viernes-se-realizo-en-el-polideportivo-n-1\\\/#primaryimage\"},\"image\":{\"@id\":\"https:\\\/\\\/diarioprincipios.com\\\/index.php\\\/2020\\\/09\\\/26\\\/la-campana-lazos-solidarios-no-para-el-viernes-se-realizo-en-el-polideportivo-n-1\\\/#primaryimage\"},\"thumbnailUrl\":\"https:\\\/\\\/diarioprincipios.com\\\/wp-content\\\/uploads\\\/2020\\\/09\\\/IMG-20200926-WA0012.jpg\",\"datePublished\":\"2020-09-26T22:55:26+00:00\",\"dateModified\":\"2020-09-26T22:55:31+00:00\",\"breadcrumb\":{\"@id\":\"https:\\\/\\\/diarioprincipios.com\\\/index.php\\\/2020\\\/09\\\/26\\\/la-campana-lazos-solidarios-no-para-el-viernes-se-realizo-en-el-polideportivo-n-1\\\/#breadcrumb\"},\"inLanguage\":\"es\",\"potentialAction\":[{\"@type\":\"ReadAction\",\"target\":[\"https:\\\/\\\/diarioprincipios.com\\\/index.php\\\/2020\\\/09\\\/26\\\/la-campana-lazos-solidarios-no-para-el-viernes-se-realizo-en-el-polideportivo-n-1\\\/\"]}]},{\"@type\":\"ImageObject\",\"inLanguage\":\"es\",\"@id\":\"https:\\\/\\\/diarioprincipios.com\\\/index.php\\\/2020\\\/09\\\/26\\\/la-campana-lazos-solidarios-no-para-el-viernes-se-realizo-en-el-polideportivo-n-1\\\/#primaryimage\",\"url\":\"https:\\\/\\\/diarioprincipios.com\\\/wp-content\\\/uploads\\\/2020\\\/09\\\/IMG-20200926-WA0012.jpg\",\"contentUrl\":\"https:\\\/\\\/diarioprincipios.com\\\/wp-content\\\/uploads\\\/2020\\\/09\\\/IMG-20200926-WA0012.jpg\",\"width\":1024,\"height\":768},{\"@type\":\"BreadcrumbList\",\"@id\":\"https:\\\/\\\/diarioprincipios.com\\\/index.php\\\/2020\\\/09\\\/26\\\/la-campana-lazos-solidarios-no-para-el-viernes-se-realizo-en-el-polideportivo-n-1\\\/#breadcrumb\",\"itemListElement\":[{\"@type\":\"ListItem\",\"position\":1,\"name\":\"Portada\",\"item\":\"https:\\\/\\\/diarioprincipios.com\\\/\"},{\"@type\":\"ListItem\",\"position\":2,\"name\":\"La Campa\u00f1a Lazos Solidarios no para: el viernes se realiz\u00f3 en el Polideportivo N\u00b0 1\"}]},{\"@type\":\"WebSite\",\"@id\":\"https:\\\/\\\/diarioprincipios.com\\\/#website\",\"url\":\"https:\\\/\\\/diarioprincipios.com\\\/\",\"name\":\"Principios\",\"description\":\"Principios Diario\",\"publisher\":{\"@id\":\"https:\\\/\\\/diarioprincipios.com\\\/#organization\"},\"potentialAction\":[{\"@type\":\"SearchAction\",\"target\":{\"@type\":\"EntryPoint\",\"urlTemplate\":\"https:\\\/\\\/diarioprincipios.com\\\/?s={search_term_string}\"},\"query-input\":{\"@type\":\"PropertyValueSpecification\",\"valueRequired\":true,\"valueName\":\"search_term_string\"}}],\"inLanguage\":\"es\"},{\"@type\":\"Organization\",\"@id\":\"https:\\\/\\\/diarioprincipios.com\\\/#organization\",\"name\":\"Principios\",\"url\":\"https:\\\/\\\/diarioprincipios.com\\\/\",\"logo\":{\"@type\":\"ImageObject\",\"inLanguage\":\"es\",\"@id\":\"https:\\\/\\\/diarioprincipios.com\\\/#\\\/schema\\\/logo\\\/image\\\/\",\"url\":\"https:\\\/\\\/diarioprincipios.com\\\/wp-content\\\/uploads\\\/2024\\\/04\\\/cropped-www.diarioprincipios.com_-1.png\",\"contentUrl\":\"https:\\\/\\\/diarioprincipios.com\\\/wp-content\\\/uploads\\\/2024\\\/04\\\/cropped-www.diarioprincipios.com_-1.png\",\"width\":5325,\"height\":1454,\"caption\":\"Principios\"},\"image\":{\"@id\":\"https:\\\/\\\/diarioprincipios.com\\\/#\\\/schema\\\/logo\\\/image\\\/\"}},{\"@type\":\"Person\",\"@id\":\"https:\\\/\\\/diarioprincipios.com\\\/#\\\/schema\\\/person\\\/436d5a1fd41a5e250e23ff5a6a7cb080\",\"name\":\"Hern\u00e1n L\u00f3pez\",\"image\":{\"@type\":\"ImageObject\",\"inLanguage\":\"es\",\"@id\":\"https:\\\/\\\/diarioprincipios.com\\\/wp-content\\\/litespeed\\\/avatar\\\/11ddfe5610ff3bd100522525b2571f48.jpg?ver=1777048341\",\"url\":\"https:\\\/\\\/diarioprincipios.com\\\/wp-content\\\/litespeed\\\/avatar\\\/11ddfe5610ff3bd100522525b2571f48.jpg?ver=1777048341\",\"contentUrl\":\"https:\\\/\\\/diarioprincipios.com\\\/wp-content\\\/litespeed\\\/avatar\\\/11ddfe5610ff3bd100522525b2571f48.jpg?ver=1777048341\",\"caption\":\"Hern\u00e1n L\u00f3pez\"},\"url\":\"https:\\\/\\\/diarioprincipios.com\\\/index.php\\\/author\\\/hernan\\\/\"}]}<\/script>\n<!-- \/ Yoast SEO plugin. -->","yoast_head_json":{"title":"La Campa\u00f1a Lazos Solidarios no para: el viernes se realiz\u00f3 en el Polideportivo N\u00b0 1 - Principios","robots":{"index":"index","follow":"follow","max-snippet":"max-snippet:-1","max-image-preview":"max-image-preview:large","max-video-preview":"max-video-preview:-1"},"canonical":"https:\/\/diarioprincipios.com\/index.php\/2020\/09\/26\/la-campana-lazos-solidarios-no-para-el-viernes-se-realizo-en-el-polideportivo-n-1\/","og_locale":"es_ES","og_type":"article","og_title":"La Campa\u00f1a Lazos Solidarios no para: el viernes se realiz\u00f3 en el Polideportivo N\u00b0 1 - Principios","og_description":"Ayer, viernes 25 de Septiembre, se realiz\u00f3 una nueva edici\u00f3n de la Campa\u00f1a Lazos Solidarios, que desde marzo se realiza semanalmente siendo organizada por la Asociaci\u00f3n de Voley Capital Nacional del Vidrio y el SOIVA Berazategui. Centenares de familias se acercaron a retirar su raci\u00f3n de alimento y agradecieron la llegada de la Campa\u00f1a Lazos...","og_url":"https:\/\/diarioprincipios.com\/index.php\/2020\/09\/26\/la-campana-lazos-solidarios-no-para-el-viernes-se-realizo-en-el-polideportivo-n-1\/","og_site_name":"Principios","article_published_time":"2020-09-26T22:55:26+00:00","article_modified_time":"2020-09-26T22:55:31+00:00","og_image":[{"width":1024,"height":768,"url":"https:\/\/diarioprincipios.com\/wp-content\/uploads\/2020\/09\/IMG-20200926-WA0012.jpg","type":"image\/jpeg"}],"author":"Hern\u00e1n L\u00f3pez","twitter_card":"summary_large_image","twitter_misc":{"Escrito por":"Hern\u00e1n L\u00f3pez","Tiempo de lectura":"1 minuto"},"schema":{"@context":"https:\/\/schema.org","@graph":[{"@type":"Article","@id":"https:\/\/diarioprincipios.com\/index.php\/2020\/09\/26\/la-campana-lazos-solidarios-no-para-el-viernes-se-realizo-en-el-polideportivo-n-1\/#article","isPartOf":{"@id":"https:\/\/diarioprincipios.com\/index.php\/2020\/09\/26\/la-campana-lazos-solidarios-no-para-el-viernes-se-realizo-en-el-polideportivo-n-1\/"},"author":{"name":"Hern\u00e1n L\u00f3pez","@id":"https:\/\/diarioprincipios.com\/#\/schema\/person\/436d5a1fd41a5e250e23ff5a6a7cb080"},"headline":"La Campa\u00f1a Lazos Solidarios no para: el viernes se realiz\u00f3 en el Polideportivo N\u00b0 1","datePublished":"2020-09-26T22:55:26+00:00","dateModified":"2020-09-26T22:55:31+00:00","mainEntityOfPage":{"@id":"https:\/\/diarioprincipios.com\/index.php\/2020\/09\/26\/la-campana-lazos-solidarios-no-para-el-viernes-se-realizo-en-el-polideportivo-n-1\/"},"wordCount":161,"commentCount":0,"publisher":{"@id":"https:\/\/diarioprincipios.com\/#organization"},"image":{"@id":"https:\/\/diarioprincipios.com\/index.php\/2020\/09\/26\/la-campana-lazos-solidarios-no-para-el-viernes-se-realizo-en-el-polideportivo-n-1\/#primaryimage"},"thumbnailUrl":"https:\/\/diarioprincipios.com\/wp-content\/uploads\/2020\/09\/IMG-20200926-WA0012.jpg","articleSection":["Berazategui"],"inLanguage":"es","potentialAction":[{"@type":"CommentAction","name":"Comment","target":["https:\/\/diarioprincipios.com\/index.php\/2020\/09\/26\/la-campana-lazos-solidarios-no-para-el-viernes-se-realizo-en-el-polideportivo-n-1\/#respond"]}]},{"@type":"WebPage","@id":"https:\/\/diarioprincipios.com\/index.php\/2020\/09\/26\/la-campana-lazos-solidarios-no-para-el-viernes-se-realizo-en-el-polideportivo-n-1\/","url":"https:\/\/diarioprincipios.com\/index.php\/2020\/09\/26\/la-campana-lazos-solidarios-no-para-el-viernes-se-realizo-en-el-polideportivo-n-1\/","name":"La Campa\u00f1a Lazos Solidarios no para: el viernes se realiz\u00f3 en el Polideportivo N\u00b0 1 - Principios","isPartOf":{"@id":"https:\/\/diarioprincipios.com\/#website"},"primaryImageOfPage":{"@id":"https:\/\/diarioprincipios.com\/index.php\/2020\/09\/26\/la-campana-lazos-solidarios-no-para-el-viernes-se-realizo-en-el-polideportivo-n-1\/#primaryimage"},"image":{"@id":"https:\/\/diarioprincipios.com\/index.php\/2020\/09\/26\/la-campana-lazos-solidarios-no-para-el-viernes-se-realizo-en-el-polideportivo-n-1\/#primaryimage"},"thumbnailUrl":"https:\/\/diarioprincipios.com\/wp-content\/uploads\/2020\/09\/IMG-20200926-WA0012.jpg","datePublished":"2020-09-26T22:55:26+00:00","dateModified":"2020-09-26T22:55:31+00:00","breadcrumb":{"@id":"https:\/\/diarioprincipios.com\/index.php\/2020\/09\/26\/la-campana-lazos-solidarios-no-para-el-viernes-se-realizo-en-el-polideportivo-n-1\/#breadcrumb"},"inLanguage":"es","potentialAction":[{"@type":"ReadAction","target":["https:\/\/diarioprincipios.com\/index.php\/2020\/09\/26\/la-campana-lazos-solidarios-no-para-el-viernes-se-realizo-en-el-polideportivo-n-1\/"]}]},{"@type":"ImageObject","inLanguage":"es","@id":"https:\/\/diarioprincipios.com\/index.php\/2020\/09\/26\/la-campana-lazos-solidarios-no-para-el-viernes-se-realizo-en-el-polideportivo-n-1\/#primaryimage","url":"https:\/\/diarioprincipios.com\/wp-content\/uploads\/2020\/09\/IMG-20200926-WA0012.jpg","contentUrl":"https:\/\/diarioprincipios.com\/wp-content\/uploads\/2020\/09\/IMG-20200926-WA0012.jpg","width":1024,"height":768},{"@type":"BreadcrumbList","@id":"https:\/\/diarioprincipios.com\/index.php\/2020\/09\/26\/la-campana-lazos-solidarios-no-para-el-viernes-se-realizo-en-el-polideportivo-n-1\/#breadcrumb","itemListElement":[{"@type":"ListItem","position":1,"name":"Portada","item":"https:\/\/diarioprincipios.com\/"},{"@type":"ListItem","position":2,"name":"La Campa\u00f1a Lazos Solidarios no para: el viernes se realiz\u00f3 en el Polideportivo N\u00b0 1"}]},{"@type":"WebSite","@id":"https:\/\/diarioprincipios.com\/#website","url":"https:\/\/diarioprincipios.com\/","name":"Principios","description":"Principios Diario","publisher":{"@id":"https:\/\/diarioprincipios.com\/#organization"},"potentialAction":[{"@type":"SearchAction","target":{"@type":"EntryPoint","urlTemplate":"https:\/\/diarioprincipios.com\/?s={search_term_string}"},"query-input":{"@type":"PropertyValueSpecification","valueRequired":true,"valueName":"search_term_string"}}],"inLanguage":"es"},{"@type":"Organization","@id":"https:\/\/diarioprincipios.com\/#organization","name":"Principios","url":"https:\/\/diarioprincipios.com\/","logo":{"@type":"ImageObject","inLanguage":"es","@id":"https:\/\/diarioprincipios.com\/#\/schema\/logo\/image\/","url":"https:\/\/diarioprincipios.com\/wp-content\/uploads\/2024\/04\/cropped-www.diarioprincipios.com_-1.png","contentUrl":"https:\/\/diarioprincipios.com\/wp-content\/uploads\/2024\/04\/cropped-www.diarioprincipios.com_-1.png","width":5325,"height":1454,"caption":"Principios"},"image":{"@id":"https:\/\/diarioprincipios.com\/#\/schema\/logo\/image\/"}},{"@type":"Person","@id":"https:\/\/diarioprincipios.com\/#\/schema\/person\/436d5a1fd41a5e250e23ff5a6a7cb080","name":"Hern\u00e1n L\u00f3pez","image":{"@type":"ImageObject","inLanguage":"es","@id":"https:\/\/diarioprincipios.com\/wp-content\/litespeed\/avatar\/11ddfe5610ff3bd100522525b2571f48.jpg?ver=1777048341","url":"https:\/\/diarioprincipios.com\/wp-content\/litespeed\/avatar\/11ddfe5610ff3bd100522525b2571f48.jpg?ver=1777048341","contentUrl":"https:\/\/diarioprincipios.com\/wp-content\/litespeed\/avatar\/11ddfe5610ff3bd100522525b2571f48.jpg?ver=1777048341","caption":"Hern\u00e1n L\u00f3pez"},"url":"https:\/\/diarioprincipios.com\/index.php\/author\/hernan\/"}]}},"jetpack_featured_media_url":"https:\/\/diarioprincipios.com\/wp-content\/uploads\/2020\/09\/IMG-20200926-WA0012.jpg","_links":{"self":[{"href":"https:\/\/diarioprincipios.com\/index.php\/wp-json\/wp\/v2\/posts\/5828","targetHints":{"allow":["GET"]}}],"collection":[{"href":"https:\/\/diarioprincipios.com\/index.php\/wp-json\/wp\/v2\/posts"}],"about":[{"href":"https:\/\/diarioprincipios.com\/index.php\/wp-json\/wp\/v2\/types\/post"}],"author":[{"embeddable":true,"href":"https:\/\/diarioprincipios.com\/index.php\/wp-json\/wp\/v2\/users\/2"}],"replies":[{"embeddable":true,"href":"https:\/\/diarioprincipios.com\/index.php\/wp-json\/wp\/v2\/comments?post=5828"}],"version-history":[{"count":1,"href":"https:\/\/diarioprincipios.com\/index.php\/wp-json\/wp\/v2\/posts\/5828\/revisions"}],"predecessor-version":[{"id":5834,"href":"https:\/\/diarioprincipios.com\/index.php\/wp-json\/wp\/v2\/posts\/5828\/revisions\/5834"}],"wp:featuredmedia":[{"embeddable":true,"href":"https:\/\/diarioprincipios.com\/index.php\/wp-json\/wp\/v2\/media\/5833"}],"wp:attachment":[{"href":"https:\/\/diarioprincipios.com\/index.php\/wp-json\/wp\/v2\/media?parent=5828"}],"wp:term":[{"taxonomy":"category","embeddable":true,"href":"https:\/\/diarioprincipios.com\/index.php\/wp-json\/wp\/v2\/categories?post=5828"},{"taxonomy":"post_tag","embeddable":true,"href":"https:\/\/diarioprincipios.com\/index.php\/wp-json\/wp\/v2\/tags?post=5828"}],"curies":[{"name":"wp","href":"https:\/\/api.w.org\/{rel}","templated":true}]}}