{"id":5821,"date":"2020-09-25T12:36:59","date_gmt":"2020-09-25T15:36:59","guid":{"rendered":"http:\/\/diarioprincipios.com\/?p=5821"},"modified":"2020-09-25T12:37:04","modified_gmt":"2020-09-25T15:37:04","slug":"cinco-nuevos-camiones-volcadores-para-reforzar-tareas-de-limpieza-en-quilmes","status":"publish","type":"post","link":"https:\/\/diarioprincipios.com\/index.php\/2020\/09\/25\/cinco-nuevos-camiones-volcadores-para-reforzar-tareas-de-limpieza-en-quilmes\/","title":{"rendered":"Cinco nuevos camiones volcadores para reforzar tareas de limpieza en Quilmes"},"content":{"rendered":"\n<p>La intendenta de Quilmes, Mayra Mendoza, encabez\u00f3 la entrega de llaves de cinco nuevos camiones volcadores destinados a la flota vehicular de la Secretar\u00eda de Servicios P\u00fablicos, con el objetivo de reforzar la pol\u00edtica ambiental y de limpieza que lleva adelante diariamente la gesti\u00f3n a trav\u00e9s del programa \u201cQuilmes Limpio\u201d. Luego, la Jefa comunal supervis\u00f3 las obras de los nuevos vestuarios de dicha \u00e1rea.<\/p>\n\n\n\n<p>\u201cEstamos presentando cinco nuevos camiones que hemos adquirido desde el Municipio por un Leasing del Banco Provincia que nos dio posibilidad de comprar estos camiones y otros m\u00f3viles tambi\u00e9n para el Municipio, expres\u00f3 Mayra durante la actividad, en la que estuvo acompa\u00f1ada por el jefe de Gabinete, Alejandro Gandulfo y el titular de la Secretar\u00eda de Servicios P\u00fablicos, \u00c1ngel Garc\u00eda.<\/p>\n\n\n\n<p>A su vez, la Intendenta record\u00f3 el estado en que encontraron la flota de Servicios P\u00fablicos al inicio de la gesti\u00f3n: \u201cDesde el primer d\u00eda de nuestra gesti\u00f3n, trabajamos para poder garantizar los servicios p\u00fablicos en todos los barrios. Y nos encontramos con un \u00e1rea como la Secretar\u00eda de Servicios P\u00fablicos, que no ten\u00eda el equipamiento necesario para poder brindar un servicio eficiente de los que se necesita en todo Quilmes, que es alumbrado, barrido y limpieza. Nos pusimos a trabajar y en el mes de marzo presentamos una incorporaci\u00f3n de 10 nuevos camiones para GIRSU, y ahora estamos presentando cinco nuevos camiones volcadores para el \u00e1rea de Servicios P\u00fablicos, adem\u00e1s de los vestuarios nuevos para los trabajadores de este sector\u201d.<\/p>\n\n\n\n<p>Mayra tambi\u00e9n expres\u00f3 la importancia que tienen los EcoPuntos del distrito como complemento del programa \u201cQuilmes Limpio\u201d: \u201cSon lugares a donde los vecinos se pueden acercar a dejar los residuos que separan en origen. Esto adem\u00e1s se vincula con el trabajo de los recolectores urbanos, porque nosotros creemos que el pensar un Municipio sustentable es tambi\u00e9n pensarlo desde una \u00f3ptica del ambientalismo popular, y poder generar que la econom\u00eda circular comience a ser un hecho. Pensamos poder tener un Municipio sustentable, generar y dar trabajo\u201d.<\/p>\n\n\n\n<p>Por \u00faltimo, resalt\u00f3 lo que ser\u00e1 la construcci\u00f3n del EcoParque: \u201cTendr\u00e1 una planta de transferencia y otra de tratamientos, para los residuos que puedan ser reciclados y que puedan volver a ser reutilizados como materia prima. Esto es lo que nos propusimos hacer desde el primer d\u00eda, que Quilmes sea un Municipio limpio y que tambi\u00e9n con el compromiso de los vecinos y vecinas, tengamos una ciudad sustentable\u201d.<\/p>\n\n\n\n<p>Por su parte, el secretario de Servicios P\u00fablicos, \u00c1ngel Garc\u00eda expres\u00f3: \u201cHoy, por una decisi\u00f3n oportuna de nuestra Intendenta Municipal, incorporamos al \u00e1rea de Servicios P\u00fablicos cinco nuevos camiones volcadores, con una caja importante mucho m\u00e1s grande que las que ten\u00edamos, esto viene a reforzar el trabajo que hacemos diariamente de higiene urbana en la ciudad, la erradicaci\u00f3n de basurales, la limpieza de distintos sectores y sin duda, esta inversi\u00f3n va a generar mejores condiciones de trabajo; son camiones nuevos que van a durar much\u00edsimos a\u00f1os y vamos en camino de recuperar la flota vehicular que qued\u00f3, e ir increment\u00e1ndola en el transcurso de los cuatro a\u00f1os de gesti\u00f3n de Mayra Mendoza\u201d.<\/p>\n\n\n\n<p>Sobre lo que significa contar con mejores elementos de trabajo, uno de los camioneros de Servicios P\u00fablicos, Carlos Gonz\u00e1lez, coment\u00f3 que \u201cestamos muy contentos porque vinieron estos nuevos camiones y nos van a ayudar con el trabajo de todos los d\u00edas\u201d. En la misma sinton\u00eda, otro de los empleados, Adri\u00e1n Meza, explic\u00f3 que \u201cuno se encuentra contento porque se va a limpiar mejor la ciudad con los camiones que hay ahora\u201d. Adem\u00e1s, Alejandro Fritz cont\u00f3 que \u201cesperamos con esto poder hacer mejor el trabajo para la ciudad y que est\u00e9 m\u00e1s limpia\u201d.<\/p>\n\n\n\n<p>Esta iniciativa forma parte de los 21 compromisos de gesti\u00f3n que asumi\u00f3 la Intendenta para sus cuatro a\u00f1os de mandato, con el fin de hacer de Quilmes una ciudad mejor para los quilme\u00f1os y quilme\u00f1as. Los camiones est\u00e1n equipados con cajas volcadoras de 16m3, y pueden ser utilizados tanto para la recolecci\u00f3n de ramas como para los distintos trabajos de mantenimiento diario.<\/p>\n\n\n\n<p>Desde el inicio de la gesti\u00f3n de Mayra Mendoza, la Comuna hizo hincapi\u00e9 en la importancia de contar con m\u00e1s y mejores elementos en Servicios P\u00fablicos para brindar todos los d\u00edas una atenci\u00f3n de calidad a los vecinos y vecinas de Quilmes. Entre ellas, durante el mes de junio se incorporaron 10 nuevos camiones para el sistema de recolecci\u00f3n de residuos municipal.<\/p>\n","protected":false},"excerpt":{"rendered":"<p>La intendenta de Quilmes, Mayra Mendoza, encabez\u00f3 la entrega de llaves de cinco nuevos camiones volcadores destinados a la flota vehicular de la Secretar\u00eda de Servicios P\u00fablicos, con el objetivo de reforzar la pol\u00edtica ambiental y de limpieza que lleva adelante diariamente la gesti\u00f3n a trav\u00e9s del programa \u201cQuilmes Limpio\u201d. Luego, la Jefa comunal supervis\u00f3&#8230;<\/p>\n","protected":false},"author":2,"featured_media":5822,"comment_status":"open","ping_status":"open","sticky":false,"template":"","format":"standard","meta":{"footnotes":""},"categories":[4],"tags":[],"class_list":["post-5821","post","type-post","status-publish","format-standard","has-post-thumbnail","hentry","category-quilmes"],"featured_image_src":"https:\/\/diarioprincipios.com\/wp-content\/uploads\/2020\/09\/MAYRA-PRESENTO-LA-ADQUISICION-DE-CINCO-NUEVOS-CAMIONES-VOLCADORES-PARA-REFORZAR-LAS-TAREAS-DE-LIMPIEZA-2.jpeg","blog_images":{"medium":"https:\/\/diarioprincipios.com\/wp-content\/uploads\/2020\/09\/MAYRA-PRESENTO-LA-ADQUISICION-DE-CINCO-NUEVOS-CAMIONES-VOLCADORES-PARA-REFORZAR-LAS-TAREAS-DE-LIMPIEZA-2-300x200.jpeg","large":"https:\/\/diarioprincipios.com\/wp-content\/uploads\/2020\/09\/MAYRA-PRESENTO-LA-ADQUISICION-DE-CINCO-NUEVOS-CAMIONES-VOLCADORES-PARA-REFORZAR-LAS-TAREAS-DE-LIMPIEZA-2.jpeg"},"ams_acf":[],"yoast_head":"<!-- This site is optimized with the Yoast SEO plugin v27.3 - https:\/\/yoast.com\/product\/yoast-seo-wordpress\/ -->\n<title>Cinco nuevos camiones volcadores para reforzar tareas de limpieza en Quilmes - Principios<\/title>\n<meta name=\"robots\" content=\"index, follow, max-snippet:-1, max-image-preview:large, max-video-preview:-1\" \/>\n<link rel=\"canonical\" href=\"https:\/\/diarioprincipios.com\/index.php\/2020\/09\/25\/cinco-nuevos-camiones-volcadores-para-reforzar-tareas-de-limpieza-en-quilmes\/\" \/>\n<meta property=\"og:locale\" content=\"es_ES\" \/>\n<meta property=\"og:type\" content=\"article\" \/>\n<meta property=\"og:title\" content=\"Cinco nuevos camiones volcadores para reforzar tareas de limpieza en Quilmes - Principios\" \/>\n<meta property=\"og:description\" content=\"La intendenta de Quilmes, Mayra Mendoza, encabez\u00f3 la entrega de llaves de cinco nuevos camiones volcadores destinados a la flota vehicular de la Secretar\u00eda de Servicios P\u00fablicos, con el objetivo de reforzar la pol\u00edtica ambiental y de limpieza que lleva adelante diariamente la gesti\u00f3n a trav\u00e9s del programa \u201cQuilmes Limpio\u201d. Luego, la Jefa comunal supervis\u00f3...\" \/>\n<meta property=\"og:url\" content=\"https:\/\/diarioprincipios.com\/index.php\/2020\/09\/25\/cinco-nuevos-camiones-volcadores-para-reforzar-tareas-de-limpieza-en-quilmes\/\" \/>\n<meta property=\"og:site_name\" content=\"Principios\" \/>\n<meta property=\"article:published_time\" content=\"2020-09-25T15:36:59+00:00\" \/>\n<meta property=\"article:modified_time\" content=\"2020-09-25T15:37:04+00:00\" \/>\n<meta property=\"og:image\" content=\"https:\/\/diarioprincipios.com\/wp-content\/uploads\/2020\/09\/MAYRA-PRESENTO-LA-ADQUISICION-DE-CINCO-NUEVOS-CAMIONES-VOLCADORES-PARA-REFORZAR-LAS-TAREAS-DE-LIMPIEZA-2.jpeg\" \/>\n\t<meta property=\"og:image:width\" content=\"1024\" \/>\n\t<meta property=\"og:image:height\" content=\"682\" \/>\n\t<meta property=\"og:image:type\" content=\"image\/jpeg\" \/>\n<meta name=\"author\" content=\"Hern\u00e1n L\u00f3pez\" \/>\n<meta name=\"twitter:card\" content=\"summary_large_image\" \/>\n<meta name=\"twitter:label1\" content=\"Escrito por\" \/>\n\t<meta name=\"twitter:data1\" content=\"Hern\u00e1n L\u00f3pez\" \/>\n\t<meta name=\"twitter:label2\" content=\"Tiempo de lectura\" \/>\n\t<meta name=\"twitter:data2\" content=\"4 minutos\" \/>\n<script type=\"application\/ld+json\" class=\"yoast-schema-graph\">{\"@context\":\"https:\\\/\\\/schema.org\",\"@graph\":[{\"@type\":\"Article\",\"@id\":\"https:\\\/\\\/diarioprincipios.com\\\/index.php\\\/2020\\\/09\\\/25\\\/cinco-nuevos-camiones-volcadores-para-reforzar-tareas-de-limpieza-en-quilmes\\\/#article\",\"isPartOf\":{\"@id\":\"https:\\\/\\\/diarioprincipios.com\\\/index.php\\\/2020\\\/09\\\/25\\\/cinco-nuevos-camiones-volcadores-para-reforzar-tareas-de-limpieza-en-quilmes\\\/\"},\"author\":{\"name\":\"Hern\u00e1n L\u00f3pez\",\"@id\":\"https:\\\/\\\/diarioprincipios.com\\\/#\\\/schema\\\/person\\\/436d5a1fd41a5e250e23ff5a6a7cb080\"},\"headline\":\"Cinco nuevos camiones volcadores para reforzar tareas de limpieza en Quilmes\",\"datePublished\":\"2020-09-25T15:36:59+00:00\",\"dateModified\":\"2020-09-25T15:37:04+00:00\",\"mainEntityOfPage\":{\"@id\":\"https:\\\/\\\/diarioprincipios.com\\\/index.php\\\/2020\\\/09\\\/25\\\/cinco-nuevos-camiones-volcadores-para-reforzar-tareas-de-limpieza-en-quilmes\\\/\"},\"wordCount\":795,\"commentCount\":0,\"publisher\":{\"@id\":\"https:\\\/\\\/diarioprincipios.com\\\/#organization\"},\"image\":{\"@id\":\"https:\\\/\\\/diarioprincipios.com\\\/index.php\\\/2020\\\/09\\\/25\\\/cinco-nuevos-camiones-volcadores-para-reforzar-tareas-de-limpieza-en-quilmes\\\/#primaryimage\"},\"thumbnailUrl\":\"https:\\\/\\\/diarioprincipios.com\\\/wp-content\\\/uploads\\\/2020\\\/09\\\/MAYRA-PRESENTO-LA-ADQUISICION-DE-CINCO-NUEVOS-CAMIONES-VOLCADORES-PARA-REFORZAR-LAS-TAREAS-DE-LIMPIEZA-2.jpeg\",\"articleSection\":[\"Quilmes\"],\"inLanguage\":\"es\",\"potentialAction\":[{\"@type\":\"CommentAction\",\"name\":\"Comment\",\"target\":[\"https:\\\/\\\/diarioprincipios.com\\\/index.php\\\/2020\\\/09\\\/25\\\/cinco-nuevos-camiones-volcadores-para-reforzar-tareas-de-limpieza-en-quilmes\\\/#respond\"]}]},{\"@type\":\"WebPage\",\"@id\":\"https:\\\/\\\/diarioprincipios.com\\\/index.php\\\/2020\\\/09\\\/25\\\/cinco-nuevos-camiones-volcadores-para-reforzar-tareas-de-limpieza-en-quilmes\\\/\",\"url\":\"https:\\\/\\\/diarioprincipios.com\\\/index.php\\\/2020\\\/09\\\/25\\\/cinco-nuevos-camiones-volcadores-para-reforzar-tareas-de-limpieza-en-quilmes\\\/\",\"name\":\"Cinco nuevos camiones volcadores para reforzar tareas de limpieza en Quilmes - Principios\",\"isPartOf\":{\"@id\":\"https:\\\/\\\/diarioprincipios.com\\\/#website\"},\"primaryImageOfPage\":{\"@id\":\"https:\\\/\\\/diarioprincipios.com\\\/index.php\\\/2020\\\/09\\\/25\\\/cinco-nuevos-camiones-volcadores-para-reforzar-tareas-de-limpieza-en-quilmes\\\/#primaryimage\"},\"image\":{\"@id\":\"https:\\\/\\\/diarioprincipios.com\\\/index.php\\\/2020\\\/09\\\/25\\\/cinco-nuevos-camiones-volcadores-para-reforzar-tareas-de-limpieza-en-quilmes\\\/#primaryimage\"},\"thumbnailUrl\":\"https:\\\/\\\/diarioprincipios.com\\\/wp-content\\\/uploads\\\/2020\\\/09\\\/MAYRA-PRESENTO-LA-ADQUISICION-DE-CINCO-NUEVOS-CAMIONES-VOLCADORES-PARA-REFORZAR-LAS-TAREAS-DE-LIMPIEZA-2.jpeg\",\"datePublished\":\"2020-09-25T15:36:59+00:00\",\"dateModified\":\"2020-09-25T15:37:04+00:00\",\"breadcrumb\":{\"@id\":\"https:\\\/\\\/diarioprincipios.com\\\/index.php\\\/2020\\\/09\\\/25\\\/cinco-nuevos-camiones-volcadores-para-reforzar-tareas-de-limpieza-en-quilmes\\\/#breadcrumb\"},\"inLanguage\":\"es\",\"potentialAction\":[{\"@type\":\"ReadAction\",\"target\":[\"https:\\\/\\\/diarioprincipios.com\\\/index.php\\\/2020\\\/09\\\/25\\\/cinco-nuevos-camiones-volcadores-para-reforzar-tareas-de-limpieza-en-quilmes\\\/\"]}]},{\"@type\":\"ImageObject\",\"inLanguage\":\"es\",\"@id\":\"https:\\\/\\\/diarioprincipios.com\\\/index.php\\\/2020\\\/09\\\/25\\\/cinco-nuevos-camiones-volcadores-para-reforzar-tareas-de-limpieza-en-quilmes\\\/#primaryimage\",\"url\":\"https:\\\/\\\/diarioprincipios.com\\\/wp-content\\\/uploads\\\/2020\\\/09\\\/MAYRA-PRESENTO-LA-ADQUISICION-DE-CINCO-NUEVOS-CAMIONES-VOLCADORES-PARA-REFORZAR-LAS-TAREAS-DE-LIMPIEZA-2.jpeg\",\"contentUrl\":\"https:\\\/\\\/diarioprincipios.com\\\/wp-content\\\/uploads\\\/2020\\\/09\\\/MAYRA-PRESENTO-LA-ADQUISICION-DE-CINCO-NUEVOS-CAMIONES-VOLCADORES-PARA-REFORZAR-LAS-TAREAS-DE-LIMPIEZA-2.jpeg\",\"width\":1024,\"height\":682},{\"@type\":\"BreadcrumbList\",\"@id\":\"https:\\\/\\\/diarioprincipios.com\\\/index.php\\\/2020\\\/09\\\/25\\\/cinco-nuevos-camiones-volcadores-para-reforzar-tareas-de-limpieza-en-quilmes\\\/#breadcrumb\",\"itemListElement\":[{\"@type\":\"ListItem\",\"position\":1,\"name\":\"Portada\",\"item\":\"https:\\\/\\\/diarioprincipios.com\\\/\"},{\"@type\":\"ListItem\",\"position\":2,\"name\":\"Cinco nuevos camiones volcadores para reforzar tareas de limpieza en Quilmes\"}]},{\"@type\":\"WebSite\",\"@id\":\"https:\\\/\\\/diarioprincipios.com\\\/#website\",\"url\":\"https:\\\/\\\/diarioprincipios.com\\\/\",\"name\":\"Principios\",\"description\":\"Principios Diario\",\"publisher\":{\"@id\":\"https:\\\/\\\/diarioprincipios.com\\\/#organization\"},\"potentialAction\":[{\"@type\":\"SearchAction\",\"target\":{\"@type\":\"EntryPoint\",\"urlTemplate\":\"https:\\\/\\\/diarioprincipios.com\\\/?s={search_term_string}\"},\"query-input\":{\"@type\":\"PropertyValueSpecification\",\"valueRequired\":true,\"valueName\":\"search_term_string\"}}],\"inLanguage\":\"es\"},{\"@type\":\"Organization\",\"@id\":\"https:\\\/\\\/diarioprincipios.com\\\/#organization\",\"name\":\"Principios\",\"url\":\"https:\\\/\\\/diarioprincipios.com\\\/\",\"logo\":{\"@type\":\"ImageObject\",\"inLanguage\":\"es\",\"@id\":\"https:\\\/\\\/diarioprincipios.com\\\/#\\\/schema\\\/logo\\\/image\\\/\",\"url\":\"https:\\\/\\\/diarioprincipios.com\\\/wp-content\\\/uploads\\\/2024\\\/04\\\/cropped-www.diarioprincipios.com_-1.png\",\"contentUrl\":\"https:\\\/\\\/diarioprincipios.com\\\/wp-content\\\/uploads\\\/2024\\\/04\\\/cropped-www.diarioprincipios.com_-1.png\",\"width\":5325,\"height\":1454,\"caption\":\"Principios\"},\"image\":{\"@id\":\"https:\\\/\\\/diarioprincipios.com\\\/#\\\/schema\\\/logo\\\/image\\\/\"}},{\"@type\":\"Person\",\"@id\":\"https:\\\/\\\/diarioprincipios.com\\\/#\\\/schema\\\/person\\\/436d5a1fd41a5e250e23ff5a6a7cb080\",\"name\":\"Hern\u00e1n L\u00f3pez\",\"image\":{\"@type\":\"ImageObject\",\"inLanguage\":\"es\",\"@id\":\"https:\\\/\\\/diarioprincipios.com\\\/wp-content\\\/litespeed\\\/avatar\\\/11ddfe5610ff3bd100522525b2571f48.jpg?ver=1777048341\",\"url\":\"https:\\\/\\\/diarioprincipios.com\\\/wp-content\\\/litespeed\\\/avatar\\\/11ddfe5610ff3bd100522525b2571f48.jpg?ver=1777048341\",\"contentUrl\":\"https:\\\/\\\/diarioprincipios.com\\\/wp-content\\\/litespeed\\\/avatar\\\/11ddfe5610ff3bd100522525b2571f48.jpg?ver=1777048341\",\"caption\":\"Hern\u00e1n L\u00f3pez\"},\"url\":\"https:\\\/\\\/diarioprincipios.com\\\/index.php\\\/author\\\/hernan\\\/\"}]}<\/script>\n<!-- \/ Yoast SEO plugin. -->","yoast_head_json":{"title":"Cinco nuevos camiones volcadores para reforzar tareas de limpieza en Quilmes - Principios","robots":{"index":"index","follow":"follow","max-snippet":"max-snippet:-1","max-image-preview":"max-image-preview:large","max-video-preview":"max-video-preview:-1"},"canonical":"https:\/\/diarioprincipios.com\/index.php\/2020\/09\/25\/cinco-nuevos-camiones-volcadores-para-reforzar-tareas-de-limpieza-en-quilmes\/","og_locale":"es_ES","og_type":"article","og_title":"Cinco nuevos camiones volcadores para reforzar tareas de limpieza en Quilmes - Principios","og_description":"La intendenta de Quilmes, Mayra Mendoza, encabez\u00f3 la entrega de llaves de cinco nuevos camiones volcadores destinados a la flota vehicular de la Secretar\u00eda de Servicios P\u00fablicos, con el objetivo de reforzar la pol\u00edtica ambiental y de limpieza que lleva adelante diariamente la gesti\u00f3n a trav\u00e9s del programa \u201cQuilmes Limpio\u201d. Luego, la Jefa comunal supervis\u00f3...","og_url":"https:\/\/diarioprincipios.com\/index.php\/2020\/09\/25\/cinco-nuevos-camiones-volcadores-para-reforzar-tareas-de-limpieza-en-quilmes\/","og_site_name":"Principios","article_published_time":"2020-09-25T15:36:59+00:00","article_modified_time":"2020-09-25T15:37:04+00:00","og_image":[{"width":1024,"height":682,"url":"https:\/\/diarioprincipios.com\/wp-content\/uploads\/2020\/09\/MAYRA-PRESENTO-LA-ADQUISICION-DE-CINCO-NUEVOS-CAMIONES-VOLCADORES-PARA-REFORZAR-LAS-TAREAS-DE-LIMPIEZA-2.jpeg","type":"image\/jpeg"}],"author":"Hern\u00e1n L\u00f3pez","twitter_card":"summary_large_image","twitter_misc":{"Escrito por":"Hern\u00e1n L\u00f3pez","Tiempo de lectura":"4 minutos"},"schema":{"@context":"https:\/\/schema.org","@graph":[{"@type":"Article","@id":"https:\/\/diarioprincipios.com\/index.php\/2020\/09\/25\/cinco-nuevos-camiones-volcadores-para-reforzar-tareas-de-limpieza-en-quilmes\/#article","isPartOf":{"@id":"https:\/\/diarioprincipios.com\/index.php\/2020\/09\/25\/cinco-nuevos-camiones-volcadores-para-reforzar-tareas-de-limpieza-en-quilmes\/"},"author":{"name":"Hern\u00e1n L\u00f3pez","@id":"https:\/\/diarioprincipios.com\/#\/schema\/person\/436d5a1fd41a5e250e23ff5a6a7cb080"},"headline":"Cinco nuevos camiones volcadores para reforzar tareas de limpieza en Quilmes","datePublished":"2020-09-25T15:36:59+00:00","dateModified":"2020-09-25T15:37:04+00:00","mainEntityOfPage":{"@id":"https:\/\/diarioprincipios.com\/index.php\/2020\/09\/25\/cinco-nuevos-camiones-volcadores-para-reforzar-tareas-de-limpieza-en-quilmes\/"},"wordCount":795,"commentCount":0,"publisher":{"@id":"https:\/\/diarioprincipios.com\/#organization"},"image":{"@id":"https:\/\/diarioprincipios.com\/index.php\/2020\/09\/25\/cinco-nuevos-camiones-volcadores-para-reforzar-tareas-de-limpieza-en-quilmes\/#primaryimage"},"thumbnailUrl":"https:\/\/diarioprincipios.com\/wp-content\/uploads\/2020\/09\/MAYRA-PRESENTO-LA-ADQUISICION-DE-CINCO-NUEVOS-CAMIONES-VOLCADORES-PARA-REFORZAR-LAS-TAREAS-DE-LIMPIEZA-2.jpeg","articleSection":["Quilmes"],"inLanguage":"es","potentialAction":[{"@type":"CommentAction","name":"Comment","target":["https:\/\/diarioprincipios.com\/index.php\/2020\/09\/25\/cinco-nuevos-camiones-volcadores-para-reforzar-tareas-de-limpieza-en-quilmes\/#respond"]}]},{"@type":"WebPage","@id":"https:\/\/diarioprincipios.com\/index.php\/2020\/09\/25\/cinco-nuevos-camiones-volcadores-para-reforzar-tareas-de-limpieza-en-quilmes\/","url":"https:\/\/diarioprincipios.com\/index.php\/2020\/09\/25\/cinco-nuevos-camiones-volcadores-para-reforzar-tareas-de-limpieza-en-quilmes\/","name":"Cinco nuevos camiones volcadores para reforzar tareas de limpieza en Quilmes - Principios","isPartOf":{"@id":"https:\/\/diarioprincipios.com\/#website"},"primaryImageOfPage":{"@id":"https:\/\/diarioprincipios.com\/index.php\/2020\/09\/25\/cinco-nuevos-camiones-volcadores-para-reforzar-tareas-de-limpieza-en-quilmes\/#primaryimage"},"image":{"@id":"https:\/\/diarioprincipios.com\/index.php\/2020\/09\/25\/cinco-nuevos-camiones-volcadores-para-reforzar-tareas-de-limpieza-en-quilmes\/#primaryimage"},"thumbnailUrl":"https:\/\/diarioprincipios.com\/wp-content\/uploads\/2020\/09\/MAYRA-PRESENTO-LA-ADQUISICION-DE-CINCO-NUEVOS-CAMIONES-VOLCADORES-PARA-REFORZAR-LAS-TAREAS-DE-LIMPIEZA-2.jpeg","datePublished":"2020-09-25T15:36:59+00:00","dateModified":"2020-09-25T15:37:04+00:00","breadcrumb":{"@id":"https:\/\/diarioprincipios.com\/index.php\/2020\/09\/25\/cinco-nuevos-camiones-volcadores-para-reforzar-tareas-de-limpieza-en-quilmes\/#breadcrumb"},"inLanguage":"es","potentialAction":[{"@type":"ReadAction","target":["https:\/\/diarioprincipios.com\/index.php\/2020\/09\/25\/cinco-nuevos-camiones-volcadores-para-reforzar-tareas-de-limpieza-en-quilmes\/"]}]},{"@type":"ImageObject","inLanguage":"es","@id":"https:\/\/diarioprincipios.com\/index.php\/2020\/09\/25\/cinco-nuevos-camiones-volcadores-para-reforzar-tareas-de-limpieza-en-quilmes\/#primaryimage","url":"https:\/\/diarioprincipios.com\/wp-content\/uploads\/2020\/09\/MAYRA-PRESENTO-LA-ADQUISICION-DE-CINCO-NUEVOS-CAMIONES-VOLCADORES-PARA-REFORZAR-LAS-TAREAS-DE-LIMPIEZA-2.jpeg","contentUrl":"https:\/\/diarioprincipios.com\/wp-content\/uploads\/2020\/09\/MAYRA-PRESENTO-LA-ADQUISICION-DE-CINCO-NUEVOS-CAMIONES-VOLCADORES-PARA-REFORZAR-LAS-TAREAS-DE-LIMPIEZA-2.jpeg","width":1024,"height":682},{"@type":"BreadcrumbList","@id":"https:\/\/diarioprincipios.com\/index.php\/2020\/09\/25\/cinco-nuevos-camiones-volcadores-para-reforzar-tareas-de-limpieza-en-quilmes\/#breadcrumb","itemListElement":[{"@type":"ListItem","position":1,"name":"Portada","item":"https:\/\/diarioprincipios.com\/"},{"@type":"ListItem","position":2,"name":"Cinco nuevos camiones volcadores para reforzar tareas de limpieza en Quilmes"}]},{"@type":"WebSite","@id":"https:\/\/diarioprincipios.com\/#website","url":"https:\/\/diarioprincipios.com\/","name":"Principios","description":"Principios Diario","publisher":{"@id":"https:\/\/diarioprincipios.com\/#organization"},"potentialAction":[{"@type":"SearchAction","target":{"@type":"EntryPoint","urlTemplate":"https:\/\/diarioprincipios.com\/?s={search_term_string}"},"query-input":{"@type":"PropertyValueSpecification","valueRequired":true,"valueName":"search_term_string"}}],"inLanguage":"es"},{"@type":"Organization","@id":"https:\/\/diarioprincipios.com\/#organization","name":"Principios","url":"https:\/\/diarioprincipios.com\/","logo":{"@type":"ImageObject","inLanguage":"es","@id":"https:\/\/diarioprincipios.com\/#\/schema\/logo\/image\/","url":"https:\/\/diarioprincipios.com\/wp-content\/uploads\/2024\/04\/cropped-www.diarioprincipios.com_-1.png","contentUrl":"https:\/\/diarioprincipios.com\/wp-content\/uploads\/2024\/04\/cropped-www.diarioprincipios.com_-1.png","width":5325,"height":1454,"caption":"Principios"},"image":{"@id":"https:\/\/diarioprincipios.com\/#\/schema\/logo\/image\/"}},{"@type":"Person","@id":"https:\/\/diarioprincipios.com\/#\/schema\/person\/436d5a1fd41a5e250e23ff5a6a7cb080","name":"Hern\u00e1n L\u00f3pez","image":{"@type":"ImageObject","inLanguage":"es","@id":"https:\/\/diarioprincipios.com\/wp-content\/litespeed\/avatar\/11ddfe5610ff3bd100522525b2571f48.jpg?ver=1777048341","url":"https:\/\/diarioprincipios.com\/wp-content\/litespeed\/avatar\/11ddfe5610ff3bd100522525b2571f48.jpg?ver=1777048341","contentUrl":"https:\/\/diarioprincipios.com\/wp-content\/litespeed\/avatar\/11ddfe5610ff3bd100522525b2571f48.jpg?ver=1777048341","caption":"Hern\u00e1n L\u00f3pez"},"url":"https:\/\/diarioprincipios.com\/index.php\/author\/hernan\/"}]}},"jetpack_featured_media_url":"https:\/\/diarioprincipios.com\/wp-content\/uploads\/2020\/09\/MAYRA-PRESENTO-LA-ADQUISICION-DE-CINCO-NUEVOS-CAMIONES-VOLCADORES-PARA-REFORZAR-LAS-TAREAS-DE-LIMPIEZA-2.jpeg","_links":{"self":[{"href":"https:\/\/diarioprincipios.com\/index.php\/wp-json\/wp\/v2\/posts\/5821","targetHints":{"allow":["GET"]}}],"collection":[{"href":"https:\/\/diarioprincipios.com\/index.php\/wp-json\/wp\/v2\/posts"}],"about":[{"href":"https:\/\/diarioprincipios.com\/index.php\/wp-json\/wp\/v2\/types\/post"}],"author":[{"embeddable":true,"href":"https:\/\/diarioprincipios.com\/index.php\/wp-json\/wp\/v2\/users\/2"}],"replies":[{"embeddable":true,"href":"https:\/\/diarioprincipios.com\/index.php\/wp-json\/wp\/v2\/comments?post=5821"}],"version-history":[{"count":1,"href":"https:\/\/diarioprincipios.com\/index.php\/wp-json\/wp\/v2\/posts\/5821\/revisions"}],"predecessor-version":[{"id":5823,"href":"https:\/\/diarioprincipios.com\/index.php\/wp-json\/wp\/v2\/posts\/5821\/revisions\/5823"}],"wp:featuredmedia":[{"embeddable":true,"href":"https:\/\/diarioprincipios.com\/index.php\/wp-json\/wp\/v2\/media\/5822"}],"wp:attachment":[{"href":"https:\/\/diarioprincipios.com\/index.php\/wp-json\/wp\/v2\/media?parent=5821"}],"wp:term":[{"taxonomy":"category","embeddable":true,"href":"https:\/\/diarioprincipios.com\/index.php\/wp-json\/wp\/v2\/categories?post=5821"},{"taxonomy":"post_tag","embeddable":true,"href":"https:\/\/diarioprincipios.com\/index.php\/wp-json\/wp\/v2\/tags?post=5821"}],"curies":[{"name":"wp","href":"https:\/\/api.w.org\/{rel}","templated":true}]}}