{"id":5813,"date":"2020-09-24T17:57:51","date_gmt":"2020-09-24T20:57:51","guid":{"rendered":"http:\/\/diarioprincipios.com\/?p=5813"},"modified":"2020-09-24T17:57:53","modified_gmt":"2020-09-24T20:57:53","slug":"el-centro-de-salud-n-33-ahora-se-llama-la-noche-de-los-lapices-y-se-creara-un-consultorio-exclusivo-para-adolescentes","status":"publish","type":"post","link":"https:\/\/diarioprincipios.com\/index.php\/2020\/09\/24\/el-centro-de-salud-n-33-ahora-se-llama-la-noche-de-los-lapices-y-se-creara-un-consultorio-exclusivo-para-adolescentes\/","title":{"rendered":"El Centro de Salud N\u00b0 33 ahora se llama \u00abLa Noche de los L\u00e1pices\u00bb y se crear\u00e1 un consultorio exclusivo para adolescentes"},"content":{"rendered":"\n<p><strong>Por pedido de la comunidad del barrio 3 de junio, el Honorable Concejo Deliberante (HCD) de Berazategui aprob\u00f3 por Ordenanza llamar \u201cLa noche de los l\u00e1pices\u201d al Centro de Atenci\u00f3n Primaria de Salud (CAPS) N\u00b0 33 de la localidad de Pl\u00e1tanos, ubicado en 161 entre 44 A y 45. En ese sitio funcion\u00f3, durante la \u00faltima dictadura militar, un Centro clandestino de detenci\u00f3n.<\/strong><\/p>\n\n\n\n<p>\u201cA trav\u00e9s de la iniciativa de los propios vecinos, el Concejo Deliberante de Berazategui aprob\u00f3 la imposici\u00f3n del nombre \u2018La noche de los l\u00e1pices\u2019 al CAPS N\u00b0 33 del barrio 3 de Junio. Este proyecto fue muy bienvenido por el Municipio, para poder recordar y homenajear a aquellos j\u00f3venes estudiantes que fueron desaparecidos por la \u00faltima dictadura en el Centro clandestino de detenci\u00f3n \u2018El Castillo\u2019, de Pl\u00e1tanos, que precisamente funcionaba en ese lugar\u201d, explic\u00f3 el Dr. Pablo Costa, secretario de Salud P\u00fablica e Higiene municipal.<\/p>\n\n\n\n<p>La Ordenanza, adem\u00e1s, incluye la creaci\u00f3n de un Consultorio \u00edntegramente consagrado a las problem\u00e1ticas de los adolescentes. \u201cSer\u00e1 un espacio de atenci\u00f3n multidisciplinario dentro del mismo Centro de Salud, donde se abordar\u00e1n las necesidades de nuestros j\u00f3venes, tanto desde el punto de vista de la salud como tambi\u00e9n de otras cuestiones trascendentales para esta etapa en la vida de los berazateguenses, lo que se articular\u00e1 con otras secretar\u00edas, como Deportes y Cultura\u201d, detall\u00f3 Costa.<\/p>\n\n\n\n<p>La sanci\u00f3n de esta normativa se da en el marco de los 44 a\u00f1os de aquella noche del 16 de septiembre de 1976, en la que la \u00faltima dictadura c\u00edvico-militar secuestr\u00f3 y desapareci\u00f3 a estudiantes secundarios de la ciudad de La Plata que luchaban por la implementaci\u00f3n de la gratuidad en el boleto estudiantil. Los j\u00f3venes secuestrados pertenec\u00edan a la Uni\u00f3n de Estudiantes Secundarios (UES) y a la Juventud Guevarista.<\/p>\n\n\n\n<p>Entre los considerandos de la Ordenanza N\u00b0 5868, se puede leer: \u201cque durante la \u00faltima Dictadura C\u00edvico Militar, tristemente funcion\u00f3 el Centro Clandestino de Detenci\u00f3n de Ciudadanos llamado \u2018El Castillo\u2019, en el predio del Comando Radio El\u00e9ctrico de la Polic\u00eda Federal en el Barrio 3 de Junio de la Localidad de Pl\u00e1tanos\u201d, y \u201cque en dicho lugar se encuentra actualmente el Centro de Atenci\u00f3n Primaria de Salud N\u00b0 33, ver\u00edamos con agrado homenajear a nuestros j\u00f3venes detenidos-desaparecidos, manteniendo vigente a trav\u00e9s de las generaciones actuales y venideras el Nunca M\u00e1s a los golpes de estado y el m\u00e1ximo concepto de Memoria, Verdad y Justicia\u2019\u00b4\u201d.<\/p>\n\n\n\n<p>De esta manera, Berazategui reafirma su compromiso con mantener viva la memoria, a trav\u00e9s de distintas medidas como la imposici\u00f3n de nombres alusivos a la cuesti\u00f3n, en espacios p\u00fablicos y establecimientos municipales.<\/p>\n","protected":false},"excerpt":{"rendered":"<p>Por pedido de la comunidad del barrio 3 de junio, el Honorable Concejo Deliberante (HCD) de Berazategui aprob\u00f3 por Ordenanza llamar \u201cLa noche de los l\u00e1pices\u201d al Centro de Atenci\u00f3n Primaria de Salud (CAPS) N\u00b0 33 de la localidad de Pl\u00e1tanos, ubicado en 161 entre 44 A y 45. En ese sitio funcion\u00f3, durante la&#8230;<\/p>\n","protected":false},"author":2,"featured_media":5814,"comment_status":"open","ping_status":"open","sticky":false,"template":"","format":"standard","meta":{"footnotes":""},"categories":[3],"tags":[],"class_list":["post-5813","post","type-post","status-publish","format-standard","has-post-thumbnail","hentry","category-berazategui"],"featured_image_src":"https:\/\/diarioprincipios.com\/wp-content\/uploads\/2020\/09\/EL-CENTRO-DE-SALUD-N\u00b0-33-AHORA-SE-LLAMA-LA-NOCHE-DELOS-LAPICES-1024x682.jpg","blog_images":{"medium":"https:\/\/diarioprincipios.com\/wp-content\/uploads\/2020\/09\/EL-CENTRO-DE-SALUD-N\u00b0-33-AHORA-SE-LLAMA-LA-NOCHE-DELOS-LAPICES-300x200.jpg","large":"https:\/\/diarioprincipios.com\/wp-content\/uploads\/2020\/09\/EL-CENTRO-DE-SALUD-N\u00b0-33-AHORA-SE-LLAMA-LA-NOCHE-DELOS-LAPICES-1024x682.jpg"},"ams_acf":[],"yoast_head":"<!-- This site is optimized with the Yoast SEO plugin v27.3 - https:\/\/yoast.com\/product\/yoast-seo-wordpress\/ -->\n<title>El Centro de Salud N\u00b0 33 ahora se llama &quot;La Noche de los L\u00e1pices&quot; y se crear\u00e1 un consultorio exclusivo para adolescentes - Principios<\/title>\n<meta name=\"robots\" content=\"index, follow, max-snippet:-1, max-image-preview:large, max-video-preview:-1\" \/>\n<link rel=\"canonical\" href=\"https:\/\/diarioprincipios.com\/index.php\/2020\/09\/24\/el-centro-de-salud-n-33-ahora-se-llama-la-noche-de-los-lapices-y-se-creara-un-consultorio-exclusivo-para-adolescentes\/\" \/>\n<meta property=\"og:locale\" content=\"es_ES\" \/>\n<meta property=\"og:type\" content=\"article\" \/>\n<meta property=\"og:title\" content=\"El Centro de Salud N\u00b0 33 ahora se llama &quot;La Noche de los L\u00e1pices&quot; y se crear\u00e1 un consultorio exclusivo para adolescentes - Principios\" \/>\n<meta property=\"og:description\" content=\"Por pedido de la comunidad del barrio 3 de junio, el Honorable Concejo Deliberante (HCD) de Berazategui aprob\u00f3 por Ordenanza llamar \u201cLa noche de los l\u00e1pices\u201d al Centro de Atenci\u00f3n Primaria de Salud (CAPS) N\u00b0 33 de la localidad de Pl\u00e1tanos, ubicado en 161 entre 44 A y 45. En ese sitio funcion\u00f3, durante la...\" \/>\n<meta property=\"og:url\" content=\"https:\/\/diarioprincipios.com\/index.php\/2020\/09\/24\/el-centro-de-salud-n-33-ahora-se-llama-la-noche-de-los-lapices-y-se-creara-un-consultorio-exclusivo-para-adolescentes\/\" \/>\n<meta property=\"og:site_name\" content=\"Principios\" \/>\n<meta property=\"article:published_time\" content=\"2020-09-24T20:57:51+00:00\" \/>\n<meta property=\"article:modified_time\" content=\"2020-09-24T20:57:53+00:00\" \/>\n<meta property=\"og:image\" content=\"https:\/\/diarioprincipios.com\/wp-content\/uploads\/2020\/09\/EL-CENTRO-DE-SALUD-N\u00b0-33-AHORA-SE-LLAMA-LA-NOCHE-DELOS-LAPICES.jpg\" \/>\n\t<meta property=\"og:image:width\" content=\"1280\" \/>\n\t<meta property=\"og:image:height\" content=\"853\" \/>\n\t<meta property=\"og:image:type\" content=\"image\/jpeg\" \/>\n<meta name=\"author\" content=\"Hern\u00e1n L\u00f3pez\" \/>\n<meta name=\"twitter:card\" content=\"summary_large_image\" \/>\n<meta name=\"twitter:label1\" content=\"Escrito por\" \/>\n\t<meta name=\"twitter:data1\" content=\"Hern\u00e1n L\u00f3pez\" \/>\n\t<meta name=\"twitter:label2\" content=\"Tiempo de lectura\" \/>\n\t<meta name=\"twitter:data2\" content=\"2 minutos\" \/>\n<script type=\"application\/ld+json\" class=\"yoast-schema-graph\">{\"@context\":\"https:\\\/\\\/schema.org\",\"@graph\":[{\"@type\":\"Article\",\"@id\":\"https:\\\/\\\/diarioprincipios.com\\\/index.php\\\/2020\\\/09\\\/24\\\/el-centro-de-salud-n-33-ahora-se-llama-la-noche-de-los-lapices-y-se-creara-un-consultorio-exclusivo-para-adolescentes\\\/#article\",\"isPartOf\":{\"@id\":\"https:\\\/\\\/diarioprincipios.com\\\/index.php\\\/2020\\\/09\\\/24\\\/el-centro-de-salud-n-33-ahora-se-llama-la-noche-de-los-lapices-y-se-creara-un-consultorio-exclusivo-para-adolescentes\\\/\"},\"author\":{\"name\":\"Hern\u00e1n L\u00f3pez\",\"@id\":\"https:\\\/\\\/diarioprincipios.com\\\/#\\\/schema\\\/person\\\/436d5a1fd41a5e250e23ff5a6a7cb080\"},\"headline\":\"El Centro de Salud N\u00b0 33 ahora se llama \u00abLa Noche de los L\u00e1pices\u00bb y se crear\u00e1 un consultorio exclusivo para adolescentes\",\"datePublished\":\"2020-09-24T20:57:51+00:00\",\"dateModified\":\"2020-09-24T20:57:53+00:00\",\"mainEntityOfPage\":{\"@id\":\"https:\\\/\\\/diarioprincipios.com\\\/index.php\\\/2020\\\/09\\\/24\\\/el-centro-de-salud-n-33-ahora-se-llama-la-noche-de-los-lapices-y-se-creara-un-consultorio-exclusivo-para-adolescentes\\\/\"},\"wordCount\":478,\"commentCount\":0,\"publisher\":{\"@id\":\"https:\\\/\\\/diarioprincipios.com\\\/#organization\"},\"image\":{\"@id\":\"https:\\\/\\\/diarioprincipios.com\\\/index.php\\\/2020\\\/09\\\/24\\\/el-centro-de-salud-n-33-ahora-se-llama-la-noche-de-los-lapices-y-se-creara-un-consultorio-exclusivo-para-adolescentes\\\/#primaryimage\"},\"thumbnailUrl\":\"https:\\\/\\\/diarioprincipios.com\\\/wp-content\\\/uploads\\\/2020\\\/09\\\/EL-CENTRO-DE-SALUD-N\u00b0-33-AHORA-SE-LLAMA-LA-NOCHE-DELOS-LAPICES.jpg\",\"articleSection\":[\"Berazategui\"],\"inLanguage\":\"es\",\"potentialAction\":[{\"@type\":\"CommentAction\",\"name\":\"Comment\",\"target\":[\"https:\\\/\\\/diarioprincipios.com\\\/index.php\\\/2020\\\/09\\\/24\\\/el-centro-de-salud-n-33-ahora-se-llama-la-noche-de-los-lapices-y-se-creara-un-consultorio-exclusivo-para-adolescentes\\\/#respond\"]}]},{\"@type\":\"WebPage\",\"@id\":\"https:\\\/\\\/diarioprincipios.com\\\/index.php\\\/2020\\\/09\\\/24\\\/el-centro-de-salud-n-33-ahora-se-llama-la-noche-de-los-lapices-y-se-creara-un-consultorio-exclusivo-para-adolescentes\\\/\",\"url\":\"https:\\\/\\\/diarioprincipios.com\\\/index.php\\\/2020\\\/09\\\/24\\\/el-centro-de-salud-n-33-ahora-se-llama-la-noche-de-los-lapices-y-se-creara-un-consultorio-exclusivo-para-adolescentes\\\/\",\"name\":\"El Centro de Salud N\u00b0 33 ahora se llama \\\"La Noche de los L\u00e1pices\\\" y se crear\u00e1 un consultorio exclusivo para adolescentes - Principios\",\"isPartOf\":{\"@id\":\"https:\\\/\\\/diarioprincipios.com\\\/#website\"},\"primaryImageOfPage\":{\"@id\":\"https:\\\/\\\/diarioprincipios.com\\\/index.php\\\/2020\\\/09\\\/24\\\/el-centro-de-salud-n-33-ahora-se-llama-la-noche-de-los-lapices-y-se-creara-un-consultorio-exclusivo-para-adolescentes\\\/#primaryimage\"},\"image\":{\"@id\":\"https:\\\/\\\/diarioprincipios.com\\\/index.php\\\/2020\\\/09\\\/24\\\/el-centro-de-salud-n-33-ahora-se-llama-la-noche-de-los-lapices-y-se-creara-un-consultorio-exclusivo-para-adolescentes\\\/#primaryimage\"},\"thumbnailUrl\":\"https:\\\/\\\/diarioprincipios.com\\\/wp-content\\\/uploads\\\/2020\\\/09\\\/EL-CENTRO-DE-SALUD-N\u00b0-33-AHORA-SE-LLAMA-LA-NOCHE-DELOS-LAPICES.jpg\",\"datePublished\":\"2020-09-24T20:57:51+00:00\",\"dateModified\":\"2020-09-24T20:57:53+00:00\",\"breadcrumb\":{\"@id\":\"https:\\\/\\\/diarioprincipios.com\\\/index.php\\\/2020\\\/09\\\/24\\\/el-centro-de-salud-n-33-ahora-se-llama-la-noche-de-los-lapices-y-se-creara-un-consultorio-exclusivo-para-adolescentes\\\/#breadcrumb\"},\"inLanguage\":\"es\",\"potentialAction\":[{\"@type\":\"ReadAction\",\"target\":[\"https:\\\/\\\/diarioprincipios.com\\\/index.php\\\/2020\\\/09\\\/24\\\/el-centro-de-salud-n-33-ahora-se-llama-la-noche-de-los-lapices-y-se-creara-un-consultorio-exclusivo-para-adolescentes\\\/\"]}]},{\"@type\":\"ImageObject\",\"inLanguage\":\"es\",\"@id\":\"https:\\\/\\\/diarioprincipios.com\\\/index.php\\\/2020\\\/09\\\/24\\\/el-centro-de-salud-n-33-ahora-se-llama-la-noche-de-los-lapices-y-se-creara-un-consultorio-exclusivo-para-adolescentes\\\/#primaryimage\",\"url\":\"https:\\\/\\\/diarioprincipios.com\\\/wp-content\\\/uploads\\\/2020\\\/09\\\/EL-CENTRO-DE-SALUD-N\u00b0-33-AHORA-SE-LLAMA-LA-NOCHE-DELOS-LAPICES.jpg\",\"contentUrl\":\"https:\\\/\\\/diarioprincipios.com\\\/wp-content\\\/uploads\\\/2020\\\/09\\\/EL-CENTRO-DE-SALUD-N\u00b0-33-AHORA-SE-LLAMA-LA-NOCHE-DELOS-LAPICES.jpg\",\"width\":1280,\"height\":853},{\"@type\":\"BreadcrumbList\",\"@id\":\"https:\\\/\\\/diarioprincipios.com\\\/index.php\\\/2020\\\/09\\\/24\\\/el-centro-de-salud-n-33-ahora-se-llama-la-noche-de-los-lapices-y-se-creara-un-consultorio-exclusivo-para-adolescentes\\\/#breadcrumb\",\"itemListElement\":[{\"@type\":\"ListItem\",\"position\":1,\"name\":\"Portada\",\"item\":\"https:\\\/\\\/diarioprincipios.com\\\/\"},{\"@type\":\"ListItem\",\"position\":2,\"name\":\"El Centro de Salud N\u00b0 33 ahora se llama \u00abLa Noche de los L\u00e1pices\u00bb y se crear\u00e1 un consultorio exclusivo para adolescentes\"}]},{\"@type\":\"WebSite\",\"@id\":\"https:\\\/\\\/diarioprincipios.com\\\/#website\",\"url\":\"https:\\\/\\\/diarioprincipios.com\\\/\",\"name\":\"Principios\",\"description\":\"Principios Diario\",\"publisher\":{\"@id\":\"https:\\\/\\\/diarioprincipios.com\\\/#organization\"},\"potentialAction\":[{\"@type\":\"SearchAction\",\"target\":{\"@type\":\"EntryPoint\",\"urlTemplate\":\"https:\\\/\\\/diarioprincipios.com\\\/?s={search_term_string}\"},\"query-input\":{\"@type\":\"PropertyValueSpecification\",\"valueRequired\":true,\"valueName\":\"search_term_string\"}}],\"inLanguage\":\"es\"},{\"@type\":\"Organization\",\"@id\":\"https:\\\/\\\/diarioprincipios.com\\\/#organization\",\"name\":\"Principios\",\"url\":\"https:\\\/\\\/diarioprincipios.com\\\/\",\"logo\":{\"@type\":\"ImageObject\",\"inLanguage\":\"es\",\"@id\":\"https:\\\/\\\/diarioprincipios.com\\\/#\\\/schema\\\/logo\\\/image\\\/\",\"url\":\"https:\\\/\\\/diarioprincipios.com\\\/wp-content\\\/uploads\\\/2024\\\/04\\\/cropped-www.diarioprincipios.com_-1.png\",\"contentUrl\":\"https:\\\/\\\/diarioprincipios.com\\\/wp-content\\\/uploads\\\/2024\\\/04\\\/cropped-www.diarioprincipios.com_-1.png\",\"width\":5325,\"height\":1454,\"caption\":\"Principios\"},\"image\":{\"@id\":\"https:\\\/\\\/diarioprincipios.com\\\/#\\\/schema\\\/logo\\\/image\\\/\"}},{\"@type\":\"Person\",\"@id\":\"https:\\\/\\\/diarioprincipios.com\\\/#\\\/schema\\\/person\\\/436d5a1fd41a5e250e23ff5a6a7cb080\",\"name\":\"Hern\u00e1n L\u00f3pez\",\"image\":{\"@type\":\"ImageObject\",\"inLanguage\":\"es\",\"@id\":\"https:\\\/\\\/diarioprincipios.com\\\/wp-content\\\/litespeed\\\/avatar\\\/11ddfe5610ff3bd100522525b2571f48.jpg?ver=1777048341\",\"url\":\"https:\\\/\\\/diarioprincipios.com\\\/wp-content\\\/litespeed\\\/avatar\\\/11ddfe5610ff3bd100522525b2571f48.jpg?ver=1777048341\",\"contentUrl\":\"https:\\\/\\\/diarioprincipios.com\\\/wp-content\\\/litespeed\\\/avatar\\\/11ddfe5610ff3bd100522525b2571f48.jpg?ver=1777048341\",\"caption\":\"Hern\u00e1n L\u00f3pez\"},\"url\":\"https:\\\/\\\/diarioprincipios.com\\\/index.php\\\/author\\\/hernan\\\/\"}]}<\/script>\n<!-- \/ Yoast SEO plugin. -->","yoast_head_json":{"title":"El Centro de Salud N\u00b0 33 ahora se llama \"La Noche de los L\u00e1pices\" y se crear\u00e1 un consultorio exclusivo para adolescentes - Principios","robots":{"index":"index","follow":"follow","max-snippet":"max-snippet:-1","max-image-preview":"max-image-preview:large","max-video-preview":"max-video-preview:-1"},"canonical":"https:\/\/diarioprincipios.com\/index.php\/2020\/09\/24\/el-centro-de-salud-n-33-ahora-se-llama-la-noche-de-los-lapices-y-se-creara-un-consultorio-exclusivo-para-adolescentes\/","og_locale":"es_ES","og_type":"article","og_title":"El Centro de Salud N\u00b0 33 ahora se llama \"La Noche de los L\u00e1pices\" y se crear\u00e1 un consultorio exclusivo para adolescentes - Principios","og_description":"Por pedido de la comunidad del barrio 3 de junio, el Honorable Concejo Deliberante (HCD) de Berazategui aprob\u00f3 por Ordenanza llamar \u201cLa noche de los l\u00e1pices\u201d al Centro de Atenci\u00f3n Primaria de Salud (CAPS) N\u00b0 33 de la localidad de Pl\u00e1tanos, ubicado en 161 entre 44 A y 45. En ese sitio funcion\u00f3, durante la...","og_url":"https:\/\/diarioprincipios.com\/index.php\/2020\/09\/24\/el-centro-de-salud-n-33-ahora-se-llama-la-noche-de-los-lapices-y-se-creara-un-consultorio-exclusivo-para-adolescentes\/","og_site_name":"Principios","article_published_time":"2020-09-24T20:57:51+00:00","article_modified_time":"2020-09-24T20:57:53+00:00","og_image":[{"width":1280,"height":853,"url":"https:\/\/diarioprincipios.com\/wp-content\/uploads\/2020\/09\/EL-CENTRO-DE-SALUD-N\u00b0-33-AHORA-SE-LLAMA-LA-NOCHE-DELOS-LAPICES.jpg","type":"image\/jpeg"}],"author":"Hern\u00e1n L\u00f3pez","twitter_card":"summary_large_image","twitter_misc":{"Escrito por":"Hern\u00e1n L\u00f3pez","Tiempo de lectura":"2 minutos"},"schema":{"@context":"https:\/\/schema.org","@graph":[{"@type":"Article","@id":"https:\/\/diarioprincipios.com\/index.php\/2020\/09\/24\/el-centro-de-salud-n-33-ahora-se-llama-la-noche-de-los-lapices-y-se-creara-un-consultorio-exclusivo-para-adolescentes\/#article","isPartOf":{"@id":"https:\/\/diarioprincipios.com\/index.php\/2020\/09\/24\/el-centro-de-salud-n-33-ahora-se-llama-la-noche-de-los-lapices-y-se-creara-un-consultorio-exclusivo-para-adolescentes\/"},"author":{"name":"Hern\u00e1n L\u00f3pez","@id":"https:\/\/diarioprincipios.com\/#\/schema\/person\/436d5a1fd41a5e250e23ff5a6a7cb080"},"headline":"El Centro de Salud N\u00b0 33 ahora se llama \u00abLa Noche de los L\u00e1pices\u00bb y se crear\u00e1 un consultorio exclusivo para adolescentes","datePublished":"2020-09-24T20:57:51+00:00","dateModified":"2020-09-24T20:57:53+00:00","mainEntityOfPage":{"@id":"https:\/\/diarioprincipios.com\/index.php\/2020\/09\/24\/el-centro-de-salud-n-33-ahora-se-llama-la-noche-de-los-lapices-y-se-creara-un-consultorio-exclusivo-para-adolescentes\/"},"wordCount":478,"commentCount":0,"publisher":{"@id":"https:\/\/diarioprincipios.com\/#organization"},"image":{"@id":"https:\/\/diarioprincipios.com\/index.php\/2020\/09\/24\/el-centro-de-salud-n-33-ahora-se-llama-la-noche-de-los-lapices-y-se-creara-un-consultorio-exclusivo-para-adolescentes\/#primaryimage"},"thumbnailUrl":"https:\/\/diarioprincipios.com\/wp-content\/uploads\/2020\/09\/EL-CENTRO-DE-SALUD-N\u00b0-33-AHORA-SE-LLAMA-LA-NOCHE-DELOS-LAPICES.jpg","articleSection":["Berazategui"],"inLanguage":"es","potentialAction":[{"@type":"CommentAction","name":"Comment","target":["https:\/\/diarioprincipios.com\/index.php\/2020\/09\/24\/el-centro-de-salud-n-33-ahora-se-llama-la-noche-de-los-lapices-y-se-creara-un-consultorio-exclusivo-para-adolescentes\/#respond"]}]},{"@type":"WebPage","@id":"https:\/\/diarioprincipios.com\/index.php\/2020\/09\/24\/el-centro-de-salud-n-33-ahora-se-llama-la-noche-de-los-lapices-y-se-creara-un-consultorio-exclusivo-para-adolescentes\/","url":"https:\/\/diarioprincipios.com\/index.php\/2020\/09\/24\/el-centro-de-salud-n-33-ahora-se-llama-la-noche-de-los-lapices-y-se-creara-un-consultorio-exclusivo-para-adolescentes\/","name":"El Centro de Salud N\u00b0 33 ahora se llama \"La Noche de los L\u00e1pices\" y se crear\u00e1 un consultorio exclusivo para adolescentes - Principios","isPartOf":{"@id":"https:\/\/diarioprincipios.com\/#website"},"primaryImageOfPage":{"@id":"https:\/\/diarioprincipios.com\/index.php\/2020\/09\/24\/el-centro-de-salud-n-33-ahora-se-llama-la-noche-de-los-lapices-y-se-creara-un-consultorio-exclusivo-para-adolescentes\/#primaryimage"},"image":{"@id":"https:\/\/diarioprincipios.com\/index.php\/2020\/09\/24\/el-centro-de-salud-n-33-ahora-se-llama-la-noche-de-los-lapices-y-se-creara-un-consultorio-exclusivo-para-adolescentes\/#primaryimage"},"thumbnailUrl":"https:\/\/diarioprincipios.com\/wp-content\/uploads\/2020\/09\/EL-CENTRO-DE-SALUD-N\u00b0-33-AHORA-SE-LLAMA-LA-NOCHE-DELOS-LAPICES.jpg","datePublished":"2020-09-24T20:57:51+00:00","dateModified":"2020-09-24T20:57:53+00:00","breadcrumb":{"@id":"https:\/\/diarioprincipios.com\/index.php\/2020\/09\/24\/el-centro-de-salud-n-33-ahora-se-llama-la-noche-de-los-lapices-y-se-creara-un-consultorio-exclusivo-para-adolescentes\/#breadcrumb"},"inLanguage":"es","potentialAction":[{"@type":"ReadAction","target":["https:\/\/diarioprincipios.com\/index.php\/2020\/09\/24\/el-centro-de-salud-n-33-ahora-se-llama-la-noche-de-los-lapices-y-se-creara-un-consultorio-exclusivo-para-adolescentes\/"]}]},{"@type":"ImageObject","inLanguage":"es","@id":"https:\/\/diarioprincipios.com\/index.php\/2020\/09\/24\/el-centro-de-salud-n-33-ahora-se-llama-la-noche-de-los-lapices-y-se-creara-un-consultorio-exclusivo-para-adolescentes\/#primaryimage","url":"https:\/\/diarioprincipios.com\/wp-content\/uploads\/2020\/09\/EL-CENTRO-DE-SALUD-N\u00b0-33-AHORA-SE-LLAMA-LA-NOCHE-DELOS-LAPICES.jpg","contentUrl":"https:\/\/diarioprincipios.com\/wp-content\/uploads\/2020\/09\/EL-CENTRO-DE-SALUD-N\u00b0-33-AHORA-SE-LLAMA-LA-NOCHE-DELOS-LAPICES.jpg","width":1280,"height":853},{"@type":"BreadcrumbList","@id":"https:\/\/diarioprincipios.com\/index.php\/2020\/09\/24\/el-centro-de-salud-n-33-ahora-se-llama-la-noche-de-los-lapices-y-se-creara-un-consultorio-exclusivo-para-adolescentes\/#breadcrumb","itemListElement":[{"@type":"ListItem","position":1,"name":"Portada","item":"https:\/\/diarioprincipios.com\/"},{"@type":"ListItem","position":2,"name":"El Centro de Salud N\u00b0 33 ahora se llama \u00abLa Noche de los L\u00e1pices\u00bb y se crear\u00e1 un consultorio exclusivo para adolescentes"}]},{"@type":"WebSite","@id":"https:\/\/diarioprincipios.com\/#website","url":"https:\/\/diarioprincipios.com\/","name":"Principios","description":"Principios Diario","publisher":{"@id":"https:\/\/diarioprincipios.com\/#organization"},"potentialAction":[{"@type":"SearchAction","target":{"@type":"EntryPoint","urlTemplate":"https:\/\/diarioprincipios.com\/?s={search_term_string}"},"query-input":{"@type":"PropertyValueSpecification","valueRequired":true,"valueName":"search_term_string"}}],"inLanguage":"es"},{"@type":"Organization","@id":"https:\/\/diarioprincipios.com\/#organization","name":"Principios","url":"https:\/\/diarioprincipios.com\/","logo":{"@type":"ImageObject","inLanguage":"es","@id":"https:\/\/diarioprincipios.com\/#\/schema\/logo\/image\/","url":"https:\/\/diarioprincipios.com\/wp-content\/uploads\/2024\/04\/cropped-www.diarioprincipios.com_-1.png","contentUrl":"https:\/\/diarioprincipios.com\/wp-content\/uploads\/2024\/04\/cropped-www.diarioprincipios.com_-1.png","width":5325,"height":1454,"caption":"Principios"},"image":{"@id":"https:\/\/diarioprincipios.com\/#\/schema\/logo\/image\/"}},{"@type":"Person","@id":"https:\/\/diarioprincipios.com\/#\/schema\/person\/436d5a1fd41a5e250e23ff5a6a7cb080","name":"Hern\u00e1n L\u00f3pez","image":{"@type":"ImageObject","inLanguage":"es","@id":"https:\/\/diarioprincipios.com\/wp-content\/litespeed\/avatar\/11ddfe5610ff3bd100522525b2571f48.jpg?ver=1777048341","url":"https:\/\/diarioprincipios.com\/wp-content\/litespeed\/avatar\/11ddfe5610ff3bd100522525b2571f48.jpg?ver=1777048341","contentUrl":"https:\/\/diarioprincipios.com\/wp-content\/litespeed\/avatar\/11ddfe5610ff3bd100522525b2571f48.jpg?ver=1777048341","caption":"Hern\u00e1n L\u00f3pez"},"url":"https:\/\/diarioprincipios.com\/index.php\/author\/hernan\/"}]}},"jetpack_featured_media_url":"https:\/\/diarioprincipios.com\/wp-content\/uploads\/2020\/09\/EL-CENTRO-DE-SALUD-N\u00b0-33-AHORA-SE-LLAMA-LA-NOCHE-DELOS-LAPICES.jpg","_links":{"self":[{"href":"https:\/\/diarioprincipios.com\/index.php\/wp-json\/wp\/v2\/posts\/5813","targetHints":{"allow":["GET"]}}],"collection":[{"href":"https:\/\/diarioprincipios.com\/index.php\/wp-json\/wp\/v2\/posts"}],"about":[{"href":"https:\/\/diarioprincipios.com\/index.php\/wp-json\/wp\/v2\/types\/post"}],"author":[{"embeddable":true,"href":"https:\/\/diarioprincipios.com\/index.php\/wp-json\/wp\/v2\/users\/2"}],"replies":[{"embeddable":true,"href":"https:\/\/diarioprincipios.com\/index.php\/wp-json\/wp\/v2\/comments?post=5813"}],"version-history":[{"count":1,"href":"https:\/\/diarioprincipios.com\/index.php\/wp-json\/wp\/v2\/posts\/5813\/revisions"}],"predecessor-version":[{"id":5815,"href":"https:\/\/diarioprincipios.com\/index.php\/wp-json\/wp\/v2\/posts\/5813\/revisions\/5815"}],"wp:featuredmedia":[{"embeddable":true,"href":"https:\/\/diarioprincipios.com\/index.php\/wp-json\/wp\/v2\/media\/5814"}],"wp:attachment":[{"href":"https:\/\/diarioprincipios.com\/index.php\/wp-json\/wp\/v2\/media?parent=5813"}],"wp:term":[{"taxonomy":"category","embeddable":true,"href":"https:\/\/diarioprincipios.com\/index.php\/wp-json\/wp\/v2\/categories?post=5813"},{"taxonomy":"post_tag","embeddable":true,"href":"https:\/\/diarioprincipios.com\/index.php\/wp-json\/wp\/v2\/tags?post=5813"}],"curies":[{"name":"wp","href":"https:\/\/api.w.org\/{rel}","templated":true}]}}