{"id":5800,"date":"2020-09-23T19:33:33","date_gmt":"2020-09-23T22:33:33","guid":{"rendered":"http:\/\/diarioprincipios.com\/?p=5800"},"modified":"2020-09-23T19:33:38","modified_gmt":"2020-09-23T22:33:38","slug":"la-unaj-a-puertas-abiertas-del-28-de-septiembre-al-9-de-octubre","status":"publish","type":"post","link":"https:\/\/diarioprincipios.com\/index.php\/2020\/09\/23\/la-unaj-a-puertas-abiertas-del-28-de-septiembre-al-9-de-octubre\/","title":{"rendered":"La UNAJ a puertas abiertas: del 28 de septiembre al 9 de octubre"},"content":{"rendered":"\n<p>Del 28 de septiembre al 9 de octubre en la Universidad Nacional Arturo Jauretche se realizar\u00e1n las\u00a0 cuartas jornadas de la \u201cUniversidad a Puertas Abiertas\u201d, una iniciativa que busca acercar a los estudiantes secundarios de la regi\u00f3n toda la informaci\u00f3n que necesitan de cara al per\u00edodo de inscripci\u00f3n para el ciclo lectivo 2021.<\/p>\n\n\n\n<p>Esta cuarta edici\u00f3n de la \u201cUniversidad a Puertas Abiertas\u201d ser\u00e1 virtual y como en cada edici\u00f3n, convocar\u00e1 a miles de estudiantes secundarios de la regi\u00f3n para participar de charlas para conocer la experiencia de ser estudiante de la UNAJ, as\u00ed como las caracter\u00edsticas e incumbencias de las veintitr\u00e9s carreras que componen la oferta acad\u00e9mica de la instituci\u00f3n.<\/p>\n\n\n\n<p>Durante las jornadas se llevar\u00e1n a cabo unas 35 charlas, conferencias y conversatorios virtuales donde los responsables de las distintas carreras explicar\u00e1n en qu\u00e9 consiste cada una de ellas, sus incumbencias y los perfiles profesionales que proponen.<\/p>\n\n\n\n<p>Tambi\u00e9n habr\u00e1 espacios donde estudiantes avanzados y graduados contar\u00e1n sus experiencias acad\u00e9micas en la UNAJ, y hablar\u00e1n sobre los distintos aspectos que componen la vida universitaria.<\/p>\n\n\n\n<p>\u201c<em>A trav\u00e9s de este medio, como la pandemia nos separa, queremos contarles&nbsp; las caracter\u00edsticas de la gesti\u00f3n, nuestras carreras, el perfil de los egresados, los planes de estudios, la inserci\u00f3n laboral y los rasgos principales de cada una de ellas. Para ello hemos desarrollado esta peque\u00f1a manera de aproximarnos y le llamamos Puertas Abiertas<\/em>\u201d, explic\u00f3 el Rector de la UNAJ Ernesto Villanueva.<\/p>\n\n\n\n<p>Mar\u00eda Elena Zambella, coordinadora de la Unidad de Vinculaci\u00f3n Educativa de la UNAJ, explic\u00f3 que las jornadas \u201cA puertas abiertas\u201d, se realizan desde el a\u00f1o 2017 \u201c<em>convocando a las escuelas, a los docentes, a los estudiantes secundarios del \u00faltimo a\u00f1o a que se acerquen a la universidad, a que conozcan toda la informaci\u00f3n sobre la inscripci\u00f3n, las carreras, y donde tratamos de subsanar todas las dudas y todas las inquietudes que se manifiestan<\/em>\u201d.<\/p>\n\n\n\n<p>Por su parte, Paloma Catal\u00e1 Del R\u00edo, coordinadora del Curso de Preparaci\u00f3n Universitaria, destac\u00f3 que en el contexto de aislamiento social preventivo y obligatorio, la UNAJ encontr\u00f3 en la variante de la virtualidad la posibilidad de\u00a0 abrir \u201c<em>algunas ventanas a trav\u00e9s de talleres, encuentros e intercambios, para contarles sobre nuestras carreras, qu\u00e9 perfil de estudiantes y de graduados forma la universidad y cu\u00e1l es el campo laboral posible para cada uno de esos perfiles. Tambi\u00e9n vamos a trabajar sobre qu\u00e9 significa elegir en un contexto como este y contarles c\u00f3mo la universidad se est\u00e1 preparando para adaptarnos a esta transici\u00f3n hasta que retomemos la presencialidad<\/em>\u201d.<\/p>\n\n\n\n<figure class=\"wp-block-image size-large\"><img loading=\"lazy\" decoding=\"async\" width=\"730\" height=\"1024\" src=\"https:\/\/diarioprincipios.com\/wp-content\/uploads\/2020\/09\/WhatsApp-Image-2020-08-27-at-10_53_02-1-730x1024.jpeg\" alt=\"\" class=\"wp-image-5801\" srcset=\"https:\/\/diarioprincipios.com\/wp-content\/uploads\/2020\/09\/WhatsApp-Image-2020-08-27-at-10_53_02-1-730x1024.jpeg 730w, https:\/\/diarioprincipios.com\/wp-content\/uploads\/2020\/09\/WhatsApp-Image-2020-08-27-at-10_53_02-1-214x300.jpeg 214w, https:\/\/diarioprincipios.com\/wp-content\/uploads\/2020\/09\/WhatsApp-Image-2020-08-27-at-10_53_02-1-768x1078.jpeg 768w, https:\/\/diarioprincipios.com\/wp-content\/uploads\/2020\/09\/WhatsApp-Image-2020-08-27-at-10_53_02-1.jpeg 912w\" sizes=\"auto, (max-width: 730px) 100vw, 730px\" \/><\/figure>\n\n\n\n<p>La actividad inaugural de las jornadas tendr\u00e1 lugar el lunes 28 de septiembre a las 11 horas, con la participaci\u00f3n del Rector de la UNAJ Ernesto Villanueva, quien estar\u00e1 acompa\u00f1ado por la Subsecretar\u00eda de Educaci\u00f3n de la Provincia de Buenos Aires, Claudia Brachi, para conversar sobre&nbsp;<strong>\u201cEl rol fundamental de la articulaci\u00f3n entre escuela secundaria y la universidad en la postpandemia\u201d<\/strong>.<\/p>\n\n\n\n<p>Adem\u00e1s de las charlas explicativas sobre las carreras que componen la oferta acad\u00e9mica de la UNAJ, de cara al proceso de inscripci\u00f3n que estar\u00e1 vigente del 13 de octubre al 13 de noviembre, habr\u00e1 charlas virtuales sobre una multiplicidad de temas como: inclusi\u00f3n estudiantil, orientaci\u00f3n vocacional, las carreras tecnol\u00f3gicas y su compromiso social, sostenibilidad y tecnolog\u00eda, lectura y escritura despu\u00e9s de la escuela secundaria, mitos y verdades sobre la educaci\u00f3n virtual, derechos sexuales y reproductivos, recursos de la biblioteca digital de la UNAJ, entre muchas otras.<\/p>\n\n\n\n<p>El programa completo puede consultarse aqu\u00ed:&nbsp;<a rel=\"noreferrer noopener\" target=\"_blank\" href=\"https:\/\/www.unaj.edu.ar\/puertas-abiertas-2021\/conversatorios-por-videoconferencia-descripcion-y-experiencias-sobre-las-carreras\/\">https:\/\/www.unaj.edu.ar\/puertas-abiertas-2021\/conversatorios-por-videoconferencia-descripcion-y-experiencias-sobre-las-carreras\/<\/a><\/p>\n\n\n\n<p><strong>Un recorrido virtual por la vida universitaria<\/strong><\/p>\n\n\n\n<p>Como parte de las jornadas la UNAJ desarroll\u00f3 el sitio&nbsp;<a rel=\"noreferrer noopener\" target=\"_blank\" href=\"https:\/\/www.unaj.edu.ar\/puertas-abiertas-2021\/\">https:\/\/www.unaj.edu.ar\/puertas-abiertas-2021\/<\/a>&nbsp;, donde los visitantes pueden acceder a una muestra virtual de los distintos aspectos, actividades y experiencias que conforman la vida estudiantil en la UNAJ.&nbsp; A trav\u00e9s del portal se accede a datos sobre la historia de la UNAJ, el porqu\u00e9 de su nombre, un recorrido virtual por su sede principal y testimonios de autoridades, coordinadores de carreras y graduados\/as sobre c\u00f3mo funciona la UNAJ y sus oferta acad\u00e9mica.<\/p>\n\n\n\n<p>Adem\u00e1s cuenta con toda la informaci\u00f3n sobre programas de becas estudiantiles, tutor\u00edas, clases de apoyo, cultura, deportes y recreaci\u00f3n, y sobre las oportunidades que la UNAJ ofrece a sus estudiantes para que realicen experiencias de estudio e intercambios en el exterior.<\/p>\n\n\n\n<p>En la secci\u00f3n&nbsp;<strong>\u201cPasos para ser estudiante de la UNAJ\u201d<\/strong>, el sitio brinda toda la informaci\u00f3n necesaria para inscribirse en la UNAJ para cursar a partir del ciclo 2021 alguna de las 23 carreras que ofrece la casa de estudios, y todo lo relativo al Curso de Preparaci\u00f3n Universitaria 2021, que se realizar\u00e1 en forma virtual.<\/p>\n","protected":false},"excerpt":{"rendered":"<p>Del 28 de septiembre al 9 de octubre en la Universidad Nacional Arturo Jauretche se realizar\u00e1n las\u00a0 cuartas jornadas de la \u201cUniversidad a Puertas Abiertas\u201d, una iniciativa que busca acercar a los estudiantes secundarios de la regi\u00f3n toda la informaci\u00f3n que necesitan de cara al per\u00edodo de inscripci\u00f3n para el ciclo lectivo 2021. Esta cuarta&#8230;<\/p>\n","protected":false},"author":2,"featured_media":5802,"comment_status":"open","ping_status":"open","sticky":false,"template":"","format":"standard","meta":{"footnotes":""},"categories":[10],"tags":[],"class_list":["post-5800","post","type-post","status-publish","format-standard","has-post-thumbnail","hentry","category-nacion"],"featured_image_src":"https:\/\/diarioprincipios.com\/wp-content\/uploads\/2020\/09\/20200923_193121-1024x735.jpg","blog_images":{"medium":"https:\/\/diarioprincipios.com\/wp-content\/uploads\/2020\/09\/20200923_193121-300x215.jpg","large":"https:\/\/diarioprincipios.com\/wp-content\/uploads\/2020\/09\/20200923_193121-1024x735.jpg"},"ams_acf":[],"yoast_head":"<!-- This site is optimized with the Yoast SEO plugin v27.3 - https:\/\/yoast.com\/product\/yoast-seo-wordpress\/ -->\n<title>La UNAJ a puertas abiertas: del 28 de septiembre al 9 de octubre - Principios<\/title>\n<meta name=\"robots\" content=\"index, follow, max-snippet:-1, max-image-preview:large, max-video-preview:-1\" \/>\n<link rel=\"canonical\" href=\"https:\/\/diarioprincipios.com\/index.php\/2020\/09\/23\/la-unaj-a-puertas-abiertas-del-28-de-septiembre-al-9-de-octubre\/\" \/>\n<meta property=\"og:locale\" content=\"es_ES\" \/>\n<meta property=\"og:type\" content=\"article\" \/>\n<meta property=\"og:title\" content=\"La UNAJ a puertas abiertas: del 28 de septiembre al 9 de octubre - Principios\" \/>\n<meta property=\"og:description\" content=\"Del 28 de septiembre al 9 de octubre en la Universidad Nacional Arturo Jauretche se realizar\u00e1n las\u00a0 cuartas jornadas de la \u201cUniversidad a Puertas Abiertas\u201d, una iniciativa que busca acercar a los estudiantes secundarios de la regi\u00f3n toda la informaci\u00f3n que necesitan de cara al per\u00edodo de inscripci\u00f3n para el ciclo lectivo 2021. Esta cuarta...\" \/>\n<meta property=\"og:url\" content=\"https:\/\/diarioprincipios.com\/index.php\/2020\/09\/23\/la-unaj-a-puertas-abiertas-del-28-de-septiembre-al-9-de-octubre\/\" \/>\n<meta property=\"og:site_name\" content=\"Principios\" \/>\n<meta property=\"article:published_time\" content=\"2020-09-23T22:33:33+00:00\" \/>\n<meta property=\"article:modified_time\" content=\"2020-09-23T22:33:38+00:00\" \/>\n<meta property=\"og:image\" content=\"https:\/\/diarioprincipios.com\/wp-content\/uploads\/2020\/09\/20200923_193121.jpg\" \/>\n\t<meta property=\"og:image:width\" content=\"1276\" \/>\n\t<meta property=\"og:image:height\" content=\"916\" \/>\n\t<meta property=\"og:image:type\" content=\"image\/jpeg\" \/>\n<meta name=\"author\" content=\"Hern\u00e1n L\u00f3pez\" \/>\n<meta name=\"twitter:card\" content=\"summary_large_image\" \/>\n<meta name=\"twitter:label1\" content=\"Escrito por\" \/>\n\t<meta name=\"twitter:data1\" content=\"Hern\u00e1n L\u00f3pez\" \/>\n\t<meta name=\"twitter:label2\" content=\"Tiempo de lectura\" \/>\n\t<meta name=\"twitter:data2\" content=\"4 minutos\" \/>\n<script type=\"application\/ld+json\" class=\"yoast-schema-graph\">{\"@context\":\"https:\\\/\\\/schema.org\",\"@graph\":[{\"@type\":\"Article\",\"@id\":\"https:\\\/\\\/diarioprincipios.com\\\/index.php\\\/2020\\\/09\\\/23\\\/la-unaj-a-puertas-abiertas-del-28-de-septiembre-al-9-de-octubre\\\/#article\",\"isPartOf\":{\"@id\":\"https:\\\/\\\/diarioprincipios.com\\\/index.php\\\/2020\\\/09\\\/23\\\/la-unaj-a-puertas-abiertas-del-28-de-septiembre-al-9-de-octubre\\\/\"},\"author\":{\"name\":\"Hern\u00e1n L\u00f3pez\",\"@id\":\"https:\\\/\\\/diarioprincipios.com\\\/#\\\/schema\\\/person\\\/436d5a1fd41a5e250e23ff5a6a7cb080\"},\"headline\":\"La UNAJ a puertas abiertas: del 28 de septiembre al 9 de octubre\",\"datePublished\":\"2020-09-23T22:33:33+00:00\",\"dateModified\":\"2020-09-23T22:33:38+00:00\",\"mainEntityOfPage\":{\"@id\":\"https:\\\/\\\/diarioprincipios.com\\\/index.php\\\/2020\\\/09\\\/23\\\/la-unaj-a-puertas-abiertas-del-28-de-septiembre-al-9-de-octubre\\\/\"},\"wordCount\":828,\"commentCount\":0,\"publisher\":{\"@id\":\"https:\\\/\\\/diarioprincipios.com\\\/#organization\"},\"image\":{\"@id\":\"https:\\\/\\\/diarioprincipios.com\\\/index.php\\\/2020\\\/09\\\/23\\\/la-unaj-a-puertas-abiertas-del-28-de-septiembre-al-9-de-octubre\\\/#primaryimage\"},\"thumbnailUrl\":\"https:\\\/\\\/diarioprincipios.com\\\/wp-content\\\/uploads\\\/2020\\\/09\\\/20200923_193121.jpg\",\"articleSection\":[\"Naci\u00f3n\"],\"inLanguage\":\"es\",\"potentialAction\":[{\"@type\":\"CommentAction\",\"name\":\"Comment\",\"target\":[\"https:\\\/\\\/diarioprincipios.com\\\/index.php\\\/2020\\\/09\\\/23\\\/la-unaj-a-puertas-abiertas-del-28-de-septiembre-al-9-de-octubre\\\/#respond\"]}]},{\"@type\":\"WebPage\",\"@id\":\"https:\\\/\\\/diarioprincipios.com\\\/index.php\\\/2020\\\/09\\\/23\\\/la-unaj-a-puertas-abiertas-del-28-de-septiembre-al-9-de-octubre\\\/\",\"url\":\"https:\\\/\\\/diarioprincipios.com\\\/index.php\\\/2020\\\/09\\\/23\\\/la-unaj-a-puertas-abiertas-del-28-de-septiembre-al-9-de-octubre\\\/\",\"name\":\"La UNAJ a puertas abiertas: del 28 de septiembre al 9 de octubre - Principios\",\"isPartOf\":{\"@id\":\"https:\\\/\\\/diarioprincipios.com\\\/#website\"},\"primaryImageOfPage\":{\"@id\":\"https:\\\/\\\/diarioprincipios.com\\\/index.php\\\/2020\\\/09\\\/23\\\/la-unaj-a-puertas-abiertas-del-28-de-septiembre-al-9-de-octubre\\\/#primaryimage\"},\"image\":{\"@id\":\"https:\\\/\\\/diarioprincipios.com\\\/index.php\\\/2020\\\/09\\\/23\\\/la-unaj-a-puertas-abiertas-del-28-de-septiembre-al-9-de-octubre\\\/#primaryimage\"},\"thumbnailUrl\":\"https:\\\/\\\/diarioprincipios.com\\\/wp-content\\\/uploads\\\/2020\\\/09\\\/20200923_193121.jpg\",\"datePublished\":\"2020-09-23T22:33:33+00:00\",\"dateModified\":\"2020-09-23T22:33:38+00:00\",\"breadcrumb\":{\"@id\":\"https:\\\/\\\/diarioprincipios.com\\\/index.php\\\/2020\\\/09\\\/23\\\/la-unaj-a-puertas-abiertas-del-28-de-septiembre-al-9-de-octubre\\\/#breadcrumb\"},\"inLanguage\":\"es\",\"potentialAction\":[{\"@type\":\"ReadAction\",\"target\":[\"https:\\\/\\\/diarioprincipios.com\\\/index.php\\\/2020\\\/09\\\/23\\\/la-unaj-a-puertas-abiertas-del-28-de-septiembre-al-9-de-octubre\\\/\"]}]},{\"@type\":\"ImageObject\",\"inLanguage\":\"es\",\"@id\":\"https:\\\/\\\/diarioprincipios.com\\\/index.php\\\/2020\\\/09\\\/23\\\/la-unaj-a-puertas-abiertas-del-28-de-septiembre-al-9-de-octubre\\\/#primaryimage\",\"url\":\"https:\\\/\\\/diarioprincipios.com\\\/wp-content\\\/uploads\\\/2020\\\/09\\\/20200923_193121.jpg\",\"contentUrl\":\"https:\\\/\\\/diarioprincipios.com\\\/wp-content\\\/uploads\\\/2020\\\/09\\\/20200923_193121.jpg\",\"width\":1276,\"height\":916},{\"@type\":\"BreadcrumbList\",\"@id\":\"https:\\\/\\\/diarioprincipios.com\\\/index.php\\\/2020\\\/09\\\/23\\\/la-unaj-a-puertas-abiertas-del-28-de-septiembre-al-9-de-octubre\\\/#breadcrumb\",\"itemListElement\":[{\"@type\":\"ListItem\",\"position\":1,\"name\":\"Portada\",\"item\":\"https:\\\/\\\/diarioprincipios.com\\\/\"},{\"@type\":\"ListItem\",\"position\":2,\"name\":\"La UNAJ a puertas abiertas: del 28 de septiembre al 9 de octubre\"}]},{\"@type\":\"WebSite\",\"@id\":\"https:\\\/\\\/diarioprincipios.com\\\/#website\",\"url\":\"https:\\\/\\\/diarioprincipios.com\\\/\",\"name\":\"Principios\",\"description\":\"Principios Diario\",\"publisher\":{\"@id\":\"https:\\\/\\\/diarioprincipios.com\\\/#organization\"},\"potentialAction\":[{\"@type\":\"SearchAction\",\"target\":{\"@type\":\"EntryPoint\",\"urlTemplate\":\"https:\\\/\\\/diarioprincipios.com\\\/?s={search_term_string}\"},\"query-input\":{\"@type\":\"PropertyValueSpecification\",\"valueRequired\":true,\"valueName\":\"search_term_string\"}}],\"inLanguage\":\"es\"},{\"@type\":\"Organization\",\"@id\":\"https:\\\/\\\/diarioprincipios.com\\\/#organization\",\"name\":\"Principios\",\"url\":\"https:\\\/\\\/diarioprincipios.com\\\/\",\"logo\":{\"@type\":\"ImageObject\",\"inLanguage\":\"es\",\"@id\":\"https:\\\/\\\/diarioprincipios.com\\\/#\\\/schema\\\/logo\\\/image\\\/\",\"url\":\"https:\\\/\\\/diarioprincipios.com\\\/wp-content\\\/uploads\\\/2024\\\/04\\\/cropped-www.diarioprincipios.com_-1.png\",\"contentUrl\":\"https:\\\/\\\/diarioprincipios.com\\\/wp-content\\\/uploads\\\/2024\\\/04\\\/cropped-www.diarioprincipios.com_-1.png\",\"width\":5325,\"height\":1454,\"caption\":\"Principios\"},\"image\":{\"@id\":\"https:\\\/\\\/diarioprincipios.com\\\/#\\\/schema\\\/logo\\\/image\\\/\"}},{\"@type\":\"Person\",\"@id\":\"https:\\\/\\\/diarioprincipios.com\\\/#\\\/schema\\\/person\\\/436d5a1fd41a5e250e23ff5a6a7cb080\",\"name\":\"Hern\u00e1n L\u00f3pez\",\"image\":{\"@type\":\"ImageObject\",\"inLanguage\":\"es\",\"@id\":\"https:\\\/\\\/diarioprincipios.com\\\/wp-content\\\/litespeed\\\/avatar\\\/11ddfe5610ff3bd100522525b2571f48.jpg?ver=1777048341\",\"url\":\"https:\\\/\\\/diarioprincipios.com\\\/wp-content\\\/litespeed\\\/avatar\\\/11ddfe5610ff3bd100522525b2571f48.jpg?ver=1777048341\",\"contentUrl\":\"https:\\\/\\\/diarioprincipios.com\\\/wp-content\\\/litespeed\\\/avatar\\\/11ddfe5610ff3bd100522525b2571f48.jpg?ver=1777048341\",\"caption\":\"Hern\u00e1n L\u00f3pez\"},\"url\":\"https:\\\/\\\/diarioprincipios.com\\\/index.php\\\/author\\\/hernan\\\/\"}]}<\/script>\n<!-- \/ Yoast SEO plugin. -->","yoast_head_json":{"title":"La UNAJ a puertas abiertas: del 28 de septiembre al 9 de octubre - Principios","robots":{"index":"index","follow":"follow","max-snippet":"max-snippet:-1","max-image-preview":"max-image-preview:large","max-video-preview":"max-video-preview:-1"},"canonical":"https:\/\/diarioprincipios.com\/index.php\/2020\/09\/23\/la-unaj-a-puertas-abiertas-del-28-de-septiembre-al-9-de-octubre\/","og_locale":"es_ES","og_type":"article","og_title":"La UNAJ a puertas abiertas: del 28 de septiembre al 9 de octubre - Principios","og_description":"Del 28 de septiembre al 9 de octubre en la Universidad Nacional Arturo Jauretche se realizar\u00e1n las\u00a0 cuartas jornadas de la \u201cUniversidad a Puertas Abiertas\u201d, una iniciativa que busca acercar a los estudiantes secundarios de la regi\u00f3n toda la informaci\u00f3n que necesitan de cara al per\u00edodo de inscripci\u00f3n para el ciclo lectivo 2021. Esta cuarta...","og_url":"https:\/\/diarioprincipios.com\/index.php\/2020\/09\/23\/la-unaj-a-puertas-abiertas-del-28-de-septiembre-al-9-de-octubre\/","og_site_name":"Principios","article_published_time":"2020-09-23T22:33:33+00:00","article_modified_time":"2020-09-23T22:33:38+00:00","og_image":[{"width":1276,"height":916,"url":"https:\/\/diarioprincipios.com\/wp-content\/uploads\/2020\/09\/20200923_193121.jpg","type":"image\/jpeg"}],"author":"Hern\u00e1n L\u00f3pez","twitter_card":"summary_large_image","twitter_misc":{"Escrito por":"Hern\u00e1n L\u00f3pez","Tiempo de lectura":"4 minutos"},"schema":{"@context":"https:\/\/schema.org","@graph":[{"@type":"Article","@id":"https:\/\/diarioprincipios.com\/index.php\/2020\/09\/23\/la-unaj-a-puertas-abiertas-del-28-de-septiembre-al-9-de-octubre\/#article","isPartOf":{"@id":"https:\/\/diarioprincipios.com\/index.php\/2020\/09\/23\/la-unaj-a-puertas-abiertas-del-28-de-septiembre-al-9-de-octubre\/"},"author":{"name":"Hern\u00e1n L\u00f3pez","@id":"https:\/\/diarioprincipios.com\/#\/schema\/person\/436d5a1fd41a5e250e23ff5a6a7cb080"},"headline":"La UNAJ a puertas abiertas: del 28 de septiembre al 9 de octubre","datePublished":"2020-09-23T22:33:33+00:00","dateModified":"2020-09-23T22:33:38+00:00","mainEntityOfPage":{"@id":"https:\/\/diarioprincipios.com\/index.php\/2020\/09\/23\/la-unaj-a-puertas-abiertas-del-28-de-septiembre-al-9-de-octubre\/"},"wordCount":828,"commentCount":0,"publisher":{"@id":"https:\/\/diarioprincipios.com\/#organization"},"image":{"@id":"https:\/\/diarioprincipios.com\/index.php\/2020\/09\/23\/la-unaj-a-puertas-abiertas-del-28-de-septiembre-al-9-de-octubre\/#primaryimage"},"thumbnailUrl":"https:\/\/diarioprincipios.com\/wp-content\/uploads\/2020\/09\/20200923_193121.jpg","articleSection":["Naci\u00f3n"],"inLanguage":"es","potentialAction":[{"@type":"CommentAction","name":"Comment","target":["https:\/\/diarioprincipios.com\/index.php\/2020\/09\/23\/la-unaj-a-puertas-abiertas-del-28-de-septiembre-al-9-de-octubre\/#respond"]}]},{"@type":"WebPage","@id":"https:\/\/diarioprincipios.com\/index.php\/2020\/09\/23\/la-unaj-a-puertas-abiertas-del-28-de-septiembre-al-9-de-octubre\/","url":"https:\/\/diarioprincipios.com\/index.php\/2020\/09\/23\/la-unaj-a-puertas-abiertas-del-28-de-septiembre-al-9-de-octubre\/","name":"La UNAJ a puertas abiertas: del 28 de septiembre al 9 de octubre - Principios","isPartOf":{"@id":"https:\/\/diarioprincipios.com\/#website"},"primaryImageOfPage":{"@id":"https:\/\/diarioprincipios.com\/index.php\/2020\/09\/23\/la-unaj-a-puertas-abiertas-del-28-de-septiembre-al-9-de-octubre\/#primaryimage"},"image":{"@id":"https:\/\/diarioprincipios.com\/index.php\/2020\/09\/23\/la-unaj-a-puertas-abiertas-del-28-de-septiembre-al-9-de-octubre\/#primaryimage"},"thumbnailUrl":"https:\/\/diarioprincipios.com\/wp-content\/uploads\/2020\/09\/20200923_193121.jpg","datePublished":"2020-09-23T22:33:33+00:00","dateModified":"2020-09-23T22:33:38+00:00","breadcrumb":{"@id":"https:\/\/diarioprincipios.com\/index.php\/2020\/09\/23\/la-unaj-a-puertas-abiertas-del-28-de-septiembre-al-9-de-octubre\/#breadcrumb"},"inLanguage":"es","potentialAction":[{"@type":"ReadAction","target":["https:\/\/diarioprincipios.com\/index.php\/2020\/09\/23\/la-unaj-a-puertas-abiertas-del-28-de-septiembre-al-9-de-octubre\/"]}]},{"@type":"ImageObject","inLanguage":"es","@id":"https:\/\/diarioprincipios.com\/index.php\/2020\/09\/23\/la-unaj-a-puertas-abiertas-del-28-de-septiembre-al-9-de-octubre\/#primaryimage","url":"https:\/\/diarioprincipios.com\/wp-content\/uploads\/2020\/09\/20200923_193121.jpg","contentUrl":"https:\/\/diarioprincipios.com\/wp-content\/uploads\/2020\/09\/20200923_193121.jpg","width":1276,"height":916},{"@type":"BreadcrumbList","@id":"https:\/\/diarioprincipios.com\/index.php\/2020\/09\/23\/la-unaj-a-puertas-abiertas-del-28-de-septiembre-al-9-de-octubre\/#breadcrumb","itemListElement":[{"@type":"ListItem","position":1,"name":"Portada","item":"https:\/\/diarioprincipios.com\/"},{"@type":"ListItem","position":2,"name":"La UNAJ a puertas abiertas: del 28 de septiembre al 9 de octubre"}]},{"@type":"WebSite","@id":"https:\/\/diarioprincipios.com\/#website","url":"https:\/\/diarioprincipios.com\/","name":"Principios","description":"Principios Diario","publisher":{"@id":"https:\/\/diarioprincipios.com\/#organization"},"potentialAction":[{"@type":"SearchAction","target":{"@type":"EntryPoint","urlTemplate":"https:\/\/diarioprincipios.com\/?s={search_term_string}"},"query-input":{"@type":"PropertyValueSpecification","valueRequired":true,"valueName":"search_term_string"}}],"inLanguage":"es"},{"@type":"Organization","@id":"https:\/\/diarioprincipios.com\/#organization","name":"Principios","url":"https:\/\/diarioprincipios.com\/","logo":{"@type":"ImageObject","inLanguage":"es","@id":"https:\/\/diarioprincipios.com\/#\/schema\/logo\/image\/","url":"https:\/\/diarioprincipios.com\/wp-content\/uploads\/2024\/04\/cropped-www.diarioprincipios.com_-1.png","contentUrl":"https:\/\/diarioprincipios.com\/wp-content\/uploads\/2024\/04\/cropped-www.diarioprincipios.com_-1.png","width":5325,"height":1454,"caption":"Principios"},"image":{"@id":"https:\/\/diarioprincipios.com\/#\/schema\/logo\/image\/"}},{"@type":"Person","@id":"https:\/\/diarioprincipios.com\/#\/schema\/person\/436d5a1fd41a5e250e23ff5a6a7cb080","name":"Hern\u00e1n L\u00f3pez","image":{"@type":"ImageObject","inLanguage":"es","@id":"https:\/\/diarioprincipios.com\/wp-content\/litespeed\/avatar\/11ddfe5610ff3bd100522525b2571f48.jpg?ver=1777048341","url":"https:\/\/diarioprincipios.com\/wp-content\/litespeed\/avatar\/11ddfe5610ff3bd100522525b2571f48.jpg?ver=1777048341","contentUrl":"https:\/\/diarioprincipios.com\/wp-content\/litespeed\/avatar\/11ddfe5610ff3bd100522525b2571f48.jpg?ver=1777048341","caption":"Hern\u00e1n L\u00f3pez"},"url":"https:\/\/diarioprincipios.com\/index.php\/author\/hernan\/"}]}},"jetpack_featured_media_url":"https:\/\/diarioprincipios.com\/wp-content\/uploads\/2020\/09\/20200923_193121.jpg","_links":{"self":[{"href":"https:\/\/diarioprincipios.com\/index.php\/wp-json\/wp\/v2\/posts\/5800","targetHints":{"allow":["GET"]}}],"collection":[{"href":"https:\/\/diarioprincipios.com\/index.php\/wp-json\/wp\/v2\/posts"}],"about":[{"href":"https:\/\/diarioprincipios.com\/index.php\/wp-json\/wp\/v2\/types\/post"}],"author":[{"embeddable":true,"href":"https:\/\/diarioprincipios.com\/index.php\/wp-json\/wp\/v2\/users\/2"}],"replies":[{"embeddable":true,"href":"https:\/\/diarioprincipios.com\/index.php\/wp-json\/wp\/v2\/comments?post=5800"}],"version-history":[{"count":1,"href":"https:\/\/diarioprincipios.com\/index.php\/wp-json\/wp\/v2\/posts\/5800\/revisions"}],"predecessor-version":[{"id":5803,"href":"https:\/\/diarioprincipios.com\/index.php\/wp-json\/wp\/v2\/posts\/5800\/revisions\/5803"}],"wp:featuredmedia":[{"embeddable":true,"href":"https:\/\/diarioprincipios.com\/index.php\/wp-json\/wp\/v2\/media\/5802"}],"wp:attachment":[{"href":"https:\/\/diarioprincipios.com\/index.php\/wp-json\/wp\/v2\/media?parent=5800"}],"wp:term":[{"taxonomy":"category","embeddable":true,"href":"https:\/\/diarioprincipios.com\/index.php\/wp-json\/wp\/v2\/categories?post=5800"},{"taxonomy":"post_tag","embeddable":true,"href":"https:\/\/diarioprincipios.com\/index.php\/wp-json\/wp\/v2\/tags?post=5800"}],"curies":[{"name":"wp","href":"https:\/\/api.w.org\/{rel}","templated":true}]}}