{"id":5797,"date":"2020-09-23T16:54:07","date_gmt":"2020-09-23T19:54:07","guid":{"rendered":"http:\/\/diarioprincipios.com\/?p=5797"},"modified":"2020-09-23T16:54:12","modified_gmt":"2020-09-23T19:54:12","slug":"mercado-vecino-recorrera-los-barrios-de-berazategui-en-octubre","status":"publish","type":"post","link":"https:\/\/diarioprincipios.com\/index.php\/2020\/09\/23\/mercado-vecino-recorrera-los-barrios-de-berazategui-en-octubre\/","title":{"rendered":"\u00abMercado Vecino\u00bb recorrer\u00e1 los barrios de Berazategui en Octubre"},"content":{"rendered":"\n<p><strong>\u201cMercado Vecino\u201d, la feria saludable y econ\u00f3mica organizada por la Municipalidad de Berazategui, seguir\u00e1 sus habituales recorridos por los barrios y en octubre, como cada mes, acercar\u00e1 a las vecinas y vecinos alimentos esenciales como frutas y verduras frescas, entre otros productos, a precios accesibles y de excelente calidad.<br><\/strong><br>Todas las ediciones del cronograma de esta feria itinerante son controladas con el objetivo de, ante la situaci\u00f3n de emergencia sanitaria, hacer que se respeten la distancia social, las pautas de higiene y el uso de tapaboca, para prevenir la propagaci\u00f3n del coronavirus.<\/p>\n\n\n\n<p>Mercado Vecino es uno de los Programas de la Secretar\u00eda de Trabajo municipal, que incluye productos de panader\u00eda, verduler\u00eda, huevos, l\u00e1cteos y pastas de calidad, a muy buenos precios. Adem\u00e1s, todos los lunes se van a sumar productos a precios especiales fabricados en la Ciudad por empresas que forman parte del Programa \u201cG\u00f3ndola Local\u201d, como \u201cPreto\u201d, \u201cBilagos\u201d, \u201cNurko\u201d, \u201cMakzal\u201d, \u201cSafra\u201d e \u201cIvess\u201d.<br>Durante octubre, la feria cumplir\u00e1 con el siguiente cronograma, en el horario de 8.30 a 12.30. En tanto, los lunes en Plaza Rigolleau ser\u00e1 de 8.00 a 13.00:<\/p>\n\n\n\n<p>&#8211; Jueves 1\/10: Delegaci\u00f3n municipal El Pato, calle 611 y 517.<br>&#8211; Viernes 2\/10: Club Social y Deportivo Villa Olivero, calle 155 entre 9 y 10 (B\u00b0 Villa Olivero).<br>&#8211; Lunes 5\/10: Plaza Rigolleau, Av. 14 y Lisandro de la Torre. Berazategui Centro (de 8:00 a 13.00).<br>&#8211; Martes 6\/10: Club Social y Deportivo San Vicente, calle 135 y 5 (B\u00b0 La Primavera).<br>&#8211; Mi\u00e9rcoles 7\/10: Estaci\u00f3n de Hudson, calle 161 entre 58 y 58 A.<br>&#8211; Jueves 8\/10: Estaci\u00f3n de Pl\u00e1tanos, Lisandro de la Torre entre 44 y 46.<br>&#8211; Viernes 9\/10: Plaza Las Casillas, Av. 14 y 158 (B\u00b0 Gral. Mosconi).<br>&#8211; Martes 13\/10: Delegaci\u00f3n Municipal de Guti\u00e9rrez, Av. 413 y 455.<br>&#8211; Mi\u00e9rcoles 14\/10: Plaza El Molino, calle 136 esq. 48, R\u00edo Encantado (Hudson).<br>&#8211; Jueves 15\/10: Delegaci\u00f3n municipal El Pato, calle 611 y 517.<br>&#8211; Viernes 16\/10: Club Social y Deportivo Villa Olivero, calle 155 entre 9 y 10 (B\u00b0 Villa Olivero).<br>&#8211; Lunes 19\/10: Plaza Rigolleau, Av. 14 y Lisandro de la Torre, Berazategui Centro (de 8:00 a 13.00).<br>&#8211; Martes 20\/10: Club Social y Deportivo San Vicente, calle 135 y 5 (B\u00b0 La Primavera).<br>&#8211; Mi\u00e9rcoles 21\/10: Estaci\u00f3n de Hudson, calle 161 entre 58 y 58 A.<br>&#8211; Jueves 22\/10: Estaci\u00f3n de Pl\u00e1tanos, Lisandro de la Torre entre 44 y 46.<br>&#8211; Viernes 23\/10: Plaza Las Casillas, Av. 14 y 158 (B\u00b0 Gral. Mosconi).<br>&#8211; Lunes 26\/10: Plaza Rigolleau, Av. 14 y Lisandro de la Torre, Berazategui Centro (de 8:00 a 13.00).<br>&#8211; Martes 27\/10: Delegaci\u00f3n Municipal de Guti\u00e9rrez, Av. 413 y 455.<br>&#8211; Mi\u00e9rcoles 28\/10: Plaza El Molino, calle 136 esq. 48, R\u00edo Encantado (Hudson).<br>&#8211; Jueves 29\/10: Delegaci\u00f3n municipal El Pato, calle 611 y 517.<br>&#8211; Viernes 30\/10: Club Social y Deportivo Villa Olivero, calle 155 entre 9 y 10 (B\u00b0 Villa Olivero).<\/p>\n\n\n\n<p>Las fechas y lugares tambi\u00e9n se pueden consultar en&nbsp;<a rel=\"noreferrer noopener\" target=\"_blank\" href=\"http:\/\/berazategui.gob.ar\/mercadovecino\">berazategui.gob.ar\/mercadovecino<\/a>.<\/p>\n","protected":false},"excerpt":{"rendered":"<p>\u201cMercado Vecino\u201d, la feria saludable y econ\u00f3mica organizada por la Municipalidad de Berazategui, seguir\u00e1 sus habituales recorridos por los barrios y en octubre, como cada mes, acercar\u00e1 a las vecinas y vecinos alimentos esenciales como frutas y verduras frescas, entre otros productos, a precios accesibles y de excelente calidad.Todas las ediciones del cronograma de esta&#8230;<\/p>\n","protected":false},"author":2,"featured_media":5798,"comment_status":"open","ping_status":"open","sticky":false,"template":"","format":"standard","meta":{"footnotes":""},"categories":[3],"tags":[],"class_list":["post-5797","post","type-post","status-publish","format-standard","has-post-thumbnail","hentry","category-berazategui"],"featured_image_src":"https:\/\/diarioprincipios.com\/wp-content\/uploads\/2020\/09\/MERCADO-VECINO-SIGUE-RECORRIENDO-LOS-BARRIOS-EN-OCTUBRE-2-1024x683.jpg","blog_images":{"medium":"https:\/\/diarioprincipios.com\/wp-content\/uploads\/2020\/09\/MERCADO-VECINO-SIGUE-RECORRIENDO-LOS-BARRIOS-EN-OCTUBRE-2-300x200.jpg","large":"https:\/\/diarioprincipios.com\/wp-content\/uploads\/2020\/09\/MERCADO-VECINO-SIGUE-RECORRIENDO-LOS-BARRIOS-EN-OCTUBRE-2-1024x683.jpg"},"ams_acf":[],"yoast_head":"<!-- This site is optimized with the Yoast SEO plugin v27.3 - https:\/\/yoast.com\/product\/yoast-seo-wordpress\/ -->\n<title>&quot;Mercado Vecino&quot; recorrer\u00e1 los barrios de Berazategui en Octubre - Principios<\/title>\n<meta name=\"robots\" content=\"index, follow, max-snippet:-1, max-image-preview:large, max-video-preview:-1\" \/>\n<link rel=\"canonical\" href=\"https:\/\/diarioprincipios.com\/index.php\/2020\/09\/23\/mercado-vecino-recorrera-los-barrios-de-berazategui-en-octubre\/\" \/>\n<meta property=\"og:locale\" content=\"es_ES\" \/>\n<meta property=\"og:type\" content=\"article\" \/>\n<meta property=\"og:title\" content=\"&quot;Mercado Vecino&quot; recorrer\u00e1 los barrios de Berazategui en Octubre - Principios\" \/>\n<meta property=\"og:description\" content=\"\u201cMercado Vecino\u201d, la feria saludable y econ\u00f3mica organizada por la Municipalidad de Berazategui, seguir\u00e1 sus habituales recorridos por los barrios y en octubre, como cada mes, acercar\u00e1 a las vecinas y vecinos alimentos esenciales como frutas y verduras frescas, entre otros productos, a precios accesibles y de excelente calidad.Todas las ediciones del cronograma de esta...\" \/>\n<meta property=\"og:url\" content=\"https:\/\/diarioprincipios.com\/index.php\/2020\/09\/23\/mercado-vecino-recorrera-los-barrios-de-berazategui-en-octubre\/\" \/>\n<meta property=\"og:site_name\" content=\"Principios\" \/>\n<meta property=\"article:published_time\" content=\"2020-09-23T19:54:07+00:00\" \/>\n<meta property=\"article:modified_time\" content=\"2020-09-23T19:54:12+00:00\" \/>\n<meta property=\"og:image\" content=\"https:\/\/diarioprincipios.com\/wp-content\/uploads\/2020\/09\/MERCADO-VECINO-SIGUE-RECORRIENDO-LOS-BARRIOS-EN-OCTUBRE-2.jpg\" \/>\n\t<meta property=\"og:image:width\" content=\"1920\" \/>\n\t<meta property=\"og:image:height\" content=\"1280\" \/>\n\t<meta property=\"og:image:type\" content=\"image\/jpeg\" \/>\n<meta name=\"author\" content=\"Hern\u00e1n L\u00f3pez\" \/>\n<meta name=\"twitter:card\" content=\"summary_large_image\" \/>\n<meta name=\"twitter:label1\" content=\"Escrito por\" \/>\n\t<meta name=\"twitter:data1\" content=\"Hern\u00e1n L\u00f3pez\" \/>\n\t<meta name=\"twitter:label2\" content=\"Tiempo de lectura\" \/>\n\t<meta name=\"twitter:data2\" content=\"2 minutos\" \/>\n<script type=\"application\/ld+json\" class=\"yoast-schema-graph\">{\"@context\":\"https:\\\/\\\/schema.org\",\"@graph\":[{\"@type\":\"Article\",\"@id\":\"https:\\\/\\\/diarioprincipios.com\\\/index.php\\\/2020\\\/09\\\/23\\\/mercado-vecino-recorrera-los-barrios-de-berazategui-en-octubre\\\/#article\",\"isPartOf\":{\"@id\":\"https:\\\/\\\/diarioprincipios.com\\\/index.php\\\/2020\\\/09\\\/23\\\/mercado-vecino-recorrera-los-barrios-de-berazategui-en-octubre\\\/\"},\"author\":{\"name\":\"Hern\u00e1n L\u00f3pez\",\"@id\":\"https:\\\/\\\/diarioprincipios.com\\\/#\\\/schema\\\/person\\\/436d5a1fd41a5e250e23ff5a6a7cb080\"},\"headline\":\"\u00abMercado Vecino\u00bb recorrer\u00e1 los barrios de Berazategui en Octubre\",\"datePublished\":\"2020-09-23T19:54:07+00:00\",\"dateModified\":\"2020-09-23T19:54:12+00:00\",\"mainEntityOfPage\":{\"@id\":\"https:\\\/\\\/diarioprincipios.com\\\/index.php\\\/2020\\\/09\\\/23\\\/mercado-vecino-recorrera-los-barrios-de-berazategui-en-octubre\\\/\"},\"wordCount\":460,\"commentCount\":0,\"publisher\":{\"@id\":\"https:\\\/\\\/diarioprincipios.com\\\/#organization\"},\"image\":{\"@id\":\"https:\\\/\\\/diarioprincipios.com\\\/index.php\\\/2020\\\/09\\\/23\\\/mercado-vecino-recorrera-los-barrios-de-berazategui-en-octubre\\\/#primaryimage\"},\"thumbnailUrl\":\"https:\\\/\\\/diarioprincipios.com\\\/wp-content\\\/uploads\\\/2020\\\/09\\\/MERCADO-VECINO-SIGUE-RECORRIENDO-LOS-BARRIOS-EN-OCTUBRE-2.jpg\",\"articleSection\":[\"Berazategui\"],\"inLanguage\":\"es\",\"potentialAction\":[{\"@type\":\"CommentAction\",\"name\":\"Comment\",\"target\":[\"https:\\\/\\\/diarioprincipios.com\\\/index.php\\\/2020\\\/09\\\/23\\\/mercado-vecino-recorrera-los-barrios-de-berazategui-en-octubre\\\/#respond\"]}]},{\"@type\":\"WebPage\",\"@id\":\"https:\\\/\\\/diarioprincipios.com\\\/index.php\\\/2020\\\/09\\\/23\\\/mercado-vecino-recorrera-los-barrios-de-berazategui-en-octubre\\\/\",\"url\":\"https:\\\/\\\/diarioprincipios.com\\\/index.php\\\/2020\\\/09\\\/23\\\/mercado-vecino-recorrera-los-barrios-de-berazategui-en-octubre\\\/\",\"name\":\"\\\"Mercado Vecino\\\" recorrer\u00e1 los barrios de Berazategui en Octubre - Principios\",\"isPartOf\":{\"@id\":\"https:\\\/\\\/diarioprincipios.com\\\/#website\"},\"primaryImageOfPage\":{\"@id\":\"https:\\\/\\\/diarioprincipios.com\\\/index.php\\\/2020\\\/09\\\/23\\\/mercado-vecino-recorrera-los-barrios-de-berazategui-en-octubre\\\/#primaryimage\"},\"image\":{\"@id\":\"https:\\\/\\\/diarioprincipios.com\\\/index.php\\\/2020\\\/09\\\/23\\\/mercado-vecino-recorrera-los-barrios-de-berazategui-en-octubre\\\/#primaryimage\"},\"thumbnailUrl\":\"https:\\\/\\\/diarioprincipios.com\\\/wp-content\\\/uploads\\\/2020\\\/09\\\/MERCADO-VECINO-SIGUE-RECORRIENDO-LOS-BARRIOS-EN-OCTUBRE-2.jpg\",\"datePublished\":\"2020-09-23T19:54:07+00:00\",\"dateModified\":\"2020-09-23T19:54:12+00:00\",\"breadcrumb\":{\"@id\":\"https:\\\/\\\/diarioprincipios.com\\\/index.php\\\/2020\\\/09\\\/23\\\/mercado-vecino-recorrera-los-barrios-de-berazategui-en-octubre\\\/#breadcrumb\"},\"inLanguage\":\"es\",\"potentialAction\":[{\"@type\":\"ReadAction\",\"target\":[\"https:\\\/\\\/diarioprincipios.com\\\/index.php\\\/2020\\\/09\\\/23\\\/mercado-vecino-recorrera-los-barrios-de-berazategui-en-octubre\\\/\"]}]},{\"@type\":\"ImageObject\",\"inLanguage\":\"es\",\"@id\":\"https:\\\/\\\/diarioprincipios.com\\\/index.php\\\/2020\\\/09\\\/23\\\/mercado-vecino-recorrera-los-barrios-de-berazategui-en-octubre\\\/#primaryimage\",\"url\":\"https:\\\/\\\/diarioprincipios.com\\\/wp-content\\\/uploads\\\/2020\\\/09\\\/MERCADO-VECINO-SIGUE-RECORRIENDO-LOS-BARRIOS-EN-OCTUBRE-2.jpg\",\"contentUrl\":\"https:\\\/\\\/diarioprincipios.com\\\/wp-content\\\/uploads\\\/2020\\\/09\\\/MERCADO-VECINO-SIGUE-RECORRIENDO-LOS-BARRIOS-EN-OCTUBRE-2.jpg\",\"width\":1920,\"height\":1280},{\"@type\":\"BreadcrumbList\",\"@id\":\"https:\\\/\\\/diarioprincipios.com\\\/index.php\\\/2020\\\/09\\\/23\\\/mercado-vecino-recorrera-los-barrios-de-berazategui-en-octubre\\\/#breadcrumb\",\"itemListElement\":[{\"@type\":\"ListItem\",\"position\":1,\"name\":\"Portada\",\"item\":\"https:\\\/\\\/diarioprincipios.com\\\/\"},{\"@type\":\"ListItem\",\"position\":2,\"name\":\"\u00abMercado Vecino\u00bb recorrer\u00e1 los barrios de Berazategui en Octubre\"}]},{\"@type\":\"WebSite\",\"@id\":\"https:\\\/\\\/diarioprincipios.com\\\/#website\",\"url\":\"https:\\\/\\\/diarioprincipios.com\\\/\",\"name\":\"Principios\",\"description\":\"Principios Diario\",\"publisher\":{\"@id\":\"https:\\\/\\\/diarioprincipios.com\\\/#organization\"},\"potentialAction\":[{\"@type\":\"SearchAction\",\"target\":{\"@type\":\"EntryPoint\",\"urlTemplate\":\"https:\\\/\\\/diarioprincipios.com\\\/?s={search_term_string}\"},\"query-input\":{\"@type\":\"PropertyValueSpecification\",\"valueRequired\":true,\"valueName\":\"search_term_string\"}}],\"inLanguage\":\"es\"},{\"@type\":\"Organization\",\"@id\":\"https:\\\/\\\/diarioprincipios.com\\\/#organization\",\"name\":\"Principios\",\"url\":\"https:\\\/\\\/diarioprincipios.com\\\/\",\"logo\":{\"@type\":\"ImageObject\",\"inLanguage\":\"es\",\"@id\":\"https:\\\/\\\/diarioprincipios.com\\\/#\\\/schema\\\/logo\\\/image\\\/\",\"url\":\"https:\\\/\\\/diarioprincipios.com\\\/wp-content\\\/uploads\\\/2024\\\/04\\\/cropped-www.diarioprincipios.com_-1.png\",\"contentUrl\":\"https:\\\/\\\/diarioprincipios.com\\\/wp-content\\\/uploads\\\/2024\\\/04\\\/cropped-www.diarioprincipios.com_-1.png\",\"width\":5325,\"height\":1454,\"caption\":\"Principios\"},\"image\":{\"@id\":\"https:\\\/\\\/diarioprincipios.com\\\/#\\\/schema\\\/logo\\\/image\\\/\"}},{\"@type\":\"Person\",\"@id\":\"https:\\\/\\\/diarioprincipios.com\\\/#\\\/schema\\\/person\\\/436d5a1fd41a5e250e23ff5a6a7cb080\",\"name\":\"Hern\u00e1n L\u00f3pez\",\"image\":{\"@type\":\"ImageObject\",\"inLanguage\":\"es\",\"@id\":\"https:\\\/\\\/diarioprincipios.com\\\/wp-content\\\/litespeed\\\/avatar\\\/11ddfe5610ff3bd100522525b2571f48.jpg?ver=1777048341\",\"url\":\"https:\\\/\\\/diarioprincipios.com\\\/wp-content\\\/litespeed\\\/avatar\\\/11ddfe5610ff3bd100522525b2571f48.jpg?ver=1777048341\",\"contentUrl\":\"https:\\\/\\\/diarioprincipios.com\\\/wp-content\\\/litespeed\\\/avatar\\\/11ddfe5610ff3bd100522525b2571f48.jpg?ver=1777048341\",\"caption\":\"Hern\u00e1n L\u00f3pez\"},\"url\":\"https:\\\/\\\/diarioprincipios.com\\\/index.php\\\/author\\\/hernan\\\/\"}]}<\/script>\n<!-- \/ Yoast SEO plugin. -->","yoast_head_json":{"title":"\"Mercado Vecino\" recorrer\u00e1 los barrios de Berazategui en Octubre - Principios","robots":{"index":"index","follow":"follow","max-snippet":"max-snippet:-1","max-image-preview":"max-image-preview:large","max-video-preview":"max-video-preview:-1"},"canonical":"https:\/\/diarioprincipios.com\/index.php\/2020\/09\/23\/mercado-vecino-recorrera-los-barrios-de-berazategui-en-octubre\/","og_locale":"es_ES","og_type":"article","og_title":"\"Mercado Vecino\" recorrer\u00e1 los barrios de Berazategui en Octubre - Principios","og_description":"\u201cMercado Vecino\u201d, la feria saludable y econ\u00f3mica organizada por la Municipalidad de Berazategui, seguir\u00e1 sus habituales recorridos por los barrios y en octubre, como cada mes, acercar\u00e1 a las vecinas y vecinos alimentos esenciales como frutas y verduras frescas, entre otros productos, a precios accesibles y de excelente calidad.Todas las ediciones del cronograma de esta...","og_url":"https:\/\/diarioprincipios.com\/index.php\/2020\/09\/23\/mercado-vecino-recorrera-los-barrios-de-berazategui-en-octubre\/","og_site_name":"Principios","article_published_time":"2020-09-23T19:54:07+00:00","article_modified_time":"2020-09-23T19:54:12+00:00","og_image":[{"width":1920,"height":1280,"url":"https:\/\/diarioprincipios.com\/wp-content\/uploads\/2020\/09\/MERCADO-VECINO-SIGUE-RECORRIENDO-LOS-BARRIOS-EN-OCTUBRE-2.jpg","type":"image\/jpeg"}],"author":"Hern\u00e1n L\u00f3pez","twitter_card":"summary_large_image","twitter_misc":{"Escrito por":"Hern\u00e1n L\u00f3pez","Tiempo de lectura":"2 minutos"},"schema":{"@context":"https:\/\/schema.org","@graph":[{"@type":"Article","@id":"https:\/\/diarioprincipios.com\/index.php\/2020\/09\/23\/mercado-vecino-recorrera-los-barrios-de-berazategui-en-octubre\/#article","isPartOf":{"@id":"https:\/\/diarioprincipios.com\/index.php\/2020\/09\/23\/mercado-vecino-recorrera-los-barrios-de-berazategui-en-octubre\/"},"author":{"name":"Hern\u00e1n L\u00f3pez","@id":"https:\/\/diarioprincipios.com\/#\/schema\/person\/436d5a1fd41a5e250e23ff5a6a7cb080"},"headline":"\u00abMercado Vecino\u00bb recorrer\u00e1 los barrios de Berazategui en Octubre","datePublished":"2020-09-23T19:54:07+00:00","dateModified":"2020-09-23T19:54:12+00:00","mainEntityOfPage":{"@id":"https:\/\/diarioprincipios.com\/index.php\/2020\/09\/23\/mercado-vecino-recorrera-los-barrios-de-berazategui-en-octubre\/"},"wordCount":460,"commentCount":0,"publisher":{"@id":"https:\/\/diarioprincipios.com\/#organization"},"image":{"@id":"https:\/\/diarioprincipios.com\/index.php\/2020\/09\/23\/mercado-vecino-recorrera-los-barrios-de-berazategui-en-octubre\/#primaryimage"},"thumbnailUrl":"https:\/\/diarioprincipios.com\/wp-content\/uploads\/2020\/09\/MERCADO-VECINO-SIGUE-RECORRIENDO-LOS-BARRIOS-EN-OCTUBRE-2.jpg","articleSection":["Berazategui"],"inLanguage":"es","potentialAction":[{"@type":"CommentAction","name":"Comment","target":["https:\/\/diarioprincipios.com\/index.php\/2020\/09\/23\/mercado-vecino-recorrera-los-barrios-de-berazategui-en-octubre\/#respond"]}]},{"@type":"WebPage","@id":"https:\/\/diarioprincipios.com\/index.php\/2020\/09\/23\/mercado-vecino-recorrera-los-barrios-de-berazategui-en-octubre\/","url":"https:\/\/diarioprincipios.com\/index.php\/2020\/09\/23\/mercado-vecino-recorrera-los-barrios-de-berazategui-en-octubre\/","name":"\"Mercado Vecino\" recorrer\u00e1 los barrios de Berazategui en Octubre - Principios","isPartOf":{"@id":"https:\/\/diarioprincipios.com\/#website"},"primaryImageOfPage":{"@id":"https:\/\/diarioprincipios.com\/index.php\/2020\/09\/23\/mercado-vecino-recorrera-los-barrios-de-berazategui-en-octubre\/#primaryimage"},"image":{"@id":"https:\/\/diarioprincipios.com\/index.php\/2020\/09\/23\/mercado-vecino-recorrera-los-barrios-de-berazategui-en-octubre\/#primaryimage"},"thumbnailUrl":"https:\/\/diarioprincipios.com\/wp-content\/uploads\/2020\/09\/MERCADO-VECINO-SIGUE-RECORRIENDO-LOS-BARRIOS-EN-OCTUBRE-2.jpg","datePublished":"2020-09-23T19:54:07+00:00","dateModified":"2020-09-23T19:54:12+00:00","breadcrumb":{"@id":"https:\/\/diarioprincipios.com\/index.php\/2020\/09\/23\/mercado-vecino-recorrera-los-barrios-de-berazategui-en-octubre\/#breadcrumb"},"inLanguage":"es","potentialAction":[{"@type":"ReadAction","target":["https:\/\/diarioprincipios.com\/index.php\/2020\/09\/23\/mercado-vecino-recorrera-los-barrios-de-berazategui-en-octubre\/"]}]},{"@type":"ImageObject","inLanguage":"es","@id":"https:\/\/diarioprincipios.com\/index.php\/2020\/09\/23\/mercado-vecino-recorrera-los-barrios-de-berazategui-en-octubre\/#primaryimage","url":"https:\/\/diarioprincipios.com\/wp-content\/uploads\/2020\/09\/MERCADO-VECINO-SIGUE-RECORRIENDO-LOS-BARRIOS-EN-OCTUBRE-2.jpg","contentUrl":"https:\/\/diarioprincipios.com\/wp-content\/uploads\/2020\/09\/MERCADO-VECINO-SIGUE-RECORRIENDO-LOS-BARRIOS-EN-OCTUBRE-2.jpg","width":1920,"height":1280},{"@type":"BreadcrumbList","@id":"https:\/\/diarioprincipios.com\/index.php\/2020\/09\/23\/mercado-vecino-recorrera-los-barrios-de-berazategui-en-octubre\/#breadcrumb","itemListElement":[{"@type":"ListItem","position":1,"name":"Portada","item":"https:\/\/diarioprincipios.com\/"},{"@type":"ListItem","position":2,"name":"\u00abMercado Vecino\u00bb recorrer\u00e1 los barrios de Berazategui en Octubre"}]},{"@type":"WebSite","@id":"https:\/\/diarioprincipios.com\/#website","url":"https:\/\/diarioprincipios.com\/","name":"Principios","description":"Principios Diario","publisher":{"@id":"https:\/\/diarioprincipios.com\/#organization"},"potentialAction":[{"@type":"SearchAction","target":{"@type":"EntryPoint","urlTemplate":"https:\/\/diarioprincipios.com\/?s={search_term_string}"},"query-input":{"@type":"PropertyValueSpecification","valueRequired":true,"valueName":"search_term_string"}}],"inLanguage":"es"},{"@type":"Organization","@id":"https:\/\/diarioprincipios.com\/#organization","name":"Principios","url":"https:\/\/diarioprincipios.com\/","logo":{"@type":"ImageObject","inLanguage":"es","@id":"https:\/\/diarioprincipios.com\/#\/schema\/logo\/image\/","url":"https:\/\/diarioprincipios.com\/wp-content\/uploads\/2024\/04\/cropped-www.diarioprincipios.com_-1.png","contentUrl":"https:\/\/diarioprincipios.com\/wp-content\/uploads\/2024\/04\/cropped-www.diarioprincipios.com_-1.png","width":5325,"height":1454,"caption":"Principios"},"image":{"@id":"https:\/\/diarioprincipios.com\/#\/schema\/logo\/image\/"}},{"@type":"Person","@id":"https:\/\/diarioprincipios.com\/#\/schema\/person\/436d5a1fd41a5e250e23ff5a6a7cb080","name":"Hern\u00e1n L\u00f3pez","image":{"@type":"ImageObject","inLanguage":"es","@id":"https:\/\/diarioprincipios.com\/wp-content\/litespeed\/avatar\/11ddfe5610ff3bd100522525b2571f48.jpg?ver=1777048341","url":"https:\/\/diarioprincipios.com\/wp-content\/litespeed\/avatar\/11ddfe5610ff3bd100522525b2571f48.jpg?ver=1777048341","contentUrl":"https:\/\/diarioprincipios.com\/wp-content\/litespeed\/avatar\/11ddfe5610ff3bd100522525b2571f48.jpg?ver=1777048341","caption":"Hern\u00e1n L\u00f3pez"},"url":"https:\/\/diarioprincipios.com\/index.php\/author\/hernan\/"}]}},"jetpack_featured_media_url":"https:\/\/diarioprincipios.com\/wp-content\/uploads\/2020\/09\/MERCADO-VECINO-SIGUE-RECORRIENDO-LOS-BARRIOS-EN-OCTUBRE-2.jpg","_links":{"self":[{"href":"https:\/\/diarioprincipios.com\/index.php\/wp-json\/wp\/v2\/posts\/5797","targetHints":{"allow":["GET"]}}],"collection":[{"href":"https:\/\/diarioprincipios.com\/index.php\/wp-json\/wp\/v2\/posts"}],"about":[{"href":"https:\/\/diarioprincipios.com\/index.php\/wp-json\/wp\/v2\/types\/post"}],"author":[{"embeddable":true,"href":"https:\/\/diarioprincipios.com\/index.php\/wp-json\/wp\/v2\/users\/2"}],"replies":[{"embeddable":true,"href":"https:\/\/diarioprincipios.com\/index.php\/wp-json\/wp\/v2\/comments?post=5797"}],"version-history":[{"count":1,"href":"https:\/\/diarioprincipios.com\/index.php\/wp-json\/wp\/v2\/posts\/5797\/revisions"}],"predecessor-version":[{"id":5799,"href":"https:\/\/diarioprincipios.com\/index.php\/wp-json\/wp\/v2\/posts\/5797\/revisions\/5799"}],"wp:featuredmedia":[{"embeddable":true,"href":"https:\/\/diarioprincipios.com\/index.php\/wp-json\/wp\/v2\/media\/5798"}],"wp:attachment":[{"href":"https:\/\/diarioprincipios.com\/index.php\/wp-json\/wp\/v2\/media?parent=5797"}],"wp:term":[{"taxonomy":"category","embeddable":true,"href":"https:\/\/diarioprincipios.com\/index.php\/wp-json\/wp\/v2\/categories?post=5797"},{"taxonomy":"post_tag","embeddable":true,"href":"https:\/\/diarioprincipios.com\/index.php\/wp-json\/wp\/v2\/tags?post=5797"}],"curies":[{"name":"wp","href":"https:\/\/api.w.org\/{rel}","templated":true}]}}