{"id":5792,"date":"2020-09-23T16:05:22","date_gmt":"2020-09-23T19:05:22","guid":{"rendered":"http:\/\/diarioprincipios.com\/?p=5792"},"modified":"2020-09-23T16:10:01","modified_gmt":"2020-09-23T19:10:01","slug":"ferraresi-y-funcionarios-nacionales-cruzaron-el-riachuelo-en-el-recuperado-transbordador-del-puente-nicolas-avellaneda","status":"publish","type":"post","link":"https:\/\/diarioprincipios.com\/index.php\/2020\/09\/23\/ferraresi-y-funcionarios-nacionales-cruzaron-el-riachuelo-en-el-recuperado-transbordador-del-puente-nicolas-avellaneda\/","title":{"rendered":"Ferraresi y funcionarios nacionales cruzaron el Riachuelo en el recuperado Transbordador del Puente Nicol\u00e1s Avellaneda"},"content":{"rendered":"\n<p>Luego de cuatro a\u00f1os de abandono, el gobierno nacional tom\u00f3 la decisi\u00f3n de reabrir este hist\u00f3rico cruce, que une al barrio de La Boca con la Isla Maciel y ser\u00e1 fundamental para potenciar los valores culturales y la identidad barrial.<\/p>\n\n\n\n<p>El intendente de Avellaneda, Jorge Ferraresi, recibi\u00f3 al Administrador General de Vialidad Nacional, Gustavo Arrieta y al titular de ACUMAR, Mart\u00edn Sabbatella, con quienes realizaron un cruce simb\u00f3lico del Riachuelo en el hist\u00f3rico Transbordador del Puente Nicol\u00e1s Avellaneda.<\/p>\n\n\n\n<p>En el encuentro estuvieron presentes tambi\u00e9n la diputada nacional, Magdalena Sierra, el senador provincial Emmanuel Gonz\u00e1lez Santalla, el director general de Gesti\u00f3n Pol\u00edtica y Social de&nbsp;Acumar, Antol\u00edn Magallanes, la directora del Consejo Municipal de ACUMAR, Natalia Gradaschi, adem\u00e1s de representantes de la Fundaci\u00f3n x La Boca y del Museo Comunitario Isla Maciel, quienes tambi\u00e9n han aportado su esfuerzo durante a\u00f1os para concretar esta reapertura.<\/p>\n\n\n\n<figure class=\"wp-block-image size-large\"><img loading=\"lazy\" decoding=\"async\" width=\"1024\" height=\"604\" src=\"https:\/\/diarioprincipios.com\/wp-content\/uploads\/2020\/09\/20200923_160332-1024x604.jpg\" alt=\"\" class=\"wp-image-5793\" srcset=\"https:\/\/diarioprincipios.com\/wp-content\/uploads\/2020\/09\/20200923_160332-1024x604.jpg 1024w, https:\/\/diarioprincipios.com\/wp-content\/uploads\/2020\/09\/20200923_160332-300x177.jpg 300w, https:\/\/diarioprincipios.com\/wp-content\/uploads\/2020\/09\/20200923_160332-768x453.jpg 768w, https:\/\/diarioprincipios.com\/wp-content\/uploads\/2020\/09\/20200923_160332.jpg 1279w\" sizes=\"auto, (max-width: 1024px) 100vw, 1024px\" \/><\/figure>\n\n\n\n<p>Cabe recordar que el proyecto de recuperaci\u00f3n como patrimonio cultural y arquitect\u00f3nico de este Transbordador naci\u00f3 en el 2010, durante el gobierno de Cristina Fern\u00e1ndez de Kirchner, luego de d\u00e9cadas de abandono. A lo largo de los cuatro a\u00f1os del gobierno macrista, el desarrollo del proyecto fue interrumpido y hoy, a partir de la decisi\u00f3n pol\u00edtica del Estado Nacional que conduce Alberto Fern\u00e1ndez, se concret\u00f3 su ansiada reapertura.<\/p>\n\n\n\n<p>En la actualidad, el transbordador funciona todos los d\u00edas de 8 a 16 hs. y se espera que su funcionamiento, junto al trabajo articulado de los tres niveles del Estado para su recuperaci\u00f3n arquitect\u00f3nica y el saneamiento del Riachuelo, se conviertan en pilares fundamentales para la integraci\u00f3n de ambas orillas y para desarrollo integral de un polo cultural en la zona.<\/p>\n\n\n\n<p>Previamente en el Palacio Municipal, Ferraresi y Arrieta tambi\u00e9n suscribieron la agenda de un convenio que extiende los plazos para que ambos estamentos estatales trabajen juntos en el mantenimiento y la conservaci\u00f3n del Acceso Sudeste, entre Dock Sud y Wilde.<\/p>\n","protected":false},"excerpt":{"rendered":"<p>Luego de cuatro a\u00f1os de abandono, el gobierno nacional tom\u00f3 la decisi\u00f3n de reabrir este hist\u00f3rico cruce, que une al barrio de La Boca con la Isla Maciel y ser\u00e1 fundamental para potenciar los valores culturales y la identidad barrial. El intendente de Avellaneda, Jorge Ferraresi, recibi\u00f3 al Administrador General de Vialidad Nacional, Gustavo Arrieta&#8230;<\/p>\n","protected":false},"author":2,"featured_media":5794,"comment_status":"open","ping_status":"open","sticky":false,"template":"","format":"standard","meta":{"footnotes":""},"categories":[5],"tags":[],"class_list":["post-5792","post","type-post","status-publish","format-standard","has-post-thumbnail","hentry","category-avellaneda"],"featured_image_src":"https:\/\/diarioprincipios.com\/wp-content\/uploads\/2020\/09\/dc77b68d-3ad1-4e8c-922e-50313f4690a7-1024x683.jpg","blog_images":{"medium":"https:\/\/diarioprincipios.com\/wp-content\/uploads\/2020\/09\/dc77b68d-3ad1-4e8c-922e-50313f4690a7-300x200.jpg","large":"https:\/\/diarioprincipios.com\/wp-content\/uploads\/2020\/09\/dc77b68d-3ad1-4e8c-922e-50313f4690a7-1024x683.jpg"},"ams_acf":[],"yoast_head":"<!-- This site is optimized with the Yoast SEO plugin v27.3 - https:\/\/yoast.com\/product\/yoast-seo-wordpress\/ -->\n<title>Ferraresi y funcionarios nacionales cruzaron el Riachuelo en el recuperado Transbordador del Puente Nicol\u00e1s Avellaneda - Principios<\/title>\n<meta name=\"robots\" content=\"index, follow, max-snippet:-1, max-image-preview:large, max-video-preview:-1\" \/>\n<link rel=\"canonical\" href=\"https:\/\/diarioprincipios.com\/index.php\/2020\/09\/23\/ferraresi-y-funcionarios-nacionales-cruzaron-el-riachuelo-en-el-recuperado-transbordador-del-puente-nicolas-avellaneda\/\" \/>\n<meta property=\"og:locale\" content=\"es_ES\" \/>\n<meta property=\"og:type\" content=\"article\" \/>\n<meta property=\"og:title\" content=\"Ferraresi y funcionarios nacionales cruzaron el Riachuelo en el recuperado Transbordador del Puente Nicol\u00e1s Avellaneda - Principios\" \/>\n<meta property=\"og:description\" content=\"Luego de cuatro a\u00f1os de abandono, el gobierno nacional tom\u00f3 la decisi\u00f3n de reabrir este hist\u00f3rico cruce, que une al barrio de La Boca con la Isla Maciel y ser\u00e1 fundamental para potenciar los valores culturales y la identidad barrial. El intendente de Avellaneda, Jorge Ferraresi, recibi\u00f3 al Administrador General de Vialidad Nacional, Gustavo Arrieta...\" \/>\n<meta property=\"og:url\" content=\"https:\/\/diarioprincipios.com\/index.php\/2020\/09\/23\/ferraresi-y-funcionarios-nacionales-cruzaron-el-riachuelo-en-el-recuperado-transbordador-del-puente-nicolas-avellaneda\/\" \/>\n<meta property=\"og:site_name\" content=\"Principios\" \/>\n<meta property=\"article:published_time\" content=\"2020-09-23T19:05:22+00:00\" \/>\n<meta property=\"article:modified_time\" content=\"2020-09-23T19:10:01+00:00\" \/>\n<meta property=\"og:image\" content=\"https:\/\/diarioprincipios.com\/wp-content\/uploads\/2020\/09\/dc77b68d-3ad1-4e8c-922e-50313f4690a7.jpg\" \/>\n\t<meta property=\"og:image:width\" content=\"1116\" \/>\n\t<meta property=\"og:image:height\" content=\"744\" \/>\n\t<meta property=\"og:image:type\" content=\"image\/jpeg\" \/>\n<meta name=\"author\" content=\"Hern\u00e1n L\u00f3pez\" \/>\n<meta name=\"twitter:card\" content=\"summary_large_image\" \/>\n<meta name=\"twitter:label1\" content=\"Escrito por\" \/>\n\t<meta name=\"twitter:data1\" content=\"Hern\u00e1n L\u00f3pez\" \/>\n\t<meta name=\"twitter:label2\" content=\"Tiempo de lectura\" \/>\n\t<meta name=\"twitter:data2\" content=\"2 minutos\" \/>\n<script type=\"application\/ld+json\" class=\"yoast-schema-graph\">{\"@context\":\"https:\\\/\\\/schema.org\",\"@graph\":[{\"@type\":\"Article\",\"@id\":\"https:\\\/\\\/diarioprincipios.com\\\/index.php\\\/2020\\\/09\\\/23\\\/ferraresi-y-funcionarios-nacionales-cruzaron-el-riachuelo-en-el-recuperado-transbordador-del-puente-nicolas-avellaneda\\\/#article\",\"isPartOf\":{\"@id\":\"https:\\\/\\\/diarioprincipios.com\\\/index.php\\\/2020\\\/09\\\/23\\\/ferraresi-y-funcionarios-nacionales-cruzaron-el-riachuelo-en-el-recuperado-transbordador-del-puente-nicolas-avellaneda\\\/\"},\"author\":{\"name\":\"Hern\u00e1n L\u00f3pez\",\"@id\":\"https:\\\/\\\/diarioprincipios.com\\\/#\\\/schema\\\/person\\\/436d5a1fd41a5e250e23ff5a6a7cb080\"},\"headline\":\"Ferraresi y funcionarios nacionales cruzaron el Riachuelo en el recuperado Transbordador del Puente Nicol\u00e1s Avellaneda\",\"datePublished\":\"2020-09-23T19:05:22+00:00\",\"dateModified\":\"2020-09-23T19:10:01+00:00\",\"mainEntityOfPage\":{\"@id\":\"https:\\\/\\\/diarioprincipios.com\\\/index.php\\\/2020\\\/09\\\/23\\\/ferraresi-y-funcionarios-nacionales-cruzaron-el-riachuelo-en-el-recuperado-transbordador-del-puente-nicolas-avellaneda\\\/\"},\"wordCount\":356,\"commentCount\":0,\"publisher\":{\"@id\":\"https:\\\/\\\/diarioprincipios.com\\\/#organization\"},\"image\":{\"@id\":\"https:\\\/\\\/diarioprincipios.com\\\/index.php\\\/2020\\\/09\\\/23\\\/ferraresi-y-funcionarios-nacionales-cruzaron-el-riachuelo-en-el-recuperado-transbordador-del-puente-nicolas-avellaneda\\\/#primaryimage\"},\"thumbnailUrl\":\"https:\\\/\\\/diarioprincipios.com\\\/wp-content\\\/uploads\\\/2020\\\/09\\\/dc77b68d-3ad1-4e8c-922e-50313f4690a7.jpg\",\"articleSection\":[\"Avellaneda\"],\"inLanguage\":\"es\",\"potentialAction\":[{\"@type\":\"CommentAction\",\"name\":\"Comment\",\"target\":[\"https:\\\/\\\/diarioprincipios.com\\\/index.php\\\/2020\\\/09\\\/23\\\/ferraresi-y-funcionarios-nacionales-cruzaron-el-riachuelo-en-el-recuperado-transbordador-del-puente-nicolas-avellaneda\\\/#respond\"]}]},{\"@type\":\"WebPage\",\"@id\":\"https:\\\/\\\/diarioprincipios.com\\\/index.php\\\/2020\\\/09\\\/23\\\/ferraresi-y-funcionarios-nacionales-cruzaron-el-riachuelo-en-el-recuperado-transbordador-del-puente-nicolas-avellaneda\\\/\",\"url\":\"https:\\\/\\\/diarioprincipios.com\\\/index.php\\\/2020\\\/09\\\/23\\\/ferraresi-y-funcionarios-nacionales-cruzaron-el-riachuelo-en-el-recuperado-transbordador-del-puente-nicolas-avellaneda\\\/\",\"name\":\"Ferraresi y funcionarios nacionales cruzaron el Riachuelo en el recuperado Transbordador del Puente Nicol\u00e1s Avellaneda - Principios\",\"isPartOf\":{\"@id\":\"https:\\\/\\\/diarioprincipios.com\\\/#website\"},\"primaryImageOfPage\":{\"@id\":\"https:\\\/\\\/diarioprincipios.com\\\/index.php\\\/2020\\\/09\\\/23\\\/ferraresi-y-funcionarios-nacionales-cruzaron-el-riachuelo-en-el-recuperado-transbordador-del-puente-nicolas-avellaneda\\\/#primaryimage\"},\"image\":{\"@id\":\"https:\\\/\\\/diarioprincipios.com\\\/index.php\\\/2020\\\/09\\\/23\\\/ferraresi-y-funcionarios-nacionales-cruzaron-el-riachuelo-en-el-recuperado-transbordador-del-puente-nicolas-avellaneda\\\/#primaryimage\"},\"thumbnailUrl\":\"https:\\\/\\\/diarioprincipios.com\\\/wp-content\\\/uploads\\\/2020\\\/09\\\/dc77b68d-3ad1-4e8c-922e-50313f4690a7.jpg\",\"datePublished\":\"2020-09-23T19:05:22+00:00\",\"dateModified\":\"2020-09-23T19:10:01+00:00\",\"breadcrumb\":{\"@id\":\"https:\\\/\\\/diarioprincipios.com\\\/index.php\\\/2020\\\/09\\\/23\\\/ferraresi-y-funcionarios-nacionales-cruzaron-el-riachuelo-en-el-recuperado-transbordador-del-puente-nicolas-avellaneda\\\/#breadcrumb\"},\"inLanguage\":\"es\",\"potentialAction\":[{\"@type\":\"ReadAction\",\"target\":[\"https:\\\/\\\/diarioprincipios.com\\\/index.php\\\/2020\\\/09\\\/23\\\/ferraresi-y-funcionarios-nacionales-cruzaron-el-riachuelo-en-el-recuperado-transbordador-del-puente-nicolas-avellaneda\\\/\"]}]},{\"@type\":\"ImageObject\",\"inLanguage\":\"es\",\"@id\":\"https:\\\/\\\/diarioprincipios.com\\\/index.php\\\/2020\\\/09\\\/23\\\/ferraresi-y-funcionarios-nacionales-cruzaron-el-riachuelo-en-el-recuperado-transbordador-del-puente-nicolas-avellaneda\\\/#primaryimage\",\"url\":\"https:\\\/\\\/diarioprincipios.com\\\/wp-content\\\/uploads\\\/2020\\\/09\\\/dc77b68d-3ad1-4e8c-922e-50313f4690a7.jpg\",\"contentUrl\":\"https:\\\/\\\/diarioprincipios.com\\\/wp-content\\\/uploads\\\/2020\\\/09\\\/dc77b68d-3ad1-4e8c-922e-50313f4690a7.jpg\",\"width\":1116,\"height\":744},{\"@type\":\"BreadcrumbList\",\"@id\":\"https:\\\/\\\/diarioprincipios.com\\\/index.php\\\/2020\\\/09\\\/23\\\/ferraresi-y-funcionarios-nacionales-cruzaron-el-riachuelo-en-el-recuperado-transbordador-del-puente-nicolas-avellaneda\\\/#breadcrumb\",\"itemListElement\":[{\"@type\":\"ListItem\",\"position\":1,\"name\":\"Portada\",\"item\":\"https:\\\/\\\/diarioprincipios.com\\\/\"},{\"@type\":\"ListItem\",\"position\":2,\"name\":\"Ferraresi y funcionarios nacionales cruzaron el Riachuelo en el recuperado Transbordador del Puente Nicol\u00e1s Avellaneda\"}]},{\"@type\":\"WebSite\",\"@id\":\"https:\\\/\\\/diarioprincipios.com\\\/#website\",\"url\":\"https:\\\/\\\/diarioprincipios.com\\\/\",\"name\":\"Principios\",\"description\":\"Principios Diario\",\"publisher\":{\"@id\":\"https:\\\/\\\/diarioprincipios.com\\\/#organization\"},\"potentialAction\":[{\"@type\":\"SearchAction\",\"target\":{\"@type\":\"EntryPoint\",\"urlTemplate\":\"https:\\\/\\\/diarioprincipios.com\\\/?s={search_term_string}\"},\"query-input\":{\"@type\":\"PropertyValueSpecification\",\"valueRequired\":true,\"valueName\":\"search_term_string\"}}],\"inLanguage\":\"es\"},{\"@type\":\"Organization\",\"@id\":\"https:\\\/\\\/diarioprincipios.com\\\/#organization\",\"name\":\"Principios\",\"url\":\"https:\\\/\\\/diarioprincipios.com\\\/\",\"logo\":{\"@type\":\"ImageObject\",\"inLanguage\":\"es\",\"@id\":\"https:\\\/\\\/diarioprincipios.com\\\/#\\\/schema\\\/logo\\\/image\\\/\",\"url\":\"https:\\\/\\\/diarioprincipios.com\\\/wp-content\\\/uploads\\\/2024\\\/04\\\/cropped-www.diarioprincipios.com_-1.png\",\"contentUrl\":\"https:\\\/\\\/diarioprincipios.com\\\/wp-content\\\/uploads\\\/2024\\\/04\\\/cropped-www.diarioprincipios.com_-1.png\",\"width\":5325,\"height\":1454,\"caption\":\"Principios\"},\"image\":{\"@id\":\"https:\\\/\\\/diarioprincipios.com\\\/#\\\/schema\\\/logo\\\/image\\\/\"}},{\"@type\":\"Person\",\"@id\":\"https:\\\/\\\/diarioprincipios.com\\\/#\\\/schema\\\/person\\\/436d5a1fd41a5e250e23ff5a6a7cb080\",\"name\":\"Hern\u00e1n L\u00f3pez\",\"image\":{\"@type\":\"ImageObject\",\"inLanguage\":\"es\",\"@id\":\"https:\\\/\\\/diarioprincipios.com\\\/wp-content\\\/litespeed\\\/avatar\\\/11ddfe5610ff3bd100522525b2571f48.jpg?ver=1777048341\",\"url\":\"https:\\\/\\\/diarioprincipios.com\\\/wp-content\\\/litespeed\\\/avatar\\\/11ddfe5610ff3bd100522525b2571f48.jpg?ver=1777048341\",\"contentUrl\":\"https:\\\/\\\/diarioprincipios.com\\\/wp-content\\\/litespeed\\\/avatar\\\/11ddfe5610ff3bd100522525b2571f48.jpg?ver=1777048341\",\"caption\":\"Hern\u00e1n L\u00f3pez\"},\"url\":\"https:\\\/\\\/diarioprincipios.com\\\/index.php\\\/author\\\/hernan\\\/\"}]}<\/script>\n<!-- \/ Yoast SEO plugin. -->","yoast_head_json":{"title":"Ferraresi y funcionarios nacionales cruzaron el Riachuelo en el recuperado Transbordador del Puente Nicol\u00e1s Avellaneda - Principios","robots":{"index":"index","follow":"follow","max-snippet":"max-snippet:-1","max-image-preview":"max-image-preview:large","max-video-preview":"max-video-preview:-1"},"canonical":"https:\/\/diarioprincipios.com\/index.php\/2020\/09\/23\/ferraresi-y-funcionarios-nacionales-cruzaron-el-riachuelo-en-el-recuperado-transbordador-del-puente-nicolas-avellaneda\/","og_locale":"es_ES","og_type":"article","og_title":"Ferraresi y funcionarios nacionales cruzaron el Riachuelo en el recuperado Transbordador del Puente Nicol\u00e1s Avellaneda - Principios","og_description":"Luego de cuatro a\u00f1os de abandono, el gobierno nacional tom\u00f3 la decisi\u00f3n de reabrir este hist\u00f3rico cruce, que une al barrio de La Boca con la Isla Maciel y ser\u00e1 fundamental para potenciar los valores culturales y la identidad barrial. El intendente de Avellaneda, Jorge Ferraresi, recibi\u00f3 al Administrador General de Vialidad Nacional, Gustavo Arrieta...","og_url":"https:\/\/diarioprincipios.com\/index.php\/2020\/09\/23\/ferraresi-y-funcionarios-nacionales-cruzaron-el-riachuelo-en-el-recuperado-transbordador-del-puente-nicolas-avellaneda\/","og_site_name":"Principios","article_published_time":"2020-09-23T19:05:22+00:00","article_modified_time":"2020-09-23T19:10:01+00:00","og_image":[{"width":1116,"height":744,"url":"https:\/\/diarioprincipios.com\/wp-content\/uploads\/2020\/09\/dc77b68d-3ad1-4e8c-922e-50313f4690a7.jpg","type":"image\/jpeg"}],"author":"Hern\u00e1n L\u00f3pez","twitter_card":"summary_large_image","twitter_misc":{"Escrito por":"Hern\u00e1n L\u00f3pez","Tiempo de lectura":"2 minutos"},"schema":{"@context":"https:\/\/schema.org","@graph":[{"@type":"Article","@id":"https:\/\/diarioprincipios.com\/index.php\/2020\/09\/23\/ferraresi-y-funcionarios-nacionales-cruzaron-el-riachuelo-en-el-recuperado-transbordador-del-puente-nicolas-avellaneda\/#article","isPartOf":{"@id":"https:\/\/diarioprincipios.com\/index.php\/2020\/09\/23\/ferraresi-y-funcionarios-nacionales-cruzaron-el-riachuelo-en-el-recuperado-transbordador-del-puente-nicolas-avellaneda\/"},"author":{"name":"Hern\u00e1n L\u00f3pez","@id":"https:\/\/diarioprincipios.com\/#\/schema\/person\/436d5a1fd41a5e250e23ff5a6a7cb080"},"headline":"Ferraresi y funcionarios nacionales cruzaron el Riachuelo en el recuperado Transbordador del Puente Nicol\u00e1s Avellaneda","datePublished":"2020-09-23T19:05:22+00:00","dateModified":"2020-09-23T19:10:01+00:00","mainEntityOfPage":{"@id":"https:\/\/diarioprincipios.com\/index.php\/2020\/09\/23\/ferraresi-y-funcionarios-nacionales-cruzaron-el-riachuelo-en-el-recuperado-transbordador-del-puente-nicolas-avellaneda\/"},"wordCount":356,"commentCount":0,"publisher":{"@id":"https:\/\/diarioprincipios.com\/#organization"},"image":{"@id":"https:\/\/diarioprincipios.com\/index.php\/2020\/09\/23\/ferraresi-y-funcionarios-nacionales-cruzaron-el-riachuelo-en-el-recuperado-transbordador-del-puente-nicolas-avellaneda\/#primaryimage"},"thumbnailUrl":"https:\/\/diarioprincipios.com\/wp-content\/uploads\/2020\/09\/dc77b68d-3ad1-4e8c-922e-50313f4690a7.jpg","articleSection":["Avellaneda"],"inLanguage":"es","potentialAction":[{"@type":"CommentAction","name":"Comment","target":["https:\/\/diarioprincipios.com\/index.php\/2020\/09\/23\/ferraresi-y-funcionarios-nacionales-cruzaron-el-riachuelo-en-el-recuperado-transbordador-del-puente-nicolas-avellaneda\/#respond"]}]},{"@type":"WebPage","@id":"https:\/\/diarioprincipios.com\/index.php\/2020\/09\/23\/ferraresi-y-funcionarios-nacionales-cruzaron-el-riachuelo-en-el-recuperado-transbordador-del-puente-nicolas-avellaneda\/","url":"https:\/\/diarioprincipios.com\/index.php\/2020\/09\/23\/ferraresi-y-funcionarios-nacionales-cruzaron-el-riachuelo-en-el-recuperado-transbordador-del-puente-nicolas-avellaneda\/","name":"Ferraresi y funcionarios nacionales cruzaron el Riachuelo en el recuperado Transbordador del Puente Nicol\u00e1s Avellaneda - Principios","isPartOf":{"@id":"https:\/\/diarioprincipios.com\/#website"},"primaryImageOfPage":{"@id":"https:\/\/diarioprincipios.com\/index.php\/2020\/09\/23\/ferraresi-y-funcionarios-nacionales-cruzaron-el-riachuelo-en-el-recuperado-transbordador-del-puente-nicolas-avellaneda\/#primaryimage"},"image":{"@id":"https:\/\/diarioprincipios.com\/index.php\/2020\/09\/23\/ferraresi-y-funcionarios-nacionales-cruzaron-el-riachuelo-en-el-recuperado-transbordador-del-puente-nicolas-avellaneda\/#primaryimage"},"thumbnailUrl":"https:\/\/diarioprincipios.com\/wp-content\/uploads\/2020\/09\/dc77b68d-3ad1-4e8c-922e-50313f4690a7.jpg","datePublished":"2020-09-23T19:05:22+00:00","dateModified":"2020-09-23T19:10:01+00:00","breadcrumb":{"@id":"https:\/\/diarioprincipios.com\/index.php\/2020\/09\/23\/ferraresi-y-funcionarios-nacionales-cruzaron-el-riachuelo-en-el-recuperado-transbordador-del-puente-nicolas-avellaneda\/#breadcrumb"},"inLanguage":"es","potentialAction":[{"@type":"ReadAction","target":["https:\/\/diarioprincipios.com\/index.php\/2020\/09\/23\/ferraresi-y-funcionarios-nacionales-cruzaron-el-riachuelo-en-el-recuperado-transbordador-del-puente-nicolas-avellaneda\/"]}]},{"@type":"ImageObject","inLanguage":"es","@id":"https:\/\/diarioprincipios.com\/index.php\/2020\/09\/23\/ferraresi-y-funcionarios-nacionales-cruzaron-el-riachuelo-en-el-recuperado-transbordador-del-puente-nicolas-avellaneda\/#primaryimage","url":"https:\/\/diarioprincipios.com\/wp-content\/uploads\/2020\/09\/dc77b68d-3ad1-4e8c-922e-50313f4690a7.jpg","contentUrl":"https:\/\/diarioprincipios.com\/wp-content\/uploads\/2020\/09\/dc77b68d-3ad1-4e8c-922e-50313f4690a7.jpg","width":1116,"height":744},{"@type":"BreadcrumbList","@id":"https:\/\/diarioprincipios.com\/index.php\/2020\/09\/23\/ferraresi-y-funcionarios-nacionales-cruzaron-el-riachuelo-en-el-recuperado-transbordador-del-puente-nicolas-avellaneda\/#breadcrumb","itemListElement":[{"@type":"ListItem","position":1,"name":"Portada","item":"https:\/\/diarioprincipios.com\/"},{"@type":"ListItem","position":2,"name":"Ferraresi y funcionarios nacionales cruzaron el Riachuelo en el recuperado Transbordador del Puente Nicol\u00e1s Avellaneda"}]},{"@type":"WebSite","@id":"https:\/\/diarioprincipios.com\/#website","url":"https:\/\/diarioprincipios.com\/","name":"Principios","description":"Principios Diario","publisher":{"@id":"https:\/\/diarioprincipios.com\/#organization"},"potentialAction":[{"@type":"SearchAction","target":{"@type":"EntryPoint","urlTemplate":"https:\/\/diarioprincipios.com\/?s={search_term_string}"},"query-input":{"@type":"PropertyValueSpecification","valueRequired":true,"valueName":"search_term_string"}}],"inLanguage":"es"},{"@type":"Organization","@id":"https:\/\/diarioprincipios.com\/#organization","name":"Principios","url":"https:\/\/diarioprincipios.com\/","logo":{"@type":"ImageObject","inLanguage":"es","@id":"https:\/\/diarioprincipios.com\/#\/schema\/logo\/image\/","url":"https:\/\/diarioprincipios.com\/wp-content\/uploads\/2024\/04\/cropped-www.diarioprincipios.com_-1.png","contentUrl":"https:\/\/diarioprincipios.com\/wp-content\/uploads\/2024\/04\/cropped-www.diarioprincipios.com_-1.png","width":5325,"height":1454,"caption":"Principios"},"image":{"@id":"https:\/\/diarioprincipios.com\/#\/schema\/logo\/image\/"}},{"@type":"Person","@id":"https:\/\/diarioprincipios.com\/#\/schema\/person\/436d5a1fd41a5e250e23ff5a6a7cb080","name":"Hern\u00e1n L\u00f3pez","image":{"@type":"ImageObject","inLanguage":"es","@id":"https:\/\/diarioprincipios.com\/wp-content\/litespeed\/avatar\/11ddfe5610ff3bd100522525b2571f48.jpg?ver=1777048341","url":"https:\/\/diarioprincipios.com\/wp-content\/litespeed\/avatar\/11ddfe5610ff3bd100522525b2571f48.jpg?ver=1777048341","contentUrl":"https:\/\/diarioprincipios.com\/wp-content\/litespeed\/avatar\/11ddfe5610ff3bd100522525b2571f48.jpg?ver=1777048341","caption":"Hern\u00e1n L\u00f3pez"},"url":"https:\/\/diarioprincipios.com\/index.php\/author\/hernan\/"}]}},"jetpack_featured_media_url":"https:\/\/diarioprincipios.com\/wp-content\/uploads\/2020\/09\/dc77b68d-3ad1-4e8c-922e-50313f4690a7.jpg","_links":{"self":[{"href":"https:\/\/diarioprincipios.com\/index.php\/wp-json\/wp\/v2\/posts\/5792","targetHints":{"allow":["GET"]}}],"collection":[{"href":"https:\/\/diarioprincipios.com\/index.php\/wp-json\/wp\/v2\/posts"}],"about":[{"href":"https:\/\/diarioprincipios.com\/index.php\/wp-json\/wp\/v2\/types\/post"}],"author":[{"embeddable":true,"href":"https:\/\/diarioprincipios.com\/index.php\/wp-json\/wp\/v2\/users\/2"}],"replies":[{"embeddable":true,"href":"https:\/\/diarioprincipios.com\/index.php\/wp-json\/wp\/v2\/comments?post=5792"}],"version-history":[{"count":2,"href":"https:\/\/diarioprincipios.com\/index.php\/wp-json\/wp\/v2\/posts\/5792\/revisions"}],"predecessor-version":[{"id":5796,"href":"https:\/\/diarioprincipios.com\/index.php\/wp-json\/wp\/v2\/posts\/5792\/revisions\/5796"}],"wp:featuredmedia":[{"embeddable":true,"href":"https:\/\/diarioprincipios.com\/index.php\/wp-json\/wp\/v2\/media\/5794"}],"wp:attachment":[{"href":"https:\/\/diarioprincipios.com\/index.php\/wp-json\/wp\/v2\/media?parent=5792"}],"wp:term":[{"taxonomy":"category","embeddable":true,"href":"https:\/\/diarioprincipios.com\/index.php\/wp-json\/wp\/v2\/categories?post=5792"},{"taxonomy":"post_tag","embeddable":true,"href":"https:\/\/diarioprincipios.com\/index.php\/wp-json\/wp\/v2\/tags?post=5792"}],"curies":[{"name":"wp","href":"https:\/\/api.w.org\/{rel}","templated":true}]}}