{"id":5785,"date":"2020-09-23T13:52:40","date_gmt":"2020-09-23T16:52:40","guid":{"rendered":"http:\/\/diarioprincipios.com\/?p=5785"},"modified":"2020-09-23T13:52:45","modified_gmt":"2020-09-23T16:52:45","slug":"familiares-del-ara-san-juan-califican-de-perversa-la-posibilidad-de-que-los-hayan-espiado-en-2018","status":"publish","type":"post","link":"https:\/\/diarioprincipios.com\/index.php\/2020\/09\/23\/familiares-del-ara-san-juan-califican-de-perversa-la-posibilidad-de-que-los-hayan-espiado-en-2018\/","title":{"rendered":"Familiares del ARA San Juan califican de \u00abperversa\u00bb la posibilidad de que los hayan espiado en 2018"},"content":{"rendered":"\n<p>El abogado Luis Tagliapietra, padre de una de las v\u00edctimas del submarino ARA San Juan, calific\u00f3 hoy como \u201cperversa\u201d la posibilidad de que los hayan espiado, luego de que la Agencia Federal de Inteligencia (AFI) presentara hoy una denuncia por espionaje ilegal del cual habr\u00edan sido v\u00edctima los familiares de los marinos fallecidos.<\/p>\n\n\n\n<p>\u00abEsto es perverso, y confirma lo que yo ya hab\u00eda denunciado en 2018\u201d, dijo Tagliapietra, padre del teniente de corbeta Alejandro Tagliapietra, uno de los 44 tripulantes del ARA San Juan fallecidos, en declaraciones a Radio 10.<\/p>\n\n\n\n<p>En ese marco, record\u00f3 que en marzo de 2018 \u00ablo denunci\u00e9, tuve una seguidilla de intervenciones en mi mail y en el tel\u00e9fono\u201d, y afirm\u00f3 que la denuncia fue presentada en \u00abla fiscal\u00eda federal de Caleta Olivia, pero lamentablemente no hicieron nada\u00bb.<\/p>\n\n\n\n<p>La interventora de la Agencia Federal de Inteligencia (AFI), Cristina Caama\u00f1o, present\u00f3 hoy ante la Justicia Federal de Mar del Plata una denuncia por espionaje ilegal, realizado sobre familiares de los tripulantes del ARA San Juan, mientras el submarino a\u00fan permanec\u00eda desaparecido.<\/p>\n\n\n\n<p>En la presentaci\u00f3n judicial, realizada esta ma\u00f1ana ante la Fiscal\u00eda Federal N\u00ba 2 de Mar del Plata, cuyo titular es el fiscal Daniel Adler, se solicita la citaci\u00f3n a indagatoria del exdirector general del organismo, Gustavo Arribas; de la exsubdirectora de la AFI, Silvia Majdalani; y del ex presidente Mauricio Macri, entre otros.<\/p>\n\n\n\n<p>\u201cFue muy grotesco -afirm\u00f3 Tagliapietra- y yo me di cuenta inmediatamente. Otros familiares tambi\u00e9n me dec\u00edan que, por ejemplo, les aparec\u00edan mensajes de WhatsApp como le\u00eddos cuando no los hab\u00edan abierto\u201d.<\/p>\n\n\n\n<p>\u201cLo que m\u00e1s me horroriza es que dicen que adem\u00e1s nos segu\u00edan, nos fotografiaban, y esto nosotros lo percibimos cuando acampamos en Campo de Mayo\u201d, explic\u00f3.<\/p>\n\n\n\n<p>Al ser consultado respecto de a qui\u00e9n le cabe la responsabilidad en estas presuntas maniobras de espionaje opin\u00f3 que \u201chay que empezar por el expresidente (Mauricio) Macri, y el ex ministro (de Defensa, Oscar) Aguad\u201d.<\/p>\n\n\n\n<p>En otro orden, al ser consultado respecto del estado de la causa por el hundimiento del submarino, asegur\u00f3 que \u201cla causa ya ven\u00eda lenta y hubo un procesamiento escandaloso de la jueza (Marta) Ya\u00f1ez, que proces\u00f3 a seis marinos por estrago culposo, el delito m\u00e1s leve, y encima sin prisi\u00f3n preventiva\u201d.<\/p>\n\n\n\n<p>Tagliapietra indic\u00f3 que esta resoluci\u00f3n judicial ya fue apelada, entre otros motivos, porque \u201cse encarg\u00f3 de exculpar al expresidente Macri, a Aguad y al ex jefe de la Armada\u201d.<\/p>\n\n\n\n<p>En este sentido, indic\u00f3 que el pr\u00f3ximo 29 de octubre habr\u00e1 una audiencia ante la C\u00e1mara Federal de Comodoro Rivadavia para \u201cver c\u00f3mo podemos avanzar\u201d.<\/p>\n\n\n\n<p>El submarino ARA San Juan desapareci\u00f3 en el mar Argentino con 44 personas a bordo el 15 de noviembre de 2017.<\/p>\n\n\n\n<p>La Armada Argentina perdi\u00f3 contacto con la embarcaci\u00f3n -que se dirig\u00eda desde Ushuaia a Mar del Plata- a la altura del Golfo de San Jorge.<\/p>\n\n\n\n<p>Un d\u00eda despu\u00e9s de cumplirse un a\u00f1o de su desaparici\u00f3n, el submarino fue encontrado por la empresa Ocean Infinity a 907 metros de profundidad, 460 kil\u00f3metros mar adentro, a la altura de la ciudad de Comodoro Rivadavia.<\/p>\n","protected":false},"excerpt":{"rendered":"<p>El abogado Luis Tagliapietra, padre de una de las v\u00edctimas del submarino ARA San Juan, calific\u00f3 hoy como \u201cperversa\u201d la posibilidad de que los hayan espiado, luego de que la Agencia Federal de Inteligencia (AFI) presentara hoy una denuncia por espionaje ilegal del cual habr\u00edan sido v\u00edctima los familiares de los marinos fallecidos. \u00abEsto es&#8230;<\/p>\n","protected":false},"author":2,"featured_media":5786,"comment_status":"open","ping_status":"open","sticky":false,"template":"","format":"standard","meta":{"footnotes":""},"categories":[10],"tags":[],"class_list":["post-5785","post","type-post","status-publish","format-standard","has-post-thumbnail","hentry","category-nacion"],"featured_image_src":"https:\/\/diarioprincipios.com\/wp-content\/uploads\/2020\/09\/1519664312_581254_1519665154_noticia_grande.jpg","blog_images":{"medium":"https:\/\/diarioprincipios.com\/wp-content\/uploads\/2020\/09\/1519664312_581254_1519665154_noticia_grande-300x200.jpg","large":"https:\/\/diarioprincipios.com\/wp-content\/uploads\/2020\/09\/1519664312_581254_1519665154_noticia_grande.jpg"},"ams_acf":[],"yoast_head":"<!-- This site is optimized with the Yoast SEO plugin v27.3 - https:\/\/yoast.com\/product\/yoast-seo-wordpress\/ -->\n<title>Familiares del ARA San Juan califican de &quot;perversa&quot; la posibilidad de que los hayan espiado en 2018 - Principios<\/title>\n<meta name=\"robots\" content=\"index, follow, max-snippet:-1, max-image-preview:large, max-video-preview:-1\" \/>\n<link rel=\"canonical\" href=\"https:\/\/diarioprincipios.com\/index.php\/2020\/09\/23\/familiares-del-ara-san-juan-califican-de-perversa-la-posibilidad-de-que-los-hayan-espiado-en-2018\/\" \/>\n<meta property=\"og:locale\" content=\"es_ES\" \/>\n<meta property=\"og:type\" content=\"article\" \/>\n<meta property=\"og:title\" content=\"Familiares del ARA San Juan califican de &quot;perversa&quot; la posibilidad de que los hayan espiado en 2018 - Principios\" \/>\n<meta property=\"og:description\" content=\"El abogado Luis Tagliapietra, padre de una de las v\u00edctimas del submarino ARA San Juan, calific\u00f3 hoy como \u201cperversa\u201d la posibilidad de que los hayan espiado, luego de que la Agencia Federal de Inteligencia (AFI) presentara hoy una denuncia por espionaje ilegal del cual habr\u00edan sido v\u00edctima los familiares de los marinos fallecidos. \u00abEsto es...\" \/>\n<meta property=\"og:url\" content=\"https:\/\/diarioprincipios.com\/index.php\/2020\/09\/23\/familiares-del-ara-san-juan-califican-de-perversa-la-posibilidad-de-que-los-hayan-espiado-en-2018\/\" \/>\n<meta property=\"og:site_name\" content=\"Principios\" \/>\n<meta property=\"article:published_time\" content=\"2020-09-23T16:52:40+00:00\" \/>\n<meta property=\"article:modified_time\" content=\"2020-09-23T16:52:45+00:00\" \/>\n<meta property=\"og:image\" content=\"https:\/\/diarioprincipios.com\/wp-content\/uploads\/2020\/09\/1519664312_581254_1519665154_noticia_grande.jpg\" \/>\n\t<meta property=\"og:image:width\" content=\"980\" \/>\n\t<meta property=\"og:image:height\" content=\"654\" \/>\n\t<meta property=\"og:image:type\" content=\"image\/jpeg\" \/>\n<meta name=\"author\" content=\"Hern\u00e1n L\u00f3pez\" \/>\n<meta name=\"twitter:card\" content=\"summary_large_image\" \/>\n<meta name=\"twitter:label1\" content=\"Escrito por\" \/>\n\t<meta name=\"twitter:data1\" content=\"Hern\u00e1n L\u00f3pez\" \/>\n\t<meta name=\"twitter:label2\" content=\"Tiempo de lectura\" \/>\n\t<meta name=\"twitter:data2\" content=\"3 minutos\" \/>\n<script type=\"application\/ld+json\" class=\"yoast-schema-graph\">{\"@context\":\"https:\\\/\\\/schema.org\",\"@graph\":[{\"@type\":\"Article\",\"@id\":\"https:\\\/\\\/diarioprincipios.com\\\/index.php\\\/2020\\\/09\\\/23\\\/familiares-del-ara-san-juan-califican-de-perversa-la-posibilidad-de-que-los-hayan-espiado-en-2018\\\/#article\",\"isPartOf\":{\"@id\":\"https:\\\/\\\/diarioprincipios.com\\\/index.php\\\/2020\\\/09\\\/23\\\/familiares-del-ara-san-juan-califican-de-perversa-la-posibilidad-de-que-los-hayan-espiado-en-2018\\\/\"},\"author\":{\"name\":\"Hern\u00e1n L\u00f3pez\",\"@id\":\"https:\\\/\\\/diarioprincipios.com\\\/#\\\/schema\\\/person\\\/436d5a1fd41a5e250e23ff5a6a7cb080\"},\"headline\":\"Familiares del ARA San Juan califican de \u00abperversa\u00bb la posibilidad de que los hayan espiado en 2018\",\"datePublished\":\"2020-09-23T16:52:40+00:00\",\"dateModified\":\"2020-09-23T16:52:45+00:00\",\"mainEntityOfPage\":{\"@id\":\"https:\\\/\\\/diarioprincipios.com\\\/index.php\\\/2020\\\/09\\\/23\\\/familiares-del-ara-san-juan-califican-de-perversa-la-posibilidad-de-que-los-hayan-espiado-en-2018\\\/\"},\"wordCount\":549,\"commentCount\":0,\"publisher\":{\"@id\":\"https:\\\/\\\/diarioprincipios.com\\\/#organization\"},\"image\":{\"@id\":\"https:\\\/\\\/diarioprincipios.com\\\/index.php\\\/2020\\\/09\\\/23\\\/familiares-del-ara-san-juan-califican-de-perversa-la-posibilidad-de-que-los-hayan-espiado-en-2018\\\/#primaryimage\"},\"thumbnailUrl\":\"https:\\\/\\\/diarioprincipios.com\\\/wp-content\\\/uploads\\\/2020\\\/09\\\/1519664312_581254_1519665154_noticia_grande.jpg\",\"articleSection\":[\"Naci\u00f3n\"],\"inLanguage\":\"es\",\"potentialAction\":[{\"@type\":\"CommentAction\",\"name\":\"Comment\",\"target\":[\"https:\\\/\\\/diarioprincipios.com\\\/index.php\\\/2020\\\/09\\\/23\\\/familiares-del-ara-san-juan-califican-de-perversa-la-posibilidad-de-que-los-hayan-espiado-en-2018\\\/#respond\"]}]},{\"@type\":\"WebPage\",\"@id\":\"https:\\\/\\\/diarioprincipios.com\\\/index.php\\\/2020\\\/09\\\/23\\\/familiares-del-ara-san-juan-califican-de-perversa-la-posibilidad-de-que-los-hayan-espiado-en-2018\\\/\",\"url\":\"https:\\\/\\\/diarioprincipios.com\\\/index.php\\\/2020\\\/09\\\/23\\\/familiares-del-ara-san-juan-califican-de-perversa-la-posibilidad-de-que-los-hayan-espiado-en-2018\\\/\",\"name\":\"Familiares del ARA San Juan califican de \\\"perversa\\\" la posibilidad de que los hayan espiado en 2018 - Principios\",\"isPartOf\":{\"@id\":\"https:\\\/\\\/diarioprincipios.com\\\/#website\"},\"primaryImageOfPage\":{\"@id\":\"https:\\\/\\\/diarioprincipios.com\\\/index.php\\\/2020\\\/09\\\/23\\\/familiares-del-ara-san-juan-califican-de-perversa-la-posibilidad-de-que-los-hayan-espiado-en-2018\\\/#primaryimage\"},\"image\":{\"@id\":\"https:\\\/\\\/diarioprincipios.com\\\/index.php\\\/2020\\\/09\\\/23\\\/familiares-del-ara-san-juan-califican-de-perversa-la-posibilidad-de-que-los-hayan-espiado-en-2018\\\/#primaryimage\"},\"thumbnailUrl\":\"https:\\\/\\\/diarioprincipios.com\\\/wp-content\\\/uploads\\\/2020\\\/09\\\/1519664312_581254_1519665154_noticia_grande.jpg\",\"datePublished\":\"2020-09-23T16:52:40+00:00\",\"dateModified\":\"2020-09-23T16:52:45+00:00\",\"breadcrumb\":{\"@id\":\"https:\\\/\\\/diarioprincipios.com\\\/index.php\\\/2020\\\/09\\\/23\\\/familiares-del-ara-san-juan-califican-de-perversa-la-posibilidad-de-que-los-hayan-espiado-en-2018\\\/#breadcrumb\"},\"inLanguage\":\"es\",\"potentialAction\":[{\"@type\":\"ReadAction\",\"target\":[\"https:\\\/\\\/diarioprincipios.com\\\/index.php\\\/2020\\\/09\\\/23\\\/familiares-del-ara-san-juan-califican-de-perversa-la-posibilidad-de-que-los-hayan-espiado-en-2018\\\/\"]}]},{\"@type\":\"ImageObject\",\"inLanguage\":\"es\",\"@id\":\"https:\\\/\\\/diarioprincipios.com\\\/index.php\\\/2020\\\/09\\\/23\\\/familiares-del-ara-san-juan-califican-de-perversa-la-posibilidad-de-que-los-hayan-espiado-en-2018\\\/#primaryimage\",\"url\":\"https:\\\/\\\/diarioprincipios.com\\\/wp-content\\\/uploads\\\/2020\\\/09\\\/1519664312_581254_1519665154_noticia_grande.jpg\",\"contentUrl\":\"https:\\\/\\\/diarioprincipios.com\\\/wp-content\\\/uploads\\\/2020\\\/09\\\/1519664312_581254_1519665154_noticia_grande.jpg\",\"width\":980,\"height\":654},{\"@type\":\"BreadcrumbList\",\"@id\":\"https:\\\/\\\/diarioprincipios.com\\\/index.php\\\/2020\\\/09\\\/23\\\/familiares-del-ara-san-juan-califican-de-perversa-la-posibilidad-de-que-los-hayan-espiado-en-2018\\\/#breadcrumb\",\"itemListElement\":[{\"@type\":\"ListItem\",\"position\":1,\"name\":\"Portada\",\"item\":\"https:\\\/\\\/diarioprincipios.com\\\/\"},{\"@type\":\"ListItem\",\"position\":2,\"name\":\"Familiares del ARA San Juan califican de \u00abperversa\u00bb la posibilidad de que los hayan espiado en 2018\"}]},{\"@type\":\"WebSite\",\"@id\":\"https:\\\/\\\/diarioprincipios.com\\\/#website\",\"url\":\"https:\\\/\\\/diarioprincipios.com\\\/\",\"name\":\"Principios\",\"description\":\"Principios Diario\",\"publisher\":{\"@id\":\"https:\\\/\\\/diarioprincipios.com\\\/#organization\"},\"potentialAction\":[{\"@type\":\"SearchAction\",\"target\":{\"@type\":\"EntryPoint\",\"urlTemplate\":\"https:\\\/\\\/diarioprincipios.com\\\/?s={search_term_string}\"},\"query-input\":{\"@type\":\"PropertyValueSpecification\",\"valueRequired\":true,\"valueName\":\"search_term_string\"}}],\"inLanguage\":\"es\"},{\"@type\":\"Organization\",\"@id\":\"https:\\\/\\\/diarioprincipios.com\\\/#organization\",\"name\":\"Principios\",\"url\":\"https:\\\/\\\/diarioprincipios.com\\\/\",\"logo\":{\"@type\":\"ImageObject\",\"inLanguage\":\"es\",\"@id\":\"https:\\\/\\\/diarioprincipios.com\\\/#\\\/schema\\\/logo\\\/image\\\/\",\"url\":\"https:\\\/\\\/diarioprincipios.com\\\/wp-content\\\/uploads\\\/2024\\\/04\\\/cropped-www.diarioprincipios.com_-1.png\",\"contentUrl\":\"https:\\\/\\\/diarioprincipios.com\\\/wp-content\\\/uploads\\\/2024\\\/04\\\/cropped-www.diarioprincipios.com_-1.png\",\"width\":5325,\"height\":1454,\"caption\":\"Principios\"},\"image\":{\"@id\":\"https:\\\/\\\/diarioprincipios.com\\\/#\\\/schema\\\/logo\\\/image\\\/\"}},{\"@type\":\"Person\",\"@id\":\"https:\\\/\\\/diarioprincipios.com\\\/#\\\/schema\\\/person\\\/436d5a1fd41a5e250e23ff5a6a7cb080\",\"name\":\"Hern\u00e1n L\u00f3pez\",\"image\":{\"@type\":\"ImageObject\",\"inLanguage\":\"es\",\"@id\":\"https:\\\/\\\/diarioprincipios.com\\\/wp-content\\\/litespeed\\\/avatar\\\/11ddfe5610ff3bd100522525b2571f48.jpg?ver=1777048341\",\"url\":\"https:\\\/\\\/diarioprincipios.com\\\/wp-content\\\/litespeed\\\/avatar\\\/11ddfe5610ff3bd100522525b2571f48.jpg?ver=1777048341\",\"contentUrl\":\"https:\\\/\\\/diarioprincipios.com\\\/wp-content\\\/litespeed\\\/avatar\\\/11ddfe5610ff3bd100522525b2571f48.jpg?ver=1777048341\",\"caption\":\"Hern\u00e1n L\u00f3pez\"},\"url\":\"https:\\\/\\\/diarioprincipios.com\\\/index.php\\\/author\\\/hernan\\\/\"}]}<\/script>\n<!-- \/ Yoast SEO plugin. -->","yoast_head_json":{"title":"Familiares del ARA San Juan califican de \"perversa\" la posibilidad de que los hayan espiado en 2018 - Principios","robots":{"index":"index","follow":"follow","max-snippet":"max-snippet:-1","max-image-preview":"max-image-preview:large","max-video-preview":"max-video-preview:-1"},"canonical":"https:\/\/diarioprincipios.com\/index.php\/2020\/09\/23\/familiares-del-ara-san-juan-califican-de-perversa-la-posibilidad-de-que-los-hayan-espiado-en-2018\/","og_locale":"es_ES","og_type":"article","og_title":"Familiares del ARA San Juan califican de \"perversa\" la posibilidad de que los hayan espiado en 2018 - Principios","og_description":"El abogado Luis Tagliapietra, padre de una de las v\u00edctimas del submarino ARA San Juan, calific\u00f3 hoy como \u201cperversa\u201d la posibilidad de que los hayan espiado, luego de que la Agencia Federal de Inteligencia (AFI) presentara hoy una denuncia por espionaje ilegal del cual habr\u00edan sido v\u00edctima los familiares de los marinos fallecidos. \u00abEsto es...","og_url":"https:\/\/diarioprincipios.com\/index.php\/2020\/09\/23\/familiares-del-ara-san-juan-califican-de-perversa-la-posibilidad-de-que-los-hayan-espiado-en-2018\/","og_site_name":"Principios","article_published_time":"2020-09-23T16:52:40+00:00","article_modified_time":"2020-09-23T16:52:45+00:00","og_image":[{"width":980,"height":654,"url":"https:\/\/diarioprincipios.com\/wp-content\/uploads\/2020\/09\/1519664312_581254_1519665154_noticia_grande.jpg","type":"image\/jpeg"}],"author":"Hern\u00e1n L\u00f3pez","twitter_card":"summary_large_image","twitter_misc":{"Escrito por":"Hern\u00e1n L\u00f3pez","Tiempo de lectura":"3 minutos"},"schema":{"@context":"https:\/\/schema.org","@graph":[{"@type":"Article","@id":"https:\/\/diarioprincipios.com\/index.php\/2020\/09\/23\/familiares-del-ara-san-juan-califican-de-perversa-la-posibilidad-de-que-los-hayan-espiado-en-2018\/#article","isPartOf":{"@id":"https:\/\/diarioprincipios.com\/index.php\/2020\/09\/23\/familiares-del-ara-san-juan-califican-de-perversa-la-posibilidad-de-que-los-hayan-espiado-en-2018\/"},"author":{"name":"Hern\u00e1n L\u00f3pez","@id":"https:\/\/diarioprincipios.com\/#\/schema\/person\/436d5a1fd41a5e250e23ff5a6a7cb080"},"headline":"Familiares del ARA San Juan califican de \u00abperversa\u00bb la posibilidad de que los hayan espiado en 2018","datePublished":"2020-09-23T16:52:40+00:00","dateModified":"2020-09-23T16:52:45+00:00","mainEntityOfPage":{"@id":"https:\/\/diarioprincipios.com\/index.php\/2020\/09\/23\/familiares-del-ara-san-juan-califican-de-perversa-la-posibilidad-de-que-los-hayan-espiado-en-2018\/"},"wordCount":549,"commentCount":0,"publisher":{"@id":"https:\/\/diarioprincipios.com\/#organization"},"image":{"@id":"https:\/\/diarioprincipios.com\/index.php\/2020\/09\/23\/familiares-del-ara-san-juan-califican-de-perversa-la-posibilidad-de-que-los-hayan-espiado-en-2018\/#primaryimage"},"thumbnailUrl":"https:\/\/diarioprincipios.com\/wp-content\/uploads\/2020\/09\/1519664312_581254_1519665154_noticia_grande.jpg","articleSection":["Naci\u00f3n"],"inLanguage":"es","potentialAction":[{"@type":"CommentAction","name":"Comment","target":["https:\/\/diarioprincipios.com\/index.php\/2020\/09\/23\/familiares-del-ara-san-juan-califican-de-perversa-la-posibilidad-de-que-los-hayan-espiado-en-2018\/#respond"]}]},{"@type":"WebPage","@id":"https:\/\/diarioprincipios.com\/index.php\/2020\/09\/23\/familiares-del-ara-san-juan-califican-de-perversa-la-posibilidad-de-que-los-hayan-espiado-en-2018\/","url":"https:\/\/diarioprincipios.com\/index.php\/2020\/09\/23\/familiares-del-ara-san-juan-califican-de-perversa-la-posibilidad-de-que-los-hayan-espiado-en-2018\/","name":"Familiares del ARA San Juan califican de \"perversa\" la posibilidad de que los hayan espiado en 2018 - Principios","isPartOf":{"@id":"https:\/\/diarioprincipios.com\/#website"},"primaryImageOfPage":{"@id":"https:\/\/diarioprincipios.com\/index.php\/2020\/09\/23\/familiares-del-ara-san-juan-califican-de-perversa-la-posibilidad-de-que-los-hayan-espiado-en-2018\/#primaryimage"},"image":{"@id":"https:\/\/diarioprincipios.com\/index.php\/2020\/09\/23\/familiares-del-ara-san-juan-califican-de-perversa-la-posibilidad-de-que-los-hayan-espiado-en-2018\/#primaryimage"},"thumbnailUrl":"https:\/\/diarioprincipios.com\/wp-content\/uploads\/2020\/09\/1519664312_581254_1519665154_noticia_grande.jpg","datePublished":"2020-09-23T16:52:40+00:00","dateModified":"2020-09-23T16:52:45+00:00","breadcrumb":{"@id":"https:\/\/diarioprincipios.com\/index.php\/2020\/09\/23\/familiares-del-ara-san-juan-califican-de-perversa-la-posibilidad-de-que-los-hayan-espiado-en-2018\/#breadcrumb"},"inLanguage":"es","potentialAction":[{"@type":"ReadAction","target":["https:\/\/diarioprincipios.com\/index.php\/2020\/09\/23\/familiares-del-ara-san-juan-califican-de-perversa-la-posibilidad-de-que-los-hayan-espiado-en-2018\/"]}]},{"@type":"ImageObject","inLanguage":"es","@id":"https:\/\/diarioprincipios.com\/index.php\/2020\/09\/23\/familiares-del-ara-san-juan-califican-de-perversa-la-posibilidad-de-que-los-hayan-espiado-en-2018\/#primaryimage","url":"https:\/\/diarioprincipios.com\/wp-content\/uploads\/2020\/09\/1519664312_581254_1519665154_noticia_grande.jpg","contentUrl":"https:\/\/diarioprincipios.com\/wp-content\/uploads\/2020\/09\/1519664312_581254_1519665154_noticia_grande.jpg","width":980,"height":654},{"@type":"BreadcrumbList","@id":"https:\/\/diarioprincipios.com\/index.php\/2020\/09\/23\/familiares-del-ara-san-juan-califican-de-perversa-la-posibilidad-de-que-los-hayan-espiado-en-2018\/#breadcrumb","itemListElement":[{"@type":"ListItem","position":1,"name":"Portada","item":"https:\/\/diarioprincipios.com\/"},{"@type":"ListItem","position":2,"name":"Familiares del ARA San Juan califican de \u00abperversa\u00bb la posibilidad de que los hayan espiado en 2018"}]},{"@type":"WebSite","@id":"https:\/\/diarioprincipios.com\/#website","url":"https:\/\/diarioprincipios.com\/","name":"Principios","description":"Principios Diario","publisher":{"@id":"https:\/\/diarioprincipios.com\/#organization"},"potentialAction":[{"@type":"SearchAction","target":{"@type":"EntryPoint","urlTemplate":"https:\/\/diarioprincipios.com\/?s={search_term_string}"},"query-input":{"@type":"PropertyValueSpecification","valueRequired":true,"valueName":"search_term_string"}}],"inLanguage":"es"},{"@type":"Organization","@id":"https:\/\/diarioprincipios.com\/#organization","name":"Principios","url":"https:\/\/diarioprincipios.com\/","logo":{"@type":"ImageObject","inLanguage":"es","@id":"https:\/\/diarioprincipios.com\/#\/schema\/logo\/image\/","url":"https:\/\/diarioprincipios.com\/wp-content\/uploads\/2024\/04\/cropped-www.diarioprincipios.com_-1.png","contentUrl":"https:\/\/diarioprincipios.com\/wp-content\/uploads\/2024\/04\/cropped-www.diarioprincipios.com_-1.png","width":5325,"height":1454,"caption":"Principios"},"image":{"@id":"https:\/\/diarioprincipios.com\/#\/schema\/logo\/image\/"}},{"@type":"Person","@id":"https:\/\/diarioprincipios.com\/#\/schema\/person\/436d5a1fd41a5e250e23ff5a6a7cb080","name":"Hern\u00e1n L\u00f3pez","image":{"@type":"ImageObject","inLanguage":"es","@id":"https:\/\/diarioprincipios.com\/wp-content\/litespeed\/avatar\/11ddfe5610ff3bd100522525b2571f48.jpg?ver=1777048341","url":"https:\/\/diarioprincipios.com\/wp-content\/litespeed\/avatar\/11ddfe5610ff3bd100522525b2571f48.jpg?ver=1777048341","contentUrl":"https:\/\/diarioprincipios.com\/wp-content\/litespeed\/avatar\/11ddfe5610ff3bd100522525b2571f48.jpg?ver=1777048341","caption":"Hern\u00e1n L\u00f3pez"},"url":"https:\/\/diarioprincipios.com\/index.php\/author\/hernan\/"}]}},"jetpack_featured_media_url":"https:\/\/diarioprincipios.com\/wp-content\/uploads\/2020\/09\/1519664312_581254_1519665154_noticia_grande.jpg","_links":{"self":[{"href":"https:\/\/diarioprincipios.com\/index.php\/wp-json\/wp\/v2\/posts\/5785","targetHints":{"allow":["GET"]}}],"collection":[{"href":"https:\/\/diarioprincipios.com\/index.php\/wp-json\/wp\/v2\/posts"}],"about":[{"href":"https:\/\/diarioprincipios.com\/index.php\/wp-json\/wp\/v2\/types\/post"}],"author":[{"embeddable":true,"href":"https:\/\/diarioprincipios.com\/index.php\/wp-json\/wp\/v2\/users\/2"}],"replies":[{"embeddable":true,"href":"https:\/\/diarioprincipios.com\/index.php\/wp-json\/wp\/v2\/comments?post=5785"}],"version-history":[{"count":1,"href":"https:\/\/diarioprincipios.com\/index.php\/wp-json\/wp\/v2\/posts\/5785\/revisions"}],"predecessor-version":[{"id":5787,"href":"https:\/\/diarioprincipios.com\/index.php\/wp-json\/wp\/v2\/posts\/5785\/revisions\/5787"}],"wp:featuredmedia":[{"embeddable":true,"href":"https:\/\/diarioprincipios.com\/index.php\/wp-json\/wp\/v2\/media\/5786"}],"wp:attachment":[{"href":"https:\/\/diarioprincipios.com\/index.php\/wp-json\/wp\/v2\/media?parent=5785"}],"wp:term":[{"taxonomy":"category","embeddable":true,"href":"https:\/\/diarioprincipios.com\/index.php\/wp-json\/wp\/v2\/categories?post=5785"},{"taxonomy":"post_tag","embeddable":true,"href":"https:\/\/diarioprincipios.com\/index.php\/wp-json\/wp\/v2\/tags?post=5785"}],"curies":[{"name":"wp","href":"https:\/\/api.w.org\/{rel}","templated":true}]}}