{"id":5782,"date":"2020-09-23T13:47:14","date_gmt":"2020-09-23T16:47:14","guid":{"rendered":"http:\/\/diarioprincipios.com\/?p=5782"},"modified":"2020-09-23T13:47:16","modified_gmt":"2020-09-23T16:47:16","slug":"titular-del-indec-dijo-que-censo-de-poblacion-podria-realizarse-en-mayo-o-noviembre-de-2021","status":"publish","type":"post","link":"https:\/\/diarioprincipios.com\/index.php\/2020\/09\/23\/titular-del-indec-dijo-que-censo-de-poblacion-podria-realizarse-en-mayo-o-noviembre-de-2021\/","title":{"rendered":"Titular del INDEC dijo que censo de poblaci\u00f3n podr\u00eda realizarse en mayo o noviembre de 2021"},"content":{"rendered":"\n<p>El censo poblacional previsto para este a\u00f1o y que se posterg\u00f3 por la pandemia podr\u00eda realizarse en mayo o noviembre de 2021, aunque la realizaci\u00f3n de la encuesta est\u00e1 supeditada a la superaci\u00f3n de la emergencia sanitaria, seg\u00fan lo estim\u00f3 hoy el titular del Instituto Nacional de Estad\u00edstica y Censos (Indec), Marco Lavagna.<\/p>\n\n\n\n<p>Lavagna, al exponer en el marco de la comisi\u00f3n de Poblaci\u00f3n de la C\u00e1mara de Diputados, que preside el diputado de la Coalici\u00f3n C\u00edvica, H\u00e9ctor &#8216;Toty&#8217; Flores, hizo referencia a la postergaci\u00f3n del censo 2020 debido a la pandemia y consider\u00f3 que eval\u00faa dos fechas tentativas: \u00abuna en mayo y otra m\u00e1s probable en noviembre de 2021\u00bb.<\/p>\n\n\n\n<p>A trav\u00e9s de un decreto, el Gobierno nacional anunci\u00f3 d\u00edas atr\u00e1s la postergaci\u00f3n del Censo Nacional de Poblaci\u00f3n, Hogares y Viviendas, al menos hasta el a\u00f1o pr\u00f3ximo ya que la Ley 27.541 que fue ampliada por Decreto debido a la pandemia de Covid-19, establece la emergencia sanitaria por el plazo de un a\u00f1o hasta el 12 de marzo de 2021.<\/p>\n\n\n\n<p>No obstante, el funcionario no descart\u00f3 que el censo se pueda postergar hasta 2022 \u00absi la pandemia se extiende\u00bb y, al detallar las distintas estad\u00edsticas que elabora ese organismo, anticip\u00f3 que esta misma tarde, el Indec difundir\u00e1 un estudio sobre el impacto de la Covid-19 en los diferentes sectores del trabajo.<\/p>\n\n\n\n<p>Al inicio de su exposici\u00f3n, el funcionario -que fue diputado nacional hasta diciembre de 2019- agradeci\u00f3 la invitaci\u00f3n a exponer y dijo sentirse \u00abparte de la c\u00e1mara\u00bb, al tiempo que manifest\u00f3 \u00abextra\u00f1ar la labor parlamentaria\u00bb.<\/p>\n\n\n\n<p>Seg\u00fan Lavagna, el Censo Nacional permitir\u00e1 \u201clas proyecciones de poblaci\u00f3n, las estad\u00edsticas vitales y ver cu\u00e1les son las necesidades b\u00e1sicas insatisfechas (NBI)\u201d, adem\u00e1s de \u201ctener una realidad de todo el territorio argentino y d\u00f3nde tienen que ser aplicadas algunas pol\u00edticas p\u00fablicas o mismo para el reparto de coparticipaci\u00f3n\u201d.<\/p>\n\n\n\n<p>Entre las distintas medidas que lleva adelante, Lavagna precis\u00f3 que el organismo desarrollar\u00e1 un pre-censo de viviendas, de uso interno del Indec, para realizar un relevamiento de las viviendas con las caracter\u00edsticas b\u00e1sicas de hogares \u00abpor observaci\u00f3n\u00bb en localidades de todo el pa\u00eds de m\u00e1s de 2000 habitantes.<\/p>\n\n\n\n<p>Asimismo, Lavagna puso de relieve que el organismo analiza la realizaci\u00f3n del E-Censo para que los ciudadanos se puedan autocensar, a trav\u00e9s de una p\u00e1gina web, con la que se podr\u00eda llegar al menos al 15 por ciento de la poblaci\u00f3n, y que ser\u00e1 el puntapi\u00e9 para que los censos sean \u00abcada vez m\u00e1s digitales\u00bb como ocurre en otros pa\u00edses del mundo.<\/p>\n\n\n\n<p>Tras precisar que el organismo se adapt\u00f3 a la crisis generada por la pandemia, Lavagna sostuvo que el Indec trabaja casi en un 95 por ciento de manera remota y destac\u00f3 que se mantuvieron los cronogramas y fechas previstas establecidas para las publicaciones que realiza la entidad con 1 a\u00f1o de anticipaci\u00f3n.<\/p>\n\n\n\n<p>Puso de relieve la realizaci\u00f3n del censo econ\u00f3mico, cuya primera etapa se concretar\u00e1 entre noviembre y diciembre de 2020, con un empadronamiento de las unidades econ\u00f3micas on line con datos b\u00e1sicos de empresas.<\/p>\n\n\n\n<p>Sostuvo que, hasta el momento, se capacitaron 1.200 personas de manera remota y precis\u00f3 que el organismo tiene prevista la realizaci\u00f3n de unos 37 millones de cuestionarios, la utilizaci\u00f3n de 1.500 toneladas de papel, y explic\u00f3 que el Censo demandar\u00e1 un presupuesto de 14.500 millones de pesos.<\/p>\n\n\n\n<p>Luego de responder preguntas de los diputados, Lavagna dijo que el Indec \u00abtiene un compromiso en brindar informaci\u00f3n que sea de utilidad y sirva en la toma de decisiones. Nos toca dar en este momento malas noticias pero no podemos desconocerla ni ocultarla\u00bb.<\/p>\n\n\n\n<p>Destac\u00f3 que el organismo es \u00abel tom\u00f3grafo que mide todos los par\u00e1metros: despu\u00e9s ser\u00e1 el m\u00e9dico el que disponga los medicamentos, en este caso las pol\u00edticas que hay que tomar. Lo esencial es que el tom\u00f3grafo funcione bien y de informaci\u00f3n en tiempo y forma\u00bb.<\/p>\n\n\n\n<p>\u00abVamos a necesitar mucha ayuda de todos para poder llevar adelante el Censo. Los relevamientos son imposibles si no hay un compromiso pol\u00edtico no s\u00f3lo del sector que gobierna sino tiene que ser un compromiso de todos los espacios pol\u00edticos\u00bb, asever\u00f3 Lavagna.<\/p>\n","protected":false},"excerpt":{"rendered":"<p>El censo poblacional previsto para este a\u00f1o y que se posterg\u00f3 por la pandemia podr\u00eda realizarse en mayo o noviembre de 2021, aunque la realizaci\u00f3n de la encuesta est\u00e1 supeditada a la superaci\u00f3n de la emergencia sanitaria, seg\u00fan lo estim\u00f3 hoy el titular del Instituto Nacional de Estad\u00edstica y Censos (Indec), Marco Lavagna. Lavagna, al&#8230;<\/p>\n","protected":false},"author":2,"featured_media":5783,"comment_status":"open","ping_status":"open","sticky":false,"template":"","format":"standard","meta":{"footnotes":""},"categories":[10],"tags":[],"class_list":["post-5782","post","type-post","status-publish","format-standard","has-post-thumbnail","hentry","category-nacion"],"featured_image_src":"https:\/\/diarioprincipios.com\/wp-content\/uploads\/2020\/09\/302035_1.jpg","blog_images":{"medium":"https:\/\/diarioprincipios.com\/wp-content\/uploads\/2020\/09\/302035_1-300x199.jpg","large":"https:\/\/diarioprincipios.com\/wp-content\/uploads\/2020\/09\/302035_1.jpg"},"ams_acf":[],"yoast_head":"<!-- This site is optimized with the Yoast SEO plugin v27.3 - https:\/\/yoast.com\/product\/yoast-seo-wordpress\/ -->\n<title>Titular del INDEC dijo que censo de poblaci\u00f3n podr\u00eda realizarse en mayo o noviembre de 2021 - Principios<\/title>\n<meta name=\"robots\" content=\"index, follow, max-snippet:-1, max-image-preview:large, max-video-preview:-1\" \/>\n<link rel=\"canonical\" href=\"https:\/\/diarioprincipios.com\/index.php\/2020\/09\/23\/titular-del-indec-dijo-que-censo-de-poblacion-podria-realizarse-en-mayo-o-noviembre-de-2021\/\" \/>\n<meta property=\"og:locale\" content=\"es_ES\" \/>\n<meta property=\"og:type\" content=\"article\" \/>\n<meta property=\"og:title\" content=\"Titular del INDEC dijo que censo de poblaci\u00f3n podr\u00eda realizarse en mayo o noviembre de 2021 - Principios\" \/>\n<meta property=\"og:description\" content=\"El censo poblacional previsto para este a\u00f1o y que se posterg\u00f3 por la pandemia podr\u00eda realizarse en mayo o noviembre de 2021, aunque la realizaci\u00f3n de la encuesta est\u00e1 supeditada a la superaci\u00f3n de la emergencia sanitaria, seg\u00fan lo estim\u00f3 hoy el titular del Instituto Nacional de Estad\u00edstica y Censos (Indec), Marco Lavagna. Lavagna, al...\" \/>\n<meta property=\"og:url\" content=\"https:\/\/diarioprincipios.com\/index.php\/2020\/09\/23\/titular-del-indec-dijo-que-censo-de-poblacion-podria-realizarse-en-mayo-o-noviembre-de-2021\/\" \/>\n<meta property=\"og:site_name\" content=\"Principios\" \/>\n<meta property=\"article:published_time\" content=\"2020-09-23T16:47:14+00:00\" \/>\n<meta property=\"article:modified_time\" content=\"2020-09-23T16:47:16+00:00\" \/>\n<meta property=\"og:image\" content=\"https:\/\/diarioprincipios.com\/wp-content\/uploads\/2020\/09\/302035_1.jpg\" \/>\n\t<meta property=\"og:image:width\" content=\"1024\" \/>\n\t<meta property=\"og:image:height\" content=\"680\" \/>\n\t<meta property=\"og:image:type\" content=\"image\/jpeg\" \/>\n<meta name=\"author\" content=\"Hern\u00e1n L\u00f3pez\" \/>\n<meta name=\"twitter:card\" content=\"summary_large_image\" \/>\n<meta name=\"twitter:label1\" content=\"Escrito por\" \/>\n\t<meta name=\"twitter:data1\" content=\"Hern\u00e1n L\u00f3pez\" \/>\n\t<meta name=\"twitter:label2\" content=\"Tiempo de lectura\" \/>\n\t<meta name=\"twitter:data2\" content=\"4 minutos\" \/>\n<script type=\"application\/ld+json\" class=\"yoast-schema-graph\">{\"@context\":\"https:\\\/\\\/schema.org\",\"@graph\":[{\"@type\":\"Article\",\"@id\":\"https:\\\/\\\/diarioprincipios.com\\\/index.php\\\/2020\\\/09\\\/23\\\/titular-del-indec-dijo-que-censo-de-poblacion-podria-realizarse-en-mayo-o-noviembre-de-2021\\\/#article\",\"isPartOf\":{\"@id\":\"https:\\\/\\\/diarioprincipios.com\\\/index.php\\\/2020\\\/09\\\/23\\\/titular-del-indec-dijo-que-censo-de-poblacion-podria-realizarse-en-mayo-o-noviembre-de-2021\\\/\"},\"author\":{\"name\":\"Hern\u00e1n L\u00f3pez\",\"@id\":\"https:\\\/\\\/diarioprincipios.com\\\/#\\\/schema\\\/person\\\/436d5a1fd41a5e250e23ff5a6a7cb080\"},\"headline\":\"Titular del INDEC dijo que censo de poblaci\u00f3n podr\u00eda realizarse en mayo o noviembre de 2021\",\"datePublished\":\"2020-09-23T16:47:14+00:00\",\"dateModified\":\"2020-09-23T16:47:16+00:00\",\"mainEntityOfPage\":{\"@id\":\"https:\\\/\\\/diarioprincipios.com\\\/index.php\\\/2020\\\/09\\\/23\\\/titular-del-indec-dijo-que-censo-de-poblacion-podria-realizarse-en-mayo-o-noviembre-de-2021\\\/\"},\"wordCount\":746,\"commentCount\":0,\"publisher\":{\"@id\":\"https:\\\/\\\/diarioprincipios.com\\\/#organization\"},\"image\":{\"@id\":\"https:\\\/\\\/diarioprincipios.com\\\/index.php\\\/2020\\\/09\\\/23\\\/titular-del-indec-dijo-que-censo-de-poblacion-podria-realizarse-en-mayo-o-noviembre-de-2021\\\/#primaryimage\"},\"thumbnailUrl\":\"https:\\\/\\\/diarioprincipios.com\\\/wp-content\\\/uploads\\\/2020\\\/09\\\/302035_1.jpg\",\"articleSection\":[\"Naci\u00f3n\"],\"inLanguage\":\"es\",\"potentialAction\":[{\"@type\":\"CommentAction\",\"name\":\"Comment\",\"target\":[\"https:\\\/\\\/diarioprincipios.com\\\/index.php\\\/2020\\\/09\\\/23\\\/titular-del-indec-dijo-que-censo-de-poblacion-podria-realizarse-en-mayo-o-noviembre-de-2021\\\/#respond\"]}]},{\"@type\":\"WebPage\",\"@id\":\"https:\\\/\\\/diarioprincipios.com\\\/index.php\\\/2020\\\/09\\\/23\\\/titular-del-indec-dijo-que-censo-de-poblacion-podria-realizarse-en-mayo-o-noviembre-de-2021\\\/\",\"url\":\"https:\\\/\\\/diarioprincipios.com\\\/index.php\\\/2020\\\/09\\\/23\\\/titular-del-indec-dijo-que-censo-de-poblacion-podria-realizarse-en-mayo-o-noviembre-de-2021\\\/\",\"name\":\"Titular del INDEC dijo que censo de poblaci\u00f3n podr\u00eda realizarse en mayo o noviembre de 2021 - Principios\",\"isPartOf\":{\"@id\":\"https:\\\/\\\/diarioprincipios.com\\\/#website\"},\"primaryImageOfPage\":{\"@id\":\"https:\\\/\\\/diarioprincipios.com\\\/index.php\\\/2020\\\/09\\\/23\\\/titular-del-indec-dijo-que-censo-de-poblacion-podria-realizarse-en-mayo-o-noviembre-de-2021\\\/#primaryimage\"},\"image\":{\"@id\":\"https:\\\/\\\/diarioprincipios.com\\\/index.php\\\/2020\\\/09\\\/23\\\/titular-del-indec-dijo-que-censo-de-poblacion-podria-realizarse-en-mayo-o-noviembre-de-2021\\\/#primaryimage\"},\"thumbnailUrl\":\"https:\\\/\\\/diarioprincipios.com\\\/wp-content\\\/uploads\\\/2020\\\/09\\\/302035_1.jpg\",\"datePublished\":\"2020-09-23T16:47:14+00:00\",\"dateModified\":\"2020-09-23T16:47:16+00:00\",\"breadcrumb\":{\"@id\":\"https:\\\/\\\/diarioprincipios.com\\\/index.php\\\/2020\\\/09\\\/23\\\/titular-del-indec-dijo-que-censo-de-poblacion-podria-realizarse-en-mayo-o-noviembre-de-2021\\\/#breadcrumb\"},\"inLanguage\":\"es\",\"potentialAction\":[{\"@type\":\"ReadAction\",\"target\":[\"https:\\\/\\\/diarioprincipios.com\\\/index.php\\\/2020\\\/09\\\/23\\\/titular-del-indec-dijo-que-censo-de-poblacion-podria-realizarse-en-mayo-o-noviembre-de-2021\\\/\"]}]},{\"@type\":\"ImageObject\",\"inLanguage\":\"es\",\"@id\":\"https:\\\/\\\/diarioprincipios.com\\\/index.php\\\/2020\\\/09\\\/23\\\/titular-del-indec-dijo-que-censo-de-poblacion-podria-realizarse-en-mayo-o-noviembre-de-2021\\\/#primaryimage\",\"url\":\"https:\\\/\\\/diarioprincipios.com\\\/wp-content\\\/uploads\\\/2020\\\/09\\\/302035_1.jpg\",\"contentUrl\":\"https:\\\/\\\/diarioprincipios.com\\\/wp-content\\\/uploads\\\/2020\\\/09\\\/302035_1.jpg\",\"width\":1024,\"height\":680},{\"@type\":\"BreadcrumbList\",\"@id\":\"https:\\\/\\\/diarioprincipios.com\\\/index.php\\\/2020\\\/09\\\/23\\\/titular-del-indec-dijo-que-censo-de-poblacion-podria-realizarse-en-mayo-o-noviembre-de-2021\\\/#breadcrumb\",\"itemListElement\":[{\"@type\":\"ListItem\",\"position\":1,\"name\":\"Portada\",\"item\":\"https:\\\/\\\/diarioprincipios.com\\\/\"},{\"@type\":\"ListItem\",\"position\":2,\"name\":\"Titular del INDEC dijo que censo de poblaci\u00f3n podr\u00eda realizarse en mayo o noviembre de 2021\"}]},{\"@type\":\"WebSite\",\"@id\":\"https:\\\/\\\/diarioprincipios.com\\\/#website\",\"url\":\"https:\\\/\\\/diarioprincipios.com\\\/\",\"name\":\"Principios\",\"description\":\"Principios Diario\",\"publisher\":{\"@id\":\"https:\\\/\\\/diarioprincipios.com\\\/#organization\"},\"potentialAction\":[{\"@type\":\"SearchAction\",\"target\":{\"@type\":\"EntryPoint\",\"urlTemplate\":\"https:\\\/\\\/diarioprincipios.com\\\/?s={search_term_string}\"},\"query-input\":{\"@type\":\"PropertyValueSpecification\",\"valueRequired\":true,\"valueName\":\"search_term_string\"}}],\"inLanguage\":\"es\"},{\"@type\":\"Organization\",\"@id\":\"https:\\\/\\\/diarioprincipios.com\\\/#organization\",\"name\":\"Principios\",\"url\":\"https:\\\/\\\/diarioprincipios.com\\\/\",\"logo\":{\"@type\":\"ImageObject\",\"inLanguage\":\"es\",\"@id\":\"https:\\\/\\\/diarioprincipios.com\\\/#\\\/schema\\\/logo\\\/image\\\/\",\"url\":\"https:\\\/\\\/diarioprincipios.com\\\/wp-content\\\/uploads\\\/2024\\\/04\\\/cropped-www.diarioprincipios.com_-1.png\",\"contentUrl\":\"https:\\\/\\\/diarioprincipios.com\\\/wp-content\\\/uploads\\\/2024\\\/04\\\/cropped-www.diarioprincipios.com_-1.png\",\"width\":5325,\"height\":1454,\"caption\":\"Principios\"},\"image\":{\"@id\":\"https:\\\/\\\/diarioprincipios.com\\\/#\\\/schema\\\/logo\\\/image\\\/\"}},{\"@type\":\"Person\",\"@id\":\"https:\\\/\\\/diarioprincipios.com\\\/#\\\/schema\\\/person\\\/436d5a1fd41a5e250e23ff5a6a7cb080\",\"name\":\"Hern\u00e1n L\u00f3pez\",\"image\":{\"@type\":\"ImageObject\",\"inLanguage\":\"es\",\"@id\":\"https:\\\/\\\/diarioprincipios.com\\\/wp-content\\\/litespeed\\\/avatar\\\/11ddfe5610ff3bd100522525b2571f48.jpg?ver=1777048341\",\"url\":\"https:\\\/\\\/diarioprincipios.com\\\/wp-content\\\/litespeed\\\/avatar\\\/11ddfe5610ff3bd100522525b2571f48.jpg?ver=1777048341\",\"contentUrl\":\"https:\\\/\\\/diarioprincipios.com\\\/wp-content\\\/litespeed\\\/avatar\\\/11ddfe5610ff3bd100522525b2571f48.jpg?ver=1777048341\",\"caption\":\"Hern\u00e1n L\u00f3pez\"},\"url\":\"https:\\\/\\\/diarioprincipios.com\\\/index.php\\\/author\\\/hernan\\\/\"}]}<\/script>\n<!-- \/ Yoast SEO plugin. -->","yoast_head_json":{"title":"Titular del INDEC dijo que censo de poblaci\u00f3n podr\u00eda realizarse en mayo o noviembre de 2021 - Principios","robots":{"index":"index","follow":"follow","max-snippet":"max-snippet:-1","max-image-preview":"max-image-preview:large","max-video-preview":"max-video-preview:-1"},"canonical":"https:\/\/diarioprincipios.com\/index.php\/2020\/09\/23\/titular-del-indec-dijo-que-censo-de-poblacion-podria-realizarse-en-mayo-o-noviembre-de-2021\/","og_locale":"es_ES","og_type":"article","og_title":"Titular del INDEC dijo que censo de poblaci\u00f3n podr\u00eda realizarse en mayo o noviembre de 2021 - Principios","og_description":"El censo poblacional previsto para este a\u00f1o y que se posterg\u00f3 por la pandemia podr\u00eda realizarse en mayo o noviembre de 2021, aunque la realizaci\u00f3n de la encuesta est\u00e1 supeditada a la superaci\u00f3n de la emergencia sanitaria, seg\u00fan lo estim\u00f3 hoy el titular del Instituto Nacional de Estad\u00edstica y Censos (Indec), Marco Lavagna. Lavagna, al...","og_url":"https:\/\/diarioprincipios.com\/index.php\/2020\/09\/23\/titular-del-indec-dijo-que-censo-de-poblacion-podria-realizarse-en-mayo-o-noviembre-de-2021\/","og_site_name":"Principios","article_published_time":"2020-09-23T16:47:14+00:00","article_modified_time":"2020-09-23T16:47:16+00:00","og_image":[{"width":1024,"height":680,"url":"https:\/\/diarioprincipios.com\/wp-content\/uploads\/2020\/09\/302035_1.jpg","type":"image\/jpeg"}],"author":"Hern\u00e1n L\u00f3pez","twitter_card":"summary_large_image","twitter_misc":{"Escrito por":"Hern\u00e1n L\u00f3pez","Tiempo de lectura":"4 minutos"},"schema":{"@context":"https:\/\/schema.org","@graph":[{"@type":"Article","@id":"https:\/\/diarioprincipios.com\/index.php\/2020\/09\/23\/titular-del-indec-dijo-que-censo-de-poblacion-podria-realizarse-en-mayo-o-noviembre-de-2021\/#article","isPartOf":{"@id":"https:\/\/diarioprincipios.com\/index.php\/2020\/09\/23\/titular-del-indec-dijo-que-censo-de-poblacion-podria-realizarse-en-mayo-o-noviembre-de-2021\/"},"author":{"name":"Hern\u00e1n L\u00f3pez","@id":"https:\/\/diarioprincipios.com\/#\/schema\/person\/436d5a1fd41a5e250e23ff5a6a7cb080"},"headline":"Titular del INDEC dijo que censo de poblaci\u00f3n podr\u00eda realizarse en mayo o noviembre de 2021","datePublished":"2020-09-23T16:47:14+00:00","dateModified":"2020-09-23T16:47:16+00:00","mainEntityOfPage":{"@id":"https:\/\/diarioprincipios.com\/index.php\/2020\/09\/23\/titular-del-indec-dijo-que-censo-de-poblacion-podria-realizarse-en-mayo-o-noviembre-de-2021\/"},"wordCount":746,"commentCount":0,"publisher":{"@id":"https:\/\/diarioprincipios.com\/#organization"},"image":{"@id":"https:\/\/diarioprincipios.com\/index.php\/2020\/09\/23\/titular-del-indec-dijo-que-censo-de-poblacion-podria-realizarse-en-mayo-o-noviembre-de-2021\/#primaryimage"},"thumbnailUrl":"https:\/\/diarioprincipios.com\/wp-content\/uploads\/2020\/09\/302035_1.jpg","articleSection":["Naci\u00f3n"],"inLanguage":"es","potentialAction":[{"@type":"CommentAction","name":"Comment","target":["https:\/\/diarioprincipios.com\/index.php\/2020\/09\/23\/titular-del-indec-dijo-que-censo-de-poblacion-podria-realizarse-en-mayo-o-noviembre-de-2021\/#respond"]}]},{"@type":"WebPage","@id":"https:\/\/diarioprincipios.com\/index.php\/2020\/09\/23\/titular-del-indec-dijo-que-censo-de-poblacion-podria-realizarse-en-mayo-o-noviembre-de-2021\/","url":"https:\/\/diarioprincipios.com\/index.php\/2020\/09\/23\/titular-del-indec-dijo-que-censo-de-poblacion-podria-realizarse-en-mayo-o-noviembre-de-2021\/","name":"Titular del INDEC dijo que censo de poblaci\u00f3n podr\u00eda realizarse en mayo o noviembre de 2021 - Principios","isPartOf":{"@id":"https:\/\/diarioprincipios.com\/#website"},"primaryImageOfPage":{"@id":"https:\/\/diarioprincipios.com\/index.php\/2020\/09\/23\/titular-del-indec-dijo-que-censo-de-poblacion-podria-realizarse-en-mayo-o-noviembre-de-2021\/#primaryimage"},"image":{"@id":"https:\/\/diarioprincipios.com\/index.php\/2020\/09\/23\/titular-del-indec-dijo-que-censo-de-poblacion-podria-realizarse-en-mayo-o-noviembre-de-2021\/#primaryimage"},"thumbnailUrl":"https:\/\/diarioprincipios.com\/wp-content\/uploads\/2020\/09\/302035_1.jpg","datePublished":"2020-09-23T16:47:14+00:00","dateModified":"2020-09-23T16:47:16+00:00","breadcrumb":{"@id":"https:\/\/diarioprincipios.com\/index.php\/2020\/09\/23\/titular-del-indec-dijo-que-censo-de-poblacion-podria-realizarse-en-mayo-o-noviembre-de-2021\/#breadcrumb"},"inLanguage":"es","potentialAction":[{"@type":"ReadAction","target":["https:\/\/diarioprincipios.com\/index.php\/2020\/09\/23\/titular-del-indec-dijo-que-censo-de-poblacion-podria-realizarse-en-mayo-o-noviembre-de-2021\/"]}]},{"@type":"ImageObject","inLanguage":"es","@id":"https:\/\/diarioprincipios.com\/index.php\/2020\/09\/23\/titular-del-indec-dijo-que-censo-de-poblacion-podria-realizarse-en-mayo-o-noviembre-de-2021\/#primaryimage","url":"https:\/\/diarioprincipios.com\/wp-content\/uploads\/2020\/09\/302035_1.jpg","contentUrl":"https:\/\/diarioprincipios.com\/wp-content\/uploads\/2020\/09\/302035_1.jpg","width":1024,"height":680},{"@type":"BreadcrumbList","@id":"https:\/\/diarioprincipios.com\/index.php\/2020\/09\/23\/titular-del-indec-dijo-que-censo-de-poblacion-podria-realizarse-en-mayo-o-noviembre-de-2021\/#breadcrumb","itemListElement":[{"@type":"ListItem","position":1,"name":"Portada","item":"https:\/\/diarioprincipios.com\/"},{"@type":"ListItem","position":2,"name":"Titular del INDEC dijo que censo de poblaci\u00f3n podr\u00eda realizarse en mayo o noviembre de 2021"}]},{"@type":"WebSite","@id":"https:\/\/diarioprincipios.com\/#website","url":"https:\/\/diarioprincipios.com\/","name":"Principios","description":"Principios Diario","publisher":{"@id":"https:\/\/diarioprincipios.com\/#organization"},"potentialAction":[{"@type":"SearchAction","target":{"@type":"EntryPoint","urlTemplate":"https:\/\/diarioprincipios.com\/?s={search_term_string}"},"query-input":{"@type":"PropertyValueSpecification","valueRequired":true,"valueName":"search_term_string"}}],"inLanguage":"es"},{"@type":"Organization","@id":"https:\/\/diarioprincipios.com\/#organization","name":"Principios","url":"https:\/\/diarioprincipios.com\/","logo":{"@type":"ImageObject","inLanguage":"es","@id":"https:\/\/diarioprincipios.com\/#\/schema\/logo\/image\/","url":"https:\/\/diarioprincipios.com\/wp-content\/uploads\/2024\/04\/cropped-www.diarioprincipios.com_-1.png","contentUrl":"https:\/\/diarioprincipios.com\/wp-content\/uploads\/2024\/04\/cropped-www.diarioprincipios.com_-1.png","width":5325,"height":1454,"caption":"Principios"},"image":{"@id":"https:\/\/diarioprincipios.com\/#\/schema\/logo\/image\/"}},{"@type":"Person","@id":"https:\/\/diarioprincipios.com\/#\/schema\/person\/436d5a1fd41a5e250e23ff5a6a7cb080","name":"Hern\u00e1n L\u00f3pez","image":{"@type":"ImageObject","inLanguage":"es","@id":"https:\/\/diarioprincipios.com\/wp-content\/litespeed\/avatar\/11ddfe5610ff3bd100522525b2571f48.jpg?ver=1777048341","url":"https:\/\/diarioprincipios.com\/wp-content\/litespeed\/avatar\/11ddfe5610ff3bd100522525b2571f48.jpg?ver=1777048341","contentUrl":"https:\/\/diarioprincipios.com\/wp-content\/litespeed\/avatar\/11ddfe5610ff3bd100522525b2571f48.jpg?ver=1777048341","caption":"Hern\u00e1n L\u00f3pez"},"url":"https:\/\/diarioprincipios.com\/index.php\/author\/hernan\/"}]}},"jetpack_featured_media_url":"https:\/\/diarioprincipios.com\/wp-content\/uploads\/2020\/09\/302035_1.jpg","_links":{"self":[{"href":"https:\/\/diarioprincipios.com\/index.php\/wp-json\/wp\/v2\/posts\/5782","targetHints":{"allow":["GET"]}}],"collection":[{"href":"https:\/\/diarioprincipios.com\/index.php\/wp-json\/wp\/v2\/posts"}],"about":[{"href":"https:\/\/diarioprincipios.com\/index.php\/wp-json\/wp\/v2\/types\/post"}],"author":[{"embeddable":true,"href":"https:\/\/diarioprincipios.com\/index.php\/wp-json\/wp\/v2\/users\/2"}],"replies":[{"embeddable":true,"href":"https:\/\/diarioprincipios.com\/index.php\/wp-json\/wp\/v2\/comments?post=5782"}],"version-history":[{"count":1,"href":"https:\/\/diarioprincipios.com\/index.php\/wp-json\/wp\/v2\/posts\/5782\/revisions"}],"predecessor-version":[{"id":5784,"href":"https:\/\/diarioprincipios.com\/index.php\/wp-json\/wp\/v2\/posts\/5782\/revisions\/5784"}],"wp:featuredmedia":[{"embeddable":true,"href":"https:\/\/diarioprincipios.com\/index.php\/wp-json\/wp\/v2\/media\/5783"}],"wp:attachment":[{"href":"https:\/\/diarioprincipios.com\/index.php\/wp-json\/wp\/v2\/media?parent=5782"}],"wp:term":[{"taxonomy":"category","embeddable":true,"href":"https:\/\/diarioprincipios.com\/index.php\/wp-json\/wp\/v2\/categories?post=5782"},{"taxonomy":"post_tag","embeddable":true,"href":"https:\/\/diarioprincipios.com\/index.php\/wp-json\/wp\/v2\/tags?post=5782"}],"curies":[{"name":"wp","href":"https:\/\/api.w.org\/{rel}","templated":true}]}}