{"id":5765,"date":"2020-09-22T18:41:29","date_gmt":"2020-09-22T21:41:29","guid":{"rendered":"http:\/\/diarioprincipios.com\/?p=5765"},"modified":"2020-09-22T18:41:34","modified_gmt":"2020-09-22T21:41:34","slug":"continua-la-vacunacion-gratuita-por-los-barrios-2","status":"publish","type":"post","link":"https:\/\/diarioprincipios.com\/index.php\/2020\/09\/22\/continua-la-vacunacion-gratuita-por-los-barrios-2\/","title":{"rendered":"Contin\u00faa la vacunaci\u00f3n gratuita por los barrios"},"content":{"rendered":"\n<p><strong>La Municipalidad de Berazategui, a trav\u00e9s de la Secretar\u00eda de Salud P\u00fablica e Higiene, sigue recorriendo barrios de la Ciudad para aplicar la vacuna antigripal y contra la neumon\u00eda a quienes cumplen los requisitos, adem\u00e1s de completar las del Calendario de vacunaci\u00f3n de aquellos ni\u00f1os y ni\u00f1as que lo necesitan. Esta vez, fueron los barrios El Vidrio, Santa Rosa, La Porte\u00f1a, San Jos\u00e9-San Mauro y Villa Matilde donde los vecinos y vecinas de distintas edades se acercaron y recibieron sus dosis en forma gratuita.<\/strong><\/p>\n\n\n\n<p>Ante la actual situaci\u00f3n de emergencia sanitaria por propagaci\u00f3n del Coronavirus, el Municipio contin\u00faa acercando la salud a los vecinos mediante diversos operativos, en este caso, mediante una extensa campa\u00f1a de vacunaci\u00f3n en los barrios.<\/p>\n\n\n\n<p>Como parte de la misma, la aplicaci\u00f3n gratuita de las vacunas contra la gripe y la neumon\u00eda, adem\u00e1s de aquellas necesarias para completar el Calendario nacional, se implement\u00f3 en esta oportunidad en los barrios El Vidrio, Santa Rosa, La Porte\u00f1a, San Jos\u00e9-San Mauro y Villa Matilde. \u201cCon el grupo de enfermer\u00eda nos encontramos aplicando la antigripal, contra la neumon\u00eda y las requeridas en el Calendario nacional. Los requisitos para vacunarse son: presentar DNI; en caso de ser menores estar acompa\u00f1ados de sus padres y llevar su libreta sanitaria; y para la vacuna contra la neumon\u00eda, ser mayor de 65 a\u00f1os y\/o paciente de riesgo con patolog\u00edas de base, ya sea diabetes, hipertensi\u00f3n, asma, entre otras posibles. Hay una muy buena recepci\u00f3n de parte de los vecinos; ellos vienen y avisan a sus conocidos para que tambi\u00e9n se acerquen y se beneficien\u201d, explic\u00f3 Gast\u00f3n Cavallini, coordinador de voluntarios de Enfermer\u00eda de la Secretar\u00eda de Salud P\u00fablica.<\/p>\n\n\n\n<figure class=\"wp-block-image size-large\"><img loading=\"lazy\" decoding=\"async\" width=\"1024\" height=\"768\" src=\"https:\/\/diarioprincipios.com\/wp-content\/uploads\/2020\/09\/CONTINUA-LA-VACUNACION-GRATIS-POR-TODA-LA-CIUDAD-4-4-1024x768.jpg\" alt=\"\" class=\"wp-image-5771\" srcset=\"https:\/\/diarioprincipios.com\/wp-content\/uploads\/2020\/09\/CONTINUA-LA-VACUNACION-GRATIS-POR-TODA-LA-CIUDAD-4-4-1024x768.jpg 1024w, https:\/\/diarioprincipios.com\/wp-content\/uploads\/2020\/09\/CONTINUA-LA-VACUNACION-GRATIS-POR-TODA-LA-CIUDAD-4-4-300x225.jpg 300w, https:\/\/diarioprincipios.com\/wp-content\/uploads\/2020\/09\/CONTINUA-LA-VACUNACION-GRATIS-POR-TODA-LA-CIUDAD-4-4-768x576.jpg 768w, https:\/\/diarioprincipios.com\/wp-content\/uploads\/2020\/09\/CONTINUA-LA-VACUNACION-GRATIS-POR-TODA-LA-CIUDAD-4-4-1536x1152.jpg 1536w, https:\/\/diarioprincipios.com\/wp-content\/uploads\/2020\/09\/CONTINUA-LA-VACUNACION-GRATIS-POR-TODA-LA-CIUDAD-4-4.jpg 1920w\" sizes=\"auto, (max-width: 1024px) 100vw, 1024px\" \/><\/figure>\n\n\n\n<p>\u201cLos vecinos est\u00e1n conformes porque muchos no quieren concurrir a los CAPS, por temor a causa de la pandemia, y esto es genial para que puedan ser asistidos sin riesgo de contagio y al aire libre. Lo importante es que la gente tome conciencia y venga a vacunarse contra enfermedades respiratorias\u201d, expres\u00f3 Nery Duarte, enfermera del Municipio.<\/p>\n\n\n\n<p>Por otro lado, desde la Secretar\u00eda de Salud se recuerda que quienes a\u00fan no recibieron su dosis, pueden acercarse a cualquiera de los Centros de Atenci\u00f3n Primaria de Salud (CAPS) de Berazategui, en los horarios de sus respectivos Vacunatorios, que se pueden conocer en&nbsp;<a rel=\"noreferrer noopener\" target=\"_blank\" href=\"http:\/\/berazategui.gob.ar\/salud\">berazategui.gob.ar\/salud<\/a>.<\/p>\n\n\n\n<p>Al respecto, Mar\u00eda In\u00e9s Rochelle, voluntaria de Enfermer\u00eda, afirm\u00f3: \u201cFue muy buena la experiencia de estar en los barrios San Jos\u00e9-San Mauro nuevamente. Vinieron muchos vecinos que no hab\u00edan podido aplicarse ninguna vacuna en lo que va del a\u00f1o. La vacunaci\u00f3n es gratuita para todos, es importante que se acerquen con DNI; y en el caso de los menores, con libreta sanitaria, para poder revisar que tengan las vacunas al d\u00eda. Hay muchos chicos a los que les falta una gran cantidad de vacunas, con extensos atrasos y otras se han perdido. Es importante completarlas de a poco. Les recomendamos a las mam\u00e1s que acerquen a sus ni\u00f1os y ni\u00f1as al Centro de Atenci\u00f3n Primaria de Salud (CAPS) m\u00e1s cercano y completen el Calendario de vacunaci\u00f3n\u201d.<\/p>\n\n\n\n<p>Mar\u00eda Monz\u00f3n, vecina de la zona, expres\u00f3 su satisfacci\u00f3n: \u201cExcelente el operativo, agradezco que vengan al barrio. En mi caso, necesitaba la vacuna contra la neumon\u00eda y la antigripal, y me las dispensaron\u201d. En tanto, Agust\u00edn M\u00e9ndez, vecino y paciente de riesgo, dijo: \u201cMe parece correcta esta medida, son vacunas muy caras y se est\u00e1n aplicando en forma gratuita. Agradezco que hagan todo lo necesario para cuidar de nuestra salud.\u201d<\/p>\n\n\n\n<p><strong>Vacunatorios anexos<br><\/strong><br>Debido a la emergencia sanitaria, el Municipio descentraliz\u00f3 el servicio de vacunaci\u00f3n de los CAPS que cuentan con guardia las 24 horas. El fin es ofrecer condiciones apropiadas para la aplicaci\u00f3n de las vacunas incluidas en el calendario anual obligatorio o la antigripal.<\/p>\n\n\n\n<p>Los Vacunatorios anexos funcionan de lunes a lunes, de 10.00 a 14.00, en:<\/p>\n\n\n\n<p>&#8211; CAPS N\u00b0 2: Iglesia Santa Mar\u00eda de Hudson (calle 159, entre 53 y 54).<br>&#8211; CAPS N\u00b0 5: Sociedad de Fomento Jacarand\u00e1 (calle 160, entre 23 y 24).<br>&#8211; CAPS N\u00b0 11: Sociedad de Fomento Uni\u00f3n (calle 515, entre 611 y colectora).<br>&#8211; CAPS N\u00b0 3: Hospital m\u00f3vil en calle 457 A, esquina 415.<br>&#8211; CAPS N\u00b0 14: calle 151 A, esquina 35.<\/p>\n","protected":false},"excerpt":{"rendered":"<p>La Municipalidad de Berazategui, a trav\u00e9s de la Secretar\u00eda de Salud P\u00fablica e Higiene, sigue recorriendo barrios de la Ciudad para aplicar la vacuna antigripal y contra la neumon\u00eda a quienes cumplen los requisitos, adem\u00e1s de completar las del Calendario de vacunaci\u00f3n de aquellos ni\u00f1os y ni\u00f1as que lo necesitan. Esta vez, fueron los barrios&#8230;<\/p>\n","protected":false},"author":2,"featured_media":5772,"comment_status":"open","ping_status":"open","sticky":false,"template":"","format":"standard","meta":{"footnotes":""},"categories":[3],"tags":[],"class_list":["post-5765","post","type-post","status-publish","format-standard","has-post-thumbnail","hentry","category-berazategui"],"featured_image_src":"https:\/\/diarioprincipios.com\/wp-content\/uploads\/2020\/09\/Screenshot_20200922-183522_Gallery-1024x498.jpg","blog_images":{"medium":"https:\/\/diarioprincipios.com\/wp-content\/uploads\/2020\/09\/Screenshot_20200922-183522_Gallery-300x146.jpg","large":"https:\/\/diarioprincipios.com\/wp-content\/uploads\/2020\/09\/Screenshot_20200922-183522_Gallery-1024x498.jpg"},"ams_acf":[],"yoast_head":"<!-- This site is optimized with the Yoast SEO plugin v27.3 - https:\/\/yoast.com\/product\/yoast-seo-wordpress\/ -->\n<title>Contin\u00faa la vacunaci\u00f3n gratuita por los barrios - Principios<\/title>\n<meta name=\"robots\" content=\"index, follow, max-snippet:-1, max-image-preview:large, max-video-preview:-1\" \/>\n<link rel=\"canonical\" href=\"https:\/\/diarioprincipios.com\/index.php\/2020\/09\/22\/continua-la-vacunacion-gratuita-por-los-barrios-2\/\" \/>\n<meta property=\"og:locale\" content=\"es_ES\" \/>\n<meta property=\"og:type\" content=\"article\" \/>\n<meta property=\"og:title\" content=\"Contin\u00faa la vacunaci\u00f3n gratuita por los barrios - Principios\" \/>\n<meta property=\"og:description\" content=\"La Municipalidad de Berazategui, a trav\u00e9s de la Secretar\u00eda de Salud P\u00fablica e Higiene, sigue recorriendo barrios de la Ciudad para aplicar la vacuna antigripal y contra la neumon\u00eda a quienes cumplen los requisitos, adem\u00e1s de completar las del Calendario de vacunaci\u00f3n de aquellos ni\u00f1os y ni\u00f1as que lo necesitan. Esta vez, fueron los barrios...\" \/>\n<meta property=\"og:url\" content=\"https:\/\/diarioprincipios.com\/index.php\/2020\/09\/22\/continua-la-vacunacion-gratuita-por-los-barrios-2\/\" \/>\n<meta property=\"og:site_name\" content=\"Principios\" \/>\n<meta property=\"article:published_time\" content=\"2020-09-22T21:41:29+00:00\" \/>\n<meta property=\"article:modified_time\" content=\"2020-09-22T21:41:34+00:00\" \/>\n<meta property=\"og:image\" content=\"https:\/\/diarioprincipios.com\/wp-content\/uploads\/2020\/09\/Screenshot_20200922-183522_Gallery.jpg\" \/>\n\t<meta property=\"og:image:width\" content=\"1080\" \/>\n\t<meta property=\"og:image:height\" content=\"525\" \/>\n\t<meta property=\"og:image:type\" content=\"image\/jpeg\" \/>\n<meta name=\"author\" content=\"Hern\u00e1n L\u00f3pez\" \/>\n<meta name=\"twitter:card\" content=\"summary_large_image\" \/>\n<meta name=\"twitter:label1\" content=\"Escrito por\" \/>\n\t<meta name=\"twitter:data1\" content=\"Hern\u00e1n L\u00f3pez\" \/>\n\t<meta name=\"twitter:label2\" content=\"Tiempo de lectura\" \/>\n\t<meta name=\"twitter:data2\" content=\"4 minutos\" \/>\n<script type=\"application\/ld+json\" class=\"yoast-schema-graph\">{\"@context\":\"https:\\\/\\\/schema.org\",\"@graph\":[{\"@type\":\"Article\",\"@id\":\"https:\\\/\\\/diarioprincipios.com\\\/index.php\\\/2020\\\/09\\\/22\\\/continua-la-vacunacion-gratuita-por-los-barrios-2\\\/#article\",\"isPartOf\":{\"@id\":\"https:\\\/\\\/diarioprincipios.com\\\/index.php\\\/2020\\\/09\\\/22\\\/continua-la-vacunacion-gratuita-por-los-barrios-2\\\/\"},\"author\":{\"name\":\"Hern\u00e1n L\u00f3pez\",\"@id\":\"https:\\\/\\\/diarioprincipios.com\\\/#\\\/schema\\\/person\\\/436d5a1fd41a5e250e23ff5a6a7cb080\"},\"headline\":\"Contin\u00faa la vacunaci\u00f3n gratuita por los barrios\",\"datePublished\":\"2020-09-22T21:41:29+00:00\",\"dateModified\":\"2020-09-22T21:41:34+00:00\",\"mainEntityOfPage\":{\"@id\":\"https:\\\/\\\/diarioprincipios.com\\\/index.php\\\/2020\\\/09\\\/22\\\/continua-la-vacunacion-gratuita-por-los-barrios-2\\\/\"},\"wordCount\":750,\"commentCount\":0,\"publisher\":{\"@id\":\"https:\\\/\\\/diarioprincipios.com\\\/#organization\"},\"image\":{\"@id\":\"https:\\\/\\\/diarioprincipios.com\\\/index.php\\\/2020\\\/09\\\/22\\\/continua-la-vacunacion-gratuita-por-los-barrios-2\\\/#primaryimage\"},\"thumbnailUrl\":\"https:\\\/\\\/diarioprincipios.com\\\/wp-content\\\/uploads\\\/2020\\\/09\\\/Screenshot_20200922-183522_Gallery.jpg\",\"articleSection\":[\"Berazategui\"],\"inLanguage\":\"es\",\"potentialAction\":[{\"@type\":\"CommentAction\",\"name\":\"Comment\",\"target\":[\"https:\\\/\\\/diarioprincipios.com\\\/index.php\\\/2020\\\/09\\\/22\\\/continua-la-vacunacion-gratuita-por-los-barrios-2\\\/#respond\"]}]},{\"@type\":\"WebPage\",\"@id\":\"https:\\\/\\\/diarioprincipios.com\\\/index.php\\\/2020\\\/09\\\/22\\\/continua-la-vacunacion-gratuita-por-los-barrios-2\\\/\",\"url\":\"https:\\\/\\\/diarioprincipios.com\\\/index.php\\\/2020\\\/09\\\/22\\\/continua-la-vacunacion-gratuita-por-los-barrios-2\\\/\",\"name\":\"Contin\u00faa la vacunaci\u00f3n gratuita por los barrios - Principios\",\"isPartOf\":{\"@id\":\"https:\\\/\\\/diarioprincipios.com\\\/#website\"},\"primaryImageOfPage\":{\"@id\":\"https:\\\/\\\/diarioprincipios.com\\\/index.php\\\/2020\\\/09\\\/22\\\/continua-la-vacunacion-gratuita-por-los-barrios-2\\\/#primaryimage\"},\"image\":{\"@id\":\"https:\\\/\\\/diarioprincipios.com\\\/index.php\\\/2020\\\/09\\\/22\\\/continua-la-vacunacion-gratuita-por-los-barrios-2\\\/#primaryimage\"},\"thumbnailUrl\":\"https:\\\/\\\/diarioprincipios.com\\\/wp-content\\\/uploads\\\/2020\\\/09\\\/Screenshot_20200922-183522_Gallery.jpg\",\"datePublished\":\"2020-09-22T21:41:29+00:00\",\"dateModified\":\"2020-09-22T21:41:34+00:00\",\"breadcrumb\":{\"@id\":\"https:\\\/\\\/diarioprincipios.com\\\/index.php\\\/2020\\\/09\\\/22\\\/continua-la-vacunacion-gratuita-por-los-barrios-2\\\/#breadcrumb\"},\"inLanguage\":\"es\",\"potentialAction\":[{\"@type\":\"ReadAction\",\"target\":[\"https:\\\/\\\/diarioprincipios.com\\\/index.php\\\/2020\\\/09\\\/22\\\/continua-la-vacunacion-gratuita-por-los-barrios-2\\\/\"]}]},{\"@type\":\"ImageObject\",\"inLanguage\":\"es\",\"@id\":\"https:\\\/\\\/diarioprincipios.com\\\/index.php\\\/2020\\\/09\\\/22\\\/continua-la-vacunacion-gratuita-por-los-barrios-2\\\/#primaryimage\",\"url\":\"https:\\\/\\\/diarioprincipios.com\\\/wp-content\\\/uploads\\\/2020\\\/09\\\/Screenshot_20200922-183522_Gallery.jpg\",\"contentUrl\":\"https:\\\/\\\/diarioprincipios.com\\\/wp-content\\\/uploads\\\/2020\\\/09\\\/Screenshot_20200922-183522_Gallery.jpg\",\"width\":1080,\"height\":525},{\"@type\":\"BreadcrumbList\",\"@id\":\"https:\\\/\\\/diarioprincipios.com\\\/index.php\\\/2020\\\/09\\\/22\\\/continua-la-vacunacion-gratuita-por-los-barrios-2\\\/#breadcrumb\",\"itemListElement\":[{\"@type\":\"ListItem\",\"position\":1,\"name\":\"Portada\",\"item\":\"https:\\\/\\\/diarioprincipios.com\\\/\"},{\"@type\":\"ListItem\",\"position\":2,\"name\":\"Contin\u00faa la vacunaci\u00f3n gratuita por los barrios\"}]},{\"@type\":\"WebSite\",\"@id\":\"https:\\\/\\\/diarioprincipios.com\\\/#website\",\"url\":\"https:\\\/\\\/diarioprincipios.com\\\/\",\"name\":\"Principios\",\"description\":\"Principios Diario\",\"publisher\":{\"@id\":\"https:\\\/\\\/diarioprincipios.com\\\/#organization\"},\"potentialAction\":[{\"@type\":\"SearchAction\",\"target\":{\"@type\":\"EntryPoint\",\"urlTemplate\":\"https:\\\/\\\/diarioprincipios.com\\\/?s={search_term_string}\"},\"query-input\":{\"@type\":\"PropertyValueSpecification\",\"valueRequired\":true,\"valueName\":\"search_term_string\"}}],\"inLanguage\":\"es\"},{\"@type\":\"Organization\",\"@id\":\"https:\\\/\\\/diarioprincipios.com\\\/#organization\",\"name\":\"Principios\",\"url\":\"https:\\\/\\\/diarioprincipios.com\\\/\",\"logo\":{\"@type\":\"ImageObject\",\"inLanguage\":\"es\",\"@id\":\"https:\\\/\\\/diarioprincipios.com\\\/#\\\/schema\\\/logo\\\/image\\\/\",\"url\":\"https:\\\/\\\/diarioprincipios.com\\\/wp-content\\\/uploads\\\/2024\\\/04\\\/cropped-www.diarioprincipios.com_-1.png\",\"contentUrl\":\"https:\\\/\\\/diarioprincipios.com\\\/wp-content\\\/uploads\\\/2024\\\/04\\\/cropped-www.diarioprincipios.com_-1.png\",\"width\":5325,\"height\":1454,\"caption\":\"Principios\"},\"image\":{\"@id\":\"https:\\\/\\\/diarioprincipios.com\\\/#\\\/schema\\\/logo\\\/image\\\/\"}},{\"@type\":\"Person\",\"@id\":\"https:\\\/\\\/diarioprincipios.com\\\/#\\\/schema\\\/person\\\/436d5a1fd41a5e250e23ff5a6a7cb080\",\"name\":\"Hern\u00e1n L\u00f3pez\",\"image\":{\"@type\":\"ImageObject\",\"inLanguage\":\"es\",\"@id\":\"https:\\\/\\\/diarioprincipios.com\\\/wp-content\\\/litespeed\\\/avatar\\\/11ddfe5610ff3bd100522525b2571f48.jpg?ver=1777048341\",\"url\":\"https:\\\/\\\/diarioprincipios.com\\\/wp-content\\\/litespeed\\\/avatar\\\/11ddfe5610ff3bd100522525b2571f48.jpg?ver=1777048341\",\"contentUrl\":\"https:\\\/\\\/diarioprincipios.com\\\/wp-content\\\/litespeed\\\/avatar\\\/11ddfe5610ff3bd100522525b2571f48.jpg?ver=1777048341\",\"caption\":\"Hern\u00e1n L\u00f3pez\"},\"url\":\"https:\\\/\\\/diarioprincipios.com\\\/index.php\\\/author\\\/hernan\\\/\"}]}<\/script>\n<!-- \/ Yoast SEO plugin. -->","yoast_head_json":{"title":"Contin\u00faa la vacunaci\u00f3n gratuita por los barrios - Principios","robots":{"index":"index","follow":"follow","max-snippet":"max-snippet:-1","max-image-preview":"max-image-preview:large","max-video-preview":"max-video-preview:-1"},"canonical":"https:\/\/diarioprincipios.com\/index.php\/2020\/09\/22\/continua-la-vacunacion-gratuita-por-los-barrios-2\/","og_locale":"es_ES","og_type":"article","og_title":"Contin\u00faa la vacunaci\u00f3n gratuita por los barrios - Principios","og_description":"La Municipalidad de Berazategui, a trav\u00e9s de la Secretar\u00eda de Salud P\u00fablica e Higiene, sigue recorriendo barrios de la Ciudad para aplicar la vacuna antigripal y contra la neumon\u00eda a quienes cumplen los requisitos, adem\u00e1s de completar las del Calendario de vacunaci\u00f3n de aquellos ni\u00f1os y ni\u00f1as que lo necesitan. Esta vez, fueron los barrios...","og_url":"https:\/\/diarioprincipios.com\/index.php\/2020\/09\/22\/continua-la-vacunacion-gratuita-por-los-barrios-2\/","og_site_name":"Principios","article_published_time":"2020-09-22T21:41:29+00:00","article_modified_time":"2020-09-22T21:41:34+00:00","og_image":[{"width":1080,"height":525,"url":"https:\/\/diarioprincipios.com\/wp-content\/uploads\/2020\/09\/Screenshot_20200922-183522_Gallery.jpg","type":"image\/jpeg"}],"author":"Hern\u00e1n L\u00f3pez","twitter_card":"summary_large_image","twitter_misc":{"Escrito por":"Hern\u00e1n L\u00f3pez","Tiempo de lectura":"4 minutos"},"schema":{"@context":"https:\/\/schema.org","@graph":[{"@type":"Article","@id":"https:\/\/diarioprincipios.com\/index.php\/2020\/09\/22\/continua-la-vacunacion-gratuita-por-los-barrios-2\/#article","isPartOf":{"@id":"https:\/\/diarioprincipios.com\/index.php\/2020\/09\/22\/continua-la-vacunacion-gratuita-por-los-barrios-2\/"},"author":{"name":"Hern\u00e1n L\u00f3pez","@id":"https:\/\/diarioprincipios.com\/#\/schema\/person\/436d5a1fd41a5e250e23ff5a6a7cb080"},"headline":"Contin\u00faa la vacunaci\u00f3n gratuita por los barrios","datePublished":"2020-09-22T21:41:29+00:00","dateModified":"2020-09-22T21:41:34+00:00","mainEntityOfPage":{"@id":"https:\/\/diarioprincipios.com\/index.php\/2020\/09\/22\/continua-la-vacunacion-gratuita-por-los-barrios-2\/"},"wordCount":750,"commentCount":0,"publisher":{"@id":"https:\/\/diarioprincipios.com\/#organization"},"image":{"@id":"https:\/\/diarioprincipios.com\/index.php\/2020\/09\/22\/continua-la-vacunacion-gratuita-por-los-barrios-2\/#primaryimage"},"thumbnailUrl":"https:\/\/diarioprincipios.com\/wp-content\/uploads\/2020\/09\/Screenshot_20200922-183522_Gallery.jpg","articleSection":["Berazategui"],"inLanguage":"es","potentialAction":[{"@type":"CommentAction","name":"Comment","target":["https:\/\/diarioprincipios.com\/index.php\/2020\/09\/22\/continua-la-vacunacion-gratuita-por-los-barrios-2\/#respond"]}]},{"@type":"WebPage","@id":"https:\/\/diarioprincipios.com\/index.php\/2020\/09\/22\/continua-la-vacunacion-gratuita-por-los-barrios-2\/","url":"https:\/\/diarioprincipios.com\/index.php\/2020\/09\/22\/continua-la-vacunacion-gratuita-por-los-barrios-2\/","name":"Contin\u00faa la vacunaci\u00f3n gratuita por los barrios - Principios","isPartOf":{"@id":"https:\/\/diarioprincipios.com\/#website"},"primaryImageOfPage":{"@id":"https:\/\/diarioprincipios.com\/index.php\/2020\/09\/22\/continua-la-vacunacion-gratuita-por-los-barrios-2\/#primaryimage"},"image":{"@id":"https:\/\/diarioprincipios.com\/index.php\/2020\/09\/22\/continua-la-vacunacion-gratuita-por-los-barrios-2\/#primaryimage"},"thumbnailUrl":"https:\/\/diarioprincipios.com\/wp-content\/uploads\/2020\/09\/Screenshot_20200922-183522_Gallery.jpg","datePublished":"2020-09-22T21:41:29+00:00","dateModified":"2020-09-22T21:41:34+00:00","breadcrumb":{"@id":"https:\/\/diarioprincipios.com\/index.php\/2020\/09\/22\/continua-la-vacunacion-gratuita-por-los-barrios-2\/#breadcrumb"},"inLanguage":"es","potentialAction":[{"@type":"ReadAction","target":["https:\/\/diarioprincipios.com\/index.php\/2020\/09\/22\/continua-la-vacunacion-gratuita-por-los-barrios-2\/"]}]},{"@type":"ImageObject","inLanguage":"es","@id":"https:\/\/diarioprincipios.com\/index.php\/2020\/09\/22\/continua-la-vacunacion-gratuita-por-los-barrios-2\/#primaryimage","url":"https:\/\/diarioprincipios.com\/wp-content\/uploads\/2020\/09\/Screenshot_20200922-183522_Gallery.jpg","contentUrl":"https:\/\/diarioprincipios.com\/wp-content\/uploads\/2020\/09\/Screenshot_20200922-183522_Gallery.jpg","width":1080,"height":525},{"@type":"BreadcrumbList","@id":"https:\/\/diarioprincipios.com\/index.php\/2020\/09\/22\/continua-la-vacunacion-gratuita-por-los-barrios-2\/#breadcrumb","itemListElement":[{"@type":"ListItem","position":1,"name":"Portada","item":"https:\/\/diarioprincipios.com\/"},{"@type":"ListItem","position":2,"name":"Contin\u00faa la vacunaci\u00f3n gratuita por los barrios"}]},{"@type":"WebSite","@id":"https:\/\/diarioprincipios.com\/#website","url":"https:\/\/diarioprincipios.com\/","name":"Principios","description":"Principios Diario","publisher":{"@id":"https:\/\/diarioprincipios.com\/#organization"},"potentialAction":[{"@type":"SearchAction","target":{"@type":"EntryPoint","urlTemplate":"https:\/\/diarioprincipios.com\/?s={search_term_string}"},"query-input":{"@type":"PropertyValueSpecification","valueRequired":true,"valueName":"search_term_string"}}],"inLanguage":"es"},{"@type":"Organization","@id":"https:\/\/diarioprincipios.com\/#organization","name":"Principios","url":"https:\/\/diarioprincipios.com\/","logo":{"@type":"ImageObject","inLanguage":"es","@id":"https:\/\/diarioprincipios.com\/#\/schema\/logo\/image\/","url":"https:\/\/diarioprincipios.com\/wp-content\/uploads\/2024\/04\/cropped-www.diarioprincipios.com_-1.png","contentUrl":"https:\/\/diarioprincipios.com\/wp-content\/uploads\/2024\/04\/cropped-www.diarioprincipios.com_-1.png","width":5325,"height":1454,"caption":"Principios"},"image":{"@id":"https:\/\/diarioprincipios.com\/#\/schema\/logo\/image\/"}},{"@type":"Person","@id":"https:\/\/diarioprincipios.com\/#\/schema\/person\/436d5a1fd41a5e250e23ff5a6a7cb080","name":"Hern\u00e1n L\u00f3pez","image":{"@type":"ImageObject","inLanguage":"es","@id":"https:\/\/diarioprincipios.com\/wp-content\/litespeed\/avatar\/11ddfe5610ff3bd100522525b2571f48.jpg?ver=1777048341","url":"https:\/\/diarioprincipios.com\/wp-content\/litespeed\/avatar\/11ddfe5610ff3bd100522525b2571f48.jpg?ver=1777048341","contentUrl":"https:\/\/diarioprincipios.com\/wp-content\/litespeed\/avatar\/11ddfe5610ff3bd100522525b2571f48.jpg?ver=1777048341","caption":"Hern\u00e1n L\u00f3pez"},"url":"https:\/\/diarioprincipios.com\/index.php\/author\/hernan\/"}]}},"jetpack_featured_media_url":"https:\/\/diarioprincipios.com\/wp-content\/uploads\/2020\/09\/Screenshot_20200922-183522_Gallery.jpg","_links":{"self":[{"href":"https:\/\/diarioprincipios.com\/index.php\/wp-json\/wp\/v2\/posts\/5765","targetHints":{"allow":["GET"]}}],"collection":[{"href":"https:\/\/diarioprincipios.com\/index.php\/wp-json\/wp\/v2\/posts"}],"about":[{"href":"https:\/\/diarioprincipios.com\/index.php\/wp-json\/wp\/v2\/types\/post"}],"author":[{"embeddable":true,"href":"https:\/\/diarioprincipios.com\/index.php\/wp-json\/wp\/v2\/users\/2"}],"replies":[{"embeddable":true,"href":"https:\/\/diarioprincipios.com\/index.php\/wp-json\/wp\/v2\/comments?post=5765"}],"version-history":[{"count":1,"href":"https:\/\/diarioprincipios.com\/index.php\/wp-json\/wp\/v2\/posts\/5765\/revisions"}],"predecessor-version":[{"id":5773,"href":"https:\/\/diarioprincipios.com\/index.php\/wp-json\/wp\/v2\/posts\/5765\/revisions\/5773"}],"wp:featuredmedia":[{"embeddable":true,"href":"https:\/\/diarioprincipios.com\/index.php\/wp-json\/wp\/v2\/media\/5772"}],"wp:attachment":[{"href":"https:\/\/diarioprincipios.com\/index.php\/wp-json\/wp\/v2\/media?parent=5765"}],"wp:term":[{"taxonomy":"category","embeddable":true,"href":"https:\/\/diarioprincipios.com\/index.php\/wp-json\/wp\/v2\/categories?post=5765"},{"taxonomy":"post_tag","embeddable":true,"href":"https:\/\/diarioprincipios.com\/index.php\/wp-json\/wp\/v2\/tags?post=5765"}],"curies":[{"name":"wp","href":"https:\/\/api.w.org\/{rel}","templated":true}]}}