{"id":5763,"date":"2020-09-22T15:49:30","date_gmt":"2020-09-22T18:49:30","guid":{"rendered":"http:\/\/diarioprincipios.com\/?p=5763"},"modified":"2020-09-22T15:49:35","modified_gmt":"2020-09-22T18:49:35","slug":"el-municipio-volvio-a-agradecer-acciones-solidarias-en-tiempos-de-pandemia","status":"publish","type":"post","link":"https:\/\/diarioprincipios.com\/index.php\/2020\/09\/22\/el-municipio-volvio-a-agradecer-acciones-solidarias-en-tiempos-de-pandemia\/","title":{"rendered":"El Municipio volvi\u00f3 a agradecer acciones solidarias en tiempos de pandemia"},"content":{"rendered":"\n<p><strong>Una vez m\u00e1s la Municipalidad de Berazategui y su intendente, Juan Jos\u00e9 Mussi, expresan su gratitud con aquellos ciudadanos, organizaciones y comercios que contin\u00faan colaborando desinteresadamente con donaciones de recursos de gran utilidad, para seguir haciendo frente a la situaci\u00f3n de emergencia sanitaria a causa de la pandemia de COVID-19.<\/strong><\/p>\n\n\n\n<p>En esta oportunidad, el Municipio dio a conocer los siguientes agradecimientos:<\/p>\n\n\n\n<p>&#8211; A TOMATES PRETO, EL MAKZAL S.A., MUEBLES Y SILLONES y PRODALSA S.A., que donaron alimentos no perecederos para los sectores m\u00e1s vulnerables.<br>&#8211; A SR. KIKO, que realiz\u00f3 una nueva donaci\u00f3n. En esta ocasi\u00f3n, don\u00f3 2 bolsas de papas.<\/p>\n\n\n\n<p>Anteriormente, el Municipio recibi\u00f3 variados aportes de ciudadanos berazateguenses, instituciones y empresas, por lo que les agradece nuevamente sus acciones solidarias:<br>AZ\u00daCAR FUGAZ \/ JUAN CARLOS SANCIO \/ GRUAPA SRL &#8211; JASO ARGENTINA \/ MAS-TIN S.A \/ JORGE PEZET \/ ADMINISTRACI\u00d3N COUNTRY LOS OMB\u00daES \/ RECOMAR S.A.\/ QUORUM S.A. \/ DECLORQUIM S.A. \/ CHIL &amp; DRAC\u2019S \/ COOPERATIVA LAS HORMIGAS PODADORAS LTDA. \/ DIAT \/ FRENTE DE TRABAJADORES DE LA EDUCACI\u00d3N DE BERAZATEGUI \/ ARCOS DORADOS \/ WEBER \/ ROBERTO ARTUZA \/ \u00a0ENVASES DEL PARQUE S.A.\/ SILVIO OSVALDO ACU\u00d1A Y CARLOS AICARDI \/ COMPA\u00d1ERO PETIK \/ DR. JUAN ENRIQUE ROMERO (director del Programa Nacional de Tenencia Responsable y Sanidad de Perros y Gatos &#8211; ProTenencia) \/ UNI\u00d3N INDUSTRIAL DE BERAZATEGUI\/ JF TRUNZO SRL\/ METALCROM SRL\/ RGG MANTENIMIENTO\/ QUIMEX\/ CL\u00cdNICA PRIVADA DE RANELAGH\/ L Y H S.A.\/ MAT\u00cdAS Y FERNANDO, de la parrilla \u201cUn Tano y dos Gallegos\u00bb \/ SEIN Y C\u00cdA. S.A.I.C. \/ DAR\u00cdO MEMMO \/ GUEDIKIAN IMPRESORES S.A. \/ CARNICER\u00cdA MAGAL\u00cd\/ MARIO GIACOBBE \/ AGOMAT \/ COMERCIO \u201cEL VIEJO OCASO\u00bb \/ GRUPO RIVERO\/ BRAIAN DI CARLO\/ FUNDACI\u00d3N COAS\/ EDUARDO ALBANESE, de DOLCE DOLCE\/ PABLO CIABOCCO\/ GERARDO BASILIO, de S&amp;S ROPA INFANTIL \/ ESTABLECIMIENTOS SOURIGUES\/ CARAVANA MOTORHOMES\/ JAVIER MONTEVERDE\/ DEL CERRO CONSTRUCCIONES\/ ANTONIO SACINO\/ TABACALERA ESPERT S.A.\/ ERICA CABRAL\/ CENTRO DE DISE\u00d1O ITALIANO (CDI)\/ EMPRENDEDORES DEL PROGRAMA EMPRENDER\/ EMPRESARIA SUR S.R.L, de ANDR\u00c9S CHIAPPETTA \/ EZEQUIEL PEDROZO y SUE\u00d1O IMPRESIONES 3D\/ PRODUCTORES DE MERCADO VECINO\/ BANCO DE GALICIA y BUENOS AIRES S.A.U. \/ SOCIEDAD DE FOMENTO \u00abEL OMB\u00da\u00bb \/ LUISA RODR\u00cdGUEZ CARRERA \/ MOSTAZA INDUMENTARIA\/ FUNDACI\u00d3N JUANJO\/ VOLUNTARIADO VOLBER (VOLUNTARIADO BERAZATEGUI) \/ PAMPA TRADE\/ REGINALD LEE S.A.\/ CENTRO DE MARTILLEROS Y CORREDORES P\u00daBLICOS DE BERAZATEGUI\/ RITA \u00a0RODRIGO\/ F\u00c1BRICA TEXTIL LA SELENA S.A. \/ RODOLFO FERN\u00c1NDEZ FLORIANI\/ CENTRO COMERCIAL, INDUSTRIAL Y PROFESIONAL \u201cJUAN MAR\u00cdA GUTI\u00c9RREZ\u201d\/ COMERCIO \u201cEL MAGO\u201d\/ MADERVENT\/ MAT\u00cdAS PAREDES\/ COMERCIANTES AUTOCONVOCADOS DE BARRIO MAR\u00cdTIMO\/ DR. MARCELO MALARA\/ AUTOCLUB BERAZATEGUI\/ GRACIELA DE LOS SANTOS\/ LOCAL DE ROPA INFANTIL EL N\u00daMERO UNO, del SR. FREDY RISCOSSA \/ INMOBILIARIA GRUPO PAMPA \/ SALVADOR ARAUJO \/ JOS\u00c9 VACCARO NOTTE \/ JOS\u00c9 LUIS TRIVI\u00d1O \/ MOLINARI Y MOLTECH \/ ENVASES DEL PARQUE S.A.\/ DISTRIBUIDORA FERNI \/ CARLOS BENZAQUEN \/ JOS\u00c9 LUIS M\u00c1RMOL \/ V\u00cdCTOR VARONE \/ GABRIEL IEZZI \/ GUSTAVO MANCUSO \/ JAVIER ROSALES \/ RICARDO L\u00d3PEZ \/ CRISTIAN TOLEDO \/ FILIAL BERAZATEGUI DEL CLUB BOCA JUNIORS \/ FILIAL BERAZATEGUI DEL CLUB RIVER PLATE \/ OSCAR GATTI \/ JUSTO LAMAS \/ JULIO SALIN \/ ROTARY CLUB EZPELETA \/ C\u00c1MARA DE COMERCIO BERAZATEGUI OESTE \/ CLAUDIO MARIUTTI \/ ESCUELA T\u00c9CNICA 4 \/ LUCAS MEMMO \/ ASOCIACI\u00d3N \u00abARGENTINA USA BARBIJOS\u00bb \/ ROTARY CLUB \/ MARIANA FERRAZ \/ SOCIEDAD DE FOMENTO PL\u00c1TANOS \/ SINDICATO DE TRABAJADORES MUNICIPALES DE BERAZATEGUI (de GABRIEL CAMPUSSANO) \/ ESCOMESSINA S.A. \/ MANDALA EVENTOS \/ CRISTALER\u00cdAS RIGOLLEAU \/ LA COMARCA EXTERIOR \/ CARDELLINO EVENTOS, de JUAN OROPEZA \/ LE PARK ENTRETENIMIENTOS \/ LA ADB \/ PRODUCTORES DE LA COOPERATIVA 12 DE AGOSTO \/ DAR\u00cdO \u201cPIPA\u201d BENEDETTO \/ COARDEL \/ DECOR CLEAN \/ CLUB DE LEONES DE BERAZATEGUI \/ OSCAR ALMIR\u00d3N \/ NORMA DE LOS SANTOS Y MAT\u00cdAS AGUIRRE \/ CLUB LOS LE\u00d1EROS \/ MIGUEL SEGURA (Gerente de DUPONT) \/ LEANDRO DAGAND \/ CARLOS CACACE, de ARGENPACK CORRUGADOS S.A. \/ ROTARY CLUB DE RANELAGH \/ HUEVOS FABIOLA \/ FIDEOS QU\u00c9 RICO \/ SUPERMERCADO \u201cEL C\u00c9SAR\u201d \/ COLEGIO DE MAGISTRADOS Y FUNCIONARIOS DE QUILMES \/ VER\u00d3NICA D\u00cdAZ \/ SUPERMERCADOS DIA \/ JUEZ ALEJANDRO MORA \/ SUPERMERCADO STANISCIA \/ FAMILIA FERN\u00c1NDEZ ARAG\u00d3N \u2013de Berazategui- \/ HUGO BERRETA \/ ARIEL NARV\u00c1EZ (CARNICER\u00cdA EL BUEN GUSTO) \/ CARNICER\u00cdA LA MERCED \/ EMPRENDIMIENTO DULCE ISABELLA \/ AEROCLUB R\u00cdO DE LA PLATA DE BERAZATEGUI \/ MAXI DESCUENTO Y DISTRIBUIDORA SOURIGUES \/ CASA DE RETIRO DEL COLEGIO SAN PABLO AP\u00d3STOL (El Pato) \/ SEDE DANTAS DE LA ESCUELA DE POLIC\u00cdA \u201cJUAN VUCETICH\u201d \/ FUNDACI\u00d3N CREER ES CREAR \/ SE\u00d1ALARTE \/ AGRUPACI\u00d3N H\u00c9ROES DE MALVINAS de Berazategui \/ HLB PHARMA \/ FAMILIA O\u00b4KEEFE \/ BOMBEROS VOLUNTARIOS de Berazategui \/ LEONARDO GUEDES.<\/p>\n\n\n\n<figure class=\"wp-block-image\"><img decoding=\"async\" src=\"https:\/\/ecp.yusercontent.com\/mail?url=https%3A%2F%2Fdocs.google.com%2Fuc%3Fexport%3Ddownload%26id%3D1LlE4DrwGC5XSdPioN0vKkrbP1V3SF6if%26revid%3D0ByTTxIP6k4ePVUVBYTNoYzF0RlZ1MzNkaGZKMmFDaGZ2aC9nPQ&amp;t=1600800346&amp;ymreqid=5799fcab-b43d-2794-2220-be001401c500&amp;sig=CozS7sT3S358S7qBFvCKdg--~D\" alt=\"\"\/><\/figure>\n","protected":false},"excerpt":{"rendered":"<p>Una vez m\u00e1s la Municipalidad de Berazategui y su intendente, Juan Jos\u00e9 Mussi, expresan su gratitud con aquellos ciudadanos, organizaciones y comercios que contin\u00faan colaborando desinteresadamente con donaciones de recursos de gran utilidad, para seguir haciendo frente a la situaci\u00f3n de emergencia sanitaria a causa de la pandemia de COVID-19. En esta oportunidad, el Municipio&#8230;<\/p>\n","protected":false},"author":2,"featured_media":4758,"comment_status":"open","ping_status":"open","sticky":false,"template":"","format":"standard","meta":{"footnotes":""},"categories":[3],"tags":[],"class_list":["post-5763","post","type-post","status-publish","format-standard","has-post-thumbnail","hentry","category-berazategui"],"featured_image_src":"https:\/\/diarioprincipios.com\/wp-content\/uploads\/2020\/08\/Frente-Palacio-Municipal-1024x682.jpeg","blog_images":{"medium":"https:\/\/diarioprincipios.com\/wp-content\/uploads\/2020\/08\/Frente-Palacio-Municipal-300x200.jpeg","large":"https:\/\/diarioprincipios.com\/wp-content\/uploads\/2020\/08\/Frente-Palacio-Municipal-1024x682.jpeg"},"ams_acf":[],"yoast_head":"<!-- This site is optimized with the Yoast SEO plugin v27.3 - https:\/\/yoast.com\/product\/yoast-seo-wordpress\/ -->\n<title>El Municipio volvi\u00f3 a agradecer acciones solidarias en tiempos de pandemia - Principios<\/title>\n<meta name=\"robots\" content=\"index, follow, max-snippet:-1, max-image-preview:large, max-video-preview:-1\" \/>\n<link rel=\"canonical\" href=\"https:\/\/diarioprincipios.com\/index.php\/2020\/09\/22\/el-municipio-volvio-a-agradecer-acciones-solidarias-en-tiempos-de-pandemia\/\" \/>\n<meta property=\"og:locale\" content=\"es_ES\" \/>\n<meta property=\"og:type\" content=\"article\" \/>\n<meta property=\"og:title\" content=\"El Municipio volvi\u00f3 a agradecer acciones solidarias en tiempos de pandemia - Principios\" \/>\n<meta property=\"og:description\" content=\"Una vez m\u00e1s la Municipalidad de Berazategui y su intendente, Juan Jos\u00e9 Mussi, expresan su gratitud con aquellos ciudadanos, organizaciones y comercios que contin\u00faan colaborando desinteresadamente con donaciones de recursos de gran utilidad, para seguir haciendo frente a la situaci\u00f3n de emergencia sanitaria a causa de la pandemia de COVID-19. En esta oportunidad, el Municipio...\" \/>\n<meta property=\"og:url\" content=\"https:\/\/diarioprincipios.com\/index.php\/2020\/09\/22\/el-municipio-volvio-a-agradecer-acciones-solidarias-en-tiempos-de-pandemia\/\" \/>\n<meta property=\"og:site_name\" content=\"Principios\" \/>\n<meta property=\"article:published_time\" content=\"2020-09-22T18:49:30+00:00\" \/>\n<meta property=\"article:modified_time\" content=\"2020-09-22T18:49:35+00:00\" \/>\n<meta property=\"og:image\" content=\"https:\/\/diarioprincipios.com\/wp-content\/uploads\/2020\/08\/Frente-Palacio-Municipal.jpeg\" \/>\n\t<meta property=\"og:image:width\" content=\"1280\" \/>\n\t<meta property=\"og:image:height\" content=\"853\" \/>\n\t<meta property=\"og:image:type\" content=\"image\/jpeg\" \/>\n<meta name=\"author\" content=\"Hern\u00e1n L\u00f3pez\" \/>\n<meta name=\"twitter:card\" content=\"summary_large_image\" \/>\n<meta name=\"twitter:label1\" content=\"Escrito por\" \/>\n\t<meta name=\"twitter:data1\" content=\"Hern\u00e1n L\u00f3pez\" \/>\n\t<meta name=\"twitter:label2\" content=\"Tiempo de lectura\" \/>\n\t<meta name=\"twitter:data2\" content=\"4 minutos\" \/>\n<script type=\"application\/ld+json\" class=\"yoast-schema-graph\">{\"@context\":\"https:\\\/\\\/schema.org\",\"@graph\":[{\"@type\":\"Article\",\"@id\":\"https:\\\/\\\/diarioprincipios.com\\\/index.php\\\/2020\\\/09\\\/22\\\/el-municipio-volvio-a-agradecer-acciones-solidarias-en-tiempos-de-pandemia\\\/#article\",\"isPartOf\":{\"@id\":\"https:\\\/\\\/diarioprincipios.com\\\/index.php\\\/2020\\\/09\\\/22\\\/el-municipio-volvio-a-agradecer-acciones-solidarias-en-tiempos-de-pandemia\\\/\"},\"author\":{\"name\":\"Hern\u00e1n L\u00f3pez\",\"@id\":\"https:\\\/\\\/diarioprincipios.com\\\/#\\\/schema\\\/person\\\/436d5a1fd41a5e250e23ff5a6a7cb080\"},\"headline\":\"El Municipio volvi\u00f3 a agradecer acciones solidarias en tiempos de pandemia\",\"datePublished\":\"2020-09-22T18:49:30+00:00\",\"dateModified\":\"2020-09-22T18:49:35+00:00\",\"mainEntityOfPage\":{\"@id\":\"https:\\\/\\\/diarioprincipios.com\\\/index.php\\\/2020\\\/09\\\/22\\\/el-municipio-volvio-a-agradecer-acciones-solidarias-en-tiempos-de-pandemia\\\/\"},\"wordCount\":740,\"commentCount\":0,\"publisher\":{\"@id\":\"https:\\\/\\\/diarioprincipios.com\\\/#organization\"},\"image\":{\"@id\":\"https:\\\/\\\/diarioprincipios.com\\\/index.php\\\/2020\\\/09\\\/22\\\/el-municipio-volvio-a-agradecer-acciones-solidarias-en-tiempos-de-pandemia\\\/#primaryimage\"},\"thumbnailUrl\":\"https:\\\/\\\/diarioprincipios.com\\\/wp-content\\\/uploads\\\/2020\\\/08\\\/Frente-Palacio-Municipal.jpeg\",\"articleSection\":[\"Berazategui\"],\"inLanguage\":\"es\",\"potentialAction\":[{\"@type\":\"CommentAction\",\"name\":\"Comment\",\"target\":[\"https:\\\/\\\/diarioprincipios.com\\\/index.php\\\/2020\\\/09\\\/22\\\/el-municipio-volvio-a-agradecer-acciones-solidarias-en-tiempos-de-pandemia\\\/#respond\"]}]},{\"@type\":\"WebPage\",\"@id\":\"https:\\\/\\\/diarioprincipios.com\\\/index.php\\\/2020\\\/09\\\/22\\\/el-municipio-volvio-a-agradecer-acciones-solidarias-en-tiempos-de-pandemia\\\/\",\"url\":\"https:\\\/\\\/diarioprincipios.com\\\/index.php\\\/2020\\\/09\\\/22\\\/el-municipio-volvio-a-agradecer-acciones-solidarias-en-tiempos-de-pandemia\\\/\",\"name\":\"El Municipio volvi\u00f3 a agradecer acciones solidarias en tiempos de pandemia - Principios\",\"isPartOf\":{\"@id\":\"https:\\\/\\\/diarioprincipios.com\\\/#website\"},\"primaryImageOfPage\":{\"@id\":\"https:\\\/\\\/diarioprincipios.com\\\/index.php\\\/2020\\\/09\\\/22\\\/el-municipio-volvio-a-agradecer-acciones-solidarias-en-tiempos-de-pandemia\\\/#primaryimage\"},\"image\":{\"@id\":\"https:\\\/\\\/diarioprincipios.com\\\/index.php\\\/2020\\\/09\\\/22\\\/el-municipio-volvio-a-agradecer-acciones-solidarias-en-tiempos-de-pandemia\\\/#primaryimage\"},\"thumbnailUrl\":\"https:\\\/\\\/diarioprincipios.com\\\/wp-content\\\/uploads\\\/2020\\\/08\\\/Frente-Palacio-Municipal.jpeg\",\"datePublished\":\"2020-09-22T18:49:30+00:00\",\"dateModified\":\"2020-09-22T18:49:35+00:00\",\"breadcrumb\":{\"@id\":\"https:\\\/\\\/diarioprincipios.com\\\/index.php\\\/2020\\\/09\\\/22\\\/el-municipio-volvio-a-agradecer-acciones-solidarias-en-tiempos-de-pandemia\\\/#breadcrumb\"},\"inLanguage\":\"es\",\"potentialAction\":[{\"@type\":\"ReadAction\",\"target\":[\"https:\\\/\\\/diarioprincipios.com\\\/index.php\\\/2020\\\/09\\\/22\\\/el-municipio-volvio-a-agradecer-acciones-solidarias-en-tiempos-de-pandemia\\\/\"]}]},{\"@type\":\"ImageObject\",\"inLanguage\":\"es\",\"@id\":\"https:\\\/\\\/diarioprincipios.com\\\/index.php\\\/2020\\\/09\\\/22\\\/el-municipio-volvio-a-agradecer-acciones-solidarias-en-tiempos-de-pandemia\\\/#primaryimage\",\"url\":\"https:\\\/\\\/diarioprincipios.com\\\/wp-content\\\/uploads\\\/2020\\\/08\\\/Frente-Palacio-Municipal.jpeg\",\"contentUrl\":\"https:\\\/\\\/diarioprincipios.com\\\/wp-content\\\/uploads\\\/2020\\\/08\\\/Frente-Palacio-Municipal.jpeg\",\"width\":1280,\"height\":853},{\"@type\":\"BreadcrumbList\",\"@id\":\"https:\\\/\\\/diarioprincipios.com\\\/index.php\\\/2020\\\/09\\\/22\\\/el-municipio-volvio-a-agradecer-acciones-solidarias-en-tiempos-de-pandemia\\\/#breadcrumb\",\"itemListElement\":[{\"@type\":\"ListItem\",\"position\":1,\"name\":\"Portada\",\"item\":\"https:\\\/\\\/diarioprincipios.com\\\/\"},{\"@type\":\"ListItem\",\"position\":2,\"name\":\"El Municipio volvi\u00f3 a agradecer acciones solidarias en tiempos de pandemia\"}]},{\"@type\":\"WebSite\",\"@id\":\"https:\\\/\\\/diarioprincipios.com\\\/#website\",\"url\":\"https:\\\/\\\/diarioprincipios.com\\\/\",\"name\":\"Principios\",\"description\":\"Principios Diario\",\"publisher\":{\"@id\":\"https:\\\/\\\/diarioprincipios.com\\\/#organization\"},\"potentialAction\":[{\"@type\":\"SearchAction\",\"target\":{\"@type\":\"EntryPoint\",\"urlTemplate\":\"https:\\\/\\\/diarioprincipios.com\\\/?s={search_term_string}\"},\"query-input\":{\"@type\":\"PropertyValueSpecification\",\"valueRequired\":true,\"valueName\":\"search_term_string\"}}],\"inLanguage\":\"es\"},{\"@type\":\"Organization\",\"@id\":\"https:\\\/\\\/diarioprincipios.com\\\/#organization\",\"name\":\"Principios\",\"url\":\"https:\\\/\\\/diarioprincipios.com\\\/\",\"logo\":{\"@type\":\"ImageObject\",\"inLanguage\":\"es\",\"@id\":\"https:\\\/\\\/diarioprincipios.com\\\/#\\\/schema\\\/logo\\\/image\\\/\",\"url\":\"https:\\\/\\\/diarioprincipios.com\\\/wp-content\\\/uploads\\\/2024\\\/04\\\/cropped-www.diarioprincipios.com_-1.png\",\"contentUrl\":\"https:\\\/\\\/diarioprincipios.com\\\/wp-content\\\/uploads\\\/2024\\\/04\\\/cropped-www.diarioprincipios.com_-1.png\",\"width\":5325,\"height\":1454,\"caption\":\"Principios\"},\"image\":{\"@id\":\"https:\\\/\\\/diarioprincipios.com\\\/#\\\/schema\\\/logo\\\/image\\\/\"}},{\"@type\":\"Person\",\"@id\":\"https:\\\/\\\/diarioprincipios.com\\\/#\\\/schema\\\/person\\\/436d5a1fd41a5e250e23ff5a6a7cb080\",\"name\":\"Hern\u00e1n L\u00f3pez\",\"image\":{\"@type\":\"ImageObject\",\"inLanguage\":\"es\",\"@id\":\"https:\\\/\\\/diarioprincipios.com\\\/wp-content\\\/litespeed\\\/avatar\\\/11ddfe5610ff3bd100522525b2571f48.jpg?ver=1777048341\",\"url\":\"https:\\\/\\\/diarioprincipios.com\\\/wp-content\\\/litespeed\\\/avatar\\\/11ddfe5610ff3bd100522525b2571f48.jpg?ver=1777048341\",\"contentUrl\":\"https:\\\/\\\/diarioprincipios.com\\\/wp-content\\\/litespeed\\\/avatar\\\/11ddfe5610ff3bd100522525b2571f48.jpg?ver=1777048341\",\"caption\":\"Hern\u00e1n L\u00f3pez\"},\"url\":\"https:\\\/\\\/diarioprincipios.com\\\/index.php\\\/author\\\/hernan\\\/\"}]}<\/script>\n<!-- \/ Yoast SEO plugin. -->","yoast_head_json":{"title":"El Municipio volvi\u00f3 a agradecer acciones solidarias en tiempos de pandemia - Principios","robots":{"index":"index","follow":"follow","max-snippet":"max-snippet:-1","max-image-preview":"max-image-preview:large","max-video-preview":"max-video-preview:-1"},"canonical":"https:\/\/diarioprincipios.com\/index.php\/2020\/09\/22\/el-municipio-volvio-a-agradecer-acciones-solidarias-en-tiempos-de-pandemia\/","og_locale":"es_ES","og_type":"article","og_title":"El Municipio volvi\u00f3 a agradecer acciones solidarias en tiempos de pandemia - Principios","og_description":"Una vez m\u00e1s la Municipalidad de Berazategui y su intendente, Juan Jos\u00e9 Mussi, expresan su gratitud con aquellos ciudadanos, organizaciones y comercios que contin\u00faan colaborando desinteresadamente con donaciones de recursos de gran utilidad, para seguir haciendo frente a la situaci\u00f3n de emergencia sanitaria a causa de la pandemia de COVID-19. En esta oportunidad, el Municipio...","og_url":"https:\/\/diarioprincipios.com\/index.php\/2020\/09\/22\/el-municipio-volvio-a-agradecer-acciones-solidarias-en-tiempos-de-pandemia\/","og_site_name":"Principios","article_published_time":"2020-09-22T18:49:30+00:00","article_modified_time":"2020-09-22T18:49:35+00:00","og_image":[{"width":1280,"height":853,"url":"https:\/\/diarioprincipios.com\/wp-content\/uploads\/2020\/08\/Frente-Palacio-Municipal.jpeg","type":"image\/jpeg"}],"author":"Hern\u00e1n L\u00f3pez","twitter_card":"summary_large_image","twitter_misc":{"Escrito por":"Hern\u00e1n L\u00f3pez","Tiempo de lectura":"4 minutos"},"schema":{"@context":"https:\/\/schema.org","@graph":[{"@type":"Article","@id":"https:\/\/diarioprincipios.com\/index.php\/2020\/09\/22\/el-municipio-volvio-a-agradecer-acciones-solidarias-en-tiempos-de-pandemia\/#article","isPartOf":{"@id":"https:\/\/diarioprincipios.com\/index.php\/2020\/09\/22\/el-municipio-volvio-a-agradecer-acciones-solidarias-en-tiempos-de-pandemia\/"},"author":{"name":"Hern\u00e1n L\u00f3pez","@id":"https:\/\/diarioprincipios.com\/#\/schema\/person\/436d5a1fd41a5e250e23ff5a6a7cb080"},"headline":"El Municipio volvi\u00f3 a agradecer acciones solidarias en tiempos de pandemia","datePublished":"2020-09-22T18:49:30+00:00","dateModified":"2020-09-22T18:49:35+00:00","mainEntityOfPage":{"@id":"https:\/\/diarioprincipios.com\/index.php\/2020\/09\/22\/el-municipio-volvio-a-agradecer-acciones-solidarias-en-tiempos-de-pandemia\/"},"wordCount":740,"commentCount":0,"publisher":{"@id":"https:\/\/diarioprincipios.com\/#organization"},"image":{"@id":"https:\/\/diarioprincipios.com\/index.php\/2020\/09\/22\/el-municipio-volvio-a-agradecer-acciones-solidarias-en-tiempos-de-pandemia\/#primaryimage"},"thumbnailUrl":"https:\/\/diarioprincipios.com\/wp-content\/uploads\/2020\/08\/Frente-Palacio-Municipal.jpeg","articleSection":["Berazategui"],"inLanguage":"es","potentialAction":[{"@type":"CommentAction","name":"Comment","target":["https:\/\/diarioprincipios.com\/index.php\/2020\/09\/22\/el-municipio-volvio-a-agradecer-acciones-solidarias-en-tiempos-de-pandemia\/#respond"]}]},{"@type":"WebPage","@id":"https:\/\/diarioprincipios.com\/index.php\/2020\/09\/22\/el-municipio-volvio-a-agradecer-acciones-solidarias-en-tiempos-de-pandemia\/","url":"https:\/\/diarioprincipios.com\/index.php\/2020\/09\/22\/el-municipio-volvio-a-agradecer-acciones-solidarias-en-tiempos-de-pandemia\/","name":"El Municipio volvi\u00f3 a agradecer acciones solidarias en tiempos de pandemia - Principios","isPartOf":{"@id":"https:\/\/diarioprincipios.com\/#website"},"primaryImageOfPage":{"@id":"https:\/\/diarioprincipios.com\/index.php\/2020\/09\/22\/el-municipio-volvio-a-agradecer-acciones-solidarias-en-tiempos-de-pandemia\/#primaryimage"},"image":{"@id":"https:\/\/diarioprincipios.com\/index.php\/2020\/09\/22\/el-municipio-volvio-a-agradecer-acciones-solidarias-en-tiempos-de-pandemia\/#primaryimage"},"thumbnailUrl":"https:\/\/diarioprincipios.com\/wp-content\/uploads\/2020\/08\/Frente-Palacio-Municipal.jpeg","datePublished":"2020-09-22T18:49:30+00:00","dateModified":"2020-09-22T18:49:35+00:00","breadcrumb":{"@id":"https:\/\/diarioprincipios.com\/index.php\/2020\/09\/22\/el-municipio-volvio-a-agradecer-acciones-solidarias-en-tiempos-de-pandemia\/#breadcrumb"},"inLanguage":"es","potentialAction":[{"@type":"ReadAction","target":["https:\/\/diarioprincipios.com\/index.php\/2020\/09\/22\/el-municipio-volvio-a-agradecer-acciones-solidarias-en-tiempos-de-pandemia\/"]}]},{"@type":"ImageObject","inLanguage":"es","@id":"https:\/\/diarioprincipios.com\/index.php\/2020\/09\/22\/el-municipio-volvio-a-agradecer-acciones-solidarias-en-tiempos-de-pandemia\/#primaryimage","url":"https:\/\/diarioprincipios.com\/wp-content\/uploads\/2020\/08\/Frente-Palacio-Municipal.jpeg","contentUrl":"https:\/\/diarioprincipios.com\/wp-content\/uploads\/2020\/08\/Frente-Palacio-Municipal.jpeg","width":1280,"height":853},{"@type":"BreadcrumbList","@id":"https:\/\/diarioprincipios.com\/index.php\/2020\/09\/22\/el-municipio-volvio-a-agradecer-acciones-solidarias-en-tiempos-de-pandemia\/#breadcrumb","itemListElement":[{"@type":"ListItem","position":1,"name":"Portada","item":"https:\/\/diarioprincipios.com\/"},{"@type":"ListItem","position":2,"name":"El Municipio volvi\u00f3 a agradecer acciones solidarias en tiempos de pandemia"}]},{"@type":"WebSite","@id":"https:\/\/diarioprincipios.com\/#website","url":"https:\/\/diarioprincipios.com\/","name":"Principios","description":"Principios Diario","publisher":{"@id":"https:\/\/diarioprincipios.com\/#organization"},"potentialAction":[{"@type":"SearchAction","target":{"@type":"EntryPoint","urlTemplate":"https:\/\/diarioprincipios.com\/?s={search_term_string}"},"query-input":{"@type":"PropertyValueSpecification","valueRequired":true,"valueName":"search_term_string"}}],"inLanguage":"es"},{"@type":"Organization","@id":"https:\/\/diarioprincipios.com\/#organization","name":"Principios","url":"https:\/\/diarioprincipios.com\/","logo":{"@type":"ImageObject","inLanguage":"es","@id":"https:\/\/diarioprincipios.com\/#\/schema\/logo\/image\/","url":"https:\/\/diarioprincipios.com\/wp-content\/uploads\/2024\/04\/cropped-www.diarioprincipios.com_-1.png","contentUrl":"https:\/\/diarioprincipios.com\/wp-content\/uploads\/2024\/04\/cropped-www.diarioprincipios.com_-1.png","width":5325,"height":1454,"caption":"Principios"},"image":{"@id":"https:\/\/diarioprincipios.com\/#\/schema\/logo\/image\/"}},{"@type":"Person","@id":"https:\/\/diarioprincipios.com\/#\/schema\/person\/436d5a1fd41a5e250e23ff5a6a7cb080","name":"Hern\u00e1n L\u00f3pez","image":{"@type":"ImageObject","inLanguage":"es","@id":"https:\/\/diarioprincipios.com\/wp-content\/litespeed\/avatar\/11ddfe5610ff3bd100522525b2571f48.jpg?ver=1777048341","url":"https:\/\/diarioprincipios.com\/wp-content\/litespeed\/avatar\/11ddfe5610ff3bd100522525b2571f48.jpg?ver=1777048341","contentUrl":"https:\/\/diarioprincipios.com\/wp-content\/litespeed\/avatar\/11ddfe5610ff3bd100522525b2571f48.jpg?ver=1777048341","caption":"Hern\u00e1n L\u00f3pez"},"url":"https:\/\/diarioprincipios.com\/index.php\/author\/hernan\/"}]}},"jetpack_featured_media_url":"https:\/\/diarioprincipios.com\/wp-content\/uploads\/2020\/08\/Frente-Palacio-Municipal.jpeg","_links":{"self":[{"href":"https:\/\/diarioprincipios.com\/index.php\/wp-json\/wp\/v2\/posts\/5763","targetHints":{"allow":["GET"]}}],"collection":[{"href":"https:\/\/diarioprincipios.com\/index.php\/wp-json\/wp\/v2\/posts"}],"about":[{"href":"https:\/\/diarioprincipios.com\/index.php\/wp-json\/wp\/v2\/types\/post"}],"author":[{"embeddable":true,"href":"https:\/\/diarioprincipios.com\/index.php\/wp-json\/wp\/v2\/users\/2"}],"replies":[{"embeddable":true,"href":"https:\/\/diarioprincipios.com\/index.php\/wp-json\/wp\/v2\/comments?post=5763"}],"version-history":[{"count":1,"href":"https:\/\/diarioprincipios.com\/index.php\/wp-json\/wp\/v2\/posts\/5763\/revisions"}],"predecessor-version":[{"id":5764,"href":"https:\/\/diarioprincipios.com\/index.php\/wp-json\/wp\/v2\/posts\/5763\/revisions\/5764"}],"wp:featuredmedia":[{"embeddable":true,"href":"https:\/\/diarioprincipios.com\/index.php\/wp-json\/wp\/v2\/media\/4758"}],"wp:attachment":[{"href":"https:\/\/diarioprincipios.com\/index.php\/wp-json\/wp\/v2\/media?parent=5763"}],"wp:term":[{"taxonomy":"category","embeddable":true,"href":"https:\/\/diarioprincipios.com\/index.php\/wp-json\/wp\/v2\/categories?post=5763"},{"taxonomy":"post_tag","embeddable":true,"href":"https:\/\/diarioprincipios.com\/index.php\/wp-json\/wp\/v2\/tags?post=5763"}],"curies":[{"name":"wp","href":"https:\/\/api.w.org\/{rel}","templated":true}]}}