{"id":575,"date":"2020-04-02T21:44:31","date_gmt":"2020-04-02T21:44:31","guid":{"rendered":"http:\/\/diarioprincipios.com\/?p=575"},"modified":"2020-04-02T21:44:33","modified_gmt":"2020-04-02T21:44:33","slug":"evolucionan-bien-los-6-enfermos-confirmados-de-coronavirus-en-avellaneda","status":"publish","type":"post","link":"https:\/\/diarioprincipios.com\/index.php\/2020\/04\/02\/evolucionan-bien-los-6-enfermos-confirmados-de-coronavirus-en-avellaneda\/","title":{"rendered":"Evolucionan bien los 6 enfermos confirmados de Coronavirus en Avellaneda"},"content":{"rendered":"\n<p>Siguen con buena evoluci\u00f3n los 6 casos confirmados en nuestra ciudad, de vecinos contagiados con el virus COVID-19.<\/p>\n\n\n\n<p>A su vez, hay 43 casos que se est\u00e1n evaluando para comprobar si est\u00e1n contagiados, mientras que otras 24 personas ya han sido descartadas de un posible contagio.<\/p>\n\n\n\n<p>De las 1176 personas a quienes las \u00e1reas de Seguridad y Salud les realizan el control de aislamiento por haber sido viajeros recientes, 239 vecinos ya han cumplido con ese plazo sin presentar s\u00edntomas, mientras que el resto a\u00fan debe completar la cuarentena.<\/p>\n\n\n\n<p>Adem\u00e1s entre ayer y hoy hubo 48 demorados por violar el aislamiento preventivo obligatorio, dispuesto por el Gobierno Nacional. Desde el 20 de marzo, suman 232 personas bajo esa condici\u00f3n.<\/p>\n\n\n\n<p>Mientras tanto, siguen las tareas de patrullaje con presencia en cada barrio y hay 90 m\u00f3viles de las distintas fuerzas de Seguridad que transitan a toda hora las calles de nuestra ciudad.<\/p>\n","protected":false},"excerpt":{"rendered":"<p>Siguen con buena evoluci\u00f3n los 6 casos confirmados en nuestra ciudad, de vecinos contagiados con el virus COVID-19. A su vez, hay 43 casos que se est\u00e1n evaluando para comprobar si est\u00e1n contagiados, mientras que otras 24 personas ya han sido descartadas de un posible contagio. De las 1176 personas a quienes las \u00e1reas de&#8230;<\/p>\n","protected":false},"author":2,"featured_media":561,"comment_status":"open","ping_status":"open","sticky":false,"template":"","format":"standard","meta":{"footnotes":""},"categories":[5],"tags":[],"class_list":["post-575","post","type-post","status-publish","format-standard","has-post-thumbnail","hentry","category-avellaneda"],"featured_image_src":"https:\/\/diarioprincipios.com\/wp-content\/uploads\/2020\/03\/covid2-1024x576.jpg","blog_images":{"medium":"https:\/\/diarioprincipios.com\/wp-content\/uploads\/2020\/03\/covid2-300x169.jpg","large":"https:\/\/diarioprincipios.com\/wp-content\/uploads\/2020\/03\/covid2-1024x576.jpg"},"ams_acf":[],"yoast_head":"<!-- This site is optimized with the Yoast SEO plugin v27.3 - https:\/\/yoast.com\/product\/yoast-seo-wordpress\/ -->\n<title>Evolucionan bien los 6 enfermos confirmados de Coronavirus en Avellaneda - Principios<\/title>\n<meta name=\"robots\" content=\"index, follow, max-snippet:-1, max-image-preview:large, max-video-preview:-1\" \/>\n<link rel=\"canonical\" href=\"https:\/\/diarioprincipios.com\/index.php\/2020\/04\/02\/evolucionan-bien-los-6-enfermos-confirmados-de-coronavirus-en-avellaneda\/\" \/>\n<meta property=\"og:locale\" content=\"es_ES\" \/>\n<meta property=\"og:type\" content=\"article\" \/>\n<meta property=\"og:title\" content=\"Evolucionan bien los 6 enfermos confirmados de Coronavirus en Avellaneda - Principios\" \/>\n<meta property=\"og:description\" content=\"Siguen con buena evoluci\u00f3n los 6 casos confirmados en nuestra ciudad, de vecinos contagiados con el virus COVID-19. A su vez, hay 43 casos que se est\u00e1n evaluando para comprobar si est\u00e1n contagiados, mientras que otras 24 personas ya han sido descartadas de un posible contagio. De las 1176 personas a quienes las \u00e1reas de...\" \/>\n<meta property=\"og:url\" content=\"https:\/\/diarioprincipios.com\/index.php\/2020\/04\/02\/evolucionan-bien-los-6-enfermos-confirmados-de-coronavirus-en-avellaneda\/\" \/>\n<meta property=\"og:site_name\" content=\"Principios\" \/>\n<meta property=\"article:published_time\" content=\"2020-04-02T21:44:31+00:00\" \/>\n<meta property=\"article:modified_time\" content=\"2020-04-02T21:44:33+00:00\" \/>\n<meta property=\"og:image\" content=\"https:\/\/diarioprincipios.com\/wp-content\/uploads\/2020\/03\/covid2.jpg\" \/>\n\t<meta property=\"og:image:width\" content=\"1280\" \/>\n\t<meta property=\"og:image:height\" content=\"720\" \/>\n\t<meta property=\"og:image:type\" content=\"image\/jpeg\" \/>\n<meta name=\"author\" content=\"Hern\u00e1n L\u00f3pez\" \/>\n<meta name=\"twitter:card\" content=\"summary_large_image\" \/>\n<meta name=\"twitter:label1\" content=\"Escrito por\" \/>\n\t<meta name=\"twitter:data1\" content=\"Hern\u00e1n L\u00f3pez\" \/>\n\t<meta name=\"twitter:label2\" content=\"Tiempo de lectura\" \/>\n\t<meta name=\"twitter:data2\" content=\"1 minuto\" \/>\n<script type=\"application\/ld+json\" class=\"yoast-schema-graph\">{\"@context\":\"https:\\\/\\\/schema.org\",\"@graph\":[{\"@type\":\"Article\",\"@id\":\"https:\\\/\\\/diarioprincipios.com\\\/index.php\\\/2020\\\/04\\\/02\\\/evolucionan-bien-los-6-enfermos-confirmados-de-coronavirus-en-avellaneda\\\/#article\",\"isPartOf\":{\"@id\":\"https:\\\/\\\/diarioprincipios.com\\\/index.php\\\/2020\\\/04\\\/02\\\/evolucionan-bien-los-6-enfermos-confirmados-de-coronavirus-en-avellaneda\\\/\"},\"author\":{\"name\":\"Hern\u00e1n L\u00f3pez\",\"@id\":\"https:\\\/\\\/diarioprincipios.com\\\/#\\\/schema\\\/person\\\/436d5a1fd41a5e250e23ff5a6a7cb080\"},\"headline\":\"Evolucionan bien los 6 enfermos confirmados de Coronavirus en Avellaneda\",\"datePublished\":\"2020-04-02T21:44:31+00:00\",\"dateModified\":\"2020-04-02T21:44:33+00:00\",\"mainEntityOfPage\":{\"@id\":\"https:\\\/\\\/diarioprincipios.com\\\/index.php\\\/2020\\\/04\\\/02\\\/evolucionan-bien-los-6-enfermos-confirmados-de-coronavirus-en-avellaneda\\\/\"},\"wordCount\":159,\"commentCount\":0,\"publisher\":{\"@id\":\"https:\\\/\\\/diarioprincipios.com\\\/#organization\"},\"image\":{\"@id\":\"https:\\\/\\\/diarioprincipios.com\\\/index.php\\\/2020\\\/04\\\/02\\\/evolucionan-bien-los-6-enfermos-confirmados-de-coronavirus-en-avellaneda\\\/#primaryimage\"},\"thumbnailUrl\":\"https:\\\/\\\/diarioprincipios.com\\\/wp-content\\\/uploads\\\/2020\\\/03\\\/covid2.jpg\",\"articleSection\":[\"Avellaneda\"],\"inLanguage\":\"es\",\"potentialAction\":[{\"@type\":\"CommentAction\",\"name\":\"Comment\",\"target\":[\"https:\\\/\\\/diarioprincipios.com\\\/index.php\\\/2020\\\/04\\\/02\\\/evolucionan-bien-los-6-enfermos-confirmados-de-coronavirus-en-avellaneda\\\/#respond\"]}]},{\"@type\":\"WebPage\",\"@id\":\"https:\\\/\\\/diarioprincipios.com\\\/index.php\\\/2020\\\/04\\\/02\\\/evolucionan-bien-los-6-enfermos-confirmados-de-coronavirus-en-avellaneda\\\/\",\"url\":\"https:\\\/\\\/diarioprincipios.com\\\/index.php\\\/2020\\\/04\\\/02\\\/evolucionan-bien-los-6-enfermos-confirmados-de-coronavirus-en-avellaneda\\\/\",\"name\":\"Evolucionan bien los 6 enfermos confirmados de Coronavirus en Avellaneda - Principios\",\"isPartOf\":{\"@id\":\"https:\\\/\\\/diarioprincipios.com\\\/#website\"},\"primaryImageOfPage\":{\"@id\":\"https:\\\/\\\/diarioprincipios.com\\\/index.php\\\/2020\\\/04\\\/02\\\/evolucionan-bien-los-6-enfermos-confirmados-de-coronavirus-en-avellaneda\\\/#primaryimage\"},\"image\":{\"@id\":\"https:\\\/\\\/diarioprincipios.com\\\/index.php\\\/2020\\\/04\\\/02\\\/evolucionan-bien-los-6-enfermos-confirmados-de-coronavirus-en-avellaneda\\\/#primaryimage\"},\"thumbnailUrl\":\"https:\\\/\\\/diarioprincipios.com\\\/wp-content\\\/uploads\\\/2020\\\/03\\\/covid2.jpg\",\"datePublished\":\"2020-04-02T21:44:31+00:00\",\"dateModified\":\"2020-04-02T21:44:33+00:00\",\"breadcrumb\":{\"@id\":\"https:\\\/\\\/diarioprincipios.com\\\/index.php\\\/2020\\\/04\\\/02\\\/evolucionan-bien-los-6-enfermos-confirmados-de-coronavirus-en-avellaneda\\\/#breadcrumb\"},\"inLanguage\":\"es\",\"potentialAction\":[{\"@type\":\"ReadAction\",\"target\":[\"https:\\\/\\\/diarioprincipios.com\\\/index.php\\\/2020\\\/04\\\/02\\\/evolucionan-bien-los-6-enfermos-confirmados-de-coronavirus-en-avellaneda\\\/\"]}]},{\"@type\":\"ImageObject\",\"inLanguage\":\"es\",\"@id\":\"https:\\\/\\\/diarioprincipios.com\\\/index.php\\\/2020\\\/04\\\/02\\\/evolucionan-bien-los-6-enfermos-confirmados-de-coronavirus-en-avellaneda\\\/#primaryimage\",\"url\":\"https:\\\/\\\/diarioprincipios.com\\\/wp-content\\\/uploads\\\/2020\\\/03\\\/covid2.jpg\",\"contentUrl\":\"https:\\\/\\\/diarioprincipios.com\\\/wp-content\\\/uploads\\\/2020\\\/03\\\/covid2.jpg\",\"width\":1280,\"height\":720},{\"@type\":\"BreadcrumbList\",\"@id\":\"https:\\\/\\\/diarioprincipios.com\\\/index.php\\\/2020\\\/04\\\/02\\\/evolucionan-bien-los-6-enfermos-confirmados-de-coronavirus-en-avellaneda\\\/#breadcrumb\",\"itemListElement\":[{\"@type\":\"ListItem\",\"position\":1,\"name\":\"Portada\",\"item\":\"https:\\\/\\\/diarioprincipios.com\\\/\"},{\"@type\":\"ListItem\",\"position\":2,\"name\":\"Evolucionan bien los 6 enfermos confirmados de Coronavirus en Avellaneda\"}]},{\"@type\":\"WebSite\",\"@id\":\"https:\\\/\\\/diarioprincipios.com\\\/#website\",\"url\":\"https:\\\/\\\/diarioprincipios.com\\\/\",\"name\":\"Principios\",\"description\":\"Principios Diario\",\"publisher\":{\"@id\":\"https:\\\/\\\/diarioprincipios.com\\\/#organization\"},\"potentialAction\":[{\"@type\":\"SearchAction\",\"target\":{\"@type\":\"EntryPoint\",\"urlTemplate\":\"https:\\\/\\\/diarioprincipios.com\\\/?s={search_term_string}\"},\"query-input\":{\"@type\":\"PropertyValueSpecification\",\"valueRequired\":true,\"valueName\":\"search_term_string\"}}],\"inLanguage\":\"es\"},{\"@type\":\"Organization\",\"@id\":\"https:\\\/\\\/diarioprincipios.com\\\/#organization\",\"name\":\"Principios\",\"url\":\"https:\\\/\\\/diarioprincipios.com\\\/\",\"logo\":{\"@type\":\"ImageObject\",\"inLanguage\":\"es\",\"@id\":\"https:\\\/\\\/diarioprincipios.com\\\/#\\\/schema\\\/logo\\\/image\\\/\",\"url\":\"https:\\\/\\\/diarioprincipios.com\\\/wp-content\\\/uploads\\\/2024\\\/04\\\/cropped-www.diarioprincipios.com_-1.png\",\"contentUrl\":\"https:\\\/\\\/diarioprincipios.com\\\/wp-content\\\/uploads\\\/2024\\\/04\\\/cropped-www.diarioprincipios.com_-1.png\",\"width\":5325,\"height\":1454,\"caption\":\"Principios\"},\"image\":{\"@id\":\"https:\\\/\\\/diarioprincipios.com\\\/#\\\/schema\\\/logo\\\/image\\\/\"}},{\"@type\":\"Person\",\"@id\":\"https:\\\/\\\/diarioprincipios.com\\\/#\\\/schema\\\/person\\\/436d5a1fd41a5e250e23ff5a6a7cb080\",\"name\":\"Hern\u00e1n L\u00f3pez\",\"image\":{\"@type\":\"ImageObject\",\"inLanguage\":\"es\",\"@id\":\"https:\\\/\\\/diarioprincipios.com\\\/wp-content\\\/litespeed\\\/avatar\\\/11ddfe5610ff3bd100522525b2571f48.jpg?ver=1777048341\",\"url\":\"https:\\\/\\\/diarioprincipios.com\\\/wp-content\\\/litespeed\\\/avatar\\\/11ddfe5610ff3bd100522525b2571f48.jpg?ver=1777048341\",\"contentUrl\":\"https:\\\/\\\/diarioprincipios.com\\\/wp-content\\\/litespeed\\\/avatar\\\/11ddfe5610ff3bd100522525b2571f48.jpg?ver=1777048341\",\"caption\":\"Hern\u00e1n L\u00f3pez\"},\"url\":\"https:\\\/\\\/diarioprincipios.com\\\/index.php\\\/author\\\/hernan\\\/\"}]}<\/script>\n<!-- \/ Yoast SEO plugin. -->","yoast_head_json":{"title":"Evolucionan bien los 6 enfermos confirmados de Coronavirus en Avellaneda - Principios","robots":{"index":"index","follow":"follow","max-snippet":"max-snippet:-1","max-image-preview":"max-image-preview:large","max-video-preview":"max-video-preview:-1"},"canonical":"https:\/\/diarioprincipios.com\/index.php\/2020\/04\/02\/evolucionan-bien-los-6-enfermos-confirmados-de-coronavirus-en-avellaneda\/","og_locale":"es_ES","og_type":"article","og_title":"Evolucionan bien los 6 enfermos confirmados de Coronavirus en Avellaneda - Principios","og_description":"Siguen con buena evoluci\u00f3n los 6 casos confirmados en nuestra ciudad, de vecinos contagiados con el virus COVID-19. A su vez, hay 43 casos que se est\u00e1n evaluando para comprobar si est\u00e1n contagiados, mientras que otras 24 personas ya han sido descartadas de un posible contagio. De las 1176 personas a quienes las \u00e1reas de...","og_url":"https:\/\/diarioprincipios.com\/index.php\/2020\/04\/02\/evolucionan-bien-los-6-enfermos-confirmados-de-coronavirus-en-avellaneda\/","og_site_name":"Principios","article_published_time":"2020-04-02T21:44:31+00:00","article_modified_time":"2020-04-02T21:44:33+00:00","og_image":[{"width":1280,"height":720,"url":"https:\/\/diarioprincipios.com\/wp-content\/uploads\/2020\/03\/covid2.jpg","type":"image\/jpeg"}],"author":"Hern\u00e1n L\u00f3pez","twitter_card":"summary_large_image","twitter_misc":{"Escrito por":"Hern\u00e1n L\u00f3pez","Tiempo de lectura":"1 minuto"},"schema":{"@context":"https:\/\/schema.org","@graph":[{"@type":"Article","@id":"https:\/\/diarioprincipios.com\/index.php\/2020\/04\/02\/evolucionan-bien-los-6-enfermos-confirmados-de-coronavirus-en-avellaneda\/#article","isPartOf":{"@id":"https:\/\/diarioprincipios.com\/index.php\/2020\/04\/02\/evolucionan-bien-los-6-enfermos-confirmados-de-coronavirus-en-avellaneda\/"},"author":{"name":"Hern\u00e1n L\u00f3pez","@id":"https:\/\/diarioprincipios.com\/#\/schema\/person\/436d5a1fd41a5e250e23ff5a6a7cb080"},"headline":"Evolucionan bien los 6 enfermos confirmados de Coronavirus en Avellaneda","datePublished":"2020-04-02T21:44:31+00:00","dateModified":"2020-04-02T21:44:33+00:00","mainEntityOfPage":{"@id":"https:\/\/diarioprincipios.com\/index.php\/2020\/04\/02\/evolucionan-bien-los-6-enfermos-confirmados-de-coronavirus-en-avellaneda\/"},"wordCount":159,"commentCount":0,"publisher":{"@id":"https:\/\/diarioprincipios.com\/#organization"},"image":{"@id":"https:\/\/diarioprincipios.com\/index.php\/2020\/04\/02\/evolucionan-bien-los-6-enfermos-confirmados-de-coronavirus-en-avellaneda\/#primaryimage"},"thumbnailUrl":"https:\/\/diarioprincipios.com\/wp-content\/uploads\/2020\/03\/covid2.jpg","articleSection":["Avellaneda"],"inLanguage":"es","potentialAction":[{"@type":"CommentAction","name":"Comment","target":["https:\/\/diarioprincipios.com\/index.php\/2020\/04\/02\/evolucionan-bien-los-6-enfermos-confirmados-de-coronavirus-en-avellaneda\/#respond"]}]},{"@type":"WebPage","@id":"https:\/\/diarioprincipios.com\/index.php\/2020\/04\/02\/evolucionan-bien-los-6-enfermos-confirmados-de-coronavirus-en-avellaneda\/","url":"https:\/\/diarioprincipios.com\/index.php\/2020\/04\/02\/evolucionan-bien-los-6-enfermos-confirmados-de-coronavirus-en-avellaneda\/","name":"Evolucionan bien los 6 enfermos confirmados de Coronavirus en Avellaneda - Principios","isPartOf":{"@id":"https:\/\/diarioprincipios.com\/#website"},"primaryImageOfPage":{"@id":"https:\/\/diarioprincipios.com\/index.php\/2020\/04\/02\/evolucionan-bien-los-6-enfermos-confirmados-de-coronavirus-en-avellaneda\/#primaryimage"},"image":{"@id":"https:\/\/diarioprincipios.com\/index.php\/2020\/04\/02\/evolucionan-bien-los-6-enfermos-confirmados-de-coronavirus-en-avellaneda\/#primaryimage"},"thumbnailUrl":"https:\/\/diarioprincipios.com\/wp-content\/uploads\/2020\/03\/covid2.jpg","datePublished":"2020-04-02T21:44:31+00:00","dateModified":"2020-04-02T21:44:33+00:00","breadcrumb":{"@id":"https:\/\/diarioprincipios.com\/index.php\/2020\/04\/02\/evolucionan-bien-los-6-enfermos-confirmados-de-coronavirus-en-avellaneda\/#breadcrumb"},"inLanguage":"es","potentialAction":[{"@type":"ReadAction","target":["https:\/\/diarioprincipios.com\/index.php\/2020\/04\/02\/evolucionan-bien-los-6-enfermos-confirmados-de-coronavirus-en-avellaneda\/"]}]},{"@type":"ImageObject","inLanguage":"es","@id":"https:\/\/diarioprincipios.com\/index.php\/2020\/04\/02\/evolucionan-bien-los-6-enfermos-confirmados-de-coronavirus-en-avellaneda\/#primaryimage","url":"https:\/\/diarioprincipios.com\/wp-content\/uploads\/2020\/03\/covid2.jpg","contentUrl":"https:\/\/diarioprincipios.com\/wp-content\/uploads\/2020\/03\/covid2.jpg","width":1280,"height":720},{"@type":"BreadcrumbList","@id":"https:\/\/diarioprincipios.com\/index.php\/2020\/04\/02\/evolucionan-bien-los-6-enfermos-confirmados-de-coronavirus-en-avellaneda\/#breadcrumb","itemListElement":[{"@type":"ListItem","position":1,"name":"Portada","item":"https:\/\/diarioprincipios.com\/"},{"@type":"ListItem","position":2,"name":"Evolucionan bien los 6 enfermos confirmados de Coronavirus en Avellaneda"}]},{"@type":"WebSite","@id":"https:\/\/diarioprincipios.com\/#website","url":"https:\/\/diarioprincipios.com\/","name":"Principios","description":"Principios Diario","publisher":{"@id":"https:\/\/diarioprincipios.com\/#organization"},"potentialAction":[{"@type":"SearchAction","target":{"@type":"EntryPoint","urlTemplate":"https:\/\/diarioprincipios.com\/?s={search_term_string}"},"query-input":{"@type":"PropertyValueSpecification","valueRequired":true,"valueName":"search_term_string"}}],"inLanguage":"es"},{"@type":"Organization","@id":"https:\/\/diarioprincipios.com\/#organization","name":"Principios","url":"https:\/\/diarioprincipios.com\/","logo":{"@type":"ImageObject","inLanguage":"es","@id":"https:\/\/diarioprincipios.com\/#\/schema\/logo\/image\/","url":"https:\/\/diarioprincipios.com\/wp-content\/uploads\/2024\/04\/cropped-www.diarioprincipios.com_-1.png","contentUrl":"https:\/\/diarioprincipios.com\/wp-content\/uploads\/2024\/04\/cropped-www.diarioprincipios.com_-1.png","width":5325,"height":1454,"caption":"Principios"},"image":{"@id":"https:\/\/diarioprincipios.com\/#\/schema\/logo\/image\/"}},{"@type":"Person","@id":"https:\/\/diarioprincipios.com\/#\/schema\/person\/436d5a1fd41a5e250e23ff5a6a7cb080","name":"Hern\u00e1n L\u00f3pez","image":{"@type":"ImageObject","inLanguage":"es","@id":"https:\/\/diarioprincipios.com\/wp-content\/litespeed\/avatar\/11ddfe5610ff3bd100522525b2571f48.jpg?ver=1777048341","url":"https:\/\/diarioprincipios.com\/wp-content\/litespeed\/avatar\/11ddfe5610ff3bd100522525b2571f48.jpg?ver=1777048341","contentUrl":"https:\/\/diarioprincipios.com\/wp-content\/litespeed\/avatar\/11ddfe5610ff3bd100522525b2571f48.jpg?ver=1777048341","caption":"Hern\u00e1n L\u00f3pez"},"url":"https:\/\/diarioprincipios.com\/index.php\/author\/hernan\/"}]}},"jetpack_featured_media_url":"https:\/\/diarioprincipios.com\/wp-content\/uploads\/2020\/03\/covid2.jpg","_links":{"self":[{"href":"https:\/\/diarioprincipios.com\/index.php\/wp-json\/wp\/v2\/posts\/575","targetHints":{"allow":["GET"]}}],"collection":[{"href":"https:\/\/diarioprincipios.com\/index.php\/wp-json\/wp\/v2\/posts"}],"about":[{"href":"https:\/\/diarioprincipios.com\/index.php\/wp-json\/wp\/v2\/types\/post"}],"author":[{"embeddable":true,"href":"https:\/\/diarioprincipios.com\/index.php\/wp-json\/wp\/v2\/users\/2"}],"replies":[{"embeddable":true,"href":"https:\/\/diarioprincipios.com\/index.php\/wp-json\/wp\/v2\/comments?post=575"}],"version-history":[{"count":1,"href":"https:\/\/diarioprincipios.com\/index.php\/wp-json\/wp\/v2\/posts\/575\/revisions"}],"predecessor-version":[{"id":576,"href":"https:\/\/diarioprincipios.com\/index.php\/wp-json\/wp\/v2\/posts\/575\/revisions\/576"}],"wp:featuredmedia":[{"embeddable":true,"href":"https:\/\/diarioprincipios.com\/index.php\/wp-json\/wp\/v2\/media\/561"}],"wp:attachment":[{"href":"https:\/\/diarioprincipios.com\/index.php\/wp-json\/wp\/v2\/media?parent=575"}],"wp:term":[{"taxonomy":"category","embeddable":true,"href":"https:\/\/diarioprincipios.com\/index.php\/wp-json\/wp\/v2\/categories?post=575"},{"taxonomy":"post_tag","embeddable":true,"href":"https:\/\/diarioprincipios.com\/index.php\/wp-json\/wp\/v2\/tags?post=575"}],"curies":[{"name":"wp","href":"https:\/\/api.w.org\/{rel}","templated":true}]}}