{"id":5746,"date":"2020-09-22T13:30:07","date_gmt":"2020-09-22T16:30:07","guid":{"rendered":"http:\/\/diarioprincipios.com\/?p=5746"},"modified":"2020-09-22T14:05:36","modified_gmt":"2020-09-22T17:05:36","slug":"berazategui-recicla-cumplio-4-anos-y-sigue-creciendo","status":"publish","type":"post","link":"https:\/\/diarioprincipios.com\/index.php\/2020\/09\/22\/berazategui-recicla-cumplio-4-anos-y-sigue-creciendo\/","title":{"rendered":"\u00abBerazategui Recicla\u00bb cumpli\u00f3 4 a\u00f1os y sigue creciendo"},"content":{"rendered":"\n<p><strong>El 21 de septiembre, el Programa municipal \u201cBerazategui Recicla\u201d lleg\u00f3 a los 4 a\u00f1os de su implementaci\u00f3n. La iniciativa, que apunta a fomentar la separaci\u00f3n de residuos reciclables desde el hogar, adem\u00e1s de generar puestos de trabajo, ayuda a reducir considerablemente la cantidad de basura que se lleva a la CEAMSE (Coordinaci\u00f3n Ecol\u00f3gica \u00c1rea Metropolitana Sociedad del Estado). Debido a su gran crecimiento, est\u00e1 en desarrollo un nuevo Centro de Acopio, que se suma al que ya exist\u00eda y a los 36 Ecopuntos distribuidos en la Ciudad.<\/strong><\/p>\n\n\n\n<figure class=\"wp-block-image size-large\"><img loading=\"lazy\" decoding=\"async\" width=\"1024\" height=\"768\" src=\"https:\/\/diarioprincipios.com\/wp-content\/uploads\/2020\/09\/BERAZATEGUI-RECICLA-DESDE-HACE-4-ANOS-Y-SIGUECRECIENDO-3-1-1-1024x768.jpg\" alt=\"\" class=\"wp-image-5755\" srcset=\"https:\/\/diarioprincipios.com\/wp-content\/uploads\/2020\/09\/BERAZATEGUI-RECICLA-DESDE-HACE-4-ANOS-Y-SIGUECRECIENDO-3-1-1-1024x768.jpg 1024w, https:\/\/diarioprincipios.com\/wp-content\/uploads\/2020\/09\/BERAZATEGUI-RECICLA-DESDE-HACE-4-ANOS-Y-SIGUECRECIENDO-3-1-1-300x225.jpg 300w, https:\/\/diarioprincipios.com\/wp-content\/uploads\/2020\/09\/BERAZATEGUI-RECICLA-DESDE-HACE-4-ANOS-Y-SIGUECRECIENDO-3-1-1-768x576.jpg 768w, https:\/\/diarioprincipios.com\/wp-content\/uploads\/2020\/09\/BERAZATEGUI-RECICLA-DESDE-HACE-4-ANOS-Y-SIGUECRECIENDO-3-1-1-1536x1152.jpg 1536w, https:\/\/diarioprincipios.com\/wp-content\/uploads\/2020\/09\/BERAZATEGUI-RECICLA-DESDE-HACE-4-ANOS-Y-SIGUECRECIENDO-3-1-1.jpg 1920w\" sizes=\"auto, (max-width: 1024px) 100vw, 1024px\" \/><\/figure>\n\n\n\n<p>\u201cEste 21 de septiembre el Programa cumple 4 a\u00f1os. En 2016 lo inauguramos con el ex intendente, Juan Patricio Mussi, y con el Dr. Juan Jos\u00e9 Mussi. Empezamos con 10 Ecopuntos, donde la gente lleva residuos a reciclar, y un Centro de Acopio en Hudson. Hoy contamos con 36 Ecopuntos y abrimos un segundo Centro de Acopio en calle 3 y 117, debido a su crecimiento\u00bb, inform\u00f3 Marcelo Benedetti, secretario de Organizaciones No Gubernamentales (ONG) del Municipio, y agreg\u00f3: \u201cCerca de 200 personas en total trabajan en estos espacios. Los materiales que se reciclan son: cart\u00f3n, papel, pl\u00e1stico, metal, vidrio, aparatos electr\u00f3nicos, aceite de cocina, pilas, entre otros. En lo que va del a\u00f1o, casi 700 mil Kg de pl\u00e1stico, cart\u00f3n y metal transportamos y separamos para vender a las empresas que los reciclan, de las cuales tenemos gran demanda. 2.400.000 Kg de material reciclable en estos 4 a\u00f1os se transformaron en escobillones, en nuevo cart\u00f3n, en nuevo papel, en bloques de pl\u00e1stico. Es un gran aporte al ambiente\u201d.<\/p>\n\n\n\n<figure class=\"wp-block-image size-large\"><img loading=\"lazy\" decoding=\"async\" width=\"1024\" height=\"748\" src=\"https:\/\/diarioprincipios.com\/wp-content\/uploads\/2020\/09\/Screenshot_20200922-140155_Gallery-1024x748.jpg\" alt=\"\" class=\"wp-image-5759\" srcset=\"https:\/\/diarioprincipios.com\/wp-content\/uploads\/2020\/09\/Screenshot_20200922-140155_Gallery-1024x748.jpg 1024w, https:\/\/diarioprincipios.com\/wp-content\/uploads\/2020\/09\/Screenshot_20200922-140155_Gallery-300x219.jpg 300w, https:\/\/diarioprincipios.com\/wp-content\/uploads\/2020\/09\/Screenshot_20200922-140155_Gallery-768x561.jpg 768w, https:\/\/diarioprincipios.com\/wp-content\/uploads\/2020\/09\/Screenshot_20200922-140155_Gallery.jpg 1080w\" sizes=\"auto, (max-width: 1024px) 100vw, 1024px\" \/><\/figure>\n\n\n\n<p>\u201cTenemos 36 Ecopuntos, y despu\u00e9s de 4 a\u00f1os y de haber establecido el primer Centro de Acopio en R\u00edo Encantado, estamos gestionando el segundo en calle 3, esquina 117, que ya funciona desde el 11 de julio de este a\u00f1o, con plena aceptaci\u00f3n de los vecinos y participaci\u00f3n de los recolectores informales. En dos turnos se re\u00fanen los recicladores que, respetando todas las medidas de higiene y seguridad necesarias, separan los materiales para ser embolsados y retirados por la f\u00e1brica que apoya estos proyectos\u201d, explic\u00f3 Ana G\u00f3mez, coordinadora de \u00abBerazategui Recicla\u00bb. Y agreg\u00f3: \u201cEsto nos hace sentir realmente orgullosos. Se est\u00e1 construyendo este espacio con material reciclado; el pared\u00f3n con botellas de vidrio y cubiertas de autos, y el mural con tapitas de pl\u00e1stico\u201d.<\/p>\n\n\n\n<p>El Programa fomenta la separaci\u00f3n de residuos reciclables desde el hogar. Una vez retirados por m\u00e1s de 1500 casas al mes, son llevados a los Ecopuntos, que son Centros de acopio que funcionan en entidades barriales, como clubes y Sociedades de fomento. All\u00ed, se realiza la clasificaci\u00f3n y todo el proceso previo al tratamiento de los materiales recuperados. Estos espacios est\u00e1n abiertos de 8.00 a 12.00 y sus ubicaciones exactas pueden encontrarse en la Web&nbsp;<a rel=\"noreferrer noopener\" target=\"_blank\" href=\"http:\/\/berazategui.gob.ar\/recicla\">berazategui.gob.ar\/recicla<\/a>.<\/p>\n\n\n\n\n\n<p>\u201cEn este contexto, la gente sale a la calle a recolectar materiales reciclables, tambi\u00e9n pueden llevarlos a los Ecopuntos cercanos, y ahora se sum\u00f3 el sistema telef\u00f3nico, por el cual llaman y nosotros vamos al d\u00eda siguiente y los retiramos. As\u00ed evitamos que los tiren a la calle y que salgan de sus casas\u201d. De este modo, trav\u00e9s del sistema a domicilio, se garantiza que contin\u00fae la separaci\u00f3n de los residuos a pesar de la pandemia, ya que cuando los ciudadanos juntan en sus casas dos bolsas o m\u00e1s de vidrio, papel, cart\u00f3n, aluminio y pl\u00e1stico (limpios y secos); o aceite vegetal usado, residuos electr\u00f3nicos y pilas, llaman al 4356-9200 (Internos 1314\/15), o env\u00edan un mensaje por WhatsApp al 11-2451-8176. Seguidamente, los recolectores pasan a retirarlas para llevar a los Ecopuntos. As\u00ed, la Comuna logra un ahorro en el traslado y tratamiento de los residuos, que es reinvertido en obras y mejoras para los ciudadanos berazateguenses.<\/p>\n\n\n\n<p>\u201cGran cantidad de material es reconvertido, genera beneficio econ\u00f3mico para quienes lo reciclan y representa un gran aporte al cuidado del ambiente. Algo important\u00edsimo fue la incorporaci\u00f3n que Juan Patricio Mussi hizo de bicicletas el\u00e9ctricas para la recolecci\u00f3n de material reciclable en los barrios\u201d, recuerda Benedetti. El Programa incorpor\u00f3 74 bicicletas en marzo del a\u00f1o pasado y la recolecci\u00f3n se increment\u00f3 considerablemente.<\/p>\n\n\n\n<p>Actualmente, con el fin de evitar la propagaci\u00f3n del COVID-19, todos los d\u00edas se les toma la temperatura a los recolectores antes de que empiecen a trabajar. Asimismo, a los vecinos se les solicita que, previamente a sacar las bolsas con el material reciclable, las roc\u00eden con lavandina diluida.<\/p>\n","protected":false},"excerpt":{"rendered":"<p>El 21 de septiembre, el Programa municipal \u201cBerazategui Recicla\u201d lleg\u00f3 a los 4 a\u00f1os de su implementaci\u00f3n. La iniciativa, que apunta a fomentar la separaci\u00f3n de residuos reciclables desde el hogar, adem\u00e1s de generar puestos de trabajo, ayuda a reducir considerablemente la cantidad de basura que se lleva a la CEAMSE (Coordinaci\u00f3n Ecol\u00f3gica \u00c1rea Metropolitana&#8230;<\/p>\n","protected":false},"author":2,"featured_media":5760,"comment_status":"open","ping_status":"open","sticky":false,"template":"","format":"standard","meta":{"footnotes":""},"categories":[3],"tags":[],"class_list":["post-5746","post","type-post","status-publish","format-standard","has-post-thumbnail","hentry","category-berazategui"],"featured_image_src":"https:\/\/diarioprincipios.com\/wp-content\/uploads\/2020\/09\/Screenshot_20200922-140213_Gallery-1024x637.jpg","blog_images":{"medium":"https:\/\/diarioprincipios.com\/wp-content\/uploads\/2020\/09\/Screenshot_20200922-140213_Gallery-300x187.jpg","large":"https:\/\/diarioprincipios.com\/wp-content\/uploads\/2020\/09\/Screenshot_20200922-140213_Gallery-1024x637.jpg"},"ams_acf":[],"yoast_head":"<!-- This site is optimized with the Yoast SEO plugin v27.3 - https:\/\/yoast.com\/product\/yoast-seo-wordpress\/ -->\n<title>&quot;Berazategui Recicla&quot; cumpli\u00f3 4 a\u00f1os y sigue creciendo - Principios<\/title>\n<meta name=\"robots\" content=\"index, follow, max-snippet:-1, max-image-preview:large, max-video-preview:-1\" \/>\n<link rel=\"canonical\" href=\"https:\/\/diarioprincipios.com\/index.php\/2020\/09\/22\/berazategui-recicla-cumplio-4-anos-y-sigue-creciendo\/\" \/>\n<meta property=\"og:locale\" content=\"es_ES\" \/>\n<meta property=\"og:type\" content=\"article\" \/>\n<meta property=\"og:title\" content=\"&quot;Berazategui Recicla&quot; cumpli\u00f3 4 a\u00f1os y sigue creciendo - Principios\" \/>\n<meta property=\"og:description\" content=\"El 21 de septiembre, el Programa municipal \u201cBerazategui Recicla\u201d lleg\u00f3 a los 4 a\u00f1os de su implementaci\u00f3n. La iniciativa, que apunta a fomentar la separaci\u00f3n de residuos reciclables desde el hogar, adem\u00e1s de generar puestos de trabajo, ayuda a reducir considerablemente la cantidad de basura que se lleva a la CEAMSE (Coordinaci\u00f3n Ecol\u00f3gica \u00c1rea Metropolitana...\" \/>\n<meta property=\"og:url\" content=\"https:\/\/diarioprincipios.com\/index.php\/2020\/09\/22\/berazategui-recicla-cumplio-4-anos-y-sigue-creciendo\/\" \/>\n<meta property=\"og:site_name\" content=\"Principios\" \/>\n<meta property=\"article:published_time\" content=\"2020-09-22T16:30:07+00:00\" \/>\n<meta property=\"article:modified_time\" content=\"2020-09-22T17:05:36+00:00\" \/>\n<meta property=\"og:image\" content=\"https:\/\/diarioprincipios.com\/wp-content\/uploads\/2020\/09\/Screenshot_20200922-140213_Gallery.jpg\" \/>\n\t<meta property=\"og:image:width\" content=\"1080\" \/>\n\t<meta property=\"og:image:height\" content=\"672\" \/>\n\t<meta property=\"og:image:type\" content=\"image\/jpeg\" \/>\n<meta name=\"author\" content=\"Hern\u00e1n L\u00f3pez\" \/>\n<meta name=\"twitter:card\" content=\"summary_large_image\" \/>\n<meta name=\"twitter:label1\" content=\"Escrito por\" \/>\n\t<meta name=\"twitter:data1\" content=\"Hern\u00e1n L\u00f3pez\" \/>\n\t<meta name=\"twitter:label2\" content=\"Tiempo de lectura\" \/>\n\t<meta name=\"twitter:data2\" content=\"4 minutos\" \/>\n<script type=\"application\/ld+json\" class=\"yoast-schema-graph\">{\"@context\":\"https:\\\/\\\/schema.org\",\"@graph\":[{\"@type\":\"Article\",\"@id\":\"https:\\\/\\\/diarioprincipios.com\\\/index.php\\\/2020\\\/09\\\/22\\\/berazategui-recicla-cumplio-4-anos-y-sigue-creciendo\\\/#article\",\"isPartOf\":{\"@id\":\"https:\\\/\\\/diarioprincipios.com\\\/index.php\\\/2020\\\/09\\\/22\\\/berazategui-recicla-cumplio-4-anos-y-sigue-creciendo\\\/\"},\"author\":{\"name\":\"Hern\u00e1n L\u00f3pez\",\"@id\":\"https:\\\/\\\/diarioprincipios.com\\\/#\\\/schema\\\/person\\\/436d5a1fd41a5e250e23ff5a6a7cb080\"},\"headline\":\"\u00abBerazategui Recicla\u00bb cumpli\u00f3 4 a\u00f1os y sigue creciendo\",\"datePublished\":\"2020-09-22T16:30:07+00:00\",\"dateModified\":\"2020-09-22T17:05:36+00:00\",\"mainEntityOfPage\":{\"@id\":\"https:\\\/\\\/diarioprincipios.com\\\/index.php\\\/2020\\\/09\\\/22\\\/berazategui-recicla-cumplio-4-anos-y-sigue-creciendo\\\/\"},\"wordCount\":765,\"commentCount\":0,\"publisher\":{\"@id\":\"https:\\\/\\\/diarioprincipios.com\\\/#organization\"},\"image\":{\"@id\":\"https:\\\/\\\/diarioprincipios.com\\\/index.php\\\/2020\\\/09\\\/22\\\/berazategui-recicla-cumplio-4-anos-y-sigue-creciendo\\\/#primaryimage\"},\"thumbnailUrl\":\"https:\\\/\\\/diarioprincipios.com\\\/wp-content\\\/uploads\\\/2020\\\/09\\\/Screenshot_20200922-140213_Gallery.jpg\",\"articleSection\":[\"Berazategui\"],\"inLanguage\":\"es\",\"potentialAction\":[{\"@type\":\"CommentAction\",\"name\":\"Comment\",\"target\":[\"https:\\\/\\\/diarioprincipios.com\\\/index.php\\\/2020\\\/09\\\/22\\\/berazategui-recicla-cumplio-4-anos-y-sigue-creciendo\\\/#respond\"]}]},{\"@type\":\"WebPage\",\"@id\":\"https:\\\/\\\/diarioprincipios.com\\\/index.php\\\/2020\\\/09\\\/22\\\/berazategui-recicla-cumplio-4-anos-y-sigue-creciendo\\\/\",\"url\":\"https:\\\/\\\/diarioprincipios.com\\\/index.php\\\/2020\\\/09\\\/22\\\/berazategui-recicla-cumplio-4-anos-y-sigue-creciendo\\\/\",\"name\":\"\\\"Berazategui Recicla\\\" cumpli\u00f3 4 a\u00f1os y sigue creciendo - Principios\",\"isPartOf\":{\"@id\":\"https:\\\/\\\/diarioprincipios.com\\\/#website\"},\"primaryImageOfPage\":{\"@id\":\"https:\\\/\\\/diarioprincipios.com\\\/index.php\\\/2020\\\/09\\\/22\\\/berazategui-recicla-cumplio-4-anos-y-sigue-creciendo\\\/#primaryimage\"},\"image\":{\"@id\":\"https:\\\/\\\/diarioprincipios.com\\\/index.php\\\/2020\\\/09\\\/22\\\/berazategui-recicla-cumplio-4-anos-y-sigue-creciendo\\\/#primaryimage\"},\"thumbnailUrl\":\"https:\\\/\\\/diarioprincipios.com\\\/wp-content\\\/uploads\\\/2020\\\/09\\\/Screenshot_20200922-140213_Gallery.jpg\",\"datePublished\":\"2020-09-22T16:30:07+00:00\",\"dateModified\":\"2020-09-22T17:05:36+00:00\",\"breadcrumb\":{\"@id\":\"https:\\\/\\\/diarioprincipios.com\\\/index.php\\\/2020\\\/09\\\/22\\\/berazategui-recicla-cumplio-4-anos-y-sigue-creciendo\\\/#breadcrumb\"},\"inLanguage\":\"es\",\"potentialAction\":[{\"@type\":\"ReadAction\",\"target\":[\"https:\\\/\\\/diarioprincipios.com\\\/index.php\\\/2020\\\/09\\\/22\\\/berazategui-recicla-cumplio-4-anos-y-sigue-creciendo\\\/\"]}]},{\"@type\":\"ImageObject\",\"inLanguage\":\"es\",\"@id\":\"https:\\\/\\\/diarioprincipios.com\\\/index.php\\\/2020\\\/09\\\/22\\\/berazategui-recicla-cumplio-4-anos-y-sigue-creciendo\\\/#primaryimage\",\"url\":\"https:\\\/\\\/diarioprincipios.com\\\/wp-content\\\/uploads\\\/2020\\\/09\\\/Screenshot_20200922-140213_Gallery.jpg\",\"contentUrl\":\"https:\\\/\\\/diarioprincipios.com\\\/wp-content\\\/uploads\\\/2020\\\/09\\\/Screenshot_20200922-140213_Gallery.jpg\",\"width\":1080,\"height\":672},{\"@type\":\"BreadcrumbList\",\"@id\":\"https:\\\/\\\/diarioprincipios.com\\\/index.php\\\/2020\\\/09\\\/22\\\/berazategui-recicla-cumplio-4-anos-y-sigue-creciendo\\\/#breadcrumb\",\"itemListElement\":[{\"@type\":\"ListItem\",\"position\":1,\"name\":\"Portada\",\"item\":\"https:\\\/\\\/diarioprincipios.com\\\/\"},{\"@type\":\"ListItem\",\"position\":2,\"name\":\"\u00abBerazategui Recicla\u00bb cumpli\u00f3 4 a\u00f1os y sigue creciendo\"}]},{\"@type\":\"WebSite\",\"@id\":\"https:\\\/\\\/diarioprincipios.com\\\/#website\",\"url\":\"https:\\\/\\\/diarioprincipios.com\\\/\",\"name\":\"Principios\",\"description\":\"Principios Diario\",\"publisher\":{\"@id\":\"https:\\\/\\\/diarioprincipios.com\\\/#organization\"},\"potentialAction\":[{\"@type\":\"SearchAction\",\"target\":{\"@type\":\"EntryPoint\",\"urlTemplate\":\"https:\\\/\\\/diarioprincipios.com\\\/?s={search_term_string}\"},\"query-input\":{\"@type\":\"PropertyValueSpecification\",\"valueRequired\":true,\"valueName\":\"search_term_string\"}}],\"inLanguage\":\"es\"},{\"@type\":\"Organization\",\"@id\":\"https:\\\/\\\/diarioprincipios.com\\\/#organization\",\"name\":\"Principios\",\"url\":\"https:\\\/\\\/diarioprincipios.com\\\/\",\"logo\":{\"@type\":\"ImageObject\",\"inLanguage\":\"es\",\"@id\":\"https:\\\/\\\/diarioprincipios.com\\\/#\\\/schema\\\/logo\\\/image\\\/\",\"url\":\"https:\\\/\\\/diarioprincipios.com\\\/wp-content\\\/uploads\\\/2024\\\/04\\\/cropped-www.diarioprincipios.com_-1.png\",\"contentUrl\":\"https:\\\/\\\/diarioprincipios.com\\\/wp-content\\\/uploads\\\/2024\\\/04\\\/cropped-www.diarioprincipios.com_-1.png\",\"width\":5325,\"height\":1454,\"caption\":\"Principios\"},\"image\":{\"@id\":\"https:\\\/\\\/diarioprincipios.com\\\/#\\\/schema\\\/logo\\\/image\\\/\"}},{\"@type\":\"Person\",\"@id\":\"https:\\\/\\\/diarioprincipios.com\\\/#\\\/schema\\\/person\\\/436d5a1fd41a5e250e23ff5a6a7cb080\",\"name\":\"Hern\u00e1n L\u00f3pez\",\"image\":{\"@type\":\"ImageObject\",\"inLanguage\":\"es\",\"@id\":\"https:\\\/\\\/diarioprincipios.com\\\/wp-content\\\/litespeed\\\/avatar\\\/11ddfe5610ff3bd100522525b2571f48.jpg?ver=1777048341\",\"url\":\"https:\\\/\\\/diarioprincipios.com\\\/wp-content\\\/litespeed\\\/avatar\\\/11ddfe5610ff3bd100522525b2571f48.jpg?ver=1777048341\",\"contentUrl\":\"https:\\\/\\\/diarioprincipios.com\\\/wp-content\\\/litespeed\\\/avatar\\\/11ddfe5610ff3bd100522525b2571f48.jpg?ver=1777048341\",\"caption\":\"Hern\u00e1n L\u00f3pez\"},\"url\":\"https:\\\/\\\/diarioprincipios.com\\\/index.php\\\/author\\\/hernan\\\/\"}]}<\/script>\n<!-- \/ Yoast SEO plugin. -->","yoast_head_json":{"title":"\"Berazategui Recicla\" cumpli\u00f3 4 a\u00f1os y sigue creciendo - Principios","robots":{"index":"index","follow":"follow","max-snippet":"max-snippet:-1","max-image-preview":"max-image-preview:large","max-video-preview":"max-video-preview:-1"},"canonical":"https:\/\/diarioprincipios.com\/index.php\/2020\/09\/22\/berazategui-recicla-cumplio-4-anos-y-sigue-creciendo\/","og_locale":"es_ES","og_type":"article","og_title":"\"Berazategui Recicla\" cumpli\u00f3 4 a\u00f1os y sigue creciendo - Principios","og_description":"El 21 de septiembre, el Programa municipal \u201cBerazategui Recicla\u201d lleg\u00f3 a los 4 a\u00f1os de su implementaci\u00f3n. La iniciativa, que apunta a fomentar la separaci\u00f3n de residuos reciclables desde el hogar, adem\u00e1s de generar puestos de trabajo, ayuda a reducir considerablemente la cantidad de basura que se lleva a la CEAMSE (Coordinaci\u00f3n Ecol\u00f3gica \u00c1rea Metropolitana...","og_url":"https:\/\/diarioprincipios.com\/index.php\/2020\/09\/22\/berazategui-recicla-cumplio-4-anos-y-sigue-creciendo\/","og_site_name":"Principios","article_published_time":"2020-09-22T16:30:07+00:00","article_modified_time":"2020-09-22T17:05:36+00:00","og_image":[{"width":1080,"height":672,"url":"https:\/\/diarioprincipios.com\/wp-content\/uploads\/2020\/09\/Screenshot_20200922-140213_Gallery.jpg","type":"image\/jpeg"}],"author":"Hern\u00e1n L\u00f3pez","twitter_card":"summary_large_image","twitter_misc":{"Escrito por":"Hern\u00e1n L\u00f3pez","Tiempo de lectura":"4 minutos"},"schema":{"@context":"https:\/\/schema.org","@graph":[{"@type":"Article","@id":"https:\/\/diarioprincipios.com\/index.php\/2020\/09\/22\/berazategui-recicla-cumplio-4-anos-y-sigue-creciendo\/#article","isPartOf":{"@id":"https:\/\/diarioprincipios.com\/index.php\/2020\/09\/22\/berazategui-recicla-cumplio-4-anos-y-sigue-creciendo\/"},"author":{"name":"Hern\u00e1n L\u00f3pez","@id":"https:\/\/diarioprincipios.com\/#\/schema\/person\/436d5a1fd41a5e250e23ff5a6a7cb080"},"headline":"\u00abBerazategui Recicla\u00bb cumpli\u00f3 4 a\u00f1os y sigue creciendo","datePublished":"2020-09-22T16:30:07+00:00","dateModified":"2020-09-22T17:05:36+00:00","mainEntityOfPage":{"@id":"https:\/\/diarioprincipios.com\/index.php\/2020\/09\/22\/berazategui-recicla-cumplio-4-anos-y-sigue-creciendo\/"},"wordCount":765,"commentCount":0,"publisher":{"@id":"https:\/\/diarioprincipios.com\/#organization"},"image":{"@id":"https:\/\/diarioprincipios.com\/index.php\/2020\/09\/22\/berazategui-recicla-cumplio-4-anos-y-sigue-creciendo\/#primaryimage"},"thumbnailUrl":"https:\/\/diarioprincipios.com\/wp-content\/uploads\/2020\/09\/Screenshot_20200922-140213_Gallery.jpg","articleSection":["Berazategui"],"inLanguage":"es","potentialAction":[{"@type":"CommentAction","name":"Comment","target":["https:\/\/diarioprincipios.com\/index.php\/2020\/09\/22\/berazategui-recicla-cumplio-4-anos-y-sigue-creciendo\/#respond"]}]},{"@type":"WebPage","@id":"https:\/\/diarioprincipios.com\/index.php\/2020\/09\/22\/berazategui-recicla-cumplio-4-anos-y-sigue-creciendo\/","url":"https:\/\/diarioprincipios.com\/index.php\/2020\/09\/22\/berazategui-recicla-cumplio-4-anos-y-sigue-creciendo\/","name":"\"Berazategui Recicla\" cumpli\u00f3 4 a\u00f1os y sigue creciendo - Principios","isPartOf":{"@id":"https:\/\/diarioprincipios.com\/#website"},"primaryImageOfPage":{"@id":"https:\/\/diarioprincipios.com\/index.php\/2020\/09\/22\/berazategui-recicla-cumplio-4-anos-y-sigue-creciendo\/#primaryimage"},"image":{"@id":"https:\/\/diarioprincipios.com\/index.php\/2020\/09\/22\/berazategui-recicla-cumplio-4-anos-y-sigue-creciendo\/#primaryimage"},"thumbnailUrl":"https:\/\/diarioprincipios.com\/wp-content\/uploads\/2020\/09\/Screenshot_20200922-140213_Gallery.jpg","datePublished":"2020-09-22T16:30:07+00:00","dateModified":"2020-09-22T17:05:36+00:00","breadcrumb":{"@id":"https:\/\/diarioprincipios.com\/index.php\/2020\/09\/22\/berazategui-recicla-cumplio-4-anos-y-sigue-creciendo\/#breadcrumb"},"inLanguage":"es","potentialAction":[{"@type":"ReadAction","target":["https:\/\/diarioprincipios.com\/index.php\/2020\/09\/22\/berazategui-recicla-cumplio-4-anos-y-sigue-creciendo\/"]}]},{"@type":"ImageObject","inLanguage":"es","@id":"https:\/\/diarioprincipios.com\/index.php\/2020\/09\/22\/berazategui-recicla-cumplio-4-anos-y-sigue-creciendo\/#primaryimage","url":"https:\/\/diarioprincipios.com\/wp-content\/uploads\/2020\/09\/Screenshot_20200922-140213_Gallery.jpg","contentUrl":"https:\/\/diarioprincipios.com\/wp-content\/uploads\/2020\/09\/Screenshot_20200922-140213_Gallery.jpg","width":1080,"height":672},{"@type":"BreadcrumbList","@id":"https:\/\/diarioprincipios.com\/index.php\/2020\/09\/22\/berazategui-recicla-cumplio-4-anos-y-sigue-creciendo\/#breadcrumb","itemListElement":[{"@type":"ListItem","position":1,"name":"Portada","item":"https:\/\/diarioprincipios.com\/"},{"@type":"ListItem","position":2,"name":"\u00abBerazategui Recicla\u00bb cumpli\u00f3 4 a\u00f1os y sigue creciendo"}]},{"@type":"WebSite","@id":"https:\/\/diarioprincipios.com\/#website","url":"https:\/\/diarioprincipios.com\/","name":"Principios","description":"Principios Diario","publisher":{"@id":"https:\/\/diarioprincipios.com\/#organization"},"potentialAction":[{"@type":"SearchAction","target":{"@type":"EntryPoint","urlTemplate":"https:\/\/diarioprincipios.com\/?s={search_term_string}"},"query-input":{"@type":"PropertyValueSpecification","valueRequired":true,"valueName":"search_term_string"}}],"inLanguage":"es"},{"@type":"Organization","@id":"https:\/\/diarioprincipios.com\/#organization","name":"Principios","url":"https:\/\/diarioprincipios.com\/","logo":{"@type":"ImageObject","inLanguage":"es","@id":"https:\/\/diarioprincipios.com\/#\/schema\/logo\/image\/","url":"https:\/\/diarioprincipios.com\/wp-content\/uploads\/2024\/04\/cropped-www.diarioprincipios.com_-1.png","contentUrl":"https:\/\/diarioprincipios.com\/wp-content\/uploads\/2024\/04\/cropped-www.diarioprincipios.com_-1.png","width":5325,"height":1454,"caption":"Principios"},"image":{"@id":"https:\/\/diarioprincipios.com\/#\/schema\/logo\/image\/"}},{"@type":"Person","@id":"https:\/\/diarioprincipios.com\/#\/schema\/person\/436d5a1fd41a5e250e23ff5a6a7cb080","name":"Hern\u00e1n L\u00f3pez","image":{"@type":"ImageObject","inLanguage":"es","@id":"https:\/\/diarioprincipios.com\/wp-content\/litespeed\/avatar\/11ddfe5610ff3bd100522525b2571f48.jpg?ver=1777048341","url":"https:\/\/diarioprincipios.com\/wp-content\/litespeed\/avatar\/11ddfe5610ff3bd100522525b2571f48.jpg?ver=1777048341","contentUrl":"https:\/\/diarioprincipios.com\/wp-content\/litespeed\/avatar\/11ddfe5610ff3bd100522525b2571f48.jpg?ver=1777048341","caption":"Hern\u00e1n L\u00f3pez"},"url":"https:\/\/diarioprincipios.com\/index.php\/author\/hernan\/"}]}},"jetpack_featured_media_url":"https:\/\/diarioprincipios.com\/wp-content\/uploads\/2020\/09\/Screenshot_20200922-140213_Gallery.jpg","_links":{"self":[{"href":"https:\/\/diarioprincipios.com\/index.php\/wp-json\/wp\/v2\/posts\/5746","targetHints":{"allow":["GET"]}}],"collection":[{"href":"https:\/\/diarioprincipios.com\/index.php\/wp-json\/wp\/v2\/posts"}],"about":[{"href":"https:\/\/diarioprincipios.com\/index.php\/wp-json\/wp\/v2\/types\/post"}],"author":[{"embeddable":true,"href":"https:\/\/diarioprincipios.com\/index.php\/wp-json\/wp\/v2\/users\/2"}],"replies":[{"embeddable":true,"href":"https:\/\/diarioprincipios.com\/index.php\/wp-json\/wp\/v2\/comments?post=5746"}],"version-history":[{"count":2,"href":"https:\/\/diarioprincipios.com\/index.php\/wp-json\/wp\/v2\/posts\/5746\/revisions"}],"predecessor-version":[{"id":5761,"href":"https:\/\/diarioprincipios.com\/index.php\/wp-json\/wp\/v2\/posts\/5746\/revisions\/5761"}],"wp:featuredmedia":[{"embeddable":true,"href":"https:\/\/diarioprincipios.com\/index.php\/wp-json\/wp\/v2\/media\/5760"}],"wp:attachment":[{"href":"https:\/\/diarioprincipios.com\/index.php\/wp-json\/wp\/v2\/media?parent=5746"}],"wp:term":[{"taxonomy":"category","embeddable":true,"href":"https:\/\/diarioprincipios.com\/index.php\/wp-json\/wp\/v2\/categories?post=5746"},{"taxonomy":"post_tag","embeddable":true,"href":"https:\/\/diarioprincipios.com\/index.php\/wp-json\/wp\/v2\/tags?post=5746"}],"curies":[{"name":"wp","href":"https:\/\/api.w.org\/{rel}","templated":true}]}}