{"id":5742,"date":"2020-09-22T12:51:37","date_gmt":"2020-09-22T15:51:37","guid":{"rendered":"http:\/\/diarioprincipios.com\/?p=5742"},"modified":"2020-09-22T12:51:42","modified_gmt":"2020-09-22T15:51:42","slug":"mas-restricciones-y-teletrabajo-en-europa-por-la-segunda-ola-de-coronavirus","status":"publish","type":"post","link":"https:\/\/diarioprincipios.com\/index.php\/2020\/09\/22\/mas-restricciones-y-teletrabajo-en-europa-por-la-segunda-ola-de-coronavirus\/","title":{"rendered":"M\u00e1s restricciones y teletrabajo en Europa por la segunda ola de coronavirus"},"content":{"rendered":"\n<p>Los pa\u00edses de Europa contin\u00faan incrementando las medidas restrictivas y el teletrabajo, con el objetivo de mitigar una segunda ola de contagios de coronavirus.<\/p>\n\n\n\n<p>En Espa\u00f1a, con una situaci\u00f3n calificada como \u00abpreocupante\u00bb por las autoridades, se pidi\u00f3 a los habitantes de Madrid, centro de la pandemia, que restrinjan \u00abal m\u00e1ximo\u00bb sus movimientos. seg\u00fan indic\u00f3 la agencia de noticias EFE.<\/p>\n\n\n\n<p>La Comunidad (regi\u00f3n) de Madrid, donde desde hoy habr\u00e1 m\u00e1s de 850.000 personas sometidas a restricci\u00f3n de movimientos, aporta un tercio de la cifra de nuevos contagios diarios en todo el pa\u00eds.<\/p>\n\n\n\n<p>En tanto, el Reino Unido est\u00e1 en un momento \u00abpeligroso\u00bb de la pandemia, seg\u00fan advirti\u00f3 hoy el primer ministro brit\u00e1nico, Boris Johnson, al dar a conocer nuevas medidas restrictivas para contener el avance de la Covid-19.<\/p>\n\n\n\n<p>\u00abSi la gente puede trabajar en casa, deber\u00eda\u00bb, recomend\u00f3 Johnson, al tiempo que descart\u00f3 un nuevo confinamiento total, porque \u00abhay que mantener un equilibrio\u00bb entre las medidas sanitarias y las de la protecci\u00f3n de la econom\u00eda y el empleo.<\/p>\n\n\n\n<p>Por ello, ahora los pubs, bares y restaurantes de Inglaterra deber\u00e1n cerra a las 22, a partir de este jueves, para reducir los contactos sociales y disminuir los contagios.<\/p>\n\n\n\n<p>Asimismo, en Francia se anunciaron nuevas medidas restrictivas para contener la propagaci\u00f3n del virus.<\/p>\n\n\n\n<p>Entre ellas, se prohibieron las reuniones de m\u00e1s de 10 personas en parques o playas, no podr\u00e1n celebrarse acontecimientos con m\u00e1s de 1.000 personas, y los bares y restaurantes deber\u00e1n cerrar a las 0.30.<\/p>\n\n\n\n<p>En Alemania, el Instituto Robert Koch (RKI), centro epidemiol\u00f3gico de referencia, tambi\u00e9n mostr\u00f3 su preocupaci\u00f3n por los nuevos contagios<\/p>\n\n\n\n<p>\u00abTras una estabilizaci\u00f3n temporal de los casos a un nivel elevado, se observa actualmente una nueva escalada de los contagios en la poblaci\u00f3n\u00bb, sostuvieron.<\/p>\n\n\n\n<p>Ante la situaci\u00f3n, el grupo tur\u00edstico alem\u00e1n TUI reducir\u00e1 m\u00e1s su oferta de viajes y ofrecer\u00e1 el 40% de las capacidades que ten\u00eda antes de la crisis pand\u00e9mica.<\/p>\n\n\n\n<p>Por otra parte, la Rep\u00fablica Checa contempla volver a declarar el estado de emergencia para frenar la pandemia.<\/p>\n\n\n\n<p>Desde el Ministerio de Salud checo reconocieron que durante la desescalada del confinamiento, el pa\u00eds \u00abrelaj\u00f3 las medidas m\u00e1s que en Europa\u00bb y consideraron \u00abl\u00f3gico\u00bb volver a imponer medidas restrictivas en una o dos semanas.<\/p>\n\n\n\n<p>Por \u00faltimo, en Austria, en las regiones de Salzburgo, Tirol y Vorarlberg, anunciaron que los locales de ocio cerrar\u00e1n a las 22 desde este viernes porque el \u00abinquietante desarrollo\u00bb de nuevas infecciones se debe a contagios en esos \u00e1mbitos.<\/p>\n","protected":false},"excerpt":{"rendered":"<p>Los pa\u00edses de Europa contin\u00faan incrementando las medidas restrictivas y el teletrabajo, con el objetivo de mitigar una segunda ola de contagios de coronavirus. En Espa\u00f1a, con una situaci\u00f3n calificada como \u00abpreocupante\u00bb por las autoridades, se pidi\u00f3 a los habitantes de Madrid, centro de la pandemia, que restrinjan \u00abal m\u00e1ximo\u00bb sus movimientos. seg\u00fan indic\u00f3 la&#8230;<\/p>\n","protected":false},"author":2,"featured_media":5743,"comment_status":"open","ping_status":"open","sticky":false,"template":"","format":"standard","meta":{"footnotes":""},"categories":[1],"tags":[],"class_list":["post-5742","post","type-post","status-publish","format-standard","has-post-thumbnail","hentry","category-uncategorized"],"featured_image_src":"https:\/\/diarioprincipios.com\/wp-content\/uploads\/2020\/09\/1.jpg","blog_images":{"medium":"https:\/\/diarioprincipios.com\/wp-content\/uploads\/2020\/09\/1-300x169.jpg","large":"https:\/\/diarioprincipios.com\/wp-content\/uploads\/2020\/09\/1.jpg"},"ams_acf":[],"yoast_head":"<!-- This site is optimized with the Yoast SEO plugin v27.3 - https:\/\/yoast.com\/product\/yoast-seo-wordpress\/ -->\n<title>M\u00e1s restricciones y teletrabajo en Europa por la segunda ola de coronavirus - Principios<\/title>\n<meta name=\"robots\" content=\"index, follow, max-snippet:-1, max-image-preview:large, max-video-preview:-1\" \/>\n<link rel=\"canonical\" href=\"https:\/\/diarioprincipios.com\/index.php\/2020\/09\/22\/mas-restricciones-y-teletrabajo-en-europa-por-la-segunda-ola-de-coronavirus\/\" \/>\n<meta property=\"og:locale\" content=\"es_ES\" \/>\n<meta property=\"og:type\" content=\"article\" \/>\n<meta property=\"og:title\" content=\"M\u00e1s restricciones y teletrabajo en Europa por la segunda ola de coronavirus - Principios\" \/>\n<meta property=\"og:description\" content=\"Los pa\u00edses de Europa contin\u00faan incrementando las medidas restrictivas y el teletrabajo, con el objetivo de mitigar una segunda ola de contagios de coronavirus. En Espa\u00f1a, con una situaci\u00f3n calificada como \u00abpreocupante\u00bb por las autoridades, se pidi\u00f3 a los habitantes de Madrid, centro de la pandemia, que restrinjan \u00abal m\u00e1ximo\u00bb sus movimientos. seg\u00fan indic\u00f3 la...\" \/>\n<meta property=\"og:url\" content=\"https:\/\/diarioprincipios.com\/index.php\/2020\/09\/22\/mas-restricciones-y-teletrabajo-en-europa-por-la-segunda-ola-de-coronavirus\/\" \/>\n<meta property=\"og:site_name\" content=\"Principios\" \/>\n<meta property=\"article:published_time\" content=\"2020-09-22T15:51:37+00:00\" \/>\n<meta property=\"article:modified_time\" content=\"2020-09-22T15:51:42+00:00\" \/>\n<meta property=\"og:image\" content=\"https:\/\/diarioprincipios.com\/wp-content\/uploads\/2020\/09\/1.jpg\" \/>\n\t<meta property=\"og:image:width\" content=\"1004\" \/>\n\t<meta property=\"og:image:height\" content=\"565\" \/>\n\t<meta property=\"og:image:type\" content=\"image\/jpeg\" \/>\n<meta name=\"author\" content=\"Hern\u00e1n L\u00f3pez\" \/>\n<meta name=\"twitter:card\" content=\"summary_large_image\" \/>\n<meta name=\"twitter:label1\" content=\"Escrito por\" \/>\n\t<meta name=\"twitter:data1\" content=\"Hern\u00e1n L\u00f3pez\" \/>\n\t<meta name=\"twitter:label2\" content=\"Tiempo de lectura\" \/>\n\t<meta name=\"twitter:data2\" content=\"2 minutos\" \/>\n<script type=\"application\/ld+json\" class=\"yoast-schema-graph\">{\"@context\":\"https:\\\/\\\/schema.org\",\"@graph\":[{\"@type\":\"Article\",\"@id\":\"https:\\\/\\\/diarioprincipios.com\\\/index.php\\\/2020\\\/09\\\/22\\\/mas-restricciones-y-teletrabajo-en-europa-por-la-segunda-ola-de-coronavirus\\\/#article\",\"isPartOf\":{\"@id\":\"https:\\\/\\\/diarioprincipios.com\\\/index.php\\\/2020\\\/09\\\/22\\\/mas-restricciones-y-teletrabajo-en-europa-por-la-segunda-ola-de-coronavirus\\\/\"},\"author\":{\"name\":\"Hern\u00e1n L\u00f3pez\",\"@id\":\"https:\\\/\\\/diarioprincipios.com\\\/#\\\/schema\\\/person\\\/436d5a1fd41a5e250e23ff5a6a7cb080\"},\"headline\":\"M\u00e1s restricciones y teletrabajo en Europa por la segunda ola de coronavirus\",\"datePublished\":\"2020-09-22T15:51:37+00:00\",\"dateModified\":\"2020-09-22T15:51:42+00:00\",\"mainEntityOfPage\":{\"@id\":\"https:\\\/\\\/diarioprincipios.com\\\/index.php\\\/2020\\\/09\\\/22\\\/mas-restricciones-y-teletrabajo-en-europa-por-la-segunda-ola-de-coronavirus\\\/\"},\"wordCount\":449,\"commentCount\":0,\"publisher\":{\"@id\":\"https:\\\/\\\/diarioprincipios.com\\\/#organization\"},\"image\":{\"@id\":\"https:\\\/\\\/diarioprincipios.com\\\/index.php\\\/2020\\\/09\\\/22\\\/mas-restricciones-y-teletrabajo-en-europa-por-la-segunda-ola-de-coronavirus\\\/#primaryimage\"},\"thumbnailUrl\":\"https:\\\/\\\/diarioprincipios.com\\\/wp-content\\\/uploads\\\/2020\\\/09\\\/1.jpg\",\"articleSection\":[\"Uncategorized\"],\"inLanguage\":\"es\",\"potentialAction\":[{\"@type\":\"CommentAction\",\"name\":\"Comment\",\"target\":[\"https:\\\/\\\/diarioprincipios.com\\\/index.php\\\/2020\\\/09\\\/22\\\/mas-restricciones-y-teletrabajo-en-europa-por-la-segunda-ola-de-coronavirus\\\/#respond\"]}]},{\"@type\":\"WebPage\",\"@id\":\"https:\\\/\\\/diarioprincipios.com\\\/index.php\\\/2020\\\/09\\\/22\\\/mas-restricciones-y-teletrabajo-en-europa-por-la-segunda-ola-de-coronavirus\\\/\",\"url\":\"https:\\\/\\\/diarioprincipios.com\\\/index.php\\\/2020\\\/09\\\/22\\\/mas-restricciones-y-teletrabajo-en-europa-por-la-segunda-ola-de-coronavirus\\\/\",\"name\":\"M\u00e1s restricciones y teletrabajo en Europa por la segunda ola de coronavirus - Principios\",\"isPartOf\":{\"@id\":\"https:\\\/\\\/diarioprincipios.com\\\/#website\"},\"primaryImageOfPage\":{\"@id\":\"https:\\\/\\\/diarioprincipios.com\\\/index.php\\\/2020\\\/09\\\/22\\\/mas-restricciones-y-teletrabajo-en-europa-por-la-segunda-ola-de-coronavirus\\\/#primaryimage\"},\"image\":{\"@id\":\"https:\\\/\\\/diarioprincipios.com\\\/index.php\\\/2020\\\/09\\\/22\\\/mas-restricciones-y-teletrabajo-en-europa-por-la-segunda-ola-de-coronavirus\\\/#primaryimage\"},\"thumbnailUrl\":\"https:\\\/\\\/diarioprincipios.com\\\/wp-content\\\/uploads\\\/2020\\\/09\\\/1.jpg\",\"datePublished\":\"2020-09-22T15:51:37+00:00\",\"dateModified\":\"2020-09-22T15:51:42+00:00\",\"breadcrumb\":{\"@id\":\"https:\\\/\\\/diarioprincipios.com\\\/index.php\\\/2020\\\/09\\\/22\\\/mas-restricciones-y-teletrabajo-en-europa-por-la-segunda-ola-de-coronavirus\\\/#breadcrumb\"},\"inLanguage\":\"es\",\"potentialAction\":[{\"@type\":\"ReadAction\",\"target\":[\"https:\\\/\\\/diarioprincipios.com\\\/index.php\\\/2020\\\/09\\\/22\\\/mas-restricciones-y-teletrabajo-en-europa-por-la-segunda-ola-de-coronavirus\\\/\"]}]},{\"@type\":\"ImageObject\",\"inLanguage\":\"es\",\"@id\":\"https:\\\/\\\/diarioprincipios.com\\\/index.php\\\/2020\\\/09\\\/22\\\/mas-restricciones-y-teletrabajo-en-europa-por-la-segunda-ola-de-coronavirus\\\/#primaryimage\",\"url\":\"https:\\\/\\\/diarioprincipios.com\\\/wp-content\\\/uploads\\\/2020\\\/09\\\/1.jpg\",\"contentUrl\":\"https:\\\/\\\/diarioprincipios.com\\\/wp-content\\\/uploads\\\/2020\\\/09\\\/1.jpg\",\"width\":1004,\"height\":565},{\"@type\":\"BreadcrumbList\",\"@id\":\"https:\\\/\\\/diarioprincipios.com\\\/index.php\\\/2020\\\/09\\\/22\\\/mas-restricciones-y-teletrabajo-en-europa-por-la-segunda-ola-de-coronavirus\\\/#breadcrumb\",\"itemListElement\":[{\"@type\":\"ListItem\",\"position\":1,\"name\":\"Portada\",\"item\":\"https:\\\/\\\/diarioprincipios.com\\\/\"},{\"@type\":\"ListItem\",\"position\":2,\"name\":\"M\u00e1s restricciones y teletrabajo en Europa por la segunda ola de coronavirus\"}]},{\"@type\":\"WebSite\",\"@id\":\"https:\\\/\\\/diarioprincipios.com\\\/#website\",\"url\":\"https:\\\/\\\/diarioprincipios.com\\\/\",\"name\":\"Principios\",\"description\":\"Principios Diario\",\"publisher\":{\"@id\":\"https:\\\/\\\/diarioprincipios.com\\\/#organization\"},\"potentialAction\":[{\"@type\":\"SearchAction\",\"target\":{\"@type\":\"EntryPoint\",\"urlTemplate\":\"https:\\\/\\\/diarioprincipios.com\\\/?s={search_term_string}\"},\"query-input\":{\"@type\":\"PropertyValueSpecification\",\"valueRequired\":true,\"valueName\":\"search_term_string\"}}],\"inLanguage\":\"es\"},{\"@type\":\"Organization\",\"@id\":\"https:\\\/\\\/diarioprincipios.com\\\/#organization\",\"name\":\"Principios\",\"url\":\"https:\\\/\\\/diarioprincipios.com\\\/\",\"logo\":{\"@type\":\"ImageObject\",\"inLanguage\":\"es\",\"@id\":\"https:\\\/\\\/diarioprincipios.com\\\/#\\\/schema\\\/logo\\\/image\\\/\",\"url\":\"https:\\\/\\\/diarioprincipios.com\\\/wp-content\\\/uploads\\\/2024\\\/04\\\/cropped-www.diarioprincipios.com_-1.png\",\"contentUrl\":\"https:\\\/\\\/diarioprincipios.com\\\/wp-content\\\/uploads\\\/2024\\\/04\\\/cropped-www.diarioprincipios.com_-1.png\",\"width\":5325,\"height\":1454,\"caption\":\"Principios\"},\"image\":{\"@id\":\"https:\\\/\\\/diarioprincipios.com\\\/#\\\/schema\\\/logo\\\/image\\\/\"}},{\"@type\":\"Person\",\"@id\":\"https:\\\/\\\/diarioprincipios.com\\\/#\\\/schema\\\/person\\\/436d5a1fd41a5e250e23ff5a6a7cb080\",\"name\":\"Hern\u00e1n L\u00f3pez\",\"image\":{\"@type\":\"ImageObject\",\"inLanguage\":\"es\",\"@id\":\"https:\\\/\\\/diarioprincipios.com\\\/wp-content\\\/litespeed\\\/avatar\\\/11ddfe5610ff3bd100522525b2571f48.jpg?ver=1777048341\",\"url\":\"https:\\\/\\\/diarioprincipios.com\\\/wp-content\\\/litespeed\\\/avatar\\\/11ddfe5610ff3bd100522525b2571f48.jpg?ver=1777048341\",\"contentUrl\":\"https:\\\/\\\/diarioprincipios.com\\\/wp-content\\\/litespeed\\\/avatar\\\/11ddfe5610ff3bd100522525b2571f48.jpg?ver=1777048341\",\"caption\":\"Hern\u00e1n L\u00f3pez\"},\"url\":\"https:\\\/\\\/diarioprincipios.com\\\/index.php\\\/author\\\/hernan\\\/\"}]}<\/script>\n<!-- \/ Yoast SEO plugin. -->","yoast_head_json":{"title":"M\u00e1s restricciones y teletrabajo en Europa por la segunda ola de coronavirus - Principios","robots":{"index":"index","follow":"follow","max-snippet":"max-snippet:-1","max-image-preview":"max-image-preview:large","max-video-preview":"max-video-preview:-1"},"canonical":"https:\/\/diarioprincipios.com\/index.php\/2020\/09\/22\/mas-restricciones-y-teletrabajo-en-europa-por-la-segunda-ola-de-coronavirus\/","og_locale":"es_ES","og_type":"article","og_title":"M\u00e1s restricciones y teletrabajo en Europa por la segunda ola de coronavirus - Principios","og_description":"Los pa\u00edses de Europa contin\u00faan incrementando las medidas restrictivas y el teletrabajo, con el objetivo de mitigar una segunda ola de contagios de coronavirus. En Espa\u00f1a, con una situaci\u00f3n calificada como \u00abpreocupante\u00bb por las autoridades, se pidi\u00f3 a los habitantes de Madrid, centro de la pandemia, que restrinjan \u00abal m\u00e1ximo\u00bb sus movimientos. seg\u00fan indic\u00f3 la...","og_url":"https:\/\/diarioprincipios.com\/index.php\/2020\/09\/22\/mas-restricciones-y-teletrabajo-en-europa-por-la-segunda-ola-de-coronavirus\/","og_site_name":"Principios","article_published_time":"2020-09-22T15:51:37+00:00","article_modified_time":"2020-09-22T15:51:42+00:00","og_image":[{"width":1004,"height":565,"url":"https:\/\/diarioprincipios.com\/wp-content\/uploads\/2020\/09\/1.jpg","type":"image\/jpeg"}],"author":"Hern\u00e1n L\u00f3pez","twitter_card":"summary_large_image","twitter_misc":{"Escrito por":"Hern\u00e1n L\u00f3pez","Tiempo de lectura":"2 minutos"},"schema":{"@context":"https:\/\/schema.org","@graph":[{"@type":"Article","@id":"https:\/\/diarioprincipios.com\/index.php\/2020\/09\/22\/mas-restricciones-y-teletrabajo-en-europa-por-la-segunda-ola-de-coronavirus\/#article","isPartOf":{"@id":"https:\/\/diarioprincipios.com\/index.php\/2020\/09\/22\/mas-restricciones-y-teletrabajo-en-europa-por-la-segunda-ola-de-coronavirus\/"},"author":{"name":"Hern\u00e1n L\u00f3pez","@id":"https:\/\/diarioprincipios.com\/#\/schema\/person\/436d5a1fd41a5e250e23ff5a6a7cb080"},"headline":"M\u00e1s restricciones y teletrabajo en Europa por la segunda ola de coronavirus","datePublished":"2020-09-22T15:51:37+00:00","dateModified":"2020-09-22T15:51:42+00:00","mainEntityOfPage":{"@id":"https:\/\/diarioprincipios.com\/index.php\/2020\/09\/22\/mas-restricciones-y-teletrabajo-en-europa-por-la-segunda-ola-de-coronavirus\/"},"wordCount":449,"commentCount":0,"publisher":{"@id":"https:\/\/diarioprincipios.com\/#organization"},"image":{"@id":"https:\/\/diarioprincipios.com\/index.php\/2020\/09\/22\/mas-restricciones-y-teletrabajo-en-europa-por-la-segunda-ola-de-coronavirus\/#primaryimage"},"thumbnailUrl":"https:\/\/diarioprincipios.com\/wp-content\/uploads\/2020\/09\/1.jpg","articleSection":["Uncategorized"],"inLanguage":"es","potentialAction":[{"@type":"CommentAction","name":"Comment","target":["https:\/\/diarioprincipios.com\/index.php\/2020\/09\/22\/mas-restricciones-y-teletrabajo-en-europa-por-la-segunda-ola-de-coronavirus\/#respond"]}]},{"@type":"WebPage","@id":"https:\/\/diarioprincipios.com\/index.php\/2020\/09\/22\/mas-restricciones-y-teletrabajo-en-europa-por-la-segunda-ola-de-coronavirus\/","url":"https:\/\/diarioprincipios.com\/index.php\/2020\/09\/22\/mas-restricciones-y-teletrabajo-en-europa-por-la-segunda-ola-de-coronavirus\/","name":"M\u00e1s restricciones y teletrabajo en Europa por la segunda ola de coronavirus - Principios","isPartOf":{"@id":"https:\/\/diarioprincipios.com\/#website"},"primaryImageOfPage":{"@id":"https:\/\/diarioprincipios.com\/index.php\/2020\/09\/22\/mas-restricciones-y-teletrabajo-en-europa-por-la-segunda-ola-de-coronavirus\/#primaryimage"},"image":{"@id":"https:\/\/diarioprincipios.com\/index.php\/2020\/09\/22\/mas-restricciones-y-teletrabajo-en-europa-por-la-segunda-ola-de-coronavirus\/#primaryimage"},"thumbnailUrl":"https:\/\/diarioprincipios.com\/wp-content\/uploads\/2020\/09\/1.jpg","datePublished":"2020-09-22T15:51:37+00:00","dateModified":"2020-09-22T15:51:42+00:00","breadcrumb":{"@id":"https:\/\/diarioprincipios.com\/index.php\/2020\/09\/22\/mas-restricciones-y-teletrabajo-en-europa-por-la-segunda-ola-de-coronavirus\/#breadcrumb"},"inLanguage":"es","potentialAction":[{"@type":"ReadAction","target":["https:\/\/diarioprincipios.com\/index.php\/2020\/09\/22\/mas-restricciones-y-teletrabajo-en-europa-por-la-segunda-ola-de-coronavirus\/"]}]},{"@type":"ImageObject","inLanguage":"es","@id":"https:\/\/diarioprincipios.com\/index.php\/2020\/09\/22\/mas-restricciones-y-teletrabajo-en-europa-por-la-segunda-ola-de-coronavirus\/#primaryimage","url":"https:\/\/diarioprincipios.com\/wp-content\/uploads\/2020\/09\/1.jpg","contentUrl":"https:\/\/diarioprincipios.com\/wp-content\/uploads\/2020\/09\/1.jpg","width":1004,"height":565},{"@type":"BreadcrumbList","@id":"https:\/\/diarioprincipios.com\/index.php\/2020\/09\/22\/mas-restricciones-y-teletrabajo-en-europa-por-la-segunda-ola-de-coronavirus\/#breadcrumb","itemListElement":[{"@type":"ListItem","position":1,"name":"Portada","item":"https:\/\/diarioprincipios.com\/"},{"@type":"ListItem","position":2,"name":"M\u00e1s restricciones y teletrabajo en Europa por la segunda ola de coronavirus"}]},{"@type":"WebSite","@id":"https:\/\/diarioprincipios.com\/#website","url":"https:\/\/diarioprincipios.com\/","name":"Principios","description":"Principios Diario","publisher":{"@id":"https:\/\/diarioprincipios.com\/#organization"},"potentialAction":[{"@type":"SearchAction","target":{"@type":"EntryPoint","urlTemplate":"https:\/\/diarioprincipios.com\/?s={search_term_string}"},"query-input":{"@type":"PropertyValueSpecification","valueRequired":true,"valueName":"search_term_string"}}],"inLanguage":"es"},{"@type":"Organization","@id":"https:\/\/diarioprincipios.com\/#organization","name":"Principios","url":"https:\/\/diarioprincipios.com\/","logo":{"@type":"ImageObject","inLanguage":"es","@id":"https:\/\/diarioprincipios.com\/#\/schema\/logo\/image\/","url":"https:\/\/diarioprincipios.com\/wp-content\/uploads\/2024\/04\/cropped-www.diarioprincipios.com_-1.png","contentUrl":"https:\/\/diarioprincipios.com\/wp-content\/uploads\/2024\/04\/cropped-www.diarioprincipios.com_-1.png","width":5325,"height":1454,"caption":"Principios"},"image":{"@id":"https:\/\/diarioprincipios.com\/#\/schema\/logo\/image\/"}},{"@type":"Person","@id":"https:\/\/diarioprincipios.com\/#\/schema\/person\/436d5a1fd41a5e250e23ff5a6a7cb080","name":"Hern\u00e1n L\u00f3pez","image":{"@type":"ImageObject","inLanguage":"es","@id":"https:\/\/diarioprincipios.com\/wp-content\/litespeed\/avatar\/11ddfe5610ff3bd100522525b2571f48.jpg?ver=1777048341","url":"https:\/\/diarioprincipios.com\/wp-content\/litespeed\/avatar\/11ddfe5610ff3bd100522525b2571f48.jpg?ver=1777048341","contentUrl":"https:\/\/diarioprincipios.com\/wp-content\/litespeed\/avatar\/11ddfe5610ff3bd100522525b2571f48.jpg?ver=1777048341","caption":"Hern\u00e1n L\u00f3pez"},"url":"https:\/\/diarioprincipios.com\/index.php\/author\/hernan\/"}]}},"jetpack_featured_media_url":"https:\/\/diarioprincipios.com\/wp-content\/uploads\/2020\/09\/1.jpg","_links":{"self":[{"href":"https:\/\/diarioprincipios.com\/index.php\/wp-json\/wp\/v2\/posts\/5742","targetHints":{"allow":["GET"]}}],"collection":[{"href":"https:\/\/diarioprincipios.com\/index.php\/wp-json\/wp\/v2\/posts"}],"about":[{"href":"https:\/\/diarioprincipios.com\/index.php\/wp-json\/wp\/v2\/types\/post"}],"author":[{"embeddable":true,"href":"https:\/\/diarioprincipios.com\/index.php\/wp-json\/wp\/v2\/users\/2"}],"replies":[{"embeddable":true,"href":"https:\/\/diarioprincipios.com\/index.php\/wp-json\/wp\/v2\/comments?post=5742"}],"version-history":[{"count":1,"href":"https:\/\/diarioprincipios.com\/index.php\/wp-json\/wp\/v2\/posts\/5742\/revisions"}],"predecessor-version":[{"id":5744,"href":"https:\/\/diarioprincipios.com\/index.php\/wp-json\/wp\/v2\/posts\/5742\/revisions\/5744"}],"wp:featuredmedia":[{"embeddable":true,"href":"https:\/\/diarioprincipios.com\/index.php\/wp-json\/wp\/v2\/media\/5743"}],"wp:attachment":[{"href":"https:\/\/diarioprincipios.com\/index.php\/wp-json\/wp\/v2\/media?parent=5742"}],"wp:term":[{"taxonomy":"category","embeddable":true,"href":"https:\/\/diarioprincipios.com\/index.php\/wp-json\/wp\/v2\/categories?post=5742"},{"taxonomy":"post_tag","embeddable":true,"href":"https:\/\/diarioprincipios.com\/index.php\/wp-json\/wp\/v2\/tags?post=5742"}],"curies":[{"name":"wp","href":"https:\/\/api.w.org\/{rel}","templated":true}]}}