{"id":5739,"date":"2020-09-22T12:46:48","date_gmt":"2020-09-22T15:46:48","guid":{"rendered":"http:\/\/diarioprincipios.com\/?p=5739"},"modified":"2020-09-22T12:46:53","modified_gmt":"2020-09-22T15:46:53","slug":"ya-se-usa-en-hospitales-equipamiento-medico-para-respiradores-producido-por-la-universidad-nacional-de-la-plata","status":"publish","type":"post","link":"https:\/\/diarioprincipios.com\/index.php\/2020\/09\/22\/ya-se-usa-en-hospitales-equipamiento-medico-para-respiradores-producido-por-la-universidad-nacional-de-la-plata\/","title":{"rendered":"Ya se usa en hospitales equipamiento m\u00e9dico para respiradores producido por la Universidad Nacional de La Plata"},"content":{"rendered":"\n<p>Hospitales p\u00fablicos de la regi\u00f3n capital bonaerense ya utilizan el equipamiento m\u00e9dico para respiradores destinados a pacientes en terapia intensiva, que produce el Laboratorio de Herramientas de Software Libre para Arte y Dise\u00f1o (SLAD) de la Facultad de Artes de la Universidad Nacional de La Plata (UNLP).<\/p>\n\n\n\n<p>Es que, desde los inicios de la pandemia, el SLAD desarrolla distintas l\u00edneas de trabajo tendientes a realizar un aporte al sistema de salud en un esquema de trabajo colaborativo y utilizando software libre y tecnolog\u00eda de impresi\u00f3n 3D.<\/p>\n\n\n\n<p>En un comunicado, Claudio Med\u00edn, director del SLAD, explic\u00f3 que \u00abel laboratorio viene manteniendo desde marzo un contacto estrecho con m\u00e9dicos de distintos hospitales de la zona, ya que en un primer momento nos dedicamos a realizar m\u00e1scaras faciales para personal de la salud en contacto con pacientes Covid-19\u00bb.<\/p>\n\n\n\n<p>\u00abFue con estos profesionales con quienes surgi\u00f3 la posibilidad de fabricar elementos complementarios, para optimizar las pr\u00e1cticas m\u00e9dicas en pacientes ventilados. Para ello, contamos principalmente con la ayuda del doctor Eduardo Insausti, m\u00e9dico de la Unidad Coronaria del Hospital Dr. Rodolfo Rossi\u00bb, explic\u00f3.<\/p>\n\n\n\n<p>De esta manera, el laboratorio universitario comenz\u00f3 a trabajar en dos complementos especiales para los tubos endotraqueales, que conectan al paciente con el respirador artificial: una pinza de oclusi\u00f3n y un tap\u00f3n de cierre.<\/p>\n\n\n\n<p>\u00abLa pinza de oclusi\u00f3n es una peque\u00f1a pieza impresa en 3D que se inserta por fuera del tubo y permite generar (por presi\u00f3n) el cierre del paso del ox\u00edgeno, cuando se deban practicar las tareas de reemplazo del filtro de aire del respirador artificial\u00bb, apunt\u00f3.<\/p>\n\n\n\n<p>Teniendo en cuenta que los tubos endotraqueales tienen distintos espesores, se trabaj\u00f3 en dos modelos: una pinza para tubos de 6 a 7mm y otra mayor para tubos de 7,5mm en adelante, y ambos modelos constan de una estructura pasante y un sistema de presi\u00f3n dentado similar a los precintos pl\u00e1sticos.<\/p>\n\n\n\n<p>Una vez entubado el paciente, la pinza puede quedar colocada permanentemente para ser utilizada cuando se la necesite.<\/p>\n\n\n\n<p>Desde la UNLP se explicit\u00f3 que una de las principales ventajas de ese desarrollo radica en que, por su sencillez y practicidad, la pinza de oclusi\u00f3n cambia la pr\u00e1ctica m\u00e9dica, ya que antes se necesitaba de m\u00e1s de una persona para realizar la tarea de reemplazo de filtro.<\/p>\n\n\n\n<p>Las pinzas utilizan entre 7 y 9 gramos de filamento pl\u00e1stico y se pueden imprimir en apenas 45 minutos.<\/p>\n\n\n\n<p>La otra pieza fabricada en los laboratorios de la UNLP es el tap\u00f3n de cierre, que sirve para bloquear el extremo superior del tubo.<\/p>\n\n\n\n<p>Actualmente, las pinzas y tapones se encuentran en plena producci\u00f3n y se est\u00e1n utilizando en la Unidad de Terapia Intensiva del Rossi de La Plata y en el Hospital San Mart\u00edn.<\/p>\n\n\n\n<p>\u00abLa idea de nuestro laboratorio es que ambos elementos est\u00e9n disponibles (libre y gratuitamente) en todos los hospitales p\u00fablicos bonaerenses y nacionales que lo requieran\u00bb, concluy\u00f3 Med\u00edn.<\/p>\n","protected":false},"excerpt":{"rendered":"<p>Hospitales p\u00fablicos de la regi\u00f3n capital bonaerense ya utilizan el equipamiento m\u00e9dico para respiradores destinados a pacientes en terapia intensiva, que produce el Laboratorio de Herramientas de Software Libre para Arte y Dise\u00f1o (SLAD) de la Facultad de Artes de la Universidad Nacional de La Plata (UNLP). Es que, desde los inicios de la pandemia,&#8230;<\/p>\n","protected":false},"author":2,"featured_media":5740,"comment_status":"open","ping_status":"open","sticky":false,"template":"","format":"standard","meta":{"footnotes":""},"categories":[7],"tags":[],"class_list":["post-5739","post","type-post","status-publish","format-standard","has-post-thumbnail","hentry","category-provincia"],"featured_image_src":"https:\/\/diarioprincipios.com\/wp-content\/uploads\/2020\/09\/resp-1024x536.jpg","blog_images":{"medium":"https:\/\/diarioprincipios.com\/wp-content\/uploads\/2020\/09\/resp-300x157.jpg","large":"https:\/\/diarioprincipios.com\/wp-content\/uploads\/2020\/09\/resp-1024x536.jpg"},"ams_acf":[],"yoast_head":"<!-- This site is optimized with the Yoast SEO plugin v27.3 - https:\/\/yoast.com\/product\/yoast-seo-wordpress\/ -->\n<title>Ya se usa en hospitales equipamiento m\u00e9dico para respiradores producido por la Universidad Nacional de La Plata - Principios<\/title>\n<meta name=\"robots\" content=\"index, follow, max-snippet:-1, max-image-preview:large, max-video-preview:-1\" \/>\n<link rel=\"canonical\" href=\"https:\/\/diarioprincipios.com\/index.php\/2020\/09\/22\/ya-se-usa-en-hospitales-equipamiento-medico-para-respiradores-producido-por-la-universidad-nacional-de-la-plata\/\" \/>\n<meta property=\"og:locale\" content=\"es_ES\" \/>\n<meta property=\"og:type\" content=\"article\" \/>\n<meta property=\"og:title\" content=\"Ya se usa en hospitales equipamiento m\u00e9dico para respiradores producido por la Universidad Nacional de La Plata - Principios\" \/>\n<meta property=\"og:description\" content=\"Hospitales p\u00fablicos de la regi\u00f3n capital bonaerense ya utilizan el equipamiento m\u00e9dico para respiradores destinados a pacientes en terapia intensiva, que produce el Laboratorio de Herramientas de Software Libre para Arte y Dise\u00f1o (SLAD) de la Facultad de Artes de la Universidad Nacional de La Plata (UNLP). Es que, desde los inicios de la pandemia,...\" \/>\n<meta property=\"og:url\" content=\"https:\/\/diarioprincipios.com\/index.php\/2020\/09\/22\/ya-se-usa-en-hospitales-equipamiento-medico-para-respiradores-producido-por-la-universidad-nacional-de-la-plata\/\" \/>\n<meta property=\"og:site_name\" content=\"Principios\" \/>\n<meta property=\"article:published_time\" content=\"2020-09-22T15:46:48+00:00\" \/>\n<meta property=\"article:modified_time\" content=\"2020-09-22T15:46:53+00:00\" \/>\n<meta property=\"og:image\" content=\"https:\/\/diarioprincipios.com\/wp-content\/uploads\/2020\/09\/resp.jpg\" \/>\n\t<meta property=\"og:image:width\" content=\"1199\" \/>\n\t<meta property=\"og:image:height\" content=\"628\" \/>\n\t<meta property=\"og:image:type\" content=\"image\/jpeg\" \/>\n<meta name=\"author\" content=\"Hern\u00e1n L\u00f3pez\" \/>\n<meta name=\"twitter:card\" content=\"summary_large_image\" \/>\n<meta name=\"twitter:label1\" content=\"Escrito por\" \/>\n\t<meta name=\"twitter:data1\" content=\"Hern\u00e1n L\u00f3pez\" \/>\n\t<meta name=\"twitter:label2\" content=\"Tiempo de lectura\" \/>\n\t<meta name=\"twitter:data2\" content=\"3 minutos\" \/>\n<script type=\"application\/ld+json\" class=\"yoast-schema-graph\">{\"@context\":\"https:\\\/\\\/schema.org\",\"@graph\":[{\"@type\":\"Article\",\"@id\":\"https:\\\/\\\/diarioprincipios.com\\\/index.php\\\/2020\\\/09\\\/22\\\/ya-se-usa-en-hospitales-equipamiento-medico-para-respiradores-producido-por-la-universidad-nacional-de-la-plata\\\/#article\",\"isPartOf\":{\"@id\":\"https:\\\/\\\/diarioprincipios.com\\\/index.php\\\/2020\\\/09\\\/22\\\/ya-se-usa-en-hospitales-equipamiento-medico-para-respiradores-producido-por-la-universidad-nacional-de-la-plata\\\/\"},\"author\":{\"name\":\"Hern\u00e1n L\u00f3pez\",\"@id\":\"https:\\\/\\\/diarioprincipios.com\\\/#\\\/schema\\\/person\\\/436d5a1fd41a5e250e23ff5a6a7cb080\"},\"headline\":\"Ya se usa en hospitales equipamiento m\u00e9dico para respiradores producido por la Universidad Nacional de La Plata\",\"datePublished\":\"2020-09-22T15:46:48+00:00\",\"dateModified\":\"2020-09-22T15:46:53+00:00\",\"mainEntityOfPage\":{\"@id\":\"https:\\\/\\\/diarioprincipios.com\\\/index.php\\\/2020\\\/09\\\/22\\\/ya-se-usa-en-hospitales-equipamiento-medico-para-respiradores-producido-por-la-universidad-nacional-de-la-plata\\\/\"},\"wordCount\":522,\"commentCount\":0,\"publisher\":{\"@id\":\"https:\\\/\\\/diarioprincipios.com\\\/#organization\"},\"image\":{\"@id\":\"https:\\\/\\\/diarioprincipios.com\\\/index.php\\\/2020\\\/09\\\/22\\\/ya-se-usa-en-hospitales-equipamiento-medico-para-respiradores-producido-por-la-universidad-nacional-de-la-plata\\\/#primaryimage\"},\"thumbnailUrl\":\"https:\\\/\\\/diarioprincipios.com\\\/wp-content\\\/uploads\\\/2020\\\/09\\\/resp.jpg\",\"articleSection\":[\"Provincia\"],\"inLanguage\":\"es\",\"potentialAction\":[{\"@type\":\"CommentAction\",\"name\":\"Comment\",\"target\":[\"https:\\\/\\\/diarioprincipios.com\\\/index.php\\\/2020\\\/09\\\/22\\\/ya-se-usa-en-hospitales-equipamiento-medico-para-respiradores-producido-por-la-universidad-nacional-de-la-plata\\\/#respond\"]}]},{\"@type\":\"WebPage\",\"@id\":\"https:\\\/\\\/diarioprincipios.com\\\/index.php\\\/2020\\\/09\\\/22\\\/ya-se-usa-en-hospitales-equipamiento-medico-para-respiradores-producido-por-la-universidad-nacional-de-la-plata\\\/\",\"url\":\"https:\\\/\\\/diarioprincipios.com\\\/index.php\\\/2020\\\/09\\\/22\\\/ya-se-usa-en-hospitales-equipamiento-medico-para-respiradores-producido-por-la-universidad-nacional-de-la-plata\\\/\",\"name\":\"Ya se usa en hospitales equipamiento m\u00e9dico para respiradores producido por la Universidad Nacional de La Plata - Principios\",\"isPartOf\":{\"@id\":\"https:\\\/\\\/diarioprincipios.com\\\/#website\"},\"primaryImageOfPage\":{\"@id\":\"https:\\\/\\\/diarioprincipios.com\\\/index.php\\\/2020\\\/09\\\/22\\\/ya-se-usa-en-hospitales-equipamiento-medico-para-respiradores-producido-por-la-universidad-nacional-de-la-plata\\\/#primaryimage\"},\"image\":{\"@id\":\"https:\\\/\\\/diarioprincipios.com\\\/index.php\\\/2020\\\/09\\\/22\\\/ya-se-usa-en-hospitales-equipamiento-medico-para-respiradores-producido-por-la-universidad-nacional-de-la-plata\\\/#primaryimage\"},\"thumbnailUrl\":\"https:\\\/\\\/diarioprincipios.com\\\/wp-content\\\/uploads\\\/2020\\\/09\\\/resp.jpg\",\"datePublished\":\"2020-09-22T15:46:48+00:00\",\"dateModified\":\"2020-09-22T15:46:53+00:00\",\"breadcrumb\":{\"@id\":\"https:\\\/\\\/diarioprincipios.com\\\/index.php\\\/2020\\\/09\\\/22\\\/ya-se-usa-en-hospitales-equipamiento-medico-para-respiradores-producido-por-la-universidad-nacional-de-la-plata\\\/#breadcrumb\"},\"inLanguage\":\"es\",\"potentialAction\":[{\"@type\":\"ReadAction\",\"target\":[\"https:\\\/\\\/diarioprincipios.com\\\/index.php\\\/2020\\\/09\\\/22\\\/ya-se-usa-en-hospitales-equipamiento-medico-para-respiradores-producido-por-la-universidad-nacional-de-la-plata\\\/\"]}]},{\"@type\":\"ImageObject\",\"inLanguage\":\"es\",\"@id\":\"https:\\\/\\\/diarioprincipios.com\\\/index.php\\\/2020\\\/09\\\/22\\\/ya-se-usa-en-hospitales-equipamiento-medico-para-respiradores-producido-por-la-universidad-nacional-de-la-plata\\\/#primaryimage\",\"url\":\"https:\\\/\\\/diarioprincipios.com\\\/wp-content\\\/uploads\\\/2020\\\/09\\\/resp.jpg\",\"contentUrl\":\"https:\\\/\\\/diarioprincipios.com\\\/wp-content\\\/uploads\\\/2020\\\/09\\\/resp.jpg\",\"width\":1199,\"height\":628},{\"@type\":\"BreadcrumbList\",\"@id\":\"https:\\\/\\\/diarioprincipios.com\\\/index.php\\\/2020\\\/09\\\/22\\\/ya-se-usa-en-hospitales-equipamiento-medico-para-respiradores-producido-por-la-universidad-nacional-de-la-plata\\\/#breadcrumb\",\"itemListElement\":[{\"@type\":\"ListItem\",\"position\":1,\"name\":\"Portada\",\"item\":\"https:\\\/\\\/diarioprincipios.com\\\/\"},{\"@type\":\"ListItem\",\"position\":2,\"name\":\"Ya se usa en hospitales equipamiento m\u00e9dico para respiradores producido por la Universidad Nacional de La Plata\"}]},{\"@type\":\"WebSite\",\"@id\":\"https:\\\/\\\/diarioprincipios.com\\\/#website\",\"url\":\"https:\\\/\\\/diarioprincipios.com\\\/\",\"name\":\"Principios\",\"description\":\"Principios Diario\",\"publisher\":{\"@id\":\"https:\\\/\\\/diarioprincipios.com\\\/#organization\"},\"potentialAction\":[{\"@type\":\"SearchAction\",\"target\":{\"@type\":\"EntryPoint\",\"urlTemplate\":\"https:\\\/\\\/diarioprincipios.com\\\/?s={search_term_string}\"},\"query-input\":{\"@type\":\"PropertyValueSpecification\",\"valueRequired\":true,\"valueName\":\"search_term_string\"}}],\"inLanguage\":\"es\"},{\"@type\":\"Organization\",\"@id\":\"https:\\\/\\\/diarioprincipios.com\\\/#organization\",\"name\":\"Principios\",\"url\":\"https:\\\/\\\/diarioprincipios.com\\\/\",\"logo\":{\"@type\":\"ImageObject\",\"inLanguage\":\"es\",\"@id\":\"https:\\\/\\\/diarioprincipios.com\\\/#\\\/schema\\\/logo\\\/image\\\/\",\"url\":\"https:\\\/\\\/diarioprincipios.com\\\/wp-content\\\/uploads\\\/2024\\\/04\\\/cropped-www.diarioprincipios.com_-1.png\",\"contentUrl\":\"https:\\\/\\\/diarioprincipios.com\\\/wp-content\\\/uploads\\\/2024\\\/04\\\/cropped-www.diarioprincipios.com_-1.png\",\"width\":5325,\"height\":1454,\"caption\":\"Principios\"},\"image\":{\"@id\":\"https:\\\/\\\/diarioprincipios.com\\\/#\\\/schema\\\/logo\\\/image\\\/\"}},{\"@type\":\"Person\",\"@id\":\"https:\\\/\\\/diarioprincipios.com\\\/#\\\/schema\\\/person\\\/436d5a1fd41a5e250e23ff5a6a7cb080\",\"name\":\"Hern\u00e1n L\u00f3pez\",\"image\":{\"@type\":\"ImageObject\",\"inLanguage\":\"es\",\"@id\":\"https:\\\/\\\/diarioprincipios.com\\\/wp-content\\\/litespeed\\\/avatar\\\/11ddfe5610ff3bd100522525b2571f48.jpg?ver=1777048341\",\"url\":\"https:\\\/\\\/diarioprincipios.com\\\/wp-content\\\/litespeed\\\/avatar\\\/11ddfe5610ff3bd100522525b2571f48.jpg?ver=1777048341\",\"contentUrl\":\"https:\\\/\\\/diarioprincipios.com\\\/wp-content\\\/litespeed\\\/avatar\\\/11ddfe5610ff3bd100522525b2571f48.jpg?ver=1777048341\",\"caption\":\"Hern\u00e1n L\u00f3pez\"},\"url\":\"https:\\\/\\\/diarioprincipios.com\\\/index.php\\\/author\\\/hernan\\\/\"}]}<\/script>\n<!-- \/ Yoast SEO plugin. -->","yoast_head_json":{"title":"Ya se usa en hospitales equipamiento m\u00e9dico para respiradores producido por la Universidad Nacional de La Plata - Principios","robots":{"index":"index","follow":"follow","max-snippet":"max-snippet:-1","max-image-preview":"max-image-preview:large","max-video-preview":"max-video-preview:-1"},"canonical":"https:\/\/diarioprincipios.com\/index.php\/2020\/09\/22\/ya-se-usa-en-hospitales-equipamiento-medico-para-respiradores-producido-por-la-universidad-nacional-de-la-plata\/","og_locale":"es_ES","og_type":"article","og_title":"Ya se usa en hospitales equipamiento m\u00e9dico para respiradores producido por la Universidad Nacional de La Plata - Principios","og_description":"Hospitales p\u00fablicos de la regi\u00f3n capital bonaerense ya utilizan el equipamiento m\u00e9dico para respiradores destinados a pacientes en terapia intensiva, que produce el Laboratorio de Herramientas de Software Libre para Arte y Dise\u00f1o (SLAD) de la Facultad de Artes de la Universidad Nacional de La Plata (UNLP). Es que, desde los inicios de la pandemia,...","og_url":"https:\/\/diarioprincipios.com\/index.php\/2020\/09\/22\/ya-se-usa-en-hospitales-equipamiento-medico-para-respiradores-producido-por-la-universidad-nacional-de-la-plata\/","og_site_name":"Principios","article_published_time":"2020-09-22T15:46:48+00:00","article_modified_time":"2020-09-22T15:46:53+00:00","og_image":[{"width":1199,"height":628,"url":"https:\/\/diarioprincipios.com\/wp-content\/uploads\/2020\/09\/resp.jpg","type":"image\/jpeg"}],"author":"Hern\u00e1n L\u00f3pez","twitter_card":"summary_large_image","twitter_misc":{"Escrito por":"Hern\u00e1n L\u00f3pez","Tiempo de lectura":"3 minutos"},"schema":{"@context":"https:\/\/schema.org","@graph":[{"@type":"Article","@id":"https:\/\/diarioprincipios.com\/index.php\/2020\/09\/22\/ya-se-usa-en-hospitales-equipamiento-medico-para-respiradores-producido-por-la-universidad-nacional-de-la-plata\/#article","isPartOf":{"@id":"https:\/\/diarioprincipios.com\/index.php\/2020\/09\/22\/ya-se-usa-en-hospitales-equipamiento-medico-para-respiradores-producido-por-la-universidad-nacional-de-la-plata\/"},"author":{"name":"Hern\u00e1n L\u00f3pez","@id":"https:\/\/diarioprincipios.com\/#\/schema\/person\/436d5a1fd41a5e250e23ff5a6a7cb080"},"headline":"Ya se usa en hospitales equipamiento m\u00e9dico para respiradores producido por la Universidad Nacional de La Plata","datePublished":"2020-09-22T15:46:48+00:00","dateModified":"2020-09-22T15:46:53+00:00","mainEntityOfPage":{"@id":"https:\/\/diarioprincipios.com\/index.php\/2020\/09\/22\/ya-se-usa-en-hospitales-equipamiento-medico-para-respiradores-producido-por-la-universidad-nacional-de-la-plata\/"},"wordCount":522,"commentCount":0,"publisher":{"@id":"https:\/\/diarioprincipios.com\/#organization"},"image":{"@id":"https:\/\/diarioprincipios.com\/index.php\/2020\/09\/22\/ya-se-usa-en-hospitales-equipamiento-medico-para-respiradores-producido-por-la-universidad-nacional-de-la-plata\/#primaryimage"},"thumbnailUrl":"https:\/\/diarioprincipios.com\/wp-content\/uploads\/2020\/09\/resp.jpg","articleSection":["Provincia"],"inLanguage":"es","potentialAction":[{"@type":"CommentAction","name":"Comment","target":["https:\/\/diarioprincipios.com\/index.php\/2020\/09\/22\/ya-se-usa-en-hospitales-equipamiento-medico-para-respiradores-producido-por-la-universidad-nacional-de-la-plata\/#respond"]}]},{"@type":"WebPage","@id":"https:\/\/diarioprincipios.com\/index.php\/2020\/09\/22\/ya-se-usa-en-hospitales-equipamiento-medico-para-respiradores-producido-por-la-universidad-nacional-de-la-plata\/","url":"https:\/\/diarioprincipios.com\/index.php\/2020\/09\/22\/ya-se-usa-en-hospitales-equipamiento-medico-para-respiradores-producido-por-la-universidad-nacional-de-la-plata\/","name":"Ya se usa en hospitales equipamiento m\u00e9dico para respiradores producido por la Universidad Nacional de La Plata - Principios","isPartOf":{"@id":"https:\/\/diarioprincipios.com\/#website"},"primaryImageOfPage":{"@id":"https:\/\/diarioprincipios.com\/index.php\/2020\/09\/22\/ya-se-usa-en-hospitales-equipamiento-medico-para-respiradores-producido-por-la-universidad-nacional-de-la-plata\/#primaryimage"},"image":{"@id":"https:\/\/diarioprincipios.com\/index.php\/2020\/09\/22\/ya-se-usa-en-hospitales-equipamiento-medico-para-respiradores-producido-por-la-universidad-nacional-de-la-plata\/#primaryimage"},"thumbnailUrl":"https:\/\/diarioprincipios.com\/wp-content\/uploads\/2020\/09\/resp.jpg","datePublished":"2020-09-22T15:46:48+00:00","dateModified":"2020-09-22T15:46:53+00:00","breadcrumb":{"@id":"https:\/\/diarioprincipios.com\/index.php\/2020\/09\/22\/ya-se-usa-en-hospitales-equipamiento-medico-para-respiradores-producido-por-la-universidad-nacional-de-la-plata\/#breadcrumb"},"inLanguage":"es","potentialAction":[{"@type":"ReadAction","target":["https:\/\/diarioprincipios.com\/index.php\/2020\/09\/22\/ya-se-usa-en-hospitales-equipamiento-medico-para-respiradores-producido-por-la-universidad-nacional-de-la-plata\/"]}]},{"@type":"ImageObject","inLanguage":"es","@id":"https:\/\/diarioprincipios.com\/index.php\/2020\/09\/22\/ya-se-usa-en-hospitales-equipamiento-medico-para-respiradores-producido-por-la-universidad-nacional-de-la-plata\/#primaryimage","url":"https:\/\/diarioprincipios.com\/wp-content\/uploads\/2020\/09\/resp.jpg","contentUrl":"https:\/\/diarioprincipios.com\/wp-content\/uploads\/2020\/09\/resp.jpg","width":1199,"height":628},{"@type":"BreadcrumbList","@id":"https:\/\/diarioprincipios.com\/index.php\/2020\/09\/22\/ya-se-usa-en-hospitales-equipamiento-medico-para-respiradores-producido-por-la-universidad-nacional-de-la-plata\/#breadcrumb","itemListElement":[{"@type":"ListItem","position":1,"name":"Portada","item":"https:\/\/diarioprincipios.com\/"},{"@type":"ListItem","position":2,"name":"Ya se usa en hospitales equipamiento m\u00e9dico para respiradores producido por la Universidad Nacional de La Plata"}]},{"@type":"WebSite","@id":"https:\/\/diarioprincipios.com\/#website","url":"https:\/\/diarioprincipios.com\/","name":"Principios","description":"Principios Diario","publisher":{"@id":"https:\/\/diarioprincipios.com\/#organization"},"potentialAction":[{"@type":"SearchAction","target":{"@type":"EntryPoint","urlTemplate":"https:\/\/diarioprincipios.com\/?s={search_term_string}"},"query-input":{"@type":"PropertyValueSpecification","valueRequired":true,"valueName":"search_term_string"}}],"inLanguage":"es"},{"@type":"Organization","@id":"https:\/\/diarioprincipios.com\/#organization","name":"Principios","url":"https:\/\/diarioprincipios.com\/","logo":{"@type":"ImageObject","inLanguage":"es","@id":"https:\/\/diarioprincipios.com\/#\/schema\/logo\/image\/","url":"https:\/\/diarioprincipios.com\/wp-content\/uploads\/2024\/04\/cropped-www.diarioprincipios.com_-1.png","contentUrl":"https:\/\/diarioprincipios.com\/wp-content\/uploads\/2024\/04\/cropped-www.diarioprincipios.com_-1.png","width":5325,"height":1454,"caption":"Principios"},"image":{"@id":"https:\/\/diarioprincipios.com\/#\/schema\/logo\/image\/"}},{"@type":"Person","@id":"https:\/\/diarioprincipios.com\/#\/schema\/person\/436d5a1fd41a5e250e23ff5a6a7cb080","name":"Hern\u00e1n L\u00f3pez","image":{"@type":"ImageObject","inLanguage":"es","@id":"https:\/\/diarioprincipios.com\/wp-content\/litespeed\/avatar\/11ddfe5610ff3bd100522525b2571f48.jpg?ver=1777048341","url":"https:\/\/diarioprincipios.com\/wp-content\/litespeed\/avatar\/11ddfe5610ff3bd100522525b2571f48.jpg?ver=1777048341","contentUrl":"https:\/\/diarioprincipios.com\/wp-content\/litespeed\/avatar\/11ddfe5610ff3bd100522525b2571f48.jpg?ver=1777048341","caption":"Hern\u00e1n L\u00f3pez"},"url":"https:\/\/diarioprincipios.com\/index.php\/author\/hernan\/"}]}},"jetpack_featured_media_url":"https:\/\/diarioprincipios.com\/wp-content\/uploads\/2020\/09\/resp.jpg","_links":{"self":[{"href":"https:\/\/diarioprincipios.com\/index.php\/wp-json\/wp\/v2\/posts\/5739","targetHints":{"allow":["GET"]}}],"collection":[{"href":"https:\/\/diarioprincipios.com\/index.php\/wp-json\/wp\/v2\/posts"}],"about":[{"href":"https:\/\/diarioprincipios.com\/index.php\/wp-json\/wp\/v2\/types\/post"}],"author":[{"embeddable":true,"href":"https:\/\/diarioprincipios.com\/index.php\/wp-json\/wp\/v2\/users\/2"}],"replies":[{"embeddable":true,"href":"https:\/\/diarioprincipios.com\/index.php\/wp-json\/wp\/v2\/comments?post=5739"}],"version-history":[{"count":1,"href":"https:\/\/diarioprincipios.com\/index.php\/wp-json\/wp\/v2\/posts\/5739\/revisions"}],"predecessor-version":[{"id":5741,"href":"https:\/\/diarioprincipios.com\/index.php\/wp-json\/wp\/v2\/posts\/5739\/revisions\/5741"}],"wp:featuredmedia":[{"embeddable":true,"href":"https:\/\/diarioprincipios.com\/index.php\/wp-json\/wp\/v2\/media\/5740"}],"wp:attachment":[{"href":"https:\/\/diarioprincipios.com\/index.php\/wp-json\/wp\/v2\/media?parent=5739"}],"wp:term":[{"taxonomy":"category","embeddable":true,"href":"https:\/\/diarioprincipios.com\/index.php\/wp-json\/wp\/v2\/categories?post=5739"},{"taxonomy":"post_tag","embeddable":true,"href":"https:\/\/diarioprincipios.com\/index.php\/wp-json\/wp\/v2\/tags?post=5739"}],"curies":[{"name":"wp","href":"https:\/\/api.w.org\/{rel}","templated":true}]}}