{"id":5693,"date":"2020-09-19T20:50:25","date_gmt":"2020-09-19T23:50:25","guid":{"rendered":"http:\/\/diarioprincipios.com\/?p=5693"},"modified":"2020-09-19T20:50:29","modified_gmt":"2020-09-19T23:50:29","slug":"wado-de-pedro-participo-de-encuentro-militante-virtual-que-tiene-entre-sus-organizadores-al-pj-de-berazategui","status":"publish","type":"post","link":"https:\/\/diarioprincipios.com\/index.php\/2020\/09\/19\/wado-de-pedro-participo-de-encuentro-militante-virtual-que-tiene-entre-sus-organizadores-al-pj-de-berazategui\/","title":{"rendered":"Wado de Pedro particip\u00f3 de Encuentro Militante Virtual que tiene entre sus organizadores al PJ de Berazategui"},"content":{"rendered":"\n<p><strong>El ministro del Interior de la Naci\u00f3n, Eduardo \u201cWado\u201d de Pedro, fue el principal exponente de un encuentro por Zoom con la militancia, organizado por el diputado nacional, Eduardo Vald\u00e9s; Agrupaciones Peronistas del Sur; y los Partidos Justicialistas de Berazategui, Avellaneda y Almirante Brown.<\/strong><\/p>\n\n\n\n<p>\u201cEn estos d\u00edas tan dif\u00edciles me acord\u00e9 que N\u00e9stor (Kirchner), siempre dec\u00eda que cuando la gesti\u00f3n se pon\u00eda pesada ten\u00eda la necesidad de zambullirse en el calor del pueblo para poder juntar energ\u00edas. Y aunque sea de manera virtual, en el peronismo es muy necesario el encuentro con el otro. Por eso, quiero felicitar a Juan Jos\u00e9 Mussi por esta iniciativa\u201d, se\u00f1al\u00f3 Wado de Pedro.<\/p>\n\n\n\n<p>En tanto, el diputado nacional, Eduardo Vald\u00e9s, subray\u00f3: \u201cTodos los compa\u00f1eros que estamos ac\u00e1 somos peronismo. En estas semanas duras hace falta el calor peronista por eso es un orgullo que estemos reunidos\u201d, y agreg\u00f3: \u201cNo han sido f\u00e1ciles las \u00faltimas dos semanas. No es f\u00e1cil tomar decisiones cuando te rodean la Quinta de Olivos personas con pistolas en la cintura, cuando los medios te sacuden como si fueras el peor enemigo. A pesar de todo sabemos que estamos haciendo lo mejor para nuestra gente\u201d.<\/p>\n\n\n\n<p>A su turno, el diputado nacional y presidente del Partido Justicialista, Jos\u00e9 Luis Gioja, expres\u00f3: \u201cEs cierto que fueron dos semanas dif\u00edciles para el gobierno nacional y para el peronismo en su conjunto, pero acord\u00e9monos tambi\u00e9n lo que pas\u00f3 el 16 de septiembre 1955 y \u2018La Noche de los L\u00e1pices\u2019, acontecimientos que esta semana precisamente conmemoraron sus aniversarios. Nos corrieron, pero no pudieron, como tampoco podr\u00e1n ahora. Porque vamos a defender el triunfo que obtuvimos con m\u00e1s y mejor democracia. Les vamos a demostrar que el peronismo est\u00e1 absolutamente unido y que el Frente de Todos es una alianza de gobierno que ha levantado definitivamente la bandera de la lealtad, para poder alcanzar una patria libre, justa y soberana\u201d.<\/p>\n\n\n\n<p>El encuentro virtual cont\u00f3 con la participaci\u00f3n de cerca de 300 militantes; jefes y jefas comunales; y funcionarios. Entre los oradores, tambi\u00e9n se destacaron&nbsp; los intendentes Juan Jos\u00e9 Mussi, Mariano Cascallares, Marisa Fassi, Germ\u00e1n Lago, y Juan Zabaleta. Adem\u00e1s la reuni\u00f3n estuvo coordinada por el hist\u00f3rico militante bonaerense, Julio Rodr\u00edguez.<\/p>\n\n\n\n<p>Mussi apelando a la unidad manifest\u00f3: \u201cLas crisis el peronismo las resuelve con militancia, no me queda ninguna duda. Esto que estamos haciendo es un poco activar la militancia, oxigenar un poco a los compa\u00f1eros. No quiero nunca m\u00e1s en la Argentina un gobierno neoliberal. Imagin\u00e9monos la pandemia con Macri. Por favor compa\u00f1eros, unidad, lleguemos todos unidos\u201d.<\/p>\n\n\n\n<p>Durante la videoconferencia, Wado de Pedro tambi\u00e9n asegur\u00f3 que durante el gobierno de Cambiemos hubo una formidable \u201ctransferencia de recursos de los sectores medios y bajos hacia un grupo muy reducido de empresarios, como nunca antes en la historia de la Argentina\u201d, y que ese mismo fen\u00f3meno se replic\u00f3 a nivel nacional, con un redireccionamiento de los fondos nacionales en beneficio de la Ciudad de Buenos Aires y en perjuicio del resto del pa\u00eds. \u201cTuvimos un gobierno de ricos que gobern\u00f3 para los ricos y a nivel federal llevaron adelante el mismo modus operandi: gobernaron para la ciudad m\u00e1s rica\u201d, expres\u00f3 Wado de Pedro.<\/p>\n\n\n\n<p>En este sentido, de Pedro record\u00f3 que desde su inauguraci\u00f3n en 1987 el Hospital Garrahan era financiado en partes iguales por Naci\u00f3n y Ciudad, pero que, sin embargo, una de las primeras medidas del expresidente al asumir fue que el gobierno nacional aportara el 80% de los gastos, mientras que el gobierno porte\u00f1o lo hiciera solo con el 20 restante. A su vez, rememor\u00f3 que desde diciembre de 2015 hasta diciembre de 2019 se transfirieron \u201cde manera caprichosa y arbitraria millones y millones de d\u00f3lares hacia la ciudad m\u00e1s rica del pa\u00eds, con obras como el Paseo del Bajo, que implicaron una inversi\u00f3n de 700 millones de d\u00f3lares de todos los argentinos\u201d.<\/p>\n\n\n\n<p>Dentro de este marco, el ministro del Interior de la Naci\u00f3n record\u00f3 la casi triplicaci\u00f3n de los recursos que en concepto de coparticipaci\u00f3n primaria comenzaron a destinarse hacia CABA, los cuales en 2016 pasaron de 1.4 a 3.75 puntos. \u201cHoy hablan de una \u2018decisi\u00f3n unilateral e intempestiva\u2019 de nuestro gobierno. Sin embargo, tenemos todas las discusiones registradas desde los meses de enero, febrero y marzo. Reci\u00e9n, luego de 6 meses, con las urgencias que tuvimos en materia financiera, dimos por concluida la discusi\u00f3n y enviamos al Congreso el proyecto de Ley. Pero es muy dif\u00edcil cuando algunos, con una visi\u00f3n centralista, individualista y poco solidaria, no quieren perder aunque sea una m\u00ednima parte de sus privilegios\u201d, agreg\u00f3.<\/p>\n\n\n\n<p>A continuaci\u00f3n, de Pedro comparti\u00f3 con los dirigentes y militantes algunos de los proyectos que implementar\u00e1 el actual gobierno con el fin de favorecer a todo el territorio nacional. \u201cNosotros tenemos una visi\u00f3n mucho m\u00e1s federal y, por eso, nuestro principal objetivo es generar las condiciones para que todos los argentinos puedan desarrollarse por igual, nazcan donde nazcan, teniendo en cuenta la matriz productiva de todas las provincias y generando empleo genuino para todos y todas\u201d, detall\u00f3.<\/p>\n\n\n\n<p>Tambi\u00e9n fueron parte de la videoconferencia las intendentas e intendentes Mariano Cascallares (Almirante Brown), Marisa Fassi (Ca\u00f1uelas), Nicol\u00e1s Mantegazza (San Vicente), Julio Zamora (Tigre), Juan Zabaleta (Hurlingham), Ricardo Cassi (Col\u00f3n), Julio Marini (Benito Ju\u00e1rez) y Germ\u00e1n Lago (Alberti), adem\u00e1s de los diputados Fabiana Bertino, Carolina Gaillard y Nicol\u00e1s Rodr\u00edguez Sa\u00e1.<\/p>\n","protected":false},"excerpt":{"rendered":"<p>El ministro del Interior de la Naci\u00f3n, Eduardo \u201cWado\u201d de Pedro, fue el principal exponente de un encuentro por Zoom con la militancia, organizado por el diputado nacional, Eduardo Vald\u00e9s; Agrupaciones Peronistas del Sur; y los Partidos Justicialistas de Berazategui, Avellaneda y Almirante Brown. \u201cEn estos d\u00edas tan dif\u00edciles me acord\u00e9 que N\u00e9stor (Kirchner), siempre&#8230;<\/p>\n","protected":false},"author":2,"featured_media":5694,"comment_status":"open","ping_status":"open","sticky":false,"template":"","format":"standard","meta":{"footnotes":""},"categories":[3],"tags":[],"class_list":["post-5693","post","type-post","status-publish","format-standard","has-post-thumbnail","hentry","category-berazategui"],"featured_image_src":"https:\/\/diarioprincipios.com\/wp-content\/uploads\/2020\/09\/WADO-DE-PEDRO-PARTICIPO-DE-ENCUENTRO-MILITANTE-VIRTUAL-1024x539.jpeg","blog_images":{"medium":"https:\/\/diarioprincipios.com\/wp-content\/uploads\/2020\/09\/WADO-DE-PEDRO-PARTICIPO-DE-ENCUENTRO-MILITANTE-VIRTUAL-300x158.jpeg","large":"https:\/\/diarioprincipios.com\/wp-content\/uploads\/2020\/09\/WADO-DE-PEDRO-PARTICIPO-DE-ENCUENTRO-MILITANTE-VIRTUAL-1024x539.jpeg"},"ams_acf":[],"yoast_head":"<!-- This site is optimized with the Yoast SEO plugin v27.3 - https:\/\/yoast.com\/product\/yoast-seo-wordpress\/ -->\n<title>Wado de Pedro particip\u00f3 de Encuentro Militante Virtual que tiene entre sus organizadores al PJ de Berazategui - Principios<\/title>\n<meta name=\"robots\" content=\"index, follow, max-snippet:-1, max-image-preview:large, max-video-preview:-1\" \/>\n<link rel=\"canonical\" href=\"https:\/\/diarioprincipios.com\/index.php\/2020\/09\/19\/wado-de-pedro-participo-de-encuentro-militante-virtual-que-tiene-entre-sus-organizadores-al-pj-de-berazategui\/\" \/>\n<meta property=\"og:locale\" content=\"es_ES\" \/>\n<meta property=\"og:type\" content=\"article\" \/>\n<meta property=\"og:title\" content=\"Wado de Pedro particip\u00f3 de Encuentro Militante Virtual que tiene entre sus organizadores al PJ de Berazategui - Principios\" \/>\n<meta property=\"og:description\" content=\"El ministro del Interior de la Naci\u00f3n, Eduardo \u201cWado\u201d de Pedro, fue el principal exponente de un encuentro por Zoom con la militancia, organizado por el diputado nacional, Eduardo Vald\u00e9s; Agrupaciones Peronistas del Sur; y los Partidos Justicialistas de Berazategui, Avellaneda y Almirante Brown. \u201cEn estos d\u00edas tan dif\u00edciles me acord\u00e9 que N\u00e9stor (Kirchner), siempre...\" \/>\n<meta property=\"og:url\" content=\"https:\/\/diarioprincipios.com\/index.php\/2020\/09\/19\/wado-de-pedro-participo-de-encuentro-militante-virtual-que-tiene-entre-sus-organizadores-al-pj-de-berazategui\/\" \/>\n<meta property=\"og:site_name\" content=\"Principios\" \/>\n<meta property=\"article:published_time\" content=\"2020-09-19T23:50:25+00:00\" \/>\n<meta property=\"article:modified_time\" content=\"2020-09-19T23:50:29+00:00\" \/>\n<meta property=\"og:image\" content=\"https:\/\/diarioprincipios.com\/wp-content\/uploads\/2020\/09\/WADO-DE-PEDRO-PARTICIPO-DE-ENCUENTRO-MILITANTE-VIRTUAL.jpeg\" \/>\n\t<meta property=\"og:image:width\" content=\"1280\" \/>\n\t<meta property=\"og:image:height\" content=\"674\" \/>\n\t<meta property=\"og:image:type\" content=\"image\/jpeg\" \/>\n<meta name=\"author\" content=\"Hern\u00e1n L\u00f3pez\" \/>\n<meta name=\"twitter:card\" content=\"summary_large_image\" \/>\n<meta name=\"twitter:label1\" content=\"Escrito por\" \/>\n\t<meta name=\"twitter:data1\" content=\"Hern\u00e1n L\u00f3pez\" \/>\n\t<meta name=\"twitter:label2\" content=\"Tiempo de lectura\" \/>\n\t<meta name=\"twitter:data2\" content=\"5 minutos\" \/>\n<script type=\"application\/ld+json\" class=\"yoast-schema-graph\">{\"@context\":\"https:\\\/\\\/schema.org\",\"@graph\":[{\"@type\":\"Article\",\"@id\":\"https:\\\/\\\/diarioprincipios.com\\\/index.php\\\/2020\\\/09\\\/19\\\/wado-de-pedro-participo-de-encuentro-militante-virtual-que-tiene-entre-sus-organizadores-al-pj-de-berazategui\\\/#article\",\"isPartOf\":{\"@id\":\"https:\\\/\\\/diarioprincipios.com\\\/index.php\\\/2020\\\/09\\\/19\\\/wado-de-pedro-participo-de-encuentro-militante-virtual-que-tiene-entre-sus-organizadores-al-pj-de-berazategui\\\/\"},\"author\":{\"name\":\"Hern\u00e1n L\u00f3pez\",\"@id\":\"https:\\\/\\\/diarioprincipios.com\\\/#\\\/schema\\\/person\\\/436d5a1fd41a5e250e23ff5a6a7cb080\"},\"headline\":\"Wado de Pedro particip\u00f3 de Encuentro Militante Virtual que tiene entre sus organizadores al PJ de Berazategui\",\"datePublished\":\"2020-09-19T23:50:25+00:00\",\"dateModified\":\"2020-09-19T23:50:29+00:00\",\"mainEntityOfPage\":{\"@id\":\"https:\\\/\\\/diarioprincipios.com\\\/index.php\\\/2020\\\/09\\\/19\\\/wado-de-pedro-participo-de-encuentro-militante-virtual-que-tiene-entre-sus-organizadores-al-pj-de-berazategui\\\/\"},\"wordCount\":950,\"commentCount\":0,\"publisher\":{\"@id\":\"https:\\\/\\\/diarioprincipios.com\\\/#organization\"},\"image\":{\"@id\":\"https:\\\/\\\/diarioprincipios.com\\\/index.php\\\/2020\\\/09\\\/19\\\/wado-de-pedro-participo-de-encuentro-militante-virtual-que-tiene-entre-sus-organizadores-al-pj-de-berazategui\\\/#primaryimage\"},\"thumbnailUrl\":\"https:\\\/\\\/diarioprincipios.com\\\/wp-content\\\/uploads\\\/2020\\\/09\\\/WADO-DE-PEDRO-PARTICIPO-DE-ENCUENTRO-MILITANTE-VIRTUAL.jpeg\",\"articleSection\":[\"Berazategui\"],\"inLanguage\":\"es\",\"potentialAction\":[{\"@type\":\"CommentAction\",\"name\":\"Comment\",\"target\":[\"https:\\\/\\\/diarioprincipios.com\\\/index.php\\\/2020\\\/09\\\/19\\\/wado-de-pedro-participo-de-encuentro-militante-virtual-que-tiene-entre-sus-organizadores-al-pj-de-berazategui\\\/#respond\"]}]},{\"@type\":\"WebPage\",\"@id\":\"https:\\\/\\\/diarioprincipios.com\\\/index.php\\\/2020\\\/09\\\/19\\\/wado-de-pedro-participo-de-encuentro-militante-virtual-que-tiene-entre-sus-organizadores-al-pj-de-berazategui\\\/\",\"url\":\"https:\\\/\\\/diarioprincipios.com\\\/index.php\\\/2020\\\/09\\\/19\\\/wado-de-pedro-participo-de-encuentro-militante-virtual-que-tiene-entre-sus-organizadores-al-pj-de-berazategui\\\/\",\"name\":\"Wado de Pedro particip\u00f3 de Encuentro Militante Virtual que tiene entre sus organizadores al PJ de Berazategui - Principios\",\"isPartOf\":{\"@id\":\"https:\\\/\\\/diarioprincipios.com\\\/#website\"},\"primaryImageOfPage\":{\"@id\":\"https:\\\/\\\/diarioprincipios.com\\\/index.php\\\/2020\\\/09\\\/19\\\/wado-de-pedro-participo-de-encuentro-militante-virtual-que-tiene-entre-sus-organizadores-al-pj-de-berazategui\\\/#primaryimage\"},\"image\":{\"@id\":\"https:\\\/\\\/diarioprincipios.com\\\/index.php\\\/2020\\\/09\\\/19\\\/wado-de-pedro-participo-de-encuentro-militante-virtual-que-tiene-entre-sus-organizadores-al-pj-de-berazategui\\\/#primaryimage\"},\"thumbnailUrl\":\"https:\\\/\\\/diarioprincipios.com\\\/wp-content\\\/uploads\\\/2020\\\/09\\\/WADO-DE-PEDRO-PARTICIPO-DE-ENCUENTRO-MILITANTE-VIRTUAL.jpeg\",\"datePublished\":\"2020-09-19T23:50:25+00:00\",\"dateModified\":\"2020-09-19T23:50:29+00:00\",\"breadcrumb\":{\"@id\":\"https:\\\/\\\/diarioprincipios.com\\\/index.php\\\/2020\\\/09\\\/19\\\/wado-de-pedro-participo-de-encuentro-militante-virtual-que-tiene-entre-sus-organizadores-al-pj-de-berazategui\\\/#breadcrumb\"},\"inLanguage\":\"es\",\"potentialAction\":[{\"@type\":\"ReadAction\",\"target\":[\"https:\\\/\\\/diarioprincipios.com\\\/index.php\\\/2020\\\/09\\\/19\\\/wado-de-pedro-participo-de-encuentro-militante-virtual-que-tiene-entre-sus-organizadores-al-pj-de-berazategui\\\/\"]}]},{\"@type\":\"ImageObject\",\"inLanguage\":\"es\",\"@id\":\"https:\\\/\\\/diarioprincipios.com\\\/index.php\\\/2020\\\/09\\\/19\\\/wado-de-pedro-participo-de-encuentro-militante-virtual-que-tiene-entre-sus-organizadores-al-pj-de-berazategui\\\/#primaryimage\",\"url\":\"https:\\\/\\\/diarioprincipios.com\\\/wp-content\\\/uploads\\\/2020\\\/09\\\/WADO-DE-PEDRO-PARTICIPO-DE-ENCUENTRO-MILITANTE-VIRTUAL.jpeg\",\"contentUrl\":\"https:\\\/\\\/diarioprincipios.com\\\/wp-content\\\/uploads\\\/2020\\\/09\\\/WADO-DE-PEDRO-PARTICIPO-DE-ENCUENTRO-MILITANTE-VIRTUAL.jpeg\",\"width\":1280,\"height\":674},{\"@type\":\"BreadcrumbList\",\"@id\":\"https:\\\/\\\/diarioprincipios.com\\\/index.php\\\/2020\\\/09\\\/19\\\/wado-de-pedro-participo-de-encuentro-militante-virtual-que-tiene-entre-sus-organizadores-al-pj-de-berazategui\\\/#breadcrumb\",\"itemListElement\":[{\"@type\":\"ListItem\",\"position\":1,\"name\":\"Portada\",\"item\":\"https:\\\/\\\/diarioprincipios.com\\\/\"},{\"@type\":\"ListItem\",\"position\":2,\"name\":\"Wado de Pedro particip\u00f3 de Encuentro Militante Virtual que tiene entre sus organizadores al PJ de Berazategui\"}]},{\"@type\":\"WebSite\",\"@id\":\"https:\\\/\\\/diarioprincipios.com\\\/#website\",\"url\":\"https:\\\/\\\/diarioprincipios.com\\\/\",\"name\":\"Principios\",\"description\":\"Principios Diario\",\"publisher\":{\"@id\":\"https:\\\/\\\/diarioprincipios.com\\\/#organization\"},\"potentialAction\":[{\"@type\":\"SearchAction\",\"target\":{\"@type\":\"EntryPoint\",\"urlTemplate\":\"https:\\\/\\\/diarioprincipios.com\\\/?s={search_term_string}\"},\"query-input\":{\"@type\":\"PropertyValueSpecification\",\"valueRequired\":true,\"valueName\":\"search_term_string\"}}],\"inLanguage\":\"es\"},{\"@type\":\"Organization\",\"@id\":\"https:\\\/\\\/diarioprincipios.com\\\/#organization\",\"name\":\"Principios\",\"url\":\"https:\\\/\\\/diarioprincipios.com\\\/\",\"logo\":{\"@type\":\"ImageObject\",\"inLanguage\":\"es\",\"@id\":\"https:\\\/\\\/diarioprincipios.com\\\/#\\\/schema\\\/logo\\\/image\\\/\",\"url\":\"https:\\\/\\\/diarioprincipios.com\\\/wp-content\\\/uploads\\\/2024\\\/04\\\/cropped-www.diarioprincipios.com_-1.png\",\"contentUrl\":\"https:\\\/\\\/diarioprincipios.com\\\/wp-content\\\/uploads\\\/2024\\\/04\\\/cropped-www.diarioprincipios.com_-1.png\",\"width\":5325,\"height\":1454,\"caption\":\"Principios\"},\"image\":{\"@id\":\"https:\\\/\\\/diarioprincipios.com\\\/#\\\/schema\\\/logo\\\/image\\\/\"}},{\"@type\":\"Person\",\"@id\":\"https:\\\/\\\/diarioprincipios.com\\\/#\\\/schema\\\/person\\\/436d5a1fd41a5e250e23ff5a6a7cb080\",\"name\":\"Hern\u00e1n L\u00f3pez\",\"image\":{\"@type\":\"ImageObject\",\"inLanguage\":\"es\",\"@id\":\"https:\\\/\\\/diarioprincipios.com\\\/wp-content\\\/litespeed\\\/avatar\\\/11ddfe5610ff3bd100522525b2571f48.jpg?ver=1777048341\",\"url\":\"https:\\\/\\\/diarioprincipios.com\\\/wp-content\\\/litespeed\\\/avatar\\\/11ddfe5610ff3bd100522525b2571f48.jpg?ver=1777048341\",\"contentUrl\":\"https:\\\/\\\/diarioprincipios.com\\\/wp-content\\\/litespeed\\\/avatar\\\/11ddfe5610ff3bd100522525b2571f48.jpg?ver=1777048341\",\"caption\":\"Hern\u00e1n L\u00f3pez\"},\"url\":\"https:\\\/\\\/diarioprincipios.com\\\/index.php\\\/author\\\/hernan\\\/\"}]}<\/script>\n<!-- \/ Yoast SEO plugin. -->","yoast_head_json":{"title":"Wado de Pedro particip\u00f3 de Encuentro Militante Virtual que tiene entre sus organizadores al PJ de Berazategui - Principios","robots":{"index":"index","follow":"follow","max-snippet":"max-snippet:-1","max-image-preview":"max-image-preview:large","max-video-preview":"max-video-preview:-1"},"canonical":"https:\/\/diarioprincipios.com\/index.php\/2020\/09\/19\/wado-de-pedro-participo-de-encuentro-militante-virtual-que-tiene-entre-sus-organizadores-al-pj-de-berazategui\/","og_locale":"es_ES","og_type":"article","og_title":"Wado de Pedro particip\u00f3 de Encuentro Militante Virtual que tiene entre sus organizadores al PJ de Berazategui - Principios","og_description":"El ministro del Interior de la Naci\u00f3n, Eduardo \u201cWado\u201d de Pedro, fue el principal exponente de un encuentro por Zoom con la militancia, organizado por el diputado nacional, Eduardo Vald\u00e9s; Agrupaciones Peronistas del Sur; y los Partidos Justicialistas de Berazategui, Avellaneda y Almirante Brown. \u201cEn estos d\u00edas tan dif\u00edciles me acord\u00e9 que N\u00e9stor (Kirchner), siempre...","og_url":"https:\/\/diarioprincipios.com\/index.php\/2020\/09\/19\/wado-de-pedro-participo-de-encuentro-militante-virtual-que-tiene-entre-sus-organizadores-al-pj-de-berazategui\/","og_site_name":"Principios","article_published_time":"2020-09-19T23:50:25+00:00","article_modified_time":"2020-09-19T23:50:29+00:00","og_image":[{"width":1280,"height":674,"url":"https:\/\/diarioprincipios.com\/wp-content\/uploads\/2020\/09\/WADO-DE-PEDRO-PARTICIPO-DE-ENCUENTRO-MILITANTE-VIRTUAL.jpeg","type":"image\/jpeg"}],"author":"Hern\u00e1n L\u00f3pez","twitter_card":"summary_large_image","twitter_misc":{"Escrito por":"Hern\u00e1n L\u00f3pez","Tiempo de lectura":"5 minutos"},"schema":{"@context":"https:\/\/schema.org","@graph":[{"@type":"Article","@id":"https:\/\/diarioprincipios.com\/index.php\/2020\/09\/19\/wado-de-pedro-participo-de-encuentro-militante-virtual-que-tiene-entre-sus-organizadores-al-pj-de-berazategui\/#article","isPartOf":{"@id":"https:\/\/diarioprincipios.com\/index.php\/2020\/09\/19\/wado-de-pedro-participo-de-encuentro-militante-virtual-que-tiene-entre-sus-organizadores-al-pj-de-berazategui\/"},"author":{"name":"Hern\u00e1n L\u00f3pez","@id":"https:\/\/diarioprincipios.com\/#\/schema\/person\/436d5a1fd41a5e250e23ff5a6a7cb080"},"headline":"Wado de Pedro particip\u00f3 de Encuentro Militante Virtual que tiene entre sus organizadores al PJ de Berazategui","datePublished":"2020-09-19T23:50:25+00:00","dateModified":"2020-09-19T23:50:29+00:00","mainEntityOfPage":{"@id":"https:\/\/diarioprincipios.com\/index.php\/2020\/09\/19\/wado-de-pedro-participo-de-encuentro-militante-virtual-que-tiene-entre-sus-organizadores-al-pj-de-berazategui\/"},"wordCount":950,"commentCount":0,"publisher":{"@id":"https:\/\/diarioprincipios.com\/#organization"},"image":{"@id":"https:\/\/diarioprincipios.com\/index.php\/2020\/09\/19\/wado-de-pedro-participo-de-encuentro-militante-virtual-que-tiene-entre-sus-organizadores-al-pj-de-berazategui\/#primaryimage"},"thumbnailUrl":"https:\/\/diarioprincipios.com\/wp-content\/uploads\/2020\/09\/WADO-DE-PEDRO-PARTICIPO-DE-ENCUENTRO-MILITANTE-VIRTUAL.jpeg","articleSection":["Berazategui"],"inLanguage":"es","potentialAction":[{"@type":"CommentAction","name":"Comment","target":["https:\/\/diarioprincipios.com\/index.php\/2020\/09\/19\/wado-de-pedro-participo-de-encuentro-militante-virtual-que-tiene-entre-sus-organizadores-al-pj-de-berazategui\/#respond"]}]},{"@type":"WebPage","@id":"https:\/\/diarioprincipios.com\/index.php\/2020\/09\/19\/wado-de-pedro-participo-de-encuentro-militante-virtual-que-tiene-entre-sus-organizadores-al-pj-de-berazategui\/","url":"https:\/\/diarioprincipios.com\/index.php\/2020\/09\/19\/wado-de-pedro-participo-de-encuentro-militante-virtual-que-tiene-entre-sus-organizadores-al-pj-de-berazategui\/","name":"Wado de Pedro particip\u00f3 de Encuentro Militante Virtual que tiene entre sus organizadores al PJ de Berazategui - Principios","isPartOf":{"@id":"https:\/\/diarioprincipios.com\/#website"},"primaryImageOfPage":{"@id":"https:\/\/diarioprincipios.com\/index.php\/2020\/09\/19\/wado-de-pedro-participo-de-encuentro-militante-virtual-que-tiene-entre-sus-organizadores-al-pj-de-berazategui\/#primaryimage"},"image":{"@id":"https:\/\/diarioprincipios.com\/index.php\/2020\/09\/19\/wado-de-pedro-participo-de-encuentro-militante-virtual-que-tiene-entre-sus-organizadores-al-pj-de-berazategui\/#primaryimage"},"thumbnailUrl":"https:\/\/diarioprincipios.com\/wp-content\/uploads\/2020\/09\/WADO-DE-PEDRO-PARTICIPO-DE-ENCUENTRO-MILITANTE-VIRTUAL.jpeg","datePublished":"2020-09-19T23:50:25+00:00","dateModified":"2020-09-19T23:50:29+00:00","breadcrumb":{"@id":"https:\/\/diarioprincipios.com\/index.php\/2020\/09\/19\/wado-de-pedro-participo-de-encuentro-militante-virtual-que-tiene-entre-sus-organizadores-al-pj-de-berazategui\/#breadcrumb"},"inLanguage":"es","potentialAction":[{"@type":"ReadAction","target":["https:\/\/diarioprincipios.com\/index.php\/2020\/09\/19\/wado-de-pedro-participo-de-encuentro-militante-virtual-que-tiene-entre-sus-organizadores-al-pj-de-berazategui\/"]}]},{"@type":"ImageObject","inLanguage":"es","@id":"https:\/\/diarioprincipios.com\/index.php\/2020\/09\/19\/wado-de-pedro-participo-de-encuentro-militante-virtual-que-tiene-entre-sus-organizadores-al-pj-de-berazategui\/#primaryimage","url":"https:\/\/diarioprincipios.com\/wp-content\/uploads\/2020\/09\/WADO-DE-PEDRO-PARTICIPO-DE-ENCUENTRO-MILITANTE-VIRTUAL.jpeg","contentUrl":"https:\/\/diarioprincipios.com\/wp-content\/uploads\/2020\/09\/WADO-DE-PEDRO-PARTICIPO-DE-ENCUENTRO-MILITANTE-VIRTUAL.jpeg","width":1280,"height":674},{"@type":"BreadcrumbList","@id":"https:\/\/diarioprincipios.com\/index.php\/2020\/09\/19\/wado-de-pedro-participo-de-encuentro-militante-virtual-que-tiene-entre-sus-organizadores-al-pj-de-berazategui\/#breadcrumb","itemListElement":[{"@type":"ListItem","position":1,"name":"Portada","item":"https:\/\/diarioprincipios.com\/"},{"@type":"ListItem","position":2,"name":"Wado de Pedro particip\u00f3 de Encuentro Militante Virtual que tiene entre sus organizadores al PJ de Berazategui"}]},{"@type":"WebSite","@id":"https:\/\/diarioprincipios.com\/#website","url":"https:\/\/diarioprincipios.com\/","name":"Principios","description":"Principios Diario","publisher":{"@id":"https:\/\/diarioprincipios.com\/#organization"},"potentialAction":[{"@type":"SearchAction","target":{"@type":"EntryPoint","urlTemplate":"https:\/\/diarioprincipios.com\/?s={search_term_string}"},"query-input":{"@type":"PropertyValueSpecification","valueRequired":true,"valueName":"search_term_string"}}],"inLanguage":"es"},{"@type":"Organization","@id":"https:\/\/diarioprincipios.com\/#organization","name":"Principios","url":"https:\/\/diarioprincipios.com\/","logo":{"@type":"ImageObject","inLanguage":"es","@id":"https:\/\/diarioprincipios.com\/#\/schema\/logo\/image\/","url":"https:\/\/diarioprincipios.com\/wp-content\/uploads\/2024\/04\/cropped-www.diarioprincipios.com_-1.png","contentUrl":"https:\/\/diarioprincipios.com\/wp-content\/uploads\/2024\/04\/cropped-www.diarioprincipios.com_-1.png","width":5325,"height":1454,"caption":"Principios"},"image":{"@id":"https:\/\/diarioprincipios.com\/#\/schema\/logo\/image\/"}},{"@type":"Person","@id":"https:\/\/diarioprincipios.com\/#\/schema\/person\/436d5a1fd41a5e250e23ff5a6a7cb080","name":"Hern\u00e1n L\u00f3pez","image":{"@type":"ImageObject","inLanguage":"es","@id":"https:\/\/diarioprincipios.com\/wp-content\/litespeed\/avatar\/11ddfe5610ff3bd100522525b2571f48.jpg?ver=1777048341","url":"https:\/\/diarioprincipios.com\/wp-content\/litespeed\/avatar\/11ddfe5610ff3bd100522525b2571f48.jpg?ver=1777048341","contentUrl":"https:\/\/diarioprincipios.com\/wp-content\/litespeed\/avatar\/11ddfe5610ff3bd100522525b2571f48.jpg?ver=1777048341","caption":"Hern\u00e1n L\u00f3pez"},"url":"https:\/\/diarioprincipios.com\/index.php\/author\/hernan\/"}]}},"jetpack_featured_media_url":"https:\/\/diarioprincipios.com\/wp-content\/uploads\/2020\/09\/WADO-DE-PEDRO-PARTICIPO-DE-ENCUENTRO-MILITANTE-VIRTUAL.jpeg","_links":{"self":[{"href":"https:\/\/diarioprincipios.com\/index.php\/wp-json\/wp\/v2\/posts\/5693","targetHints":{"allow":["GET"]}}],"collection":[{"href":"https:\/\/diarioprincipios.com\/index.php\/wp-json\/wp\/v2\/posts"}],"about":[{"href":"https:\/\/diarioprincipios.com\/index.php\/wp-json\/wp\/v2\/types\/post"}],"author":[{"embeddable":true,"href":"https:\/\/diarioprincipios.com\/index.php\/wp-json\/wp\/v2\/users\/2"}],"replies":[{"embeddable":true,"href":"https:\/\/diarioprincipios.com\/index.php\/wp-json\/wp\/v2\/comments?post=5693"}],"version-history":[{"count":1,"href":"https:\/\/diarioprincipios.com\/index.php\/wp-json\/wp\/v2\/posts\/5693\/revisions"}],"predecessor-version":[{"id":5695,"href":"https:\/\/diarioprincipios.com\/index.php\/wp-json\/wp\/v2\/posts\/5693\/revisions\/5695"}],"wp:featuredmedia":[{"embeddable":true,"href":"https:\/\/diarioprincipios.com\/index.php\/wp-json\/wp\/v2\/media\/5694"}],"wp:attachment":[{"href":"https:\/\/diarioprincipios.com\/index.php\/wp-json\/wp\/v2\/media?parent=5693"}],"wp:term":[{"taxonomy":"category","embeddable":true,"href":"https:\/\/diarioprincipios.com\/index.php\/wp-json\/wp\/v2\/categories?post=5693"},{"taxonomy":"post_tag","embeddable":true,"href":"https:\/\/diarioprincipios.com\/index.php\/wp-json\/wp\/v2\/tags?post=5693"}],"curies":[{"name":"wp","href":"https:\/\/api.w.org\/{rel}","templated":true}]}}