{"id":5679,"date":"2020-09-18T13:57:34","date_gmt":"2020-09-18T16:57:34","guid":{"rendered":"http:\/\/diarioprincipios.com\/?p=5679"},"modified":"2020-09-18T13:57:38","modified_gmt":"2020-09-18T16:57:38","slug":"fernandez-anuncio-mejoras-para-las-fuerzas-de-seguridad-y-pidio-responsabilidad-ante-la-pandemia","status":"publish","type":"post","link":"https:\/\/diarioprincipios.com\/index.php\/2020\/09\/18\/fernandez-anuncio-mejoras-para-las-fuerzas-de-seguridad-y-pidio-responsabilidad-ante-la-pandemia\/","title":{"rendered":"Fern\u00e1ndez anunci\u00f3 mejoras para las fuerzas de seguridad y pidi\u00f3 \u00abresponsabilidad\u00bb ante la pandemia"},"content":{"rendered":"\n<p>El presidente Alberto Fern\u00e1ndez anunci\u00f3 hoy una regularizaci\u00f3n en los salarios de las fuerzas de seguridad, expres\u00f3 su \u00abreconocimiento\u00bb a la labor que realizan en el contexto de la pandemia y, tras reafirmar que \u00abestamos muy lejos de haber superado el problema\u00bb, volvi\u00f3 a recalcar la \u00abreponsabilidad social y tambi\u00e9n pol\u00edtica\u00bb frente a la emergencia sanitaria.<\/p>\n\n\n\n<p>\u00abEs cierto que en el AMBA la situaci\u00f3n est\u00e1 como controlada y los casos no crecen, pero necesitamos que los casos bajen, por eso les pido la responsabilidad que a cada uno les cabe\u00bb, asever\u00f3 el mandatario al encabezar este mediod\u00eda la presentaci\u00f3n de las obras de mejoras en el complejo m\u00e9dico de la Polic\u00eda Federal \u2018Churruca Visca\u2019, en el barrio porte\u00f1o de Parque Patricios.<\/p>\n\n\n\n<p>En esrte sentido, se\u00f1al\u00f3 que \u00abpor m\u00e1s que se pueda ir a tomar una cerveza en una vereda, hay que entender que el riesgo est\u00e1 dando vueltas y que tenemos que cuidarnos mucho porque estamos muy lejos de haber superado el problema\u00bb.<\/p>\n\n\n\n<p>Acompa\u00f1ado por la ministra de Seguridad, Sabina Frederic y las autoridades de las fuerzas de seguridad federales, Fern\u00e1ndez destac\u00f3 y agradeci\u00f3 la \u00abgran tarea\u00bb que est\u00e1n realizando los efectivos de las fuerzas federales \u00aben cuidar a los ciudadanos en el marco de la pandemia y poni\u00e9ndole la cara al virus\u201d.<\/p>\n\n\n\n<p>En ese marco, el mandatario anunci\u00f3 que \u201chabr\u00e1 una reorganizaci\u00f3n salarial para todos los agentes oficiales y suboficiales\u201d, tras reconocer que \u00abel Estado nacional tiene una deuda con las fuerzas federal que durante muchos a\u00f1os no fueron bien tratados y hay que poner orden en los salarios\u00bb.<\/p>\n\n\n\n<p>En este punto, afirm\u00f3 que orden\u00f3 \u00abempezar a regularizar los ingresos de oficiales y suboficiales para que, en un tiempo no mayor de 18 meses, todos los ingresos no remunerativos formen parte\u00bb del salario.<\/p>\n\n\n\n<p>Fern\u00e1ndez remarc\u00f3: \u201cEstoy comprometido con el trabajo de las fuerzas, codo a codo, porque la Argentina que viene nos necesita a todos\u201d.<\/p>\n\n\n\n<p>En su mensaje, el Presidente dijo adem\u00e1s que \u201cla pandemia est\u00e1 lejos de haberse superado\u201d y adelant\u00f3 que esta tarde se emitir\u00e1 un decreto sobre la extensi\u00f3n de la cuarentena que tendr\u00e1 la particularidad de que \u201cprofundizar\u00e1 algunas medidas\u201d para lograr que \u201cla curva de casos baje\u201d.<\/p>\n\n\n\n<p>Antes de las palabras del jefe de Estado, fue el turno de la ministra Frederic, quien resalt\u00f3 que \u201cen el marco de la emergencia sanitaria por la pandemia, las fuerzas federales pasaron tambi\u00e9n a cuidar el bienestar de la poblaci\u00f3n y redoblaron sus esfuerzos\u201d.<\/p>\n\n\n\n<p>\u201cPor eso, quiero agradecer muy especialmente al personal m\u00e9dico y de enfermer\u00eda el trabajo que hacen para cuidar a los efectivos que est\u00e1n padeciendo el Covid-19\u201d, agreg\u00f3.<\/p>\n\n\n\n<p>Las obras concretaron la refuncionalizaci\u00f3n del sector de Unidad de Cirug\u00eda y Cuidados Intensivos del hospital Churruca, ubicado en el barrio de Parque Patricios de la ciudad de Buenos Aires.<\/p>\n\n\n\n<p>Tambi\u00e9n el Gobierno nacional entreg\u00f3 10 ambulancias de \u00faltima generaci\u00f3n al hospital, cinco de ellas de alta complejidad y las otras de baja complejidad, que demandaron una inversi\u00f3n de m\u00e1s de 89 millones de pesos (89.028.255), seg\u00fan informaron desde Casa de Gobierno.<\/p>\n\n\n\n<p>El Presidente arrib\u00f3 cerca del mediod\u00eda en helic\u00f3ptero al complejo m\u00e9dico y, tras el acto, se dirigi\u00f3 por el mismo medio a la Casa de Gobierno, donde concurri\u00f3 por \u00faltima vez en forma presencial el pasado 29 de julio, cuando present\u00f3 el proyecto de reforma judicial.<\/p>\n","protected":false},"excerpt":{"rendered":"<p>El presidente Alberto Fern\u00e1ndez anunci\u00f3 hoy una regularizaci\u00f3n en los salarios de las fuerzas de seguridad, expres\u00f3 su \u00abreconocimiento\u00bb a la labor que realizan en el contexto de la pandemia y, tras reafirmar que \u00abestamos muy lejos de haber superado el problema\u00bb, volvi\u00f3 a recalcar la \u00abreponsabilidad social y tambi\u00e9n pol\u00edtica\u00bb frente a la emergencia&#8230;<\/p>\n","protected":false},"author":2,"featured_media":5680,"comment_status":"open","ping_status":"open","sticky":false,"template":"","format":"standard","meta":{"footnotes":""},"categories":[10],"tags":[],"class_list":["post-5679","post","type-post","status-publish","format-standard","has-post-thumbnail","hentry","category-nacion"],"featured_image_src":"https:\/\/diarioprincipios.com\/wp-content\/uploads\/2020\/09\/0000848778-1024x573.jpg","blog_images":{"medium":"https:\/\/diarioprincipios.com\/wp-content\/uploads\/2020\/09\/0000848778-300x168.jpg","large":"https:\/\/diarioprincipios.com\/wp-content\/uploads\/2020\/09\/0000848778-1024x573.jpg"},"ams_acf":[],"yoast_head":"<!-- This site is optimized with the Yoast SEO plugin v27.3 - https:\/\/yoast.com\/product\/yoast-seo-wordpress\/ -->\n<title>Fern\u00e1ndez anunci\u00f3 mejoras para las fuerzas de seguridad y pidi\u00f3 &quot;responsabilidad&quot; ante la pandemia - Principios<\/title>\n<meta name=\"robots\" content=\"index, follow, max-snippet:-1, max-image-preview:large, max-video-preview:-1\" \/>\n<link rel=\"canonical\" href=\"https:\/\/diarioprincipios.com\/index.php\/2020\/09\/18\/fernandez-anuncio-mejoras-para-las-fuerzas-de-seguridad-y-pidio-responsabilidad-ante-la-pandemia\/\" \/>\n<meta property=\"og:locale\" content=\"es_ES\" \/>\n<meta property=\"og:type\" content=\"article\" \/>\n<meta property=\"og:title\" content=\"Fern\u00e1ndez anunci\u00f3 mejoras para las fuerzas de seguridad y pidi\u00f3 &quot;responsabilidad&quot; ante la pandemia - Principios\" \/>\n<meta property=\"og:description\" content=\"El presidente Alberto Fern\u00e1ndez anunci\u00f3 hoy una regularizaci\u00f3n en los salarios de las fuerzas de seguridad, expres\u00f3 su \u00abreconocimiento\u00bb a la labor que realizan en el contexto de la pandemia y, tras reafirmar que \u00abestamos muy lejos de haber superado el problema\u00bb, volvi\u00f3 a recalcar la \u00abreponsabilidad social y tambi\u00e9n pol\u00edtica\u00bb frente a la emergencia...\" \/>\n<meta property=\"og:url\" content=\"https:\/\/diarioprincipios.com\/index.php\/2020\/09\/18\/fernandez-anuncio-mejoras-para-las-fuerzas-de-seguridad-y-pidio-responsabilidad-ante-la-pandemia\/\" \/>\n<meta property=\"og:site_name\" content=\"Principios\" \/>\n<meta property=\"article:published_time\" content=\"2020-09-18T16:57:34+00:00\" \/>\n<meta property=\"article:modified_time\" content=\"2020-09-18T16:57:38+00:00\" \/>\n<meta property=\"og:image\" content=\"https:\/\/diarioprincipios.com\/wp-content\/uploads\/2020\/09\/0000848778.jpg\" \/>\n\t<meta property=\"og:image:width\" content=\"1200\" \/>\n\t<meta property=\"og:image:height\" content=\"671\" \/>\n\t<meta property=\"og:image:type\" content=\"image\/jpeg\" \/>\n<meta name=\"author\" content=\"Hern\u00e1n L\u00f3pez\" \/>\n<meta name=\"twitter:card\" content=\"summary_large_image\" \/>\n<meta name=\"twitter:label1\" content=\"Escrito por\" \/>\n\t<meta name=\"twitter:data1\" content=\"Hern\u00e1n L\u00f3pez\" \/>\n\t<meta name=\"twitter:label2\" content=\"Tiempo de lectura\" \/>\n\t<meta name=\"twitter:data2\" content=\"3 minutos\" \/>\n<script type=\"application\/ld+json\" class=\"yoast-schema-graph\">{\"@context\":\"https:\\\/\\\/schema.org\",\"@graph\":[{\"@type\":\"Article\",\"@id\":\"https:\\\/\\\/diarioprincipios.com\\\/index.php\\\/2020\\\/09\\\/18\\\/fernandez-anuncio-mejoras-para-las-fuerzas-de-seguridad-y-pidio-responsabilidad-ante-la-pandemia\\\/#article\",\"isPartOf\":{\"@id\":\"https:\\\/\\\/diarioprincipios.com\\\/index.php\\\/2020\\\/09\\\/18\\\/fernandez-anuncio-mejoras-para-las-fuerzas-de-seguridad-y-pidio-responsabilidad-ante-la-pandemia\\\/\"},\"author\":{\"name\":\"Hern\u00e1n L\u00f3pez\",\"@id\":\"https:\\\/\\\/diarioprincipios.com\\\/#\\\/schema\\\/person\\\/436d5a1fd41a5e250e23ff5a6a7cb080\"},\"headline\":\"Fern\u00e1ndez anunci\u00f3 mejoras para las fuerzas de seguridad y pidi\u00f3 \u00abresponsabilidad\u00bb ante la pandemia\",\"datePublished\":\"2020-09-18T16:57:34+00:00\",\"dateModified\":\"2020-09-18T16:57:38+00:00\",\"mainEntityOfPage\":{\"@id\":\"https:\\\/\\\/diarioprincipios.com\\\/index.php\\\/2020\\\/09\\\/18\\\/fernandez-anuncio-mejoras-para-las-fuerzas-de-seguridad-y-pidio-responsabilidad-ante-la-pandemia\\\/\"},\"wordCount\":598,\"commentCount\":0,\"publisher\":{\"@id\":\"https:\\\/\\\/diarioprincipios.com\\\/#organization\"},\"image\":{\"@id\":\"https:\\\/\\\/diarioprincipios.com\\\/index.php\\\/2020\\\/09\\\/18\\\/fernandez-anuncio-mejoras-para-las-fuerzas-de-seguridad-y-pidio-responsabilidad-ante-la-pandemia\\\/#primaryimage\"},\"thumbnailUrl\":\"https:\\\/\\\/diarioprincipios.com\\\/wp-content\\\/uploads\\\/2020\\\/09\\\/0000848778.jpg\",\"articleSection\":[\"Naci\u00f3n\"],\"inLanguage\":\"es\",\"potentialAction\":[{\"@type\":\"CommentAction\",\"name\":\"Comment\",\"target\":[\"https:\\\/\\\/diarioprincipios.com\\\/index.php\\\/2020\\\/09\\\/18\\\/fernandez-anuncio-mejoras-para-las-fuerzas-de-seguridad-y-pidio-responsabilidad-ante-la-pandemia\\\/#respond\"]}]},{\"@type\":\"WebPage\",\"@id\":\"https:\\\/\\\/diarioprincipios.com\\\/index.php\\\/2020\\\/09\\\/18\\\/fernandez-anuncio-mejoras-para-las-fuerzas-de-seguridad-y-pidio-responsabilidad-ante-la-pandemia\\\/\",\"url\":\"https:\\\/\\\/diarioprincipios.com\\\/index.php\\\/2020\\\/09\\\/18\\\/fernandez-anuncio-mejoras-para-las-fuerzas-de-seguridad-y-pidio-responsabilidad-ante-la-pandemia\\\/\",\"name\":\"Fern\u00e1ndez anunci\u00f3 mejoras para las fuerzas de seguridad y pidi\u00f3 \\\"responsabilidad\\\" ante la pandemia - Principios\",\"isPartOf\":{\"@id\":\"https:\\\/\\\/diarioprincipios.com\\\/#website\"},\"primaryImageOfPage\":{\"@id\":\"https:\\\/\\\/diarioprincipios.com\\\/index.php\\\/2020\\\/09\\\/18\\\/fernandez-anuncio-mejoras-para-las-fuerzas-de-seguridad-y-pidio-responsabilidad-ante-la-pandemia\\\/#primaryimage\"},\"image\":{\"@id\":\"https:\\\/\\\/diarioprincipios.com\\\/index.php\\\/2020\\\/09\\\/18\\\/fernandez-anuncio-mejoras-para-las-fuerzas-de-seguridad-y-pidio-responsabilidad-ante-la-pandemia\\\/#primaryimage\"},\"thumbnailUrl\":\"https:\\\/\\\/diarioprincipios.com\\\/wp-content\\\/uploads\\\/2020\\\/09\\\/0000848778.jpg\",\"datePublished\":\"2020-09-18T16:57:34+00:00\",\"dateModified\":\"2020-09-18T16:57:38+00:00\",\"breadcrumb\":{\"@id\":\"https:\\\/\\\/diarioprincipios.com\\\/index.php\\\/2020\\\/09\\\/18\\\/fernandez-anuncio-mejoras-para-las-fuerzas-de-seguridad-y-pidio-responsabilidad-ante-la-pandemia\\\/#breadcrumb\"},\"inLanguage\":\"es\",\"potentialAction\":[{\"@type\":\"ReadAction\",\"target\":[\"https:\\\/\\\/diarioprincipios.com\\\/index.php\\\/2020\\\/09\\\/18\\\/fernandez-anuncio-mejoras-para-las-fuerzas-de-seguridad-y-pidio-responsabilidad-ante-la-pandemia\\\/\"]}]},{\"@type\":\"ImageObject\",\"inLanguage\":\"es\",\"@id\":\"https:\\\/\\\/diarioprincipios.com\\\/index.php\\\/2020\\\/09\\\/18\\\/fernandez-anuncio-mejoras-para-las-fuerzas-de-seguridad-y-pidio-responsabilidad-ante-la-pandemia\\\/#primaryimage\",\"url\":\"https:\\\/\\\/diarioprincipios.com\\\/wp-content\\\/uploads\\\/2020\\\/09\\\/0000848778.jpg\",\"contentUrl\":\"https:\\\/\\\/diarioprincipios.com\\\/wp-content\\\/uploads\\\/2020\\\/09\\\/0000848778.jpg\",\"width\":1200,\"height\":671},{\"@type\":\"BreadcrumbList\",\"@id\":\"https:\\\/\\\/diarioprincipios.com\\\/index.php\\\/2020\\\/09\\\/18\\\/fernandez-anuncio-mejoras-para-las-fuerzas-de-seguridad-y-pidio-responsabilidad-ante-la-pandemia\\\/#breadcrumb\",\"itemListElement\":[{\"@type\":\"ListItem\",\"position\":1,\"name\":\"Portada\",\"item\":\"https:\\\/\\\/diarioprincipios.com\\\/\"},{\"@type\":\"ListItem\",\"position\":2,\"name\":\"Fern\u00e1ndez anunci\u00f3 mejoras para las fuerzas de seguridad y pidi\u00f3 \u00abresponsabilidad\u00bb ante la pandemia\"}]},{\"@type\":\"WebSite\",\"@id\":\"https:\\\/\\\/diarioprincipios.com\\\/#website\",\"url\":\"https:\\\/\\\/diarioprincipios.com\\\/\",\"name\":\"Principios\",\"description\":\"Principios Diario\",\"publisher\":{\"@id\":\"https:\\\/\\\/diarioprincipios.com\\\/#organization\"},\"potentialAction\":[{\"@type\":\"SearchAction\",\"target\":{\"@type\":\"EntryPoint\",\"urlTemplate\":\"https:\\\/\\\/diarioprincipios.com\\\/?s={search_term_string}\"},\"query-input\":{\"@type\":\"PropertyValueSpecification\",\"valueRequired\":true,\"valueName\":\"search_term_string\"}}],\"inLanguage\":\"es\"},{\"@type\":\"Organization\",\"@id\":\"https:\\\/\\\/diarioprincipios.com\\\/#organization\",\"name\":\"Principios\",\"url\":\"https:\\\/\\\/diarioprincipios.com\\\/\",\"logo\":{\"@type\":\"ImageObject\",\"inLanguage\":\"es\",\"@id\":\"https:\\\/\\\/diarioprincipios.com\\\/#\\\/schema\\\/logo\\\/image\\\/\",\"url\":\"https:\\\/\\\/diarioprincipios.com\\\/wp-content\\\/uploads\\\/2024\\\/04\\\/cropped-www.diarioprincipios.com_-1.png\",\"contentUrl\":\"https:\\\/\\\/diarioprincipios.com\\\/wp-content\\\/uploads\\\/2024\\\/04\\\/cropped-www.diarioprincipios.com_-1.png\",\"width\":5325,\"height\":1454,\"caption\":\"Principios\"},\"image\":{\"@id\":\"https:\\\/\\\/diarioprincipios.com\\\/#\\\/schema\\\/logo\\\/image\\\/\"}},{\"@type\":\"Person\",\"@id\":\"https:\\\/\\\/diarioprincipios.com\\\/#\\\/schema\\\/person\\\/436d5a1fd41a5e250e23ff5a6a7cb080\",\"name\":\"Hern\u00e1n L\u00f3pez\",\"image\":{\"@type\":\"ImageObject\",\"inLanguage\":\"es\",\"@id\":\"https:\\\/\\\/diarioprincipios.com\\\/wp-content\\\/litespeed\\\/avatar\\\/11ddfe5610ff3bd100522525b2571f48.jpg?ver=1777048341\",\"url\":\"https:\\\/\\\/diarioprincipios.com\\\/wp-content\\\/litespeed\\\/avatar\\\/11ddfe5610ff3bd100522525b2571f48.jpg?ver=1777048341\",\"contentUrl\":\"https:\\\/\\\/diarioprincipios.com\\\/wp-content\\\/litespeed\\\/avatar\\\/11ddfe5610ff3bd100522525b2571f48.jpg?ver=1777048341\",\"caption\":\"Hern\u00e1n L\u00f3pez\"},\"url\":\"https:\\\/\\\/diarioprincipios.com\\\/index.php\\\/author\\\/hernan\\\/\"}]}<\/script>\n<!-- \/ Yoast SEO plugin. -->","yoast_head_json":{"title":"Fern\u00e1ndez anunci\u00f3 mejoras para las fuerzas de seguridad y pidi\u00f3 \"responsabilidad\" ante la pandemia - Principios","robots":{"index":"index","follow":"follow","max-snippet":"max-snippet:-1","max-image-preview":"max-image-preview:large","max-video-preview":"max-video-preview:-1"},"canonical":"https:\/\/diarioprincipios.com\/index.php\/2020\/09\/18\/fernandez-anuncio-mejoras-para-las-fuerzas-de-seguridad-y-pidio-responsabilidad-ante-la-pandemia\/","og_locale":"es_ES","og_type":"article","og_title":"Fern\u00e1ndez anunci\u00f3 mejoras para las fuerzas de seguridad y pidi\u00f3 \"responsabilidad\" ante la pandemia - Principios","og_description":"El presidente Alberto Fern\u00e1ndez anunci\u00f3 hoy una regularizaci\u00f3n en los salarios de las fuerzas de seguridad, expres\u00f3 su \u00abreconocimiento\u00bb a la labor que realizan en el contexto de la pandemia y, tras reafirmar que \u00abestamos muy lejos de haber superado el problema\u00bb, volvi\u00f3 a recalcar la \u00abreponsabilidad social y tambi\u00e9n pol\u00edtica\u00bb frente a la emergencia...","og_url":"https:\/\/diarioprincipios.com\/index.php\/2020\/09\/18\/fernandez-anuncio-mejoras-para-las-fuerzas-de-seguridad-y-pidio-responsabilidad-ante-la-pandemia\/","og_site_name":"Principios","article_published_time":"2020-09-18T16:57:34+00:00","article_modified_time":"2020-09-18T16:57:38+00:00","og_image":[{"width":1200,"height":671,"url":"https:\/\/diarioprincipios.com\/wp-content\/uploads\/2020\/09\/0000848778.jpg","type":"image\/jpeg"}],"author":"Hern\u00e1n L\u00f3pez","twitter_card":"summary_large_image","twitter_misc":{"Escrito por":"Hern\u00e1n L\u00f3pez","Tiempo de lectura":"3 minutos"},"schema":{"@context":"https:\/\/schema.org","@graph":[{"@type":"Article","@id":"https:\/\/diarioprincipios.com\/index.php\/2020\/09\/18\/fernandez-anuncio-mejoras-para-las-fuerzas-de-seguridad-y-pidio-responsabilidad-ante-la-pandemia\/#article","isPartOf":{"@id":"https:\/\/diarioprincipios.com\/index.php\/2020\/09\/18\/fernandez-anuncio-mejoras-para-las-fuerzas-de-seguridad-y-pidio-responsabilidad-ante-la-pandemia\/"},"author":{"name":"Hern\u00e1n L\u00f3pez","@id":"https:\/\/diarioprincipios.com\/#\/schema\/person\/436d5a1fd41a5e250e23ff5a6a7cb080"},"headline":"Fern\u00e1ndez anunci\u00f3 mejoras para las fuerzas de seguridad y pidi\u00f3 \u00abresponsabilidad\u00bb ante la pandemia","datePublished":"2020-09-18T16:57:34+00:00","dateModified":"2020-09-18T16:57:38+00:00","mainEntityOfPage":{"@id":"https:\/\/diarioprincipios.com\/index.php\/2020\/09\/18\/fernandez-anuncio-mejoras-para-las-fuerzas-de-seguridad-y-pidio-responsabilidad-ante-la-pandemia\/"},"wordCount":598,"commentCount":0,"publisher":{"@id":"https:\/\/diarioprincipios.com\/#organization"},"image":{"@id":"https:\/\/diarioprincipios.com\/index.php\/2020\/09\/18\/fernandez-anuncio-mejoras-para-las-fuerzas-de-seguridad-y-pidio-responsabilidad-ante-la-pandemia\/#primaryimage"},"thumbnailUrl":"https:\/\/diarioprincipios.com\/wp-content\/uploads\/2020\/09\/0000848778.jpg","articleSection":["Naci\u00f3n"],"inLanguage":"es","potentialAction":[{"@type":"CommentAction","name":"Comment","target":["https:\/\/diarioprincipios.com\/index.php\/2020\/09\/18\/fernandez-anuncio-mejoras-para-las-fuerzas-de-seguridad-y-pidio-responsabilidad-ante-la-pandemia\/#respond"]}]},{"@type":"WebPage","@id":"https:\/\/diarioprincipios.com\/index.php\/2020\/09\/18\/fernandez-anuncio-mejoras-para-las-fuerzas-de-seguridad-y-pidio-responsabilidad-ante-la-pandemia\/","url":"https:\/\/diarioprincipios.com\/index.php\/2020\/09\/18\/fernandez-anuncio-mejoras-para-las-fuerzas-de-seguridad-y-pidio-responsabilidad-ante-la-pandemia\/","name":"Fern\u00e1ndez anunci\u00f3 mejoras para las fuerzas de seguridad y pidi\u00f3 \"responsabilidad\" ante la pandemia - Principios","isPartOf":{"@id":"https:\/\/diarioprincipios.com\/#website"},"primaryImageOfPage":{"@id":"https:\/\/diarioprincipios.com\/index.php\/2020\/09\/18\/fernandez-anuncio-mejoras-para-las-fuerzas-de-seguridad-y-pidio-responsabilidad-ante-la-pandemia\/#primaryimage"},"image":{"@id":"https:\/\/diarioprincipios.com\/index.php\/2020\/09\/18\/fernandez-anuncio-mejoras-para-las-fuerzas-de-seguridad-y-pidio-responsabilidad-ante-la-pandemia\/#primaryimage"},"thumbnailUrl":"https:\/\/diarioprincipios.com\/wp-content\/uploads\/2020\/09\/0000848778.jpg","datePublished":"2020-09-18T16:57:34+00:00","dateModified":"2020-09-18T16:57:38+00:00","breadcrumb":{"@id":"https:\/\/diarioprincipios.com\/index.php\/2020\/09\/18\/fernandez-anuncio-mejoras-para-las-fuerzas-de-seguridad-y-pidio-responsabilidad-ante-la-pandemia\/#breadcrumb"},"inLanguage":"es","potentialAction":[{"@type":"ReadAction","target":["https:\/\/diarioprincipios.com\/index.php\/2020\/09\/18\/fernandez-anuncio-mejoras-para-las-fuerzas-de-seguridad-y-pidio-responsabilidad-ante-la-pandemia\/"]}]},{"@type":"ImageObject","inLanguage":"es","@id":"https:\/\/diarioprincipios.com\/index.php\/2020\/09\/18\/fernandez-anuncio-mejoras-para-las-fuerzas-de-seguridad-y-pidio-responsabilidad-ante-la-pandemia\/#primaryimage","url":"https:\/\/diarioprincipios.com\/wp-content\/uploads\/2020\/09\/0000848778.jpg","contentUrl":"https:\/\/diarioprincipios.com\/wp-content\/uploads\/2020\/09\/0000848778.jpg","width":1200,"height":671},{"@type":"BreadcrumbList","@id":"https:\/\/diarioprincipios.com\/index.php\/2020\/09\/18\/fernandez-anuncio-mejoras-para-las-fuerzas-de-seguridad-y-pidio-responsabilidad-ante-la-pandemia\/#breadcrumb","itemListElement":[{"@type":"ListItem","position":1,"name":"Portada","item":"https:\/\/diarioprincipios.com\/"},{"@type":"ListItem","position":2,"name":"Fern\u00e1ndez anunci\u00f3 mejoras para las fuerzas de seguridad y pidi\u00f3 \u00abresponsabilidad\u00bb ante la pandemia"}]},{"@type":"WebSite","@id":"https:\/\/diarioprincipios.com\/#website","url":"https:\/\/diarioprincipios.com\/","name":"Principios","description":"Principios Diario","publisher":{"@id":"https:\/\/diarioprincipios.com\/#organization"},"potentialAction":[{"@type":"SearchAction","target":{"@type":"EntryPoint","urlTemplate":"https:\/\/diarioprincipios.com\/?s={search_term_string}"},"query-input":{"@type":"PropertyValueSpecification","valueRequired":true,"valueName":"search_term_string"}}],"inLanguage":"es"},{"@type":"Organization","@id":"https:\/\/diarioprincipios.com\/#organization","name":"Principios","url":"https:\/\/diarioprincipios.com\/","logo":{"@type":"ImageObject","inLanguage":"es","@id":"https:\/\/diarioprincipios.com\/#\/schema\/logo\/image\/","url":"https:\/\/diarioprincipios.com\/wp-content\/uploads\/2024\/04\/cropped-www.diarioprincipios.com_-1.png","contentUrl":"https:\/\/diarioprincipios.com\/wp-content\/uploads\/2024\/04\/cropped-www.diarioprincipios.com_-1.png","width":5325,"height":1454,"caption":"Principios"},"image":{"@id":"https:\/\/diarioprincipios.com\/#\/schema\/logo\/image\/"}},{"@type":"Person","@id":"https:\/\/diarioprincipios.com\/#\/schema\/person\/436d5a1fd41a5e250e23ff5a6a7cb080","name":"Hern\u00e1n L\u00f3pez","image":{"@type":"ImageObject","inLanguage":"es","@id":"https:\/\/diarioprincipios.com\/wp-content\/litespeed\/avatar\/11ddfe5610ff3bd100522525b2571f48.jpg?ver=1777048341","url":"https:\/\/diarioprincipios.com\/wp-content\/litespeed\/avatar\/11ddfe5610ff3bd100522525b2571f48.jpg?ver=1777048341","contentUrl":"https:\/\/diarioprincipios.com\/wp-content\/litespeed\/avatar\/11ddfe5610ff3bd100522525b2571f48.jpg?ver=1777048341","caption":"Hern\u00e1n L\u00f3pez"},"url":"https:\/\/diarioprincipios.com\/index.php\/author\/hernan\/"}]}},"jetpack_featured_media_url":"https:\/\/diarioprincipios.com\/wp-content\/uploads\/2020\/09\/0000848778.jpg","_links":{"self":[{"href":"https:\/\/diarioprincipios.com\/index.php\/wp-json\/wp\/v2\/posts\/5679","targetHints":{"allow":["GET"]}}],"collection":[{"href":"https:\/\/diarioprincipios.com\/index.php\/wp-json\/wp\/v2\/posts"}],"about":[{"href":"https:\/\/diarioprincipios.com\/index.php\/wp-json\/wp\/v2\/types\/post"}],"author":[{"embeddable":true,"href":"https:\/\/diarioprincipios.com\/index.php\/wp-json\/wp\/v2\/users\/2"}],"replies":[{"embeddable":true,"href":"https:\/\/diarioprincipios.com\/index.php\/wp-json\/wp\/v2\/comments?post=5679"}],"version-history":[{"count":1,"href":"https:\/\/diarioprincipios.com\/index.php\/wp-json\/wp\/v2\/posts\/5679\/revisions"}],"predecessor-version":[{"id":5681,"href":"https:\/\/diarioprincipios.com\/index.php\/wp-json\/wp\/v2\/posts\/5679\/revisions\/5681"}],"wp:featuredmedia":[{"embeddable":true,"href":"https:\/\/diarioprincipios.com\/index.php\/wp-json\/wp\/v2\/media\/5680"}],"wp:attachment":[{"href":"https:\/\/diarioprincipios.com\/index.php\/wp-json\/wp\/v2\/media?parent=5679"}],"wp:term":[{"taxonomy":"category","embeddable":true,"href":"https:\/\/diarioprincipios.com\/index.php\/wp-json\/wp\/v2\/categories?post=5679"},{"taxonomy":"post_tag","embeddable":true,"href":"https:\/\/diarioprincipios.com\/index.php\/wp-json\/wp\/v2\/tags?post=5679"}],"curies":[{"name":"wp","href":"https:\/\/api.w.org\/{rel}","templated":true}]}}