{"id":5673,"date":"2020-09-18T11:59:03","date_gmt":"2020-09-18T14:59:03","guid":{"rendered":"http:\/\/diarioprincipios.com\/?p=5673"},"modified":"2020-09-18T11:59:08","modified_gmt":"2020-09-18T14:59:08","slug":"vuelven-a-prorrogar-los-vencimientos-de-las-licencias-de-conducir","status":"publish","type":"post","link":"https:\/\/diarioprincipios.com\/index.php\/2020\/09\/18\/vuelven-a-prorrogar-los-vencimientos-de-las-licencias-de-conducir\/","title":{"rendered":"Vuelven a prorrogar los vencimientos de las Licencias de Conducir"},"content":{"rendered":"\n<p><strong>La Municipalidad de Berazategui -por medio de la Secretar\u00eda de Seguridad- informa a la comunidad que volvieron a extenderse los vencimientos de las licencias de conducir, ahora por 240 d\u00edas corridos desde su fecha de caducidad.\u00a0\u00a0\u00a0\u00a0\u00a0\u00a0\u00a0\u00a0\u00a0\u00a0\u00a0\u00a0\u00a0\u00a0\u00a0\u00a0\u00a0\u00a0\u00a0\u00a0\u00a0\u00a0\u00a0\u00a0\u00a0\u00a0\u00a0\u00a0\u00a0\u00a0\u00a0\u00a0\u00a0\u00a0\u00a0\u00a0\u00a0\u00a0\u00a0\u00a0\u00a0\u00a0<\/strong><\/p>\n\n\n\n<p>La medida, adoptada por la Subsecretar\u00eda de Transporte de la provincia de Buenos Aires,&nbsp;&nbsp;alcanza a las licencias de conducir con vencimiento entre el 15 de febrero y el 30 de septiembre de este a\u00f1o.<\/p>\n\n\n\n<p>Esto se debe al contexto de emergencia sanitaria, para disminuir la circulaci\u00f3n y evitar la aglomeraci\u00f3n de personas, y as\u00ed minimizar la propagaci\u00f3n y prevenir contagios de Coronavirus (COVID-19).<\/p>\n\n\n\n<p>Quienes necesiten realizar renovaciones particulares y profesionales, deber\u00e1n solicitar turno de manera previa al 0800-999-2525\/0247, o a trav\u00e9s de la Web del Municipio:\u00a0<a rel=\"noreferrer noopener\" target=\"_blank\" href=\"http:\/\/berazategui.gob.ar\">berazategui.gob.ar<\/a>.<\/p>\n\n\n\n<figure class=\"wp-block-image\"><img decoding=\"async\" src=\"https:\/\/ecp.yusercontent.com\/mail?url=https%3A%2F%2Fdocs.google.com%2Fuc%3Fexport%3Ddownload%26id%3D1g3k9vWqS7dWvTW0u9tj0gFJKJqQCD8bD%26revid%3D0B0JAsZ90hzqqQkRlejZjMHFUSjRGZnE1Qkg3eUdvNmlOSjE0PQ&amp;t=1600369717&amp;ymreqid=5799fcab-b43d-2794-22d8-2e0003017b00&amp;sig=dZbfy29PAOX3rqk1oWbf1w--~D\" alt=\"\"\/><\/figure>\n","protected":false},"excerpt":{"rendered":"<p>La Municipalidad de Berazategui -por medio de la Secretar\u00eda de Seguridad- informa a la comunidad que volvieron a extenderse los vencimientos de las licencias de conducir, ahora por 240 d\u00edas corridos desde su fecha de caducidad.\u00a0\u00a0\u00a0\u00a0\u00a0\u00a0\u00a0\u00a0\u00a0\u00a0\u00a0\u00a0\u00a0\u00a0\u00a0\u00a0\u00a0\u00a0\u00a0\u00a0\u00a0\u00a0\u00a0\u00a0\u00a0\u00a0\u00a0\u00a0\u00a0\u00a0\u00a0\u00a0\u00a0\u00a0\u00a0\u00a0\u00a0\u00a0\u00a0\u00a0\u00a0\u00a0 La medida, adoptada por la Subsecretar\u00eda de Transporte de la provincia de Buenos Aires,&nbsp;&nbsp;alcanza a las licencias de conducir&#8230;<\/p>\n","protected":false},"author":2,"featured_media":5674,"comment_status":"open","ping_status":"open","sticky":false,"template":"","format":"standard","meta":{"footnotes":""},"categories":[3],"tags":[],"class_list":["post-5673","post","type-post","status-publish","format-standard","has-post-thumbnail","hentry","category-berazategui"],"featured_image_src":"https:\/\/diarioprincipios.com\/wp-content\/uploads\/2020\/09\/VUELVEN-A-PRORROGARLOS-VENCIMIENTOS-DE-LAS-LICENCIAS-DE-CONDUCIR-.jpg","blog_images":{"medium":"https:\/\/diarioprincipios.com\/wp-content\/uploads\/2020\/09\/VUELVEN-A-PRORROGARLOS-VENCIMIENTOS-DE-LAS-LICENCIAS-DE-CONDUCIR--300x204.jpg","large":"https:\/\/diarioprincipios.com\/wp-content\/uploads\/2020\/09\/VUELVEN-A-PRORROGARLOS-VENCIMIENTOS-DE-LAS-LICENCIAS-DE-CONDUCIR-.jpg"},"ams_acf":[],"yoast_head":"<!-- This site is optimized with the Yoast SEO plugin v27.3 - https:\/\/yoast.com\/product\/yoast-seo-wordpress\/ -->\n<title>Vuelven a prorrogar los vencimientos de las Licencias de Conducir - Principios<\/title>\n<meta name=\"robots\" content=\"index, follow, max-snippet:-1, max-image-preview:large, max-video-preview:-1\" \/>\n<link rel=\"canonical\" href=\"https:\/\/diarioprincipios.com\/index.php\/2020\/09\/18\/vuelven-a-prorrogar-los-vencimientos-de-las-licencias-de-conducir\/\" \/>\n<meta property=\"og:locale\" content=\"es_ES\" \/>\n<meta property=\"og:type\" content=\"article\" \/>\n<meta property=\"og:title\" content=\"Vuelven a prorrogar los vencimientos de las Licencias de Conducir - Principios\" \/>\n<meta property=\"og:description\" content=\"La Municipalidad de Berazategui -por medio de la Secretar\u00eda de Seguridad- informa a la comunidad que volvieron a extenderse los vencimientos de las licencias de conducir, ahora por 240 d\u00edas corridos desde su fecha de caducidad.\u00a0\u00a0\u00a0\u00a0\u00a0\u00a0\u00a0\u00a0\u00a0\u00a0\u00a0\u00a0\u00a0\u00a0\u00a0\u00a0\u00a0\u00a0\u00a0\u00a0\u00a0\u00a0\u00a0\u00a0\u00a0\u00a0\u00a0\u00a0\u00a0\u00a0\u00a0\u00a0\u00a0\u00a0\u00a0\u00a0\u00a0\u00a0\u00a0\u00a0\u00a0\u00a0 La medida, adoptada por la Subsecretar\u00eda de Transporte de la provincia de Buenos Aires,&nbsp;&nbsp;alcanza a las licencias de conducir...\" \/>\n<meta property=\"og:url\" content=\"https:\/\/diarioprincipios.com\/index.php\/2020\/09\/18\/vuelven-a-prorrogar-los-vencimientos-de-las-licencias-de-conducir\/\" \/>\n<meta property=\"og:site_name\" content=\"Principios\" \/>\n<meta property=\"article:published_time\" content=\"2020-09-18T14:59:03+00:00\" \/>\n<meta property=\"article:modified_time\" content=\"2020-09-18T14:59:08+00:00\" \/>\n<meta property=\"og:image\" content=\"https:\/\/diarioprincipios.com\/wp-content\/uploads\/2020\/09\/VUELVEN-A-PRORROGARLOS-VENCIMIENTOS-DE-LAS-LICENCIAS-DE-CONDUCIR-.jpg\" \/>\n\t<meta property=\"og:image:width\" content=\"986\" \/>\n\t<meta property=\"og:image:height\" content=\"669\" \/>\n\t<meta property=\"og:image:type\" content=\"image\/jpeg\" \/>\n<meta name=\"author\" content=\"Hern\u00e1n L\u00f3pez\" \/>\n<meta name=\"twitter:card\" content=\"summary_large_image\" \/>\n<meta name=\"twitter:label1\" content=\"Escrito por\" \/>\n\t<meta name=\"twitter:data1\" content=\"Hern\u00e1n L\u00f3pez\" \/>\n\t<meta name=\"twitter:label2\" content=\"Tiempo de lectura\" \/>\n\t<meta name=\"twitter:data2\" content=\"1 minuto\" \/>\n<script type=\"application\/ld+json\" class=\"yoast-schema-graph\">{\"@context\":\"https:\\\/\\\/schema.org\",\"@graph\":[{\"@type\":\"Article\",\"@id\":\"https:\\\/\\\/diarioprincipios.com\\\/index.php\\\/2020\\\/09\\\/18\\\/vuelven-a-prorrogar-los-vencimientos-de-las-licencias-de-conducir\\\/#article\",\"isPartOf\":{\"@id\":\"https:\\\/\\\/diarioprincipios.com\\\/index.php\\\/2020\\\/09\\\/18\\\/vuelven-a-prorrogar-los-vencimientos-de-las-licencias-de-conducir\\\/\"},\"author\":{\"name\":\"Hern\u00e1n L\u00f3pez\",\"@id\":\"https:\\\/\\\/diarioprincipios.com\\\/#\\\/schema\\\/person\\\/436d5a1fd41a5e250e23ff5a6a7cb080\"},\"headline\":\"Vuelven a prorrogar los vencimientos de las Licencias de Conducir\",\"datePublished\":\"2020-09-18T14:59:03+00:00\",\"dateModified\":\"2020-09-18T14:59:08+00:00\",\"mainEntityOfPage\":{\"@id\":\"https:\\\/\\\/diarioprincipios.com\\\/index.php\\\/2020\\\/09\\\/18\\\/vuelven-a-prorrogar-los-vencimientos-de-las-licencias-de-conducir\\\/\"},\"wordCount\":145,\"commentCount\":0,\"publisher\":{\"@id\":\"https:\\\/\\\/diarioprincipios.com\\\/#organization\"},\"image\":{\"@id\":\"https:\\\/\\\/diarioprincipios.com\\\/index.php\\\/2020\\\/09\\\/18\\\/vuelven-a-prorrogar-los-vencimientos-de-las-licencias-de-conducir\\\/#primaryimage\"},\"thumbnailUrl\":\"https:\\\/\\\/diarioprincipios.com\\\/wp-content\\\/uploads\\\/2020\\\/09\\\/VUELVEN-A-PRORROGARLOS-VENCIMIENTOS-DE-LAS-LICENCIAS-DE-CONDUCIR-.jpg\",\"articleSection\":[\"Berazategui\"],\"inLanguage\":\"es\",\"potentialAction\":[{\"@type\":\"CommentAction\",\"name\":\"Comment\",\"target\":[\"https:\\\/\\\/diarioprincipios.com\\\/index.php\\\/2020\\\/09\\\/18\\\/vuelven-a-prorrogar-los-vencimientos-de-las-licencias-de-conducir\\\/#respond\"]}]},{\"@type\":\"WebPage\",\"@id\":\"https:\\\/\\\/diarioprincipios.com\\\/index.php\\\/2020\\\/09\\\/18\\\/vuelven-a-prorrogar-los-vencimientos-de-las-licencias-de-conducir\\\/\",\"url\":\"https:\\\/\\\/diarioprincipios.com\\\/index.php\\\/2020\\\/09\\\/18\\\/vuelven-a-prorrogar-los-vencimientos-de-las-licencias-de-conducir\\\/\",\"name\":\"Vuelven a prorrogar los vencimientos de las Licencias de Conducir - Principios\",\"isPartOf\":{\"@id\":\"https:\\\/\\\/diarioprincipios.com\\\/#website\"},\"primaryImageOfPage\":{\"@id\":\"https:\\\/\\\/diarioprincipios.com\\\/index.php\\\/2020\\\/09\\\/18\\\/vuelven-a-prorrogar-los-vencimientos-de-las-licencias-de-conducir\\\/#primaryimage\"},\"image\":{\"@id\":\"https:\\\/\\\/diarioprincipios.com\\\/index.php\\\/2020\\\/09\\\/18\\\/vuelven-a-prorrogar-los-vencimientos-de-las-licencias-de-conducir\\\/#primaryimage\"},\"thumbnailUrl\":\"https:\\\/\\\/diarioprincipios.com\\\/wp-content\\\/uploads\\\/2020\\\/09\\\/VUELVEN-A-PRORROGARLOS-VENCIMIENTOS-DE-LAS-LICENCIAS-DE-CONDUCIR-.jpg\",\"datePublished\":\"2020-09-18T14:59:03+00:00\",\"dateModified\":\"2020-09-18T14:59:08+00:00\",\"breadcrumb\":{\"@id\":\"https:\\\/\\\/diarioprincipios.com\\\/index.php\\\/2020\\\/09\\\/18\\\/vuelven-a-prorrogar-los-vencimientos-de-las-licencias-de-conducir\\\/#breadcrumb\"},\"inLanguage\":\"es\",\"potentialAction\":[{\"@type\":\"ReadAction\",\"target\":[\"https:\\\/\\\/diarioprincipios.com\\\/index.php\\\/2020\\\/09\\\/18\\\/vuelven-a-prorrogar-los-vencimientos-de-las-licencias-de-conducir\\\/\"]}]},{\"@type\":\"ImageObject\",\"inLanguage\":\"es\",\"@id\":\"https:\\\/\\\/diarioprincipios.com\\\/index.php\\\/2020\\\/09\\\/18\\\/vuelven-a-prorrogar-los-vencimientos-de-las-licencias-de-conducir\\\/#primaryimage\",\"url\":\"https:\\\/\\\/diarioprincipios.com\\\/wp-content\\\/uploads\\\/2020\\\/09\\\/VUELVEN-A-PRORROGARLOS-VENCIMIENTOS-DE-LAS-LICENCIAS-DE-CONDUCIR-.jpg\",\"contentUrl\":\"https:\\\/\\\/diarioprincipios.com\\\/wp-content\\\/uploads\\\/2020\\\/09\\\/VUELVEN-A-PRORROGARLOS-VENCIMIENTOS-DE-LAS-LICENCIAS-DE-CONDUCIR-.jpg\",\"width\":986,\"height\":669},{\"@type\":\"BreadcrumbList\",\"@id\":\"https:\\\/\\\/diarioprincipios.com\\\/index.php\\\/2020\\\/09\\\/18\\\/vuelven-a-prorrogar-los-vencimientos-de-las-licencias-de-conducir\\\/#breadcrumb\",\"itemListElement\":[{\"@type\":\"ListItem\",\"position\":1,\"name\":\"Portada\",\"item\":\"https:\\\/\\\/diarioprincipios.com\\\/\"},{\"@type\":\"ListItem\",\"position\":2,\"name\":\"Vuelven a prorrogar los vencimientos de las Licencias de Conducir\"}]},{\"@type\":\"WebSite\",\"@id\":\"https:\\\/\\\/diarioprincipios.com\\\/#website\",\"url\":\"https:\\\/\\\/diarioprincipios.com\\\/\",\"name\":\"Principios\",\"description\":\"Principios Diario\",\"publisher\":{\"@id\":\"https:\\\/\\\/diarioprincipios.com\\\/#organization\"},\"potentialAction\":[{\"@type\":\"SearchAction\",\"target\":{\"@type\":\"EntryPoint\",\"urlTemplate\":\"https:\\\/\\\/diarioprincipios.com\\\/?s={search_term_string}\"},\"query-input\":{\"@type\":\"PropertyValueSpecification\",\"valueRequired\":true,\"valueName\":\"search_term_string\"}}],\"inLanguage\":\"es\"},{\"@type\":\"Organization\",\"@id\":\"https:\\\/\\\/diarioprincipios.com\\\/#organization\",\"name\":\"Principios\",\"url\":\"https:\\\/\\\/diarioprincipios.com\\\/\",\"logo\":{\"@type\":\"ImageObject\",\"inLanguage\":\"es\",\"@id\":\"https:\\\/\\\/diarioprincipios.com\\\/#\\\/schema\\\/logo\\\/image\\\/\",\"url\":\"https:\\\/\\\/diarioprincipios.com\\\/wp-content\\\/uploads\\\/2024\\\/04\\\/cropped-www.diarioprincipios.com_-1.png\",\"contentUrl\":\"https:\\\/\\\/diarioprincipios.com\\\/wp-content\\\/uploads\\\/2024\\\/04\\\/cropped-www.diarioprincipios.com_-1.png\",\"width\":5325,\"height\":1454,\"caption\":\"Principios\"},\"image\":{\"@id\":\"https:\\\/\\\/diarioprincipios.com\\\/#\\\/schema\\\/logo\\\/image\\\/\"}},{\"@type\":\"Person\",\"@id\":\"https:\\\/\\\/diarioprincipios.com\\\/#\\\/schema\\\/person\\\/436d5a1fd41a5e250e23ff5a6a7cb080\",\"name\":\"Hern\u00e1n L\u00f3pez\",\"image\":{\"@type\":\"ImageObject\",\"inLanguage\":\"es\",\"@id\":\"https:\\\/\\\/diarioprincipios.com\\\/wp-content\\\/litespeed\\\/avatar\\\/11ddfe5610ff3bd100522525b2571f48.jpg?ver=1777048341\",\"url\":\"https:\\\/\\\/diarioprincipios.com\\\/wp-content\\\/litespeed\\\/avatar\\\/11ddfe5610ff3bd100522525b2571f48.jpg?ver=1777048341\",\"contentUrl\":\"https:\\\/\\\/diarioprincipios.com\\\/wp-content\\\/litespeed\\\/avatar\\\/11ddfe5610ff3bd100522525b2571f48.jpg?ver=1777048341\",\"caption\":\"Hern\u00e1n L\u00f3pez\"},\"url\":\"https:\\\/\\\/diarioprincipios.com\\\/index.php\\\/author\\\/hernan\\\/\"}]}<\/script>\n<!-- \/ Yoast SEO plugin. -->","yoast_head_json":{"title":"Vuelven a prorrogar los vencimientos de las Licencias de Conducir - Principios","robots":{"index":"index","follow":"follow","max-snippet":"max-snippet:-1","max-image-preview":"max-image-preview:large","max-video-preview":"max-video-preview:-1"},"canonical":"https:\/\/diarioprincipios.com\/index.php\/2020\/09\/18\/vuelven-a-prorrogar-los-vencimientos-de-las-licencias-de-conducir\/","og_locale":"es_ES","og_type":"article","og_title":"Vuelven a prorrogar los vencimientos de las Licencias de Conducir - Principios","og_description":"La Municipalidad de Berazategui -por medio de la Secretar\u00eda de Seguridad- informa a la comunidad que volvieron a extenderse los vencimientos de las licencias de conducir, ahora por 240 d\u00edas corridos desde su fecha de caducidad.\u00a0\u00a0\u00a0\u00a0\u00a0\u00a0\u00a0\u00a0\u00a0\u00a0\u00a0\u00a0\u00a0\u00a0\u00a0\u00a0\u00a0\u00a0\u00a0\u00a0\u00a0\u00a0\u00a0\u00a0\u00a0\u00a0\u00a0\u00a0\u00a0\u00a0\u00a0\u00a0\u00a0\u00a0\u00a0\u00a0\u00a0\u00a0\u00a0\u00a0\u00a0\u00a0 La medida, adoptada por la Subsecretar\u00eda de Transporte de la provincia de Buenos Aires,&nbsp;&nbsp;alcanza a las licencias de conducir...","og_url":"https:\/\/diarioprincipios.com\/index.php\/2020\/09\/18\/vuelven-a-prorrogar-los-vencimientos-de-las-licencias-de-conducir\/","og_site_name":"Principios","article_published_time":"2020-09-18T14:59:03+00:00","article_modified_time":"2020-09-18T14:59:08+00:00","og_image":[{"width":986,"height":669,"url":"https:\/\/diarioprincipios.com\/wp-content\/uploads\/2020\/09\/VUELVEN-A-PRORROGARLOS-VENCIMIENTOS-DE-LAS-LICENCIAS-DE-CONDUCIR-.jpg","type":"image\/jpeg"}],"author":"Hern\u00e1n L\u00f3pez","twitter_card":"summary_large_image","twitter_misc":{"Escrito por":"Hern\u00e1n L\u00f3pez","Tiempo de lectura":"1 minuto"},"schema":{"@context":"https:\/\/schema.org","@graph":[{"@type":"Article","@id":"https:\/\/diarioprincipios.com\/index.php\/2020\/09\/18\/vuelven-a-prorrogar-los-vencimientos-de-las-licencias-de-conducir\/#article","isPartOf":{"@id":"https:\/\/diarioprincipios.com\/index.php\/2020\/09\/18\/vuelven-a-prorrogar-los-vencimientos-de-las-licencias-de-conducir\/"},"author":{"name":"Hern\u00e1n L\u00f3pez","@id":"https:\/\/diarioprincipios.com\/#\/schema\/person\/436d5a1fd41a5e250e23ff5a6a7cb080"},"headline":"Vuelven a prorrogar los vencimientos de las Licencias de Conducir","datePublished":"2020-09-18T14:59:03+00:00","dateModified":"2020-09-18T14:59:08+00:00","mainEntityOfPage":{"@id":"https:\/\/diarioprincipios.com\/index.php\/2020\/09\/18\/vuelven-a-prorrogar-los-vencimientos-de-las-licencias-de-conducir\/"},"wordCount":145,"commentCount":0,"publisher":{"@id":"https:\/\/diarioprincipios.com\/#organization"},"image":{"@id":"https:\/\/diarioprincipios.com\/index.php\/2020\/09\/18\/vuelven-a-prorrogar-los-vencimientos-de-las-licencias-de-conducir\/#primaryimage"},"thumbnailUrl":"https:\/\/diarioprincipios.com\/wp-content\/uploads\/2020\/09\/VUELVEN-A-PRORROGARLOS-VENCIMIENTOS-DE-LAS-LICENCIAS-DE-CONDUCIR-.jpg","articleSection":["Berazategui"],"inLanguage":"es","potentialAction":[{"@type":"CommentAction","name":"Comment","target":["https:\/\/diarioprincipios.com\/index.php\/2020\/09\/18\/vuelven-a-prorrogar-los-vencimientos-de-las-licencias-de-conducir\/#respond"]}]},{"@type":"WebPage","@id":"https:\/\/diarioprincipios.com\/index.php\/2020\/09\/18\/vuelven-a-prorrogar-los-vencimientos-de-las-licencias-de-conducir\/","url":"https:\/\/diarioprincipios.com\/index.php\/2020\/09\/18\/vuelven-a-prorrogar-los-vencimientos-de-las-licencias-de-conducir\/","name":"Vuelven a prorrogar los vencimientos de las Licencias de Conducir - Principios","isPartOf":{"@id":"https:\/\/diarioprincipios.com\/#website"},"primaryImageOfPage":{"@id":"https:\/\/diarioprincipios.com\/index.php\/2020\/09\/18\/vuelven-a-prorrogar-los-vencimientos-de-las-licencias-de-conducir\/#primaryimage"},"image":{"@id":"https:\/\/diarioprincipios.com\/index.php\/2020\/09\/18\/vuelven-a-prorrogar-los-vencimientos-de-las-licencias-de-conducir\/#primaryimage"},"thumbnailUrl":"https:\/\/diarioprincipios.com\/wp-content\/uploads\/2020\/09\/VUELVEN-A-PRORROGARLOS-VENCIMIENTOS-DE-LAS-LICENCIAS-DE-CONDUCIR-.jpg","datePublished":"2020-09-18T14:59:03+00:00","dateModified":"2020-09-18T14:59:08+00:00","breadcrumb":{"@id":"https:\/\/diarioprincipios.com\/index.php\/2020\/09\/18\/vuelven-a-prorrogar-los-vencimientos-de-las-licencias-de-conducir\/#breadcrumb"},"inLanguage":"es","potentialAction":[{"@type":"ReadAction","target":["https:\/\/diarioprincipios.com\/index.php\/2020\/09\/18\/vuelven-a-prorrogar-los-vencimientos-de-las-licencias-de-conducir\/"]}]},{"@type":"ImageObject","inLanguage":"es","@id":"https:\/\/diarioprincipios.com\/index.php\/2020\/09\/18\/vuelven-a-prorrogar-los-vencimientos-de-las-licencias-de-conducir\/#primaryimage","url":"https:\/\/diarioprincipios.com\/wp-content\/uploads\/2020\/09\/VUELVEN-A-PRORROGARLOS-VENCIMIENTOS-DE-LAS-LICENCIAS-DE-CONDUCIR-.jpg","contentUrl":"https:\/\/diarioprincipios.com\/wp-content\/uploads\/2020\/09\/VUELVEN-A-PRORROGARLOS-VENCIMIENTOS-DE-LAS-LICENCIAS-DE-CONDUCIR-.jpg","width":986,"height":669},{"@type":"BreadcrumbList","@id":"https:\/\/diarioprincipios.com\/index.php\/2020\/09\/18\/vuelven-a-prorrogar-los-vencimientos-de-las-licencias-de-conducir\/#breadcrumb","itemListElement":[{"@type":"ListItem","position":1,"name":"Portada","item":"https:\/\/diarioprincipios.com\/"},{"@type":"ListItem","position":2,"name":"Vuelven a prorrogar los vencimientos de las Licencias de Conducir"}]},{"@type":"WebSite","@id":"https:\/\/diarioprincipios.com\/#website","url":"https:\/\/diarioprincipios.com\/","name":"Principios","description":"Principios Diario","publisher":{"@id":"https:\/\/diarioprincipios.com\/#organization"},"potentialAction":[{"@type":"SearchAction","target":{"@type":"EntryPoint","urlTemplate":"https:\/\/diarioprincipios.com\/?s={search_term_string}"},"query-input":{"@type":"PropertyValueSpecification","valueRequired":true,"valueName":"search_term_string"}}],"inLanguage":"es"},{"@type":"Organization","@id":"https:\/\/diarioprincipios.com\/#organization","name":"Principios","url":"https:\/\/diarioprincipios.com\/","logo":{"@type":"ImageObject","inLanguage":"es","@id":"https:\/\/diarioprincipios.com\/#\/schema\/logo\/image\/","url":"https:\/\/diarioprincipios.com\/wp-content\/uploads\/2024\/04\/cropped-www.diarioprincipios.com_-1.png","contentUrl":"https:\/\/diarioprincipios.com\/wp-content\/uploads\/2024\/04\/cropped-www.diarioprincipios.com_-1.png","width":5325,"height":1454,"caption":"Principios"},"image":{"@id":"https:\/\/diarioprincipios.com\/#\/schema\/logo\/image\/"}},{"@type":"Person","@id":"https:\/\/diarioprincipios.com\/#\/schema\/person\/436d5a1fd41a5e250e23ff5a6a7cb080","name":"Hern\u00e1n L\u00f3pez","image":{"@type":"ImageObject","inLanguage":"es","@id":"https:\/\/diarioprincipios.com\/wp-content\/litespeed\/avatar\/11ddfe5610ff3bd100522525b2571f48.jpg?ver=1777048341","url":"https:\/\/diarioprincipios.com\/wp-content\/litespeed\/avatar\/11ddfe5610ff3bd100522525b2571f48.jpg?ver=1777048341","contentUrl":"https:\/\/diarioprincipios.com\/wp-content\/litespeed\/avatar\/11ddfe5610ff3bd100522525b2571f48.jpg?ver=1777048341","caption":"Hern\u00e1n L\u00f3pez"},"url":"https:\/\/diarioprincipios.com\/index.php\/author\/hernan\/"}]}},"jetpack_featured_media_url":"https:\/\/diarioprincipios.com\/wp-content\/uploads\/2020\/09\/VUELVEN-A-PRORROGARLOS-VENCIMIENTOS-DE-LAS-LICENCIAS-DE-CONDUCIR-.jpg","_links":{"self":[{"href":"https:\/\/diarioprincipios.com\/index.php\/wp-json\/wp\/v2\/posts\/5673","targetHints":{"allow":["GET"]}}],"collection":[{"href":"https:\/\/diarioprincipios.com\/index.php\/wp-json\/wp\/v2\/posts"}],"about":[{"href":"https:\/\/diarioprincipios.com\/index.php\/wp-json\/wp\/v2\/types\/post"}],"author":[{"embeddable":true,"href":"https:\/\/diarioprincipios.com\/index.php\/wp-json\/wp\/v2\/users\/2"}],"replies":[{"embeddable":true,"href":"https:\/\/diarioprincipios.com\/index.php\/wp-json\/wp\/v2\/comments?post=5673"}],"version-history":[{"count":1,"href":"https:\/\/diarioprincipios.com\/index.php\/wp-json\/wp\/v2\/posts\/5673\/revisions"}],"predecessor-version":[{"id":5675,"href":"https:\/\/diarioprincipios.com\/index.php\/wp-json\/wp\/v2\/posts\/5673\/revisions\/5675"}],"wp:featuredmedia":[{"embeddable":true,"href":"https:\/\/diarioprincipios.com\/index.php\/wp-json\/wp\/v2\/media\/5674"}],"wp:attachment":[{"href":"https:\/\/diarioprincipios.com\/index.php\/wp-json\/wp\/v2\/media?parent=5673"}],"wp:term":[{"taxonomy":"category","embeddable":true,"href":"https:\/\/diarioprincipios.com\/index.php\/wp-json\/wp\/v2\/categories?post=5673"},{"taxonomy":"post_tag","embeddable":true,"href":"https:\/\/diarioprincipios.com\/index.php\/wp-json\/wp\/v2\/tags?post=5673"}],"curies":[{"name":"wp","href":"https:\/\/api.w.org\/{rel}","templated":true}]}}