{"id":5660,"date":"2020-09-17T16:31:06","date_gmt":"2020-09-17T19:31:06","guid":{"rendered":"http:\/\/diarioprincipios.com\/?p=5660"},"modified":"2020-09-17T16:32:59","modified_gmt":"2020-09-17T19:32:59","slug":"ferraresi-y-augusto-costa-participaron-del-lanzamiento-de-lineas-de-creditos-destinadas-a-las-pymes","status":"publish","type":"post","link":"https:\/\/diarioprincipios.com\/index.php\/2020\/09\/17\/ferraresi-y-augusto-costa-participaron-del-lanzamiento-de-lineas-de-creditos-destinadas-a-las-pymes\/","title":{"rendered":"Ferraresi y Augusto Costa participaron del lanzamiento de l\u00edneas de cr\u00e9ditos destinadas a las PYMES"},"content":{"rendered":"\n<p>Esta ma\u00f1ana el jefe comunal, junto al Ministro de Producci\u00f3n, Ciencia e Innovaci\u00f3n Tecnol\u00f3gica bonaerense, estuvieron presentes en el lanzamiento de la l\u00ednea de cr\u00e9ditos del FOGABA (Fondo de Garant\u00edas de Buenos Aires).&nbsp;&nbsp;<\/p>\n\n\n\n<p>En el marco de la presentaci\u00f3n de la l\u00ednea de cr\u00e9ditos del FOGABA, el intendente de Avellaneda, Jorge Ferraresi y el Ministro Augusto Costa, visitaron la empresa ITALBUS S.A,\u00a0 ubicada en la localidad de Pi\u00f1eiro, que recibi\u00f3 un cr\u00e9dito de 3 millones de pesos destinado a la producci\u00f3n y a la generaci\u00f3n de empleo.\u00a0\u00a0<\/p>\n\n\n\n<p>Antes de dicho lanzamiento, ambos funcionarios junto a los directivos y trabajadorxs de la empresa, mantuvieron una videoconferencia con el presidente del Banco de Inversi\u00f3n y Comercio Exterior de la Argentina, Jos\u00e9 Ignacio de Mendiguren, quien felicit\u00f3 a lxs trabajadorxs y a los due\u00f1os de ITALBUS por el \u201cenorme esfuerzo que realizan en plena emergencia sanitaria, priorizando el cuidado de la salud y las fuentes de trabajo\u201d y afirm\u00f3 que \u201ceste es el camino para reactivar la industria\u201d.&nbsp;&nbsp;<\/p>\n\n\n\n<figure class=\"wp-block-image size-large\"><img loading=\"lazy\" decoding=\"async\" width=\"1024\" height=\"683\" src=\"https:\/\/diarioprincipios.com\/wp-content\/uploads\/2020\/09\/bb5adbf5-0cfb-4f0c-b233-6b6d6268a51c-1024x683.jpg\" alt=\"\" class=\"wp-image-5662\" srcset=\"https:\/\/diarioprincipios.com\/wp-content\/uploads\/2020\/09\/bb5adbf5-0cfb-4f0c-b233-6b6d6268a51c-1024x683.jpg 1024w, https:\/\/diarioprincipios.com\/wp-content\/uploads\/2020\/09\/bb5adbf5-0cfb-4f0c-b233-6b6d6268a51c-300x200.jpg 300w, https:\/\/diarioprincipios.com\/wp-content\/uploads\/2020\/09\/bb5adbf5-0cfb-4f0c-b233-6b6d6268a51c-768x512.jpg 768w, https:\/\/diarioprincipios.com\/wp-content\/uploads\/2020\/09\/bb5adbf5-0cfb-4f0c-b233-6b6d6268a51c.jpg 1116w\" sizes=\"auto, (max-width: 1024px) 100vw, 1024px\" \/><\/figure>\n\n\n\n<p>Por su parte, Ferraresi remarc\u00f3 la importancia que tiene el Estado en fomentar el desarrollo de las industrias y se\u00f1al\u00f3: \u201cLa industria es un pilar fundamental, por eso desde el Gobierno Nacional y Provincial se puso a la producci\u00f3n como prioridad\u201d.&nbsp;&nbsp;<\/p>\n\n\n\n<p>El Ministro de Producci\u00f3n expres\u00f3 que \u201cAvellaneda es una ciudad industrial\u201d y que \u201ctiene un Intendente que trabaja codo a codo con cada PYME\u201d. \u201cEsto es una demostraci\u00f3n que tenemos todas las herramientas para seguir creciendo y salir adelante. Estamos dando respuestas a esta enorme crisis\u201d, concluy\u00f3.&nbsp;<\/p>\n\n\n\n<figure class=\"wp-block-image size-large\"><img loading=\"lazy\" decoding=\"async\" width=\"1024\" height=\"660\" src=\"https:\/\/diarioprincipios.com\/wp-content\/uploads\/2020\/09\/aaf754f5-54cc-4d3f-8b84-dad813405525-1024x660.jpg\" alt=\"\" class=\"wp-image-5663\" srcset=\"https:\/\/diarioprincipios.com\/wp-content\/uploads\/2020\/09\/aaf754f5-54cc-4d3f-8b84-dad813405525-1024x660.jpg 1024w, https:\/\/diarioprincipios.com\/wp-content\/uploads\/2020\/09\/aaf754f5-54cc-4d3f-8b84-dad813405525-300x193.jpg 300w, https:\/\/diarioprincipios.com\/wp-content\/uploads\/2020\/09\/aaf754f5-54cc-4d3f-8b84-dad813405525-768x495.jpg 768w, https:\/\/diarioprincipios.com\/wp-content\/uploads\/2020\/09\/aaf754f5-54cc-4d3f-8b84-dad813405525.jpg 1280w\" sizes=\"auto, (max-width: 1024px) 100vw, 1024px\" \/><\/figure>\n\n\n\n<p>Adem\u00e1s, junto a los directivos de la empresa y a lxs trabajadorxs, se recorri\u00f3 la planta que produce los buses, la que est\u00e1 funcionando bajo estrictos protocolos de sanidad.&nbsp;&nbsp;<\/p>\n\n\n\n<p>En la jornada estuvieron presentes adem\u00e1s, el presidente de ITALBUS S.A, Miguel Niro y el secretario de Producci\u00f3n, Pol\u00edtica Ambiental y Empleo del municipio, Ing. Lucas Gim\u00e9nez.&nbsp;<\/p>\n","protected":false},"excerpt":{"rendered":"<p>Esta ma\u00f1ana el jefe comunal, junto al Ministro de Producci\u00f3n, Ciencia e Innovaci\u00f3n Tecnol\u00f3gica bonaerense, estuvieron presentes en el lanzamiento de la l\u00ednea de cr\u00e9ditos del FOGABA (Fondo de Garant\u00edas de Buenos Aires).&nbsp;&nbsp; En el marco de la presentaci\u00f3n de la l\u00ednea de cr\u00e9ditos del FOGABA, el intendente de Avellaneda, Jorge Ferraresi y el Ministro&#8230;<\/p>\n","protected":false},"author":2,"featured_media":5661,"comment_status":"open","ping_status":"open","sticky":false,"template":"","format":"standard","meta":{"footnotes":""},"categories":[5],"tags":[],"class_list":["post-5660","post","type-post","status-publish","format-standard","has-post-thumbnail","hentry","category-avellaneda"],"featured_image_src":"https:\/\/diarioprincipios.com\/wp-content\/uploads\/2020\/09\/53fb25a7-a214-44b5-a26b-43b721a53d19-1024x677.jpg","blog_images":{"medium":"https:\/\/diarioprincipios.com\/wp-content\/uploads\/2020\/09\/53fb25a7-a214-44b5-a26b-43b721a53d19-300x198.jpg","large":"https:\/\/diarioprincipios.com\/wp-content\/uploads\/2020\/09\/53fb25a7-a214-44b5-a26b-43b721a53d19-1024x677.jpg"},"ams_acf":[],"yoast_head":"<!-- This site is optimized with the Yoast SEO plugin v27.3 - https:\/\/yoast.com\/product\/yoast-seo-wordpress\/ -->\n<title>Ferraresi y Augusto Costa participaron del lanzamiento de l\u00edneas de cr\u00e9ditos destinadas a las PYMES - Principios<\/title>\n<meta name=\"robots\" content=\"index, follow, max-snippet:-1, max-image-preview:large, max-video-preview:-1\" \/>\n<link rel=\"canonical\" href=\"https:\/\/diarioprincipios.com\/index.php\/2020\/09\/17\/ferraresi-y-augusto-costa-participaron-del-lanzamiento-de-lineas-de-creditos-destinadas-a-las-pymes\/\" \/>\n<meta property=\"og:locale\" content=\"es_ES\" \/>\n<meta property=\"og:type\" content=\"article\" \/>\n<meta property=\"og:title\" content=\"Ferraresi y Augusto Costa participaron del lanzamiento de l\u00edneas de cr\u00e9ditos destinadas a las PYMES - Principios\" \/>\n<meta property=\"og:description\" content=\"Esta ma\u00f1ana el jefe comunal, junto al Ministro de Producci\u00f3n, Ciencia e Innovaci\u00f3n Tecnol\u00f3gica bonaerense, estuvieron presentes en el lanzamiento de la l\u00ednea de cr\u00e9ditos del FOGABA (Fondo de Garant\u00edas de Buenos Aires).&nbsp;&nbsp; En el marco de la presentaci\u00f3n de la l\u00ednea de cr\u00e9ditos del FOGABA, el intendente de Avellaneda, Jorge Ferraresi y el Ministro...\" \/>\n<meta property=\"og:url\" content=\"https:\/\/diarioprincipios.com\/index.php\/2020\/09\/17\/ferraresi-y-augusto-costa-participaron-del-lanzamiento-de-lineas-de-creditos-destinadas-a-las-pymes\/\" \/>\n<meta property=\"og:site_name\" content=\"Principios\" \/>\n<meta property=\"article:published_time\" content=\"2020-09-17T19:31:06+00:00\" \/>\n<meta property=\"article:modified_time\" content=\"2020-09-17T19:32:59+00:00\" \/>\n<meta property=\"og:image\" content=\"https:\/\/diarioprincipios.com\/wp-content\/uploads\/2020\/09\/53fb25a7-a214-44b5-a26b-43b721a53d19.jpg\" \/>\n\t<meta property=\"og:image:width\" content=\"1044\" \/>\n\t<meta property=\"og:image:height\" content=\"690\" \/>\n\t<meta property=\"og:image:type\" content=\"image\/jpeg\" \/>\n<meta name=\"author\" content=\"Hern\u00e1n L\u00f3pez\" \/>\n<meta name=\"twitter:card\" content=\"summary_large_image\" \/>\n<meta name=\"twitter:label1\" content=\"Escrito por\" \/>\n\t<meta name=\"twitter:data1\" content=\"Hern\u00e1n L\u00f3pez\" \/>\n\t<meta name=\"twitter:label2\" content=\"Tiempo de lectura\" \/>\n\t<meta name=\"twitter:data2\" content=\"2 minutos\" \/>\n<script type=\"application\/ld+json\" class=\"yoast-schema-graph\">{\"@context\":\"https:\\\/\\\/schema.org\",\"@graph\":[{\"@type\":\"Article\",\"@id\":\"https:\\\/\\\/diarioprincipios.com\\\/index.php\\\/2020\\\/09\\\/17\\\/ferraresi-y-augusto-costa-participaron-del-lanzamiento-de-lineas-de-creditos-destinadas-a-las-pymes\\\/#article\",\"isPartOf\":{\"@id\":\"https:\\\/\\\/diarioprincipios.com\\\/index.php\\\/2020\\\/09\\\/17\\\/ferraresi-y-augusto-costa-participaron-del-lanzamiento-de-lineas-de-creditos-destinadas-a-las-pymes\\\/\"},\"author\":{\"name\":\"Hern\u00e1n L\u00f3pez\",\"@id\":\"https:\\\/\\\/diarioprincipios.com\\\/#\\\/schema\\\/person\\\/436d5a1fd41a5e250e23ff5a6a7cb080\"},\"headline\":\"Ferraresi y Augusto Costa participaron del lanzamiento de l\u00edneas de cr\u00e9ditos destinadas a las PYMES\",\"datePublished\":\"2020-09-17T19:31:06+00:00\",\"dateModified\":\"2020-09-17T19:32:59+00:00\",\"mainEntityOfPage\":{\"@id\":\"https:\\\/\\\/diarioprincipios.com\\\/index.php\\\/2020\\\/09\\\/17\\\/ferraresi-y-augusto-costa-participaron-del-lanzamiento-de-lineas-de-creditos-destinadas-a-las-pymes\\\/\"},\"wordCount\":362,\"commentCount\":0,\"publisher\":{\"@id\":\"https:\\\/\\\/diarioprincipios.com\\\/#organization\"},\"image\":{\"@id\":\"https:\\\/\\\/diarioprincipios.com\\\/index.php\\\/2020\\\/09\\\/17\\\/ferraresi-y-augusto-costa-participaron-del-lanzamiento-de-lineas-de-creditos-destinadas-a-las-pymes\\\/#primaryimage\"},\"thumbnailUrl\":\"https:\\\/\\\/diarioprincipios.com\\\/wp-content\\\/uploads\\\/2020\\\/09\\\/53fb25a7-a214-44b5-a26b-43b721a53d19.jpg\",\"articleSection\":[\"Avellaneda\"],\"inLanguage\":\"es\",\"potentialAction\":[{\"@type\":\"CommentAction\",\"name\":\"Comment\",\"target\":[\"https:\\\/\\\/diarioprincipios.com\\\/index.php\\\/2020\\\/09\\\/17\\\/ferraresi-y-augusto-costa-participaron-del-lanzamiento-de-lineas-de-creditos-destinadas-a-las-pymes\\\/#respond\"]}]},{\"@type\":\"WebPage\",\"@id\":\"https:\\\/\\\/diarioprincipios.com\\\/index.php\\\/2020\\\/09\\\/17\\\/ferraresi-y-augusto-costa-participaron-del-lanzamiento-de-lineas-de-creditos-destinadas-a-las-pymes\\\/\",\"url\":\"https:\\\/\\\/diarioprincipios.com\\\/index.php\\\/2020\\\/09\\\/17\\\/ferraresi-y-augusto-costa-participaron-del-lanzamiento-de-lineas-de-creditos-destinadas-a-las-pymes\\\/\",\"name\":\"Ferraresi y Augusto Costa participaron del lanzamiento de l\u00edneas de cr\u00e9ditos destinadas a las PYMES - Principios\",\"isPartOf\":{\"@id\":\"https:\\\/\\\/diarioprincipios.com\\\/#website\"},\"primaryImageOfPage\":{\"@id\":\"https:\\\/\\\/diarioprincipios.com\\\/index.php\\\/2020\\\/09\\\/17\\\/ferraresi-y-augusto-costa-participaron-del-lanzamiento-de-lineas-de-creditos-destinadas-a-las-pymes\\\/#primaryimage\"},\"image\":{\"@id\":\"https:\\\/\\\/diarioprincipios.com\\\/index.php\\\/2020\\\/09\\\/17\\\/ferraresi-y-augusto-costa-participaron-del-lanzamiento-de-lineas-de-creditos-destinadas-a-las-pymes\\\/#primaryimage\"},\"thumbnailUrl\":\"https:\\\/\\\/diarioprincipios.com\\\/wp-content\\\/uploads\\\/2020\\\/09\\\/53fb25a7-a214-44b5-a26b-43b721a53d19.jpg\",\"datePublished\":\"2020-09-17T19:31:06+00:00\",\"dateModified\":\"2020-09-17T19:32:59+00:00\",\"breadcrumb\":{\"@id\":\"https:\\\/\\\/diarioprincipios.com\\\/index.php\\\/2020\\\/09\\\/17\\\/ferraresi-y-augusto-costa-participaron-del-lanzamiento-de-lineas-de-creditos-destinadas-a-las-pymes\\\/#breadcrumb\"},\"inLanguage\":\"es\",\"potentialAction\":[{\"@type\":\"ReadAction\",\"target\":[\"https:\\\/\\\/diarioprincipios.com\\\/index.php\\\/2020\\\/09\\\/17\\\/ferraresi-y-augusto-costa-participaron-del-lanzamiento-de-lineas-de-creditos-destinadas-a-las-pymes\\\/\"]}]},{\"@type\":\"ImageObject\",\"inLanguage\":\"es\",\"@id\":\"https:\\\/\\\/diarioprincipios.com\\\/index.php\\\/2020\\\/09\\\/17\\\/ferraresi-y-augusto-costa-participaron-del-lanzamiento-de-lineas-de-creditos-destinadas-a-las-pymes\\\/#primaryimage\",\"url\":\"https:\\\/\\\/diarioprincipios.com\\\/wp-content\\\/uploads\\\/2020\\\/09\\\/53fb25a7-a214-44b5-a26b-43b721a53d19.jpg\",\"contentUrl\":\"https:\\\/\\\/diarioprincipios.com\\\/wp-content\\\/uploads\\\/2020\\\/09\\\/53fb25a7-a214-44b5-a26b-43b721a53d19.jpg\",\"width\":1044,\"height\":690},{\"@type\":\"BreadcrumbList\",\"@id\":\"https:\\\/\\\/diarioprincipios.com\\\/index.php\\\/2020\\\/09\\\/17\\\/ferraresi-y-augusto-costa-participaron-del-lanzamiento-de-lineas-de-creditos-destinadas-a-las-pymes\\\/#breadcrumb\",\"itemListElement\":[{\"@type\":\"ListItem\",\"position\":1,\"name\":\"Portada\",\"item\":\"https:\\\/\\\/diarioprincipios.com\\\/\"},{\"@type\":\"ListItem\",\"position\":2,\"name\":\"Ferraresi y Augusto Costa participaron del lanzamiento de l\u00edneas de cr\u00e9ditos destinadas a las PYMES\"}]},{\"@type\":\"WebSite\",\"@id\":\"https:\\\/\\\/diarioprincipios.com\\\/#website\",\"url\":\"https:\\\/\\\/diarioprincipios.com\\\/\",\"name\":\"Principios\",\"description\":\"Principios Diario\",\"publisher\":{\"@id\":\"https:\\\/\\\/diarioprincipios.com\\\/#organization\"},\"potentialAction\":[{\"@type\":\"SearchAction\",\"target\":{\"@type\":\"EntryPoint\",\"urlTemplate\":\"https:\\\/\\\/diarioprincipios.com\\\/?s={search_term_string}\"},\"query-input\":{\"@type\":\"PropertyValueSpecification\",\"valueRequired\":true,\"valueName\":\"search_term_string\"}}],\"inLanguage\":\"es\"},{\"@type\":\"Organization\",\"@id\":\"https:\\\/\\\/diarioprincipios.com\\\/#organization\",\"name\":\"Principios\",\"url\":\"https:\\\/\\\/diarioprincipios.com\\\/\",\"logo\":{\"@type\":\"ImageObject\",\"inLanguage\":\"es\",\"@id\":\"https:\\\/\\\/diarioprincipios.com\\\/#\\\/schema\\\/logo\\\/image\\\/\",\"url\":\"https:\\\/\\\/diarioprincipios.com\\\/wp-content\\\/uploads\\\/2024\\\/04\\\/cropped-www.diarioprincipios.com_-1.png\",\"contentUrl\":\"https:\\\/\\\/diarioprincipios.com\\\/wp-content\\\/uploads\\\/2024\\\/04\\\/cropped-www.diarioprincipios.com_-1.png\",\"width\":5325,\"height\":1454,\"caption\":\"Principios\"},\"image\":{\"@id\":\"https:\\\/\\\/diarioprincipios.com\\\/#\\\/schema\\\/logo\\\/image\\\/\"}},{\"@type\":\"Person\",\"@id\":\"https:\\\/\\\/diarioprincipios.com\\\/#\\\/schema\\\/person\\\/436d5a1fd41a5e250e23ff5a6a7cb080\",\"name\":\"Hern\u00e1n L\u00f3pez\",\"image\":{\"@type\":\"ImageObject\",\"inLanguage\":\"es\",\"@id\":\"https:\\\/\\\/diarioprincipios.com\\\/wp-content\\\/litespeed\\\/avatar\\\/11ddfe5610ff3bd100522525b2571f48.jpg?ver=1777048341\",\"url\":\"https:\\\/\\\/diarioprincipios.com\\\/wp-content\\\/litespeed\\\/avatar\\\/11ddfe5610ff3bd100522525b2571f48.jpg?ver=1777048341\",\"contentUrl\":\"https:\\\/\\\/diarioprincipios.com\\\/wp-content\\\/litespeed\\\/avatar\\\/11ddfe5610ff3bd100522525b2571f48.jpg?ver=1777048341\",\"caption\":\"Hern\u00e1n L\u00f3pez\"},\"url\":\"https:\\\/\\\/diarioprincipios.com\\\/index.php\\\/author\\\/hernan\\\/\"}]}<\/script>\n<!-- \/ Yoast SEO plugin. -->","yoast_head_json":{"title":"Ferraresi y Augusto Costa participaron del lanzamiento de l\u00edneas de cr\u00e9ditos destinadas a las PYMES - Principios","robots":{"index":"index","follow":"follow","max-snippet":"max-snippet:-1","max-image-preview":"max-image-preview:large","max-video-preview":"max-video-preview:-1"},"canonical":"https:\/\/diarioprincipios.com\/index.php\/2020\/09\/17\/ferraresi-y-augusto-costa-participaron-del-lanzamiento-de-lineas-de-creditos-destinadas-a-las-pymes\/","og_locale":"es_ES","og_type":"article","og_title":"Ferraresi y Augusto Costa participaron del lanzamiento de l\u00edneas de cr\u00e9ditos destinadas a las PYMES - Principios","og_description":"Esta ma\u00f1ana el jefe comunal, junto al Ministro de Producci\u00f3n, Ciencia e Innovaci\u00f3n Tecnol\u00f3gica bonaerense, estuvieron presentes en el lanzamiento de la l\u00ednea de cr\u00e9ditos del FOGABA (Fondo de Garant\u00edas de Buenos Aires).&nbsp;&nbsp; En el marco de la presentaci\u00f3n de la l\u00ednea de cr\u00e9ditos del FOGABA, el intendente de Avellaneda, Jorge Ferraresi y el Ministro...","og_url":"https:\/\/diarioprincipios.com\/index.php\/2020\/09\/17\/ferraresi-y-augusto-costa-participaron-del-lanzamiento-de-lineas-de-creditos-destinadas-a-las-pymes\/","og_site_name":"Principios","article_published_time":"2020-09-17T19:31:06+00:00","article_modified_time":"2020-09-17T19:32:59+00:00","og_image":[{"width":1044,"height":690,"url":"https:\/\/diarioprincipios.com\/wp-content\/uploads\/2020\/09\/53fb25a7-a214-44b5-a26b-43b721a53d19.jpg","type":"image\/jpeg"}],"author":"Hern\u00e1n L\u00f3pez","twitter_card":"summary_large_image","twitter_misc":{"Escrito por":"Hern\u00e1n L\u00f3pez","Tiempo de lectura":"2 minutos"},"schema":{"@context":"https:\/\/schema.org","@graph":[{"@type":"Article","@id":"https:\/\/diarioprincipios.com\/index.php\/2020\/09\/17\/ferraresi-y-augusto-costa-participaron-del-lanzamiento-de-lineas-de-creditos-destinadas-a-las-pymes\/#article","isPartOf":{"@id":"https:\/\/diarioprincipios.com\/index.php\/2020\/09\/17\/ferraresi-y-augusto-costa-participaron-del-lanzamiento-de-lineas-de-creditos-destinadas-a-las-pymes\/"},"author":{"name":"Hern\u00e1n L\u00f3pez","@id":"https:\/\/diarioprincipios.com\/#\/schema\/person\/436d5a1fd41a5e250e23ff5a6a7cb080"},"headline":"Ferraresi y Augusto Costa participaron del lanzamiento de l\u00edneas de cr\u00e9ditos destinadas a las PYMES","datePublished":"2020-09-17T19:31:06+00:00","dateModified":"2020-09-17T19:32:59+00:00","mainEntityOfPage":{"@id":"https:\/\/diarioprincipios.com\/index.php\/2020\/09\/17\/ferraresi-y-augusto-costa-participaron-del-lanzamiento-de-lineas-de-creditos-destinadas-a-las-pymes\/"},"wordCount":362,"commentCount":0,"publisher":{"@id":"https:\/\/diarioprincipios.com\/#organization"},"image":{"@id":"https:\/\/diarioprincipios.com\/index.php\/2020\/09\/17\/ferraresi-y-augusto-costa-participaron-del-lanzamiento-de-lineas-de-creditos-destinadas-a-las-pymes\/#primaryimage"},"thumbnailUrl":"https:\/\/diarioprincipios.com\/wp-content\/uploads\/2020\/09\/53fb25a7-a214-44b5-a26b-43b721a53d19.jpg","articleSection":["Avellaneda"],"inLanguage":"es","potentialAction":[{"@type":"CommentAction","name":"Comment","target":["https:\/\/diarioprincipios.com\/index.php\/2020\/09\/17\/ferraresi-y-augusto-costa-participaron-del-lanzamiento-de-lineas-de-creditos-destinadas-a-las-pymes\/#respond"]}]},{"@type":"WebPage","@id":"https:\/\/diarioprincipios.com\/index.php\/2020\/09\/17\/ferraresi-y-augusto-costa-participaron-del-lanzamiento-de-lineas-de-creditos-destinadas-a-las-pymes\/","url":"https:\/\/diarioprincipios.com\/index.php\/2020\/09\/17\/ferraresi-y-augusto-costa-participaron-del-lanzamiento-de-lineas-de-creditos-destinadas-a-las-pymes\/","name":"Ferraresi y Augusto Costa participaron del lanzamiento de l\u00edneas de cr\u00e9ditos destinadas a las PYMES - Principios","isPartOf":{"@id":"https:\/\/diarioprincipios.com\/#website"},"primaryImageOfPage":{"@id":"https:\/\/diarioprincipios.com\/index.php\/2020\/09\/17\/ferraresi-y-augusto-costa-participaron-del-lanzamiento-de-lineas-de-creditos-destinadas-a-las-pymes\/#primaryimage"},"image":{"@id":"https:\/\/diarioprincipios.com\/index.php\/2020\/09\/17\/ferraresi-y-augusto-costa-participaron-del-lanzamiento-de-lineas-de-creditos-destinadas-a-las-pymes\/#primaryimage"},"thumbnailUrl":"https:\/\/diarioprincipios.com\/wp-content\/uploads\/2020\/09\/53fb25a7-a214-44b5-a26b-43b721a53d19.jpg","datePublished":"2020-09-17T19:31:06+00:00","dateModified":"2020-09-17T19:32:59+00:00","breadcrumb":{"@id":"https:\/\/diarioprincipios.com\/index.php\/2020\/09\/17\/ferraresi-y-augusto-costa-participaron-del-lanzamiento-de-lineas-de-creditos-destinadas-a-las-pymes\/#breadcrumb"},"inLanguage":"es","potentialAction":[{"@type":"ReadAction","target":["https:\/\/diarioprincipios.com\/index.php\/2020\/09\/17\/ferraresi-y-augusto-costa-participaron-del-lanzamiento-de-lineas-de-creditos-destinadas-a-las-pymes\/"]}]},{"@type":"ImageObject","inLanguage":"es","@id":"https:\/\/diarioprincipios.com\/index.php\/2020\/09\/17\/ferraresi-y-augusto-costa-participaron-del-lanzamiento-de-lineas-de-creditos-destinadas-a-las-pymes\/#primaryimage","url":"https:\/\/diarioprincipios.com\/wp-content\/uploads\/2020\/09\/53fb25a7-a214-44b5-a26b-43b721a53d19.jpg","contentUrl":"https:\/\/diarioprincipios.com\/wp-content\/uploads\/2020\/09\/53fb25a7-a214-44b5-a26b-43b721a53d19.jpg","width":1044,"height":690},{"@type":"BreadcrumbList","@id":"https:\/\/diarioprincipios.com\/index.php\/2020\/09\/17\/ferraresi-y-augusto-costa-participaron-del-lanzamiento-de-lineas-de-creditos-destinadas-a-las-pymes\/#breadcrumb","itemListElement":[{"@type":"ListItem","position":1,"name":"Portada","item":"https:\/\/diarioprincipios.com\/"},{"@type":"ListItem","position":2,"name":"Ferraresi y Augusto Costa participaron del lanzamiento de l\u00edneas de cr\u00e9ditos destinadas a las PYMES"}]},{"@type":"WebSite","@id":"https:\/\/diarioprincipios.com\/#website","url":"https:\/\/diarioprincipios.com\/","name":"Principios","description":"Principios Diario","publisher":{"@id":"https:\/\/diarioprincipios.com\/#organization"},"potentialAction":[{"@type":"SearchAction","target":{"@type":"EntryPoint","urlTemplate":"https:\/\/diarioprincipios.com\/?s={search_term_string}"},"query-input":{"@type":"PropertyValueSpecification","valueRequired":true,"valueName":"search_term_string"}}],"inLanguage":"es"},{"@type":"Organization","@id":"https:\/\/diarioprincipios.com\/#organization","name":"Principios","url":"https:\/\/diarioprincipios.com\/","logo":{"@type":"ImageObject","inLanguage":"es","@id":"https:\/\/diarioprincipios.com\/#\/schema\/logo\/image\/","url":"https:\/\/diarioprincipios.com\/wp-content\/uploads\/2024\/04\/cropped-www.diarioprincipios.com_-1.png","contentUrl":"https:\/\/diarioprincipios.com\/wp-content\/uploads\/2024\/04\/cropped-www.diarioprincipios.com_-1.png","width":5325,"height":1454,"caption":"Principios"},"image":{"@id":"https:\/\/diarioprincipios.com\/#\/schema\/logo\/image\/"}},{"@type":"Person","@id":"https:\/\/diarioprincipios.com\/#\/schema\/person\/436d5a1fd41a5e250e23ff5a6a7cb080","name":"Hern\u00e1n L\u00f3pez","image":{"@type":"ImageObject","inLanguage":"es","@id":"https:\/\/diarioprincipios.com\/wp-content\/litespeed\/avatar\/11ddfe5610ff3bd100522525b2571f48.jpg?ver=1777048341","url":"https:\/\/diarioprincipios.com\/wp-content\/litespeed\/avatar\/11ddfe5610ff3bd100522525b2571f48.jpg?ver=1777048341","contentUrl":"https:\/\/diarioprincipios.com\/wp-content\/litespeed\/avatar\/11ddfe5610ff3bd100522525b2571f48.jpg?ver=1777048341","caption":"Hern\u00e1n L\u00f3pez"},"url":"https:\/\/diarioprincipios.com\/index.php\/author\/hernan\/"}]}},"jetpack_featured_media_url":"https:\/\/diarioprincipios.com\/wp-content\/uploads\/2020\/09\/53fb25a7-a214-44b5-a26b-43b721a53d19.jpg","_links":{"self":[{"href":"https:\/\/diarioprincipios.com\/index.php\/wp-json\/wp\/v2\/posts\/5660","targetHints":{"allow":["GET"]}}],"collection":[{"href":"https:\/\/diarioprincipios.com\/index.php\/wp-json\/wp\/v2\/posts"}],"about":[{"href":"https:\/\/diarioprincipios.com\/index.php\/wp-json\/wp\/v2\/types\/post"}],"author":[{"embeddable":true,"href":"https:\/\/diarioprincipios.com\/index.php\/wp-json\/wp\/v2\/users\/2"}],"replies":[{"embeddable":true,"href":"https:\/\/diarioprincipios.com\/index.php\/wp-json\/wp\/v2\/comments?post=5660"}],"version-history":[{"count":3,"href":"https:\/\/diarioprincipios.com\/index.php\/wp-json\/wp\/v2\/posts\/5660\/revisions"}],"predecessor-version":[{"id":5666,"href":"https:\/\/diarioprincipios.com\/index.php\/wp-json\/wp\/v2\/posts\/5660\/revisions\/5666"}],"wp:featuredmedia":[{"embeddable":true,"href":"https:\/\/diarioprincipios.com\/index.php\/wp-json\/wp\/v2\/media\/5661"}],"wp:attachment":[{"href":"https:\/\/diarioprincipios.com\/index.php\/wp-json\/wp\/v2\/media?parent=5660"}],"wp:term":[{"taxonomy":"category","embeddable":true,"href":"https:\/\/diarioprincipios.com\/index.php\/wp-json\/wp\/v2\/categories?post=5660"},{"taxonomy":"post_tag","embeddable":true,"href":"https:\/\/diarioprincipios.com\/index.php\/wp-json\/wp\/v2\/tags?post=5660"}],"curies":[{"name":"wp","href":"https:\/\/api.w.org\/{rel}","templated":true}]}}