{"id":5651,"date":"2020-09-17T13:22:51","date_gmt":"2020-09-17T16:22:51","guid":{"rendered":"http:\/\/diarioprincipios.com\/?p=5651"},"modified":"2020-09-17T13:23:55","modified_gmt":"2020-09-17T16:23:55","slug":"proteger-a-los-medicos-es-proteger-a-los-pacientes-afirman-desde-el-hospital-el-cruce","status":"publish","type":"post","link":"https:\/\/diarioprincipios.com\/index.php\/2020\/09\/17\/proteger-a-los-medicos-es-proteger-a-los-pacientes-afirman-desde-el-hospital-el-cruce\/","title":{"rendered":"\u00abProteger a los m\u00e9dicos es proteger a los pacientes\u00bb, afirman desde el Hospital El Cruce"},"content":{"rendered":"\n<p>Gustavo Jaluf, integrante del \u00e1rea de calidad del Hospital nacional \u00abEl Cruce-N\u00e9stor Kirchner\u00bb, dijo hoy que el 75% de los errores del sistema m\u00e9dico que ponen en riesgo la seguridad de los pacientes en todo el mundo tienen explicaci\u00f3n \u00aben la infraestructura, en la aparatolog\u00eda, y en las condiciones de trabajo\u00bb del personal y, sobre el \u00faltimo punto, se\u00f1al\u00f3 como agravante el \u00abagotamiento\u00bb que produce la atenci\u00f3n a la pandemia de coronavirus.<\/p>\n\n\n\n<p>\u00abProteger a los trabajadores de la salud -los de limpieza, de mantenimiento, t\u00e9cnicos, profesionales, los de gesti\u00f3n- es proteger a los pacientes\u00bb, se\u00f1al\u00f3 Jaluf al participar del reporte diario que emite la cartera sanitaria.<\/p>\n\n\n\n<p>En ese sentido, inform\u00f3 que desde su creaci\u00f3n en 2009 el Hospital ubicado en la localidad bonaerense de Florencio Varela cuenta con un \u00e1rea de calidad que trabaja, de forma \u00abpionera\u00bb, en la seguridad del paciente.<\/p>\n\n\n\n<p>\u00abSe trabaja para instrumentar todos los mecanismos necesarios que eviten da\u00f1os en la atenci\u00f3n de la salud, no por la enfermedad del paciente, sino por la acci\u00f3n del sistema sobre la salud\u00bb del mismo, explic\u00f3.<\/p>\n\n\n\n<p>En ese sentido, se\u00f1al\u00f3 que seg\u00fan la Organizaci\u00f3n Mundial de la Salud (OMS), todos los a\u00f1os hay 143 millones de eventos de ese tipo, que producen la muerte de 2,6 millones de personas por causas que, en un 80% son evitables.<\/p>\n\n\n\n<p>\u00abSe trata de identificar a todos los pacientes dentro del hospital, de prevenir infecciones intrahospitalarias, administrar medicamentos seguros, mejorar la comunicaci\u00f3n en el personal de salud -en especial en los pases de sala y de guardia-, hacer cirug\u00eda seguras (que la cirug\u00eda sea la correcta, en el paciente correcto y del lado correcto) y reducir el da\u00f1o para evitar ca\u00eddas durante la internaci\u00f3n\u00bb, explic\u00f3.<\/p>\n\n\n\n<p>Respecto del 75% de errores sist\u00e9micos y haciendo foco en las condiciones de trabajo del personal, Jaluf dijo que hay cansancio: \u00abest\u00e1n agotados, haciendo un esfuerzo tit\u00e1nico\u00bb y \u00abnecesitan ser valorados, cuidados y escuchados cuando hablan de su situaci\u00f3n\u00bb.<\/p>\n","protected":false},"excerpt":{"rendered":"<p>Gustavo Jaluf, integrante del \u00e1rea de calidad del Hospital nacional \u00abEl Cruce-N\u00e9stor Kirchner\u00bb, dijo hoy que el 75% de los errores del sistema m\u00e9dico que ponen en riesgo la seguridad de los pacientes en todo el mundo tienen explicaci\u00f3n \u00aben la infraestructura, en la aparatolog\u00eda, y en las condiciones de trabajo\u00bb del personal y, sobre&#8230;<\/p>\n","protected":false},"author":2,"featured_media":5652,"comment_status":"open","ping_status":"open","sticky":false,"template":"","format":"standard","meta":{"footnotes":""},"categories":[10],"tags":[],"class_list":["post-5651","post","type-post","status-publish","format-standard","has-post-thumbnail","hentry","category-nacion"],"featured_image_src":"https:\/\/diarioprincipios.com\/wp-content\/uploads\/2020\/09\/20200606121517_hospital-el-cruce-de-florencio-5zu-gmfn3-1200x630-1.jpg","blog_images":{"medium":"https:\/\/diarioprincipios.com\/wp-content\/uploads\/2020\/09\/20200606121517_hospital-el-cruce-de-florencio-5zu-gmfn3-1200x630-1-300x169.jpg","large":"https:\/\/diarioprincipios.com\/wp-content\/uploads\/2020\/09\/20200606121517_hospital-el-cruce-de-florencio-5zu-gmfn3-1200x630-1.jpg"},"ams_acf":[],"yoast_head":"<!-- This site is optimized with the Yoast SEO plugin v27.3 - https:\/\/yoast.com\/product\/yoast-seo-wordpress\/ -->\n<title>&quot;Proteger a los m\u00e9dicos es proteger a los pacientes&quot;, afirman desde el Hospital El Cruce - Principios<\/title>\n<meta name=\"robots\" content=\"index, follow, max-snippet:-1, max-image-preview:large, max-video-preview:-1\" \/>\n<link rel=\"canonical\" href=\"https:\/\/diarioprincipios.com\/index.php\/2020\/09\/17\/proteger-a-los-medicos-es-proteger-a-los-pacientes-afirman-desde-el-hospital-el-cruce\/\" \/>\n<meta property=\"og:locale\" content=\"es_ES\" \/>\n<meta property=\"og:type\" content=\"article\" \/>\n<meta property=\"og:title\" content=\"&quot;Proteger a los m\u00e9dicos es proteger a los pacientes&quot;, afirman desde el Hospital El Cruce - Principios\" \/>\n<meta property=\"og:description\" content=\"Gustavo Jaluf, integrante del \u00e1rea de calidad del Hospital nacional \u00abEl Cruce-N\u00e9stor Kirchner\u00bb, dijo hoy que el 75% de los errores del sistema m\u00e9dico que ponen en riesgo la seguridad de los pacientes en todo el mundo tienen explicaci\u00f3n \u00aben la infraestructura, en la aparatolog\u00eda, y en las condiciones de trabajo\u00bb del personal y, sobre...\" \/>\n<meta property=\"og:url\" content=\"https:\/\/diarioprincipios.com\/index.php\/2020\/09\/17\/proteger-a-los-medicos-es-proteger-a-los-pacientes-afirman-desde-el-hospital-el-cruce\/\" \/>\n<meta property=\"og:site_name\" content=\"Principios\" \/>\n<meta property=\"article:published_time\" content=\"2020-09-17T16:22:51+00:00\" \/>\n<meta property=\"article:modified_time\" content=\"2020-09-17T16:23:55+00:00\" \/>\n<meta property=\"og:image\" content=\"https:\/\/diarioprincipios.com\/wp-content\/uploads\/2020\/09\/20200606121517_hospital-el-cruce-de-florencio-5zu-gmfn3-1200x630-1.jpg\" \/>\n\t<meta property=\"og:image:width\" content=\"780\" \/>\n\t<meta property=\"og:image:height\" content=\"440\" \/>\n\t<meta property=\"og:image:type\" content=\"image\/jpeg\" \/>\n<meta name=\"author\" content=\"Hern\u00e1n L\u00f3pez\" \/>\n<meta name=\"twitter:card\" content=\"summary_large_image\" \/>\n<meta name=\"twitter:label1\" content=\"Escrito por\" \/>\n\t<meta name=\"twitter:data1\" content=\"Hern\u00e1n L\u00f3pez\" \/>\n\t<meta name=\"twitter:label2\" content=\"Tiempo de lectura\" \/>\n\t<meta name=\"twitter:data2\" content=\"2 minutos\" \/>\n<script type=\"application\/ld+json\" class=\"yoast-schema-graph\">{\"@context\":\"https:\\\/\\\/schema.org\",\"@graph\":[{\"@type\":\"Article\",\"@id\":\"https:\\\/\\\/diarioprincipios.com\\\/index.php\\\/2020\\\/09\\\/17\\\/proteger-a-los-medicos-es-proteger-a-los-pacientes-afirman-desde-el-hospital-el-cruce\\\/#article\",\"isPartOf\":{\"@id\":\"https:\\\/\\\/diarioprincipios.com\\\/index.php\\\/2020\\\/09\\\/17\\\/proteger-a-los-medicos-es-proteger-a-los-pacientes-afirman-desde-el-hospital-el-cruce\\\/\"},\"author\":{\"name\":\"Hern\u00e1n L\u00f3pez\",\"@id\":\"https:\\\/\\\/diarioprincipios.com\\\/#\\\/schema\\\/person\\\/436d5a1fd41a5e250e23ff5a6a7cb080\"},\"headline\":\"\u00abProteger a los m\u00e9dicos es proteger a los pacientes\u00bb, afirman desde el Hospital El Cruce\",\"datePublished\":\"2020-09-17T16:22:51+00:00\",\"dateModified\":\"2020-09-17T16:23:55+00:00\",\"mainEntityOfPage\":{\"@id\":\"https:\\\/\\\/diarioprincipios.com\\\/index.php\\\/2020\\\/09\\\/17\\\/proteger-a-los-medicos-es-proteger-a-los-pacientes-afirman-desde-el-hospital-el-cruce\\\/\"},\"wordCount\":358,\"commentCount\":0,\"publisher\":{\"@id\":\"https:\\\/\\\/diarioprincipios.com\\\/#organization\"},\"image\":{\"@id\":\"https:\\\/\\\/diarioprincipios.com\\\/index.php\\\/2020\\\/09\\\/17\\\/proteger-a-los-medicos-es-proteger-a-los-pacientes-afirman-desde-el-hospital-el-cruce\\\/#primaryimage\"},\"thumbnailUrl\":\"https:\\\/\\\/diarioprincipios.com\\\/wp-content\\\/uploads\\\/2020\\\/09\\\/20200606121517_hospital-el-cruce-de-florencio-5zu-gmfn3-1200x630-1.jpg\",\"articleSection\":[\"Naci\u00f3n\"],\"inLanguage\":\"es\",\"potentialAction\":[{\"@type\":\"CommentAction\",\"name\":\"Comment\",\"target\":[\"https:\\\/\\\/diarioprincipios.com\\\/index.php\\\/2020\\\/09\\\/17\\\/proteger-a-los-medicos-es-proteger-a-los-pacientes-afirman-desde-el-hospital-el-cruce\\\/#respond\"]}]},{\"@type\":\"WebPage\",\"@id\":\"https:\\\/\\\/diarioprincipios.com\\\/index.php\\\/2020\\\/09\\\/17\\\/proteger-a-los-medicos-es-proteger-a-los-pacientes-afirman-desde-el-hospital-el-cruce\\\/\",\"url\":\"https:\\\/\\\/diarioprincipios.com\\\/index.php\\\/2020\\\/09\\\/17\\\/proteger-a-los-medicos-es-proteger-a-los-pacientes-afirman-desde-el-hospital-el-cruce\\\/\",\"name\":\"\\\"Proteger a los m\u00e9dicos es proteger a los pacientes\\\", afirman desde el Hospital El Cruce - Principios\",\"isPartOf\":{\"@id\":\"https:\\\/\\\/diarioprincipios.com\\\/#website\"},\"primaryImageOfPage\":{\"@id\":\"https:\\\/\\\/diarioprincipios.com\\\/index.php\\\/2020\\\/09\\\/17\\\/proteger-a-los-medicos-es-proteger-a-los-pacientes-afirman-desde-el-hospital-el-cruce\\\/#primaryimage\"},\"image\":{\"@id\":\"https:\\\/\\\/diarioprincipios.com\\\/index.php\\\/2020\\\/09\\\/17\\\/proteger-a-los-medicos-es-proteger-a-los-pacientes-afirman-desde-el-hospital-el-cruce\\\/#primaryimage\"},\"thumbnailUrl\":\"https:\\\/\\\/diarioprincipios.com\\\/wp-content\\\/uploads\\\/2020\\\/09\\\/20200606121517_hospital-el-cruce-de-florencio-5zu-gmfn3-1200x630-1.jpg\",\"datePublished\":\"2020-09-17T16:22:51+00:00\",\"dateModified\":\"2020-09-17T16:23:55+00:00\",\"breadcrumb\":{\"@id\":\"https:\\\/\\\/diarioprincipios.com\\\/index.php\\\/2020\\\/09\\\/17\\\/proteger-a-los-medicos-es-proteger-a-los-pacientes-afirman-desde-el-hospital-el-cruce\\\/#breadcrumb\"},\"inLanguage\":\"es\",\"potentialAction\":[{\"@type\":\"ReadAction\",\"target\":[\"https:\\\/\\\/diarioprincipios.com\\\/index.php\\\/2020\\\/09\\\/17\\\/proteger-a-los-medicos-es-proteger-a-los-pacientes-afirman-desde-el-hospital-el-cruce\\\/\"]}]},{\"@type\":\"ImageObject\",\"inLanguage\":\"es\",\"@id\":\"https:\\\/\\\/diarioprincipios.com\\\/index.php\\\/2020\\\/09\\\/17\\\/proteger-a-los-medicos-es-proteger-a-los-pacientes-afirman-desde-el-hospital-el-cruce\\\/#primaryimage\",\"url\":\"https:\\\/\\\/diarioprincipios.com\\\/wp-content\\\/uploads\\\/2020\\\/09\\\/20200606121517_hospital-el-cruce-de-florencio-5zu-gmfn3-1200x630-1.jpg\",\"contentUrl\":\"https:\\\/\\\/diarioprincipios.com\\\/wp-content\\\/uploads\\\/2020\\\/09\\\/20200606121517_hospital-el-cruce-de-florencio-5zu-gmfn3-1200x630-1.jpg\",\"width\":780,\"height\":440},{\"@type\":\"BreadcrumbList\",\"@id\":\"https:\\\/\\\/diarioprincipios.com\\\/index.php\\\/2020\\\/09\\\/17\\\/proteger-a-los-medicos-es-proteger-a-los-pacientes-afirman-desde-el-hospital-el-cruce\\\/#breadcrumb\",\"itemListElement\":[{\"@type\":\"ListItem\",\"position\":1,\"name\":\"Portada\",\"item\":\"https:\\\/\\\/diarioprincipios.com\\\/\"},{\"@type\":\"ListItem\",\"position\":2,\"name\":\"\u00abProteger a los m\u00e9dicos es proteger a los pacientes\u00bb, afirman desde el Hospital El Cruce\"}]},{\"@type\":\"WebSite\",\"@id\":\"https:\\\/\\\/diarioprincipios.com\\\/#website\",\"url\":\"https:\\\/\\\/diarioprincipios.com\\\/\",\"name\":\"Principios\",\"description\":\"Principios Diario\",\"publisher\":{\"@id\":\"https:\\\/\\\/diarioprincipios.com\\\/#organization\"},\"potentialAction\":[{\"@type\":\"SearchAction\",\"target\":{\"@type\":\"EntryPoint\",\"urlTemplate\":\"https:\\\/\\\/diarioprincipios.com\\\/?s={search_term_string}\"},\"query-input\":{\"@type\":\"PropertyValueSpecification\",\"valueRequired\":true,\"valueName\":\"search_term_string\"}}],\"inLanguage\":\"es\"},{\"@type\":\"Organization\",\"@id\":\"https:\\\/\\\/diarioprincipios.com\\\/#organization\",\"name\":\"Principios\",\"url\":\"https:\\\/\\\/diarioprincipios.com\\\/\",\"logo\":{\"@type\":\"ImageObject\",\"inLanguage\":\"es\",\"@id\":\"https:\\\/\\\/diarioprincipios.com\\\/#\\\/schema\\\/logo\\\/image\\\/\",\"url\":\"https:\\\/\\\/diarioprincipios.com\\\/wp-content\\\/uploads\\\/2024\\\/04\\\/cropped-www.diarioprincipios.com_-1.png\",\"contentUrl\":\"https:\\\/\\\/diarioprincipios.com\\\/wp-content\\\/uploads\\\/2024\\\/04\\\/cropped-www.diarioprincipios.com_-1.png\",\"width\":5325,\"height\":1454,\"caption\":\"Principios\"},\"image\":{\"@id\":\"https:\\\/\\\/diarioprincipios.com\\\/#\\\/schema\\\/logo\\\/image\\\/\"}},{\"@type\":\"Person\",\"@id\":\"https:\\\/\\\/diarioprincipios.com\\\/#\\\/schema\\\/person\\\/436d5a1fd41a5e250e23ff5a6a7cb080\",\"name\":\"Hern\u00e1n L\u00f3pez\",\"image\":{\"@type\":\"ImageObject\",\"inLanguage\":\"es\",\"@id\":\"https:\\\/\\\/diarioprincipios.com\\\/wp-content\\\/litespeed\\\/avatar\\\/11ddfe5610ff3bd100522525b2571f48.jpg?ver=1777048341\",\"url\":\"https:\\\/\\\/diarioprincipios.com\\\/wp-content\\\/litespeed\\\/avatar\\\/11ddfe5610ff3bd100522525b2571f48.jpg?ver=1777048341\",\"contentUrl\":\"https:\\\/\\\/diarioprincipios.com\\\/wp-content\\\/litespeed\\\/avatar\\\/11ddfe5610ff3bd100522525b2571f48.jpg?ver=1777048341\",\"caption\":\"Hern\u00e1n L\u00f3pez\"},\"url\":\"https:\\\/\\\/diarioprincipios.com\\\/index.php\\\/author\\\/hernan\\\/\"}]}<\/script>\n<!-- \/ Yoast SEO plugin. -->","yoast_head_json":{"title":"\"Proteger a los m\u00e9dicos es proteger a los pacientes\", afirman desde el Hospital El Cruce - Principios","robots":{"index":"index","follow":"follow","max-snippet":"max-snippet:-1","max-image-preview":"max-image-preview:large","max-video-preview":"max-video-preview:-1"},"canonical":"https:\/\/diarioprincipios.com\/index.php\/2020\/09\/17\/proteger-a-los-medicos-es-proteger-a-los-pacientes-afirman-desde-el-hospital-el-cruce\/","og_locale":"es_ES","og_type":"article","og_title":"\"Proteger a los m\u00e9dicos es proteger a los pacientes\", afirman desde el Hospital El Cruce - Principios","og_description":"Gustavo Jaluf, integrante del \u00e1rea de calidad del Hospital nacional \u00abEl Cruce-N\u00e9stor Kirchner\u00bb, dijo hoy que el 75% de los errores del sistema m\u00e9dico que ponen en riesgo la seguridad de los pacientes en todo el mundo tienen explicaci\u00f3n \u00aben la infraestructura, en la aparatolog\u00eda, y en las condiciones de trabajo\u00bb del personal y, sobre...","og_url":"https:\/\/diarioprincipios.com\/index.php\/2020\/09\/17\/proteger-a-los-medicos-es-proteger-a-los-pacientes-afirman-desde-el-hospital-el-cruce\/","og_site_name":"Principios","article_published_time":"2020-09-17T16:22:51+00:00","article_modified_time":"2020-09-17T16:23:55+00:00","og_image":[{"width":780,"height":440,"url":"https:\/\/diarioprincipios.com\/wp-content\/uploads\/2020\/09\/20200606121517_hospital-el-cruce-de-florencio-5zu-gmfn3-1200x630-1.jpg","type":"image\/jpeg"}],"author":"Hern\u00e1n L\u00f3pez","twitter_card":"summary_large_image","twitter_misc":{"Escrito por":"Hern\u00e1n L\u00f3pez","Tiempo de lectura":"2 minutos"},"schema":{"@context":"https:\/\/schema.org","@graph":[{"@type":"Article","@id":"https:\/\/diarioprincipios.com\/index.php\/2020\/09\/17\/proteger-a-los-medicos-es-proteger-a-los-pacientes-afirman-desde-el-hospital-el-cruce\/#article","isPartOf":{"@id":"https:\/\/diarioprincipios.com\/index.php\/2020\/09\/17\/proteger-a-los-medicos-es-proteger-a-los-pacientes-afirman-desde-el-hospital-el-cruce\/"},"author":{"name":"Hern\u00e1n L\u00f3pez","@id":"https:\/\/diarioprincipios.com\/#\/schema\/person\/436d5a1fd41a5e250e23ff5a6a7cb080"},"headline":"\u00abProteger a los m\u00e9dicos es proteger a los pacientes\u00bb, afirman desde el Hospital El Cruce","datePublished":"2020-09-17T16:22:51+00:00","dateModified":"2020-09-17T16:23:55+00:00","mainEntityOfPage":{"@id":"https:\/\/diarioprincipios.com\/index.php\/2020\/09\/17\/proteger-a-los-medicos-es-proteger-a-los-pacientes-afirman-desde-el-hospital-el-cruce\/"},"wordCount":358,"commentCount":0,"publisher":{"@id":"https:\/\/diarioprincipios.com\/#organization"},"image":{"@id":"https:\/\/diarioprincipios.com\/index.php\/2020\/09\/17\/proteger-a-los-medicos-es-proteger-a-los-pacientes-afirman-desde-el-hospital-el-cruce\/#primaryimage"},"thumbnailUrl":"https:\/\/diarioprincipios.com\/wp-content\/uploads\/2020\/09\/20200606121517_hospital-el-cruce-de-florencio-5zu-gmfn3-1200x630-1.jpg","articleSection":["Naci\u00f3n"],"inLanguage":"es","potentialAction":[{"@type":"CommentAction","name":"Comment","target":["https:\/\/diarioprincipios.com\/index.php\/2020\/09\/17\/proteger-a-los-medicos-es-proteger-a-los-pacientes-afirman-desde-el-hospital-el-cruce\/#respond"]}]},{"@type":"WebPage","@id":"https:\/\/diarioprincipios.com\/index.php\/2020\/09\/17\/proteger-a-los-medicos-es-proteger-a-los-pacientes-afirman-desde-el-hospital-el-cruce\/","url":"https:\/\/diarioprincipios.com\/index.php\/2020\/09\/17\/proteger-a-los-medicos-es-proteger-a-los-pacientes-afirman-desde-el-hospital-el-cruce\/","name":"\"Proteger a los m\u00e9dicos es proteger a los pacientes\", afirman desde el Hospital El Cruce - Principios","isPartOf":{"@id":"https:\/\/diarioprincipios.com\/#website"},"primaryImageOfPage":{"@id":"https:\/\/diarioprincipios.com\/index.php\/2020\/09\/17\/proteger-a-los-medicos-es-proteger-a-los-pacientes-afirman-desde-el-hospital-el-cruce\/#primaryimage"},"image":{"@id":"https:\/\/diarioprincipios.com\/index.php\/2020\/09\/17\/proteger-a-los-medicos-es-proteger-a-los-pacientes-afirman-desde-el-hospital-el-cruce\/#primaryimage"},"thumbnailUrl":"https:\/\/diarioprincipios.com\/wp-content\/uploads\/2020\/09\/20200606121517_hospital-el-cruce-de-florencio-5zu-gmfn3-1200x630-1.jpg","datePublished":"2020-09-17T16:22:51+00:00","dateModified":"2020-09-17T16:23:55+00:00","breadcrumb":{"@id":"https:\/\/diarioprincipios.com\/index.php\/2020\/09\/17\/proteger-a-los-medicos-es-proteger-a-los-pacientes-afirman-desde-el-hospital-el-cruce\/#breadcrumb"},"inLanguage":"es","potentialAction":[{"@type":"ReadAction","target":["https:\/\/diarioprincipios.com\/index.php\/2020\/09\/17\/proteger-a-los-medicos-es-proteger-a-los-pacientes-afirman-desde-el-hospital-el-cruce\/"]}]},{"@type":"ImageObject","inLanguage":"es","@id":"https:\/\/diarioprincipios.com\/index.php\/2020\/09\/17\/proteger-a-los-medicos-es-proteger-a-los-pacientes-afirman-desde-el-hospital-el-cruce\/#primaryimage","url":"https:\/\/diarioprincipios.com\/wp-content\/uploads\/2020\/09\/20200606121517_hospital-el-cruce-de-florencio-5zu-gmfn3-1200x630-1.jpg","contentUrl":"https:\/\/diarioprincipios.com\/wp-content\/uploads\/2020\/09\/20200606121517_hospital-el-cruce-de-florencio-5zu-gmfn3-1200x630-1.jpg","width":780,"height":440},{"@type":"BreadcrumbList","@id":"https:\/\/diarioprincipios.com\/index.php\/2020\/09\/17\/proteger-a-los-medicos-es-proteger-a-los-pacientes-afirman-desde-el-hospital-el-cruce\/#breadcrumb","itemListElement":[{"@type":"ListItem","position":1,"name":"Portada","item":"https:\/\/diarioprincipios.com\/"},{"@type":"ListItem","position":2,"name":"\u00abProteger a los m\u00e9dicos es proteger a los pacientes\u00bb, afirman desde el Hospital El Cruce"}]},{"@type":"WebSite","@id":"https:\/\/diarioprincipios.com\/#website","url":"https:\/\/diarioprincipios.com\/","name":"Principios","description":"Principios Diario","publisher":{"@id":"https:\/\/diarioprincipios.com\/#organization"},"potentialAction":[{"@type":"SearchAction","target":{"@type":"EntryPoint","urlTemplate":"https:\/\/diarioprincipios.com\/?s={search_term_string}"},"query-input":{"@type":"PropertyValueSpecification","valueRequired":true,"valueName":"search_term_string"}}],"inLanguage":"es"},{"@type":"Organization","@id":"https:\/\/diarioprincipios.com\/#organization","name":"Principios","url":"https:\/\/diarioprincipios.com\/","logo":{"@type":"ImageObject","inLanguage":"es","@id":"https:\/\/diarioprincipios.com\/#\/schema\/logo\/image\/","url":"https:\/\/diarioprincipios.com\/wp-content\/uploads\/2024\/04\/cropped-www.diarioprincipios.com_-1.png","contentUrl":"https:\/\/diarioprincipios.com\/wp-content\/uploads\/2024\/04\/cropped-www.diarioprincipios.com_-1.png","width":5325,"height":1454,"caption":"Principios"},"image":{"@id":"https:\/\/diarioprincipios.com\/#\/schema\/logo\/image\/"}},{"@type":"Person","@id":"https:\/\/diarioprincipios.com\/#\/schema\/person\/436d5a1fd41a5e250e23ff5a6a7cb080","name":"Hern\u00e1n L\u00f3pez","image":{"@type":"ImageObject","inLanguage":"es","@id":"https:\/\/diarioprincipios.com\/wp-content\/litespeed\/avatar\/11ddfe5610ff3bd100522525b2571f48.jpg?ver=1777048341","url":"https:\/\/diarioprincipios.com\/wp-content\/litespeed\/avatar\/11ddfe5610ff3bd100522525b2571f48.jpg?ver=1777048341","contentUrl":"https:\/\/diarioprincipios.com\/wp-content\/litespeed\/avatar\/11ddfe5610ff3bd100522525b2571f48.jpg?ver=1777048341","caption":"Hern\u00e1n L\u00f3pez"},"url":"https:\/\/diarioprincipios.com\/index.php\/author\/hernan\/"}]}},"jetpack_featured_media_url":"https:\/\/diarioprincipios.com\/wp-content\/uploads\/2020\/09\/20200606121517_hospital-el-cruce-de-florencio-5zu-gmfn3-1200x630-1.jpg","_links":{"self":[{"href":"https:\/\/diarioprincipios.com\/index.php\/wp-json\/wp\/v2\/posts\/5651","targetHints":{"allow":["GET"]}}],"collection":[{"href":"https:\/\/diarioprincipios.com\/index.php\/wp-json\/wp\/v2\/posts"}],"about":[{"href":"https:\/\/diarioprincipios.com\/index.php\/wp-json\/wp\/v2\/types\/post"}],"author":[{"embeddable":true,"href":"https:\/\/diarioprincipios.com\/index.php\/wp-json\/wp\/v2\/users\/2"}],"replies":[{"embeddable":true,"href":"https:\/\/diarioprincipios.com\/index.php\/wp-json\/wp\/v2\/comments?post=5651"}],"version-history":[{"count":1,"href":"https:\/\/diarioprincipios.com\/index.php\/wp-json\/wp\/v2\/posts\/5651\/revisions"}],"predecessor-version":[{"id":5653,"href":"https:\/\/diarioprincipios.com\/index.php\/wp-json\/wp\/v2\/posts\/5651\/revisions\/5653"}],"wp:featuredmedia":[{"embeddable":true,"href":"https:\/\/diarioprincipios.com\/index.php\/wp-json\/wp\/v2\/media\/5652"}],"wp:attachment":[{"href":"https:\/\/diarioprincipios.com\/index.php\/wp-json\/wp\/v2\/media?parent=5651"}],"wp:term":[{"taxonomy":"category","embeddable":true,"href":"https:\/\/diarioprincipios.com\/index.php\/wp-json\/wp\/v2\/categories?post=5651"},{"taxonomy":"post_tag","embeddable":true,"href":"https:\/\/diarioprincipios.com\/index.php\/wp-json\/wp\/v2\/tags?post=5651"}],"curies":[{"name":"wp","href":"https:\/\/api.w.org\/{rel}","templated":true}]}}