{"id":5645,"date":"2020-09-17T12:58:06","date_gmt":"2020-09-17T15:58:06","guid":{"rendered":"http:\/\/diarioprincipios.com\/?p=5645"},"modified":"2020-09-17T12:58:14","modified_gmt":"2020-09-17T15:58:14","slug":"roban-objetos-de-un-museo-de-quilmes-y-por-el-hecho-buscan-a-un-cuidador-del-lugar","status":"publish","type":"post","link":"https:\/\/diarioprincipios.com\/index.php\/2020\/09\/17\/roban-objetos-de-un-museo-de-quilmes-y-por-el-hecho-buscan-a-un-cuidador-del-lugar\/","title":{"rendered":"Roban objetos de un museo de Quilmes y por el hecho buscan a un cuidador del lugar"},"content":{"rendered":"\n<p>Varias c\u00e1maras antiguas y dem\u00e1s objetos de valor fueron robados en las \u00faltimas horas del Museo Hist\u00f3rico Fotogr\u00e1fico de la localidad bonaerense de Quilmes y como sospechoso del hecho buscan a un cuidador del lugar, informaron hoy fuentes policiales.<\/p>\n\n\n\n<p>El robo ocurri\u00f3 ayer, aproximadamente a las 17, en el museo ubicado en la calle 25 de Mayo 218, entre Lavalle y Brown, de la mencionada localidad del partido hom\u00f3nimo del sur del conurbano.<\/p>\n\n\n\n<p>Fuentes policiales indicaron a T\u00e9lam que personal de la comisar\u00eda 1ra arrib\u00f3 al lugar luego de una llamada al 911 realizada por la directora del establecimiento, Gabriela Manzo.<\/p>\n\n\n\n<p>Seg\u00fan la declaraci\u00f3n de la mujer ante los agentes, antes de abrir la puerta principal del museo observ\u00f3 que las vitrinas estaban vac\u00edas.<\/p>\n\n\n\n<p>La mujer indic\u00f3 que all\u00ed hab\u00eda varias c\u00e1maras fotogr\u00e1ficas en exhibici\u00f3n, de gran valor hist\u00f3rico, adem\u00e1s de c\u00e1maras de galer\u00eda, computadoras y otros elementos del inmueble.<\/p>\n\n\n\n<p>Los pesquisas advirtieron que ninguna de las cerraduras estaba violentada salvo la de la puerta del fondo que da a un patio interno que posee el lugar.<\/p>\n\n\n\n<p>Manzo asegur\u00f3 que el museo cuenta con un cuidador que trabaja entre las 14 y 17, quien no estaba cuando ella lleg\u00f3..<\/p>\n\n\n\n<p>Al parecer, el hombre arrib\u00f3 al museo y a los pocos minutos se lo vio salir corriendo del lugar con un carrito, diciendo que estaba \u201crealizando una changa\u201d y que en el mismo no llevaba \u00abnada\u201d.<\/p>\n\n\n\n<p>Al arribar la polic\u00eda al lugar, el hombre ya no estaba presente, precisaron los informantes.<\/p>\n\n\n\n<p>Manzo dijo a los investigadores que le llam\u00f3 la atenci\u00f3n que la persona que ingreso sab\u00eda d\u00f3nde estaban las cosas y que le sitio no ten\u00eda c\u00e1maras de seguridad ni alarma.<\/p>\n\n\n\n<p>Peritos policiales y Personal del Grupo T\u00e1ctico Operativo (GTO) realizaban tareas de investigaci\u00f3n en el lugar, entre ellas el relevamiento de las c\u00e1maras de seguridad privadas y municipales para ubicar al cuidador, quien es el principal sospechoso del hecho para los pesquisas.<\/p>\n\n\n\n<p>El Museo Hist\u00f3rico Fotogr\u00e1fico est\u00e1 ubicado justo frente a la c\u00e1mara que registr\u00f3 el ingreso el sospechoso Dar\u00edo Dening al departamento de su amigo Salvador Altamura, el abogado desaparecido en Quilmes desde m\u00e1s de dos meses.<\/p>\n\n\n\n<p>Desde el municipio de Quilmes indicaron a T\u00e9lam que se \u201cesperar\u00e1 el avance de la investigaci\u00f3n\u201d para emitir un comunicado al respecto.<\/p>\n\n\n\n<p>La causa est\u00e1 en manos de la fiscal Ximena Santoro, a cargo de la Unidad Funcional de Instrucci\u00f3n (UFI) 7 de Quilmes, que caratul\u00f3 el expediente como \u201crobo\u201d.<\/p>\n","protected":false},"excerpt":{"rendered":"<p>Varias c\u00e1maras antiguas y dem\u00e1s objetos de valor fueron robados en las \u00faltimas horas del Museo Hist\u00f3rico Fotogr\u00e1fico de la localidad bonaerense de Quilmes y como sospechoso del hecho buscan a un cuidador del lugar, informaron hoy fuentes policiales. El robo ocurri\u00f3 ayer, aproximadamente a las 17, en el museo ubicado en la calle 25&#8230;<\/p>\n","protected":false},"author":2,"featured_media":5646,"comment_status":"open","ping_status":"open","sticky":false,"template":"","format":"standard","meta":{"footnotes":""},"categories":[4],"tags":[],"class_list":["post-5645","post","type-post","status-publish","format-standard","has-post-thumbnail","hentry","category-quilmes"],"featured_image_src":"https:\/\/diarioprincipios.com\/wp-content\/uploads\/2020\/09\/Dibujo.jpg","blog_images":{"medium":"https:\/\/diarioprincipios.com\/wp-content\/uploads\/2020\/09\/Dibujo-300x176.jpg","large":"https:\/\/diarioprincipios.com\/wp-content\/uploads\/2020\/09\/Dibujo.jpg"},"ams_acf":[],"yoast_head":"<!-- This site is optimized with the Yoast SEO plugin v27.3 - https:\/\/yoast.com\/product\/yoast-seo-wordpress\/ -->\n<title>Roban objetos de un museo de Quilmes y por el hecho buscan a un cuidador del lugar - Principios<\/title>\n<meta name=\"robots\" content=\"index, follow, max-snippet:-1, max-image-preview:large, max-video-preview:-1\" \/>\n<link rel=\"canonical\" href=\"https:\/\/diarioprincipios.com\/index.php\/2020\/09\/17\/roban-objetos-de-un-museo-de-quilmes-y-por-el-hecho-buscan-a-un-cuidador-del-lugar\/\" \/>\n<meta property=\"og:locale\" content=\"es_ES\" \/>\n<meta property=\"og:type\" content=\"article\" \/>\n<meta property=\"og:title\" content=\"Roban objetos de un museo de Quilmes y por el hecho buscan a un cuidador del lugar - Principios\" \/>\n<meta property=\"og:description\" content=\"Varias c\u00e1maras antiguas y dem\u00e1s objetos de valor fueron robados en las \u00faltimas horas del Museo Hist\u00f3rico Fotogr\u00e1fico de la localidad bonaerense de Quilmes y como sospechoso del hecho buscan a un cuidador del lugar, informaron hoy fuentes policiales. El robo ocurri\u00f3 ayer, aproximadamente a las 17, en el museo ubicado en la calle 25...\" \/>\n<meta property=\"og:url\" content=\"https:\/\/diarioprincipios.com\/index.php\/2020\/09\/17\/roban-objetos-de-un-museo-de-quilmes-y-por-el-hecho-buscan-a-un-cuidador-del-lugar\/\" \/>\n<meta property=\"og:site_name\" content=\"Principios\" \/>\n<meta property=\"article:published_time\" content=\"2020-09-17T15:58:06+00:00\" \/>\n<meta property=\"article:modified_time\" content=\"2020-09-17T15:58:14+00:00\" \/>\n<meta property=\"og:image\" content=\"https:\/\/diarioprincipios.com\/wp-content\/uploads\/2020\/09\/Dibujo.jpg\" \/>\n\t<meta property=\"og:image:width\" content=\"898\" \/>\n\t<meta property=\"og:image:height\" content=\"527\" \/>\n\t<meta property=\"og:image:type\" content=\"image\/jpeg\" \/>\n<meta name=\"author\" content=\"Hern\u00e1n L\u00f3pez\" \/>\n<meta name=\"twitter:card\" content=\"summary_large_image\" \/>\n<meta name=\"twitter:label1\" content=\"Escrito por\" \/>\n\t<meta name=\"twitter:data1\" content=\"Hern\u00e1n L\u00f3pez\" \/>\n\t<meta name=\"twitter:label2\" content=\"Tiempo de lectura\" \/>\n\t<meta name=\"twitter:data2\" content=\"2 minutos\" \/>\n<script type=\"application\/ld+json\" class=\"yoast-schema-graph\">{\"@context\":\"https:\\\/\\\/schema.org\",\"@graph\":[{\"@type\":\"Article\",\"@id\":\"https:\\\/\\\/diarioprincipios.com\\\/index.php\\\/2020\\\/09\\\/17\\\/roban-objetos-de-un-museo-de-quilmes-y-por-el-hecho-buscan-a-un-cuidador-del-lugar\\\/#article\",\"isPartOf\":{\"@id\":\"https:\\\/\\\/diarioprincipios.com\\\/index.php\\\/2020\\\/09\\\/17\\\/roban-objetos-de-un-museo-de-quilmes-y-por-el-hecho-buscan-a-un-cuidador-del-lugar\\\/\"},\"author\":{\"name\":\"Hern\u00e1n L\u00f3pez\",\"@id\":\"https:\\\/\\\/diarioprincipios.com\\\/#\\\/schema\\\/person\\\/436d5a1fd41a5e250e23ff5a6a7cb080\"},\"headline\":\"Roban objetos de un museo de Quilmes y por el hecho buscan a un cuidador del lugar\",\"datePublished\":\"2020-09-17T15:58:06+00:00\",\"dateModified\":\"2020-09-17T15:58:14+00:00\",\"mainEntityOfPage\":{\"@id\":\"https:\\\/\\\/diarioprincipios.com\\\/index.php\\\/2020\\\/09\\\/17\\\/roban-objetos-de-un-museo-de-quilmes-y-por-el-hecho-buscan-a-un-cuidador-del-lugar\\\/\"},\"wordCount\":454,\"commentCount\":0,\"publisher\":{\"@id\":\"https:\\\/\\\/diarioprincipios.com\\\/#organization\"},\"image\":{\"@id\":\"https:\\\/\\\/diarioprincipios.com\\\/index.php\\\/2020\\\/09\\\/17\\\/roban-objetos-de-un-museo-de-quilmes-y-por-el-hecho-buscan-a-un-cuidador-del-lugar\\\/#primaryimage\"},\"thumbnailUrl\":\"https:\\\/\\\/diarioprincipios.com\\\/wp-content\\\/uploads\\\/2020\\\/09\\\/Dibujo.jpg\",\"articleSection\":[\"Quilmes\"],\"inLanguage\":\"es\",\"potentialAction\":[{\"@type\":\"CommentAction\",\"name\":\"Comment\",\"target\":[\"https:\\\/\\\/diarioprincipios.com\\\/index.php\\\/2020\\\/09\\\/17\\\/roban-objetos-de-un-museo-de-quilmes-y-por-el-hecho-buscan-a-un-cuidador-del-lugar\\\/#respond\"]}]},{\"@type\":\"WebPage\",\"@id\":\"https:\\\/\\\/diarioprincipios.com\\\/index.php\\\/2020\\\/09\\\/17\\\/roban-objetos-de-un-museo-de-quilmes-y-por-el-hecho-buscan-a-un-cuidador-del-lugar\\\/\",\"url\":\"https:\\\/\\\/diarioprincipios.com\\\/index.php\\\/2020\\\/09\\\/17\\\/roban-objetos-de-un-museo-de-quilmes-y-por-el-hecho-buscan-a-un-cuidador-del-lugar\\\/\",\"name\":\"Roban objetos de un museo de Quilmes y por el hecho buscan a un cuidador del lugar - Principios\",\"isPartOf\":{\"@id\":\"https:\\\/\\\/diarioprincipios.com\\\/#website\"},\"primaryImageOfPage\":{\"@id\":\"https:\\\/\\\/diarioprincipios.com\\\/index.php\\\/2020\\\/09\\\/17\\\/roban-objetos-de-un-museo-de-quilmes-y-por-el-hecho-buscan-a-un-cuidador-del-lugar\\\/#primaryimage\"},\"image\":{\"@id\":\"https:\\\/\\\/diarioprincipios.com\\\/index.php\\\/2020\\\/09\\\/17\\\/roban-objetos-de-un-museo-de-quilmes-y-por-el-hecho-buscan-a-un-cuidador-del-lugar\\\/#primaryimage\"},\"thumbnailUrl\":\"https:\\\/\\\/diarioprincipios.com\\\/wp-content\\\/uploads\\\/2020\\\/09\\\/Dibujo.jpg\",\"datePublished\":\"2020-09-17T15:58:06+00:00\",\"dateModified\":\"2020-09-17T15:58:14+00:00\",\"breadcrumb\":{\"@id\":\"https:\\\/\\\/diarioprincipios.com\\\/index.php\\\/2020\\\/09\\\/17\\\/roban-objetos-de-un-museo-de-quilmes-y-por-el-hecho-buscan-a-un-cuidador-del-lugar\\\/#breadcrumb\"},\"inLanguage\":\"es\",\"potentialAction\":[{\"@type\":\"ReadAction\",\"target\":[\"https:\\\/\\\/diarioprincipios.com\\\/index.php\\\/2020\\\/09\\\/17\\\/roban-objetos-de-un-museo-de-quilmes-y-por-el-hecho-buscan-a-un-cuidador-del-lugar\\\/\"]}]},{\"@type\":\"ImageObject\",\"inLanguage\":\"es\",\"@id\":\"https:\\\/\\\/diarioprincipios.com\\\/index.php\\\/2020\\\/09\\\/17\\\/roban-objetos-de-un-museo-de-quilmes-y-por-el-hecho-buscan-a-un-cuidador-del-lugar\\\/#primaryimage\",\"url\":\"https:\\\/\\\/diarioprincipios.com\\\/wp-content\\\/uploads\\\/2020\\\/09\\\/Dibujo.jpg\",\"contentUrl\":\"https:\\\/\\\/diarioprincipios.com\\\/wp-content\\\/uploads\\\/2020\\\/09\\\/Dibujo.jpg\",\"width\":898,\"height\":527},{\"@type\":\"BreadcrumbList\",\"@id\":\"https:\\\/\\\/diarioprincipios.com\\\/index.php\\\/2020\\\/09\\\/17\\\/roban-objetos-de-un-museo-de-quilmes-y-por-el-hecho-buscan-a-un-cuidador-del-lugar\\\/#breadcrumb\",\"itemListElement\":[{\"@type\":\"ListItem\",\"position\":1,\"name\":\"Portada\",\"item\":\"https:\\\/\\\/diarioprincipios.com\\\/\"},{\"@type\":\"ListItem\",\"position\":2,\"name\":\"Roban objetos de un museo de Quilmes y por el hecho buscan a un cuidador del lugar\"}]},{\"@type\":\"WebSite\",\"@id\":\"https:\\\/\\\/diarioprincipios.com\\\/#website\",\"url\":\"https:\\\/\\\/diarioprincipios.com\\\/\",\"name\":\"Principios\",\"description\":\"Principios Diario\",\"publisher\":{\"@id\":\"https:\\\/\\\/diarioprincipios.com\\\/#organization\"},\"potentialAction\":[{\"@type\":\"SearchAction\",\"target\":{\"@type\":\"EntryPoint\",\"urlTemplate\":\"https:\\\/\\\/diarioprincipios.com\\\/?s={search_term_string}\"},\"query-input\":{\"@type\":\"PropertyValueSpecification\",\"valueRequired\":true,\"valueName\":\"search_term_string\"}}],\"inLanguage\":\"es\"},{\"@type\":\"Organization\",\"@id\":\"https:\\\/\\\/diarioprincipios.com\\\/#organization\",\"name\":\"Principios\",\"url\":\"https:\\\/\\\/diarioprincipios.com\\\/\",\"logo\":{\"@type\":\"ImageObject\",\"inLanguage\":\"es\",\"@id\":\"https:\\\/\\\/diarioprincipios.com\\\/#\\\/schema\\\/logo\\\/image\\\/\",\"url\":\"https:\\\/\\\/diarioprincipios.com\\\/wp-content\\\/uploads\\\/2024\\\/04\\\/cropped-www.diarioprincipios.com_-1.png\",\"contentUrl\":\"https:\\\/\\\/diarioprincipios.com\\\/wp-content\\\/uploads\\\/2024\\\/04\\\/cropped-www.diarioprincipios.com_-1.png\",\"width\":5325,\"height\":1454,\"caption\":\"Principios\"},\"image\":{\"@id\":\"https:\\\/\\\/diarioprincipios.com\\\/#\\\/schema\\\/logo\\\/image\\\/\"}},{\"@type\":\"Person\",\"@id\":\"https:\\\/\\\/diarioprincipios.com\\\/#\\\/schema\\\/person\\\/436d5a1fd41a5e250e23ff5a6a7cb080\",\"name\":\"Hern\u00e1n L\u00f3pez\",\"image\":{\"@type\":\"ImageObject\",\"inLanguage\":\"es\",\"@id\":\"https:\\\/\\\/diarioprincipios.com\\\/wp-content\\\/litespeed\\\/avatar\\\/11ddfe5610ff3bd100522525b2571f48.jpg?ver=1777048341\",\"url\":\"https:\\\/\\\/diarioprincipios.com\\\/wp-content\\\/litespeed\\\/avatar\\\/11ddfe5610ff3bd100522525b2571f48.jpg?ver=1777048341\",\"contentUrl\":\"https:\\\/\\\/diarioprincipios.com\\\/wp-content\\\/litespeed\\\/avatar\\\/11ddfe5610ff3bd100522525b2571f48.jpg?ver=1777048341\",\"caption\":\"Hern\u00e1n L\u00f3pez\"},\"url\":\"https:\\\/\\\/diarioprincipios.com\\\/index.php\\\/author\\\/hernan\\\/\"}]}<\/script>\n<!-- \/ Yoast SEO plugin. -->","yoast_head_json":{"title":"Roban objetos de un museo de Quilmes y por el hecho buscan a un cuidador del lugar - Principios","robots":{"index":"index","follow":"follow","max-snippet":"max-snippet:-1","max-image-preview":"max-image-preview:large","max-video-preview":"max-video-preview:-1"},"canonical":"https:\/\/diarioprincipios.com\/index.php\/2020\/09\/17\/roban-objetos-de-un-museo-de-quilmes-y-por-el-hecho-buscan-a-un-cuidador-del-lugar\/","og_locale":"es_ES","og_type":"article","og_title":"Roban objetos de un museo de Quilmes y por el hecho buscan a un cuidador del lugar - Principios","og_description":"Varias c\u00e1maras antiguas y dem\u00e1s objetos de valor fueron robados en las \u00faltimas horas del Museo Hist\u00f3rico Fotogr\u00e1fico de la localidad bonaerense de Quilmes y como sospechoso del hecho buscan a un cuidador del lugar, informaron hoy fuentes policiales. El robo ocurri\u00f3 ayer, aproximadamente a las 17, en el museo ubicado en la calle 25...","og_url":"https:\/\/diarioprincipios.com\/index.php\/2020\/09\/17\/roban-objetos-de-un-museo-de-quilmes-y-por-el-hecho-buscan-a-un-cuidador-del-lugar\/","og_site_name":"Principios","article_published_time":"2020-09-17T15:58:06+00:00","article_modified_time":"2020-09-17T15:58:14+00:00","og_image":[{"width":898,"height":527,"url":"https:\/\/diarioprincipios.com\/wp-content\/uploads\/2020\/09\/Dibujo.jpg","type":"image\/jpeg"}],"author":"Hern\u00e1n L\u00f3pez","twitter_card":"summary_large_image","twitter_misc":{"Escrito por":"Hern\u00e1n L\u00f3pez","Tiempo de lectura":"2 minutos"},"schema":{"@context":"https:\/\/schema.org","@graph":[{"@type":"Article","@id":"https:\/\/diarioprincipios.com\/index.php\/2020\/09\/17\/roban-objetos-de-un-museo-de-quilmes-y-por-el-hecho-buscan-a-un-cuidador-del-lugar\/#article","isPartOf":{"@id":"https:\/\/diarioprincipios.com\/index.php\/2020\/09\/17\/roban-objetos-de-un-museo-de-quilmes-y-por-el-hecho-buscan-a-un-cuidador-del-lugar\/"},"author":{"name":"Hern\u00e1n L\u00f3pez","@id":"https:\/\/diarioprincipios.com\/#\/schema\/person\/436d5a1fd41a5e250e23ff5a6a7cb080"},"headline":"Roban objetos de un museo de Quilmes y por el hecho buscan a un cuidador del lugar","datePublished":"2020-09-17T15:58:06+00:00","dateModified":"2020-09-17T15:58:14+00:00","mainEntityOfPage":{"@id":"https:\/\/diarioprincipios.com\/index.php\/2020\/09\/17\/roban-objetos-de-un-museo-de-quilmes-y-por-el-hecho-buscan-a-un-cuidador-del-lugar\/"},"wordCount":454,"commentCount":0,"publisher":{"@id":"https:\/\/diarioprincipios.com\/#organization"},"image":{"@id":"https:\/\/diarioprincipios.com\/index.php\/2020\/09\/17\/roban-objetos-de-un-museo-de-quilmes-y-por-el-hecho-buscan-a-un-cuidador-del-lugar\/#primaryimage"},"thumbnailUrl":"https:\/\/diarioprincipios.com\/wp-content\/uploads\/2020\/09\/Dibujo.jpg","articleSection":["Quilmes"],"inLanguage":"es","potentialAction":[{"@type":"CommentAction","name":"Comment","target":["https:\/\/diarioprincipios.com\/index.php\/2020\/09\/17\/roban-objetos-de-un-museo-de-quilmes-y-por-el-hecho-buscan-a-un-cuidador-del-lugar\/#respond"]}]},{"@type":"WebPage","@id":"https:\/\/diarioprincipios.com\/index.php\/2020\/09\/17\/roban-objetos-de-un-museo-de-quilmes-y-por-el-hecho-buscan-a-un-cuidador-del-lugar\/","url":"https:\/\/diarioprincipios.com\/index.php\/2020\/09\/17\/roban-objetos-de-un-museo-de-quilmes-y-por-el-hecho-buscan-a-un-cuidador-del-lugar\/","name":"Roban objetos de un museo de Quilmes y por el hecho buscan a un cuidador del lugar - Principios","isPartOf":{"@id":"https:\/\/diarioprincipios.com\/#website"},"primaryImageOfPage":{"@id":"https:\/\/diarioprincipios.com\/index.php\/2020\/09\/17\/roban-objetos-de-un-museo-de-quilmes-y-por-el-hecho-buscan-a-un-cuidador-del-lugar\/#primaryimage"},"image":{"@id":"https:\/\/diarioprincipios.com\/index.php\/2020\/09\/17\/roban-objetos-de-un-museo-de-quilmes-y-por-el-hecho-buscan-a-un-cuidador-del-lugar\/#primaryimage"},"thumbnailUrl":"https:\/\/diarioprincipios.com\/wp-content\/uploads\/2020\/09\/Dibujo.jpg","datePublished":"2020-09-17T15:58:06+00:00","dateModified":"2020-09-17T15:58:14+00:00","breadcrumb":{"@id":"https:\/\/diarioprincipios.com\/index.php\/2020\/09\/17\/roban-objetos-de-un-museo-de-quilmes-y-por-el-hecho-buscan-a-un-cuidador-del-lugar\/#breadcrumb"},"inLanguage":"es","potentialAction":[{"@type":"ReadAction","target":["https:\/\/diarioprincipios.com\/index.php\/2020\/09\/17\/roban-objetos-de-un-museo-de-quilmes-y-por-el-hecho-buscan-a-un-cuidador-del-lugar\/"]}]},{"@type":"ImageObject","inLanguage":"es","@id":"https:\/\/diarioprincipios.com\/index.php\/2020\/09\/17\/roban-objetos-de-un-museo-de-quilmes-y-por-el-hecho-buscan-a-un-cuidador-del-lugar\/#primaryimage","url":"https:\/\/diarioprincipios.com\/wp-content\/uploads\/2020\/09\/Dibujo.jpg","contentUrl":"https:\/\/diarioprincipios.com\/wp-content\/uploads\/2020\/09\/Dibujo.jpg","width":898,"height":527},{"@type":"BreadcrumbList","@id":"https:\/\/diarioprincipios.com\/index.php\/2020\/09\/17\/roban-objetos-de-un-museo-de-quilmes-y-por-el-hecho-buscan-a-un-cuidador-del-lugar\/#breadcrumb","itemListElement":[{"@type":"ListItem","position":1,"name":"Portada","item":"https:\/\/diarioprincipios.com\/"},{"@type":"ListItem","position":2,"name":"Roban objetos de un museo de Quilmes y por el hecho buscan a un cuidador del lugar"}]},{"@type":"WebSite","@id":"https:\/\/diarioprincipios.com\/#website","url":"https:\/\/diarioprincipios.com\/","name":"Principios","description":"Principios Diario","publisher":{"@id":"https:\/\/diarioprincipios.com\/#organization"},"potentialAction":[{"@type":"SearchAction","target":{"@type":"EntryPoint","urlTemplate":"https:\/\/diarioprincipios.com\/?s={search_term_string}"},"query-input":{"@type":"PropertyValueSpecification","valueRequired":true,"valueName":"search_term_string"}}],"inLanguage":"es"},{"@type":"Organization","@id":"https:\/\/diarioprincipios.com\/#organization","name":"Principios","url":"https:\/\/diarioprincipios.com\/","logo":{"@type":"ImageObject","inLanguage":"es","@id":"https:\/\/diarioprincipios.com\/#\/schema\/logo\/image\/","url":"https:\/\/diarioprincipios.com\/wp-content\/uploads\/2024\/04\/cropped-www.diarioprincipios.com_-1.png","contentUrl":"https:\/\/diarioprincipios.com\/wp-content\/uploads\/2024\/04\/cropped-www.diarioprincipios.com_-1.png","width":5325,"height":1454,"caption":"Principios"},"image":{"@id":"https:\/\/diarioprincipios.com\/#\/schema\/logo\/image\/"}},{"@type":"Person","@id":"https:\/\/diarioprincipios.com\/#\/schema\/person\/436d5a1fd41a5e250e23ff5a6a7cb080","name":"Hern\u00e1n L\u00f3pez","image":{"@type":"ImageObject","inLanguage":"es","@id":"https:\/\/diarioprincipios.com\/wp-content\/litespeed\/avatar\/11ddfe5610ff3bd100522525b2571f48.jpg?ver=1777048341","url":"https:\/\/diarioprincipios.com\/wp-content\/litespeed\/avatar\/11ddfe5610ff3bd100522525b2571f48.jpg?ver=1777048341","contentUrl":"https:\/\/diarioprincipios.com\/wp-content\/litespeed\/avatar\/11ddfe5610ff3bd100522525b2571f48.jpg?ver=1777048341","caption":"Hern\u00e1n L\u00f3pez"},"url":"https:\/\/diarioprincipios.com\/index.php\/author\/hernan\/"}]}},"jetpack_featured_media_url":"https:\/\/diarioprincipios.com\/wp-content\/uploads\/2020\/09\/Dibujo.jpg","_links":{"self":[{"href":"https:\/\/diarioprincipios.com\/index.php\/wp-json\/wp\/v2\/posts\/5645","targetHints":{"allow":["GET"]}}],"collection":[{"href":"https:\/\/diarioprincipios.com\/index.php\/wp-json\/wp\/v2\/posts"}],"about":[{"href":"https:\/\/diarioprincipios.com\/index.php\/wp-json\/wp\/v2\/types\/post"}],"author":[{"embeddable":true,"href":"https:\/\/diarioprincipios.com\/index.php\/wp-json\/wp\/v2\/users\/2"}],"replies":[{"embeddable":true,"href":"https:\/\/diarioprincipios.com\/index.php\/wp-json\/wp\/v2\/comments?post=5645"}],"version-history":[{"count":1,"href":"https:\/\/diarioprincipios.com\/index.php\/wp-json\/wp\/v2\/posts\/5645\/revisions"}],"predecessor-version":[{"id":5647,"href":"https:\/\/diarioprincipios.com\/index.php\/wp-json\/wp\/v2\/posts\/5645\/revisions\/5647"}],"wp:featuredmedia":[{"embeddable":true,"href":"https:\/\/diarioprincipios.com\/index.php\/wp-json\/wp\/v2\/media\/5646"}],"wp:attachment":[{"href":"https:\/\/diarioprincipios.com\/index.php\/wp-json\/wp\/v2\/media?parent=5645"}],"wp:term":[{"taxonomy":"category","embeddable":true,"href":"https:\/\/diarioprincipios.com\/index.php\/wp-json\/wp\/v2\/categories?post=5645"},{"taxonomy":"post_tag","embeddable":true,"href":"https:\/\/diarioprincipios.com\/index.php\/wp-json\/wp\/v2\/tags?post=5645"}],"curies":[{"name":"wp","href":"https:\/\/api.w.org\/{rel}","templated":true}]}}