{"id":5625,"date":"2020-09-17T09:41:42","date_gmt":"2020-09-17T12:41:42","guid":{"rendered":"http:\/\/diarioprincipios.com\/?p=5625"},"modified":"2020-09-17T09:48:52","modified_gmt":"2020-09-17T12:48:52","slug":"la-oms-lanza-un-plan-para-proteger-al-personal-de-salud-del-coronavirus","status":"publish","type":"post","link":"https:\/\/diarioprincipios.com\/index.php\/2020\/09\/17\/la-oms-lanza-un-plan-para-proteger-al-personal-de-salud-del-coronavirus\/","title":{"rendered":"La OMS lanza un plan para proteger al personal de salud del coronavirus"},"content":{"rendered":"\n<p>Cuatro millones de trabajadores de la salud se infectaron con coronavirus en todo el mundo, alert\u00f3 hoy la Organizaci\u00f3n Mundial de la Salud (OMS), que lanz\u00f3 un plan para proteger a ese sector que representa el 3% de la poblaci\u00f3n mundial.<\/p>\n\n\n\n<p>\u00abLa Covid-19 expuso al personal sanitario y a sus familias a un nivel de riesgo sin precedentes\u00bb, indic\u00f3 la OMS en un comunicado y subray\u00f3 que las estad\u00edsticas muestran claramente que \u00ablas tasas de infecci\u00f3n entre estos \u00faltimos son mucho m\u00e1s altas que entre el resto de la poblaci\u00f3n\u00bb.<\/p>\n\n\n\n<p>El personal de salud representa alrededor del 3% de los habitantes en la gran mayor\u00eda de los pa\u00edses y menos del 2% en los pa\u00edses m\u00e1s pobres.<\/p>\n\n\n\n<p>La cifras recolectadas por la OMS muestran que el 14% de los casos de Covid-19, es decir 4 millones de los casi 29 millones positivos a nivel global, se refieren a personal sanitario.<\/p>\n\n\n\n<p>\u00abEn algunos pa\u00edses, esta proporci\u00f3n puede alcanzar el 35%\u00bb, subray\u00f3 el organismo de salud de la ONU, y alert\u00f3 que se arriesgan no solo a enfermarse sino a la violencia de algunas personas.<\/p>\n\n\n\n<p>El estr\u00e9s creado por el miedo permanente a enfermarse, las largas horas de trabajo, la separaci\u00f3n de los familiares para protegerlos y, a veces, el rechazo o la hostilidad de la sociedad tambi\u00e9n socavan gravemente su salud.<\/p>\n\n\n\n<p>Ante esta situaci\u00f3n, la OMS lanz\u00f3 un plan de cinco puntos en el que aconseja establecer sinergias entre las estrategias destinadas a garantizar la seguridad de los enfermos y de los profesionales de la salud o incluso a desarrollar programas nacionales para proteger mejor al personal sanitario, inform\u00f3 la agencia de noticias AFP.<\/p>\n\n\n\n<p>La OMS tambi\u00e9n hace hincapi\u00e9 en la protecci\u00f3n de dicho grupo contra la violencia en el lugar de trabajo y en la mejora de su bienestar psicol\u00f3gico.<\/p>\n\n\n\n<p>El plan insiste en la necesidad de proteger al personal sanitario de los peligros f\u00edsicos y biol\u00f3gicos, en particular proporcion\u00e1ndoles equipos de protecci\u00f3n suficientes y la formaci\u00f3n necesaria para utilizarlos como corresponde.<\/p>\n\n\n\n<p>Asimismo, pide medidas legales para garantizar una \u00abtolerancia cero\u00bb en los ataques a profesionales del sector, o mejor acceso de \u00e9stos a servicios de apoyo psicol\u00f3gico.<\/p>\n\n\n\n<p>\u00abLa Covid-19 nos record\u00f3 el papel vital que tienen los trabajadores sanitarios a la hora de salvar vidas\u00bb, subray\u00f3 el director general de la OMS, Tedros Adhanom Ghebreyesus, en su intervenci\u00f3n en el D\u00eda Mundial para la Seguridad de los Pacientes, este a\u00f1o dedicado especialmente a homenajear a los trabajadores sanitarios.<\/p>\n\n\n\n<p>Recientes estudios citados por el organismo se\u00f1alan que uno de cada cuatro profesionales de la salud dice haber sufrido ansiedad o depresi\u00f3n durante la pandemia, y uno de cada tres padeci\u00f3 insomnio.<\/p>\n","protected":false},"excerpt":{"rendered":"<p>Cuatro millones de trabajadores de la salud se infectaron con coronavirus en todo el mundo, alert\u00f3 hoy la Organizaci\u00f3n Mundial de la Salud (OMS), que lanz\u00f3 un plan para proteger a ese sector que representa el 3% de la poblaci\u00f3n mundial. \u00abLa Covid-19 expuso al personal sanitario y a sus familias a un nivel de&#8230;<\/p>\n","protected":false},"author":2,"featured_media":5630,"comment_status":"open","ping_status":"open","sticky":false,"template":"","format":"standard","meta":{"footnotes":""},"categories":[1],"tags":[],"class_list":["post-5625","post","type-post","status-publish","format-standard","has-post-thumbnail","hentry","category-uncategorized"],"featured_image_src":"https:\/\/diarioprincipios.com\/wp-content\/uploads\/2020\/09\/20200917_094734.jpg","blog_images":{"medium":"https:\/\/diarioprincipios.com\/wp-content\/uploads\/2020\/09\/20200917_094734-300x174.jpg","large":"https:\/\/diarioprincipios.com\/wp-content\/uploads\/2020\/09\/20200917_094734.jpg"},"ams_acf":[],"yoast_head":"<!-- This site is optimized with the Yoast SEO plugin v27.3 - https:\/\/yoast.com\/product\/yoast-seo-wordpress\/ -->\n<title>La OMS lanza un plan para proteger al personal de salud del coronavirus - Principios<\/title>\n<meta name=\"robots\" content=\"index, follow, max-snippet:-1, max-image-preview:large, max-video-preview:-1\" \/>\n<link rel=\"canonical\" href=\"https:\/\/diarioprincipios.com\/index.php\/2020\/09\/17\/la-oms-lanza-un-plan-para-proteger-al-personal-de-salud-del-coronavirus\/\" \/>\n<meta property=\"og:locale\" content=\"es_ES\" \/>\n<meta property=\"og:type\" content=\"article\" \/>\n<meta property=\"og:title\" content=\"La OMS lanza un plan para proteger al personal de salud del coronavirus - Principios\" \/>\n<meta property=\"og:description\" content=\"Cuatro millones de trabajadores de la salud se infectaron con coronavirus en todo el mundo, alert\u00f3 hoy la Organizaci\u00f3n Mundial de la Salud (OMS), que lanz\u00f3 un plan para proteger a ese sector que representa el 3% de la poblaci\u00f3n mundial. \u00abLa Covid-19 expuso al personal sanitario y a sus familias a un nivel de...\" \/>\n<meta property=\"og:url\" content=\"https:\/\/diarioprincipios.com\/index.php\/2020\/09\/17\/la-oms-lanza-un-plan-para-proteger-al-personal-de-salud-del-coronavirus\/\" \/>\n<meta property=\"og:site_name\" content=\"Principios\" \/>\n<meta property=\"article:published_time\" content=\"2020-09-17T12:41:42+00:00\" \/>\n<meta property=\"article:modified_time\" content=\"2020-09-17T12:48:52+00:00\" \/>\n<meta property=\"og:image\" content=\"https:\/\/diarioprincipios.com\/wp-content\/uploads\/2020\/09\/20200917_094734.jpg\" \/>\n\t<meta property=\"og:image:width\" content=\"720\" \/>\n\t<meta property=\"og:image:height\" content=\"417\" \/>\n\t<meta property=\"og:image:type\" content=\"image\/jpeg\" \/>\n<meta name=\"author\" content=\"Hern\u00e1n L\u00f3pez\" \/>\n<meta name=\"twitter:card\" content=\"summary_large_image\" \/>\n<meta name=\"twitter:label1\" content=\"Escrito por\" \/>\n\t<meta name=\"twitter:data1\" content=\"Hern\u00e1n L\u00f3pez\" \/>\n\t<meta name=\"twitter:label2\" content=\"Tiempo de lectura\" \/>\n\t<meta name=\"twitter:data2\" content=\"2 minutos\" \/>\n<script type=\"application\/ld+json\" class=\"yoast-schema-graph\">{\"@context\":\"https:\\\/\\\/schema.org\",\"@graph\":[{\"@type\":\"Article\",\"@id\":\"https:\\\/\\\/diarioprincipios.com\\\/index.php\\\/2020\\\/09\\\/17\\\/la-oms-lanza-un-plan-para-proteger-al-personal-de-salud-del-coronavirus\\\/#article\",\"isPartOf\":{\"@id\":\"https:\\\/\\\/diarioprincipios.com\\\/index.php\\\/2020\\\/09\\\/17\\\/la-oms-lanza-un-plan-para-proteger-al-personal-de-salud-del-coronavirus\\\/\"},\"author\":{\"name\":\"Hern\u00e1n L\u00f3pez\",\"@id\":\"https:\\\/\\\/diarioprincipios.com\\\/#\\\/schema\\\/person\\\/436d5a1fd41a5e250e23ff5a6a7cb080\"},\"headline\":\"La OMS lanza un plan para proteger al personal de salud del coronavirus\",\"datePublished\":\"2020-09-17T12:41:42+00:00\",\"dateModified\":\"2020-09-17T12:48:52+00:00\",\"mainEntityOfPage\":{\"@id\":\"https:\\\/\\\/diarioprincipios.com\\\/index.php\\\/2020\\\/09\\\/17\\\/la-oms-lanza-un-plan-para-proteger-al-personal-de-salud-del-coronavirus\\\/\"},\"wordCount\":477,\"commentCount\":0,\"publisher\":{\"@id\":\"https:\\\/\\\/diarioprincipios.com\\\/#organization\"},\"image\":{\"@id\":\"https:\\\/\\\/diarioprincipios.com\\\/index.php\\\/2020\\\/09\\\/17\\\/la-oms-lanza-un-plan-para-proteger-al-personal-de-salud-del-coronavirus\\\/#primaryimage\"},\"thumbnailUrl\":\"https:\\\/\\\/diarioprincipios.com\\\/wp-content\\\/uploads\\\/2020\\\/09\\\/20200917_094734.jpg\",\"articleSection\":[\"Uncategorized\"],\"inLanguage\":\"es\",\"potentialAction\":[{\"@type\":\"CommentAction\",\"name\":\"Comment\",\"target\":[\"https:\\\/\\\/diarioprincipios.com\\\/index.php\\\/2020\\\/09\\\/17\\\/la-oms-lanza-un-plan-para-proteger-al-personal-de-salud-del-coronavirus\\\/#respond\"]}]},{\"@type\":\"WebPage\",\"@id\":\"https:\\\/\\\/diarioprincipios.com\\\/index.php\\\/2020\\\/09\\\/17\\\/la-oms-lanza-un-plan-para-proteger-al-personal-de-salud-del-coronavirus\\\/\",\"url\":\"https:\\\/\\\/diarioprincipios.com\\\/index.php\\\/2020\\\/09\\\/17\\\/la-oms-lanza-un-plan-para-proteger-al-personal-de-salud-del-coronavirus\\\/\",\"name\":\"La OMS lanza un plan para proteger al personal de salud del coronavirus - Principios\",\"isPartOf\":{\"@id\":\"https:\\\/\\\/diarioprincipios.com\\\/#website\"},\"primaryImageOfPage\":{\"@id\":\"https:\\\/\\\/diarioprincipios.com\\\/index.php\\\/2020\\\/09\\\/17\\\/la-oms-lanza-un-plan-para-proteger-al-personal-de-salud-del-coronavirus\\\/#primaryimage\"},\"image\":{\"@id\":\"https:\\\/\\\/diarioprincipios.com\\\/index.php\\\/2020\\\/09\\\/17\\\/la-oms-lanza-un-plan-para-proteger-al-personal-de-salud-del-coronavirus\\\/#primaryimage\"},\"thumbnailUrl\":\"https:\\\/\\\/diarioprincipios.com\\\/wp-content\\\/uploads\\\/2020\\\/09\\\/20200917_094734.jpg\",\"datePublished\":\"2020-09-17T12:41:42+00:00\",\"dateModified\":\"2020-09-17T12:48:52+00:00\",\"breadcrumb\":{\"@id\":\"https:\\\/\\\/diarioprincipios.com\\\/index.php\\\/2020\\\/09\\\/17\\\/la-oms-lanza-un-plan-para-proteger-al-personal-de-salud-del-coronavirus\\\/#breadcrumb\"},\"inLanguage\":\"es\",\"potentialAction\":[{\"@type\":\"ReadAction\",\"target\":[\"https:\\\/\\\/diarioprincipios.com\\\/index.php\\\/2020\\\/09\\\/17\\\/la-oms-lanza-un-plan-para-proteger-al-personal-de-salud-del-coronavirus\\\/\"]}]},{\"@type\":\"ImageObject\",\"inLanguage\":\"es\",\"@id\":\"https:\\\/\\\/diarioprincipios.com\\\/index.php\\\/2020\\\/09\\\/17\\\/la-oms-lanza-un-plan-para-proteger-al-personal-de-salud-del-coronavirus\\\/#primaryimage\",\"url\":\"https:\\\/\\\/diarioprincipios.com\\\/wp-content\\\/uploads\\\/2020\\\/09\\\/20200917_094734.jpg\",\"contentUrl\":\"https:\\\/\\\/diarioprincipios.com\\\/wp-content\\\/uploads\\\/2020\\\/09\\\/20200917_094734.jpg\",\"width\":720,\"height\":417},{\"@type\":\"BreadcrumbList\",\"@id\":\"https:\\\/\\\/diarioprincipios.com\\\/index.php\\\/2020\\\/09\\\/17\\\/la-oms-lanza-un-plan-para-proteger-al-personal-de-salud-del-coronavirus\\\/#breadcrumb\",\"itemListElement\":[{\"@type\":\"ListItem\",\"position\":1,\"name\":\"Portada\",\"item\":\"https:\\\/\\\/diarioprincipios.com\\\/\"},{\"@type\":\"ListItem\",\"position\":2,\"name\":\"La OMS lanza un plan para proteger al personal de salud del coronavirus\"}]},{\"@type\":\"WebSite\",\"@id\":\"https:\\\/\\\/diarioprincipios.com\\\/#website\",\"url\":\"https:\\\/\\\/diarioprincipios.com\\\/\",\"name\":\"Principios\",\"description\":\"Principios Diario\",\"publisher\":{\"@id\":\"https:\\\/\\\/diarioprincipios.com\\\/#organization\"},\"potentialAction\":[{\"@type\":\"SearchAction\",\"target\":{\"@type\":\"EntryPoint\",\"urlTemplate\":\"https:\\\/\\\/diarioprincipios.com\\\/?s={search_term_string}\"},\"query-input\":{\"@type\":\"PropertyValueSpecification\",\"valueRequired\":true,\"valueName\":\"search_term_string\"}}],\"inLanguage\":\"es\"},{\"@type\":\"Organization\",\"@id\":\"https:\\\/\\\/diarioprincipios.com\\\/#organization\",\"name\":\"Principios\",\"url\":\"https:\\\/\\\/diarioprincipios.com\\\/\",\"logo\":{\"@type\":\"ImageObject\",\"inLanguage\":\"es\",\"@id\":\"https:\\\/\\\/diarioprincipios.com\\\/#\\\/schema\\\/logo\\\/image\\\/\",\"url\":\"https:\\\/\\\/diarioprincipios.com\\\/wp-content\\\/uploads\\\/2024\\\/04\\\/cropped-www.diarioprincipios.com_-1.png\",\"contentUrl\":\"https:\\\/\\\/diarioprincipios.com\\\/wp-content\\\/uploads\\\/2024\\\/04\\\/cropped-www.diarioprincipios.com_-1.png\",\"width\":5325,\"height\":1454,\"caption\":\"Principios\"},\"image\":{\"@id\":\"https:\\\/\\\/diarioprincipios.com\\\/#\\\/schema\\\/logo\\\/image\\\/\"}},{\"@type\":\"Person\",\"@id\":\"https:\\\/\\\/diarioprincipios.com\\\/#\\\/schema\\\/person\\\/436d5a1fd41a5e250e23ff5a6a7cb080\",\"name\":\"Hern\u00e1n L\u00f3pez\",\"image\":{\"@type\":\"ImageObject\",\"inLanguage\":\"es\",\"@id\":\"https:\\\/\\\/diarioprincipios.com\\\/wp-content\\\/litespeed\\\/avatar\\\/11ddfe5610ff3bd100522525b2571f48.jpg?ver=1777048341\",\"url\":\"https:\\\/\\\/diarioprincipios.com\\\/wp-content\\\/litespeed\\\/avatar\\\/11ddfe5610ff3bd100522525b2571f48.jpg?ver=1777048341\",\"contentUrl\":\"https:\\\/\\\/diarioprincipios.com\\\/wp-content\\\/litespeed\\\/avatar\\\/11ddfe5610ff3bd100522525b2571f48.jpg?ver=1777048341\",\"caption\":\"Hern\u00e1n L\u00f3pez\"},\"url\":\"https:\\\/\\\/diarioprincipios.com\\\/index.php\\\/author\\\/hernan\\\/\"}]}<\/script>\n<!-- \/ Yoast SEO plugin. -->","yoast_head_json":{"title":"La OMS lanza un plan para proteger al personal de salud del coronavirus - Principios","robots":{"index":"index","follow":"follow","max-snippet":"max-snippet:-1","max-image-preview":"max-image-preview:large","max-video-preview":"max-video-preview:-1"},"canonical":"https:\/\/diarioprincipios.com\/index.php\/2020\/09\/17\/la-oms-lanza-un-plan-para-proteger-al-personal-de-salud-del-coronavirus\/","og_locale":"es_ES","og_type":"article","og_title":"La OMS lanza un plan para proteger al personal de salud del coronavirus - Principios","og_description":"Cuatro millones de trabajadores de la salud se infectaron con coronavirus en todo el mundo, alert\u00f3 hoy la Organizaci\u00f3n Mundial de la Salud (OMS), que lanz\u00f3 un plan para proteger a ese sector que representa el 3% de la poblaci\u00f3n mundial. \u00abLa Covid-19 expuso al personal sanitario y a sus familias a un nivel de...","og_url":"https:\/\/diarioprincipios.com\/index.php\/2020\/09\/17\/la-oms-lanza-un-plan-para-proteger-al-personal-de-salud-del-coronavirus\/","og_site_name":"Principios","article_published_time":"2020-09-17T12:41:42+00:00","article_modified_time":"2020-09-17T12:48:52+00:00","og_image":[{"width":720,"height":417,"url":"https:\/\/diarioprincipios.com\/wp-content\/uploads\/2020\/09\/20200917_094734.jpg","type":"image\/jpeg"}],"author":"Hern\u00e1n L\u00f3pez","twitter_card":"summary_large_image","twitter_misc":{"Escrito por":"Hern\u00e1n L\u00f3pez","Tiempo de lectura":"2 minutos"},"schema":{"@context":"https:\/\/schema.org","@graph":[{"@type":"Article","@id":"https:\/\/diarioprincipios.com\/index.php\/2020\/09\/17\/la-oms-lanza-un-plan-para-proteger-al-personal-de-salud-del-coronavirus\/#article","isPartOf":{"@id":"https:\/\/diarioprincipios.com\/index.php\/2020\/09\/17\/la-oms-lanza-un-plan-para-proteger-al-personal-de-salud-del-coronavirus\/"},"author":{"name":"Hern\u00e1n L\u00f3pez","@id":"https:\/\/diarioprincipios.com\/#\/schema\/person\/436d5a1fd41a5e250e23ff5a6a7cb080"},"headline":"La OMS lanza un plan para proteger al personal de salud del coronavirus","datePublished":"2020-09-17T12:41:42+00:00","dateModified":"2020-09-17T12:48:52+00:00","mainEntityOfPage":{"@id":"https:\/\/diarioprincipios.com\/index.php\/2020\/09\/17\/la-oms-lanza-un-plan-para-proteger-al-personal-de-salud-del-coronavirus\/"},"wordCount":477,"commentCount":0,"publisher":{"@id":"https:\/\/diarioprincipios.com\/#organization"},"image":{"@id":"https:\/\/diarioprincipios.com\/index.php\/2020\/09\/17\/la-oms-lanza-un-plan-para-proteger-al-personal-de-salud-del-coronavirus\/#primaryimage"},"thumbnailUrl":"https:\/\/diarioprincipios.com\/wp-content\/uploads\/2020\/09\/20200917_094734.jpg","articleSection":["Uncategorized"],"inLanguage":"es","potentialAction":[{"@type":"CommentAction","name":"Comment","target":["https:\/\/diarioprincipios.com\/index.php\/2020\/09\/17\/la-oms-lanza-un-plan-para-proteger-al-personal-de-salud-del-coronavirus\/#respond"]}]},{"@type":"WebPage","@id":"https:\/\/diarioprincipios.com\/index.php\/2020\/09\/17\/la-oms-lanza-un-plan-para-proteger-al-personal-de-salud-del-coronavirus\/","url":"https:\/\/diarioprincipios.com\/index.php\/2020\/09\/17\/la-oms-lanza-un-plan-para-proteger-al-personal-de-salud-del-coronavirus\/","name":"La OMS lanza un plan para proteger al personal de salud del coronavirus - Principios","isPartOf":{"@id":"https:\/\/diarioprincipios.com\/#website"},"primaryImageOfPage":{"@id":"https:\/\/diarioprincipios.com\/index.php\/2020\/09\/17\/la-oms-lanza-un-plan-para-proteger-al-personal-de-salud-del-coronavirus\/#primaryimage"},"image":{"@id":"https:\/\/diarioprincipios.com\/index.php\/2020\/09\/17\/la-oms-lanza-un-plan-para-proteger-al-personal-de-salud-del-coronavirus\/#primaryimage"},"thumbnailUrl":"https:\/\/diarioprincipios.com\/wp-content\/uploads\/2020\/09\/20200917_094734.jpg","datePublished":"2020-09-17T12:41:42+00:00","dateModified":"2020-09-17T12:48:52+00:00","breadcrumb":{"@id":"https:\/\/diarioprincipios.com\/index.php\/2020\/09\/17\/la-oms-lanza-un-plan-para-proteger-al-personal-de-salud-del-coronavirus\/#breadcrumb"},"inLanguage":"es","potentialAction":[{"@type":"ReadAction","target":["https:\/\/diarioprincipios.com\/index.php\/2020\/09\/17\/la-oms-lanza-un-plan-para-proteger-al-personal-de-salud-del-coronavirus\/"]}]},{"@type":"ImageObject","inLanguage":"es","@id":"https:\/\/diarioprincipios.com\/index.php\/2020\/09\/17\/la-oms-lanza-un-plan-para-proteger-al-personal-de-salud-del-coronavirus\/#primaryimage","url":"https:\/\/diarioprincipios.com\/wp-content\/uploads\/2020\/09\/20200917_094734.jpg","contentUrl":"https:\/\/diarioprincipios.com\/wp-content\/uploads\/2020\/09\/20200917_094734.jpg","width":720,"height":417},{"@type":"BreadcrumbList","@id":"https:\/\/diarioprincipios.com\/index.php\/2020\/09\/17\/la-oms-lanza-un-plan-para-proteger-al-personal-de-salud-del-coronavirus\/#breadcrumb","itemListElement":[{"@type":"ListItem","position":1,"name":"Portada","item":"https:\/\/diarioprincipios.com\/"},{"@type":"ListItem","position":2,"name":"La OMS lanza un plan para proteger al personal de salud del coronavirus"}]},{"@type":"WebSite","@id":"https:\/\/diarioprincipios.com\/#website","url":"https:\/\/diarioprincipios.com\/","name":"Principios","description":"Principios Diario","publisher":{"@id":"https:\/\/diarioprincipios.com\/#organization"},"potentialAction":[{"@type":"SearchAction","target":{"@type":"EntryPoint","urlTemplate":"https:\/\/diarioprincipios.com\/?s={search_term_string}"},"query-input":{"@type":"PropertyValueSpecification","valueRequired":true,"valueName":"search_term_string"}}],"inLanguage":"es"},{"@type":"Organization","@id":"https:\/\/diarioprincipios.com\/#organization","name":"Principios","url":"https:\/\/diarioprincipios.com\/","logo":{"@type":"ImageObject","inLanguage":"es","@id":"https:\/\/diarioprincipios.com\/#\/schema\/logo\/image\/","url":"https:\/\/diarioprincipios.com\/wp-content\/uploads\/2024\/04\/cropped-www.diarioprincipios.com_-1.png","contentUrl":"https:\/\/diarioprincipios.com\/wp-content\/uploads\/2024\/04\/cropped-www.diarioprincipios.com_-1.png","width":5325,"height":1454,"caption":"Principios"},"image":{"@id":"https:\/\/diarioprincipios.com\/#\/schema\/logo\/image\/"}},{"@type":"Person","@id":"https:\/\/diarioprincipios.com\/#\/schema\/person\/436d5a1fd41a5e250e23ff5a6a7cb080","name":"Hern\u00e1n L\u00f3pez","image":{"@type":"ImageObject","inLanguage":"es","@id":"https:\/\/diarioprincipios.com\/wp-content\/litespeed\/avatar\/11ddfe5610ff3bd100522525b2571f48.jpg?ver=1777048341","url":"https:\/\/diarioprincipios.com\/wp-content\/litespeed\/avatar\/11ddfe5610ff3bd100522525b2571f48.jpg?ver=1777048341","contentUrl":"https:\/\/diarioprincipios.com\/wp-content\/litespeed\/avatar\/11ddfe5610ff3bd100522525b2571f48.jpg?ver=1777048341","caption":"Hern\u00e1n L\u00f3pez"},"url":"https:\/\/diarioprincipios.com\/index.php\/author\/hernan\/"}]}},"jetpack_featured_media_url":"https:\/\/diarioprincipios.com\/wp-content\/uploads\/2020\/09\/20200917_094734.jpg","_links":{"self":[{"href":"https:\/\/diarioprincipios.com\/index.php\/wp-json\/wp\/v2\/posts\/5625","targetHints":{"allow":["GET"]}}],"collection":[{"href":"https:\/\/diarioprincipios.com\/index.php\/wp-json\/wp\/v2\/posts"}],"about":[{"href":"https:\/\/diarioprincipios.com\/index.php\/wp-json\/wp\/v2\/types\/post"}],"author":[{"embeddable":true,"href":"https:\/\/diarioprincipios.com\/index.php\/wp-json\/wp\/v2\/users\/2"}],"replies":[{"embeddable":true,"href":"https:\/\/diarioprincipios.com\/index.php\/wp-json\/wp\/v2\/comments?post=5625"}],"version-history":[{"count":1,"href":"https:\/\/diarioprincipios.com\/index.php\/wp-json\/wp\/v2\/posts\/5625\/revisions"}],"predecessor-version":[{"id":5627,"href":"https:\/\/diarioprincipios.com\/index.php\/wp-json\/wp\/v2\/posts\/5625\/revisions\/5627"}],"wp:featuredmedia":[{"embeddable":true,"href":"https:\/\/diarioprincipios.com\/index.php\/wp-json\/wp\/v2\/media\/5630"}],"wp:attachment":[{"href":"https:\/\/diarioprincipios.com\/index.php\/wp-json\/wp\/v2\/media?parent=5625"}],"wp:term":[{"taxonomy":"category","embeddable":true,"href":"https:\/\/diarioprincipios.com\/index.php\/wp-json\/wp\/v2\/categories?post=5625"},{"taxonomy":"post_tag","embeddable":true,"href":"https:\/\/diarioprincipios.com\/index.php\/wp-json\/wp\/v2\/tags?post=5625"}],"curies":[{"name":"wp","href":"https:\/\/api.w.org\/{rel}","templated":true}]}}