{"id":5617,"date":"2020-09-16T22:09:23","date_gmt":"2020-09-17T01:09:23","guid":{"rendered":"http:\/\/diarioprincipios.com\/?p=5617"},"modified":"2020-09-16T22:09:27","modified_gmt":"2020-09-17T01:09:27","slug":"el-ministro-de-salud-de-la-nacion-gines-gonzalez-garcia-destaco-el-trabajo-voluntario-de-estudiantes-y-docentes-de-la-unaj","status":"publish","type":"post","link":"https:\/\/diarioprincipios.com\/index.php\/2020\/09\/16\/el-ministro-de-salud-de-la-nacion-gines-gonzalez-garcia-destaco-el-trabajo-voluntario-de-estudiantes-y-docentes-de-la-unaj\/","title":{"rendered":"El ministro de Salud de la Naci\u00f3n, Gin\u00e9s Gonz\u00e1lez Garc\u00eda, destac\u00f3 el trabajo voluntario de estudiantes y docentes de la UNAJ"},"content":{"rendered":"\n<p>\u00abCon el paso del tiempo, uno teme que se resquebraje la solidaridad que hubo al principio de la pandemia. Sin embargo, ac\u00e1 la solidaridad sigue vigente, sobra pasi\u00f3n y sobran las ganas\u00bb, destac\u00f3 el ministro de Salud de la Naci\u00f3n, Gin\u00e9s Gonz\u00e1lez Garc\u00eda, en una charla dirigida a estudiantes y docentes del Instituto de Ciencias de la Salud de la universidad Nacional Arturo Jauretche.<br>Durante la sexta y \u00faltima edici\u00f3n del ciclo de charlas \u201cEnfermer\u00eda y Emergencias desde Adentro\u201d, organizado por los propios protagonistas del trabajo que se est\u00e1 llevando en los distintos \u00e1mbitos de salud y universidad para prevenir y asistir por el coronavirus, Gonz\u00e1lez Garc\u00eda destac\u00f3: \u00abQuer\u00eda estar presente en este encuentro porque valoro much\u00edsimo la acci\u00f3n y son un ejemplo\u00bb.<br>Este reconocimiento hizo referencia a las tareas realizadas a lo largo y a lo ancho del pa\u00eds por m\u00e1s de 700 estudiantes voluntarios del Instituto de Ciencias de Salud de la UNAJ que ponen el cuerpo a diario para luchar contra la pandemia.<\/p>\n\n\n\n<figure class=\"wp-block-image size-large\"><img loading=\"lazy\" decoding=\"async\" width=\"680\" height=\"383\" src=\"https:\/\/diarioprincipios.com\/wp-content\/uploads\/2020\/09\/2da-convocatoria-Voluntariado.jpg\" alt=\"\" class=\"wp-image-5618\" srcset=\"https:\/\/diarioprincipios.com\/wp-content\/uploads\/2020\/09\/2da-convocatoria-Voluntariado.jpg 680w, https:\/\/diarioprincipios.com\/wp-content\/uploads\/2020\/09\/2da-convocatoria-Voluntariado-300x169.jpg 300w\" sizes=\"auto, (max-width: 680px) 100vw, 680px\" \/><\/figure>\n\n\n\n<p><br>\u00abHay que amplificar esto: Argentina est\u00e1 viviendo un momento dif\u00edcil y es importante trabajar firme y solidariamente por un pa\u00eds mejor. Les agradezco much\u00edsimo a cada uno\/a\u00bb, sostuvo el ministro de salud de Naci\u00f3n en el encuentro que se realiz\u00f3 el martes 15 de septiembre v\u00eda Zoom.<br>En la videoconferencia tambi\u00e9n estuvieron presentes el secretario de Calidad en Salud del Ministerio de Salud de la Naci\u00f3n Arnaldo Medina, la secretaria de Provincias del Ministerio del Interior Silvina Batakis y el rector de la UNAJ Ernesto Villanueva. \u00abAdem\u00e1s de la solidaridad de cada voluntario\/a, hay una actitud proactiva. Se tiran de cabeza a resolver cada problema que aparece. Y eso es muy importante, aprender haciendo\u00bb, se\u00f1al\u00f3 Arnaldo Medina.<br>Silvina Batakis aclar\u00f3 que si bien la pandemia \u201cnos deja muchas cosas tristes\u201d, fue una oportunidad para aprender a construir \u201cesa Argentina que queremos para cuando esto termine\u00bb.<br>Por su parte Villanueva record\u00f3 que \u00abhace 10 a\u00f1os, la UNAJ era s\u00f3lo un papel. Hoy, una d\u00e9cada despu\u00e9s, vemos c\u00f3mo nuestra gente est\u00e1 colaborando de manera excepcional en todo el pa\u00eds\u00bb.<\/p>\n\n\n\n<p><strong>Construir con solidaridad<br><\/strong>Cuando en marzo se lanz\u00f3 la convocatoria para sumarse al voluntariado, en s\u00f3lo cuesti\u00f3n de horas, estudiantes de todas las carreras de Salud completaron sus formularios para colaborar. Y as\u00ed estuvieron, y a\u00fan est\u00e1n, donde m\u00e1s se los necesita: Jujuy, Salta, Chaco, Santa Fe, R\u00edo Negro, Santa Cruz, Tierra del Fuego, La Rioja, Buenos Aires, CABA.<br>Durante estos seis meses de pandemia, estudiantes y graduados de la UNAJ realizaron todo tipo de actividades: testeos, hisopados, atenci\u00f3n telef\u00f3nica, triage en Centros de Atenci\u00f3n Primaria de la Salud y hospitales, controles de ingreso en aeropuertos.<br>El rector de la UNAJ reconoci\u00f3 que el voluntariado asumi\u00f3 un compromiso cotidiano \u201cque les quita horas de sus sue\u00f1os y hasta ponen en peligro su propia salud para colaborar. Lo \u00fanico que les puedo decir es que los felicito a cada uno\/a y que siempre podr\u00e1n contar con la universidad\u00bb.<\/p>\n\n\n\n<figure class=\"wp-block-image size-large\"><img loading=\"lazy\" decoding=\"async\" width=\"680\" height=\"383\" src=\"https:\/\/diarioprincipios.com\/wp-content\/uploads\/2020\/09\/07-1.jpg\" alt=\"\" class=\"wp-image-5619\" srcset=\"https:\/\/diarioprincipios.com\/wp-content\/uploads\/2020\/09\/07-1.jpg 680w, https:\/\/diarioprincipios.com\/wp-content\/uploads\/2020\/09\/07-1-300x169.jpg 300w\" sizes=\"auto, (max-width: 680px) 100vw, 680px\" \/><\/figure>\n\n\n\n<p><br><strong>Sensaciones desde adentro<br><\/strong>Patricia Roussel es directora de Enfermer\u00eda del Hospital El Cruce. Desde que el COVID desembarc\u00f3 en el pa\u00eds, su vida dio un vuelco y en todo este tiempo debi\u00f3 ir superando obst\u00e1culos como nunca antes en su carrera.<br>\u201cTomar decisiones no es f\u00e1cil. Los protocolos se van haciendo, todo es muy din\u00e1mico. Era una enfermedad que no se conoc\u00eda, que todav\u00eda hay cuestiones que no se conocen. Es un juego de ajedrez. Tuvimos compa\u00f1eros que dieron positivos, que estuvieron aislados, que se convirtieron en nuestros pacientes. Es muy duro. En los casos m\u00e1s graves, somos la \u00faltima cara que ve un paciente antes de morir (\u2026) Esta pandemia no s\u00f3lo nos tiene que ense\u00f1ar a ser mejores profesionales sino tambi\u00e9n mejores seres humanos\u201d, manifest\u00f3 Roussel.<br>Gabriel Sosa, coordinador de la Direcci\u00f3n Nacional de Emergencias Sanitarias y docente de la UNAJ, agreg\u00f3: \u201cNuestros\/as estudiantes son hoy el coraz\u00f3n del Plan Detectar y su trabajo lo hacen con el valor agregado de la empat\u00eda, del coraz\u00f3n. Son un verdadero orgullo\u201d.<br>Marcela Cabral egres\u00f3 de la carrera de Enfermer\u00eda el a\u00f1o pasado. \u201cHasta abril, siempre trabaj\u00e9 como cuidadora de manera particular. Con la pandemia, empec\u00e9 en hospitales modulares. Con mis compa\u00f1eros ponemos mucho amor y empat\u00eda, vivimos momentos muy duros y nos sostenemos. Personalmente agradezco a la UNAJ haber podido participar y entender que nunca es tarde para ir por los sue\u00f1os porque se cumplen\u00bb.<br>Desde la habitaci\u00f3n de un hotel en la provincia de Salta, Micaela Flores comparti\u00f3: \u201cSoy una de las estudiantes de Emergencias Sanitarias y Desastres. Viaj\u00e9 para colaborar con el equipo que est\u00e1 atendiendo casos en la provincia. Es una gran experiencia pese a que es un momento muy dif\u00edcil\u201d.<\/p>\n","protected":false},"excerpt":{"rendered":"<p>\u00abCon el paso del tiempo, uno teme que se resquebraje la solidaridad que hubo al principio de la pandemia. Sin embargo, ac\u00e1 la solidaridad sigue vigente, sobra pasi\u00f3n y sobran las ganas\u00bb, destac\u00f3 el ministro de Salud de la Naci\u00f3n, Gin\u00e9s Gonz\u00e1lez Garc\u00eda, en una charla dirigida a estudiantes y docentes del Instituto de Ciencias&#8230;<\/p>\n","protected":false},"author":2,"featured_media":5620,"comment_status":"open","ping_status":"open","sticky":false,"template":"","format":"standard","meta":{"footnotes":""},"categories":[10],"tags":[],"class_list":["post-5617","post","type-post","status-publish","format-standard","has-post-thumbnail","hentry","category-nacion"],"featured_image_src":"https:\/\/diarioprincipios.com\/wp-content\/uploads\/2020\/09\/Gines-Gonzalez-Garcia.jpg","blog_images":{"medium":"https:\/\/diarioprincipios.com\/wp-content\/uploads\/2020\/09\/Gines-Gonzalez-Garcia-300x169.jpg","large":"https:\/\/diarioprincipios.com\/wp-content\/uploads\/2020\/09\/Gines-Gonzalez-Garcia.jpg"},"ams_acf":[],"yoast_head":"<!-- This site is optimized with the Yoast SEO plugin v27.3 - https:\/\/yoast.com\/product\/yoast-seo-wordpress\/ -->\n<title>El ministro de Salud de la Naci\u00f3n, Gin\u00e9s Gonz\u00e1lez Garc\u00eda, destac\u00f3 el trabajo voluntario de estudiantes y docentes de la UNAJ - Principios<\/title>\n<meta name=\"robots\" content=\"index, follow, max-snippet:-1, max-image-preview:large, max-video-preview:-1\" \/>\n<link rel=\"canonical\" href=\"https:\/\/diarioprincipios.com\/index.php\/2020\/09\/16\/el-ministro-de-salud-de-la-nacion-gines-gonzalez-garcia-destaco-el-trabajo-voluntario-de-estudiantes-y-docentes-de-la-unaj\/\" \/>\n<meta property=\"og:locale\" content=\"es_ES\" \/>\n<meta property=\"og:type\" content=\"article\" \/>\n<meta property=\"og:title\" content=\"El ministro de Salud de la Naci\u00f3n, Gin\u00e9s Gonz\u00e1lez Garc\u00eda, destac\u00f3 el trabajo voluntario de estudiantes y docentes de la UNAJ - Principios\" \/>\n<meta property=\"og:description\" content=\"\u00abCon el paso del tiempo, uno teme que se resquebraje la solidaridad que hubo al principio de la pandemia. Sin embargo, ac\u00e1 la solidaridad sigue vigente, sobra pasi\u00f3n y sobran las ganas\u00bb, destac\u00f3 el ministro de Salud de la Naci\u00f3n, Gin\u00e9s Gonz\u00e1lez Garc\u00eda, en una charla dirigida a estudiantes y docentes del Instituto de Ciencias...\" \/>\n<meta property=\"og:url\" content=\"https:\/\/diarioprincipios.com\/index.php\/2020\/09\/16\/el-ministro-de-salud-de-la-nacion-gines-gonzalez-garcia-destaco-el-trabajo-voluntario-de-estudiantes-y-docentes-de-la-unaj\/\" \/>\n<meta property=\"og:site_name\" content=\"Principios\" \/>\n<meta property=\"article:published_time\" content=\"2020-09-17T01:09:23+00:00\" \/>\n<meta property=\"article:modified_time\" content=\"2020-09-17T01:09:27+00:00\" \/>\n<meta property=\"og:image\" content=\"https:\/\/diarioprincipios.com\/wp-content\/uploads\/2020\/09\/Gines-Gonzalez-Garcia.jpg\" \/>\n\t<meta property=\"og:image:width\" content=\"680\" \/>\n\t<meta property=\"og:image:height\" content=\"382\" \/>\n\t<meta property=\"og:image:type\" content=\"image\/jpeg\" \/>\n<meta name=\"author\" content=\"Hern\u00e1n L\u00f3pez\" \/>\n<meta name=\"twitter:card\" content=\"summary_large_image\" \/>\n<meta name=\"twitter:label1\" content=\"Escrito por\" \/>\n\t<meta name=\"twitter:data1\" content=\"Hern\u00e1n L\u00f3pez\" \/>\n\t<meta name=\"twitter:label2\" content=\"Tiempo de lectura\" \/>\n\t<meta name=\"twitter:data2\" content=\"4 minutos\" \/>\n<script type=\"application\/ld+json\" class=\"yoast-schema-graph\">{\"@context\":\"https:\\\/\\\/schema.org\",\"@graph\":[{\"@type\":\"Article\",\"@id\":\"https:\\\/\\\/diarioprincipios.com\\\/index.php\\\/2020\\\/09\\\/16\\\/el-ministro-de-salud-de-la-nacion-gines-gonzalez-garcia-destaco-el-trabajo-voluntario-de-estudiantes-y-docentes-de-la-unaj\\\/#article\",\"isPartOf\":{\"@id\":\"https:\\\/\\\/diarioprincipios.com\\\/index.php\\\/2020\\\/09\\\/16\\\/el-ministro-de-salud-de-la-nacion-gines-gonzalez-garcia-destaco-el-trabajo-voluntario-de-estudiantes-y-docentes-de-la-unaj\\\/\"},\"author\":{\"name\":\"Hern\u00e1n L\u00f3pez\",\"@id\":\"https:\\\/\\\/diarioprincipios.com\\\/#\\\/schema\\\/person\\\/436d5a1fd41a5e250e23ff5a6a7cb080\"},\"headline\":\"El ministro de Salud de la Naci\u00f3n, Gin\u00e9s Gonz\u00e1lez Garc\u00eda, destac\u00f3 el trabajo voluntario de estudiantes y docentes de la UNAJ\",\"datePublished\":\"2020-09-17T01:09:23+00:00\",\"dateModified\":\"2020-09-17T01:09:27+00:00\",\"mainEntityOfPage\":{\"@id\":\"https:\\\/\\\/diarioprincipios.com\\\/index.php\\\/2020\\\/09\\\/16\\\/el-ministro-de-salud-de-la-nacion-gines-gonzalez-garcia-destaco-el-trabajo-voluntario-de-estudiantes-y-docentes-de-la-unaj\\\/\"},\"wordCount\":862,\"commentCount\":0,\"publisher\":{\"@id\":\"https:\\\/\\\/diarioprincipios.com\\\/#organization\"},\"image\":{\"@id\":\"https:\\\/\\\/diarioprincipios.com\\\/index.php\\\/2020\\\/09\\\/16\\\/el-ministro-de-salud-de-la-nacion-gines-gonzalez-garcia-destaco-el-trabajo-voluntario-de-estudiantes-y-docentes-de-la-unaj\\\/#primaryimage\"},\"thumbnailUrl\":\"https:\\\/\\\/diarioprincipios.com\\\/wp-content\\\/uploads\\\/2020\\\/09\\\/Gines-Gonzalez-Garcia.jpg\",\"articleSection\":[\"Naci\u00f3n\"],\"inLanguage\":\"es\",\"potentialAction\":[{\"@type\":\"CommentAction\",\"name\":\"Comment\",\"target\":[\"https:\\\/\\\/diarioprincipios.com\\\/index.php\\\/2020\\\/09\\\/16\\\/el-ministro-de-salud-de-la-nacion-gines-gonzalez-garcia-destaco-el-trabajo-voluntario-de-estudiantes-y-docentes-de-la-unaj\\\/#respond\"]}]},{\"@type\":\"WebPage\",\"@id\":\"https:\\\/\\\/diarioprincipios.com\\\/index.php\\\/2020\\\/09\\\/16\\\/el-ministro-de-salud-de-la-nacion-gines-gonzalez-garcia-destaco-el-trabajo-voluntario-de-estudiantes-y-docentes-de-la-unaj\\\/\",\"url\":\"https:\\\/\\\/diarioprincipios.com\\\/index.php\\\/2020\\\/09\\\/16\\\/el-ministro-de-salud-de-la-nacion-gines-gonzalez-garcia-destaco-el-trabajo-voluntario-de-estudiantes-y-docentes-de-la-unaj\\\/\",\"name\":\"El ministro de Salud de la Naci\u00f3n, Gin\u00e9s Gonz\u00e1lez Garc\u00eda, destac\u00f3 el trabajo voluntario de estudiantes y docentes de la UNAJ - Principios\",\"isPartOf\":{\"@id\":\"https:\\\/\\\/diarioprincipios.com\\\/#website\"},\"primaryImageOfPage\":{\"@id\":\"https:\\\/\\\/diarioprincipios.com\\\/index.php\\\/2020\\\/09\\\/16\\\/el-ministro-de-salud-de-la-nacion-gines-gonzalez-garcia-destaco-el-trabajo-voluntario-de-estudiantes-y-docentes-de-la-unaj\\\/#primaryimage\"},\"image\":{\"@id\":\"https:\\\/\\\/diarioprincipios.com\\\/index.php\\\/2020\\\/09\\\/16\\\/el-ministro-de-salud-de-la-nacion-gines-gonzalez-garcia-destaco-el-trabajo-voluntario-de-estudiantes-y-docentes-de-la-unaj\\\/#primaryimage\"},\"thumbnailUrl\":\"https:\\\/\\\/diarioprincipios.com\\\/wp-content\\\/uploads\\\/2020\\\/09\\\/Gines-Gonzalez-Garcia.jpg\",\"datePublished\":\"2020-09-17T01:09:23+00:00\",\"dateModified\":\"2020-09-17T01:09:27+00:00\",\"breadcrumb\":{\"@id\":\"https:\\\/\\\/diarioprincipios.com\\\/index.php\\\/2020\\\/09\\\/16\\\/el-ministro-de-salud-de-la-nacion-gines-gonzalez-garcia-destaco-el-trabajo-voluntario-de-estudiantes-y-docentes-de-la-unaj\\\/#breadcrumb\"},\"inLanguage\":\"es\",\"potentialAction\":[{\"@type\":\"ReadAction\",\"target\":[\"https:\\\/\\\/diarioprincipios.com\\\/index.php\\\/2020\\\/09\\\/16\\\/el-ministro-de-salud-de-la-nacion-gines-gonzalez-garcia-destaco-el-trabajo-voluntario-de-estudiantes-y-docentes-de-la-unaj\\\/\"]}]},{\"@type\":\"ImageObject\",\"inLanguage\":\"es\",\"@id\":\"https:\\\/\\\/diarioprincipios.com\\\/index.php\\\/2020\\\/09\\\/16\\\/el-ministro-de-salud-de-la-nacion-gines-gonzalez-garcia-destaco-el-trabajo-voluntario-de-estudiantes-y-docentes-de-la-unaj\\\/#primaryimage\",\"url\":\"https:\\\/\\\/diarioprincipios.com\\\/wp-content\\\/uploads\\\/2020\\\/09\\\/Gines-Gonzalez-Garcia.jpg\",\"contentUrl\":\"https:\\\/\\\/diarioprincipios.com\\\/wp-content\\\/uploads\\\/2020\\\/09\\\/Gines-Gonzalez-Garcia.jpg\",\"width\":680,\"height\":382},{\"@type\":\"BreadcrumbList\",\"@id\":\"https:\\\/\\\/diarioprincipios.com\\\/index.php\\\/2020\\\/09\\\/16\\\/el-ministro-de-salud-de-la-nacion-gines-gonzalez-garcia-destaco-el-trabajo-voluntario-de-estudiantes-y-docentes-de-la-unaj\\\/#breadcrumb\",\"itemListElement\":[{\"@type\":\"ListItem\",\"position\":1,\"name\":\"Portada\",\"item\":\"https:\\\/\\\/diarioprincipios.com\\\/\"},{\"@type\":\"ListItem\",\"position\":2,\"name\":\"El ministro de Salud de la Naci\u00f3n, Gin\u00e9s Gonz\u00e1lez Garc\u00eda, destac\u00f3 el trabajo voluntario de estudiantes y docentes de la UNAJ\"}]},{\"@type\":\"WebSite\",\"@id\":\"https:\\\/\\\/diarioprincipios.com\\\/#website\",\"url\":\"https:\\\/\\\/diarioprincipios.com\\\/\",\"name\":\"Principios\",\"description\":\"Principios Diario\",\"publisher\":{\"@id\":\"https:\\\/\\\/diarioprincipios.com\\\/#organization\"},\"potentialAction\":[{\"@type\":\"SearchAction\",\"target\":{\"@type\":\"EntryPoint\",\"urlTemplate\":\"https:\\\/\\\/diarioprincipios.com\\\/?s={search_term_string}\"},\"query-input\":{\"@type\":\"PropertyValueSpecification\",\"valueRequired\":true,\"valueName\":\"search_term_string\"}}],\"inLanguage\":\"es\"},{\"@type\":\"Organization\",\"@id\":\"https:\\\/\\\/diarioprincipios.com\\\/#organization\",\"name\":\"Principios\",\"url\":\"https:\\\/\\\/diarioprincipios.com\\\/\",\"logo\":{\"@type\":\"ImageObject\",\"inLanguage\":\"es\",\"@id\":\"https:\\\/\\\/diarioprincipios.com\\\/#\\\/schema\\\/logo\\\/image\\\/\",\"url\":\"https:\\\/\\\/diarioprincipios.com\\\/wp-content\\\/uploads\\\/2024\\\/04\\\/cropped-www.diarioprincipios.com_-1.png\",\"contentUrl\":\"https:\\\/\\\/diarioprincipios.com\\\/wp-content\\\/uploads\\\/2024\\\/04\\\/cropped-www.diarioprincipios.com_-1.png\",\"width\":5325,\"height\":1454,\"caption\":\"Principios\"},\"image\":{\"@id\":\"https:\\\/\\\/diarioprincipios.com\\\/#\\\/schema\\\/logo\\\/image\\\/\"}},{\"@type\":\"Person\",\"@id\":\"https:\\\/\\\/diarioprincipios.com\\\/#\\\/schema\\\/person\\\/436d5a1fd41a5e250e23ff5a6a7cb080\",\"name\":\"Hern\u00e1n L\u00f3pez\",\"image\":{\"@type\":\"ImageObject\",\"inLanguage\":\"es\",\"@id\":\"https:\\\/\\\/diarioprincipios.com\\\/wp-content\\\/litespeed\\\/avatar\\\/11ddfe5610ff3bd100522525b2571f48.jpg?ver=1777048341\",\"url\":\"https:\\\/\\\/diarioprincipios.com\\\/wp-content\\\/litespeed\\\/avatar\\\/11ddfe5610ff3bd100522525b2571f48.jpg?ver=1777048341\",\"contentUrl\":\"https:\\\/\\\/diarioprincipios.com\\\/wp-content\\\/litespeed\\\/avatar\\\/11ddfe5610ff3bd100522525b2571f48.jpg?ver=1777048341\",\"caption\":\"Hern\u00e1n L\u00f3pez\"},\"url\":\"https:\\\/\\\/diarioprincipios.com\\\/index.php\\\/author\\\/hernan\\\/\"}]}<\/script>\n<!-- \/ Yoast SEO plugin. -->","yoast_head_json":{"title":"El ministro de Salud de la Naci\u00f3n, Gin\u00e9s Gonz\u00e1lez Garc\u00eda, destac\u00f3 el trabajo voluntario de estudiantes y docentes de la UNAJ - Principios","robots":{"index":"index","follow":"follow","max-snippet":"max-snippet:-1","max-image-preview":"max-image-preview:large","max-video-preview":"max-video-preview:-1"},"canonical":"https:\/\/diarioprincipios.com\/index.php\/2020\/09\/16\/el-ministro-de-salud-de-la-nacion-gines-gonzalez-garcia-destaco-el-trabajo-voluntario-de-estudiantes-y-docentes-de-la-unaj\/","og_locale":"es_ES","og_type":"article","og_title":"El ministro de Salud de la Naci\u00f3n, Gin\u00e9s Gonz\u00e1lez Garc\u00eda, destac\u00f3 el trabajo voluntario de estudiantes y docentes de la UNAJ - Principios","og_description":"\u00abCon el paso del tiempo, uno teme que se resquebraje la solidaridad que hubo al principio de la pandemia. Sin embargo, ac\u00e1 la solidaridad sigue vigente, sobra pasi\u00f3n y sobran las ganas\u00bb, destac\u00f3 el ministro de Salud de la Naci\u00f3n, Gin\u00e9s Gonz\u00e1lez Garc\u00eda, en una charla dirigida a estudiantes y docentes del Instituto de Ciencias...","og_url":"https:\/\/diarioprincipios.com\/index.php\/2020\/09\/16\/el-ministro-de-salud-de-la-nacion-gines-gonzalez-garcia-destaco-el-trabajo-voluntario-de-estudiantes-y-docentes-de-la-unaj\/","og_site_name":"Principios","article_published_time":"2020-09-17T01:09:23+00:00","article_modified_time":"2020-09-17T01:09:27+00:00","og_image":[{"width":680,"height":382,"url":"https:\/\/diarioprincipios.com\/wp-content\/uploads\/2020\/09\/Gines-Gonzalez-Garcia.jpg","type":"image\/jpeg"}],"author":"Hern\u00e1n L\u00f3pez","twitter_card":"summary_large_image","twitter_misc":{"Escrito por":"Hern\u00e1n L\u00f3pez","Tiempo de lectura":"4 minutos"},"schema":{"@context":"https:\/\/schema.org","@graph":[{"@type":"Article","@id":"https:\/\/diarioprincipios.com\/index.php\/2020\/09\/16\/el-ministro-de-salud-de-la-nacion-gines-gonzalez-garcia-destaco-el-trabajo-voluntario-de-estudiantes-y-docentes-de-la-unaj\/#article","isPartOf":{"@id":"https:\/\/diarioprincipios.com\/index.php\/2020\/09\/16\/el-ministro-de-salud-de-la-nacion-gines-gonzalez-garcia-destaco-el-trabajo-voluntario-de-estudiantes-y-docentes-de-la-unaj\/"},"author":{"name":"Hern\u00e1n L\u00f3pez","@id":"https:\/\/diarioprincipios.com\/#\/schema\/person\/436d5a1fd41a5e250e23ff5a6a7cb080"},"headline":"El ministro de Salud de la Naci\u00f3n, Gin\u00e9s Gonz\u00e1lez Garc\u00eda, destac\u00f3 el trabajo voluntario de estudiantes y docentes de la UNAJ","datePublished":"2020-09-17T01:09:23+00:00","dateModified":"2020-09-17T01:09:27+00:00","mainEntityOfPage":{"@id":"https:\/\/diarioprincipios.com\/index.php\/2020\/09\/16\/el-ministro-de-salud-de-la-nacion-gines-gonzalez-garcia-destaco-el-trabajo-voluntario-de-estudiantes-y-docentes-de-la-unaj\/"},"wordCount":862,"commentCount":0,"publisher":{"@id":"https:\/\/diarioprincipios.com\/#organization"},"image":{"@id":"https:\/\/diarioprincipios.com\/index.php\/2020\/09\/16\/el-ministro-de-salud-de-la-nacion-gines-gonzalez-garcia-destaco-el-trabajo-voluntario-de-estudiantes-y-docentes-de-la-unaj\/#primaryimage"},"thumbnailUrl":"https:\/\/diarioprincipios.com\/wp-content\/uploads\/2020\/09\/Gines-Gonzalez-Garcia.jpg","articleSection":["Naci\u00f3n"],"inLanguage":"es","potentialAction":[{"@type":"CommentAction","name":"Comment","target":["https:\/\/diarioprincipios.com\/index.php\/2020\/09\/16\/el-ministro-de-salud-de-la-nacion-gines-gonzalez-garcia-destaco-el-trabajo-voluntario-de-estudiantes-y-docentes-de-la-unaj\/#respond"]}]},{"@type":"WebPage","@id":"https:\/\/diarioprincipios.com\/index.php\/2020\/09\/16\/el-ministro-de-salud-de-la-nacion-gines-gonzalez-garcia-destaco-el-trabajo-voluntario-de-estudiantes-y-docentes-de-la-unaj\/","url":"https:\/\/diarioprincipios.com\/index.php\/2020\/09\/16\/el-ministro-de-salud-de-la-nacion-gines-gonzalez-garcia-destaco-el-trabajo-voluntario-de-estudiantes-y-docentes-de-la-unaj\/","name":"El ministro de Salud de la Naci\u00f3n, Gin\u00e9s Gonz\u00e1lez Garc\u00eda, destac\u00f3 el trabajo voluntario de estudiantes y docentes de la UNAJ - Principios","isPartOf":{"@id":"https:\/\/diarioprincipios.com\/#website"},"primaryImageOfPage":{"@id":"https:\/\/diarioprincipios.com\/index.php\/2020\/09\/16\/el-ministro-de-salud-de-la-nacion-gines-gonzalez-garcia-destaco-el-trabajo-voluntario-de-estudiantes-y-docentes-de-la-unaj\/#primaryimage"},"image":{"@id":"https:\/\/diarioprincipios.com\/index.php\/2020\/09\/16\/el-ministro-de-salud-de-la-nacion-gines-gonzalez-garcia-destaco-el-trabajo-voluntario-de-estudiantes-y-docentes-de-la-unaj\/#primaryimage"},"thumbnailUrl":"https:\/\/diarioprincipios.com\/wp-content\/uploads\/2020\/09\/Gines-Gonzalez-Garcia.jpg","datePublished":"2020-09-17T01:09:23+00:00","dateModified":"2020-09-17T01:09:27+00:00","breadcrumb":{"@id":"https:\/\/diarioprincipios.com\/index.php\/2020\/09\/16\/el-ministro-de-salud-de-la-nacion-gines-gonzalez-garcia-destaco-el-trabajo-voluntario-de-estudiantes-y-docentes-de-la-unaj\/#breadcrumb"},"inLanguage":"es","potentialAction":[{"@type":"ReadAction","target":["https:\/\/diarioprincipios.com\/index.php\/2020\/09\/16\/el-ministro-de-salud-de-la-nacion-gines-gonzalez-garcia-destaco-el-trabajo-voluntario-de-estudiantes-y-docentes-de-la-unaj\/"]}]},{"@type":"ImageObject","inLanguage":"es","@id":"https:\/\/diarioprincipios.com\/index.php\/2020\/09\/16\/el-ministro-de-salud-de-la-nacion-gines-gonzalez-garcia-destaco-el-trabajo-voluntario-de-estudiantes-y-docentes-de-la-unaj\/#primaryimage","url":"https:\/\/diarioprincipios.com\/wp-content\/uploads\/2020\/09\/Gines-Gonzalez-Garcia.jpg","contentUrl":"https:\/\/diarioprincipios.com\/wp-content\/uploads\/2020\/09\/Gines-Gonzalez-Garcia.jpg","width":680,"height":382},{"@type":"BreadcrumbList","@id":"https:\/\/diarioprincipios.com\/index.php\/2020\/09\/16\/el-ministro-de-salud-de-la-nacion-gines-gonzalez-garcia-destaco-el-trabajo-voluntario-de-estudiantes-y-docentes-de-la-unaj\/#breadcrumb","itemListElement":[{"@type":"ListItem","position":1,"name":"Portada","item":"https:\/\/diarioprincipios.com\/"},{"@type":"ListItem","position":2,"name":"El ministro de Salud de la Naci\u00f3n, Gin\u00e9s Gonz\u00e1lez Garc\u00eda, destac\u00f3 el trabajo voluntario de estudiantes y docentes de la UNAJ"}]},{"@type":"WebSite","@id":"https:\/\/diarioprincipios.com\/#website","url":"https:\/\/diarioprincipios.com\/","name":"Principios","description":"Principios Diario","publisher":{"@id":"https:\/\/diarioprincipios.com\/#organization"},"potentialAction":[{"@type":"SearchAction","target":{"@type":"EntryPoint","urlTemplate":"https:\/\/diarioprincipios.com\/?s={search_term_string}"},"query-input":{"@type":"PropertyValueSpecification","valueRequired":true,"valueName":"search_term_string"}}],"inLanguage":"es"},{"@type":"Organization","@id":"https:\/\/diarioprincipios.com\/#organization","name":"Principios","url":"https:\/\/diarioprincipios.com\/","logo":{"@type":"ImageObject","inLanguage":"es","@id":"https:\/\/diarioprincipios.com\/#\/schema\/logo\/image\/","url":"https:\/\/diarioprincipios.com\/wp-content\/uploads\/2024\/04\/cropped-www.diarioprincipios.com_-1.png","contentUrl":"https:\/\/diarioprincipios.com\/wp-content\/uploads\/2024\/04\/cropped-www.diarioprincipios.com_-1.png","width":5325,"height":1454,"caption":"Principios"},"image":{"@id":"https:\/\/diarioprincipios.com\/#\/schema\/logo\/image\/"}},{"@type":"Person","@id":"https:\/\/diarioprincipios.com\/#\/schema\/person\/436d5a1fd41a5e250e23ff5a6a7cb080","name":"Hern\u00e1n L\u00f3pez","image":{"@type":"ImageObject","inLanguage":"es","@id":"https:\/\/diarioprincipios.com\/wp-content\/litespeed\/avatar\/11ddfe5610ff3bd100522525b2571f48.jpg?ver=1777048341","url":"https:\/\/diarioprincipios.com\/wp-content\/litespeed\/avatar\/11ddfe5610ff3bd100522525b2571f48.jpg?ver=1777048341","contentUrl":"https:\/\/diarioprincipios.com\/wp-content\/litespeed\/avatar\/11ddfe5610ff3bd100522525b2571f48.jpg?ver=1777048341","caption":"Hern\u00e1n L\u00f3pez"},"url":"https:\/\/diarioprincipios.com\/index.php\/author\/hernan\/"}]}},"jetpack_featured_media_url":"https:\/\/diarioprincipios.com\/wp-content\/uploads\/2020\/09\/Gines-Gonzalez-Garcia.jpg","_links":{"self":[{"href":"https:\/\/diarioprincipios.com\/index.php\/wp-json\/wp\/v2\/posts\/5617","targetHints":{"allow":["GET"]}}],"collection":[{"href":"https:\/\/diarioprincipios.com\/index.php\/wp-json\/wp\/v2\/posts"}],"about":[{"href":"https:\/\/diarioprincipios.com\/index.php\/wp-json\/wp\/v2\/types\/post"}],"author":[{"embeddable":true,"href":"https:\/\/diarioprincipios.com\/index.php\/wp-json\/wp\/v2\/users\/2"}],"replies":[{"embeddable":true,"href":"https:\/\/diarioprincipios.com\/index.php\/wp-json\/wp\/v2\/comments?post=5617"}],"version-history":[{"count":1,"href":"https:\/\/diarioprincipios.com\/index.php\/wp-json\/wp\/v2\/posts\/5617\/revisions"}],"predecessor-version":[{"id":5621,"href":"https:\/\/diarioprincipios.com\/index.php\/wp-json\/wp\/v2\/posts\/5617\/revisions\/5621"}],"wp:featuredmedia":[{"embeddable":true,"href":"https:\/\/diarioprincipios.com\/index.php\/wp-json\/wp\/v2\/media\/5620"}],"wp:attachment":[{"href":"https:\/\/diarioprincipios.com\/index.php\/wp-json\/wp\/v2\/media?parent=5617"}],"wp:term":[{"taxonomy":"category","embeddable":true,"href":"https:\/\/diarioprincipios.com\/index.php\/wp-json\/wp\/v2\/categories?post=5617"},{"taxonomy":"post_tag","embeddable":true,"href":"https:\/\/diarioprincipios.com\/index.php\/wp-json\/wp\/v2\/tags?post=5617"}],"curies":[{"name":"wp","href":"https:\/\/api.w.org\/{rel}","templated":true}]}}