{"id":5592,"date":"2020-09-16T10:50:26","date_gmt":"2020-09-16T13:50:26","guid":{"rendered":"http:\/\/diarioprincipios.com\/?p=5592"},"modified":"2020-09-16T10:50:31","modified_gmt":"2020-09-16T13:50:31","slug":"siguen-las-quejas-por-el-pesimo-trato-que-brinda-la-policia-en-la-puerta-del-banco-provincia","status":"publish","type":"post","link":"https:\/\/diarioprincipios.com\/index.php\/2020\/09\/16\/siguen-las-quejas-por-el-pesimo-trato-que-brinda-la-policia-en-la-puerta-del-banco-provincia\/","title":{"rendered":"Siguen las quejas por el p\u00e9simo trato que brinda la polic\u00eda en la puerta del Banco Provincia"},"content":{"rendered":"\n<p>No importa si se trata de un anciano, una persona con discapacidad o una mam\u00e1 con su beb\u00e9, todos padecen los malos modos y la altaner\u00eda del personal femenino de la polic\u00eda que desde hace tiempo est\u00e1 supuestamente para controlar el ingreso a la Sucursal Berazategui del Banco Provincia.<\/p>\n\n\n\n<p>Hoy nos ha tocado ser testigos directos una vez m\u00e1s del matrato que reciben los angustiados vecinos que necesitan realizar sus tr\u00e1mites en el Banco.<\/p>\n\n\n\n<p>Dado lo reiterado de este hecho, que ya ha sido expuesto por varios medios de comunicaci\u00f3n de la regi\u00f3n ser\u00eda hora de que las autoridades pertinentes hagan las averiguaciones que consideren necesarias y remuevan a estos malos agentes que no tienen la m\u00ednima consideraci\u00f3n por la gente.<\/p>\n","protected":false},"excerpt":{"rendered":"<p>No importa si se trata de un anciano, una persona con discapacidad o una mam\u00e1 con su beb\u00e9, todos padecen los malos modos y la altaner\u00eda del personal femenino de la polic\u00eda que desde hace tiempo est\u00e1 supuestamente para controlar el ingreso a la Sucursal Berazategui del Banco Provincia. Hoy nos ha tocado ser testigos&#8230;<\/p>\n","protected":false},"author":2,"featured_media":5593,"comment_status":"open","ping_status":"open","sticky":false,"template":"","format":"standard","meta":{"footnotes":""},"categories":[3],"tags":[],"class_list":["post-5592","post","type-post","status-publish","format-standard","has-post-thumbnail","hentry","category-berazategui"],"featured_image_src":"https:\/\/diarioprincipios.com\/wp-content\/uploads\/2020\/09\/20200723_113820-800x445-1.jpg","blog_images":{"medium":"https:\/\/diarioprincipios.com\/wp-content\/uploads\/2020\/09\/20200723_113820-800x445-1-300x167.jpg","large":"https:\/\/diarioprincipios.com\/wp-content\/uploads\/2020\/09\/20200723_113820-800x445-1.jpg"},"ams_acf":[],"yoast_head":"<!-- This site is optimized with the Yoast SEO plugin v27.3 - https:\/\/yoast.com\/product\/yoast-seo-wordpress\/ -->\n<title>Siguen las quejas por el p\u00e9simo trato que brinda la polic\u00eda en la puerta del Banco Provincia - Principios<\/title>\n<meta name=\"robots\" content=\"index, follow, max-snippet:-1, max-image-preview:large, max-video-preview:-1\" \/>\n<link rel=\"canonical\" href=\"https:\/\/diarioprincipios.com\/index.php\/2020\/09\/16\/siguen-las-quejas-por-el-pesimo-trato-que-brinda-la-policia-en-la-puerta-del-banco-provincia\/\" \/>\n<meta property=\"og:locale\" content=\"es_ES\" \/>\n<meta property=\"og:type\" content=\"article\" \/>\n<meta property=\"og:title\" content=\"Siguen las quejas por el p\u00e9simo trato que brinda la polic\u00eda en la puerta del Banco Provincia - Principios\" \/>\n<meta property=\"og:description\" content=\"No importa si se trata de un anciano, una persona con discapacidad o una mam\u00e1 con su beb\u00e9, todos padecen los malos modos y la altaner\u00eda del personal femenino de la polic\u00eda que desde hace tiempo est\u00e1 supuestamente para controlar el ingreso a la Sucursal Berazategui del Banco Provincia. Hoy nos ha tocado ser testigos...\" \/>\n<meta property=\"og:url\" content=\"https:\/\/diarioprincipios.com\/index.php\/2020\/09\/16\/siguen-las-quejas-por-el-pesimo-trato-que-brinda-la-policia-en-la-puerta-del-banco-provincia\/\" \/>\n<meta property=\"og:site_name\" content=\"Principios\" \/>\n<meta property=\"article:published_time\" content=\"2020-09-16T13:50:26+00:00\" \/>\n<meta property=\"article:modified_time\" content=\"2020-09-16T13:50:31+00:00\" \/>\n<meta property=\"og:image\" content=\"https:\/\/diarioprincipios.com\/wp-content\/uploads\/2020\/09\/20200723_113820-800x445-1.jpg\" \/>\n\t<meta property=\"og:image:width\" content=\"800\" \/>\n\t<meta property=\"og:image:height\" content=\"445\" \/>\n\t<meta property=\"og:image:type\" content=\"image\/jpeg\" \/>\n<meta name=\"author\" content=\"Hern\u00e1n L\u00f3pez\" \/>\n<meta name=\"twitter:card\" content=\"summary_large_image\" \/>\n<meta name=\"twitter:label1\" content=\"Escrito por\" \/>\n\t<meta name=\"twitter:data1\" content=\"Hern\u00e1n L\u00f3pez\" \/>\n\t<meta name=\"twitter:label2\" content=\"Tiempo de lectura\" \/>\n\t<meta name=\"twitter:data2\" content=\"1 minuto\" \/>\n<script type=\"application\/ld+json\" class=\"yoast-schema-graph\">{\"@context\":\"https:\\\/\\\/schema.org\",\"@graph\":[{\"@type\":\"Article\",\"@id\":\"https:\\\/\\\/diarioprincipios.com\\\/index.php\\\/2020\\\/09\\\/16\\\/siguen-las-quejas-por-el-pesimo-trato-que-brinda-la-policia-en-la-puerta-del-banco-provincia\\\/#article\",\"isPartOf\":{\"@id\":\"https:\\\/\\\/diarioprincipios.com\\\/index.php\\\/2020\\\/09\\\/16\\\/siguen-las-quejas-por-el-pesimo-trato-que-brinda-la-policia-en-la-puerta-del-banco-provincia\\\/\"},\"author\":{\"name\":\"Hern\u00e1n L\u00f3pez\",\"@id\":\"https:\\\/\\\/diarioprincipios.com\\\/#\\\/schema\\\/person\\\/436d5a1fd41a5e250e23ff5a6a7cb080\"},\"headline\":\"Siguen las quejas por el p\u00e9simo trato que brinda la polic\u00eda en la puerta del Banco Provincia\",\"datePublished\":\"2020-09-16T13:50:26+00:00\",\"dateModified\":\"2020-09-16T13:50:31+00:00\",\"mainEntityOfPage\":{\"@id\":\"https:\\\/\\\/diarioprincipios.com\\\/index.php\\\/2020\\\/09\\\/16\\\/siguen-las-quejas-por-el-pesimo-trato-que-brinda-la-policia-en-la-puerta-del-banco-provincia\\\/\"},\"wordCount\":149,\"commentCount\":0,\"publisher\":{\"@id\":\"https:\\\/\\\/diarioprincipios.com\\\/#organization\"},\"image\":{\"@id\":\"https:\\\/\\\/diarioprincipios.com\\\/index.php\\\/2020\\\/09\\\/16\\\/siguen-las-quejas-por-el-pesimo-trato-que-brinda-la-policia-en-la-puerta-del-banco-provincia\\\/#primaryimage\"},\"thumbnailUrl\":\"https:\\\/\\\/diarioprincipios.com\\\/wp-content\\\/uploads\\\/2020\\\/09\\\/20200723_113820-800x445-1.jpg\",\"articleSection\":[\"Berazategui\"],\"inLanguage\":\"es\",\"potentialAction\":[{\"@type\":\"CommentAction\",\"name\":\"Comment\",\"target\":[\"https:\\\/\\\/diarioprincipios.com\\\/index.php\\\/2020\\\/09\\\/16\\\/siguen-las-quejas-por-el-pesimo-trato-que-brinda-la-policia-en-la-puerta-del-banco-provincia\\\/#respond\"]}]},{\"@type\":\"WebPage\",\"@id\":\"https:\\\/\\\/diarioprincipios.com\\\/index.php\\\/2020\\\/09\\\/16\\\/siguen-las-quejas-por-el-pesimo-trato-que-brinda-la-policia-en-la-puerta-del-banco-provincia\\\/\",\"url\":\"https:\\\/\\\/diarioprincipios.com\\\/index.php\\\/2020\\\/09\\\/16\\\/siguen-las-quejas-por-el-pesimo-trato-que-brinda-la-policia-en-la-puerta-del-banco-provincia\\\/\",\"name\":\"Siguen las quejas por el p\u00e9simo trato que brinda la polic\u00eda en la puerta del Banco Provincia - Principios\",\"isPartOf\":{\"@id\":\"https:\\\/\\\/diarioprincipios.com\\\/#website\"},\"primaryImageOfPage\":{\"@id\":\"https:\\\/\\\/diarioprincipios.com\\\/index.php\\\/2020\\\/09\\\/16\\\/siguen-las-quejas-por-el-pesimo-trato-que-brinda-la-policia-en-la-puerta-del-banco-provincia\\\/#primaryimage\"},\"image\":{\"@id\":\"https:\\\/\\\/diarioprincipios.com\\\/index.php\\\/2020\\\/09\\\/16\\\/siguen-las-quejas-por-el-pesimo-trato-que-brinda-la-policia-en-la-puerta-del-banco-provincia\\\/#primaryimage\"},\"thumbnailUrl\":\"https:\\\/\\\/diarioprincipios.com\\\/wp-content\\\/uploads\\\/2020\\\/09\\\/20200723_113820-800x445-1.jpg\",\"datePublished\":\"2020-09-16T13:50:26+00:00\",\"dateModified\":\"2020-09-16T13:50:31+00:00\",\"breadcrumb\":{\"@id\":\"https:\\\/\\\/diarioprincipios.com\\\/index.php\\\/2020\\\/09\\\/16\\\/siguen-las-quejas-por-el-pesimo-trato-que-brinda-la-policia-en-la-puerta-del-banco-provincia\\\/#breadcrumb\"},\"inLanguage\":\"es\",\"potentialAction\":[{\"@type\":\"ReadAction\",\"target\":[\"https:\\\/\\\/diarioprincipios.com\\\/index.php\\\/2020\\\/09\\\/16\\\/siguen-las-quejas-por-el-pesimo-trato-que-brinda-la-policia-en-la-puerta-del-banco-provincia\\\/\"]}]},{\"@type\":\"ImageObject\",\"inLanguage\":\"es\",\"@id\":\"https:\\\/\\\/diarioprincipios.com\\\/index.php\\\/2020\\\/09\\\/16\\\/siguen-las-quejas-por-el-pesimo-trato-que-brinda-la-policia-en-la-puerta-del-banco-provincia\\\/#primaryimage\",\"url\":\"https:\\\/\\\/diarioprincipios.com\\\/wp-content\\\/uploads\\\/2020\\\/09\\\/20200723_113820-800x445-1.jpg\",\"contentUrl\":\"https:\\\/\\\/diarioprincipios.com\\\/wp-content\\\/uploads\\\/2020\\\/09\\\/20200723_113820-800x445-1.jpg\",\"width\":800,\"height\":445},{\"@type\":\"BreadcrumbList\",\"@id\":\"https:\\\/\\\/diarioprincipios.com\\\/index.php\\\/2020\\\/09\\\/16\\\/siguen-las-quejas-por-el-pesimo-trato-que-brinda-la-policia-en-la-puerta-del-banco-provincia\\\/#breadcrumb\",\"itemListElement\":[{\"@type\":\"ListItem\",\"position\":1,\"name\":\"Portada\",\"item\":\"https:\\\/\\\/diarioprincipios.com\\\/\"},{\"@type\":\"ListItem\",\"position\":2,\"name\":\"Siguen las quejas por el p\u00e9simo trato que brinda la polic\u00eda en la puerta del Banco Provincia\"}]},{\"@type\":\"WebSite\",\"@id\":\"https:\\\/\\\/diarioprincipios.com\\\/#website\",\"url\":\"https:\\\/\\\/diarioprincipios.com\\\/\",\"name\":\"Principios\",\"description\":\"Principios Diario\",\"publisher\":{\"@id\":\"https:\\\/\\\/diarioprincipios.com\\\/#organization\"},\"potentialAction\":[{\"@type\":\"SearchAction\",\"target\":{\"@type\":\"EntryPoint\",\"urlTemplate\":\"https:\\\/\\\/diarioprincipios.com\\\/?s={search_term_string}\"},\"query-input\":{\"@type\":\"PropertyValueSpecification\",\"valueRequired\":true,\"valueName\":\"search_term_string\"}}],\"inLanguage\":\"es\"},{\"@type\":\"Organization\",\"@id\":\"https:\\\/\\\/diarioprincipios.com\\\/#organization\",\"name\":\"Principios\",\"url\":\"https:\\\/\\\/diarioprincipios.com\\\/\",\"logo\":{\"@type\":\"ImageObject\",\"inLanguage\":\"es\",\"@id\":\"https:\\\/\\\/diarioprincipios.com\\\/#\\\/schema\\\/logo\\\/image\\\/\",\"url\":\"https:\\\/\\\/diarioprincipios.com\\\/wp-content\\\/uploads\\\/2024\\\/04\\\/cropped-www.diarioprincipios.com_-1.png\",\"contentUrl\":\"https:\\\/\\\/diarioprincipios.com\\\/wp-content\\\/uploads\\\/2024\\\/04\\\/cropped-www.diarioprincipios.com_-1.png\",\"width\":5325,\"height\":1454,\"caption\":\"Principios\"},\"image\":{\"@id\":\"https:\\\/\\\/diarioprincipios.com\\\/#\\\/schema\\\/logo\\\/image\\\/\"}},{\"@type\":\"Person\",\"@id\":\"https:\\\/\\\/diarioprincipios.com\\\/#\\\/schema\\\/person\\\/436d5a1fd41a5e250e23ff5a6a7cb080\",\"name\":\"Hern\u00e1n L\u00f3pez\",\"image\":{\"@type\":\"ImageObject\",\"inLanguage\":\"es\",\"@id\":\"https:\\\/\\\/diarioprincipios.com\\\/wp-content\\\/litespeed\\\/avatar\\\/11ddfe5610ff3bd100522525b2571f48.jpg?ver=1777653193\",\"url\":\"https:\\\/\\\/diarioprincipios.com\\\/wp-content\\\/litespeed\\\/avatar\\\/11ddfe5610ff3bd100522525b2571f48.jpg?ver=1777653193\",\"contentUrl\":\"https:\\\/\\\/diarioprincipios.com\\\/wp-content\\\/litespeed\\\/avatar\\\/11ddfe5610ff3bd100522525b2571f48.jpg?ver=1777653193\",\"caption\":\"Hern\u00e1n L\u00f3pez\"},\"url\":\"https:\\\/\\\/diarioprincipios.com\\\/index.php\\\/author\\\/hernan\\\/\"}]}<\/script>\n<!-- \/ Yoast SEO plugin. -->","yoast_head_json":{"title":"Siguen las quejas por el p\u00e9simo trato que brinda la polic\u00eda en la puerta del Banco Provincia - Principios","robots":{"index":"index","follow":"follow","max-snippet":"max-snippet:-1","max-image-preview":"max-image-preview:large","max-video-preview":"max-video-preview:-1"},"canonical":"https:\/\/diarioprincipios.com\/index.php\/2020\/09\/16\/siguen-las-quejas-por-el-pesimo-trato-que-brinda-la-policia-en-la-puerta-del-banco-provincia\/","og_locale":"es_ES","og_type":"article","og_title":"Siguen las quejas por el p\u00e9simo trato que brinda la polic\u00eda en la puerta del Banco Provincia - Principios","og_description":"No importa si se trata de un anciano, una persona con discapacidad o una mam\u00e1 con su beb\u00e9, todos padecen los malos modos y la altaner\u00eda del personal femenino de la polic\u00eda que desde hace tiempo est\u00e1 supuestamente para controlar el ingreso a la Sucursal Berazategui del Banco Provincia. Hoy nos ha tocado ser testigos...","og_url":"https:\/\/diarioprincipios.com\/index.php\/2020\/09\/16\/siguen-las-quejas-por-el-pesimo-trato-que-brinda-la-policia-en-la-puerta-del-banco-provincia\/","og_site_name":"Principios","article_published_time":"2020-09-16T13:50:26+00:00","article_modified_time":"2020-09-16T13:50:31+00:00","og_image":[{"width":800,"height":445,"url":"https:\/\/diarioprincipios.com\/wp-content\/uploads\/2020\/09\/20200723_113820-800x445-1.jpg","type":"image\/jpeg"}],"author":"Hern\u00e1n L\u00f3pez","twitter_card":"summary_large_image","twitter_misc":{"Escrito por":"Hern\u00e1n L\u00f3pez","Tiempo de lectura":"1 minuto"},"schema":{"@context":"https:\/\/schema.org","@graph":[{"@type":"Article","@id":"https:\/\/diarioprincipios.com\/index.php\/2020\/09\/16\/siguen-las-quejas-por-el-pesimo-trato-que-brinda-la-policia-en-la-puerta-del-banco-provincia\/#article","isPartOf":{"@id":"https:\/\/diarioprincipios.com\/index.php\/2020\/09\/16\/siguen-las-quejas-por-el-pesimo-trato-que-brinda-la-policia-en-la-puerta-del-banco-provincia\/"},"author":{"name":"Hern\u00e1n L\u00f3pez","@id":"https:\/\/diarioprincipios.com\/#\/schema\/person\/436d5a1fd41a5e250e23ff5a6a7cb080"},"headline":"Siguen las quejas por el p\u00e9simo trato que brinda la polic\u00eda en la puerta del Banco Provincia","datePublished":"2020-09-16T13:50:26+00:00","dateModified":"2020-09-16T13:50:31+00:00","mainEntityOfPage":{"@id":"https:\/\/diarioprincipios.com\/index.php\/2020\/09\/16\/siguen-las-quejas-por-el-pesimo-trato-que-brinda-la-policia-en-la-puerta-del-banco-provincia\/"},"wordCount":149,"commentCount":0,"publisher":{"@id":"https:\/\/diarioprincipios.com\/#organization"},"image":{"@id":"https:\/\/diarioprincipios.com\/index.php\/2020\/09\/16\/siguen-las-quejas-por-el-pesimo-trato-que-brinda-la-policia-en-la-puerta-del-banco-provincia\/#primaryimage"},"thumbnailUrl":"https:\/\/diarioprincipios.com\/wp-content\/uploads\/2020\/09\/20200723_113820-800x445-1.jpg","articleSection":["Berazategui"],"inLanguage":"es","potentialAction":[{"@type":"CommentAction","name":"Comment","target":["https:\/\/diarioprincipios.com\/index.php\/2020\/09\/16\/siguen-las-quejas-por-el-pesimo-trato-que-brinda-la-policia-en-la-puerta-del-banco-provincia\/#respond"]}]},{"@type":"WebPage","@id":"https:\/\/diarioprincipios.com\/index.php\/2020\/09\/16\/siguen-las-quejas-por-el-pesimo-trato-que-brinda-la-policia-en-la-puerta-del-banco-provincia\/","url":"https:\/\/diarioprincipios.com\/index.php\/2020\/09\/16\/siguen-las-quejas-por-el-pesimo-trato-que-brinda-la-policia-en-la-puerta-del-banco-provincia\/","name":"Siguen las quejas por el p\u00e9simo trato que brinda la polic\u00eda en la puerta del Banco Provincia - Principios","isPartOf":{"@id":"https:\/\/diarioprincipios.com\/#website"},"primaryImageOfPage":{"@id":"https:\/\/diarioprincipios.com\/index.php\/2020\/09\/16\/siguen-las-quejas-por-el-pesimo-trato-que-brinda-la-policia-en-la-puerta-del-banco-provincia\/#primaryimage"},"image":{"@id":"https:\/\/diarioprincipios.com\/index.php\/2020\/09\/16\/siguen-las-quejas-por-el-pesimo-trato-que-brinda-la-policia-en-la-puerta-del-banco-provincia\/#primaryimage"},"thumbnailUrl":"https:\/\/diarioprincipios.com\/wp-content\/uploads\/2020\/09\/20200723_113820-800x445-1.jpg","datePublished":"2020-09-16T13:50:26+00:00","dateModified":"2020-09-16T13:50:31+00:00","breadcrumb":{"@id":"https:\/\/diarioprincipios.com\/index.php\/2020\/09\/16\/siguen-las-quejas-por-el-pesimo-trato-que-brinda-la-policia-en-la-puerta-del-banco-provincia\/#breadcrumb"},"inLanguage":"es","potentialAction":[{"@type":"ReadAction","target":["https:\/\/diarioprincipios.com\/index.php\/2020\/09\/16\/siguen-las-quejas-por-el-pesimo-trato-que-brinda-la-policia-en-la-puerta-del-banco-provincia\/"]}]},{"@type":"ImageObject","inLanguage":"es","@id":"https:\/\/diarioprincipios.com\/index.php\/2020\/09\/16\/siguen-las-quejas-por-el-pesimo-trato-que-brinda-la-policia-en-la-puerta-del-banco-provincia\/#primaryimage","url":"https:\/\/diarioprincipios.com\/wp-content\/uploads\/2020\/09\/20200723_113820-800x445-1.jpg","contentUrl":"https:\/\/diarioprincipios.com\/wp-content\/uploads\/2020\/09\/20200723_113820-800x445-1.jpg","width":800,"height":445},{"@type":"BreadcrumbList","@id":"https:\/\/diarioprincipios.com\/index.php\/2020\/09\/16\/siguen-las-quejas-por-el-pesimo-trato-que-brinda-la-policia-en-la-puerta-del-banco-provincia\/#breadcrumb","itemListElement":[{"@type":"ListItem","position":1,"name":"Portada","item":"https:\/\/diarioprincipios.com\/"},{"@type":"ListItem","position":2,"name":"Siguen las quejas por el p\u00e9simo trato que brinda la polic\u00eda en la puerta del Banco Provincia"}]},{"@type":"WebSite","@id":"https:\/\/diarioprincipios.com\/#website","url":"https:\/\/diarioprincipios.com\/","name":"Principios","description":"Principios Diario","publisher":{"@id":"https:\/\/diarioprincipios.com\/#organization"},"potentialAction":[{"@type":"SearchAction","target":{"@type":"EntryPoint","urlTemplate":"https:\/\/diarioprincipios.com\/?s={search_term_string}"},"query-input":{"@type":"PropertyValueSpecification","valueRequired":true,"valueName":"search_term_string"}}],"inLanguage":"es"},{"@type":"Organization","@id":"https:\/\/diarioprincipios.com\/#organization","name":"Principios","url":"https:\/\/diarioprincipios.com\/","logo":{"@type":"ImageObject","inLanguage":"es","@id":"https:\/\/diarioprincipios.com\/#\/schema\/logo\/image\/","url":"https:\/\/diarioprincipios.com\/wp-content\/uploads\/2024\/04\/cropped-www.diarioprincipios.com_-1.png","contentUrl":"https:\/\/diarioprincipios.com\/wp-content\/uploads\/2024\/04\/cropped-www.diarioprincipios.com_-1.png","width":5325,"height":1454,"caption":"Principios"},"image":{"@id":"https:\/\/diarioprincipios.com\/#\/schema\/logo\/image\/"}},{"@type":"Person","@id":"https:\/\/diarioprincipios.com\/#\/schema\/person\/436d5a1fd41a5e250e23ff5a6a7cb080","name":"Hern\u00e1n L\u00f3pez","image":{"@type":"ImageObject","inLanguage":"es","@id":"https:\/\/diarioprincipios.com\/wp-content\/litespeed\/avatar\/11ddfe5610ff3bd100522525b2571f48.jpg?ver=1777653193","url":"https:\/\/diarioprincipios.com\/wp-content\/litespeed\/avatar\/11ddfe5610ff3bd100522525b2571f48.jpg?ver=1777653193","contentUrl":"https:\/\/diarioprincipios.com\/wp-content\/litespeed\/avatar\/11ddfe5610ff3bd100522525b2571f48.jpg?ver=1777653193","caption":"Hern\u00e1n L\u00f3pez"},"url":"https:\/\/diarioprincipios.com\/index.php\/author\/hernan\/"}]}},"jetpack_featured_media_url":"https:\/\/diarioprincipios.com\/wp-content\/uploads\/2020\/09\/20200723_113820-800x445-1.jpg","_links":{"self":[{"href":"https:\/\/diarioprincipios.com\/index.php\/wp-json\/wp\/v2\/posts\/5592","targetHints":{"allow":["GET"]}}],"collection":[{"href":"https:\/\/diarioprincipios.com\/index.php\/wp-json\/wp\/v2\/posts"}],"about":[{"href":"https:\/\/diarioprincipios.com\/index.php\/wp-json\/wp\/v2\/types\/post"}],"author":[{"embeddable":true,"href":"https:\/\/diarioprincipios.com\/index.php\/wp-json\/wp\/v2\/users\/2"}],"replies":[{"embeddable":true,"href":"https:\/\/diarioprincipios.com\/index.php\/wp-json\/wp\/v2\/comments?post=5592"}],"version-history":[{"count":1,"href":"https:\/\/diarioprincipios.com\/index.php\/wp-json\/wp\/v2\/posts\/5592\/revisions"}],"predecessor-version":[{"id":5594,"href":"https:\/\/diarioprincipios.com\/index.php\/wp-json\/wp\/v2\/posts\/5592\/revisions\/5594"}],"wp:featuredmedia":[{"embeddable":true,"href":"https:\/\/diarioprincipios.com\/index.php\/wp-json\/wp\/v2\/media\/5593"}],"wp:attachment":[{"href":"https:\/\/diarioprincipios.com\/index.php\/wp-json\/wp\/v2\/media?parent=5592"}],"wp:term":[{"taxonomy":"category","embeddable":true,"href":"https:\/\/diarioprincipios.com\/index.php\/wp-json\/wp\/v2\/categories?post=5592"},{"taxonomy":"post_tag","embeddable":true,"href":"https:\/\/diarioprincipios.com\/index.php\/wp-json\/wp\/v2\/tags?post=5592"}],"curies":[{"name":"wp","href":"https:\/\/api.w.org\/{rel}","templated":true}]}}