{"id":5561,"date":"2020-09-15T11:26:37","date_gmt":"2020-09-15T14:26:37","guid":{"rendered":"http:\/\/diarioprincipios.com\/?p=5561"},"modified":"2020-09-15T11:29:54","modified_gmt":"2020-09-15T14:29:54","slug":"un-informe-de-la-undav-senala-que-la-industria-acumula-tres-meses-de-crecimiento","status":"publish","type":"post","link":"https:\/\/diarioprincipios.com\/index.php\/2020\/09\/15\/un-informe-de-la-undav-senala-que-la-industria-acumula-tres-meses-de-crecimiento\/","title":{"rendered":"Un informe de la Undav se\u00f1ala que la industria acumula tres meses de crecimiento"},"content":{"rendered":"\n<p>La industria manufacturera acumul\u00f3, entre mayo y julio \u00faltimos, tres meses consecutivos de crecimiento, \u201ccomo consecuencia de las pol\u00edticas antic\u00edclicas\u201d del Gobierno para mitigar los efectos de la pandemia de coronavirus, destac\u00f3 un an\u00e1lisis de la Universidad Nacional de Avellaneda (Undav).<\/p>\n\n\n\n<p>\u201cEn mayo la industria trep\u00f3 12,3% mensual, en junio, creci\u00f3 16,5%; y en julio, aument\u00f3 2,1%\u201d, precis\u00f3 el informe del Observatorio de Pol\u00edticas P\u00fablicas de la Undav.<\/p>\n\n\n\n<p>Tambi\u00e9n consign\u00f3 que \u201cde la desagregaci\u00f3n por sectores se observa, en muchos casos una certera recuperaci\u00f3n\u201d.<\/p>\n\n\n\n<p>En ese sentido, remarc\u00f3 que aun en medio de la pandemia, hay 14 subsectores de la industria que en julio registraron un crecimiento en comparaci\u00f3n con el mismo mes del a\u00f1o pasado.<\/p>\n\n\n\n<p>El mayor aumento se dio en productos de arcilla y cer\u00e1mica, con el 29,8%; seguido por molienda de cereales, con el 17,5%; la elaboraci\u00f3n de vino, con el 15,8%; la fabricaci\u00f3n de maquinaria agropecuaria, con el 15,4%; la de madera y productos derivados, 15,1%; y la de pinturas, 12,7%.<\/p>\n\n\n\n<p>Tambi\u00e9n mostraron un aumento interanual la producci\u00f3n de jabones y detergentes, del 11,7%; de agroqu\u00edmicos, del 11,3%; de productos l\u00e1cteos, 3,7%; farmac\u00e9uticos, 3,5%; carrocer\u00edas, 2,9%; az\u00facar, 1,1%; cal y yeso, 0,3%; y galletitas y pastas, 0,2%.<\/p>\n\n\n\n<p>\u201cSe comienza a vislumbrar el rol activo del Estado en la recuperaci\u00f3n. De la mano de la obra p\u00fablica se observan resultados muy positivos en la construcci\u00f3n, especialmente en su dimensi\u00f3n federal: en la mitad de las provincias la demanda de cemento ya es mayor que en el mismo periodo de 2019\u201d, afirm\u00f3 el reporte.<\/p>\n\n\n\n<p>Adem\u00e1s, se\u00f1al\u00f3 que \u201cla elevada demanda de autos no s\u00f3lo imprimi\u00f3 ritmo a la industria automotriz, sino que tambi\u00e9n tracciona hacia atr\u00e1s en la cadena\u201d, y subray\u00f3 que \u201cesto junto con otros est\u00edmulos como cr\u00e9ditos blandos a la compra de motos, comienza a impactar en la industria metal\u00fargica y tiene efectos concretos en el empleo\u201d.<\/p>\n\n\n\n<p>\u201cTal es as\u00ed, que el porcentaje de empresas con solicitudes de Repros (subsidios estatales a privados) o pedidos preventivos de crisis pas\u00f3 de 35% en abril a niveles de 2019 en julio: 14%\u201d, precis\u00f3 el informe.<\/p>\n","protected":false},"excerpt":{"rendered":"<p>La industria manufacturera acumul\u00f3, entre mayo y julio \u00faltimos, tres meses consecutivos de crecimiento, \u201ccomo consecuencia de las pol\u00edticas antic\u00edclicas\u201d del Gobierno para mitigar los efectos de la pandemia de coronavirus, destac\u00f3 un an\u00e1lisis de la Universidad Nacional de Avellaneda (Undav). \u201cEn mayo la industria trep\u00f3 12,3% mensual, en junio, creci\u00f3 16,5%; y en julio,&#8230;<\/p>\n","protected":false},"author":2,"featured_media":5565,"comment_status":"open","ping_status":"open","sticky":false,"template":"","format":"standard","meta":{"footnotes":""},"categories":[5],"tags":[],"class_list":["post-5561","post","type-post","status-publish","format-standard","has-post-thumbnail","hentry","category-avellaneda"],"featured_image_src":"https:\/\/diarioprincipios.com\/wp-content\/uploads\/2020\/09\/20200915_112925.jpg","blog_images":{"medium":"https:\/\/diarioprincipios.com\/wp-content\/uploads\/2020\/09\/20200915_112925-300x169.jpg","large":"https:\/\/diarioprincipios.com\/wp-content\/uploads\/2020\/09\/20200915_112925.jpg"},"ams_acf":[],"yoast_head":"<!-- This site is optimized with the Yoast SEO plugin v27.3 - https:\/\/yoast.com\/product\/yoast-seo-wordpress\/ -->\n<title>Un informe de la Undav se\u00f1ala que la industria acumula tres meses de crecimiento - Principios<\/title>\n<meta name=\"robots\" content=\"index, follow, max-snippet:-1, max-image-preview:large, max-video-preview:-1\" \/>\n<link rel=\"canonical\" href=\"https:\/\/diarioprincipios.com\/index.php\/2020\/09\/15\/un-informe-de-la-undav-senala-que-la-industria-acumula-tres-meses-de-crecimiento\/\" \/>\n<meta property=\"og:locale\" content=\"es_ES\" \/>\n<meta property=\"og:type\" content=\"article\" \/>\n<meta property=\"og:title\" content=\"Un informe de la Undav se\u00f1ala que la industria acumula tres meses de crecimiento - Principios\" \/>\n<meta property=\"og:description\" content=\"La industria manufacturera acumul\u00f3, entre mayo y julio \u00faltimos, tres meses consecutivos de crecimiento, \u201ccomo consecuencia de las pol\u00edticas antic\u00edclicas\u201d del Gobierno para mitigar los efectos de la pandemia de coronavirus, destac\u00f3 un an\u00e1lisis de la Universidad Nacional de Avellaneda (Undav). \u201cEn mayo la industria trep\u00f3 12,3% mensual, en junio, creci\u00f3 16,5%; y en julio,...\" \/>\n<meta property=\"og:url\" content=\"https:\/\/diarioprincipios.com\/index.php\/2020\/09\/15\/un-informe-de-la-undav-senala-que-la-industria-acumula-tres-meses-de-crecimiento\/\" \/>\n<meta property=\"og:site_name\" content=\"Principios\" \/>\n<meta property=\"article:published_time\" content=\"2020-09-15T14:26:37+00:00\" \/>\n<meta property=\"article:modified_time\" content=\"2020-09-15T14:29:54+00:00\" \/>\n<meta property=\"og:image\" content=\"https:\/\/diarioprincipios.com\/wp-content\/uploads\/2020\/09\/20200915_112925.jpg\" \/>\n\t<meta property=\"og:image:width\" content=\"506\" \/>\n\t<meta property=\"og:image:height\" content=\"285\" \/>\n\t<meta property=\"og:image:type\" content=\"image\/jpeg\" \/>\n<meta name=\"author\" content=\"Hern\u00e1n L\u00f3pez\" \/>\n<meta name=\"twitter:card\" content=\"summary_large_image\" \/>\n<meta name=\"twitter:label1\" content=\"Escrito por\" \/>\n\t<meta name=\"twitter:data1\" content=\"Hern\u00e1n L\u00f3pez\" \/>\n\t<meta name=\"twitter:label2\" content=\"Tiempo de lectura\" \/>\n\t<meta name=\"twitter:data2\" content=\"2 minutos\" \/>\n<script type=\"application\/ld+json\" class=\"yoast-schema-graph\">{\"@context\":\"https:\\\/\\\/schema.org\",\"@graph\":[{\"@type\":\"Article\",\"@id\":\"https:\\\/\\\/diarioprincipios.com\\\/index.php\\\/2020\\\/09\\\/15\\\/un-informe-de-la-undav-senala-que-la-industria-acumula-tres-meses-de-crecimiento\\\/#article\",\"isPartOf\":{\"@id\":\"https:\\\/\\\/diarioprincipios.com\\\/index.php\\\/2020\\\/09\\\/15\\\/un-informe-de-la-undav-senala-que-la-industria-acumula-tres-meses-de-crecimiento\\\/\"},\"author\":{\"name\":\"Hern\u00e1n L\u00f3pez\",\"@id\":\"https:\\\/\\\/diarioprincipios.com\\\/#\\\/schema\\\/person\\\/436d5a1fd41a5e250e23ff5a6a7cb080\"},\"headline\":\"Un informe de la Undav se\u00f1ala que la industria acumula tres meses de crecimiento\",\"datePublished\":\"2020-09-15T14:26:37+00:00\",\"dateModified\":\"2020-09-15T14:29:54+00:00\",\"mainEntityOfPage\":{\"@id\":\"https:\\\/\\\/diarioprincipios.com\\\/index.php\\\/2020\\\/09\\\/15\\\/un-informe-de-la-undav-senala-que-la-industria-acumula-tres-meses-de-crecimiento\\\/\"},\"wordCount\":372,\"commentCount\":0,\"publisher\":{\"@id\":\"https:\\\/\\\/diarioprincipios.com\\\/#organization\"},\"image\":{\"@id\":\"https:\\\/\\\/diarioprincipios.com\\\/index.php\\\/2020\\\/09\\\/15\\\/un-informe-de-la-undav-senala-que-la-industria-acumula-tres-meses-de-crecimiento\\\/#primaryimage\"},\"thumbnailUrl\":\"https:\\\/\\\/diarioprincipios.com\\\/wp-content\\\/uploads\\\/2020\\\/09\\\/20200915_112925.jpg\",\"articleSection\":[\"Avellaneda\"],\"inLanguage\":\"es\",\"potentialAction\":[{\"@type\":\"CommentAction\",\"name\":\"Comment\",\"target\":[\"https:\\\/\\\/diarioprincipios.com\\\/index.php\\\/2020\\\/09\\\/15\\\/un-informe-de-la-undav-senala-que-la-industria-acumula-tres-meses-de-crecimiento\\\/#respond\"]}]},{\"@type\":\"WebPage\",\"@id\":\"https:\\\/\\\/diarioprincipios.com\\\/index.php\\\/2020\\\/09\\\/15\\\/un-informe-de-la-undav-senala-que-la-industria-acumula-tres-meses-de-crecimiento\\\/\",\"url\":\"https:\\\/\\\/diarioprincipios.com\\\/index.php\\\/2020\\\/09\\\/15\\\/un-informe-de-la-undav-senala-que-la-industria-acumula-tres-meses-de-crecimiento\\\/\",\"name\":\"Un informe de la Undav se\u00f1ala que la industria acumula tres meses de crecimiento - Principios\",\"isPartOf\":{\"@id\":\"https:\\\/\\\/diarioprincipios.com\\\/#website\"},\"primaryImageOfPage\":{\"@id\":\"https:\\\/\\\/diarioprincipios.com\\\/index.php\\\/2020\\\/09\\\/15\\\/un-informe-de-la-undav-senala-que-la-industria-acumula-tres-meses-de-crecimiento\\\/#primaryimage\"},\"image\":{\"@id\":\"https:\\\/\\\/diarioprincipios.com\\\/index.php\\\/2020\\\/09\\\/15\\\/un-informe-de-la-undav-senala-que-la-industria-acumula-tres-meses-de-crecimiento\\\/#primaryimage\"},\"thumbnailUrl\":\"https:\\\/\\\/diarioprincipios.com\\\/wp-content\\\/uploads\\\/2020\\\/09\\\/20200915_112925.jpg\",\"datePublished\":\"2020-09-15T14:26:37+00:00\",\"dateModified\":\"2020-09-15T14:29:54+00:00\",\"breadcrumb\":{\"@id\":\"https:\\\/\\\/diarioprincipios.com\\\/index.php\\\/2020\\\/09\\\/15\\\/un-informe-de-la-undav-senala-que-la-industria-acumula-tres-meses-de-crecimiento\\\/#breadcrumb\"},\"inLanguage\":\"es\",\"potentialAction\":[{\"@type\":\"ReadAction\",\"target\":[\"https:\\\/\\\/diarioprincipios.com\\\/index.php\\\/2020\\\/09\\\/15\\\/un-informe-de-la-undav-senala-que-la-industria-acumula-tres-meses-de-crecimiento\\\/\"]}]},{\"@type\":\"ImageObject\",\"inLanguage\":\"es\",\"@id\":\"https:\\\/\\\/diarioprincipios.com\\\/index.php\\\/2020\\\/09\\\/15\\\/un-informe-de-la-undav-senala-que-la-industria-acumula-tres-meses-de-crecimiento\\\/#primaryimage\",\"url\":\"https:\\\/\\\/diarioprincipios.com\\\/wp-content\\\/uploads\\\/2020\\\/09\\\/20200915_112925.jpg\",\"contentUrl\":\"https:\\\/\\\/diarioprincipios.com\\\/wp-content\\\/uploads\\\/2020\\\/09\\\/20200915_112925.jpg\",\"width\":506,\"height\":285},{\"@type\":\"BreadcrumbList\",\"@id\":\"https:\\\/\\\/diarioprincipios.com\\\/index.php\\\/2020\\\/09\\\/15\\\/un-informe-de-la-undav-senala-que-la-industria-acumula-tres-meses-de-crecimiento\\\/#breadcrumb\",\"itemListElement\":[{\"@type\":\"ListItem\",\"position\":1,\"name\":\"Portada\",\"item\":\"https:\\\/\\\/diarioprincipios.com\\\/\"},{\"@type\":\"ListItem\",\"position\":2,\"name\":\"Un informe de la Undav se\u00f1ala que la industria acumula tres meses de crecimiento\"}]},{\"@type\":\"WebSite\",\"@id\":\"https:\\\/\\\/diarioprincipios.com\\\/#website\",\"url\":\"https:\\\/\\\/diarioprincipios.com\\\/\",\"name\":\"Principios\",\"description\":\"Principios Diario\",\"publisher\":{\"@id\":\"https:\\\/\\\/diarioprincipios.com\\\/#organization\"},\"potentialAction\":[{\"@type\":\"SearchAction\",\"target\":{\"@type\":\"EntryPoint\",\"urlTemplate\":\"https:\\\/\\\/diarioprincipios.com\\\/?s={search_term_string}\"},\"query-input\":{\"@type\":\"PropertyValueSpecification\",\"valueRequired\":true,\"valueName\":\"search_term_string\"}}],\"inLanguage\":\"es\"},{\"@type\":\"Organization\",\"@id\":\"https:\\\/\\\/diarioprincipios.com\\\/#organization\",\"name\":\"Principios\",\"url\":\"https:\\\/\\\/diarioprincipios.com\\\/\",\"logo\":{\"@type\":\"ImageObject\",\"inLanguage\":\"es\",\"@id\":\"https:\\\/\\\/diarioprincipios.com\\\/#\\\/schema\\\/logo\\\/image\\\/\",\"url\":\"https:\\\/\\\/diarioprincipios.com\\\/wp-content\\\/uploads\\\/2024\\\/04\\\/cropped-www.diarioprincipios.com_-1.png\",\"contentUrl\":\"https:\\\/\\\/diarioprincipios.com\\\/wp-content\\\/uploads\\\/2024\\\/04\\\/cropped-www.diarioprincipios.com_-1.png\",\"width\":5325,\"height\":1454,\"caption\":\"Principios\"},\"image\":{\"@id\":\"https:\\\/\\\/diarioprincipios.com\\\/#\\\/schema\\\/logo\\\/image\\\/\"}},{\"@type\":\"Person\",\"@id\":\"https:\\\/\\\/diarioprincipios.com\\\/#\\\/schema\\\/person\\\/436d5a1fd41a5e250e23ff5a6a7cb080\",\"name\":\"Hern\u00e1n L\u00f3pez\",\"image\":{\"@type\":\"ImageObject\",\"inLanguage\":\"es\",\"@id\":\"https:\\\/\\\/diarioprincipios.com\\\/wp-content\\\/litespeed\\\/avatar\\\/11ddfe5610ff3bd100522525b2571f48.jpg?ver=1777048341\",\"url\":\"https:\\\/\\\/diarioprincipios.com\\\/wp-content\\\/litespeed\\\/avatar\\\/11ddfe5610ff3bd100522525b2571f48.jpg?ver=1777048341\",\"contentUrl\":\"https:\\\/\\\/diarioprincipios.com\\\/wp-content\\\/litespeed\\\/avatar\\\/11ddfe5610ff3bd100522525b2571f48.jpg?ver=1777048341\",\"caption\":\"Hern\u00e1n L\u00f3pez\"},\"url\":\"https:\\\/\\\/diarioprincipios.com\\\/index.php\\\/author\\\/hernan\\\/\"}]}<\/script>\n<!-- \/ Yoast SEO plugin. -->","yoast_head_json":{"title":"Un informe de la Undav se\u00f1ala que la industria acumula tres meses de crecimiento - Principios","robots":{"index":"index","follow":"follow","max-snippet":"max-snippet:-1","max-image-preview":"max-image-preview:large","max-video-preview":"max-video-preview:-1"},"canonical":"https:\/\/diarioprincipios.com\/index.php\/2020\/09\/15\/un-informe-de-la-undav-senala-que-la-industria-acumula-tres-meses-de-crecimiento\/","og_locale":"es_ES","og_type":"article","og_title":"Un informe de la Undav se\u00f1ala que la industria acumula tres meses de crecimiento - Principios","og_description":"La industria manufacturera acumul\u00f3, entre mayo y julio \u00faltimos, tres meses consecutivos de crecimiento, \u201ccomo consecuencia de las pol\u00edticas antic\u00edclicas\u201d del Gobierno para mitigar los efectos de la pandemia de coronavirus, destac\u00f3 un an\u00e1lisis de la Universidad Nacional de Avellaneda (Undav). \u201cEn mayo la industria trep\u00f3 12,3% mensual, en junio, creci\u00f3 16,5%; y en julio,...","og_url":"https:\/\/diarioprincipios.com\/index.php\/2020\/09\/15\/un-informe-de-la-undav-senala-que-la-industria-acumula-tres-meses-de-crecimiento\/","og_site_name":"Principios","article_published_time":"2020-09-15T14:26:37+00:00","article_modified_time":"2020-09-15T14:29:54+00:00","og_image":[{"width":506,"height":285,"url":"https:\/\/diarioprincipios.com\/wp-content\/uploads\/2020\/09\/20200915_112925.jpg","type":"image\/jpeg"}],"author":"Hern\u00e1n L\u00f3pez","twitter_card":"summary_large_image","twitter_misc":{"Escrito por":"Hern\u00e1n L\u00f3pez","Tiempo de lectura":"2 minutos"},"schema":{"@context":"https:\/\/schema.org","@graph":[{"@type":"Article","@id":"https:\/\/diarioprincipios.com\/index.php\/2020\/09\/15\/un-informe-de-la-undav-senala-que-la-industria-acumula-tres-meses-de-crecimiento\/#article","isPartOf":{"@id":"https:\/\/diarioprincipios.com\/index.php\/2020\/09\/15\/un-informe-de-la-undav-senala-que-la-industria-acumula-tres-meses-de-crecimiento\/"},"author":{"name":"Hern\u00e1n L\u00f3pez","@id":"https:\/\/diarioprincipios.com\/#\/schema\/person\/436d5a1fd41a5e250e23ff5a6a7cb080"},"headline":"Un informe de la Undav se\u00f1ala que la industria acumula tres meses de crecimiento","datePublished":"2020-09-15T14:26:37+00:00","dateModified":"2020-09-15T14:29:54+00:00","mainEntityOfPage":{"@id":"https:\/\/diarioprincipios.com\/index.php\/2020\/09\/15\/un-informe-de-la-undav-senala-que-la-industria-acumula-tres-meses-de-crecimiento\/"},"wordCount":372,"commentCount":0,"publisher":{"@id":"https:\/\/diarioprincipios.com\/#organization"},"image":{"@id":"https:\/\/diarioprincipios.com\/index.php\/2020\/09\/15\/un-informe-de-la-undav-senala-que-la-industria-acumula-tres-meses-de-crecimiento\/#primaryimage"},"thumbnailUrl":"https:\/\/diarioprincipios.com\/wp-content\/uploads\/2020\/09\/20200915_112925.jpg","articleSection":["Avellaneda"],"inLanguage":"es","potentialAction":[{"@type":"CommentAction","name":"Comment","target":["https:\/\/diarioprincipios.com\/index.php\/2020\/09\/15\/un-informe-de-la-undav-senala-que-la-industria-acumula-tres-meses-de-crecimiento\/#respond"]}]},{"@type":"WebPage","@id":"https:\/\/diarioprincipios.com\/index.php\/2020\/09\/15\/un-informe-de-la-undav-senala-que-la-industria-acumula-tres-meses-de-crecimiento\/","url":"https:\/\/diarioprincipios.com\/index.php\/2020\/09\/15\/un-informe-de-la-undav-senala-que-la-industria-acumula-tres-meses-de-crecimiento\/","name":"Un informe de la Undav se\u00f1ala que la industria acumula tres meses de crecimiento - Principios","isPartOf":{"@id":"https:\/\/diarioprincipios.com\/#website"},"primaryImageOfPage":{"@id":"https:\/\/diarioprincipios.com\/index.php\/2020\/09\/15\/un-informe-de-la-undav-senala-que-la-industria-acumula-tres-meses-de-crecimiento\/#primaryimage"},"image":{"@id":"https:\/\/diarioprincipios.com\/index.php\/2020\/09\/15\/un-informe-de-la-undav-senala-que-la-industria-acumula-tres-meses-de-crecimiento\/#primaryimage"},"thumbnailUrl":"https:\/\/diarioprincipios.com\/wp-content\/uploads\/2020\/09\/20200915_112925.jpg","datePublished":"2020-09-15T14:26:37+00:00","dateModified":"2020-09-15T14:29:54+00:00","breadcrumb":{"@id":"https:\/\/diarioprincipios.com\/index.php\/2020\/09\/15\/un-informe-de-la-undav-senala-que-la-industria-acumula-tres-meses-de-crecimiento\/#breadcrumb"},"inLanguage":"es","potentialAction":[{"@type":"ReadAction","target":["https:\/\/diarioprincipios.com\/index.php\/2020\/09\/15\/un-informe-de-la-undav-senala-que-la-industria-acumula-tres-meses-de-crecimiento\/"]}]},{"@type":"ImageObject","inLanguage":"es","@id":"https:\/\/diarioprincipios.com\/index.php\/2020\/09\/15\/un-informe-de-la-undav-senala-que-la-industria-acumula-tres-meses-de-crecimiento\/#primaryimage","url":"https:\/\/diarioprincipios.com\/wp-content\/uploads\/2020\/09\/20200915_112925.jpg","contentUrl":"https:\/\/diarioprincipios.com\/wp-content\/uploads\/2020\/09\/20200915_112925.jpg","width":506,"height":285},{"@type":"BreadcrumbList","@id":"https:\/\/diarioprincipios.com\/index.php\/2020\/09\/15\/un-informe-de-la-undav-senala-que-la-industria-acumula-tres-meses-de-crecimiento\/#breadcrumb","itemListElement":[{"@type":"ListItem","position":1,"name":"Portada","item":"https:\/\/diarioprincipios.com\/"},{"@type":"ListItem","position":2,"name":"Un informe de la Undav se\u00f1ala que la industria acumula tres meses de crecimiento"}]},{"@type":"WebSite","@id":"https:\/\/diarioprincipios.com\/#website","url":"https:\/\/diarioprincipios.com\/","name":"Principios","description":"Principios Diario","publisher":{"@id":"https:\/\/diarioprincipios.com\/#organization"},"potentialAction":[{"@type":"SearchAction","target":{"@type":"EntryPoint","urlTemplate":"https:\/\/diarioprincipios.com\/?s={search_term_string}"},"query-input":{"@type":"PropertyValueSpecification","valueRequired":true,"valueName":"search_term_string"}}],"inLanguage":"es"},{"@type":"Organization","@id":"https:\/\/diarioprincipios.com\/#organization","name":"Principios","url":"https:\/\/diarioprincipios.com\/","logo":{"@type":"ImageObject","inLanguage":"es","@id":"https:\/\/diarioprincipios.com\/#\/schema\/logo\/image\/","url":"https:\/\/diarioprincipios.com\/wp-content\/uploads\/2024\/04\/cropped-www.diarioprincipios.com_-1.png","contentUrl":"https:\/\/diarioprincipios.com\/wp-content\/uploads\/2024\/04\/cropped-www.diarioprincipios.com_-1.png","width":5325,"height":1454,"caption":"Principios"},"image":{"@id":"https:\/\/diarioprincipios.com\/#\/schema\/logo\/image\/"}},{"@type":"Person","@id":"https:\/\/diarioprincipios.com\/#\/schema\/person\/436d5a1fd41a5e250e23ff5a6a7cb080","name":"Hern\u00e1n L\u00f3pez","image":{"@type":"ImageObject","inLanguage":"es","@id":"https:\/\/diarioprincipios.com\/wp-content\/litespeed\/avatar\/11ddfe5610ff3bd100522525b2571f48.jpg?ver=1777048341","url":"https:\/\/diarioprincipios.com\/wp-content\/litespeed\/avatar\/11ddfe5610ff3bd100522525b2571f48.jpg?ver=1777048341","contentUrl":"https:\/\/diarioprincipios.com\/wp-content\/litespeed\/avatar\/11ddfe5610ff3bd100522525b2571f48.jpg?ver=1777048341","caption":"Hern\u00e1n L\u00f3pez"},"url":"https:\/\/diarioprincipios.com\/index.php\/author\/hernan\/"}]}},"jetpack_featured_media_url":"https:\/\/diarioprincipios.com\/wp-content\/uploads\/2020\/09\/20200915_112925.jpg","_links":{"self":[{"href":"https:\/\/diarioprincipios.com\/index.php\/wp-json\/wp\/v2\/posts\/5561","targetHints":{"allow":["GET"]}}],"collection":[{"href":"https:\/\/diarioprincipios.com\/index.php\/wp-json\/wp\/v2\/posts"}],"about":[{"href":"https:\/\/diarioprincipios.com\/index.php\/wp-json\/wp\/v2\/types\/post"}],"author":[{"embeddable":true,"href":"https:\/\/diarioprincipios.com\/index.php\/wp-json\/wp\/v2\/users\/2"}],"replies":[{"embeddable":true,"href":"https:\/\/diarioprincipios.com\/index.php\/wp-json\/wp\/v2\/comments?post=5561"}],"version-history":[{"count":1,"href":"https:\/\/diarioprincipios.com\/index.php\/wp-json\/wp\/v2\/posts\/5561\/revisions"}],"predecessor-version":[{"id":5563,"href":"https:\/\/diarioprincipios.com\/index.php\/wp-json\/wp\/v2\/posts\/5561\/revisions\/5563"}],"wp:featuredmedia":[{"embeddable":true,"href":"https:\/\/diarioprincipios.com\/index.php\/wp-json\/wp\/v2\/media\/5565"}],"wp:attachment":[{"href":"https:\/\/diarioprincipios.com\/index.php\/wp-json\/wp\/v2\/media?parent=5561"}],"wp:term":[{"taxonomy":"category","embeddable":true,"href":"https:\/\/diarioprincipios.com\/index.php\/wp-json\/wp\/v2\/categories?post=5561"},{"taxonomy":"post_tag","embeddable":true,"href":"https:\/\/diarioprincipios.com\/index.php\/wp-json\/wp\/v2\/tags?post=5561"}],"curies":[{"name":"wp","href":"https:\/\/api.w.org\/{rel}","templated":true}]}}