{"id":5556,"date":"2020-09-15T09:31:23","date_gmt":"2020-09-15T12:31:23","guid":{"rendered":"http:\/\/diarioprincipios.com\/?p=5556"},"modified":"2020-09-15T09:31:28","modified_gmt":"2020-09-15T12:31:28","slug":"berazategui-recibio-kits-de-materiales-educativos-a-traves-de-dos-programas-provinciales","status":"publish","type":"post","link":"https:\/\/diarioprincipios.com\/index.php\/2020\/09\/15\/berazategui-recibio-kits-de-materiales-educativos-a-traves-de-dos-programas-provinciales\/","title":{"rendered":"Berazategui recibi\u00f3 kits de materiales educativos a trav\u00e9s de dos programas provinciales"},"content":{"rendered":"\n<p><strong>La Subsecretar\u00eda de Promoci\u00f3n Sociocultural del Ministerio de Producci\u00f3n, Ciencia e Innovaci\u00f3n Tecnol\u00f3gica de la provincia de Buenos Aires acerc\u00f3 a Berazategui los Programas \u201cTiempo de Crear\u201d y \u201cCultura Solidaria\u201d. Con ellos se acompa\u00f1ar\u00e1 a los adultos mayores que forman parte de la Campa\u00f1a Municipal de Alfabetizaci\u00f3n, adem\u00e1s de a ni\u00f1os y ni\u00f1as del Hogar Nomadelfia (situado en El Pato) y a adolescentes del hogar Madre Teresa de Calcuta, de Berazategui (perteneciente al Obispado de Quilmes), con la entrega de material educativo y did\u00e1ctico.<\/strong><\/p>\n\n\n\n<figure class=\"wp-block-image size-large\"><img loading=\"lazy\" decoding=\"async\" width=\"960\" height=\"752\" src=\"https:\/\/diarioprincipios.com\/wp-content\/uploads\/2020\/09\/20200915_092739.jpg\" alt=\"\" class=\"wp-image-5557\" srcset=\"https:\/\/diarioprincipios.com\/wp-content\/uploads\/2020\/09\/20200915_092739.jpg 960w, https:\/\/diarioprincipios.com\/wp-content\/uploads\/2020\/09\/20200915_092739-300x235.jpg 300w, https:\/\/diarioprincipios.com\/wp-content\/uploads\/2020\/09\/20200915_092739-768x602.jpg 768w\" sizes=\"auto, (max-width: 960px) 100vw, 960px\" \/><\/figure>\n\n\n\n<p><strong><br><\/strong><br>\u201c\u2018Tiempo de Crear\u2019 es un Programa que desarrollamos en toda la Provincia, que tiene el objetivo de acompa\u00f1ar en tiempos de pandemia a aquellos adultos mayores, adem\u00e1s de a ni\u00f1os y ni\u00f1as que se encuentran en hogares, geri\u00e1tricos y casas de abrigo o convivenciales. Se trata de material interactivo, en el caso de los mayores, para que puedan desarrollar un proceso creativo\u201d, inform\u00f3 la Prof. Lorena Riesgo, subsecretaria bonaerense de Promoci\u00f3n Sociocultural.<\/p>\n\n\n\n<p>\u201cY los kits que entregamos a ni\u00f1os y ni\u00f1as, no solo apuntan a la promoci\u00f3n de sus capacidades art\u00edsticas, a trav\u00e9s de herramientas destinadas a la pintura, sino tambi\u00e9n a la promoci\u00f3n de la lectura, mediante una selecci\u00f3n de textos que nos dio el Ministerio de Cultura de la Naci\u00f3n para cada una de las edades\u201d, agreg\u00f3 Riesgo, y sum\u00f3: \u201cQue los ni\u00f1os puedan leer y pensar mundos posibles, y nosotros -en tanto- podamos garantizarles el ejercicio de los derechos culturales, es una de las principales responsabilidades que tenemos\u201d.<\/p>\n\n\n\n<p>Asimismo, coment\u00f3: \u201cRecorrimos toda la Provincia y ahora el interior, con la Cruz Roja Argentina. Hemos estado en Berazategui, muy contentos y agradecidos por el recibimiento y el trabajo que realizan en t\u00e9rminos de pol\u00edticas culturales. Me impresiona el trabajo que se hace aqu\u00ed, como el de alfabetizaci\u00f3n. Tomaremos como ejemplo su metodolog\u00eda, para implementar en otros distritos. Es una tarea solidaria y espec\u00edfica, en la que se construyen v\u00ednculos. Adem\u00e1s de alfabetizar, se integra a esas personas al sistema de educaci\u00f3n formal y eso nos parece incre\u00edble y maravilloso\u201d.<\/p>\n\n\n\n<figure class=\"wp-block-image size-large\"><img loading=\"lazy\" decoding=\"async\" width=\"820\" height=\"608\" src=\"https:\/\/diarioprincipios.com\/wp-content\/uploads\/2020\/09\/20200915_092721.jpg\" alt=\"\" class=\"wp-image-5558\" srcset=\"https:\/\/diarioprincipios.com\/wp-content\/uploads\/2020\/09\/20200915_092721.jpg 820w, https:\/\/diarioprincipios.com\/wp-content\/uploads\/2020\/09\/20200915_092721-300x222.jpg 300w, https:\/\/diarioprincipios.com\/wp-content\/uploads\/2020\/09\/20200915_092721-768x569.jpg 768w\" sizes=\"auto, (max-width: 820px) 100vw, 820px\" \/><\/figure>\n\n\n\n<p>\u201cCultura Solidaria\u201d es un Programa para ni\u00f1as y ni\u00f1os que residen en Hogares y Casas de Abrigo. Son kits l\u00fadicos que contienen mandalas colectivos, l\u00e1pices, juegos, golosinas y cuentos, otorgados por el Ministerio de Cultura de la Naci\u00f3n. El objetivo es garantizar el esparcimiento, la lectura y potenciar las capacidades art\u00edsticas en las infancias, en este contexto. El Programa comenz\u00f3 en julio y hasta el momento se entregaron materiales en 25 hogares y casas de abrigo de la Provincia, en las diversas localidades.<\/p>\n\n\n\n<p>En tanto, \u201cTiempo de Crear\u201d es un proyecto para adultos mayores que viven en Hogares de Tercera Edad. \u201cSon cuadernillos de actividades que tienen como objetivo entretener, ejercitar la memoria, desarrollar la motricidad fina, cubrir la ausencia de la visita de seres queridos; cuestiones que alteran la inmunidad, potenciando los riesgos de un sector de por s\u00ed ya altamente vulnerable. Hasta el momento, se acerc\u00f3 esta iniciativa a 70 partidos y se continuar\u00e1 hasta alcanzar la entrega total en los 135 distritos, a mediados de octubre\u00bb, agreg\u00f3 la Subsecretaria.<\/p>\n\n\n\n<p>Para finalizar, Federico L\u00f3pez, secretario de Cultura y Educaci\u00f3n de Berazategui, expres\u00f3: \u201cRecibimos a Lorena Riesgo, quien vino a acercar este material para este tiempo de pandemia, no solo literario sino tambi\u00e9n para el ejercicio de la memoria, e inmediatamente lo vinculamos a la Campa\u00f1a local de Alfabetizaci\u00f3n. El Intendente, Dr. Juan Jos\u00e9 Mussi, decidi\u00f3 distribuir los 100 kits, casa por casa, a los adultos mayores que son parte de esta Campa\u00f1a. Asimismo, acercaremos el material art\u00edstico y de lectura al Hogar Nomadelfia y a la Madre Teresa de Calcuta. Estos gestos de articulaci\u00f3n cercana con el Gobierno de la provincia de Buenos Aires se anhelaban. Ese trabajo territorial es fundamental para los municipios en la vinculaci\u00f3n cotidiana con la comunidad. Esto nos permite intercambiar y conocernos, construir una mirada\u201d.<\/p>\n\n\n\n<figure class=\"wp-block-image\"><img decoding=\"async\" src=\"https:\/\/ecp.yusercontent.com\/mail?url=https%3A%2F%2Fdocs.google.com%2Fuc%3Fexport%3Ddownload%26id%3D1_sUR_ubz4PEAsxYoWMV0a8uLJvmSqFqF%26revid%3D0B_2-x8Up8sFqUkpxQTdOVHdGZFNGNGdKOFpIdUdYZG93eDVNPQ&amp;t=1600121358&amp;ymreqid=5799fcab-b43d-2794-22d8-2e0002015300&amp;sig=rC5CeBvhOjpsUfP.YbghDg--~D\" alt=\"\"\/><\/figure>\n","protected":false},"excerpt":{"rendered":"<p>La Subsecretar\u00eda de Promoci\u00f3n Sociocultural del Ministerio de Producci\u00f3n, Ciencia e Innovaci\u00f3n Tecnol\u00f3gica de la provincia de Buenos Aires acerc\u00f3 a Berazategui los Programas \u201cTiempo de Crear\u201d y \u201cCultura Solidaria\u201d. Con ellos se acompa\u00f1ar\u00e1 a los adultos mayores que forman parte de la Campa\u00f1a Municipal de Alfabetizaci\u00f3n, adem\u00e1s de a ni\u00f1os y ni\u00f1as del Hogar&#8230;<\/p>\n","protected":false},"author":2,"featured_media":5559,"comment_status":"open","ping_status":"open","sticky":false,"template":"","format":"standard","meta":{"footnotes":""},"categories":[3],"tags":[],"class_list":["post-5556","post","type-post","status-publish","format-standard","has-post-thumbnail","hentry","category-berazategui"],"featured_image_src":"https:\/\/diarioprincipios.com\/wp-content\/uploads\/2020\/09\/BERAZATEGUI-RECIBIO-KITS-DE-MATERIALES-EDUCATIVOS-PARA-ADULTOS-MAYORES-NINAS-Y-NINOS-1.jpg","blog_images":{"medium":"https:\/\/diarioprincipios.com\/wp-content\/uploads\/2020\/09\/BERAZATEGUI-RECIBIO-KITS-DE-MATERIALES-EDUCATIVOS-PARA-ADULTOS-MAYORES-NINAS-Y-NINOS-1-300x199.jpg","large":"https:\/\/diarioprincipios.com\/wp-content\/uploads\/2020\/09\/BERAZATEGUI-RECIBIO-KITS-DE-MATERIALES-EDUCATIVOS-PARA-ADULTOS-MAYORES-NINAS-Y-NINOS-1.jpg"},"ams_acf":[],"yoast_head":"<!-- This site is optimized with the Yoast SEO plugin v27.3 - https:\/\/yoast.com\/product\/yoast-seo-wordpress\/ -->\n<title>Berazategui recibi\u00f3 kits de materiales educativos a trav\u00e9s de dos programas provinciales - Principios<\/title>\n<meta name=\"robots\" content=\"index, follow, max-snippet:-1, max-image-preview:large, max-video-preview:-1\" \/>\n<link rel=\"canonical\" href=\"https:\/\/diarioprincipios.com\/index.php\/2020\/09\/15\/berazategui-recibio-kits-de-materiales-educativos-a-traves-de-dos-programas-provinciales\/\" \/>\n<meta property=\"og:locale\" content=\"es_ES\" \/>\n<meta property=\"og:type\" content=\"article\" \/>\n<meta property=\"og:title\" content=\"Berazategui recibi\u00f3 kits de materiales educativos a trav\u00e9s de dos programas provinciales - Principios\" \/>\n<meta property=\"og:description\" content=\"La Subsecretar\u00eda de Promoci\u00f3n Sociocultural del Ministerio de Producci\u00f3n, Ciencia e Innovaci\u00f3n Tecnol\u00f3gica de la provincia de Buenos Aires acerc\u00f3 a Berazategui los Programas \u201cTiempo de Crear\u201d y \u201cCultura Solidaria\u201d. Con ellos se acompa\u00f1ar\u00e1 a los adultos mayores que forman parte de la Campa\u00f1a Municipal de Alfabetizaci\u00f3n, adem\u00e1s de a ni\u00f1os y ni\u00f1as del Hogar...\" \/>\n<meta property=\"og:url\" content=\"https:\/\/diarioprincipios.com\/index.php\/2020\/09\/15\/berazategui-recibio-kits-de-materiales-educativos-a-traves-de-dos-programas-provinciales\/\" \/>\n<meta property=\"og:site_name\" content=\"Principios\" \/>\n<meta property=\"article:published_time\" content=\"2020-09-15T12:31:23+00:00\" \/>\n<meta property=\"article:modified_time\" content=\"2020-09-15T12:31:28+00:00\" \/>\n<meta property=\"og:image\" content=\"https:\/\/diarioprincipios.com\/wp-content\/uploads\/2020\/09\/BERAZATEGUI-RECIBIO-KITS-DE-MATERIALES-EDUCATIVOS-PARA-ADULTOS-MAYORES-NINAS-Y-NINOS-1.jpg\" \/>\n\t<meta property=\"og:image:width\" content=\"960\" \/>\n\t<meta property=\"og:image:height\" content=\"638\" \/>\n\t<meta property=\"og:image:type\" content=\"image\/jpeg\" \/>\n<meta name=\"author\" content=\"Hern\u00e1n L\u00f3pez\" \/>\n<meta name=\"twitter:card\" content=\"summary_large_image\" \/>\n<meta name=\"twitter:label1\" content=\"Escrito por\" \/>\n\t<meta name=\"twitter:data1\" content=\"Hern\u00e1n L\u00f3pez\" \/>\n\t<meta name=\"twitter:label2\" content=\"Tiempo de lectura\" \/>\n\t<meta name=\"twitter:data2\" content=\"3 minutos\" \/>\n<script type=\"application\/ld+json\" class=\"yoast-schema-graph\">{\"@context\":\"https:\\\/\\\/schema.org\",\"@graph\":[{\"@type\":\"Article\",\"@id\":\"https:\\\/\\\/diarioprincipios.com\\\/index.php\\\/2020\\\/09\\\/15\\\/berazategui-recibio-kits-de-materiales-educativos-a-traves-de-dos-programas-provinciales\\\/#article\",\"isPartOf\":{\"@id\":\"https:\\\/\\\/diarioprincipios.com\\\/index.php\\\/2020\\\/09\\\/15\\\/berazategui-recibio-kits-de-materiales-educativos-a-traves-de-dos-programas-provinciales\\\/\"},\"author\":{\"name\":\"Hern\u00e1n L\u00f3pez\",\"@id\":\"https:\\\/\\\/diarioprincipios.com\\\/#\\\/schema\\\/person\\\/436d5a1fd41a5e250e23ff5a6a7cb080\"},\"headline\":\"Berazategui recibi\u00f3 kits de materiales educativos a trav\u00e9s de dos programas provinciales\",\"datePublished\":\"2020-09-15T12:31:23+00:00\",\"dateModified\":\"2020-09-15T12:31:28+00:00\",\"mainEntityOfPage\":{\"@id\":\"https:\\\/\\\/diarioprincipios.com\\\/index.php\\\/2020\\\/09\\\/15\\\/berazategui-recibio-kits-de-materiales-educativos-a-traves-de-dos-programas-provinciales\\\/\"},\"wordCount\":698,\"commentCount\":0,\"publisher\":{\"@id\":\"https:\\\/\\\/diarioprincipios.com\\\/#organization\"},\"image\":{\"@id\":\"https:\\\/\\\/diarioprincipios.com\\\/index.php\\\/2020\\\/09\\\/15\\\/berazategui-recibio-kits-de-materiales-educativos-a-traves-de-dos-programas-provinciales\\\/#primaryimage\"},\"thumbnailUrl\":\"https:\\\/\\\/diarioprincipios.com\\\/wp-content\\\/uploads\\\/2020\\\/09\\\/BERAZATEGUI-RECIBIO-KITS-DE-MATERIALES-EDUCATIVOS-PARA-ADULTOS-MAYORES-NINAS-Y-NINOS-1.jpg\",\"articleSection\":[\"Berazategui\"],\"inLanguage\":\"es\",\"potentialAction\":[{\"@type\":\"CommentAction\",\"name\":\"Comment\",\"target\":[\"https:\\\/\\\/diarioprincipios.com\\\/index.php\\\/2020\\\/09\\\/15\\\/berazategui-recibio-kits-de-materiales-educativos-a-traves-de-dos-programas-provinciales\\\/#respond\"]}]},{\"@type\":\"WebPage\",\"@id\":\"https:\\\/\\\/diarioprincipios.com\\\/index.php\\\/2020\\\/09\\\/15\\\/berazategui-recibio-kits-de-materiales-educativos-a-traves-de-dos-programas-provinciales\\\/\",\"url\":\"https:\\\/\\\/diarioprincipios.com\\\/index.php\\\/2020\\\/09\\\/15\\\/berazategui-recibio-kits-de-materiales-educativos-a-traves-de-dos-programas-provinciales\\\/\",\"name\":\"Berazategui recibi\u00f3 kits de materiales educativos a trav\u00e9s de dos programas provinciales - Principios\",\"isPartOf\":{\"@id\":\"https:\\\/\\\/diarioprincipios.com\\\/#website\"},\"primaryImageOfPage\":{\"@id\":\"https:\\\/\\\/diarioprincipios.com\\\/index.php\\\/2020\\\/09\\\/15\\\/berazategui-recibio-kits-de-materiales-educativos-a-traves-de-dos-programas-provinciales\\\/#primaryimage\"},\"image\":{\"@id\":\"https:\\\/\\\/diarioprincipios.com\\\/index.php\\\/2020\\\/09\\\/15\\\/berazategui-recibio-kits-de-materiales-educativos-a-traves-de-dos-programas-provinciales\\\/#primaryimage\"},\"thumbnailUrl\":\"https:\\\/\\\/diarioprincipios.com\\\/wp-content\\\/uploads\\\/2020\\\/09\\\/BERAZATEGUI-RECIBIO-KITS-DE-MATERIALES-EDUCATIVOS-PARA-ADULTOS-MAYORES-NINAS-Y-NINOS-1.jpg\",\"datePublished\":\"2020-09-15T12:31:23+00:00\",\"dateModified\":\"2020-09-15T12:31:28+00:00\",\"breadcrumb\":{\"@id\":\"https:\\\/\\\/diarioprincipios.com\\\/index.php\\\/2020\\\/09\\\/15\\\/berazategui-recibio-kits-de-materiales-educativos-a-traves-de-dos-programas-provinciales\\\/#breadcrumb\"},\"inLanguage\":\"es\",\"potentialAction\":[{\"@type\":\"ReadAction\",\"target\":[\"https:\\\/\\\/diarioprincipios.com\\\/index.php\\\/2020\\\/09\\\/15\\\/berazategui-recibio-kits-de-materiales-educativos-a-traves-de-dos-programas-provinciales\\\/\"]}]},{\"@type\":\"ImageObject\",\"inLanguage\":\"es\",\"@id\":\"https:\\\/\\\/diarioprincipios.com\\\/index.php\\\/2020\\\/09\\\/15\\\/berazategui-recibio-kits-de-materiales-educativos-a-traves-de-dos-programas-provinciales\\\/#primaryimage\",\"url\":\"https:\\\/\\\/diarioprincipios.com\\\/wp-content\\\/uploads\\\/2020\\\/09\\\/BERAZATEGUI-RECIBIO-KITS-DE-MATERIALES-EDUCATIVOS-PARA-ADULTOS-MAYORES-NINAS-Y-NINOS-1.jpg\",\"contentUrl\":\"https:\\\/\\\/diarioprincipios.com\\\/wp-content\\\/uploads\\\/2020\\\/09\\\/BERAZATEGUI-RECIBIO-KITS-DE-MATERIALES-EDUCATIVOS-PARA-ADULTOS-MAYORES-NINAS-Y-NINOS-1.jpg\",\"width\":960,\"height\":638},{\"@type\":\"BreadcrumbList\",\"@id\":\"https:\\\/\\\/diarioprincipios.com\\\/index.php\\\/2020\\\/09\\\/15\\\/berazategui-recibio-kits-de-materiales-educativos-a-traves-de-dos-programas-provinciales\\\/#breadcrumb\",\"itemListElement\":[{\"@type\":\"ListItem\",\"position\":1,\"name\":\"Portada\",\"item\":\"https:\\\/\\\/diarioprincipios.com\\\/\"},{\"@type\":\"ListItem\",\"position\":2,\"name\":\"Berazategui recibi\u00f3 kits de materiales educativos a trav\u00e9s de dos programas provinciales\"}]},{\"@type\":\"WebSite\",\"@id\":\"https:\\\/\\\/diarioprincipios.com\\\/#website\",\"url\":\"https:\\\/\\\/diarioprincipios.com\\\/\",\"name\":\"Principios\",\"description\":\"Principios Diario\",\"publisher\":{\"@id\":\"https:\\\/\\\/diarioprincipios.com\\\/#organization\"},\"potentialAction\":[{\"@type\":\"SearchAction\",\"target\":{\"@type\":\"EntryPoint\",\"urlTemplate\":\"https:\\\/\\\/diarioprincipios.com\\\/?s={search_term_string}\"},\"query-input\":{\"@type\":\"PropertyValueSpecification\",\"valueRequired\":true,\"valueName\":\"search_term_string\"}}],\"inLanguage\":\"es\"},{\"@type\":\"Organization\",\"@id\":\"https:\\\/\\\/diarioprincipios.com\\\/#organization\",\"name\":\"Principios\",\"url\":\"https:\\\/\\\/diarioprincipios.com\\\/\",\"logo\":{\"@type\":\"ImageObject\",\"inLanguage\":\"es\",\"@id\":\"https:\\\/\\\/diarioprincipios.com\\\/#\\\/schema\\\/logo\\\/image\\\/\",\"url\":\"https:\\\/\\\/diarioprincipios.com\\\/wp-content\\\/uploads\\\/2024\\\/04\\\/cropped-www.diarioprincipios.com_-1.png\",\"contentUrl\":\"https:\\\/\\\/diarioprincipios.com\\\/wp-content\\\/uploads\\\/2024\\\/04\\\/cropped-www.diarioprincipios.com_-1.png\",\"width\":5325,\"height\":1454,\"caption\":\"Principios\"},\"image\":{\"@id\":\"https:\\\/\\\/diarioprincipios.com\\\/#\\\/schema\\\/logo\\\/image\\\/\"}},{\"@type\":\"Person\",\"@id\":\"https:\\\/\\\/diarioprincipios.com\\\/#\\\/schema\\\/person\\\/436d5a1fd41a5e250e23ff5a6a7cb080\",\"name\":\"Hern\u00e1n L\u00f3pez\",\"image\":{\"@type\":\"ImageObject\",\"inLanguage\":\"es\",\"@id\":\"https:\\\/\\\/diarioprincipios.com\\\/wp-content\\\/litespeed\\\/avatar\\\/11ddfe5610ff3bd100522525b2571f48.jpg?ver=1777048341\",\"url\":\"https:\\\/\\\/diarioprincipios.com\\\/wp-content\\\/litespeed\\\/avatar\\\/11ddfe5610ff3bd100522525b2571f48.jpg?ver=1777048341\",\"contentUrl\":\"https:\\\/\\\/diarioprincipios.com\\\/wp-content\\\/litespeed\\\/avatar\\\/11ddfe5610ff3bd100522525b2571f48.jpg?ver=1777048341\",\"caption\":\"Hern\u00e1n L\u00f3pez\"},\"url\":\"https:\\\/\\\/diarioprincipios.com\\\/index.php\\\/author\\\/hernan\\\/\"}]}<\/script>\n<!-- \/ Yoast SEO plugin. -->","yoast_head_json":{"title":"Berazategui recibi\u00f3 kits de materiales educativos a trav\u00e9s de dos programas provinciales - Principios","robots":{"index":"index","follow":"follow","max-snippet":"max-snippet:-1","max-image-preview":"max-image-preview:large","max-video-preview":"max-video-preview:-1"},"canonical":"https:\/\/diarioprincipios.com\/index.php\/2020\/09\/15\/berazategui-recibio-kits-de-materiales-educativos-a-traves-de-dos-programas-provinciales\/","og_locale":"es_ES","og_type":"article","og_title":"Berazategui recibi\u00f3 kits de materiales educativos a trav\u00e9s de dos programas provinciales - Principios","og_description":"La Subsecretar\u00eda de Promoci\u00f3n Sociocultural del Ministerio de Producci\u00f3n, Ciencia e Innovaci\u00f3n Tecnol\u00f3gica de la provincia de Buenos Aires acerc\u00f3 a Berazategui los Programas \u201cTiempo de Crear\u201d y \u201cCultura Solidaria\u201d. Con ellos se acompa\u00f1ar\u00e1 a los adultos mayores que forman parte de la Campa\u00f1a Municipal de Alfabetizaci\u00f3n, adem\u00e1s de a ni\u00f1os y ni\u00f1as del Hogar...","og_url":"https:\/\/diarioprincipios.com\/index.php\/2020\/09\/15\/berazategui-recibio-kits-de-materiales-educativos-a-traves-de-dos-programas-provinciales\/","og_site_name":"Principios","article_published_time":"2020-09-15T12:31:23+00:00","article_modified_time":"2020-09-15T12:31:28+00:00","og_image":[{"width":960,"height":638,"url":"https:\/\/diarioprincipios.com\/wp-content\/uploads\/2020\/09\/BERAZATEGUI-RECIBIO-KITS-DE-MATERIALES-EDUCATIVOS-PARA-ADULTOS-MAYORES-NINAS-Y-NINOS-1.jpg","type":"image\/jpeg"}],"author":"Hern\u00e1n L\u00f3pez","twitter_card":"summary_large_image","twitter_misc":{"Escrito por":"Hern\u00e1n L\u00f3pez","Tiempo de lectura":"3 minutos"},"schema":{"@context":"https:\/\/schema.org","@graph":[{"@type":"Article","@id":"https:\/\/diarioprincipios.com\/index.php\/2020\/09\/15\/berazategui-recibio-kits-de-materiales-educativos-a-traves-de-dos-programas-provinciales\/#article","isPartOf":{"@id":"https:\/\/diarioprincipios.com\/index.php\/2020\/09\/15\/berazategui-recibio-kits-de-materiales-educativos-a-traves-de-dos-programas-provinciales\/"},"author":{"name":"Hern\u00e1n L\u00f3pez","@id":"https:\/\/diarioprincipios.com\/#\/schema\/person\/436d5a1fd41a5e250e23ff5a6a7cb080"},"headline":"Berazategui recibi\u00f3 kits de materiales educativos a trav\u00e9s de dos programas provinciales","datePublished":"2020-09-15T12:31:23+00:00","dateModified":"2020-09-15T12:31:28+00:00","mainEntityOfPage":{"@id":"https:\/\/diarioprincipios.com\/index.php\/2020\/09\/15\/berazategui-recibio-kits-de-materiales-educativos-a-traves-de-dos-programas-provinciales\/"},"wordCount":698,"commentCount":0,"publisher":{"@id":"https:\/\/diarioprincipios.com\/#organization"},"image":{"@id":"https:\/\/diarioprincipios.com\/index.php\/2020\/09\/15\/berazategui-recibio-kits-de-materiales-educativos-a-traves-de-dos-programas-provinciales\/#primaryimage"},"thumbnailUrl":"https:\/\/diarioprincipios.com\/wp-content\/uploads\/2020\/09\/BERAZATEGUI-RECIBIO-KITS-DE-MATERIALES-EDUCATIVOS-PARA-ADULTOS-MAYORES-NINAS-Y-NINOS-1.jpg","articleSection":["Berazategui"],"inLanguage":"es","potentialAction":[{"@type":"CommentAction","name":"Comment","target":["https:\/\/diarioprincipios.com\/index.php\/2020\/09\/15\/berazategui-recibio-kits-de-materiales-educativos-a-traves-de-dos-programas-provinciales\/#respond"]}]},{"@type":"WebPage","@id":"https:\/\/diarioprincipios.com\/index.php\/2020\/09\/15\/berazategui-recibio-kits-de-materiales-educativos-a-traves-de-dos-programas-provinciales\/","url":"https:\/\/diarioprincipios.com\/index.php\/2020\/09\/15\/berazategui-recibio-kits-de-materiales-educativos-a-traves-de-dos-programas-provinciales\/","name":"Berazategui recibi\u00f3 kits de materiales educativos a trav\u00e9s de dos programas provinciales - Principios","isPartOf":{"@id":"https:\/\/diarioprincipios.com\/#website"},"primaryImageOfPage":{"@id":"https:\/\/diarioprincipios.com\/index.php\/2020\/09\/15\/berazategui-recibio-kits-de-materiales-educativos-a-traves-de-dos-programas-provinciales\/#primaryimage"},"image":{"@id":"https:\/\/diarioprincipios.com\/index.php\/2020\/09\/15\/berazategui-recibio-kits-de-materiales-educativos-a-traves-de-dos-programas-provinciales\/#primaryimage"},"thumbnailUrl":"https:\/\/diarioprincipios.com\/wp-content\/uploads\/2020\/09\/BERAZATEGUI-RECIBIO-KITS-DE-MATERIALES-EDUCATIVOS-PARA-ADULTOS-MAYORES-NINAS-Y-NINOS-1.jpg","datePublished":"2020-09-15T12:31:23+00:00","dateModified":"2020-09-15T12:31:28+00:00","breadcrumb":{"@id":"https:\/\/diarioprincipios.com\/index.php\/2020\/09\/15\/berazategui-recibio-kits-de-materiales-educativos-a-traves-de-dos-programas-provinciales\/#breadcrumb"},"inLanguage":"es","potentialAction":[{"@type":"ReadAction","target":["https:\/\/diarioprincipios.com\/index.php\/2020\/09\/15\/berazategui-recibio-kits-de-materiales-educativos-a-traves-de-dos-programas-provinciales\/"]}]},{"@type":"ImageObject","inLanguage":"es","@id":"https:\/\/diarioprincipios.com\/index.php\/2020\/09\/15\/berazategui-recibio-kits-de-materiales-educativos-a-traves-de-dos-programas-provinciales\/#primaryimage","url":"https:\/\/diarioprincipios.com\/wp-content\/uploads\/2020\/09\/BERAZATEGUI-RECIBIO-KITS-DE-MATERIALES-EDUCATIVOS-PARA-ADULTOS-MAYORES-NINAS-Y-NINOS-1.jpg","contentUrl":"https:\/\/diarioprincipios.com\/wp-content\/uploads\/2020\/09\/BERAZATEGUI-RECIBIO-KITS-DE-MATERIALES-EDUCATIVOS-PARA-ADULTOS-MAYORES-NINAS-Y-NINOS-1.jpg","width":960,"height":638},{"@type":"BreadcrumbList","@id":"https:\/\/diarioprincipios.com\/index.php\/2020\/09\/15\/berazategui-recibio-kits-de-materiales-educativos-a-traves-de-dos-programas-provinciales\/#breadcrumb","itemListElement":[{"@type":"ListItem","position":1,"name":"Portada","item":"https:\/\/diarioprincipios.com\/"},{"@type":"ListItem","position":2,"name":"Berazategui recibi\u00f3 kits de materiales educativos a trav\u00e9s de dos programas provinciales"}]},{"@type":"WebSite","@id":"https:\/\/diarioprincipios.com\/#website","url":"https:\/\/diarioprincipios.com\/","name":"Principios","description":"Principios Diario","publisher":{"@id":"https:\/\/diarioprincipios.com\/#organization"},"potentialAction":[{"@type":"SearchAction","target":{"@type":"EntryPoint","urlTemplate":"https:\/\/diarioprincipios.com\/?s={search_term_string}"},"query-input":{"@type":"PropertyValueSpecification","valueRequired":true,"valueName":"search_term_string"}}],"inLanguage":"es"},{"@type":"Organization","@id":"https:\/\/diarioprincipios.com\/#organization","name":"Principios","url":"https:\/\/diarioprincipios.com\/","logo":{"@type":"ImageObject","inLanguage":"es","@id":"https:\/\/diarioprincipios.com\/#\/schema\/logo\/image\/","url":"https:\/\/diarioprincipios.com\/wp-content\/uploads\/2024\/04\/cropped-www.diarioprincipios.com_-1.png","contentUrl":"https:\/\/diarioprincipios.com\/wp-content\/uploads\/2024\/04\/cropped-www.diarioprincipios.com_-1.png","width":5325,"height":1454,"caption":"Principios"},"image":{"@id":"https:\/\/diarioprincipios.com\/#\/schema\/logo\/image\/"}},{"@type":"Person","@id":"https:\/\/diarioprincipios.com\/#\/schema\/person\/436d5a1fd41a5e250e23ff5a6a7cb080","name":"Hern\u00e1n L\u00f3pez","image":{"@type":"ImageObject","inLanguage":"es","@id":"https:\/\/diarioprincipios.com\/wp-content\/litespeed\/avatar\/11ddfe5610ff3bd100522525b2571f48.jpg?ver=1777048341","url":"https:\/\/diarioprincipios.com\/wp-content\/litespeed\/avatar\/11ddfe5610ff3bd100522525b2571f48.jpg?ver=1777048341","contentUrl":"https:\/\/diarioprincipios.com\/wp-content\/litespeed\/avatar\/11ddfe5610ff3bd100522525b2571f48.jpg?ver=1777048341","caption":"Hern\u00e1n L\u00f3pez"},"url":"https:\/\/diarioprincipios.com\/index.php\/author\/hernan\/"}]}},"jetpack_featured_media_url":"https:\/\/diarioprincipios.com\/wp-content\/uploads\/2020\/09\/BERAZATEGUI-RECIBIO-KITS-DE-MATERIALES-EDUCATIVOS-PARA-ADULTOS-MAYORES-NINAS-Y-NINOS-1.jpg","_links":{"self":[{"href":"https:\/\/diarioprincipios.com\/index.php\/wp-json\/wp\/v2\/posts\/5556","targetHints":{"allow":["GET"]}}],"collection":[{"href":"https:\/\/diarioprincipios.com\/index.php\/wp-json\/wp\/v2\/posts"}],"about":[{"href":"https:\/\/diarioprincipios.com\/index.php\/wp-json\/wp\/v2\/types\/post"}],"author":[{"embeddable":true,"href":"https:\/\/diarioprincipios.com\/index.php\/wp-json\/wp\/v2\/users\/2"}],"replies":[{"embeddable":true,"href":"https:\/\/diarioprincipios.com\/index.php\/wp-json\/wp\/v2\/comments?post=5556"}],"version-history":[{"count":1,"href":"https:\/\/diarioprincipios.com\/index.php\/wp-json\/wp\/v2\/posts\/5556\/revisions"}],"predecessor-version":[{"id":5560,"href":"https:\/\/diarioprincipios.com\/index.php\/wp-json\/wp\/v2\/posts\/5556\/revisions\/5560"}],"wp:featuredmedia":[{"embeddable":true,"href":"https:\/\/diarioprincipios.com\/index.php\/wp-json\/wp\/v2\/media\/5559"}],"wp:attachment":[{"href":"https:\/\/diarioprincipios.com\/index.php\/wp-json\/wp\/v2\/media?parent=5556"}],"wp:term":[{"taxonomy":"category","embeddable":true,"href":"https:\/\/diarioprincipios.com\/index.php\/wp-json\/wp\/v2\/categories?post=5556"},{"taxonomy":"post_tag","embeddable":true,"href":"https:\/\/diarioprincipios.com\/index.php\/wp-json\/wp\/v2\/tags?post=5556"}],"curies":[{"name":"wp","href":"https:\/\/api.w.org\/{rel}","templated":true}]}}