{"id":5539,"date":"2020-09-14T18:43:56","date_gmt":"2020-09-14T21:43:56","guid":{"rendered":"http:\/\/diarioprincipios.com\/?p=5539"},"modified":"2020-09-14T18:44:01","modified_gmt":"2020-09-14T21:44:01","slug":"berazategui-se-sumo-al-programa-nacional-de-telesalud","status":"publish","type":"post","link":"https:\/\/diarioprincipios.com\/index.php\/2020\/09\/14\/berazategui-se-sumo-al-programa-nacional-de-telesalud\/","title":{"rendered":"Berazategui se sum\u00f3 al Programa Nacional de Telesalud"},"content":{"rendered":"\n<p><strong>El intendente de Berazategui, Juan Jos\u00e9 Mussi, particip\u00f3 por videoconferencia de la firma de un acta acuerdo con el ministro de Salud de la Naci\u00f3n, Gin\u00e9s Gonz\u00e1lez Garc\u00eda; y su par de la provincia de Buenos Aires, Daniel Gollan, con el objetivo de seguir fortaleciendo el sistema de salud p\u00fablico y privado frente a la pandemia de Coronavirus (COVID-19). El convenio tambi\u00e9n incluy\u00f3 a los municipios de Almirante Brown (sede del encuentro), Quilmes y Florencio Varela.<\/strong><\/p>\n\n\n\n<figure class=\"wp-block-image size-large\"><img loading=\"lazy\" decoding=\"async\" width=\"723\" height=\"723\" src=\"https:\/\/diarioprincipios.com\/wp-content\/uploads\/2020\/09\/BERAZATEGUI-SE-SUMO-AL-PROGRAMA-NACIONAL-DE-TELESALUD-4.jpg\" alt=\"\" class=\"wp-image-5540\" srcset=\"https:\/\/diarioprincipios.com\/wp-content\/uploads\/2020\/09\/BERAZATEGUI-SE-SUMO-AL-PROGRAMA-NACIONAL-DE-TELESALUD-4.jpg 723w, https:\/\/diarioprincipios.com\/wp-content\/uploads\/2020\/09\/BERAZATEGUI-SE-SUMO-AL-PROGRAMA-NACIONAL-DE-TELESALUD-4-300x300.jpg 300w, https:\/\/diarioprincipios.com\/wp-content\/uploads\/2020\/09\/BERAZATEGUI-SE-SUMO-AL-PROGRAMA-NACIONAL-DE-TELESALUD-4-150x150.jpg 150w\" sizes=\"auto, (max-width: 723px) 100vw, 723px\" \/><\/figure>\n\n\n\n<p>A trav\u00e9s de la r\u00fabrica de este acuerdo, el Gobierno Nacional se comprometi\u00f3 a entregar equipamiento, licencias y software, adem\u00e1s de capacitar a los equipos de salud de estos municipios, a fin de comenzar a implementar pr\u00f3ximamente el Programa Nacional de Telesalud en un total de 20 Centros de Salud. 5 para cada uno de estos distritos, que en su conjunto alcanzan a aproximadamente 2 millones de personas.<\/p>\n\n\n\n<p>Por otra parte, con la intenci\u00f3n de ampliar la capacidad de respuesta del sistema de salud de estas localidades, se les entregar\u00e1 en comodato a sus cl\u00ednicas privadas respiradores, monitores multiparam\u00e9tricos y bombas de infusi\u00f3n. Con estas mismas instituciones, precisamente, se firm\u00f3 tambi\u00e9n el convenio del Programa SUMAR, con el que se financiar\u00e1 la internaci\u00f3n de pacientes sin obra social, mediante el Fondo Nacional de Equidad en Salud.<\/p>\n\n\n\n<figure class=\"wp-block-image size-large\"><img loading=\"lazy\" decoding=\"async\" width=\"960\" height=\"960\" src=\"https:\/\/diarioprincipios.com\/wp-content\/uploads\/2020\/09\/BERAZATEGUI-SE-SUMO-AL-PROGRAMA-NACIONAL-DE-TELESALUD-1.jpg\" alt=\"\" class=\"wp-image-5541\" srcset=\"https:\/\/diarioprincipios.com\/wp-content\/uploads\/2020\/09\/BERAZATEGUI-SE-SUMO-AL-PROGRAMA-NACIONAL-DE-TELESALUD-1.jpg 960w, https:\/\/diarioprincipios.com\/wp-content\/uploads\/2020\/09\/BERAZATEGUI-SE-SUMO-AL-PROGRAMA-NACIONAL-DE-TELESALUD-1-300x300.jpg 300w, https:\/\/diarioprincipios.com\/wp-content\/uploads\/2020\/09\/BERAZATEGUI-SE-SUMO-AL-PROGRAMA-NACIONAL-DE-TELESALUD-1-150x150.jpg 150w, https:\/\/diarioprincipios.com\/wp-content\/uploads\/2020\/09\/BERAZATEGUI-SE-SUMO-AL-PROGRAMA-NACIONAL-DE-TELESALUD-1-768x768.jpg 768w\" sizes=\"auto, (max-width: 960px) 100vw, 960px\" \/><\/figure>\n\n\n\n<p>Asimismo, el acto fue seguido a distancia y de forma remota por los referentes de los Centros de Atenci\u00f3n Primaria de Salud (CAPS) beneficiados con la adhesi\u00f3n de los Jefes comunales a este Programa Nacional. En el caso de Berazategui, estuvo representada por los CAPS N\u00b0 24 y N\u00b0 36, a trav\u00e9s de la activa participaci\u00f3n de las directoras municipales: de Atenci\u00f3n Primaria de Salud, Dra. Adriana Nogueira; y del \u00c1rea Materno Infantil, Dra. Estela Valiente. Los dos establecimientos formar\u00e1n parte del proyecto de Telesalud a nivel local, junto a los CAPS N\u00b0 1 (\u201cDr. Javier S\u00e1batto\u201d), N\u00b0 13 y N\u00b0 25.<\/p>\n\n\n\n<p>\u201cEn este corto per\u00edodo hemos desarrollado una expansi\u00f3n espectacular del sistema de salud y eso es un activo de la Argentina. Lo de hoy tiene especial significaci\u00f3n porque el sistema sanitario tiene una finalidad p\u00fablica, m\u00e1s all\u00e1 de que la propiedad pueda ser privada o estatal, y lo que estamos haciendo es poner todos los recursos disponibles para todos los argentinos\u201d, indic\u00f3 Gonz\u00e1lez Garc\u00eda, quien estuvo presente en el acto realizado en la Casa Municipal de la Cultura de Adrogu\u00e9.<\/p>\n\n\n\n<p>A continuaci\u00f3n, el Ministro explic\u00f3 que \u201cel convenio con las cl\u00ednicas no es solo un comodato al sector privado de insumos cr\u00edticos como respiradores y monitores, sino que tambi\u00e9n es financiar a los que no tengan cobertura de obra social o prepaga, para que cualquier argentino que lo necesite lo pueda utilizar indistintamente\u201d. En este sentido, defini\u00f3 a esta estrategia como \u201cun logro y un escal\u00f3n muy importante en el camino de la construcci\u00f3n de un sistema nacional m\u00e1s justo, m\u00e1s equitativo, m\u00e1s solidario y menos fragmentado\u201d.<\/p>\n\n\n\n<p>Por su parte, Gollan hizo hincapi\u00e9 en el desaf\u00edo de articular las camas de los subsectores en la provincia de Buenos Aires. \u201cEsto que se est\u00e1 haciendo perfecciona mucho m\u00e1s esa posibilidad, porque nos da una herramienta muy potente para poder derivar pacientes\u201d, asegur\u00f3 y destac\u00f3: \u201cEs una ventaja para todos, porque nos permite dar una respuesta mucho m\u00e1s efectiva y eficiente con el conjunto de recursos\u201d.<\/p>\n\n\n\n<p>Adem\u00e1s del Dr. Juan Jos\u00e9 Mussi, quien particip\u00f3 de manera virtual, tambi\u00e9n fueron parte del encuentro los intendentes de Almirante Brown, Mariano Cascallares; de Quilmes, Mayra Mendoza; y de Florencio Varela, Andr\u00e9s Watson; los secretarios nacionales: de Calidad en Salud, Arnaldo Medina; y de Equidad en Salud, Mart\u00edn Sabignoso; y los subsecretarios: de Estrategias Sanitarias, Alejandro Costa; y de Gesti\u00f3n de Servicios e Institutos, Alejandro Collia.<\/p>\n\n\n\n<figure class=\"wp-block-image\"><img decoding=\"async\" src=\"https:\/\/ecp.yusercontent.com\/mail?url=https%3A%2F%2Fdocs.google.com%2Fuc%3Fexport%3Ddownload%26id%3D1_sUR_ubz4PEAsxYoWMV0a8uLJvmSqFqF%26revid%3D0B_2-x8Up8sFqUkpxQTdOVHdGZFNGNGdKOFpIdUdYZG93eDVNPQ&amp;t=1600119322&amp;ymreqid=5799fcab-b43d-2794-22d8-2e0014015200&amp;sig=j_Rk1mv2MAOIzLFkmV7zGw--~D\" alt=\"\"\/><\/figure>\n","protected":false},"excerpt":{"rendered":"<p>El intendente de Berazategui, Juan Jos\u00e9 Mussi, particip\u00f3 por videoconferencia de la firma de un acta acuerdo con el ministro de Salud de la Naci\u00f3n, Gin\u00e9s Gonz\u00e1lez Garc\u00eda; y su par de la provincia de Buenos Aires, Daniel Gollan, con el objetivo de seguir fortaleciendo el sistema de salud p\u00fablico y privado frente a la&#8230;<\/p>\n","protected":false},"author":2,"featured_media":5542,"comment_status":"open","ping_status":"open","sticky":false,"template":"","format":"standard","meta":{"footnotes":""},"categories":[3],"tags":[],"class_list":["post-5539","post","type-post","status-publish","format-standard","has-post-thumbnail","hentry","category-berazategui"],"featured_image_src":"https:\/\/diarioprincipios.com\/wp-content\/uploads\/2020\/09\/BERAZATEGUI-SE-SUMO-AL-PROGRAMA-NACIONAL-DE-TELESALUD-3.jpg","blog_images":{"medium":"https:\/\/diarioprincipios.com\/wp-content\/uploads\/2020\/09\/BERAZATEGUI-SE-SUMO-AL-PROGRAMA-NACIONAL-DE-TELESALUD-3-300x300.jpg","large":"https:\/\/diarioprincipios.com\/wp-content\/uploads\/2020\/09\/BERAZATEGUI-SE-SUMO-AL-PROGRAMA-NACIONAL-DE-TELESALUD-3.jpg"},"ams_acf":[],"yoast_head":"<!-- This site is optimized with the Yoast SEO plugin v27.3 - https:\/\/yoast.com\/product\/yoast-seo-wordpress\/ -->\n<title>Berazategui se sum\u00f3 al Programa Nacional de Telesalud - Principios<\/title>\n<meta name=\"robots\" content=\"index, follow, max-snippet:-1, max-image-preview:large, max-video-preview:-1\" \/>\n<link rel=\"canonical\" href=\"https:\/\/diarioprincipios.com\/index.php\/2020\/09\/14\/berazategui-se-sumo-al-programa-nacional-de-telesalud\/\" \/>\n<meta property=\"og:locale\" content=\"es_ES\" \/>\n<meta property=\"og:type\" content=\"article\" \/>\n<meta property=\"og:title\" content=\"Berazategui se sum\u00f3 al Programa Nacional de Telesalud - Principios\" \/>\n<meta property=\"og:description\" content=\"El intendente de Berazategui, Juan Jos\u00e9 Mussi, particip\u00f3 por videoconferencia de la firma de un acta acuerdo con el ministro de Salud de la Naci\u00f3n, Gin\u00e9s Gonz\u00e1lez Garc\u00eda; y su par de la provincia de Buenos Aires, Daniel Gollan, con el objetivo de seguir fortaleciendo el sistema de salud p\u00fablico y privado frente a la...\" \/>\n<meta property=\"og:url\" content=\"https:\/\/diarioprincipios.com\/index.php\/2020\/09\/14\/berazategui-se-sumo-al-programa-nacional-de-telesalud\/\" \/>\n<meta property=\"og:site_name\" content=\"Principios\" \/>\n<meta property=\"article:published_time\" content=\"2020-09-14T21:43:56+00:00\" \/>\n<meta property=\"article:modified_time\" content=\"2020-09-14T21:44:01+00:00\" \/>\n<meta property=\"og:image\" content=\"https:\/\/diarioprincipios.com\/wp-content\/uploads\/2020\/09\/BERAZATEGUI-SE-SUMO-AL-PROGRAMA-NACIONAL-DE-TELESALUD-3.jpg\" \/>\n\t<meta property=\"og:image:width\" content=\"899\" \/>\n\t<meta property=\"og:image:height\" content=\"899\" \/>\n\t<meta property=\"og:image:type\" content=\"image\/jpeg\" \/>\n<meta name=\"author\" content=\"Hern\u00e1n L\u00f3pez\" \/>\n<meta name=\"twitter:card\" content=\"summary_large_image\" \/>\n<meta name=\"twitter:label1\" content=\"Escrito por\" \/>\n\t<meta name=\"twitter:data1\" content=\"Hern\u00e1n L\u00f3pez\" \/>\n\t<meta name=\"twitter:label2\" content=\"Tiempo de lectura\" \/>\n\t<meta name=\"twitter:data2\" content=\"3 minutos\" \/>\n<script type=\"application\/ld+json\" class=\"yoast-schema-graph\">{\"@context\":\"https:\\\/\\\/schema.org\",\"@graph\":[{\"@type\":\"Article\",\"@id\":\"https:\\\/\\\/diarioprincipios.com\\\/index.php\\\/2020\\\/09\\\/14\\\/berazategui-se-sumo-al-programa-nacional-de-telesalud\\\/#article\",\"isPartOf\":{\"@id\":\"https:\\\/\\\/diarioprincipios.com\\\/index.php\\\/2020\\\/09\\\/14\\\/berazategui-se-sumo-al-programa-nacional-de-telesalud\\\/\"},\"author\":{\"name\":\"Hern\u00e1n L\u00f3pez\",\"@id\":\"https:\\\/\\\/diarioprincipios.com\\\/#\\\/schema\\\/person\\\/436d5a1fd41a5e250e23ff5a6a7cb080\"},\"headline\":\"Berazategui se sum\u00f3 al Programa Nacional de Telesalud\",\"datePublished\":\"2020-09-14T21:43:56+00:00\",\"dateModified\":\"2020-09-14T21:44:01+00:00\",\"mainEntityOfPage\":{\"@id\":\"https:\\\/\\\/diarioprincipios.com\\\/index.php\\\/2020\\\/09\\\/14\\\/berazategui-se-sumo-al-programa-nacional-de-telesalud\\\/\"},\"wordCount\":661,\"commentCount\":0,\"publisher\":{\"@id\":\"https:\\\/\\\/diarioprincipios.com\\\/#organization\"},\"image\":{\"@id\":\"https:\\\/\\\/diarioprincipios.com\\\/index.php\\\/2020\\\/09\\\/14\\\/berazategui-se-sumo-al-programa-nacional-de-telesalud\\\/#primaryimage\"},\"thumbnailUrl\":\"https:\\\/\\\/diarioprincipios.com\\\/wp-content\\\/uploads\\\/2020\\\/09\\\/BERAZATEGUI-SE-SUMO-AL-PROGRAMA-NACIONAL-DE-TELESALUD-3.jpg\",\"articleSection\":[\"Berazategui\"],\"inLanguage\":\"es\",\"potentialAction\":[{\"@type\":\"CommentAction\",\"name\":\"Comment\",\"target\":[\"https:\\\/\\\/diarioprincipios.com\\\/index.php\\\/2020\\\/09\\\/14\\\/berazategui-se-sumo-al-programa-nacional-de-telesalud\\\/#respond\"]}]},{\"@type\":\"WebPage\",\"@id\":\"https:\\\/\\\/diarioprincipios.com\\\/index.php\\\/2020\\\/09\\\/14\\\/berazategui-se-sumo-al-programa-nacional-de-telesalud\\\/\",\"url\":\"https:\\\/\\\/diarioprincipios.com\\\/index.php\\\/2020\\\/09\\\/14\\\/berazategui-se-sumo-al-programa-nacional-de-telesalud\\\/\",\"name\":\"Berazategui se sum\u00f3 al Programa Nacional de Telesalud - Principios\",\"isPartOf\":{\"@id\":\"https:\\\/\\\/diarioprincipios.com\\\/#website\"},\"primaryImageOfPage\":{\"@id\":\"https:\\\/\\\/diarioprincipios.com\\\/index.php\\\/2020\\\/09\\\/14\\\/berazategui-se-sumo-al-programa-nacional-de-telesalud\\\/#primaryimage\"},\"image\":{\"@id\":\"https:\\\/\\\/diarioprincipios.com\\\/index.php\\\/2020\\\/09\\\/14\\\/berazategui-se-sumo-al-programa-nacional-de-telesalud\\\/#primaryimage\"},\"thumbnailUrl\":\"https:\\\/\\\/diarioprincipios.com\\\/wp-content\\\/uploads\\\/2020\\\/09\\\/BERAZATEGUI-SE-SUMO-AL-PROGRAMA-NACIONAL-DE-TELESALUD-3.jpg\",\"datePublished\":\"2020-09-14T21:43:56+00:00\",\"dateModified\":\"2020-09-14T21:44:01+00:00\",\"breadcrumb\":{\"@id\":\"https:\\\/\\\/diarioprincipios.com\\\/index.php\\\/2020\\\/09\\\/14\\\/berazategui-se-sumo-al-programa-nacional-de-telesalud\\\/#breadcrumb\"},\"inLanguage\":\"es\",\"potentialAction\":[{\"@type\":\"ReadAction\",\"target\":[\"https:\\\/\\\/diarioprincipios.com\\\/index.php\\\/2020\\\/09\\\/14\\\/berazategui-se-sumo-al-programa-nacional-de-telesalud\\\/\"]}]},{\"@type\":\"ImageObject\",\"inLanguage\":\"es\",\"@id\":\"https:\\\/\\\/diarioprincipios.com\\\/index.php\\\/2020\\\/09\\\/14\\\/berazategui-se-sumo-al-programa-nacional-de-telesalud\\\/#primaryimage\",\"url\":\"https:\\\/\\\/diarioprincipios.com\\\/wp-content\\\/uploads\\\/2020\\\/09\\\/BERAZATEGUI-SE-SUMO-AL-PROGRAMA-NACIONAL-DE-TELESALUD-3.jpg\",\"contentUrl\":\"https:\\\/\\\/diarioprincipios.com\\\/wp-content\\\/uploads\\\/2020\\\/09\\\/BERAZATEGUI-SE-SUMO-AL-PROGRAMA-NACIONAL-DE-TELESALUD-3.jpg\",\"width\":899,\"height\":899},{\"@type\":\"BreadcrumbList\",\"@id\":\"https:\\\/\\\/diarioprincipios.com\\\/index.php\\\/2020\\\/09\\\/14\\\/berazategui-se-sumo-al-programa-nacional-de-telesalud\\\/#breadcrumb\",\"itemListElement\":[{\"@type\":\"ListItem\",\"position\":1,\"name\":\"Portada\",\"item\":\"https:\\\/\\\/diarioprincipios.com\\\/\"},{\"@type\":\"ListItem\",\"position\":2,\"name\":\"Berazategui se sum\u00f3 al Programa Nacional de Telesalud\"}]},{\"@type\":\"WebSite\",\"@id\":\"https:\\\/\\\/diarioprincipios.com\\\/#website\",\"url\":\"https:\\\/\\\/diarioprincipios.com\\\/\",\"name\":\"Principios\",\"description\":\"Principios Diario\",\"publisher\":{\"@id\":\"https:\\\/\\\/diarioprincipios.com\\\/#organization\"},\"potentialAction\":[{\"@type\":\"SearchAction\",\"target\":{\"@type\":\"EntryPoint\",\"urlTemplate\":\"https:\\\/\\\/diarioprincipios.com\\\/?s={search_term_string}\"},\"query-input\":{\"@type\":\"PropertyValueSpecification\",\"valueRequired\":true,\"valueName\":\"search_term_string\"}}],\"inLanguage\":\"es\"},{\"@type\":\"Organization\",\"@id\":\"https:\\\/\\\/diarioprincipios.com\\\/#organization\",\"name\":\"Principios\",\"url\":\"https:\\\/\\\/diarioprincipios.com\\\/\",\"logo\":{\"@type\":\"ImageObject\",\"inLanguage\":\"es\",\"@id\":\"https:\\\/\\\/diarioprincipios.com\\\/#\\\/schema\\\/logo\\\/image\\\/\",\"url\":\"https:\\\/\\\/diarioprincipios.com\\\/wp-content\\\/uploads\\\/2024\\\/04\\\/cropped-www.diarioprincipios.com_-1.png\",\"contentUrl\":\"https:\\\/\\\/diarioprincipios.com\\\/wp-content\\\/uploads\\\/2024\\\/04\\\/cropped-www.diarioprincipios.com_-1.png\",\"width\":5325,\"height\":1454,\"caption\":\"Principios\"},\"image\":{\"@id\":\"https:\\\/\\\/diarioprincipios.com\\\/#\\\/schema\\\/logo\\\/image\\\/\"}},{\"@type\":\"Person\",\"@id\":\"https:\\\/\\\/diarioprincipios.com\\\/#\\\/schema\\\/person\\\/436d5a1fd41a5e250e23ff5a6a7cb080\",\"name\":\"Hern\u00e1n L\u00f3pez\",\"image\":{\"@type\":\"ImageObject\",\"inLanguage\":\"es\",\"@id\":\"https:\\\/\\\/diarioprincipios.com\\\/wp-content\\\/litespeed\\\/avatar\\\/11ddfe5610ff3bd100522525b2571f48.jpg?ver=1777653193\",\"url\":\"https:\\\/\\\/diarioprincipios.com\\\/wp-content\\\/litespeed\\\/avatar\\\/11ddfe5610ff3bd100522525b2571f48.jpg?ver=1777653193\",\"contentUrl\":\"https:\\\/\\\/diarioprincipios.com\\\/wp-content\\\/litespeed\\\/avatar\\\/11ddfe5610ff3bd100522525b2571f48.jpg?ver=1777653193\",\"caption\":\"Hern\u00e1n L\u00f3pez\"},\"url\":\"https:\\\/\\\/diarioprincipios.com\\\/index.php\\\/author\\\/hernan\\\/\"}]}<\/script>\n<!-- \/ Yoast SEO plugin. -->","yoast_head_json":{"title":"Berazategui se sum\u00f3 al Programa Nacional de Telesalud - Principios","robots":{"index":"index","follow":"follow","max-snippet":"max-snippet:-1","max-image-preview":"max-image-preview:large","max-video-preview":"max-video-preview:-1"},"canonical":"https:\/\/diarioprincipios.com\/index.php\/2020\/09\/14\/berazategui-se-sumo-al-programa-nacional-de-telesalud\/","og_locale":"es_ES","og_type":"article","og_title":"Berazategui se sum\u00f3 al Programa Nacional de Telesalud - Principios","og_description":"El intendente de Berazategui, Juan Jos\u00e9 Mussi, particip\u00f3 por videoconferencia de la firma de un acta acuerdo con el ministro de Salud de la Naci\u00f3n, Gin\u00e9s Gonz\u00e1lez Garc\u00eda; y su par de la provincia de Buenos Aires, Daniel Gollan, con el objetivo de seguir fortaleciendo el sistema de salud p\u00fablico y privado frente a la...","og_url":"https:\/\/diarioprincipios.com\/index.php\/2020\/09\/14\/berazategui-se-sumo-al-programa-nacional-de-telesalud\/","og_site_name":"Principios","article_published_time":"2020-09-14T21:43:56+00:00","article_modified_time":"2020-09-14T21:44:01+00:00","og_image":[{"width":899,"height":899,"url":"https:\/\/diarioprincipios.com\/wp-content\/uploads\/2020\/09\/BERAZATEGUI-SE-SUMO-AL-PROGRAMA-NACIONAL-DE-TELESALUD-3.jpg","type":"image\/jpeg"}],"author":"Hern\u00e1n L\u00f3pez","twitter_card":"summary_large_image","twitter_misc":{"Escrito por":"Hern\u00e1n L\u00f3pez","Tiempo de lectura":"3 minutos"},"schema":{"@context":"https:\/\/schema.org","@graph":[{"@type":"Article","@id":"https:\/\/diarioprincipios.com\/index.php\/2020\/09\/14\/berazategui-se-sumo-al-programa-nacional-de-telesalud\/#article","isPartOf":{"@id":"https:\/\/diarioprincipios.com\/index.php\/2020\/09\/14\/berazategui-se-sumo-al-programa-nacional-de-telesalud\/"},"author":{"name":"Hern\u00e1n L\u00f3pez","@id":"https:\/\/diarioprincipios.com\/#\/schema\/person\/436d5a1fd41a5e250e23ff5a6a7cb080"},"headline":"Berazategui se sum\u00f3 al Programa Nacional de Telesalud","datePublished":"2020-09-14T21:43:56+00:00","dateModified":"2020-09-14T21:44:01+00:00","mainEntityOfPage":{"@id":"https:\/\/diarioprincipios.com\/index.php\/2020\/09\/14\/berazategui-se-sumo-al-programa-nacional-de-telesalud\/"},"wordCount":661,"commentCount":0,"publisher":{"@id":"https:\/\/diarioprincipios.com\/#organization"},"image":{"@id":"https:\/\/diarioprincipios.com\/index.php\/2020\/09\/14\/berazategui-se-sumo-al-programa-nacional-de-telesalud\/#primaryimage"},"thumbnailUrl":"https:\/\/diarioprincipios.com\/wp-content\/uploads\/2020\/09\/BERAZATEGUI-SE-SUMO-AL-PROGRAMA-NACIONAL-DE-TELESALUD-3.jpg","articleSection":["Berazategui"],"inLanguage":"es","potentialAction":[{"@type":"CommentAction","name":"Comment","target":["https:\/\/diarioprincipios.com\/index.php\/2020\/09\/14\/berazategui-se-sumo-al-programa-nacional-de-telesalud\/#respond"]}]},{"@type":"WebPage","@id":"https:\/\/diarioprincipios.com\/index.php\/2020\/09\/14\/berazategui-se-sumo-al-programa-nacional-de-telesalud\/","url":"https:\/\/diarioprincipios.com\/index.php\/2020\/09\/14\/berazategui-se-sumo-al-programa-nacional-de-telesalud\/","name":"Berazategui se sum\u00f3 al Programa Nacional de Telesalud - Principios","isPartOf":{"@id":"https:\/\/diarioprincipios.com\/#website"},"primaryImageOfPage":{"@id":"https:\/\/diarioprincipios.com\/index.php\/2020\/09\/14\/berazategui-se-sumo-al-programa-nacional-de-telesalud\/#primaryimage"},"image":{"@id":"https:\/\/diarioprincipios.com\/index.php\/2020\/09\/14\/berazategui-se-sumo-al-programa-nacional-de-telesalud\/#primaryimage"},"thumbnailUrl":"https:\/\/diarioprincipios.com\/wp-content\/uploads\/2020\/09\/BERAZATEGUI-SE-SUMO-AL-PROGRAMA-NACIONAL-DE-TELESALUD-3.jpg","datePublished":"2020-09-14T21:43:56+00:00","dateModified":"2020-09-14T21:44:01+00:00","breadcrumb":{"@id":"https:\/\/diarioprincipios.com\/index.php\/2020\/09\/14\/berazategui-se-sumo-al-programa-nacional-de-telesalud\/#breadcrumb"},"inLanguage":"es","potentialAction":[{"@type":"ReadAction","target":["https:\/\/diarioprincipios.com\/index.php\/2020\/09\/14\/berazategui-se-sumo-al-programa-nacional-de-telesalud\/"]}]},{"@type":"ImageObject","inLanguage":"es","@id":"https:\/\/diarioprincipios.com\/index.php\/2020\/09\/14\/berazategui-se-sumo-al-programa-nacional-de-telesalud\/#primaryimage","url":"https:\/\/diarioprincipios.com\/wp-content\/uploads\/2020\/09\/BERAZATEGUI-SE-SUMO-AL-PROGRAMA-NACIONAL-DE-TELESALUD-3.jpg","contentUrl":"https:\/\/diarioprincipios.com\/wp-content\/uploads\/2020\/09\/BERAZATEGUI-SE-SUMO-AL-PROGRAMA-NACIONAL-DE-TELESALUD-3.jpg","width":899,"height":899},{"@type":"BreadcrumbList","@id":"https:\/\/diarioprincipios.com\/index.php\/2020\/09\/14\/berazategui-se-sumo-al-programa-nacional-de-telesalud\/#breadcrumb","itemListElement":[{"@type":"ListItem","position":1,"name":"Portada","item":"https:\/\/diarioprincipios.com\/"},{"@type":"ListItem","position":2,"name":"Berazategui se sum\u00f3 al Programa Nacional de Telesalud"}]},{"@type":"WebSite","@id":"https:\/\/diarioprincipios.com\/#website","url":"https:\/\/diarioprincipios.com\/","name":"Principios","description":"Principios Diario","publisher":{"@id":"https:\/\/diarioprincipios.com\/#organization"},"potentialAction":[{"@type":"SearchAction","target":{"@type":"EntryPoint","urlTemplate":"https:\/\/diarioprincipios.com\/?s={search_term_string}"},"query-input":{"@type":"PropertyValueSpecification","valueRequired":true,"valueName":"search_term_string"}}],"inLanguage":"es"},{"@type":"Organization","@id":"https:\/\/diarioprincipios.com\/#organization","name":"Principios","url":"https:\/\/diarioprincipios.com\/","logo":{"@type":"ImageObject","inLanguage":"es","@id":"https:\/\/diarioprincipios.com\/#\/schema\/logo\/image\/","url":"https:\/\/diarioprincipios.com\/wp-content\/uploads\/2024\/04\/cropped-www.diarioprincipios.com_-1.png","contentUrl":"https:\/\/diarioprincipios.com\/wp-content\/uploads\/2024\/04\/cropped-www.diarioprincipios.com_-1.png","width":5325,"height":1454,"caption":"Principios"},"image":{"@id":"https:\/\/diarioprincipios.com\/#\/schema\/logo\/image\/"}},{"@type":"Person","@id":"https:\/\/diarioprincipios.com\/#\/schema\/person\/436d5a1fd41a5e250e23ff5a6a7cb080","name":"Hern\u00e1n L\u00f3pez","image":{"@type":"ImageObject","inLanguage":"es","@id":"https:\/\/diarioprincipios.com\/wp-content\/litespeed\/avatar\/11ddfe5610ff3bd100522525b2571f48.jpg?ver=1777653193","url":"https:\/\/diarioprincipios.com\/wp-content\/litespeed\/avatar\/11ddfe5610ff3bd100522525b2571f48.jpg?ver=1777653193","contentUrl":"https:\/\/diarioprincipios.com\/wp-content\/litespeed\/avatar\/11ddfe5610ff3bd100522525b2571f48.jpg?ver=1777653193","caption":"Hern\u00e1n L\u00f3pez"},"url":"https:\/\/diarioprincipios.com\/index.php\/author\/hernan\/"}]}},"jetpack_featured_media_url":"https:\/\/diarioprincipios.com\/wp-content\/uploads\/2020\/09\/BERAZATEGUI-SE-SUMO-AL-PROGRAMA-NACIONAL-DE-TELESALUD-3.jpg","_links":{"self":[{"href":"https:\/\/diarioprincipios.com\/index.php\/wp-json\/wp\/v2\/posts\/5539","targetHints":{"allow":["GET"]}}],"collection":[{"href":"https:\/\/diarioprincipios.com\/index.php\/wp-json\/wp\/v2\/posts"}],"about":[{"href":"https:\/\/diarioprincipios.com\/index.php\/wp-json\/wp\/v2\/types\/post"}],"author":[{"embeddable":true,"href":"https:\/\/diarioprincipios.com\/index.php\/wp-json\/wp\/v2\/users\/2"}],"replies":[{"embeddable":true,"href":"https:\/\/diarioprincipios.com\/index.php\/wp-json\/wp\/v2\/comments?post=5539"}],"version-history":[{"count":1,"href":"https:\/\/diarioprincipios.com\/index.php\/wp-json\/wp\/v2\/posts\/5539\/revisions"}],"predecessor-version":[{"id":5543,"href":"https:\/\/diarioprincipios.com\/index.php\/wp-json\/wp\/v2\/posts\/5539\/revisions\/5543"}],"wp:featuredmedia":[{"embeddable":true,"href":"https:\/\/diarioprincipios.com\/index.php\/wp-json\/wp\/v2\/media\/5542"}],"wp:attachment":[{"href":"https:\/\/diarioprincipios.com\/index.php\/wp-json\/wp\/v2\/media?parent=5539"}],"wp:term":[{"taxonomy":"category","embeddable":true,"href":"https:\/\/diarioprincipios.com\/index.php\/wp-json\/wp\/v2\/categories?post=5539"},{"taxonomy":"post_tag","embeddable":true,"href":"https:\/\/diarioprincipios.com\/index.php\/wp-json\/wp\/v2\/tags?post=5539"}],"curies":[{"name":"wp","href":"https:\/\/api.w.org\/{rel}","templated":true}]}}