{"id":5531,"date":"2020-09-14T17:21:46","date_gmt":"2020-09-14T20:21:46","guid":{"rendered":"http:\/\/diarioprincipios.com\/?p=5531"},"modified":"2020-09-14T17:21:51","modified_gmt":"2020-09-14T20:21:51","slug":"la-copa-libertadores-vuelve-manana-despues-de-seis-meses-y-tres-dias-de-suspension","status":"publish","type":"post","link":"https:\/\/diarioprincipios.com\/index.php\/2020\/09\/14\/la-copa-libertadores-vuelve-manana-despues-de-seis-meses-y-tres-dias-de-suspension\/","title":{"rendered":"La Copa Libertadores vuelve ma\u00f1ana despu\u00e9s de seis meses y tres d\u00edas de suspensi\u00f3n"},"content":{"rendered":"\n<p>La Copa Libertadores 2020 retomar\u00e1 ma\u00f1ana su competencia con 4 partidos de la tercera fecha de la fase de grupos despu\u00e9s de una suspensi\u00f3n de seis meses y tres d\u00edas por la pandemia de coronavirus.<\/p>\n\n\n\n<p>La pelota volver\u00e1 a rodar con estadios cerrados y bajo un protocolo especial que elabor\u00f3 la Conmebol y fue aprobado por los gobiernos de los diez pa\u00edses de las asociaciones miembro de la entidad.<\/p>\n\n\n\n<p>En momentos que el virus golpea fuerte en Sudam\u00e9rica, con cuatro pa\u00edses (Brasil, Per\u00fa, Colombia y Argentina) entre los de mayor cantidad de contagios en el mundo, los equipos participantes llegan con distintos niveles de preparaci\u00f3n y rodaje.<\/p>\n\n\n\n<p>En ese sentido, River Plate, finalista de la \u00faltima edici\u00f3n, Boca Juniors, Racing Club, Defensa y Justicia y Tigre, que se presentar\u00e1n el jueves, tienen una clara desventaja.<\/p>\n\n\n\n<p>Los clubes argentinos fueron autorizados para volver a los entrenamientos a principios de agosto y ninguno de ellos pudo realizar partidos amistosos por la evoluci\u00f3n de la pandemia en el pa\u00eds.<\/p>\n\n\n\n<p>La competencia se reanudar\u00e1 ma\u00f1ana desde las 19.15 con dos juegos del Grupo C: Jorge Wilstermann-Athletico Paranaense (Brasil) en Bolivia y Colo Colo-Pe\u00f1arol (Uruguay) en Santiago de Chile.<\/p>\n\n\n\n<p>Desde las 21.30, Binacional de Per\u00fa recibir\u00e1 en Lima a la Liga Deportiva Universitaria de Quito (Ecuador) en un partido del Grupo D que lidera River por diferencia de gol.<\/p>\n\n\n\n<p>Y a la misma hora, en Brasil, Santos ser\u00e1 local de Olimpia de Paraguay en el Grupo G, integrado por Defensa y Justicia.<\/p>\n\n\n\n<p>La actividad de los argentinos ser\u00e1 el jueves de acuerdo al siguiente programa: Racing Club-Nacional de Uruguay a las 17; San Pablo-River y Defensa Justicia-Delf\u00edn de Ecuador desde las 19; Libertad de Paraguay-Boca Juniors a partir de las 21 y Guaran\u00ed de Paraguay-Tigre a las 23.<\/p>\n\n\n\n<p>En cuatro meses y medio, la Copa Libertadores 2020 jugar\u00e1 los 93 partidos que restan para conocer al nuevo campe\u00f3n: 64 de la segunda fase, 16 de octavos de final, 8 de cuartos, 4 de semifinales y la definici\u00f3n, prevista a partido \u00fanico en el m\u00edtico Maracan\u00e1 de R\u00edo de Janeiro.<\/p>\n\n\n\n<p>Esta semana se jugar\u00e1 la tercera fecha de la ronda de grupos, la pr\u00f3xima (del martes 22 al jueves 24) ser\u00e1 la cuarta jornada; la quinta tendr\u00e1 lugar entre el 29 de septiembre y el 1 de octubre y la sexta y \u00faltima, del 20 al 22 de octubre.<\/p>\n\n\n\n<p>Los octavos de final, sorteados el 24 de octubre, se jugar\u00e1n del 24 al 26 de noviembre (ida) y entre el 1 y 3 de diciembre (revanchas); los cuartos, del 8 al 11 de diciembre (ida) y del 15 al 17 del mismo mes (vuelta).<\/p>\n\n\n\n<p>Las semifinales quedar\u00e1n para el a\u00f1o pr\u00f3ximo. Los primeros partidos se disputar\u00e1n la semana del 5 de enero y los desquites la semana del 12. La final en R\u00edo de Janeiro a\u00fan no tiene fecha pero ser\u00e1 del 20 al 30 de enero.<\/p>\n\n\n\n<p>La Conmebol invirti\u00f3 95,5 millones de d\u00f3lares para completar la presente edici\u00f3n de la Libertadores, cuyo \u00faltimo partido se disput\u00f3 hace 187 d\u00edas. La entidad rectora del f\u00fatbol sudamericana reparti\u00f3 ese monto a las federaciones nacionales para financiar gastos corrientes, de control m\u00e9dico y log\u00edstica.<\/p>\n\n\n\n<p>Para garantizar la seguridad sanitaria, cada equipo que viaje para la disputa de un partido en el exterior deber\u00e1 hacerlo con una delegaci\u00f3n que no supere las 50 personas y respetar un corredor sanitario que comprende el viaje, la estad\u00eda en el hotel, los desplazamientos internos y la actividad en el estadio el d\u00eda del partido.<\/p>\n\n\n\n<p>En el aspecto deportivo, de manera excepcional por la pandemia, el reglamento de la Libertadores permiti\u00f3 a los clubes ampliar la lista de buena fe de 30 a 50 jugadores para afrontar cualquier complicaci\u00f3n por contagios.<\/p>\n\n\n\n<p>Con el mismo esp\u00edritu, la Conmebol permitir\u00e1 que un futbolista pueda jugar en m\u00e1s de un equipo durante la presente edici\u00f3n del torneo, algo que no estaba permitido, y habilit\u00f3 que cada equipo pueda realizar hasta cinco cambios en un partido, del mismo modo que lo hizo la UEFA en la Champions League y la Liga de Europa.<\/p>\n\n\n\n<p>. Programa de partidos de la tercera fecha de la fase de grupos:<\/p>\n\n\n\n<p>= Martes 15 =<\/p>\n\n\n\n<p>&#8211; Grupo C &#8211;<\/p>\n\n\n\n<p>19.00: Jorge Wilstermann (Bolivia)-Athletico Paranaense (Brasil), \u00c1ngelo Hermosilla (Chile).<\/p>\n\n\n\n<p>19.00: Colo Colo (Chile)-Pe\u00f1arol (Uruguay), Mauro Vigliano (Argentina). Fox Sports.<\/p>\n\n\n\n<p>&#8211; Grupo D &#8211;<\/p>\n\n\n\n<p>21.30: Binacional (Per\u00fa)-LDU de Quito (Ecuador), Ivo M\u00e9ndez (Bolivia). ESPN 2.<\/p>\n\n\n\n<p>&#8211; Grupo G &#8211;<\/p>\n\n\n\n<p>21:30: Santos (Brasil)-Olimpia (Paraguay), Leod\u00e1n Gonz\u00e1lez (Uruguay). Fox Sports 2<\/p>\n\n\n\n<p>= Mi\u00e9rcoles 16 =<\/p>\n\n\n\n<p>&#8211; Grupo E &#8211;<\/p>\n\n\n\n<p>19.15: Internacional (Brasil)-Am\u00e9rica de Cali (Colombia), Facundo Tello (Argentina). ESPN 2.<\/p>\n\n\n\n<p>21.30: Universidad Cat\u00f3lica (Chile)-Gremio (Brasil), Dar\u00edo Herrera (Argentina). Fox Sports.<\/p>\n\n\n\n<p>&#8211; Grupo F &#8211;<\/p>\n\n\n\n<p>19.15: Estudiantes de M\u00e9rida (Venezuela)-Alianza Lima (Per\u00fa), Nicol\u00e1s Gallo (Colombia). Fox Sports 2.<\/p>\n\n\n\n<p>&#8211; Grupo B &#8211;<\/p>\n\n\n\n<p>21.30: Bol\u00edvar (Bolvia)-Palmeiras (Brasil) Piero Maza (Chile). ESPN 2.<\/p>\n\n\n\n<p>&#8211; Grupo H &#8211;<\/p>\n\n\n\n<p>21.30: Independiente Medell\u00edn (Colombia)-Caracas (Venezuela), Carlos Oribe (Ecuador).<\/p>\n\n\n\n<p>= Jueves 17 =<\/p>\n\n\n\n<p>&#8211; Grupo F &#8211;<\/p>\n\n\n\n<p>17.00: Racing Club-Nacional (Uruguay), Anderson Daronca (Brasil). Fox Sports.<\/p>\n\n\n\n<p>&#8211; Grupo G &#8211;<\/p>\n\n\n\n<p>19.00: Defensa y Justicia-Delf\u00edn (Ecuador), Roberto Tobar (Chile). ESPN.<\/p>\n\n\n\n<p>&#8211; Grupo D &#8211;<\/p>\n\n\n\n<p>19.00: San Pablo-River, Esteban Ostojich (Uruguay). ESPN 2.<\/p>\n\n\n\n<p>&#8211; Grupo H &#8211;<\/p>\n\n\n\n<p>21.00: Libertad (Paraguay)-Boca, Rodolpho Toski (Brasil). ESPN 2.<\/p>\n\n\n\n<p>&#8211; Grupo A &#8211;<\/p>\n\n\n\n<p>21.00: Independiente del Valle (Ecuador)-Flamengo (Brasil), Wilmar Rold\u00e1n (Colombia). Fox Sports 2.<\/p>\n\n\n\n<p>23.00: Barcelona (Ecuador)-Junior (Colombia), Kevin Ortega (Per\u00fa). ESPN.<\/p>\n\n\n\n<p>&#8211; Grupo B &#8211;<\/p>\n\n\n\n<p>23.00: Guaran\u00ed (Paraguay)-Tigre, Gustavo Tejera (Uruguay). Fox Sports.<\/p>\n","protected":false},"excerpt":{"rendered":"<p>La Copa Libertadores 2020 retomar\u00e1 ma\u00f1ana su competencia con 4 partidos de la tercera fecha de la fase de grupos despu\u00e9s de una suspensi\u00f3n de seis meses y tres d\u00edas por la pandemia de coronavirus. La pelota volver\u00e1 a rodar con estadios cerrados y bajo un protocolo especial que elabor\u00f3 la Conmebol y fue aprobado&#8230;<\/p>\n","protected":false},"author":2,"featured_media":5532,"comment_status":"open","ping_status":"open","sticky":false,"template":"","format":"standard","meta":{"footnotes":""},"categories":[6],"tags":[],"class_list":["post-5531","post","type-post","status-publish","format-standard","has-post-thumbnail","hentry","category-deportes"],"featured_image_src":"https:\/\/diarioprincipios.com\/wp-content\/uploads\/2020\/09\/copa-libertadores-1-1280x720_1599774589-1024x576.jpg","blog_images":{"medium":"https:\/\/diarioprincipios.com\/wp-content\/uploads\/2020\/09\/copa-libertadores-1-1280x720_1599774589-300x169.jpg","large":"https:\/\/diarioprincipios.com\/wp-content\/uploads\/2020\/09\/copa-libertadores-1-1280x720_1599774589-1024x576.jpg"},"ams_acf":[],"yoast_head":"<!-- This site is optimized with the Yoast SEO plugin v27.3 - https:\/\/yoast.com\/product\/yoast-seo-wordpress\/ -->\n<title>La Copa Libertadores vuelve ma\u00f1ana despu\u00e9s de seis meses y tres d\u00edas de suspensi\u00f3n - Principios<\/title>\n<meta name=\"robots\" content=\"index, follow, max-snippet:-1, max-image-preview:large, max-video-preview:-1\" \/>\n<link rel=\"canonical\" href=\"https:\/\/diarioprincipios.com\/index.php\/2020\/09\/14\/la-copa-libertadores-vuelve-manana-despues-de-seis-meses-y-tres-dias-de-suspension\/\" \/>\n<meta property=\"og:locale\" content=\"es_ES\" \/>\n<meta property=\"og:type\" content=\"article\" \/>\n<meta property=\"og:title\" content=\"La Copa Libertadores vuelve ma\u00f1ana despu\u00e9s de seis meses y tres d\u00edas de suspensi\u00f3n - Principios\" \/>\n<meta property=\"og:description\" content=\"La Copa Libertadores 2020 retomar\u00e1 ma\u00f1ana su competencia con 4 partidos de la tercera fecha de la fase de grupos despu\u00e9s de una suspensi\u00f3n de seis meses y tres d\u00edas por la pandemia de coronavirus. La pelota volver\u00e1 a rodar con estadios cerrados y bajo un protocolo especial que elabor\u00f3 la Conmebol y fue aprobado...\" \/>\n<meta property=\"og:url\" content=\"https:\/\/diarioprincipios.com\/index.php\/2020\/09\/14\/la-copa-libertadores-vuelve-manana-despues-de-seis-meses-y-tres-dias-de-suspension\/\" \/>\n<meta property=\"og:site_name\" content=\"Principios\" \/>\n<meta property=\"article:published_time\" content=\"2020-09-14T20:21:46+00:00\" \/>\n<meta property=\"article:modified_time\" content=\"2020-09-14T20:21:51+00:00\" \/>\n<meta property=\"og:image\" content=\"https:\/\/diarioprincipios.com\/wp-content\/uploads\/2020\/09\/copa-libertadores-1-1280x720_1599774589.jpg\" \/>\n\t<meta property=\"og:image:width\" content=\"1072\" \/>\n\t<meta property=\"og:image:height\" content=\"603\" \/>\n\t<meta property=\"og:image:type\" content=\"image\/jpeg\" \/>\n<meta name=\"author\" content=\"Hern\u00e1n L\u00f3pez\" \/>\n<meta name=\"twitter:card\" content=\"summary_large_image\" \/>\n<meta name=\"twitter:label1\" content=\"Escrito por\" \/>\n\t<meta name=\"twitter:data1\" content=\"Hern\u00e1n L\u00f3pez\" \/>\n\t<meta name=\"twitter:label2\" content=\"Tiempo de lectura\" \/>\n\t<meta name=\"twitter:data2\" content=\"5 minutos\" \/>\n<script type=\"application\/ld+json\" class=\"yoast-schema-graph\">{\"@context\":\"https:\\\/\\\/schema.org\",\"@graph\":[{\"@type\":\"Article\",\"@id\":\"https:\\\/\\\/diarioprincipios.com\\\/index.php\\\/2020\\\/09\\\/14\\\/la-copa-libertadores-vuelve-manana-despues-de-seis-meses-y-tres-dias-de-suspension\\\/#article\",\"isPartOf\":{\"@id\":\"https:\\\/\\\/diarioprincipios.com\\\/index.php\\\/2020\\\/09\\\/14\\\/la-copa-libertadores-vuelve-manana-despues-de-seis-meses-y-tres-dias-de-suspension\\\/\"},\"author\":{\"name\":\"Hern\u00e1n L\u00f3pez\",\"@id\":\"https:\\\/\\\/diarioprincipios.com\\\/#\\\/schema\\\/person\\\/436d5a1fd41a5e250e23ff5a6a7cb080\"},\"headline\":\"La Copa Libertadores vuelve ma\u00f1ana despu\u00e9s de seis meses y tres d\u00edas de suspensi\u00f3n\",\"datePublished\":\"2020-09-14T20:21:46+00:00\",\"dateModified\":\"2020-09-14T20:21:51+00:00\",\"mainEntityOfPage\":{\"@id\":\"https:\\\/\\\/diarioprincipios.com\\\/index.php\\\/2020\\\/09\\\/14\\\/la-copa-libertadores-vuelve-manana-despues-de-seis-meses-y-tres-dias-de-suspension\\\/\"},\"wordCount\":919,\"commentCount\":0,\"publisher\":{\"@id\":\"https:\\\/\\\/diarioprincipios.com\\\/#organization\"},\"image\":{\"@id\":\"https:\\\/\\\/diarioprincipios.com\\\/index.php\\\/2020\\\/09\\\/14\\\/la-copa-libertadores-vuelve-manana-despues-de-seis-meses-y-tres-dias-de-suspension\\\/#primaryimage\"},\"thumbnailUrl\":\"https:\\\/\\\/diarioprincipios.com\\\/wp-content\\\/uploads\\\/2020\\\/09\\\/copa-libertadores-1-1280x720_1599774589.jpg\",\"articleSection\":[\"Deportes\"],\"inLanguage\":\"es\",\"potentialAction\":[{\"@type\":\"CommentAction\",\"name\":\"Comment\",\"target\":[\"https:\\\/\\\/diarioprincipios.com\\\/index.php\\\/2020\\\/09\\\/14\\\/la-copa-libertadores-vuelve-manana-despues-de-seis-meses-y-tres-dias-de-suspension\\\/#respond\"]}]},{\"@type\":\"WebPage\",\"@id\":\"https:\\\/\\\/diarioprincipios.com\\\/index.php\\\/2020\\\/09\\\/14\\\/la-copa-libertadores-vuelve-manana-despues-de-seis-meses-y-tres-dias-de-suspension\\\/\",\"url\":\"https:\\\/\\\/diarioprincipios.com\\\/index.php\\\/2020\\\/09\\\/14\\\/la-copa-libertadores-vuelve-manana-despues-de-seis-meses-y-tres-dias-de-suspension\\\/\",\"name\":\"La Copa Libertadores vuelve ma\u00f1ana despu\u00e9s de seis meses y tres d\u00edas de suspensi\u00f3n - Principios\",\"isPartOf\":{\"@id\":\"https:\\\/\\\/diarioprincipios.com\\\/#website\"},\"primaryImageOfPage\":{\"@id\":\"https:\\\/\\\/diarioprincipios.com\\\/index.php\\\/2020\\\/09\\\/14\\\/la-copa-libertadores-vuelve-manana-despues-de-seis-meses-y-tres-dias-de-suspension\\\/#primaryimage\"},\"image\":{\"@id\":\"https:\\\/\\\/diarioprincipios.com\\\/index.php\\\/2020\\\/09\\\/14\\\/la-copa-libertadores-vuelve-manana-despues-de-seis-meses-y-tres-dias-de-suspension\\\/#primaryimage\"},\"thumbnailUrl\":\"https:\\\/\\\/diarioprincipios.com\\\/wp-content\\\/uploads\\\/2020\\\/09\\\/copa-libertadores-1-1280x720_1599774589.jpg\",\"datePublished\":\"2020-09-14T20:21:46+00:00\",\"dateModified\":\"2020-09-14T20:21:51+00:00\",\"breadcrumb\":{\"@id\":\"https:\\\/\\\/diarioprincipios.com\\\/index.php\\\/2020\\\/09\\\/14\\\/la-copa-libertadores-vuelve-manana-despues-de-seis-meses-y-tres-dias-de-suspension\\\/#breadcrumb\"},\"inLanguage\":\"es\",\"potentialAction\":[{\"@type\":\"ReadAction\",\"target\":[\"https:\\\/\\\/diarioprincipios.com\\\/index.php\\\/2020\\\/09\\\/14\\\/la-copa-libertadores-vuelve-manana-despues-de-seis-meses-y-tres-dias-de-suspension\\\/\"]}]},{\"@type\":\"ImageObject\",\"inLanguage\":\"es\",\"@id\":\"https:\\\/\\\/diarioprincipios.com\\\/index.php\\\/2020\\\/09\\\/14\\\/la-copa-libertadores-vuelve-manana-despues-de-seis-meses-y-tres-dias-de-suspension\\\/#primaryimage\",\"url\":\"https:\\\/\\\/diarioprincipios.com\\\/wp-content\\\/uploads\\\/2020\\\/09\\\/copa-libertadores-1-1280x720_1599774589.jpg\",\"contentUrl\":\"https:\\\/\\\/diarioprincipios.com\\\/wp-content\\\/uploads\\\/2020\\\/09\\\/copa-libertadores-1-1280x720_1599774589.jpg\",\"width\":1072,\"height\":603},{\"@type\":\"BreadcrumbList\",\"@id\":\"https:\\\/\\\/diarioprincipios.com\\\/index.php\\\/2020\\\/09\\\/14\\\/la-copa-libertadores-vuelve-manana-despues-de-seis-meses-y-tres-dias-de-suspension\\\/#breadcrumb\",\"itemListElement\":[{\"@type\":\"ListItem\",\"position\":1,\"name\":\"Portada\",\"item\":\"https:\\\/\\\/diarioprincipios.com\\\/\"},{\"@type\":\"ListItem\",\"position\":2,\"name\":\"La Copa Libertadores vuelve ma\u00f1ana despu\u00e9s de seis meses y tres d\u00edas de suspensi\u00f3n\"}]},{\"@type\":\"WebSite\",\"@id\":\"https:\\\/\\\/diarioprincipios.com\\\/#website\",\"url\":\"https:\\\/\\\/diarioprincipios.com\\\/\",\"name\":\"Principios\",\"description\":\"Principios Diario\",\"publisher\":{\"@id\":\"https:\\\/\\\/diarioprincipios.com\\\/#organization\"},\"potentialAction\":[{\"@type\":\"SearchAction\",\"target\":{\"@type\":\"EntryPoint\",\"urlTemplate\":\"https:\\\/\\\/diarioprincipios.com\\\/?s={search_term_string}\"},\"query-input\":{\"@type\":\"PropertyValueSpecification\",\"valueRequired\":true,\"valueName\":\"search_term_string\"}}],\"inLanguage\":\"es\"},{\"@type\":\"Organization\",\"@id\":\"https:\\\/\\\/diarioprincipios.com\\\/#organization\",\"name\":\"Principios\",\"url\":\"https:\\\/\\\/diarioprincipios.com\\\/\",\"logo\":{\"@type\":\"ImageObject\",\"inLanguage\":\"es\",\"@id\":\"https:\\\/\\\/diarioprincipios.com\\\/#\\\/schema\\\/logo\\\/image\\\/\",\"url\":\"https:\\\/\\\/diarioprincipios.com\\\/wp-content\\\/uploads\\\/2024\\\/04\\\/cropped-www.diarioprincipios.com_-1.png\",\"contentUrl\":\"https:\\\/\\\/diarioprincipios.com\\\/wp-content\\\/uploads\\\/2024\\\/04\\\/cropped-www.diarioprincipios.com_-1.png\",\"width\":5325,\"height\":1454,\"caption\":\"Principios\"},\"image\":{\"@id\":\"https:\\\/\\\/diarioprincipios.com\\\/#\\\/schema\\\/logo\\\/image\\\/\"}},{\"@type\":\"Person\",\"@id\":\"https:\\\/\\\/diarioprincipios.com\\\/#\\\/schema\\\/person\\\/436d5a1fd41a5e250e23ff5a6a7cb080\",\"name\":\"Hern\u00e1n L\u00f3pez\",\"image\":{\"@type\":\"ImageObject\",\"inLanguage\":\"es\",\"@id\":\"https:\\\/\\\/diarioprincipios.com\\\/wp-content\\\/litespeed\\\/avatar\\\/11ddfe5610ff3bd100522525b2571f48.jpg?ver=1777048341\",\"url\":\"https:\\\/\\\/diarioprincipios.com\\\/wp-content\\\/litespeed\\\/avatar\\\/11ddfe5610ff3bd100522525b2571f48.jpg?ver=1777048341\",\"contentUrl\":\"https:\\\/\\\/diarioprincipios.com\\\/wp-content\\\/litespeed\\\/avatar\\\/11ddfe5610ff3bd100522525b2571f48.jpg?ver=1777048341\",\"caption\":\"Hern\u00e1n L\u00f3pez\"},\"url\":\"https:\\\/\\\/diarioprincipios.com\\\/index.php\\\/author\\\/hernan\\\/\"}]}<\/script>\n<!-- \/ Yoast SEO plugin. -->","yoast_head_json":{"title":"La Copa Libertadores vuelve ma\u00f1ana despu\u00e9s de seis meses y tres d\u00edas de suspensi\u00f3n - Principios","robots":{"index":"index","follow":"follow","max-snippet":"max-snippet:-1","max-image-preview":"max-image-preview:large","max-video-preview":"max-video-preview:-1"},"canonical":"https:\/\/diarioprincipios.com\/index.php\/2020\/09\/14\/la-copa-libertadores-vuelve-manana-despues-de-seis-meses-y-tres-dias-de-suspension\/","og_locale":"es_ES","og_type":"article","og_title":"La Copa Libertadores vuelve ma\u00f1ana despu\u00e9s de seis meses y tres d\u00edas de suspensi\u00f3n - Principios","og_description":"La Copa Libertadores 2020 retomar\u00e1 ma\u00f1ana su competencia con 4 partidos de la tercera fecha de la fase de grupos despu\u00e9s de una suspensi\u00f3n de seis meses y tres d\u00edas por la pandemia de coronavirus. La pelota volver\u00e1 a rodar con estadios cerrados y bajo un protocolo especial que elabor\u00f3 la Conmebol y fue aprobado...","og_url":"https:\/\/diarioprincipios.com\/index.php\/2020\/09\/14\/la-copa-libertadores-vuelve-manana-despues-de-seis-meses-y-tres-dias-de-suspension\/","og_site_name":"Principios","article_published_time":"2020-09-14T20:21:46+00:00","article_modified_time":"2020-09-14T20:21:51+00:00","og_image":[{"width":1072,"height":603,"url":"https:\/\/diarioprincipios.com\/wp-content\/uploads\/2020\/09\/copa-libertadores-1-1280x720_1599774589.jpg","type":"image\/jpeg"}],"author":"Hern\u00e1n L\u00f3pez","twitter_card":"summary_large_image","twitter_misc":{"Escrito por":"Hern\u00e1n L\u00f3pez","Tiempo de lectura":"5 minutos"},"schema":{"@context":"https:\/\/schema.org","@graph":[{"@type":"Article","@id":"https:\/\/diarioprincipios.com\/index.php\/2020\/09\/14\/la-copa-libertadores-vuelve-manana-despues-de-seis-meses-y-tres-dias-de-suspension\/#article","isPartOf":{"@id":"https:\/\/diarioprincipios.com\/index.php\/2020\/09\/14\/la-copa-libertadores-vuelve-manana-despues-de-seis-meses-y-tres-dias-de-suspension\/"},"author":{"name":"Hern\u00e1n L\u00f3pez","@id":"https:\/\/diarioprincipios.com\/#\/schema\/person\/436d5a1fd41a5e250e23ff5a6a7cb080"},"headline":"La Copa Libertadores vuelve ma\u00f1ana despu\u00e9s de seis meses y tres d\u00edas de suspensi\u00f3n","datePublished":"2020-09-14T20:21:46+00:00","dateModified":"2020-09-14T20:21:51+00:00","mainEntityOfPage":{"@id":"https:\/\/diarioprincipios.com\/index.php\/2020\/09\/14\/la-copa-libertadores-vuelve-manana-despues-de-seis-meses-y-tres-dias-de-suspension\/"},"wordCount":919,"commentCount":0,"publisher":{"@id":"https:\/\/diarioprincipios.com\/#organization"},"image":{"@id":"https:\/\/diarioprincipios.com\/index.php\/2020\/09\/14\/la-copa-libertadores-vuelve-manana-despues-de-seis-meses-y-tres-dias-de-suspension\/#primaryimage"},"thumbnailUrl":"https:\/\/diarioprincipios.com\/wp-content\/uploads\/2020\/09\/copa-libertadores-1-1280x720_1599774589.jpg","articleSection":["Deportes"],"inLanguage":"es","potentialAction":[{"@type":"CommentAction","name":"Comment","target":["https:\/\/diarioprincipios.com\/index.php\/2020\/09\/14\/la-copa-libertadores-vuelve-manana-despues-de-seis-meses-y-tres-dias-de-suspension\/#respond"]}]},{"@type":"WebPage","@id":"https:\/\/diarioprincipios.com\/index.php\/2020\/09\/14\/la-copa-libertadores-vuelve-manana-despues-de-seis-meses-y-tres-dias-de-suspension\/","url":"https:\/\/diarioprincipios.com\/index.php\/2020\/09\/14\/la-copa-libertadores-vuelve-manana-despues-de-seis-meses-y-tres-dias-de-suspension\/","name":"La Copa Libertadores vuelve ma\u00f1ana despu\u00e9s de seis meses y tres d\u00edas de suspensi\u00f3n - Principios","isPartOf":{"@id":"https:\/\/diarioprincipios.com\/#website"},"primaryImageOfPage":{"@id":"https:\/\/diarioprincipios.com\/index.php\/2020\/09\/14\/la-copa-libertadores-vuelve-manana-despues-de-seis-meses-y-tres-dias-de-suspension\/#primaryimage"},"image":{"@id":"https:\/\/diarioprincipios.com\/index.php\/2020\/09\/14\/la-copa-libertadores-vuelve-manana-despues-de-seis-meses-y-tres-dias-de-suspension\/#primaryimage"},"thumbnailUrl":"https:\/\/diarioprincipios.com\/wp-content\/uploads\/2020\/09\/copa-libertadores-1-1280x720_1599774589.jpg","datePublished":"2020-09-14T20:21:46+00:00","dateModified":"2020-09-14T20:21:51+00:00","breadcrumb":{"@id":"https:\/\/diarioprincipios.com\/index.php\/2020\/09\/14\/la-copa-libertadores-vuelve-manana-despues-de-seis-meses-y-tres-dias-de-suspension\/#breadcrumb"},"inLanguage":"es","potentialAction":[{"@type":"ReadAction","target":["https:\/\/diarioprincipios.com\/index.php\/2020\/09\/14\/la-copa-libertadores-vuelve-manana-despues-de-seis-meses-y-tres-dias-de-suspension\/"]}]},{"@type":"ImageObject","inLanguage":"es","@id":"https:\/\/diarioprincipios.com\/index.php\/2020\/09\/14\/la-copa-libertadores-vuelve-manana-despues-de-seis-meses-y-tres-dias-de-suspension\/#primaryimage","url":"https:\/\/diarioprincipios.com\/wp-content\/uploads\/2020\/09\/copa-libertadores-1-1280x720_1599774589.jpg","contentUrl":"https:\/\/diarioprincipios.com\/wp-content\/uploads\/2020\/09\/copa-libertadores-1-1280x720_1599774589.jpg","width":1072,"height":603},{"@type":"BreadcrumbList","@id":"https:\/\/diarioprincipios.com\/index.php\/2020\/09\/14\/la-copa-libertadores-vuelve-manana-despues-de-seis-meses-y-tres-dias-de-suspension\/#breadcrumb","itemListElement":[{"@type":"ListItem","position":1,"name":"Portada","item":"https:\/\/diarioprincipios.com\/"},{"@type":"ListItem","position":2,"name":"La Copa Libertadores vuelve ma\u00f1ana despu\u00e9s de seis meses y tres d\u00edas de suspensi\u00f3n"}]},{"@type":"WebSite","@id":"https:\/\/diarioprincipios.com\/#website","url":"https:\/\/diarioprincipios.com\/","name":"Principios","description":"Principios Diario","publisher":{"@id":"https:\/\/diarioprincipios.com\/#organization"},"potentialAction":[{"@type":"SearchAction","target":{"@type":"EntryPoint","urlTemplate":"https:\/\/diarioprincipios.com\/?s={search_term_string}"},"query-input":{"@type":"PropertyValueSpecification","valueRequired":true,"valueName":"search_term_string"}}],"inLanguage":"es"},{"@type":"Organization","@id":"https:\/\/diarioprincipios.com\/#organization","name":"Principios","url":"https:\/\/diarioprincipios.com\/","logo":{"@type":"ImageObject","inLanguage":"es","@id":"https:\/\/diarioprincipios.com\/#\/schema\/logo\/image\/","url":"https:\/\/diarioprincipios.com\/wp-content\/uploads\/2024\/04\/cropped-www.diarioprincipios.com_-1.png","contentUrl":"https:\/\/diarioprincipios.com\/wp-content\/uploads\/2024\/04\/cropped-www.diarioprincipios.com_-1.png","width":5325,"height":1454,"caption":"Principios"},"image":{"@id":"https:\/\/diarioprincipios.com\/#\/schema\/logo\/image\/"}},{"@type":"Person","@id":"https:\/\/diarioprincipios.com\/#\/schema\/person\/436d5a1fd41a5e250e23ff5a6a7cb080","name":"Hern\u00e1n L\u00f3pez","image":{"@type":"ImageObject","inLanguage":"es","@id":"https:\/\/diarioprincipios.com\/wp-content\/litespeed\/avatar\/11ddfe5610ff3bd100522525b2571f48.jpg?ver=1777048341","url":"https:\/\/diarioprincipios.com\/wp-content\/litespeed\/avatar\/11ddfe5610ff3bd100522525b2571f48.jpg?ver=1777048341","contentUrl":"https:\/\/diarioprincipios.com\/wp-content\/litespeed\/avatar\/11ddfe5610ff3bd100522525b2571f48.jpg?ver=1777048341","caption":"Hern\u00e1n L\u00f3pez"},"url":"https:\/\/diarioprincipios.com\/index.php\/author\/hernan\/"}]}},"jetpack_featured_media_url":"https:\/\/diarioprincipios.com\/wp-content\/uploads\/2020\/09\/copa-libertadores-1-1280x720_1599774589.jpg","_links":{"self":[{"href":"https:\/\/diarioprincipios.com\/index.php\/wp-json\/wp\/v2\/posts\/5531","targetHints":{"allow":["GET"]}}],"collection":[{"href":"https:\/\/diarioprincipios.com\/index.php\/wp-json\/wp\/v2\/posts"}],"about":[{"href":"https:\/\/diarioprincipios.com\/index.php\/wp-json\/wp\/v2\/types\/post"}],"author":[{"embeddable":true,"href":"https:\/\/diarioprincipios.com\/index.php\/wp-json\/wp\/v2\/users\/2"}],"replies":[{"embeddable":true,"href":"https:\/\/diarioprincipios.com\/index.php\/wp-json\/wp\/v2\/comments?post=5531"}],"version-history":[{"count":1,"href":"https:\/\/diarioprincipios.com\/index.php\/wp-json\/wp\/v2\/posts\/5531\/revisions"}],"predecessor-version":[{"id":5533,"href":"https:\/\/diarioprincipios.com\/index.php\/wp-json\/wp\/v2\/posts\/5531\/revisions\/5533"}],"wp:featuredmedia":[{"embeddable":true,"href":"https:\/\/diarioprincipios.com\/index.php\/wp-json\/wp\/v2\/media\/5532"}],"wp:attachment":[{"href":"https:\/\/diarioprincipios.com\/index.php\/wp-json\/wp\/v2\/media?parent=5531"}],"wp:term":[{"taxonomy":"category","embeddable":true,"href":"https:\/\/diarioprincipios.com\/index.php\/wp-json\/wp\/v2\/categories?post=5531"},{"taxonomy":"post_tag","embeddable":true,"href":"https:\/\/diarioprincipios.com\/index.php\/wp-json\/wp\/v2\/tags?post=5531"}],"curies":[{"name":"wp","href":"https:\/\/api.w.org\/{rel}","templated":true}]}}