{"id":5528,"date":"2020-09-14T16:48:49","date_gmt":"2020-09-14T19:48:49","guid":{"rendered":"http:\/\/diarioprincipios.com\/?p=5528"},"modified":"2020-09-14T23:27:49","modified_gmt":"2020-09-15T02:27:49","slug":"presentan-en-diputados-proyecto-de-ley-para-extender-congelamiento-de-alquileres-hasta-marzo","status":"publish","type":"post","link":"https:\/\/diarioprincipios.com\/index.php\/2020\/09\/14\/presentan-en-diputados-proyecto-de-ley-para-extender-congelamiento-de-alquileres-hasta-marzo\/","title":{"rendered":"Presentan en Diputados proyecto de ley para extender congelamiento de alquileres hasta marzo"},"content":{"rendered":"\n<p>La diputada nacional Fernanda Vallejos present\u00f3 hoy en la C\u00e1mara de Diputados un proyecto de ley para extender el congelamiento de alquileres y la suspensi\u00f3n de los desalojos hasta marzo del pr\u00f3ximo a\u00f1o, una iniciativa que se suma a la presentada por la senadora Mar\u00eda de los \u00c1ngeles Sacnun en la C\u00e1mara alta.<\/p>\n\n\n\n<p>El proyecto de Vallejos postula que la vigencia del DNU 320\/20 -que finaliza el 30 de este mes- debe prorrogarse hasta el 31 de marzo de 2021 y entre los argumentos se\u00f1ala el pedido de las entidades de inquilinos en tal sentido \u00abpor la imposibilidad de pagar el alquiler\u00bb.<\/p>\n\n\n\n<p>\u00abEs fundamental y necesario -agreg\u00f3- extender por lo menos hasta el mes de marzo de 2021 dicha medida, sobre todo teniendo en cuenta los \u00faltimos datos y la necesidad de continuar resguardando la situaci\u00f3n habitacional de las personas y familias que alquilan\u00bb.<\/p>\n\n\n\n<p>\u00abCabe ser destacado que la emergencia producida por la pandemia, con sus consecuencias econ\u00f3micas, torna de muy dif\u00edcil cumplimiento para una importante cantidad de locatarios y locatarias, trabajadores, trabajadoras, comerciantes, profesionales, industriales, peque\u00f1os y medianos empresarios para hacer frente a sus obligaciones en los t\u00e9rminos estipulados en los contratos\u00bb, se\u00f1al\u00f3.<\/p>\n\n\n\n<p>El presidente de Inquilinos Agrupados, Gervasio Mu\u00f1oz, destac\u00f3 la iniciativa: \u00abSabemos que el Gobierno nacional est\u00e1 trabajando en la extensi\u00f3n del decreto y en un plan de desendeudamiento\u00bb.<\/p>\n\n\n\n<p>En un comunicado, consider\u00f3 necesario que el Gobierno nacional \u00ablo comunique oficialmente para frenar la presi\u00f3n de las inmobiliarias y los propietarios sobre los inquilinos. Los niveles de incertidumbre y angustia son enormes\u00bb.<\/p>\n\n\n\n<p>\u00abNo pueden anunciar la extensi\u00f3n un d\u00eda antes de que venza el decreto actual, si esperan hasta ese momento, ya miles de familias habr\u00e1n sido echadas de forma violenta o econ\u00f3micamente de sus casas. Es m\u00e1s sencillo solucionar esto ahora, y no cuando ya est\u00e9n en la calle\u201d, afirm\u00f3.<\/p>\n\n\n\n<p>De acuerdo con la Federaci\u00f3n de Inquilinos, hay aproximadamente un mill\u00f3n de familias en condiciones de ser desalojadas a partir de octubre por las deudas acumuladas y el 47,4% de los inquilinos del pa\u00eds percibe menos ingresos desde que comenz\u00f3 la pandemia, y de este segmento el 40,6% est\u00e1 endeudado.<\/p>\n","protected":false},"excerpt":{"rendered":"<p>La diputada nacional Fernanda Vallejos present\u00f3 hoy en la C\u00e1mara de Diputados un proyecto de ley para extender el congelamiento de alquileres y la suspensi\u00f3n de los desalojos hasta marzo del pr\u00f3ximo a\u00f1o, una iniciativa que se suma a la presentada por la senadora Mar\u00eda de los \u00c1ngeles Sacnun en la C\u00e1mara alta. El proyecto&#8230;<\/p>\n","protected":false},"author":2,"featured_media":5550,"comment_status":"open","ping_status":"open","sticky":false,"template":"","format":"standard","meta":{"footnotes":""},"categories":[10],"tags":[],"class_list":["post-5528","post","type-post","status-publish","format-standard","has-post-thumbnail","hentry","category-nacion"],"featured_image_src":"https:\/\/diarioprincipios.com\/wp-content\/uploads\/2020\/09\/20200914_232641.jpg","blog_images":{"medium":"https:\/\/diarioprincipios.com\/wp-content\/uploads\/2020\/09\/20200914_232641-300x178.jpg","large":"https:\/\/diarioprincipios.com\/wp-content\/uploads\/2020\/09\/20200914_232641.jpg"},"ams_acf":[],"yoast_head":"<!-- This site is optimized with the Yoast SEO plugin v27.3 - https:\/\/yoast.com\/product\/yoast-seo-wordpress\/ -->\n<title>Presentan en Diputados proyecto de ley para extender congelamiento de alquileres hasta marzo - Principios<\/title>\n<meta name=\"robots\" content=\"index, follow, max-snippet:-1, max-image-preview:large, max-video-preview:-1\" \/>\n<link rel=\"canonical\" href=\"https:\/\/diarioprincipios.com\/index.php\/2020\/09\/14\/presentan-en-diputados-proyecto-de-ley-para-extender-congelamiento-de-alquileres-hasta-marzo\/\" \/>\n<meta property=\"og:locale\" content=\"es_ES\" \/>\n<meta property=\"og:type\" content=\"article\" \/>\n<meta property=\"og:title\" content=\"Presentan en Diputados proyecto de ley para extender congelamiento de alquileres hasta marzo - Principios\" \/>\n<meta property=\"og:description\" content=\"La diputada nacional Fernanda Vallejos present\u00f3 hoy en la C\u00e1mara de Diputados un proyecto de ley para extender el congelamiento de alquileres y la suspensi\u00f3n de los desalojos hasta marzo del pr\u00f3ximo a\u00f1o, una iniciativa que se suma a la presentada por la senadora Mar\u00eda de los \u00c1ngeles Sacnun en la C\u00e1mara alta. El proyecto...\" \/>\n<meta property=\"og:url\" content=\"https:\/\/diarioprincipios.com\/index.php\/2020\/09\/14\/presentan-en-diputados-proyecto-de-ley-para-extender-congelamiento-de-alquileres-hasta-marzo\/\" \/>\n<meta property=\"og:site_name\" content=\"Principios\" \/>\n<meta property=\"article:published_time\" content=\"2020-09-14T19:48:49+00:00\" \/>\n<meta property=\"article:modified_time\" content=\"2020-09-15T02:27:49+00:00\" \/>\n<meta property=\"og:image\" content=\"https:\/\/diarioprincipios.com\/wp-content\/uploads\/2020\/09\/20200914_232641.jpg\" \/>\n\t<meta property=\"og:image:width\" content=\"757\" \/>\n\t<meta property=\"og:image:height\" content=\"449\" \/>\n\t<meta property=\"og:image:type\" content=\"image\/jpeg\" \/>\n<meta name=\"author\" content=\"Hern\u00e1n L\u00f3pez\" \/>\n<meta name=\"twitter:card\" content=\"summary_large_image\" \/>\n<meta name=\"twitter:label1\" content=\"Escrito por\" \/>\n\t<meta name=\"twitter:data1\" content=\"Hern\u00e1n L\u00f3pez\" \/>\n\t<meta name=\"twitter:label2\" content=\"Tiempo de lectura\" \/>\n\t<meta name=\"twitter:data2\" content=\"2 minutos\" \/>\n<script type=\"application\/ld+json\" class=\"yoast-schema-graph\">{\"@context\":\"https:\\\/\\\/schema.org\",\"@graph\":[{\"@type\":\"Article\",\"@id\":\"https:\\\/\\\/diarioprincipios.com\\\/index.php\\\/2020\\\/09\\\/14\\\/presentan-en-diputados-proyecto-de-ley-para-extender-congelamiento-de-alquileres-hasta-marzo\\\/#article\",\"isPartOf\":{\"@id\":\"https:\\\/\\\/diarioprincipios.com\\\/index.php\\\/2020\\\/09\\\/14\\\/presentan-en-diputados-proyecto-de-ley-para-extender-congelamiento-de-alquileres-hasta-marzo\\\/\"},\"author\":{\"name\":\"Hern\u00e1n L\u00f3pez\",\"@id\":\"https:\\\/\\\/diarioprincipios.com\\\/#\\\/schema\\\/person\\\/436d5a1fd41a5e250e23ff5a6a7cb080\"},\"headline\":\"Presentan en Diputados proyecto de ley para extender congelamiento de alquileres hasta marzo\",\"datePublished\":\"2020-09-14T19:48:49+00:00\",\"dateModified\":\"2020-09-15T02:27:49+00:00\",\"mainEntityOfPage\":{\"@id\":\"https:\\\/\\\/diarioprincipios.com\\\/index.php\\\/2020\\\/09\\\/14\\\/presentan-en-diputados-proyecto-de-ley-para-extender-congelamiento-de-alquileres-hasta-marzo\\\/\"},\"wordCount\":386,\"commentCount\":0,\"publisher\":{\"@id\":\"https:\\\/\\\/diarioprincipios.com\\\/#organization\"},\"image\":{\"@id\":\"https:\\\/\\\/diarioprincipios.com\\\/index.php\\\/2020\\\/09\\\/14\\\/presentan-en-diputados-proyecto-de-ley-para-extender-congelamiento-de-alquileres-hasta-marzo\\\/#primaryimage\"},\"thumbnailUrl\":\"https:\\\/\\\/diarioprincipios.com\\\/wp-content\\\/uploads\\\/2020\\\/09\\\/20200914_232641.jpg\",\"articleSection\":[\"Naci\u00f3n\"],\"inLanguage\":\"es\",\"potentialAction\":[{\"@type\":\"CommentAction\",\"name\":\"Comment\",\"target\":[\"https:\\\/\\\/diarioprincipios.com\\\/index.php\\\/2020\\\/09\\\/14\\\/presentan-en-diputados-proyecto-de-ley-para-extender-congelamiento-de-alquileres-hasta-marzo\\\/#respond\"]}]},{\"@type\":\"WebPage\",\"@id\":\"https:\\\/\\\/diarioprincipios.com\\\/index.php\\\/2020\\\/09\\\/14\\\/presentan-en-diputados-proyecto-de-ley-para-extender-congelamiento-de-alquileres-hasta-marzo\\\/\",\"url\":\"https:\\\/\\\/diarioprincipios.com\\\/index.php\\\/2020\\\/09\\\/14\\\/presentan-en-diputados-proyecto-de-ley-para-extender-congelamiento-de-alquileres-hasta-marzo\\\/\",\"name\":\"Presentan en Diputados proyecto de ley para extender congelamiento de alquileres hasta marzo - Principios\",\"isPartOf\":{\"@id\":\"https:\\\/\\\/diarioprincipios.com\\\/#website\"},\"primaryImageOfPage\":{\"@id\":\"https:\\\/\\\/diarioprincipios.com\\\/index.php\\\/2020\\\/09\\\/14\\\/presentan-en-diputados-proyecto-de-ley-para-extender-congelamiento-de-alquileres-hasta-marzo\\\/#primaryimage\"},\"image\":{\"@id\":\"https:\\\/\\\/diarioprincipios.com\\\/index.php\\\/2020\\\/09\\\/14\\\/presentan-en-diputados-proyecto-de-ley-para-extender-congelamiento-de-alquileres-hasta-marzo\\\/#primaryimage\"},\"thumbnailUrl\":\"https:\\\/\\\/diarioprincipios.com\\\/wp-content\\\/uploads\\\/2020\\\/09\\\/20200914_232641.jpg\",\"datePublished\":\"2020-09-14T19:48:49+00:00\",\"dateModified\":\"2020-09-15T02:27:49+00:00\",\"breadcrumb\":{\"@id\":\"https:\\\/\\\/diarioprincipios.com\\\/index.php\\\/2020\\\/09\\\/14\\\/presentan-en-diputados-proyecto-de-ley-para-extender-congelamiento-de-alquileres-hasta-marzo\\\/#breadcrumb\"},\"inLanguage\":\"es\",\"potentialAction\":[{\"@type\":\"ReadAction\",\"target\":[\"https:\\\/\\\/diarioprincipios.com\\\/index.php\\\/2020\\\/09\\\/14\\\/presentan-en-diputados-proyecto-de-ley-para-extender-congelamiento-de-alquileres-hasta-marzo\\\/\"]}]},{\"@type\":\"ImageObject\",\"inLanguage\":\"es\",\"@id\":\"https:\\\/\\\/diarioprincipios.com\\\/index.php\\\/2020\\\/09\\\/14\\\/presentan-en-diputados-proyecto-de-ley-para-extender-congelamiento-de-alquileres-hasta-marzo\\\/#primaryimage\",\"url\":\"https:\\\/\\\/diarioprincipios.com\\\/wp-content\\\/uploads\\\/2020\\\/09\\\/20200914_232641.jpg\",\"contentUrl\":\"https:\\\/\\\/diarioprincipios.com\\\/wp-content\\\/uploads\\\/2020\\\/09\\\/20200914_232641.jpg\",\"width\":757,\"height\":449},{\"@type\":\"BreadcrumbList\",\"@id\":\"https:\\\/\\\/diarioprincipios.com\\\/index.php\\\/2020\\\/09\\\/14\\\/presentan-en-diputados-proyecto-de-ley-para-extender-congelamiento-de-alquileres-hasta-marzo\\\/#breadcrumb\",\"itemListElement\":[{\"@type\":\"ListItem\",\"position\":1,\"name\":\"Portada\",\"item\":\"https:\\\/\\\/diarioprincipios.com\\\/\"},{\"@type\":\"ListItem\",\"position\":2,\"name\":\"Presentan en Diputados proyecto de ley para extender congelamiento de alquileres hasta marzo\"}]},{\"@type\":\"WebSite\",\"@id\":\"https:\\\/\\\/diarioprincipios.com\\\/#website\",\"url\":\"https:\\\/\\\/diarioprincipios.com\\\/\",\"name\":\"Principios\",\"description\":\"Principios Diario\",\"publisher\":{\"@id\":\"https:\\\/\\\/diarioprincipios.com\\\/#organization\"},\"potentialAction\":[{\"@type\":\"SearchAction\",\"target\":{\"@type\":\"EntryPoint\",\"urlTemplate\":\"https:\\\/\\\/diarioprincipios.com\\\/?s={search_term_string}\"},\"query-input\":{\"@type\":\"PropertyValueSpecification\",\"valueRequired\":true,\"valueName\":\"search_term_string\"}}],\"inLanguage\":\"es\"},{\"@type\":\"Organization\",\"@id\":\"https:\\\/\\\/diarioprincipios.com\\\/#organization\",\"name\":\"Principios\",\"url\":\"https:\\\/\\\/diarioprincipios.com\\\/\",\"logo\":{\"@type\":\"ImageObject\",\"inLanguage\":\"es\",\"@id\":\"https:\\\/\\\/diarioprincipios.com\\\/#\\\/schema\\\/logo\\\/image\\\/\",\"url\":\"https:\\\/\\\/diarioprincipios.com\\\/wp-content\\\/uploads\\\/2024\\\/04\\\/cropped-www.diarioprincipios.com_-1.png\",\"contentUrl\":\"https:\\\/\\\/diarioprincipios.com\\\/wp-content\\\/uploads\\\/2024\\\/04\\\/cropped-www.diarioprincipios.com_-1.png\",\"width\":5325,\"height\":1454,\"caption\":\"Principios\"},\"image\":{\"@id\":\"https:\\\/\\\/diarioprincipios.com\\\/#\\\/schema\\\/logo\\\/image\\\/\"}},{\"@type\":\"Person\",\"@id\":\"https:\\\/\\\/diarioprincipios.com\\\/#\\\/schema\\\/person\\\/436d5a1fd41a5e250e23ff5a6a7cb080\",\"name\":\"Hern\u00e1n L\u00f3pez\",\"image\":{\"@type\":\"ImageObject\",\"inLanguage\":\"es\",\"@id\":\"https:\\\/\\\/diarioprincipios.com\\\/wp-content\\\/litespeed\\\/avatar\\\/11ddfe5610ff3bd100522525b2571f48.jpg?ver=1777048341\",\"url\":\"https:\\\/\\\/diarioprincipios.com\\\/wp-content\\\/litespeed\\\/avatar\\\/11ddfe5610ff3bd100522525b2571f48.jpg?ver=1777048341\",\"contentUrl\":\"https:\\\/\\\/diarioprincipios.com\\\/wp-content\\\/litespeed\\\/avatar\\\/11ddfe5610ff3bd100522525b2571f48.jpg?ver=1777048341\",\"caption\":\"Hern\u00e1n L\u00f3pez\"},\"url\":\"https:\\\/\\\/diarioprincipios.com\\\/index.php\\\/author\\\/hernan\\\/\"}]}<\/script>\n<!-- \/ Yoast SEO plugin. -->","yoast_head_json":{"title":"Presentan en Diputados proyecto de ley para extender congelamiento de alquileres hasta marzo - Principios","robots":{"index":"index","follow":"follow","max-snippet":"max-snippet:-1","max-image-preview":"max-image-preview:large","max-video-preview":"max-video-preview:-1"},"canonical":"https:\/\/diarioprincipios.com\/index.php\/2020\/09\/14\/presentan-en-diputados-proyecto-de-ley-para-extender-congelamiento-de-alquileres-hasta-marzo\/","og_locale":"es_ES","og_type":"article","og_title":"Presentan en Diputados proyecto de ley para extender congelamiento de alquileres hasta marzo - Principios","og_description":"La diputada nacional Fernanda Vallejos present\u00f3 hoy en la C\u00e1mara de Diputados un proyecto de ley para extender el congelamiento de alquileres y la suspensi\u00f3n de los desalojos hasta marzo del pr\u00f3ximo a\u00f1o, una iniciativa que se suma a la presentada por la senadora Mar\u00eda de los \u00c1ngeles Sacnun en la C\u00e1mara alta. El proyecto...","og_url":"https:\/\/diarioprincipios.com\/index.php\/2020\/09\/14\/presentan-en-diputados-proyecto-de-ley-para-extender-congelamiento-de-alquileres-hasta-marzo\/","og_site_name":"Principios","article_published_time":"2020-09-14T19:48:49+00:00","article_modified_time":"2020-09-15T02:27:49+00:00","og_image":[{"width":757,"height":449,"url":"https:\/\/diarioprincipios.com\/wp-content\/uploads\/2020\/09\/20200914_232641.jpg","type":"image\/jpeg"}],"author":"Hern\u00e1n L\u00f3pez","twitter_card":"summary_large_image","twitter_misc":{"Escrito por":"Hern\u00e1n L\u00f3pez","Tiempo de lectura":"2 minutos"},"schema":{"@context":"https:\/\/schema.org","@graph":[{"@type":"Article","@id":"https:\/\/diarioprincipios.com\/index.php\/2020\/09\/14\/presentan-en-diputados-proyecto-de-ley-para-extender-congelamiento-de-alquileres-hasta-marzo\/#article","isPartOf":{"@id":"https:\/\/diarioprincipios.com\/index.php\/2020\/09\/14\/presentan-en-diputados-proyecto-de-ley-para-extender-congelamiento-de-alquileres-hasta-marzo\/"},"author":{"name":"Hern\u00e1n L\u00f3pez","@id":"https:\/\/diarioprincipios.com\/#\/schema\/person\/436d5a1fd41a5e250e23ff5a6a7cb080"},"headline":"Presentan en Diputados proyecto de ley para extender congelamiento de alquileres hasta marzo","datePublished":"2020-09-14T19:48:49+00:00","dateModified":"2020-09-15T02:27:49+00:00","mainEntityOfPage":{"@id":"https:\/\/diarioprincipios.com\/index.php\/2020\/09\/14\/presentan-en-diputados-proyecto-de-ley-para-extender-congelamiento-de-alquileres-hasta-marzo\/"},"wordCount":386,"commentCount":0,"publisher":{"@id":"https:\/\/diarioprincipios.com\/#organization"},"image":{"@id":"https:\/\/diarioprincipios.com\/index.php\/2020\/09\/14\/presentan-en-diputados-proyecto-de-ley-para-extender-congelamiento-de-alquileres-hasta-marzo\/#primaryimage"},"thumbnailUrl":"https:\/\/diarioprincipios.com\/wp-content\/uploads\/2020\/09\/20200914_232641.jpg","articleSection":["Naci\u00f3n"],"inLanguage":"es","potentialAction":[{"@type":"CommentAction","name":"Comment","target":["https:\/\/diarioprincipios.com\/index.php\/2020\/09\/14\/presentan-en-diputados-proyecto-de-ley-para-extender-congelamiento-de-alquileres-hasta-marzo\/#respond"]}]},{"@type":"WebPage","@id":"https:\/\/diarioprincipios.com\/index.php\/2020\/09\/14\/presentan-en-diputados-proyecto-de-ley-para-extender-congelamiento-de-alquileres-hasta-marzo\/","url":"https:\/\/diarioprincipios.com\/index.php\/2020\/09\/14\/presentan-en-diputados-proyecto-de-ley-para-extender-congelamiento-de-alquileres-hasta-marzo\/","name":"Presentan en Diputados proyecto de ley para extender congelamiento de alquileres hasta marzo - Principios","isPartOf":{"@id":"https:\/\/diarioprincipios.com\/#website"},"primaryImageOfPage":{"@id":"https:\/\/diarioprincipios.com\/index.php\/2020\/09\/14\/presentan-en-diputados-proyecto-de-ley-para-extender-congelamiento-de-alquileres-hasta-marzo\/#primaryimage"},"image":{"@id":"https:\/\/diarioprincipios.com\/index.php\/2020\/09\/14\/presentan-en-diputados-proyecto-de-ley-para-extender-congelamiento-de-alquileres-hasta-marzo\/#primaryimage"},"thumbnailUrl":"https:\/\/diarioprincipios.com\/wp-content\/uploads\/2020\/09\/20200914_232641.jpg","datePublished":"2020-09-14T19:48:49+00:00","dateModified":"2020-09-15T02:27:49+00:00","breadcrumb":{"@id":"https:\/\/diarioprincipios.com\/index.php\/2020\/09\/14\/presentan-en-diputados-proyecto-de-ley-para-extender-congelamiento-de-alquileres-hasta-marzo\/#breadcrumb"},"inLanguage":"es","potentialAction":[{"@type":"ReadAction","target":["https:\/\/diarioprincipios.com\/index.php\/2020\/09\/14\/presentan-en-diputados-proyecto-de-ley-para-extender-congelamiento-de-alquileres-hasta-marzo\/"]}]},{"@type":"ImageObject","inLanguage":"es","@id":"https:\/\/diarioprincipios.com\/index.php\/2020\/09\/14\/presentan-en-diputados-proyecto-de-ley-para-extender-congelamiento-de-alquileres-hasta-marzo\/#primaryimage","url":"https:\/\/diarioprincipios.com\/wp-content\/uploads\/2020\/09\/20200914_232641.jpg","contentUrl":"https:\/\/diarioprincipios.com\/wp-content\/uploads\/2020\/09\/20200914_232641.jpg","width":757,"height":449},{"@type":"BreadcrumbList","@id":"https:\/\/diarioprincipios.com\/index.php\/2020\/09\/14\/presentan-en-diputados-proyecto-de-ley-para-extender-congelamiento-de-alquileres-hasta-marzo\/#breadcrumb","itemListElement":[{"@type":"ListItem","position":1,"name":"Portada","item":"https:\/\/diarioprincipios.com\/"},{"@type":"ListItem","position":2,"name":"Presentan en Diputados proyecto de ley para extender congelamiento de alquileres hasta marzo"}]},{"@type":"WebSite","@id":"https:\/\/diarioprincipios.com\/#website","url":"https:\/\/diarioprincipios.com\/","name":"Principios","description":"Principios Diario","publisher":{"@id":"https:\/\/diarioprincipios.com\/#organization"},"potentialAction":[{"@type":"SearchAction","target":{"@type":"EntryPoint","urlTemplate":"https:\/\/diarioprincipios.com\/?s={search_term_string}"},"query-input":{"@type":"PropertyValueSpecification","valueRequired":true,"valueName":"search_term_string"}}],"inLanguage":"es"},{"@type":"Organization","@id":"https:\/\/diarioprincipios.com\/#organization","name":"Principios","url":"https:\/\/diarioprincipios.com\/","logo":{"@type":"ImageObject","inLanguage":"es","@id":"https:\/\/diarioprincipios.com\/#\/schema\/logo\/image\/","url":"https:\/\/diarioprincipios.com\/wp-content\/uploads\/2024\/04\/cropped-www.diarioprincipios.com_-1.png","contentUrl":"https:\/\/diarioprincipios.com\/wp-content\/uploads\/2024\/04\/cropped-www.diarioprincipios.com_-1.png","width":5325,"height":1454,"caption":"Principios"},"image":{"@id":"https:\/\/diarioprincipios.com\/#\/schema\/logo\/image\/"}},{"@type":"Person","@id":"https:\/\/diarioprincipios.com\/#\/schema\/person\/436d5a1fd41a5e250e23ff5a6a7cb080","name":"Hern\u00e1n L\u00f3pez","image":{"@type":"ImageObject","inLanguage":"es","@id":"https:\/\/diarioprincipios.com\/wp-content\/litespeed\/avatar\/11ddfe5610ff3bd100522525b2571f48.jpg?ver=1777048341","url":"https:\/\/diarioprincipios.com\/wp-content\/litespeed\/avatar\/11ddfe5610ff3bd100522525b2571f48.jpg?ver=1777048341","contentUrl":"https:\/\/diarioprincipios.com\/wp-content\/litespeed\/avatar\/11ddfe5610ff3bd100522525b2571f48.jpg?ver=1777048341","caption":"Hern\u00e1n L\u00f3pez"},"url":"https:\/\/diarioprincipios.com\/index.php\/author\/hernan\/"}]}},"jetpack_featured_media_url":"https:\/\/diarioprincipios.com\/wp-content\/uploads\/2020\/09\/20200914_232641.jpg","_links":{"self":[{"href":"https:\/\/diarioprincipios.com\/index.php\/wp-json\/wp\/v2\/posts\/5528","targetHints":{"allow":["GET"]}}],"collection":[{"href":"https:\/\/diarioprincipios.com\/index.php\/wp-json\/wp\/v2\/posts"}],"about":[{"href":"https:\/\/diarioprincipios.com\/index.php\/wp-json\/wp\/v2\/types\/post"}],"author":[{"embeddable":true,"href":"https:\/\/diarioprincipios.com\/index.php\/wp-json\/wp\/v2\/users\/2"}],"replies":[{"embeddable":true,"href":"https:\/\/diarioprincipios.com\/index.php\/wp-json\/wp\/v2\/comments?post=5528"}],"version-history":[{"count":1,"href":"https:\/\/diarioprincipios.com\/index.php\/wp-json\/wp\/v2\/posts\/5528\/revisions"}],"predecessor-version":[{"id":5530,"href":"https:\/\/diarioprincipios.com\/index.php\/wp-json\/wp\/v2\/posts\/5528\/revisions\/5530"}],"wp:featuredmedia":[{"embeddable":true,"href":"https:\/\/diarioprincipios.com\/index.php\/wp-json\/wp\/v2\/media\/5550"}],"wp:attachment":[{"href":"https:\/\/diarioprincipios.com\/index.php\/wp-json\/wp\/v2\/media?parent=5528"}],"wp:term":[{"taxonomy":"category","embeddable":true,"href":"https:\/\/diarioprincipios.com\/index.php\/wp-json\/wp\/v2\/categories?post=5528"},{"taxonomy":"post_tag","embeddable":true,"href":"https:\/\/diarioprincipios.com\/index.php\/wp-json\/wp\/v2\/tags?post=5528"}],"curies":[{"name":"wp","href":"https:\/\/api.w.org\/{rel}","templated":true}]}}