{"id":5522,"date":"2020-09-14T16:34:40","date_gmt":"2020-09-14T19:34:40","guid":{"rendered":"http:\/\/diarioprincipios.com\/?p=5522"},"modified":"2020-09-14T16:34:45","modified_gmt":"2020-09-14T19:34:45","slug":"el-cambio-climatico-irrumpe-en-la-campana-presidencial-por-los-incendios-en-el-oeste-de-eeuu","status":"publish","type":"post","link":"https:\/\/diarioprincipios.com\/index.php\/2020\/09\/14\/el-cambio-climatico-irrumpe-en-la-campana-presidencial-por-los-incendios-en-el-oeste-de-eeuu\/","title":{"rendered":"El cambio clim\u00e1tico irrumpe en la campa\u00f1a presidencial por los incendios en el oeste de EEUU"},"content":{"rendered":"\n<p>Tras semanas de incendios que devastaron m\u00e1s de dos millones de hect\u00e1reas y provocaron 27 muertes en el oeste de Estados Unidos, el debate sobre el cambio clim\u00e1tico y la gesti\u00f3n ambiental del Gobierno de Donald Trump se instalaron hoy en el centro de la campa\u00f1a presidencial, a 50 d\u00edas de las elecciones.<\/p>\n\n\n\n<p>Los estados m\u00e1s golpeados han sido Washington, Oregon y, por lejos, California. Por eso, el presidente y candidato a la reelecci\u00f3n visit\u00f3 hoy la capital de ese estado, Sacramento, donde se reunir\u00e1 con un grupo de bomberos y autoridades locales.<\/p>\n\n\n\n<p>Antes, ni bien lleg\u00f3 a California, habl\u00f3 con la prensa, evit\u00f3 las preguntas sobre el cambio clim\u00e1tico y dej\u00f3 claro que el eje de la gesti\u00f3n debe ser \u00abuna mejor gesti\u00f3n forestal\u00bb.<\/p>\n\n\n\n<p>\u00abTenemos que hacer mucho sobre gesti\u00f3n forestal. Cuando se caen los \u00e1rboles, despu\u00e9s de 18 meses, se vuelven muy secos, como un f\u00f3sforo, y pueden simplemente explotar. Tambi\u00e9n pasa con las hojas cuando hay a\u00f1os de hojas secas en el piso. Y, adem\u00e1s, hay que podar para evitar que se expanda despu\u00e9s el fuego\u00bb, asegur\u00f3 el mandatario desde la pista de aterrizaje.<\/p>\n\n\n\n<p>\u00abHace tres a\u00f1os que pido una mejor gesti\u00f3n forestal y espero que empecemos a trabajar sobre eso\u00bb, agreg\u00f3 y cont\u00f3 que luego viajar\u00e1 a Arizona para reunirse con \u00abun grupo de hispanos\u00bb, seg\u00fan transmiti\u00f3 el canal ABC.<\/p>\n\n\n\n<p>Mientras la candidata a vicepresidente dem\u00f3crata y senadora por California, Kalama Harris, se preparaba para llegar esta noche a ese estado y ver con sus propios ojos la devastaci\u00f3n provocada por los incendios, m\u00e1s temprano, desde Wilmington, Delaware, su compa\u00f1ero de f\u00f3rmula, Joe Biden, dio un discurso centrado en el cambio clim\u00e1tico y la gesti\u00f3n de Trump, con un campo de trigo de fondo.<\/p>\n\n\n\n<p>\u00abEl presidente est\u00e1 por viajar a California y sabemos que no se va a reunir con los cient\u00edficos ni va a tratar esta crisis con la seriedad que amerita. El Oeste est\u00e1 literalmente en llamas y \u00e9l est\u00e1 culpando a las familias a las que se les est\u00e1 incendiando las casas\u00bb, asegur\u00f3, en referencia al foco del mandatario sobre la mala gesti\u00f3n forestal en esa regi\u00f3n.<\/p>\n\n\n\n<p>Tambi\u00e9n record\u00f3 la visita de Trump a Puerto Rico tras la devastadora tormenta Mar\u00eda hace tres a\u00f1os: \u00abEs el mismo presidente que le tir\u00f3 papeles higi\u00e9nicos a los puertorrique\u00f1os cuando necesitaban su ayuda\u00bb.<\/p>\n\n\n\n<p>Biden incluso un paralelismo entre el discurso alarmista del mandatario sobre la inseguridad y el crecimiento de la criminalidad -intensificado con la campa\u00f1a- y su gesti\u00f3n ambiental.<\/p>\n\n\n\n<p>\u00abTrump habla de la amenaza criminal a nuestras ciudades y pueblos, pero la verdadera amenaza son los incendios, las inundaciones y las s\u00faper tormentas\u00bb, sentenci\u00f3 Biden, quien calific\u00f3 al cambio clim\u00e1tico como \u00abla crisis existencial que definir\u00e1 el futuro del pa\u00eds\u00bb, y record\u00f3 tambi\u00e9n las sequ\u00edas r\u00e9cords que est\u00e1n sufriendo los agricultores del centro-oeste del pa\u00eds.<\/p>\n\n\n\n<p>\u00abEsta crisis requiere acci\u00f3n, no negaci\u00f3n\u00bb, agreg\u00f3, en referencia a las repetidas ocasiones en que Trump o miembros de su Gobierno negaron los fundamentos cient\u00edficos que sostienen el calentamiento global causado por el ser humano.<\/p>\n\n\n\n<p>\u00abEl impacto del cambio clim\u00e1tico no es un fen\u00f3meno partidario, es ciencia, y, por eso, nuestra respuesta debe ser cient\u00edfica, no puede ser partidaria\u00bb, sostuvo el candidato opositor, quien volvi\u00f3 a prometer que, de ganar las elecciones, retornar\u00e1 al Acuerdo de Par\u00eds, el mayor esfuerzo multilateral actual en materia ambiental.<\/p>\n\n\n\n<p>En las \u00faltimas semanas, Biden recibi\u00f3 apoyos de cient\u00edficos ganadores del premio N\u00f3bel, prometi\u00f3 basar su pol\u00edtica ambiental en la ciencia y las posibilidades econ\u00f3micas y laborales que generan las energ\u00edas sustentables, y apoy\u00f3 el New Deal Verde que impulsa el sector m\u00e1s progresista del Partido Dem\u00f3crata, con la congresista Alexandria Ocasio-Cortez.<\/p>\n","protected":false},"excerpt":{"rendered":"<p>Tras semanas de incendios que devastaron m\u00e1s de dos millones de hect\u00e1reas y provocaron 27 muertes en el oeste de Estados Unidos, el debate sobre el cambio clim\u00e1tico y la gesti\u00f3n ambiental del Gobierno de Donald Trump se instalaron hoy en el centro de la campa\u00f1a presidencial, a 50 d\u00edas de las elecciones. Los estados&#8230;<\/p>\n","protected":false},"author":2,"featured_media":5523,"comment_status":"open","ping_status":"open","sticky":false,"template":"","format":"standard","meta":{"footnotes":""},"categories":[1],"tags":[],"class_list":["post-5522","post","type-post","status-publish","format-standard","has-post-thumbnail","hentry","category-uncategorized"],"featured_image_src":"https:\/\/diarioprincipios.com\/wp-content\/uploads\/2020\/09\/1438539988_442645_1438540302_noticia_normal.jpg","blog_images":{"medium":"https:\/\/diarioprincipios.com\/wp-content\/uploads\/2020\/09\/1438539988_442645_1438540302_noticia_normal-300x194.jpg","large":"https:\/\/diarioprincipios.com\/wp-content\/uploads\/2020\/09\/1438539988_442645_1438540302_noticia_normal.jpg"},"ams_acf":[],"yoast_head":"<!-- This site is optimized with the Yoast SEO plugin v27.3 - https:\/\/yoast.com\/product\/yoast-seo-wordpress\/ -->\n<title>El cambio clim\u00e1tico irrumpe en la campa\u00f1a presidencial por los incendios en el oeste de EEUU - Principios<\/title>\n<meta name=\"robots\" content=\"index, follow, max-snippet:-1, max-image-preview:large, max-video-preview:-1\" \/>\n<link rel=\"canonical\" href=\"https:\/\/diarioprincipios.com\/index.php\/2020\/09\/14\/el-cambio-climatico-irrumpe-en-la-campana-presidencial-por-los-incendios-en-el-oeste-de-eeuu\/\" \/>\n<meta property=\"og:locale\" content=\"es_ES\" \/>\n<meta property=\"og:type\" content=\"article\" \/>\n<meta property=\"og:title\" content=\"El cambio clim\u00e1tico irrumpe en la campa\u00f1a presidencial por los incendios en el oeste de EEUU - Principios\" \/>\n<meta property=\"og:description\" content=\"Tras semanas de incendios que devastaron m\u00e1s de dos millones de hect\u00e1reas y provocaron 27 muertes en el oeste de Estados Unidos, el debate sobre el cambio clim\u00e1tico y la gesti\u00f3n ambiental del Gobierno de Donald Trump se instalaron hoy en el centro de la campa\u00f1a presidencial, a 50 d\u00edas de las elecciones. Los estados...\" \/>\n<meta property=\"og:url\" content=\"https:\/\/diarioprincipios.com\/index.php\/2020\/09\/14\/el-cambio-climatico-irrumpe-en-la-campana-presidencial-por-los-incendios-en-el-oeste-de-eeuu\/\" \/>\n<meta property=\"og:site_name\" content=\"Principios\" \/>\n<meta property=\"article:published_time\" content=\"2020-09-14T19:34:40+00:00\" \/>\n<meta property=\"article:modified_time\" content=\"2020-09-14T19:34:45+00:00\" \/>\n<meta property=\"og:image\" content=\"https:\/\/diarioprincipios.com\/wp-content\/uploads\/2020\/09\/1438539988_442645_1438540302_noticia_normal.jpg\" \/>\n\t<meta property=\"og:image:width\" content=\"560\" \/>\n\t<meta property=\"og:image:height\" content=\"363\" \/>\n\t<meta property=\"og:image:type\" content=\"image\/jpeg\" \/>\n<meta name=\"author\" content=\"Hern\u00e1n L\u00f3pez\" \/>\n<meta name=\"twitter:card\" content=\"summary_large_image\" \/>\n<meta name=\"twitter:label1\" content=\"Escrito por\" \/>\n\t<meta name=\"twitter:data1\" content=\"Hern\u00e1n L\u00f3pez\" \/>\n\t<meta name=\"twitter:label2\" content=\"Tiempo de lectura\" \/>\n\t<meta name=\"twitter:data2\" content=\"3 minutos\" \/>\n<script type=\"application\/ld+json\" class=\"yoast-schema-graph\">{\"@context\":\"https:\\\/\\\/schema.org\",\"@graph\":[{\"@type\":\"Article\",\"@id\":\"https:\\\/\\\/diarioprincipios.com\\\/index.php\\\/2020\\\/09\\\/14\\\/el-cambio-climatico-irrumpe-en-la-campana-presidencial-por-los-incendios-en-el-oeste-de-eeuu\\\/#article\",\"isPartOf\":{\"@id\":\"https:\\\/\\\/diarioprincipios.com\\\/index.php\\\/2020\\\/09\\\/14\\\/el-cambio-climatico-irrumpe-en-la-campana-presidencial-por-los-incendios-en-el-oeste-de-eeuu\\\/\"},\"author\":{\"name\":\"Hern\u00e1n L\u00f3pez\",\"@id\":\"https:\\\/\\\/diarioprincipios.com\\\/#\\\/schema\\\/person\\\/436d5a1fd41a5e250e23ff5a6a7cb080\"},\"headline\":\"El cambio clim\u00e1tico irrumpe en la campa\u00f1a presidencial por los incendios en el oeste de EEUU\",\"datePublished\":\"2020-09-14T19:34:40+00:00\",\"dateModified\":\"2020-09-14T19:34:45+00:00\",\"mainEntityOfPage\":{\"@id\":\"https:\\\/\\\/diarioprincipios.com\\\/index.php\\\/2020\\\/09\\\/14\\\/el-cambio-climatico-irrumpe-en-la-campana-presidencial-por-los-incendios-en-el-oeste-de-eeuu\\\/\"},\"wordCount\":682,\"commentCount\":0,\"publisher\":{\"@id\":\"https:\\\/\\\/diarioprincipios.com\\\/#organization\"},\"image\":{\"@id\":\"https:\\\/\\\/diarioprincipios.com\\\/index.php\\\/2020\\\/09\\\/14\\\/el-cambio-climatico-irrumpe-en-la-campana-presidencial-por-los-incendios-en-el-oeste-de-eeuu\\\/#primaryimage\"},\"thumbnailUrl\":\"https:\\\/\\\/diarioprincipios.com\\\/wp-content\\\/uploads\\\/2020\\\/09\\\/1438539988_442645_1438540302_noticia_normal.jpg\",\"articleSection\":[\"Uncategorized\"],\"inLanguage\":\"es\",\"potentialAction\":[{\"@type\":\"CommentAction\",\"name\":\"Comment\",\"target\":[\"https:\\\/\\\/diarioprincipios.com\\\/index.php\\\/2020\\\/09\\\/14\\\/el-cambio-climatico-irrumpe-en-la-campana-presidencial-por-los-incendios-en-el-oeste-de-eeuu\\\/#respond\"]}]},{\"@type\":\"WebPage\",\"@id\":\"https:\\\/\\\/diarioprincipios.com\\\/index.php\\\/2020\\\/09\\\/14\\\/el-cambio-climatico-irrumpe-en-la-campana-presidencial-por-los-incendios-en-el-oeste-de-eeuu\\\/\",\"url\":\"https:\\\/\\\/diarioprincipios.com\\\/index.php\\\/2020\\\/09\\\/14\\\/el-cambio-climatico-irrumpe-en-la-campana-presidencial-por-los-incendios-en-el-oeste-de-eeuu\\\/\",\"name\":\"El cambio clim\u00e1tico irrumpe en la campa\u00f1a presidencial por los incendios en el oeste de EEUU - Principios\",\"isPartOf\":{\"@id\":\"https:\\\/\\\/diarioprincipios.com\\\/#website\"},\"primaryImageOfPage\":{\"@id\":\"https:\\\/\\\/diarioprincipios.com\\\/index.php\\\/2020\\\/09\\\/14\\\/el-cambio-climatico-irrumpe-en-la-campana-presidencial-por-los-incendios-en-el-oeste-de-eeuu\\\/#primaryimage\"},\"image\":{\"@id\":\"https:\\\/\\\/diarioprincipios.com\\\/index.php\\\/2020\\\/09\\\/14\\\/el-cambio-climatico-irrumpe-en-la-campana-presidencial-por-los-incendios-en-el-oeste-de-eeuu\\\/#primaryimage\"},\"thumbnailUrl\":\"https:\\\/\\\/diarioprincipios.com\\\/wp-content\\\/uploads\\\/2020\\\/09\\\/1438539988_442645_1438540302_noticia_normal.jpg\",\"datePublished\":\"2020-09-14T19:34:40+00:00\",\"dateModified\":\"2020-09-14T19:34:45+00:00\",\"breadcrumb\":{\"@id\":\"https:\\\/\\\/diarioprincipios.com\\\/index.php\\\/2020\\\/09\\\/14\\\/el-cambio-climatico-irrumpe-en-la-campana-presidencial-por-los-incendios-en-el-oeste-de-eeuu\\\/#breadcrumb\"},\"inLanguage\":\"es\",\"potentialAction\":[{\"@type\":\"ReadAction\",\"target\":[\"https:\\\/\\\/diarioprincipios.com\\\/index.php\\\/2020\\\/09\\\/14\\\/el-cambio-climatico-irrumpe-en-la-campana-presidencial-por-los-incendios-en-el-oeste-de-eeuu\\\/\"]}]},{\"@type\":\"ImageObject\",\"inLanguage\":\"es\",\"@id\":\"https:\\\/\\\/diarioprincipios.com\\\/index.php\\\/2020\\\/09\\\/14\\\/el-cambio-climatico-irrumpe-en-la-campana-presidencial-por-los-incendios-en-el-oeste-de-eeuu\\\/#primaryimage\",\"url\":\"https:\\\/\\\/diarioprincipios.com\\\/wp-content\\\/uploads\\\/2020\\\/09\\\/1438539988_442645_1438540302_noticia_normal.jpg\",\"contentUrl\":\"https:\\\/\\\/diarioprincipios.com\\\/wp-content\\\/uploads\\\/2020\\\/09\\\/1438539988_442645_1438540302_noticia_normal.jpg\",\"width\":560,\"height\":363},{\"@type\":\"BreadcrumbList\",\"@id\":\"https:\\\/\\\/diarioprincipios.com\\\/index.php\\\/2020\\\/09\\\/14\\\/el-cambio-climatico-irrumpe-en-la-campana-presidencial-por-los-incendios-en-el-oeste-de-eeuu\\\/#breadcrumb\",\"itemListElement\":[{\"@type\":\"ListItem\",\"position\":1,\"name\":\"Portada\",\"item\":\"https:\\\/\\\/diarioprincipios.com\\\/\"},{\"@type\":\"ListItem\",\"position\":2,\"name\":\"El cambio clim\u00e1tico irrumpe en la campa\u00f1a presidencial por los incendios en el oeste de EEUU\"}]},{\"@type\":\"WebSite\",\"@id\":\"https:\\\/\\\/diarioprincipios.com\\\/#website\",\"url\":\"https:\\\/\\\/diarioprincipios.com\\\/\",\"name\":\"Principios\",\"description\":\"Principios Diario\",\"publisher\":{\"@id\":\"https:\\\/\\\/diarioprincipios.com\\\/#organization\"},\"potentialAction\":[{\"@type\":\"SearchAction\",\"target\":{\"@type\":\"EntryPoint\",\"urlTemplate\":\"https:\\\/\\\/diarioprincipios.com\\\/?s={search_term_string}\"},\"query-input\":{\"@type\":\"PropertyValueSpecification\",\"valueRequired\":true,\"valueName\":\"search_term_string\"}}],\"inLanguage\":\"es\"},{\"@type\":\"Organization\",\"@id\":\"https:\\\/\\\/diarioprincipios.com\\\/#organization\",\"name\":\"Principios\",\"url\":\"https:\\\/\\\/diarioprincipios.com\\\/\",\"logo\":{\"@type\":\"ImageObject\",\"inLanguage\":\"es\",\"@id\":\"https:\\\/\\\/diarioprincipios.com\\\/#\\\/schema\\\/logo\\\/image\\\/\",\"url\":\"https:\\\/\\\/diarioprincipios.com\\\/wp-content\\\/uploads\\\/2024\\\/04\\\/cropped-www.diarioprincipios.com_-1.png\",\"contentUrl\":\"https:\\\/\\\/diarioprincipios.com\\\/wp-content\\\/uploads\\\/2024\\\/04\\\/cropped-www.diarioprincipios.com_-1.png\",\"width\":5325,\"height\":1454,\"caption\":\"Principios\"},\"image\":{\"@id\":\"https:\\\/\\\/diarioprincipios.com\\\/#\\\/schema\\\/logo\\\/image\\\/\"}},{\"@type\":\"Person\",\"@id\":\"https:\\\/\\\/diarioprincipios.com\\\/#\\\/schema\\\/person\\\/436d5a1fd41a5e250e23ff5a6a7cb080\",\"name\":\"Hern\u00e1n L\u00f3pez\",\"image\":{\"@type\":\"ImageObject\",\"inLanguage\":\"es\",\"@id\":\"https:\\\/\\\/diarioprincipios.com\\\/wp-content\\\/litespeed\\\/avatar\\\/11ddfe5610ff3bd100522525b2571f48.jpg?ver=1777048341\",\"url\":\"https:\\\/\\\/diarioprincipios.com\\\/wp-content\\\/litespeed\\\/avatar\\\/11ddfe5610ff3bd100522525b2571f48.jpg?ver=1777048341\",\"contentUrl\":\"https:\\\/\\\/diarioprincipios.com\\\/wp-content\\\/litespeed\\\/avatar\\\/11ddfe5610ff3bd100522525b2571f48.jpg?ver=1777048341\",\"caption\":\"Hern\u00e1n L\u00f3pez\"},\"url\":\"https:\\\/\\\/diarioprincipios.com\\\/index.php\\\/author\\\/hernan\\\/\"}]}<\/script>\n<!-- \/ Yoast SEO plugin. -->","yoast_head_json":{"title":"El cambio clim\u00e1tico irrumpe en la campa\u00f1a presidencial por los incendios en el oeste de EEUU - Principios","robots":{"index":"index","follow":"follow","max-snippet":"max-snippet:-1","max-image-preview":"max-image-preview:large","max-video-preview":"max-video-preview:-1"},"canonical":"https:\/\/diarioprincipios.com\/index.php\/2020\/09\/14\/el-cambio-climatico-irrumpe-en-la-campana-presidencial-por-los-incendios-en-el-oeste-de-eeuu\/","og_locale":"es_ES","og_type":"article","og_title":"El cambio clim\u00e1tico irrumpe en la campa\u00f1a presidencial por los incendios en el oeste de EEUU - Principios","og_description":"Tras semanas de incendios que devastaron m\u00e1s de dos millones de hect\u00e1reas y provocaron 27 muertes en el oeste de Estados Unidos, el debate sobre el cambio clim\u00e1tico y la gesti\u00f3n ambiental del Gobierno de Donald Trump se instalaron hoy en el centro de la campa\u00f1a presidencial, a 50 d\u00edas de las elecciones. Los estados...","og_url":"https:\/\/diarioprincipios.com\/index.php\/2020\/09\/14\/el-cambio-climatico-irrumpe-en-la-campana-presidencial-por-los-incendios-en-el-oeste-de-eeuu\/","og_site_name":"Principios","article_published_time":"2020-09-14T19:34:40+00:00","article_modified_time":"2020-09-14T19:34:45+00:00","og_image":[{"width":560,"height":363,"url":"https:\/\/diarioprincipios.com\/wp-content\/uploads\/2020\/09\/1438539988_442645_1438540302_noticia_normal.jpg","type":"image\/jpeg"}],"author":"Hern\u00e1n L\u00f3pez","twitter_card":"summary_large_image","twitter_misc":{"Escrito por":"Hern\u00e1n L\u00f3pez","Tiempo de lectura":"3 minutos"},"schema":{"@context":"https:\/\/schema.org","@graph":[{"@type":"Article","@id":"https:\/\/diarioprincipios.com\/index.php\/2020\/09\/14\/el-cambio-climatico-irrumpe-en-la-campana-presidencial-por-los-incendios-en-el-oeste-de-eeuu\/#article","isPartOf":{"@id":"https:\/\/diarioprincipios.com\/index.php\/2020\/09\/14\/el-cambio-climatico-irrumpe-en-la-campana-presidencial-por-los-incendios-en-el-oeste-de-eeuu\/"},"author":{"name":"Hern\u00e1n L\u00f3pez","@id":"https:\/\/diarioprincipios.com\/#\/schema\/person\/436d5a1fd41a5e250e23ff5a6a7cb080"},"headline":"El cambio clim\u00e1tico irrumpe en la campa\u00f1a presidencial por los incendios en el oeste de EEUU","datePublished":"2020-09-14T19:34:40+00:00","dateModified":"2020-09-14T19:34:45+00:00","mainEntityOfPage":{"@id":"https:\/\/diarioprincipios.com\/index.php\/2020\/09\/14\/el-cambio-climatico-irrumpe-en-la-campana-presidencial-por-los-incendios-en-el-oeste-de-eeuu\/"},"wordCount":682,"commentCount":0,"publisher":{"@id":"https:\/\/diarioprincipios.com\/#organization"},"image":{"@id":"https:\/\/diarioprincipios.com\/index.php\/2020\/09\/14\/el-cambio-climatico-irrumpe-en-la-campana-presidencial-por-los-incendios-en-el-oeste-de-eeuu\/#primaryimage"},"thumbnailUrl":"https:\/\/diarioprincipios.com\/wp-content\/uploads\/2020\/09\/1438539988_442645_1438540302_noticia_normal.jpg","articleSection":["Uncategorized"],"inLanguage":"es","potentialAction":[{"@type":"CommentAction","name":"Comment","target":["https:\/\/diarioprincipios.com\/index.php\/2020\/09\/14\/el-cambio-climatico-irrumpe-en-la-campana-presidencial-por-los-incendios-en-el-oeste-de-eeuu\/#respond"]}]},{"@type":"WebPage","@id":"https:\/\/diarioprincipios.com\/index.php\/2020\/09\/14\/el-cambio-climatico-irrumpe-en-la-campana-presidencial-por-los-incendios-en-el-oeste-de-eeuu\/","url":"https:\/\/diarioprincipios.com\/index.php\/2020\/09\/14\/el-cambio-climatico-irrumpe-en-la-campana-presidencial-por-los-incendios-en-el-oeste-de-eeuu\/","name":"El cambio clim\u00e1tico irrumpe en la campa\u00f1a presidencial por los incendios en el oeste de EEUU - Principios","isPartOf":{"@id":"https:\/\/diarioprincipios.com\/#website"},"primaryImageOfPage":{"@id":"https:\/\/diarioprincipios.com\/index.php\/2020\/09\/14\/el-cambio-climatico-irrumpe-en-la-campana-presidencial-por-los-incendios-en-el-oeste-de-eeuu\/#primaryimage"},"image":{"@id":"https:\/\/diarioprincipios.com\/index.php\/2020\/09\/14\/el-cambio-climatico-irrumpe-en-la-campana-presidencial-por-los-incendios-en-el-oeste-de-eeuu\/#primaryimage"},"thumbnailUrl":"https:\/\/diarioprincipios.com\/wp-content\/uploads\/2020\/09\/1438539988_442645_1438540302_noticia_normal.jpg","datePublished":"2020-09-14T19:34:40+00:00","dateModified":"2020-09-14T19:34:45+00:00","breadcrumb":{"@id":"https:\/\/diarioprincipios.com\/index.php\/2020\/09\/14\/el-cambio-climatico-irrumpe-en-la-campana-presidencial-por-los-incendios-en-el-oeste-de-eeuu\/#breadcrumb"},"inLanguage":"es","potentialAction":[{"@type":"ReadAction","target":["https:\/\/diarioprincipios.com\/index.php\/2020\/09\/14\/el-cambio-climatico-irrumpe-en-la-campana-presidencial-por-los-incendios-en-el-oeste-de-eeuu\/"]}]},{"@type":"ImageObject","inLanguage":"es","@id":"https:\/\/diarioprincipios.com\/index.php\/2020\/09\/14\/el-cambio-climatico-irrumpe-en-la-campana-presidencial-por-los-incendios-en-el-oeste-de-eeuu\/#primaryimage","url":"https:\/\/diarioprincipios.com\/wp-content\/uploads\/2020\/09\/1438539988_442645_1438540302_noticia_normal.jpg","contentUrl":"https:\/\/diarioprincipios.com\/wp-content\/uploads\/2020\/09\/1438539988_442645_1438540302_noticia_normal.jpg","width":560,"height":363},{"@type":"BreadcrumbList","@id":"https:\/\/diarioprincipios.com\/index.php\/2020\/09\/14\/el-cambio-climatico-irrumpe-en-la-campana-presidencial-por-los-incendios-en-el-oeste-de-eeuu\/#breadcrumb","itemListElement":[{"@type":"ListItem","position":1,"name":"Portada","item":"https:\/\/diarioprincipios.com\/"},{"@type":"ListItem","position":2,"name":"El cambio clim\u00e1tico irrumpe en la campa\u00f1a presidencial por los incendios en el oeste de EEUU"}]},{"@type":"WebSite","@id":"https:\/\/diarioprincipios.com\/#website","url":"https:\/\/diarioprincipios.com\/","name":"Principios","description":"Principios Diario","publisher":{"@id":"https:\/\/diarioprincipios.com\/#organization"},"potentialAction":[{"@type":"SearchAction","target":{"@type":"EntryPoint","urlTemplate":"https:\/\/diarioprincipios.com\/?s={search_term_string}"},"query-input":{"@type":"PropertyValueSpecification","valueRequired":true,"valueName":"search_term_string"}}],"inLanguage":"es"},{"@type":"Organization","@id":"https:\/\/diarioprincipios.com\/#organization","name":"Principios","url":"https:\/\/diarioprincipios.com\/","logo":{"@type":"ImageObject","inLanguage":"es","@id":"https:\/\/diarioprincipios.com\/#\/schema\/logo\/image\/","url":"https:\/\/diarioprincipios.com\/wp-content\/uploads\/2024\/04\/cropped-www.diarioprincipios.com_-1.png","contentUrl":"https:\/\/diarioprincipios.com\/wp-content\/uploads\/2024\/04\/cropped-www.diarioprincipios.com_-1.png","width":5325,"height":1454,"caption":"Principios"},"image":{"@id":"https:\/\/diarioprincipios.com\/#\/schema\/logo\/image\/"}},{"@type":"Person","@id":"https:\/\/diarioprincipios.com\/#\/schema\/person\/436d5a1fd41a5e250e23ff5a6a7cb080","name":"Hern\u00e1n L\u00f3pez","image":{"@type":"ImageObject","inLanguage":"es","@id":"https:\/\/diarioprincipios.com\/wp-content\/litespeed\/avatar\/11ddfe5610ff3bd100522525b2571f48.jpg?ver=1777048341","url":"https:\/\/diarioprincipios.com\/wp-content\/litespeed\/avatar\/11ddfe5610ff3bd100522525b2571f48.jpg?ver=1777048341","contentUrl":"https:\/\/diarioprincipios.com\/wp-content\/litespeed\/avatar\/11ddfe5610ff3bd100522525b2571f48.jpg?ver=1777048341","caption":"Hern\u00e1n L\u00f3pez"},"url":"https:\/\/diarioprincipios.com\/index.php\/author\/hernan\/"}]}},"jetpack_featured_media_url":"https:\/\/diarioprincipios.com\/wp-content\/uploads\/2020\/09\/1438539988_442645_1438540302_noticia_normal.jpg","_links":{"self":[{"href":"https:\/\/diarioprincipios.com\/index.php\/wp-json\/wp\/v2\/posts\/5522","targetHints":{"allow":["GET"]}}],"collection":[{"href":"https:\/\/diarioprincipios.com\/index.php\/wp-json\/wp\/v2\/posts"}],"about":[{"href":"https:\/\/diarioprincipios.com\/index.php\/wp-json\/wp\/v2\/types\/post"}],"author":[{"embeddable":true,"href":"https:\/\/diarioprincipios.com\/index.php\/wp-json\/wp\/v2\/users\/2"}],"replies":[{"embeddable":true,"href":"https:\/\/diarioprincipios.com\/index.php\/wp-json\/wp\/v2\/comments?post=5522"}],"version-history":[{"count":1,"href":"https:\/\/diarioprincipios.com\/index.php\/wp-json\/wp\/v2\/posts\/5522\/revisions"}],"predecessor-version":[{"id":5524,"href":"https:\/\/diarioprincipios.com\/index.php\/wp-json\/wp\/v2\/posts\/5522\/revisions\/5524"}],"wp:featuredmedia":[{"embeddable":true,"href":"https:\/\/diarioprincipios.com\/index.php\/wp-json\/wp\/v2\/media\/5523"}],"wp:attachment":[{"href":"https:\/\/diarioprincipios.com\/index.php\/wp-json\/wp\/v2\/media?parent=5522"}],"wp:term":[{"taxonomy":"category","embeddable":true,"href":"https:\/\/diarioprincipios.com\/index.php\/wp-json\/wp\/v2\/categories?post=5522"},{"taxonomy":"post_tag","embeddable":true,"href":"https:\/\/diarioprincipios.com\/index.php\/wp-json\/wp\/v2\/tags?post=5522"}],"curies":[{"name":"wp","href":"https:\/\/api.w.org\/{rel}","templated":true}]}}