{"id":5517,"date":"2020-09-14T12:07:50","date_gmt":"2020-09-14T15:07:50","guid":{"rendered":"http:\/\/diarioprincipios.com\/?p=5517"},"modified":"2020-09-14T12:22:57","modified_gmt":"2020-09-14T15:22:57","slug":"el-partido-justicialista-de-berazategui-respaldo-al-presidente-y-el-gobernador-en-la-crisis-con-la-policia","status":"publish","type":"post","link":"https:\/\/diarioprincipios.com\/index.php\/2020\/09\/14\/el-partido-justicialista-de-berazategui-respaldo-al-presidente-y-el-gobernador-en-la-crisis-con-la-policia\/","title":{"rendered":"El Partido Justicialista de Berazategui respald\u00f3 al Presidente y el Gobernador en la crisis con la Policia"},"content":{"rendered":"\n<p>Ante los hechos de p\u00fablico conocimiento d\u00f3nde sectores de fuerzas policiales rodearon la Quinta de Olivos y la Casa de Gobierno de la Provincia de Buenos Aires; expresamos que es justo el reclamo salarial por la importante labor que llevan adelante cuidandonos a todos, por el gran esfuerzo que realizan arriesgando sus vidas permanentemente, y m\u00e1s a\u00fan en este momento tan dif\u00edcil como es esta pandemia.<br>Estamos en democracia y est\u00e1 actitud amenazante con efectivos armados en la cercan\u00eda del Presidente y el Gobernador atenta contra las Leyes de la Rep\u00fablica. Deja de ser un reclamo salarial y se asemeja a momentos oscuros vividos en nuestra Patria d\u00f3nde se tomaron por las armas todas la instituciones del Pa\u00eds.<br>Dentro de la Ley todo, fuera de la Ley nada. Este es el camino que elegimos los Argentinos para vivir en Democracia.<br>TOTAL APOYO A NUESTRO PRESIDENTE Y A NUESTRO GOBERNADOR<\/p>\n\n\n\n<p>CONSEJO DE PARTIDO JUSTICIALISTA DE BERAZATEGUI<\/p>\n","protected":false},"excerpt":{"rendered":"<p>Ante los hechos de p\u00fablico conocimiento d\u00f3nde sectores de fuerzas policiales rodearon la Quinta de Olivos y la Casa de Gobierno de la Provincia de Buenos Aires; expresamos que es justo el reclamo salarial por la importante labor que llevan adelante cuidandonos a todos, por el gran esfuerzo que realizan arriesgando sus vidas permanentemente, y&#8230;<\/p>\n","protected":false},"author":2,"featured_media":5518,"comment_status":"open","ping_status":"open","sticky":false,"template":"","format":"standard","meta":{"footnotes":""},"categories":[3],"tags":[],"class_list":["post-5517","post","type-post","status-publish","format-standard","has-post-thumbnail","hentry","category-berazategui"],"featured_image_src":"https:\/\/diarioprincipios.com\/wp-content\/uploads\/2020\/09\/descarga-17-1.jpeg","blog_images":{"medium":"https:\/\/diarioprincipios.com\/wp-content\/uploads\/2020\/09\/descarga-17-1.jpeg","large":"https:\/\/diarioprincipios.com\/wp-content\/uploads\/2020\/09\/descarga-17-1.jpeg"},"ams_acf":[],"yoast_head":"<!-- This site is optimized with the Yoast SEO plugin v27.3 - https:\/\/yoast.com\/product\/yoast-seo-wordpress\/ -->\n<title>El Partido Justicialista de Berazategui respald\u00f3 al Presidente y el Gobernador en la crisis con la Policia - Principios<\/title>\n<meta name=\"robots\" content=\"index, follow, max-snippet:-1, max-image-preview:large, max-video-preview:-1\" \/>\n<link rel=\"canonical\" href=\"https:\/\/diarioprincipios.com\/index.php\/2020\/09\/14\/el-partido-justicialista-de-berazategui-respaldo-al-presidente-y-el-gobernador-en-la-crisis-con-la-policia\/\" \/>\n<meta property=\"og:locale\" content=\"es_ES\" \/>\n<meta property=\"og:type\" content=\"article\" \/>\n<meta property=\"og:title\" content=\"El Partido Justicialista de Berazategui respald\u00f3 al Presidente y el Gobernador en la crisis con la Policia - Principios\" \/>\n<meta property=\"og:description\" content=\"Ante los hechos de p\u00fablico conocimiento d\u00f3nde sectores de fuerzas policiales rodearon la Quinta de Olivos y la Casa de Gobierno de la Provincia de Buenos Aires; expresamos que es justo el reclamo salarial por la importante labor que llevan adelante cuidandonos a todos, por el gran esfuerzo que realizan arriesgando sus vidas permanentemente, y...\" \/>\n<meta property=\"og:url\" content=\"https:\/\/diarioprincipios.com\/index.php\/2020\/09\/14\/el-partido-justicialista-de-berazategui-respaldo-al-presidente-y-el-gobernador-en-la-crisis-con-la-policia\/\" \/>\n<meta property=\"og:site_name\" content=\"Principios\" \/>\n<meta property=\"article:published_time\" content=\"2020-09-14T15:07:50+00:00\" \/>\n<meta property=\"article:modified_time\" content=\"2020-09-14T15:22:57+00:00\" \/>\n<meta property=\"og:image\" content=\"https:\/\/diarioprincipios.com\/wp-content\/uploads\/2020\/09\/descarga-17-1.jpeg\" \/>\n\t<meta property=\"og:image:width\" content=\"225\" \/>\n\t<meta property=\"og:image:height\" content=\"225\" \/>\n\t<meta property=\"og:image:type\" content=\"image\/jpeg\" \/>\n<meta name=\"author\" content=\"Hern\u00e1n L\u00f3pez\" \/>\n<meta name=\"twitter:card\" content=\"summary_large_image\" \/>\n<meta name=\"twitter:label1\" content=\"Escrito por\" \/>\n\t<meta name=\"twitter:data1\" content=\"Hern\u00e1n L\u00f3pez\" \/>\n\t<meta name=\"twitter:label2\" content=\"Tiempo de lectura\" \/>\n\t<meta name=\"twitter:data2\" content=\"1 minuto\" \/>\n<script type=\"application\/ld+json\" class=\"yoast-schema-graph\">{\"@context\":\"https:\\\/\\\/schema.org\",\"@graph\":[{\"@type\":\"Article\",\"@id\":\"https:\\\/\\\/diarioprincipios.com\\\/index.php\\\/2020\\\/09\\\/14\\\/el-partido-justicialista-de-berazategui-respaldo-al-presidente-y-el-gobernador-en-la-crisis-con-la-policia\\\/#article\",\"isPartOf\":{\"@id\":\"https:\\\/\\\/diarioprincipios.com\\\/index.php\\\/2020\\\/09\\\/14\\\/el-partido-justicialista-de-berazategui-respaldo-al-presidente-y-el-gobernador-en-la-crisis-con-la-policia\\\/\"},\"author\":{\"name\":\"Hern\u00e1n L\u00f3pez\",\"@id\":\"https:\\\/\\\/diarioprincipios.com\\\/#\\\/schema\\\/person\\\/436d5a1fd41a5e250e23ff5a6a7cb080\"},\"headline\":\"El Partido Justicialista de Berazategui respald\u00f3 al Presidente y el Gobernador en la crisis con la Policia\",\"datePublished\":\"2020-09-14T15:07:50+00:00\",\"dateModified\":\"2020-09-14T15:22:57+00:00\",\"mainEntityOfPage\":{\"@id\":\"https:\\\/\\\/diarioprincipios.com\\\/index.php\\\/2020\\\/09\\\/14\\\/el-partido-justicialista-de-berazategui-respaldo-al-presidente-y-el-gobernador-en-la-crisis-con-la-policia\\\/\"},\"wordCount\":181,\"commentCount\":0,\"publisher\":{\"@id\":\"https:\\\/\\\/diarioprincipios.com\\\/#organization\"},\"image\":{\"@id\":\"https:\\\/\\\/diarioprincipios.com\\\/index.php\\\/2020\\\/09\\\/14\\\/el-partido-justicialista-de-berazategui-respaldo-al-presidente-y-el-gobernador-en-la-crisis-con-la-policia\\\/#primaryimage\"},\"thumbnailUrl\":\"https:\\\/\\\/diarioprincipios.com\\\/wp-content\\\/uploads\\\/2020\\\/09\\\/descarga-17-1.jpeg\",\"articleSection\":[\"Berazategui\"],\"inLanguage\":\"es\",\"potentialAction\":[{\"@type\":\"CommentAction\",\"name\":\"Comment\",\"target\":[\"https:\\\/\\\/diarioprincipios.com\\\/index.php\\\/2020\\\/09\\\/14\\\/el-partido-justicialista-de-berazategui-respaldo-al-presidente-y-el-gobernador-en-la-crisis-con-la-policia\\\/#respond\"]}]},{\"@type\":\"WebPage\",\"@id\":\"https:\\\/\\\/diarioprincipios.com\\\/index.php\\\/2020\\\/09\\\/14\\\/el-partido-justicialista-de-berazategui-respaldo-al-presidente-y-el-gobernador-en-la-crisis-con-la-policia\\\/\",\"url\":\"https:\\\/\\\/diarioprincipios.com\\\/index.php\\\/2020\\\/09\\\/14\\\/el-partido-justicialista-de-berazategui-respaldo-al-presidente-y-el-gobernador-en-la-crisis-con-la-policia\\\/\",\"name\":\"El Partido Justicialista de Berazategui respald\u00f3 al Presidente y el Gobernador en la crisis con la Policia - Principios\",\"isPartOf\":{\"@id\":\"https:\\\/\\\/diarioprincipios.com\\\/#website\"},\"primaryImageOfPage\":{\"@id\":\"https:\\\/\\\/diarioprincipios.com\\\/index.php\\\/2020\\\/09\\\/14\\\/el-partido-justicialista-de-berazategui-respaldo-al-presidente-y-el-gobernador-en-la-crisis-con-la-policia\\\/#primaryimage\"},\"image\":{\"@id\":\"https:\\\/\\\/diarioprincipios.com\\\/index.php\\\/2020\\\/09\\\/14\\\/el-partido-justicialista-de-berazategui-respaldo-al-presidente-y-el-gobernador-en-la-crisis-con-la-policia\\\/#primaryimage\"},\"thumbnailUrl\":\"https:\\\/\\\/diarioprincipios.com\\\/wp-content\\\/uploads\\\/2020\\\/09\\\/descarga-17-1.jpeg\",\"datePublished\":\"2020-09-14T15:07:50+00:00\",\"dateModified\":\"2020-09-14T15:22:57+00:00\",\"breadcrumb\":{\"@id\":\"https:\\\/\\\/diarioprincipios.com\\\/index.php\\\/2020\\\/09\\\/14\\\/el-partido-justicialista-de-berazategui-respaldo-al-presidente-y-el-gobernador-en-la-crisis-con-la-policia\\\/#breadcrumb\"},\"inLanguage\":\"es\",\"potentialAction\":[{\"@type\":\"ReadAction\",\"target\":[\"https:\\\/\\\/diarioprincipios.com\\\/index.php\\\/2020\\\/09\\\/14\\\/el-partido-justicialista-de-berazategui-respaldo-al-presidente-y-el-gobernador-en-la-crisis-con-la-policia\\\/\"]}]},{\"@type\":\"ImageObject\",\"inLanguage\":\"es\",\"@id\":\"https:\\\/\\\/diarioprincipios.com\\\/index.php\\\/2020\\\/09\\\/14\\\/el-partido-justicialista-de-berazategui-respaldo-al-presidente-y-el-gobernador-en-la-crisis-con-la-policia\\\/#primaryimage\",\"url\":\"https:\\\/\\\/diarioprincipios.com\\\/wp-content\\\/uploads\\\/2020\\\/09\\\/descarga-17-1.jpeg\",\"contentUrl\":\"https:\\\/\\\/diarioprincipios.com\\\/wp-content\\\/uploads\\\/2020\\\/09\\\/descarga-17-1.jpeg\",\"width\":225,\"height\":225},{\"@type\":\"BreadcrumbList\",\"@id\":\"https:\\\/\\\/diarioprincipios.com\\\/index.php\\\/2020\\\/09\\\/14\\\/el-partido-justicialista-de-berazategui-respaldo-al-presidente-y-el-gobernador-en-la-crisis-con-la-policia\\\/#breadcrumb\",\"itemListElement\":[{\"@type\":\"ListItem\",\"position\":1,\"name\":\"Portada\",\"item\":\"https:\\\/\\\/diarioprincipios.com\\\/\"},{\"@type\":\"ListItem\",\"position\":2,\"name\":\"El Partido Justicialista de Berazategui respald\u00f3 al Presidente y el Gobernador en la crisis con la Policia\"}]},{\"@type\":\"WebSite\",\"@id\":\"https:\\\/\\\/diarioprincipios.com\\\/#website\",\"url\":\"https:\\\/\\\/diarioprincipios.com\\\/\",\"name\":\"Principios\",\"description\":\"Principios Diario\",\"publisher\":{\"@id\":\"https:\\\/\\\/diarioprincipios.com\\\/#organization\"},\"potentialAction\":[{\"@type\":\"SearchAction\",\"target\":{\"@type\":\"EntryPoint\",\"urlTemplate\":\"https:\\\/\\\/diarioprincipios.com\\\/?s={search_term_string}\"},\"query-input\":{\"@type\":\"PropertyValueSpecification\",\"valueRequired\":true,\"valueName\":\"search_term_string\"}}],\"inLanguage\":\"es\"},{\"@type\":\"Organization\",\"@id\":\"https:\\\/\\\/diarioprincipios.com\\\/#organization\",\"name\":\"Principios\",\"url\":\"https:\\\/\\\/diarioprincipios.com\\\/\",\"logo\":{\"@type\":\"ImageObject\",\"inLanguage\":\"es\",\"@id\":\"https:\\\/\\\/diarioprincipios.com\\\/#\\\/schema\\\/logo\\\/image\\\/\",\"url\":\"https:\\\/\\\/diarioprincipios.com\\\/wp-content\\\/uploads\\\/2024\\\/04\\\/cropped-www.diarioprincipios.com_-1.png\",\"contentUrl\":\"https:\\\/\\\/diarioprincipios.com\\\/wp-content\\\/uploads\\\/2024\\\/04\\\/cropped-www.diarioprincipios.com_-1.png\",\"width\":5325,\"height\":1454,\"caption\":\"Principios\"},\"image\":{\"@id\":\"https:\\\/\\\/diarioprincipios.com\\\/#\\\/schema\\\/logo\\\/image\\\/\"}},{\"@type\":\"Person\",\"@id\":\"https:\\\/\\\/diarioprincipios.com\\\/#\\\/schema\\\/person\\\/436d5a1fd41a5e250e23ff5a6a7cb080\",\"name\":\"Hern\u00e1n L\u00f3pez\",\"image\":{\"@type\":\"ImageObject\",\"inLanguage\":\"es\",\"@id\":\"https:\\\/\\\/diarioprincipios.com\\\/wp-content\\\/litespeed\\\/avatar\\\/11ddfe5610ff3bd100522525b2571f48.jpg?ver=1777048341\",\"url\":\"https:\\\/\\\/diarioprincipios.com\\\/wp-content\\\/litespeed\\\/avatar\\\/11ddfe5610ff3bd100522525b2571f48.jpg?ver=1777048341\",\"contentUrl\":\"https:\\\/\\\/diarioprincipios.com\\\/wp-content\\\/litespeed\\\/avatar\\\/11ddfe5610ff3bd100522525b2571f48.jpg?ver=1777048341\",\"caption\":\"Hern\u00e1n L\u00f3pez\"},\"url\":\"https:\\\/\\\/diarioprincipios.com\\\/index.php\\\/author\\\/hernan\\\/\"}]}<\/script>\n<!-- \/ Yoast SEO plugin. -->","yoast_head_json":{"title":"El Partido Justicialista de Berazategui respald\u00f3 al Presidente y el Gobernador en la crisis con la Policia - Principios","robots":{"index":"index","follow":"follow","max-snippet":"max-snippet:-1","max-image-preview":"max-image-preview:large","max-video-preview":"max-video-preview:-1"},"canonical":"https:\/\/diarioprincipios.com\/index.php\/2020\/09\/14\/el-partido-justicialista-de-berazategui-respaldo-al-presidente-y-el-gobernador-en-la-crisis-con-la-policia\/","og_locale":"es_ES","og_type":"article","og_title":"El Partido Justicialista de Berazategui respald\u00f3 al Presidente y el Gobernador en la crisis con la Policia - Principios","og_description":"Ante los hechos de p\u00fablico conocimiento d\u00f3nde sectores de fuerzas policiales rodearon la Quinta de Olivos y la Casa de Gobierno de la Provincia de Buenos Aires; expresamos que es justo el reclamo salarial por la importante labor que llevan adelante cuidandonos a todos, por el gran esfuerzo que realizan arriesgando sus vidas permanentemente, y...","og_url":"https:\/\/diarioprincipios.com\/index.php\/2020\/09\/14\/el-partido-justicialista-de-berazategui-respaldo-al-presidente-y-el-gobernador-en-la-crisis-con-la-policia\/","og_site_name":"Principios","article_published_time":"2020-09-14T15:07:50+00:00","article_modified_time":"2020-09-14T15:22:57+00:00","og_image":[{"width":225,"height":225,"url":"https:\/\/diarioprincipios.com\/wp-content\/uploads\/2020\/09\/descarga-17-1.jpeg","type":"image\/jpeg"}],"author":"Hern\u00e1n L\u00f3pez","twitter_card":"summary_large_image","twitter_misc":{"Escrito por":"Hern\u00e1n L\u00f3pez","Tiempo de lectura":"1 minuto"},"schema":{"@context":"https:\/\/schema.org","@graph":[{"@type":"Article","@id":"https:\/\/diarioprincipios.com\/index.php\/2020\/09\/14\/el-partido-justicialista-de-berazategui-respaldo-al-presidente-y-el-gobernador-en-la-crisis-con-la-policia\/#article","isPartOf":{"@id":"https:\/\/diarioprincipios.com\/index.php\/2020\/09\/14\/el-partido-justicialista-de-berazategui-respaldo-al-presidente-y-el-gobernador-en-la-crisis-con-la-policia\/"},"author":{"name":"Hern\u00e1n L\u00f3pez","@id":"https:\/\/diarioprincipios.com\/#\/schema\/person\/436d5a1fd41a5e250e23ff5a6a7cb080"},"headline":"El Partido Justicialista de Berazategui respald\u00f3 al Presidente y el Gobernador en la crisis con la Policia","datePublished":"2020-09-14T15:07:50+00:00","dateModified":"2020-09-14T15:22:57+00:00","mainEntityOfPage":{"@id":"https:\/\/diarioprincipios.com\/index.php\/2020\/09\/14\/el-partido-justicialista-de-berazategui-respaldo-al-presidente-y-el-gobernador-en-la-crisis-con-la-policia\/"},"wordCount":181,"commentCount":0,"publisher":{"@id":"https:\/\/diarioprincipios.com\/#organization"},"image":{"@id":"https:\/\/diarioprincipios.com\/index.php\/2020\/09\/14\/el-partido-justicialista-de-berazategui-respaldo-al-presidente-y-el-gobernador-en-la-crisis-con-la-policia\/#primaryimage"},"thumbnailUrl":"https:\/\/diarioprincipios.com\/wp-content\/uploads\/2020\/09\/descarga-17-1.jpeg","articleSection":["Berazategui"],"inLanguage":"es","potentialAction":[{"@type":"CommentAction","name":"Comment","target":["https:\/\/diarioprincipios.com\/index.php\/2020\/09\/14\/el-partido-justicialista-de-berazategui-respaldo-al-presidente-y-el-gobernador-en-la-crisis-con-la-policia\/#respond"]}]},{"@type":"WebPage","@id":"https:\/\/diarioprincipios.com\/index.php\/2020\/09\/14\/el-partido-justicialista-de-berazategui-respaldo-al-presidente-y-el-gobernador-en-la-crisis-con-la-policia\/","url":"https:\/\/diarioprincipios.com\/index.php\/2020\/09\/14\/el-partido-justicialista-de-berazategui-respaldo-al-presidente-y-el-gobernador-en-la-crisis-con-la-policia\/","name":"El Partido Justicialista de Berazategui respald\u00f3 al Presidente y el Gobernador en la crisis con la Policia - Principios","isPartOf":{"@id":"https:\/\/diarioprincipios.com\/#website"},"primaryImageOfPage":{"@id":"https:\/\/diarioprincipios.com\/index.php\/2020\/09\/14\/el-partido-justicialista-de-berazategui-respaldo-al-presidente-y-el-gobernador-en-la-crisis-con-la-policia\/#primaryimage"},"image":{"@id":"https:\/\/diarioprincipios.com\/index.php\/2020\/09\/14\/el-partido-justicialista-de-berazategui-respaldo-al-presidente-y-el-gobernador-en-la-crisis-con-la-policia\/#primaryimage"},"thumbnailUrl":"https:\/\/diarioprincipios.com\/wp-content\/uploads\/2020\/09\/descarga-17-1.jpeg","datePublished":"2020-09-14T15:07:50+00:00","dateModified":"2020-09-14T15:22:57+00:00","breadcrumb":{"@id":"https:\/\/diarioprincipios.com\/index.php\/2020\/09\/14\/el-partido-justicialista-de-berazategui-respaldo-al-presidente-y-el-gobernador-en-la-crisis-con-la-policia\/#breadcrumb"},"inLanguage":"es","potentialAction":[{"@type":"ReadAction","target":["https:\/\/diarioprincipios.com\/index.php\/2020\/09\/14\/el-partido-justicialista-de-berazategui-respaldo-al-presidente-y-el-gobernador-en-la-crisis-con-la-policia\/"]}]},{"@type":"ImageObject","inLanguage":"es","@id":"https:\/\/diarioprincipios.com\/index.php\/2020\/09\/14\/el-partido-justicialista-de-berazategui-respaldo-al-presidente-y-el-gobernador-en-la-crisis-con-la-policia\/#primaryimage","url":"https:\/\/diarioprincipios.com\/wp-content\/uploads\/2020\/09\/descarga-17-1.jpeg","contentUrl":"https:\/\/diarioprincipios.com\/wp-content\/uploads\/2020\/09\/descarga-17-1.jpeg","width":225,"height":225},{"@type":"BreadcrumbList","@id":"https:\/\/diarioprincipios.com\/index.php\/2020\/09\/14\/el-partido-justicialista-de-berazategui-respaldo-al-presidente-y-el-gobernador-en-la-crisis-con-la-policia\/#breadcrumb","itemListElement":[{"@type":"ListItem","position":1,"name":"Portada","item":"https:\/\/diarioprincipios.com\/"},{"@type":"ListItem","position":2,"name":"El Partido Justicialista de Berazategui respald\u00f3 al Presidente y el Gobernador en la crisis con la Policia"}]},{"@type":"WebSite","@id":"https:\/\/diarioprincipios.com\/#website","url":"https:\/\/diarioprincipios.com\/","name":"Principios","description":"Principios Diario","publisher":{"@id":"https:\/\/diarioprincipios.com\/#organization"},"potentialAction":[{"@type":"SearchAction","target":{"@type":"EntryPoint","urlTemplate":"https:\/\/diarioprincipios.com\/?s={search_term_string}"},"query-input":{"@type":"PropertyValueSpecification","valueRequired":true,"valueName":"search_term_string"}}],"inLanguage":"es"},{"@type":"Organization","@id":"https:\/\/diarioprincipios.com\/#organization","name":"Principios","url":"https:\/\/diarioprincipios.com\/","logo":{"@type":"ImageObject","inLanguage":"es","@id":"https:\/\/diarioprincipios.com\/#\/schema\/logo\/image\/","url":"https:\/\/diarioprincipios.com\/wp-content\/uploads\/2024\/04\/cropped-www.diarioprincipios.com_-1.png","contentUrl":"https:\/\/diarioprincipios.com\/wp-content\/uploads\/2024\/04\/cropped-www.diarioprincipios.com_-1.png","width":5325,"height":1454,"caption":"Principios"},"image":{"@id":"https:\/\/diarioprincipios.com\/#\/schema\/logo\/image\/"}},{"@type":"Person","@id":"https:\/\/diarioprincipios.com\/#\/schema\/person\/436d5a1fd41a5e250e23ff5a6a7cb080","name":"Hern\u00e1n L\u00f3pez","image":{"@type":"ImageObject","inLanguage":"es","@id":"https:\/\/diarioprincipios.com\/wp-content\/litespeed\/avatar\/11ddfe5610ff3bd100522525b2571f48.jpg?ver=1777048341","url":"https:\/\/diarioprincipios.com\/wp-content\/litespeed\/avatar\/11ddfe5610ff3bd100522525b2571f48.jpg?ver=1777048341","contentUrl":"https:\/\/diarioprincipios.com\/wp-content\/litespeed\/avatar\/11ddfe5610ff3bd100522525b2571f48.jpg?ver=1777048341","caption":"Hern\u00e1n L\u00f3pez"},"url":"https:\/\/diarioprincipios.com\/index.php\/author\/hernan\/"}]}},"jetpack_featured_media_url":"https:\/\/diarioprincipios.com\/wp-content\/uploads\/2020\/09\/descarga-17-1.jpeg","_links":{"self":[{"href":"https:\/\/diarioprincipios.com\/index.php\/wp-json\/wp\/v2\/posts\/5517","targetHints":{"allow":["GET"]}}],"collection":[{"href":"https:\/\/diarioprincipios.com\/index.php\/wp-json\/wp\/v2\/posts"}],"about":[{"href":"https:\/\/diarioprincipios.com\/index.php\/wp-json\/wp\/v2\/types\/post"}],"author":[{"embeddable":true,"href":"https:\/\/diarioprincipios.com\/index.php\/wp-json\/wp\/v2\/users\/2"}],"replies":[{"embeddable":true,"href":"https:\/\/diarioprincipios.com\/index.php\/wp-json\/wp\/v2\/comments?post=5517"}],"version-history":[{"count":3,"href":"https:\/\/diarioprincipios.com\/index.php\/wp-json\/wp\/v2\/posts\/5517\/revisions"}],"predecessor-version":[{"id":5521,"href":"https:\/\/diarioprincipios.com\/index.php\/wp-json\/wp\/v2\/posts\/5517\/revisions\/5521"}],"wp:featuredmedia":[{"embeddable":true,"href":"https:\/\/diarioprincipios.com\/index.php\/wp-json\/wp\/v2\/media\/5518"}],"wp:attachment":[{"href":"https:\/\/diarioprincipios.com\/index.php\/wp-json\/wp\/v2\/media?parent=5517"}],"wp:term":[{"taxonomy":"category","embeddable":true,"href":"https:\/\/diarioprincipios.com\/index.php\/wp-json\/wp\/v2\/categories?post=5517"},{"taxonomy":"post_tag","embeddable":true,"href":"https:\/\/diarioprincipios.com\/index.php\/wp-json\/wp\/v2\/tags?post=5517"}],"curies":[{"name":"wp","href":"https:\/\/api.w.org\/{rel}","templated":true}]}}