{"id":5509,"date":"2020-09-13T17:18:57","date_gmt":"2020-09-13T20:18:57","guid":{"rendered":"http:\/\/diarioprincipios.com\/?p=5509"},"modified":"2020-09-13T17:18:59","modified_gmt":"2020-09-13T20:18:59","slug":"desde-manana-la-unlp-pondra-en-marcha-la-expo-universidad-para-ingresantes-en-forma-virtual","status":"publish","type":"post","link":"https:\/\/diarioprincipios.com\/index.php\/2020\/09\/13\/desde-manana-la-unlp-pondra-en-marcha-la-expo-universidad-para-ingresantes-en-forma-virtual\/","title":{"rendered":"Desde ma\u00f1ana la UNLP pondr\u00e1 en marcha la Expo Universidad para ingresantes en forma virtual"},"content":{"rendered":"\n<p>Desde este lunes y hasta el viernes se desarrollar\u00e1 la d\u00e9cimo octava Expo Universidad, organizada por la Universidad Nacional de La Plata, que recibe a futuros ingresantes y que en esta oportunidad ser\u00e1 en forma virtual debido a la cuarentena por coronavirus.<\/p>\n\n\n\n<p>La megamuestra organizada por la casa de estudios de la capital bonaerense recurrir\u00e1 a las tecnolog\u00edas inform\u00e1ticas y las plataformas de videoconferencia para garantizar que miles de estudiantes del \u00faltimo a\u00f1o de la escuela secundaria puedan tener su primer contacto con el mundo universitario.<\/p>\n\n\n\n<p>El presidente de la UNLP, Fernando Tauber, remarc\u00f3 que \u00abhacer esta expo en forma virtual representa todo un desaf\u00edo, uno m\u00e1s de los que hemos enfrentado en este a\u00f1o tan particular, pero tenemos que hacer el esfuerzo para dar respuesta a las necesidades de nuestros futuros ingresantes\u00bb.<\/p>\n\n\n\n<p>\u00abLa finalidad de esta exposici\u00f3n es lograr que miles de chicos y chicas tengan a su disposici\u00f3n la informaci\u00f3n necesaria para poder elegir bien una carrera universitaria, porque nuestro compromiso es acompa\u00f1arlos desde ese primer momento y ofrecerles formaci\u00f3n de excelencia para que dentro de unos a\u00f1os se transformen en graduados de nuestra casa\u00bb.<\/p>\n\n\n\n<p>A lo largo de cinco jornadas, y a trav\u00e9s de la plataforma web de videoconferencias de acceso abierto BigBlueButton, cada una de las 17 facultades y la Escuela de Oficios ofrecer\u00e1n charlas virtuales de las que podr\u00e1n participar desde sus hogares j\u00f3venes de cualquier rinc\u00f3n del planeta.<\/p>\n\n\n\n<p>Una de las ventajas de esta plataforma es que no requiere descargarse ninguna aplicaci\u00f3n ni programa para poder acceder a las conferencias. Adem\u00e1s, al haber sido alojada en servidores propios, funciona bajo un dominio educativo y, por lo tanto, gracias a los acuerdos con las prestadoras de telefon\u00eda m\u00f3vil, no consume datos del paquete de los usuarios.<\/p>\n\n\n\n<p>Adem\u00e1s de la posibilidad de participar e interactuar en vivo en las charlas virtuales, tambi\u00e9n ser\u00e1 posible acceder en cualquier momento al contenido de esos encuentros en el sitio web www.unlp.edu.ar\/expo. Cada una de las charlas ser\u00e1 grabada y luego alojada en la web del evento para que los interesados que no lleguen a participar del vivo puedan verla en diferido. El sitio contendr\u00e1 adem\u00e1s datos de inter\u00e9s para los aspirantes, con videos informativos de las facultades, acceso a los planes de estudio, e informaci\u00f3n sobre beneficios estudiantiles.<\/p>\n","protected":false},"excerpt":{"rendered":"<p>Desde este lunes y hasta el viernes se desarrollar\u00e1 la d\u00e9cimo octava Expo Universidad, organizada por la Universidad Nacional de La Plata, que recibe a futuros ingresantes y que en esta oportunidad ser\u00e1 en forma virtual debido a la cuarentena por coronavirus. La megamuestra organizada por la casa de estudios de la capital bonaerense recurrir\u00e1&#8230;<\/p>\n","protected":false},"author":2,"featured_media":5510,"comment_status":"open","ping_status":"open","sticky":false,"template":"","format":"standard","meta":{"footnotes":""},"categories":[10],"tags":[],"class_list":["post-5509","post","type-post","status-publish","format-standard","has-post-thumbnail","hentry","category-nacion"],"featured_image_src":"https:\/\/diarioprincipios.com\/wp-content\/uploads\/2020\/09\/descarga-17.jpeg","blog_images":{"medium":"https:\/\/diarioprincipios.com\/wp-content\/uploads\/2020\/09\/descarga-17.jpeg","large":"https:\/\/diarioprincipios.com\/wp-content\/uploads\/2020\/09\/descarga-17.jpeg"},"ams_acf":[],"yoast_head":"<!-- This site is optimized with the Yoast SEO plugin v27.3 - https:\/\/yoast.com\/product\/yoast-seo-wordpress\/ -->\n<title>Desde ma\u00f1ana la UNLP pondr\u00e1 en marcha la Expo Universidad para ingresantes en forma virtual - Principios<\/title>\n<meta name=\"robots\" content=\"index, follow, max-snippet:-1, max-image-preview:large, max-video-preview:-1\" \/>\n<link rel=\"canonical\" href=\"https:\/\/diarioprincipios.com\/index.php\/2020\/09\/13\/desde-manana-la-unlp-pondra-en-marcha-la-expo-universidad-para-ingresantes-en-forma-virtual\/\" \/>\n<meta property=\"og:locale\" content=\"es_ES\" \/>\n<meta property=\"og:type\" content=\"article\" \/>\n<meta property=\"og:title\" content=\"Desde ma\u00f1ana la UNLP pondr\u00e1 en marcha la Expo Universidad para ingresantes en forma virtual - Principios\" \/>\n<meta property=\"og:description\" content=\"Desde este lunes y hasta el viernes se desarrollar\u00e1 la d\u00e9cimo octava Expo Universidad, organizada por la Universidad Nacional de La Plata, que recibe a futuros ingresantes y que en esta oportunidad ser\u00e1 en forma virtual debido a la cuarentena por coronavirus. La megamuestra organizada por la casa de estudios de la capital bonaerense recurrir\u00e1...\" \/>\n<meta property=\"og:url\" content=\"https:\/\/diarioprincipios.com\/index.php\/2020\/09\/13\/desde-manana-la-unlp-pondra-en-marcha-la-expo-universidad-para-ingresantes-en-forma-virtual\/\" \/>\n<meta property=\"og:site_name\" content=\"Principios\" \/>\n<meta property=\"article:published_time\" content=\"2020-09-13T20:18:57+00:00\" \/>\n<meta property=\"article:modified_time\" content=\"2020-09-13T20:18:59+00:00\" \/>\n<meta property=\"og:image\" content=\"https:\/\/diarioprincipios.com\/wp-content\/uploads\/2020\/09\/descarga-17.jpeg\" \/>\n\t<meta property=\"og:image:width\" content=\"300\" \/>\n\t<meta property=\"og:image:height\" content=\"168\" \/>\n\t<meta property=\"og:image:type\" content=\"image\/jpeg\" \/>\n<meta name=\"author\" content=\"Hern\u00e1n L\u00f3pez\" \/>\n<meta name=\"twitter:card\" content=\"summary_large_image\" \/>\n<meta name=\"twitter:label1\" content=\"Escrito por\" \/>\n\t<meta name=\"twitter:data1\" content=\"Hern\u00e1n L\u00f3pez\" \/>\n\t<meta name=\"twitter:label2\" content=\"Tiempo de lectura\" \/>\n\t<meta name=\"twitter:data2\" content=\"2 minutos\" \/>\n<script type=\"application\/ld+json\" class=\"yoast-schema-graph\">{\"@context\":\"https:\\\/\\\/schema.org\",\"@graph\":[{\"@type\":\"Article\",\"@id\":\"https:\\\/\\\/diarioprincipios.com\\\/index.php\\\/2020\\\/09\\\/13\\\/desde-manana-la-unlp-pondra-en-marcha-la-expo-universidad-para-ingresantes-en-forma-virtual\\\/#article\",\"isPartOf\":{\"@id\":\"https:\\\/\\\/diarioprincipios.com\\\/index.php\\\/2020\\\/09\\\/13\\\/desde-manana-la-unlp-pondra-en-marcha-la-expo-universidad-para-ingresantes-en-forma-virtual\\\/\"},\"author\":{\"name\":\"Hern\u00e1n L\u00f3pez\",\"@id\":\"https:\\\/\\\/diarioprincipios.com\\\/#\\\/schema\\\/person\\\/436d5a1fd41a5e250e23ff5a6a7cb080\"},\"headline\":\"Desde ma\u00f1ana la UNLP pondr\u00e1 en marcha la Expo Universidad para ingresantes en forma virtual\",\"datePublished\":\"2020-09-13T20:18:57+00:00\",\"dateModified\":\"2020-09-13T20:18:59+00:00\",\"mainEntityOfPage\":{\"@id\":\"https:\\\/\\\/diarioprincipios.com\\\/index.php\\\/2020\\\/09\\\/13\\\/desde-manana-la-unlp-pondra-en-marcha-la-expo-universidad-para-ingresantes-en-forma-virtual\\\/\"},\"wordCount\":425,\"commentCount\":0,\"publisher\":{\"@id\":\"https:\\\/\\\/diarioprincipios.com\\\/#organization\"},\"image\":{\"@id\":\"https:\\\/\\\/diarioprincipios.com\\\/index.php\\\/2020\\\/09\\\/13\\\/desde-manana-la-unlp-pondra-en-marcha-la-expo-universidad-para-ingresantes-en-forma-virtual\\\/#primaryimage\"},\"thumbnailUrl\":\"https:\\\/\\\/diarioprincipios.com\\\/wp-content\\\/uploads\\\/2020\\\/09\\\/descarga-17.jpeg\",\"articleSection\":[\"Naci\u00f3n\"],\"inLanguage\":\"es\",\"potentialAction\":[{\"@type\":\"CommentAction\",\"name\":\"Comment\",\"target\":[\"https:\\\/\\\/diarioprincipios.com\\\/index.php\\\/2020\\\/09\\\/13\\\/desde-manana-la-unlp-pondra-en-marcha-la-expo-universidad-para-ingresantes-en-forma-virtual\\\/#respond\"]}]},{\"@type\":\"WebPage\",\"@id\":\"https:\\\/\\\/diarioprincipios.com\\\/index.php\\\/2020\\\/09\\\/13\\\/desde-manana-la-unlp-pondra-en-marcha-la-expo-universidad-para-ingresantes-en-forma-virtual\\\/\",\"url\":\"https:\\\/\\\/diarioprincipios.com\\\/index.php\\\/2020\\\/09\\\/13\\\/desde-manana-la-unlp-pondra-en-marcha-la-expo-universidad-para-ingresantes-en-forma-virtual\\\/\",\"name\":\"Desde ma\u00f1ana la UNLP pondr\u00e1 en marcha la Expo Universidad para ingresantes en forma virtual - Principios\",\"isPartOf\":{\"@id\":\"https:\\\/\\\/diarioprincipios.com\\\/#website\"},\"primaryImageOfPage\":{\"@id\":\"https:\\\/\\\/diarioprincipios.com\\\/index.php\\\/2020\\\/09\\\/13\\\/desde-manana-la-unlp-pondra-en-marcha-la-expo-universidad-para-ingresantes-en-forma-virtual\\\/#primaryimage\"},\"image\":{\"@id\":\"https:\\\/\\\/diarioprincipios.com\\\/index.php\\\/2020\\\/09\\\/13\\\/desde-manana-la-unlp-pondra-en-marcha-la-expo-universidad-para-ingresantes-en-forma-virtual\\\/#primaryimage\"},\"thumbnailUrl\":\"https:\\\/\\\/diarioprincipios.com\\\/wp-content\\\/uploads\\\/2020\\\/09\\\/descarga-17.jpeg\",\"datePublished\":\"2020-09-13T20:18:57+00:00\",\"dateModified\":\"2020-09-13T20:18:59+00:00\",\"breadcrumb\":{\"@id\":\"https:\\\/\\\/diarioprincipios.com\\\/index.php\\\/2020\\\/09\\\/13\\\/desde-manana-la-unlp-pondra-en-marcha-la-expo-universidad-para-ingresantes-en-forma-virtual\\\/#breadcrumb\"},\"inLanguage\":\"es\",\"potentialAction\":[{\"@type\":\"ReadAction\",\"target\":[\"https:\\\/\\\/diarioprincipios.com\\\/index.php\\\/2020\\\/09\\\/13\\\/desde-manana-la-unlp-pondra-en-marcha-la-expo-universidad-para-ingresantes-en-forma-virtual\\\/\"]}]},{\"@type\":\"ImageObject\",\"inLanguage\":\"es\",\"@id\":\"https:\\\/\\\/diarioprincipios.com\\\/index.php\\\/2020\\\/09\\\/13\\\/desde-manana-la-unlp-pondra-en-marcha-la-expo-universidad-para-ingresantes-en-forma-virtual\\\/#primaryimage\",\"url\":\"https:\\\/\\\/diarioprincipios.com\\\/wp-content\\\/uploads\\\/2020\\\/09\\\/descarga-17.jpeg\",\"contentUrl\":\"https:\\\/\\\/diarioprincipios.com\\\/wp-content\\\/uploads\\\/2020\\\/09\\\/descarga-17.jpeg\",\"width\":300,\"height\":168},{\"@type\":\"BreadcrumbList\",\"@id\":\"https:\\\/\\\/diarioprincipios.com\\\/index.php\\\/2020\\\/09\\\/13\\\/desde-manana-la-unlp-pondra-en-marcha-la-expo-universidad-para-ingresantes-en-forma-virtual\\\/#breadcrumb\",\"itemListElement\":[{\"@type\":\"ListItem\",\"position\":1,\"name\":\"Portada\",\"item\":\"https:\\\/\\\/diarioprincipios.com\\\/\"},{\"@type\":\"ListItem\",\"position\":2,\"name\":\"Desde ma\u00f1ana la UNLP pondr\u00e1 en marcha la Expo Universidad para ingresantes en forma virtual\"}]},{\"@type\":\"WebSite\",\"@id\":\"https:\\\/\\\/diarioprincipios.com\\\/#website\",\"url\":\"https:\\\/\\\/diarioprincipios.com\\\/\",\"name\":\"Principios\",\"description\":\"Principios Diario\",\"publisher\":{\"@id\":\"https:\\\/\\\/diarioprincipios.com\\\/#organization\"},\"potentialAction\":[{\"@type\":\"SearchAction\",\"target\":{\"@type\":\"EntryPoint\",\"urlTemplate\":\"https:\\\/\\\/diarioprincipios.com\\\/?s={search_term_string}\"},\"query-input\":{\"@type\":\"PropertyValueSpecification\",\"valueRequired\":true,\"valueName\":\"search_term_string\"}}],\"inLanguage\":\"es\"},{\"@type\":\"Organization\",\"@id\":\"https:\\\/\\\/diarioprincipios.com\\\/#organization\",\"name\":\"Principios\",\"url\":\"https:\\\/\\\/diarioprincipios.com\\\/\",\"logo\":{\"@type\":\"ImageObject\",\"inLanguage\":\"es\",\"@id\":\"https:\\\/\\\/diarioprincipios.com\\\/#\\\/schema\\\/logo\\\/image\\\/\",\"url\":\"https:\\\/\\\/diarioprincipios.com\\\/wp-content\\\/uploads\\\/2024\\\/04\\\/cropped-www.diarioprincipios.com_-1.png\",\"contentUrl\":\"https:\\\/\\\/diarioprincipios.com\\\/wp-content\\\/uploads\\\/2024\\\/04\\\/cropped-www.diarioprincipios.com_-1.png\",\"width\":5325,\"height\":1454,\"caption\":\"Principios\"},\"image\":{\"@id\":\"https:\\\/\\\/diarioprincipios.com\\\/#\\\/schema\\\/logo\\\/image\\\/\"}},{\"@type\":\"Person\",\"@id\":\"https:\\\/\\\/diarioprincipios.com\\\/#\\\/schema\\\/person\\\/436d5a1fd41a5e250e23ff5a6a7cb080\",\"name\":\"Hern\u00e1n L\u00f3pez\",\"image\":{\"@type\":\"ImageObject\",\"inLanguage\":\"es\",\"@id\":\"https:\\\/\\\/diarioprincipios.com\\\/wp-content\\\/litespeed\\\/avatar\\\/11ddfe5610ff3bd100522525b2571f48.jpg?ver=1777048341\",\"url\":\"https:\\\/\\\/diarioprincipios.com\\\/wp-content\\\/litespeed\\\/avatar\\\/11ddfe5610ff3bd100522525b2571f48.jpg?ver=1777048341\",\"contentUrl\":\"https:\\\/\\\/diarioprincipios.com\\\/wp-content\\\/litespeed\\\/avatar\\\/11ddfe5610ff3bd100522525b2571f48.jpg?ver=1777048341\",\"caption\":\"Hern\u00e1n L\u00f3pez\"},\"url\":\"https:\\\/\\\/diarioprincipios.com\\\/index.php\\\/author\\\/hernan\\\/\"}]}<\/script>\n<!-- \/ Yoast SEO plugin. -->","yoast_head_json":{"title":"Desde ma\u00f1ana la UNLP pondr\u00e1 en marcha la Expo Universidad para ingresantes en forma virtual - Principios","robots":{"index":"index","follow":"follow","max-snippet":"max-snippet:-1","max-image-preview":"max-image-preview:large","max-video-preview":"max-video-preview:-1"},"canonical":"https:\/\/diarioprincipios.com\/index.php\/2020\/09\/13\/desde-manana-la-unlp-pondra-en-marcha-la-expo-universidad-para-ingresantes-en-forma-virtual\/","og_locale":"es_ES","og_type":"article","og_title":"Desde ma\u00f1ana la UNLP pondr\u00e1 en marcha la Expo Universidad para ingresantes en forma virtual - Principios","og_description":"Desde este lunes y hasta el viernes se desarrollar\u00e1 la d\u00e9cimo octava Expo Universidad, organizada por la Universidad Nacional de La Plata, que recibe a futuros ingresantes y que en esta oportunidad ser\u00e1 en forma virtual debido a la cuarentena por coronavirus. La megamuestra organizada por la casa de estudios de la capital bonaerense recurrir\u00e1...","og_url":"https:\/\/diarioprincipios.com\/index.php\/2020\/09\/13\/desde-manana-la-unlp-pondra-en-marcha-la-expo-universidad-para-ingresantes-en-forma-virtual\/","og_site_name":"Principios","article_published_time":"2020-09-13T20:18:57+00:00","article_modified_time":"2020-09-13T20:18:59+00:00","og_image":[{"width":300,"height":168,"url":"https:\/\/diarioprincipios.com\/wp-content\/uploads\/2020\/09\/descarga-17.jpeg","type":"image\/jpeg"}],"author":"Hern\u00e1n L\u00f3pez","twitter_card":"summary_large_image","twitter_misc":{"Escrito por":"Hern\u00e1n L\u00f3pez","Tiempo de lectura":"2 minutos"},"schema":{"@context":"https:\/\/schema.org","@graph":[{"@type":"Article","@id":"https:\/\/diarioprincipios.com\/index.php\/2020\/09\/13\/desde-manana-la-unlp-pondra-en-marcha-la-expo-universidad-para-ingresantes-en-forma-virtual\/#article","isPartOf":{"@id":"https:\/\/diarioprincipios.com\/index.php\/2020\/09\/13\/desde-manana-la-unlp-pondra-en-marcha-la-expo-universidad-para-ingresantes-en-forma-virtual\/"},"author":{"name":"Hern\u00e1n L\u00f3pez","@id":"https:\/\/diarioprincipios.com\/#\/schema\/person\/436d5a1fd41a5e250e23ff5a6a7cb080"},"headline":"Desde ma\u00f1ana la UNLP pondr\u00e1 en marcha la Expo Universidad para ingresantes en forma virtual","datePublished":"2020-09-13T20:18:57+00:00","dateModified":"2020-09-13T20:18:59+00:00","mainEntityOfPage":{"@id":"https:\/\/diarioprincipios.com\/index.php\/2020\/09\/13\/desde-manana-la-unlp-pondra-en-marcha-la-expo-universidad-para-ingresantes-en-forma-virtual\/"},"wordCount":425,"commentCount":0,"publisher":{"@id":"https:\/\/diarioprincipios.com\/#organization"},"image":{"@id":"https:\/\/diarioprincipios.com\/index.php\/2020\/09\/13\/desde-manana-la-unlp-pondra-en-marcha-la-expo-universidad-para-ingresantes-en-forma-virtual\/#primaryimage"},"thumbnailUrl":"https:\/\/diarioprincipios.com\/wp-content\/uploads\/2020\/09\/descarga-17.jpeg","articleSection":["Naci\u00f3n"],"inLanguage":"es","potentialAction":[{"@type":"CommentAction","name":"Comment","target":["https:\/\/diarioprincipios.com\/index.php\/2020\/09\/13\/desde-manana-la-unlp-pondra-en-marcha-la-expo-universidad-para-ingresantes-en-forma-virtual\/#respond"]}]},{"@type":"WebPage","@id":"https:\/\/diarioprincipios.com\/index.php\/2020\/09\/13\/desde-manana-la-unlp-pondra-en-marcha-la-expo-universidad-para-ingresantes-en-forma-virtual\/","url":"https:\/\/diarioprincipios.com\/index.php\/2020\/09\/13\/desde-manana-la-unlp-pondra-en-marcha-la-expo-universidad-para-ingresantes-en-forma-virtual\/","name":"Desde ma\u00f1ana la UNLP pondr\u00e1 en marcha la Expo Universidad para ingresantes en forma virtual - Principios","isPartOf":{"@id":"https:\/\/diarioprincipios.com\/#website"},"primaryImageOfPage":{"@id":"https:\/\/diarioprincipios.com\/index.php\/2020\/09\/13\/desde-manana-la-unlp-pondra-en-marcha-la-expo-universidad-para-ingresantes-en-forma-virtual\/#primaryimage"},"image":{"@id":"https:\/\/diarioprincipios.com\/index.php\/2020\/09\/13\/desde-manana-la-unlp-pondra-en-marcha-la-expo-universidad-para-ingresantes-en-forma-virtual\/#primaryimage"},"thumbnailUrl":"https:\/\/diarioprincipios.com\/wp-content\/uploads\/2020\/09\/descarga-17.jpeg","datePublished":"2020-09-13T20:18:57+00:00","dateModified":"2020-09-13T20:18:59+00:00","breadcrumb":{"@id":"https:\/\/diarioprincipios.com\/index.php\/2020\/09\/13\/desde-manana-la-unlp-pondra-en-marcha-la-expo-universidad-para-ingresantes-en-forma-virtual\/#breadcrumb"},"inLanguage":"es","potentialAction":[{"@type":"ReadAction","target":["https:\/\/diarioprincipios.com\/index.php\/2020\/09\/13\/desde-manana-la-unlp-pondra-en-marcha-la-expo-universidad-para-ingresantes-en-forma-virtual\/"]}]},{"@type":"ImageObject","inLanguage":"es","@id":"https:\/\/diarioprincipios.com\/index.php\/2020\/09\/13\/desde-manana-la-unlp-pondra-en-marcha-la-expo-universidad-para-ingresantes-en-forma-virtual\/#primaryimage","url":"https:\/\/diarioprincipios.com\/wp-content\/uploads\/2020\/09\/descarga-17.jpeg","contentUrl":"https:\/\/diarioprincipios.com\/wp-content\/uploads\/2020\/09\/descarga-17.jpeg","width":300,"height":168},{"@type":"BreadcrumbList","@id":"https:\/\/diarioprincipios.com\/index.php\/2020\/09\/13\/desde-manana-la-unlp-pondra-en-marcha-la-expo-universidad-para-ingresantes-en-forma-virtual\/#breadcrumb","itemListElement":[{"@type":"ListItem","position":1,"name":"Portada","item":"https:\/\/diarioprincipios.com\/"},{"@type":"ListItem","position":2,"name":"Desde ma\u00f1ana la UNLP pondr\u00e1 en marcha la Expo Universidad para ingresantes en forma virtual"}]},{"@type":"WebSite","@id":"https:\/\/diarioprincipios.com\/#website","url":"https:\/\/diarioprincipios.com\/","name":"Principios","description":"Principios Diario","publisher":{"@id":"https:\/\/diarioprincipios.com\/#organization"},"potentialAction":[{"@type":"SearchAction","target":{"@type":"EntryPoint","urlTemplate":"https:\/\/diarioprincipios.com\/?s={search_term_string}"},"query-input":{"@type":"PropertyValueSpecification","valueRequired":true,"valueName":"search_term_string"}}],"inLanguage":"es"},{"@type":"Organization","@id":"https:\/\/diarioprincipios.com\/#organization","name":"Principios","url":"https:\/\/diarioprincipios.com\/","logo":{"@type":"ImageObject","inLanguage":"es","@id":"https:\/\/diarioprincipios.com\/#\/schema\/logo\/image\/","url":"https:\/\/diarioprincipios.com\/wp-content\/uploads\/2024\/04\/cropped-www.diarioprincipios.com_-1.png","contentUrl":"https:\/\/diarioprincipios.com\/wp-content\/uploads\/2024\/04\/cropped-www.diarioprincipios.com_-1.png","width":5325,"height":1454,"caption":"Principios"},"image":{"@id":"https:\/\/diarioprincipios.com\/#\/schema\/logo\/image\/"}},{"@type":"Person","@id":"https:\/\/diarioprincipios.com\/#\/schema\/person\/436d5a1fd41a5e250e23ff5a6a7cb080","name":"Hern\u00e1n L\u00f3pez","image":{"@type":"ImageObject","inLanguage":"es","@id":"https:\/\/diarioprincipios.com\/wp-content\/litespeed\/avatar\/11ddfe5610ff3bd100522525b2571f48.jpg?ver=1777048341","url":"https:\/\/diarioprincipios.com\/wp-content\/litespeed\/avatar\/11ddfe5610ff3bd100522525b2571f48.jpg?ver=1777048341","contentUrl":"https:\/\/diarioprincipios.com\/wp-content\/litespeed\/avatar\/11ddfe5610ff3bd100522525b2571f48.jpg?ver=1777048341","caption":"Hern\u00e1n L\u00f3pez"},"url":"https:\/\/diarioprincipios.com\/index.php\/author\/hernan\/"}]}},"jetpack_featured_media_url":"https:\/\/diarioprincipios.com\/wp-content\/uploads\/2020\/09\/descarga-17.jpeg","_links":{"self":[{"href":"https:\/\/diarioprincipios.com\/index.php\/wp-json\/wp\/v2\/posts\/5509","targetHints":{"allow":["GET"]}}],"collection":[{"href":"https:\/\/diarioprincipios.com\/index.php\/wp-json\/wp\/v2\/posts"}],"about":[{"href":"https:\/\/diarioprincipios.com\/index.php\/wp-json\/wp\/v2\/types\/post"}],"author":[{"embeddable":true,"href":"https:\/\/diarioprincipios.com\/index.php\/wp-json\/wp\/v2\/users\/2"}],"replies":[{"embeddable":true,"href":"https:\/\/diarioprincipios.com\/index.php\/wp-json\/wp\/v2\/comments?post=5509"}],"version-history":[{"count":1,"href":"https:\/\/diarioprincipios.com\/index.php\/wp-json\/wp\/v2\/posts\/5509\/revisions"}],"predecessor-version":[{"id":5511,"href":"https:\/\/diarioprincipios.com\/index.php\/wp-json\/wp\/v2\/posts\/5509\/revisions\/5511"}],"wp:featuredmedia":[{"embeddable":true,"href":"https:\/\/diarioprincipios.com\/index.php\/wp-json\/wp\/v2\/media\/5510"}],"wp:attachment":[{"href":"https:\/\/diarioprincipios.com\/index.php\/wp-json\/wp\/v2\/media?parent=5509"}],"wp:term":[{"taxonomy":"category","embeddable":true,"href":"https:\/\/diarioprincipios.com\/index.php\/wp-json\/wp\/v2\/categories?post=5509"},{"taxonomy":"post_tag","embeddable":true,"href":"https:\/\/diarioprincipios.com\/index.php\/wp-json\/wp\/v2\/tags?post=5509"}],"curies":[{"name":"wp","href":"https:\/\/api.w.org\/{rel}","templated":true}]}}