{"id":5500,"date":"2020-09-12T20:39:31","date_gmt":"2020-09-12T23:39:31","guid":{"rendered":"http:\/\/diarioprincipios.com\/?p=5500"},"modified":"2020-09-12T20:43:16","modified_gmt":"2020-09-12T23:43:16","slug":"mussi-se-reunio-con-el-presidente-de-trenes-argentinos-y-hablaron-de-obras-en-el-distrito","status":"publish","type":"post","link":"https:\/\/diarioprincipios.com\/index.php\/2020\/09\/12\/mussi-se-reunio-con-el-presidente-de-trenes-argentinos-y-hablaron-de-obras-en-el-distrito\/","title":{"rendered":"Mussi se reuni\u00f3 con el presidente de Trenes Argentinos y hablaron de obras en el distrito"},"content":{"rendered":"\n<p>El intendente municipal de Berazategui se reuni\u00f3 con el titular de Trenes Argentinos.<\/p>\n\n\n\n<p>\u00abNos reunimos con Martin Marinucci, presidente de Trenes Argentinos, para hablar sobre diferentes obras que mejorar\u00e1n el servicio que se brinda a vecinos y vecinas\u00bb, escribi\u00f3 Juan Jos\u00e9 Mussi en sus redes sociales adelantando que se habl\u00f3 sobre \u00bb la renovaci\u00f3n de la Estaci\u00f3n de Hudson y la importancia de construir nuevos bajo y sobre nivel\u00bb. <\/p>\n\n\n\n<p>Finalmente escribi\u00f3 que \u00abTambi\u00e9n participaron del encuentro, el director de este Organismo, Fernando Carballo; adem\u00e1s de Dar\u00edo Comparato. #Berazategui #Obras #BuenosVecinos\u00bb.<\/p>\n","protected":false},"excerpt":{"rendered":"<p>El intendente municipal de Berazategui se reuni\u00f3 con el titular de Trenes Argentinos. \u00abNos reunimos con Martin Marinucci, presidente de Trenes Argentinos, para hablar sobre diferentes obras que mejorar\u00e1n el servicio que se brinda a vecinos y vecinas\u00bb, escribi\u00f3 Juan Jos\u00e9 Mussi en sus redes sociales adelantando que se habl\u00f3 sobre \u00bb la renovaci\u00f3n de&#8230;<\/p>\n","protected":false},"author":2,"featured_media":5501,"comment_status":"open","ping_status":"open","sticky":false,"template":"","format":"standard","meta":{"footnotes":""},"categories":[3],"tags":[],"class_list":["post-5500","post","type-post","status-publish","format-standard","has-post-thumbnail","hentry","category-berazategui"],"featured_image_src":"https:\/\/diarioprincipios.com\/wp-content\/uploads\/2020\/09\/FB_IMG_1599953652969-1024x1024.jpg","blog_images":{"medium":"https:\/\/diarioprincipios.com\/wp-content\/uploads\/2020\/09\/FB_IMG_1599953652969-300x300.jpg","large":"https:\/\/diarioprincipios.com\/wp-content\/uploads\/2020\/09\/FB_IMG_1599953652969-1024x1024.jpg"},"ams_acf":[],"yoast_head":"<!-- This site is optimized with the Yoast SEO plugin v27.3 - https:\/\/yoast.com\/product\/yoast-seo-wordpress\/ -->\n<title>Mussi se reuni\u00f3 con el presidente de Trenes Argentinos y hablaron de obras en el distrito - Principios<\/title>\n<meta name=\"robots\" content=\"index, follow, max-snippet:-1, max-image-preview:large, max-video-preview:-1\" \/>\n<link rel=\"canonical\" href=\"https:\/\/diarioprincipios.com\/index.php\/2020\/09\/12\/mussi-se-reunio-con-el-presidente-de-trenes-argentinos-y-hablaron-de-obras-en-el-distrito\/\" \/>\n<meta property=\"og:locale\" content=\"es_ES\" \/>\n<meta property=\"og:type\" content=\"article\" \/>\n<meta property=\"og:title\" content=\"Mussi se reuni\u00f3 con el presidente de Trenes Argentinos y hablaron de obras en el distrito - Principios\" \/>\n<meta property=\"og:description\" content=\"El intendente municipal de Berazategui se reuni\u00f3 con el titular de Trenes Argentinos. \u00abNos reunimos con Martin Marinucci, presidente de Trenes Argentinos, para hablar sobre diferentes obras que mejorar\u00e1n el servicio que se brinda a vecinos y vecinas\u00bb, escribi\u00f3 Juan Jos\u00e9 Mussi en sus redes sociales adelantando que se habl\u00f3 sobre \u00bb la renovaci\u00f3n de...\" \/>\n<meta property=\"og:url\" content=\"https:\/\/diarioprincipios.com\/index.php\/2020\/09\/12\/mussi-se-reunio-con-el-presidente-de-trenes-argentinos-y-hablaron-de-obras-en-el-distrito\/\" \/>\n<meta property=\"og:site_name\" content=\"Principios\" \/>\n<meta property=\"article:published_time\" content=\"2020-09-12T23:39:31+00:00\" \/>\n<meta property=\"article:modified_time\" content=\"2020-09-12T23:43:16+00:00\" \/>\n<meta property=\"og:image\" content=\"https:\/\/diarioprincipios.com\/wp-content\/uploads\/2020\/09\/FB_IMG_1599953652969.jpg\" \/>\n\t<meta property=\"og:image:width\" content=\"1024\" \/>\n\t<meta property=\"og:image:height\" content=\"1024\" \/>\n\t<meta property=\"og:image:type\" content=\"image\/jpeg\" \/>\n<meta name=\"author\" content=\"Hern\u00e1n L\u00f3pez\" \/>\n<meta name=\"twitter:card\" content=\"summary_large_image\" \/>\n<meta name=\"twitter:label1\" content=\"Escrito por\" \/>\n\t<meta name=\"twitter:data1\" content=\"Hern\u00e1n L\u00f3pez\" \/>\n<script type=\"application\/ld+json\" class=\"yoast-schema-graph\">{\"@context\":\"https:\\\/\\\/schema.org\",\"@graph\":[{\"@type\":\"Article\",\"@id\":\"https:\\\/\\\/diarioprincipios.com\\\/index.php\\\/2020\\\/09\\\/12\\\/mussi-se-reunio-con-el-presidente-de-trenes-argentinos-y-hablaron-de-obras-en-el-distrito\\\/#article\",\"isPartOf\":{\"@id\":\"https:\\\/\\\/diarioprincipios.com\\\/index.php\\\/2020\\\/09\\\/12\\\/mussi-se-reunio-con-el-presidente-de-trenes-argentinos-y-hablaron-de-obras-en-el-distrito\\\/\"},\"author\":{\"name\":\"Hern\u00e1n L\u00f3pez\",\"@id\":\"https:\\\/\\\/diarioprincipios.com\\\/#\\\/schema\\\/person\\\/436d5a1fd41a5e250e23ff5a6a7cb080\"},\"headline\":\"Mussi se reuni\u00f3 con el presidente de Trenes Argentinos y hablaron de obras en el distrito\",\"datePublished\":\"2020-09-12T23:39:31+00:00\",\"dateModified\":\"2020-09-12T23:43:16+00:00\",\"mainEntityOfPage\":{\"@id\":\"https:\\\/\\\/diarioprincipios.com\\\/index.php\\\/2020\\\/09\\\/12\\\/mussi-se-reunio-con-el-presidente-de-trenes-argentinos-y-hablaron-de-obras-en-el-distrito\\\/\"},\"wordCount\":111,\"commentCount\":0,\"publisher\":{\"@id\":\"https:\\\/\\\/diarioprincipios.com\\\/#organization\"},\"image\":{\"@id\":\"https:\\\/\\\/diarioprincipios.com\\\/index.php\\\/2020\\\/09\\\/12\\\/mussi-se-reunio-con-el-presidente-de-trenes-argentinos-y-hablaron-de-obras-en-el-distrito\\\/#primaryimage\"},\"thumbnailUrl\":\"https:\\\/\\\/diarioprincipios.com\\\/wp-content\\\/uploads\\\/2020\\\/09\\\/FB_IMG_1599953652969.jpg\",\"articleSection\":[\"Berazategui\"],\"inLanguage\":\"es\",\"potentialAction\":[{\"@type\":\"CommentAction\",\"name\":\"Comment\",\"target\":[\"https:\\\/\\\/diarioprincipios.com\\\/index.php\\\/2020\\\/09\\\/12\\\/mussi-se-reunio-con-el-presidente-de-trenes-argentinos-y-hablaron-de-obras-en-el-distrito\\\/#respond\"]}]},{\"@type\":\"WebPage\",\"@id\":\"https:\\\/\\\/diarioprincipios.com\\\/index.php\\\/2020\\\/09\\\/12\\\/mussi-se-reunio-con-el-presidente-de-trenes-argentinos-y-hablaron-de-obras-en-el-distrito\\\/\",\"url\":\"https:\\\/\\\/diarioprincipios.com\\\/index.php\\\/2020\\\/09\\\/12\\\/mussi-se-reunio-con-el-presidente-de-trenes-argentinos-y-hablaron-de-obras-en-el-distrito\\\/\",\"name\":\"Mussi se reuni\u00f3 con el presidente de Trenes Argentinos y hablaron de obras en el distrito - Principios\",\"isPartOf\":{\"@id\":\"https:\\\/\\\/diarioprincipios.com\\\/#website\"},\"primaryImageOfPage\":{\"@id\":\"https:\\\/\\\/diarioprincipios.com\\\/index.php\\\/2020\\\/09\\\/12\\\/mussi-se-reunio-con-el-presidente-de-trenes-argentinos-y-hablaron-de-obras-en-el-distrito\\\/#primaryimage\"},\"image\":{\"@id\":\"https:\\\/\\\/diarioprincipios.com\\\/index.php\\\/2020\\\/09\\\/12\\\/mussi-se-reunio-con-el-presidente-de-trenes-argentinos-y-hablaron-de-obras-en-el-distrito\\\/#primaryimage\"},\"thumbnailUrl\":\"https:\\\/\\\/diarioprincipios.com\\\/wp-content\\\/uploads\\\/2020\\\/09\\\/FB_IMG_1599953652969.jpg\",\"datePublished\":\"2020-09-12T23:39:31+00:00\",\"dateModified\":\"2020-09-12T23:43:16+00:00\",\"breadcrumb\":{\"@id\":\"https:\\\/\\\/diarioprincipios.com\\\/index.php\\\/2020\\\/09\\\/12\\\/mussi-se-reunio-con-el-presidente-de-trenes-argentinos-y-hablaron-de-obras-en-el-distrito\\\/#breadcrumb\"},\"inLanguage\":\"es\",\"potentialAction\":[{\"@type\":\"ReadAction\",\"target\":[\"https:\\\/\\\/diarioprincipios.com\\\/index.php\\\/2020\\\/09\\\/12\\\/mussi-se-reunio-con-el-presidente-de-trenes-argentinos-y-hablaron-de-obras-en-el-distrito\\\/\"]}]},{\"@type\":\"ImageObject\",\"inLanguage\":\"es\",\"@id\":\"https:\\\/\\\/diarioprincipios.com\\\/index.php\\\/2020\\\/09\\\/12\\\/mussi-se-reunio-con-el-presidente-de-trenes-argentinos-y-hablaron-de-obras-en-el-distrito\\\/#primaryimage\",\"url\":\"https:\\\/\\\/diarioprincipios.com\\\/wp-content\\\/uploads\\\/2020\\\/09\\\/FB_IMG_1599953652969.jpg\",\"contentUrl\":\"https:\\\/\\\/diarioprincipios.com\\\/wp-content\\\/uploads\\\/2020\\\/09\\\/FB_IMG_1599953652969.jpg\",\"width\":1024,\"height\":1024},{\"@type\":\"BreadcrumbList\",\"@id\":\"https:\\\/\\\/diarioprincipios.com\\\/index.php\\\/2020\\\/09\\\/12\\\/mussi-se-reunio-con-el-presidente-de-trenes-argentinos-y-hablaron-de-obras-en-el-distrito\\\/#breadcrumb\",\"itemListElement\":[{\"@type\":\"ListItem\",\"position\":1,\"name\":\"Portada\",\"item\":\"https:\\\/\\\/diarioprincipios.com\\\/\"},{\"@type\":\"ListItem\",\"position\":2,\"name\":\"Mussi se reuni\u00f3 con el presidente de Trenes Argentinos y hablaron de obras en el distrito\"}]},{\"@type\":\"WebSite\",\"@id\":\"https:\\\/\\\/diarioprincipios.com\\\/#website\",\"url\":\"https:\\\/\\\/diarioprincipios.com\\\/\",\"name\":\"Principios\",\"description\":\"Principios Diario\",\"publisher\":{\"@id\":\"https:\\\/\\\/diarioprincipios.com\\\/#organization\"},\"potentialAction\":[{\"@type\":\"SearchAction\",\"target\":{\"@type\":\"EntryPoint\",\"urlTemplate\":\"https:\\\/\\\/diarioprincipios.com\\\/?s={search_term_string}\"},\"query-input\":{\"@type\":\"PropertyValueSpecification\",\"valueRequired\":true,\"valueName\":\"search_term_string\"}}],\"inLanguage\":\"es\"},{\"@type\":\"Organization\",\"@id\":\"https:\\\/\\\/diarioprincipios.com\\\/#organization\",\"name\":\"Principios\",\"url\":\"https:\\\/\\\/diarioprincipios.com\\\/\",\"logo\":{\"@type\":\"ImageObject\",\"inLanguage\":\"es\",\"@id\":\"https:\\\/\\\/diarioprincipios.com\\\/#\\\/schema\\\/logo\\\/image\\\/\",\"url\":\"https:\\\/\\\/diarioprincipios.com\\\/wp-content\\\/uploads\\\/2024\\\/04\\\/cropped-www.diarioprincipios.com_-1.png\",\"contentUrl\":\"https:\\\/\\\/diarioprincipios.com\\\/wp-content\\\/uploads\\\/2024\\\/04\\\/cropped-www.diarioprincipios.com_-1.png\",\"width\":5325,\"height\":1454,\"caption\":\"Principios\"},\"image\":{\"@id\":\"https:\\\/\\\/diarioprincipios.com\\\/#\\\/schema\\\/logo\\\/image\\\/\"}},{\"@type\":\"Person\",\"@id\":\"https:\\\/\\\/diarioprincipios.com\\\/#\\\/schema\\\/person\\\/436d5a1fd41a5e250e23ff5a6a7cb080\",\"name\":\"Hern\u00e1n L\u00f3pez\",\"image\":{\"@type\":\"ImageObject\",\"inLanguage\":\"es\",\"@id\":\"https:\\\/\\\/diarioprincipios.com\\\/wp-content\\\/litespeed\\\/avatar\\\/11ddfe5610ff3bd100522525b2571f48.jpg?ver=1777048341\",\"url\":\"https:\\\/\\\/diarioprincipios.com\\\/wp-content\\\/litespeed\\\/avatar\\\/11ddfe5610ff3bd100522525b2571f48.jpg?ver=1777048341\",\"contentUrl\":\"https:\\\/\\\/diarioprincipios.com\\\/wp-content\\\/litespeed\\\/avatar\\\/11ddfe5610ff3bd100522525b2571f48.jpg?ver=1777048341\",\"caption\":\"Hern\u00e1n L\u00f3pez\"},\"url\":\"https:\\\/\\\/diarioprincipios.com\\\/index.php\\\/author\\\/hernan\\\/\"}]}<\/script>\n<!-- \/ Yoast SEO plugin. -->","yoast_head_json":{"title":"Mussi se reuni\u00f3 con el presidente de Trenes Argentinos y hablaron de obras en el distrito - Principios","robots":{"index":"index","follow":"follow","max-snippet":"max-snippet:-1","max-image-preview":"max-image-preview:large","max-video-preview":"max-video-preview:-1"},"canonical":"https:\/\/diarioprincipios.com\/index.php\/2020\/09\/12\/mussi-se-reunio-con-el-presidente-de-trenes-argentinos-y-hablaron-de-obras-en-el-distrito\/","og_locale":"es_ES","og_type":"article","og_title":"Mussi se reuni\u00f3 con el presidente de Trenes Argentinos y hablaron de obras en el distrito - Principios","og_description":"El intendente municipal de Berazategui se reuni\u00f3 con el titular de Trenes Argentinos. \u00abNos reunimos con Martin Marinucci, presidente de Trenes Argentinos, para hablar sobre diferentes obras que mejorar\u00e1n el servicio que se brinda a vecinos y vecinas\u00bb, escribi\u00f3 Juan Jos\u00e9 Mussi en sus redes sociales adelantando que se habl\u00f3 sobre \u00bb la renovaci\u00f3n de...","og_url":"https:\/\/diarioprincipios.com\/index.php\/2020\/09\/12\/mussi-se-reunio-con-el-presidente-de-trenes-argentinos-y-hablaron-de-obras-en-el-distrito\/","og_site_name":"Principios","article_published_time":"2020-09-12T23:39:31+00:00","article_modified_time":"2020-09-12T23:43:16+00:00","og_image":[{"width":1024,"height":1024,"url":"https:\/\/diarioprincipios.com\/wp-content\/uploads\/2020\/09\/FB_IMG_1599953652969.jpg","type":"image\/jpeg"}],"author":"Hern\u00e1n L\u00f3pez","twitter_card":"summary_large_image","twitter_misc":{"Escrito por":"Hern\u00e1n L\u00f3pez"},"schema":{"@context":"https:\/\/schema.org","@graph":[{"@type":"Article","@id":"https:\/\/diarioprincipios.com\/index.php\/2020\/09\/12\/mussi-se-reunio-con-el-presidente-de-trenes-argentinos-y-hablaron-de-obras-en-el-distrito\/#article","isPartOf":{"@id":"https:\/\/diarioprincipios.com\/index.php\/2020\/09\/12\/mussi-se-reunio-con-el-presidente-de-trenes-argentinos-y-hablaron-de-obras-en-el-distrito\/"},"author":{"name":"Hern\u00e1n L\u00f3pez","@id":"https:\/\/diarioprincipios.com\/#\/schema\/person\/436d5a1fd41a5e250e23ff5a6a7cb080"},"headline":"Mussi se reuni\u00f3 con el presidente de Trenes Argentinos y hablaron de obras en el distrito","datePublished":"2020-09-12T23:39:31+00:00","dateModified":"2020-09-12T23:43:16+00:00","mainEntityOfPage":{"@id":"https:\/\/diarioprincipios.com\/index.php\/2020\/09\/12\/mussi-se-reunio-con-el-presidente-de-trenes-argentinos-y-hablaron-de-obras-en-el-distrito\/"},"wordCount":111,"commentCount":0,"publisher":{"@id":"https:\/\/diarioprincipios.com\/#organization"},"image":{"@id":"https:\/\/diarioprincipios.com\/index.php\/2020\/09\/12\/mussi-se-reunio-con-el-presidente-de-trenes-argentinos-y-hablaron-de-obras-en-el-distrito\/#primaryimage"},"thumbnailUrl":"https:\/\/diarioprincipios.com\/wp-content\/uploads\/2020\/09\/FB_IMG_1599953652969.jpg","articleSection":["Berazategui"],"inLanguage":"es","potentialAction":[{"@type":"CommentAction","name":"Comment","target":["https:\/\/diarioprincipios.com\/index.php\/2020\/09\/12\/mussi-se-reunio-con-el-presidente-de-trenes-argentinos-y-hablaron-de-obras-en-el-distrito\/#respond"]}]},{"@type":"WebPage","@id":"https:\/\/diarioprincipios.com\/index.php\/2020\/09\/12\/mussi-se-reunio-con-el-presidente-de-trenes-argentinos-y-hablaron-de-obras-en-el-distrito\/","url":"https:\/\/diarioprincipios.com\/index.php\/2020\/09\/12\/mussi-se-reunio-con-el-presidente-de-trenes-argentinos-y-hablaron-de-obras-en-el-distrito\/","name":"Mussi se reuni\u00f3 con el presidente de Trenes Argentinos y hablaron de obras en el distrito - Principios","isPartOf":{"@id":"https:\/\/diarioprincipios.com\/#website"},"primaryImageOfPage":{"@id":"https:\/\/diarioprincipios.com\/index.php\/2020\/09\/12\/mussi-se-reunio-con-el-presidente-de-trenes-argentinos-y-hablaron-de-obras-en-el-distrito\/#primaryimage"},"image":{"@id":"https:\/\/diarioprincipios.com\/index.php\/2020\/09\/12\/mussi-se-reunio-con-el-presidente-de-trenes-argentinos-y-hablaron-de-obras-en-el-distrito\/#primaryimage"},"thumbnailUrl":"https:\/\/diarioprincipios.com\/wp-content\/uploads\/2020\/09\/FB_IMG_1599953652969.jpg","datePublished":"2020-09-12T23:39:31+00:00","dateModified":"2020-09-12T23:43:16+00:00","breadcrumb":{"@id":"https:\/\/diarioprincipios.com\/index.php\/2020\/09\/12\/mussi-se-reunio-con-el-presidente-de-trenes-argentinos-y-hablaron-de-obras-en-el-distrito\/#breadcrumb"},"inLanguage":"es","potentialAction":[{"@type":"ReadAction","target":["https:\/\/diarioprincipios.com\/index.php\/2020\/09\/12\/mussi-se-reunio-con-el-presidente-de-trenes-argentinos-y-hablaron-de-obras-en-el-distrito\/"]}]},{"@type":"ImageObject","inLanguage":"es","@id":"https:\/\/diarioprincipios.com\/index.php\/2020\/09\/12\/mussi-se-reunio-con-el-presidente-de-trenes-argentinos-y-hablaron-de-obras-en-el-distrito\/#primaryimage","url":"https:\/\/diarioprincipios.com\/wp-content\/uploads\/2020\/09\/FB_IMG_1599953652969.jpg","contentUrl":"https:\/\/diarioprincipios.com\/wp-content\/uploads\/2020\/09\/FB_IMG_1599953652969.jpg","width":1024,"height":1024},{"@type":"BreadcrumbList","@id":"https:\/\/diarioprincipios.com\/index.php\/2020\/09\/12\/mussi-se-reunio-con-el-presidente-de-trenes-argentinos-y-hablaron-de-obras-en-el-distrito\/#breadcrumb","itemListElement":[{"@type":"ListItem","position":1,"name":"Portada","item":"https:\/\/diarioprincipios.com\/"},{"@type":"ListItem","position":2,"name":"Mussi se reuni\u00f3 con el presidente de Trenes Argentinos y hablaron de obras en el distrito"}]},{"@type":"WebSite","@id":"https:\/\/diarioprincipios.com\/#website","url":"https:\/\/diarioprincipios.com\/","name":"Principios","description":"Principios Diario","publisher":{"@id":"https:\/\/diarioprincipios.com\/#organization"},"potentialAction":[{"@type":"SearchAction","target":{"@type":"EntryPoint","urlTemplate":"https:\/\/diarioprincipios.com\/?s={search_term_string}"},"query-input":{"@type":"PropertyValueSpecification","valueRequired":true,"valueName":"search_term_string"}}],"inLanguage":"es"},{"@type":"Organization","@id":"https:\/\/diarioprincipios.com\/#organization","name":"Principios","url":"https:\/\/diarioprincipios.com\/","logo":{"@type":"ImageObject","inLanguage":"es","@id":"https:\/\/diarioprincipios.com\/#\/schema\/logo\/image\/","url":"https:\/\/diarioprincipios.com\/wp-content\/uploads\/2024\/04\/cropped-www.diarioprincipios.com_-1.png","contentUrl":"https:\/\/diarioprincipios.com\/wp-content\/uploads\/2024\/04\/cropped-www.diarioprincipios.com_-1.png","width":5325,"height":1454,"caption":"Principios"},"image":{"@id":"https:\/\/diarioprincipios.com\/#\/schema\/logo\/image\/"}},{"@type":"Person","@id":"https:\/\/diarioprincipios.com\/#\/schema\/person\/436d5a1fd41a5e250e23ff5a6a7cb080","name":"Hern\u00e1n L\u00f3pez","image":{"@type":"ImageObject","inLanguage":"es","@id":"https:\/\/diarioprincipios.com\/wp-content\/litespeed\/avatar\/11ddfe5610ff3bd100522525b2571f48.jpg?ver=1777048341","url":"https:\/\/diarioprincipios.com\/wp-content\/litespeed\/avatar\/11ddfe5610ff3bd100522525b2571f48.jpg?ver=1777048341","contentUrl":"https:\/\/diarioprincipios.com\/wp-content\/litespeed\/avatar\/11ddfe5610ff3bd100522525b2571f48.jpg?ver=1777048341","caption":"Hern\u00e1n L\u00f3pez"},"url":"https:\/\/diarioprincipios.com\/index.php\/author\/hernan\/"}]}},"jetpack_featured_media_url":"https:\/\/diarioprincipios.com\/wp-content\/uploads\/2020\/09\/FB_IMG_1599953652969.jpg","_links":{"self":[{"href":"https:\/\/diarioprincipios.com\/index.php\/wp-json\/wp\/v2\/posts\/5500","targetHints":{"allow":["GET"]}}],"collection":[{"href":"https:\/\/diarioprincipios.com\/index.php\/wp-json\/wp\/v2\/posts"}],"about":[{"href":"https:\/\/diarioprincipios.com\/index.php\/wp-json\/wp\/v2\/types\/post"}],"author":[{"embeddable":true,"href":"https:\/\/diarioprincipios.com\/index.php\/wp-json\/wp\/v2\/users\/2"}],"replies":[{"embeddable":true,"href":"https:\/\/diarioprincipios.com\/index.php\/wp-json\/wp\/v2\/comments?post=5500"}],"version-history":[{"count":2,"href":"https:\/\/diarioprincipios.com\/index.php\/wp-json\/wp\/v2\/posts\/5500\/revisions"}],"predecessor-version":[{"id":5503,"href":"https:\/\/diarioprincipios.com\/index.php\/wp-json\/wp\/v2\/posts\/5500\/revisions\/5503"}],"wp:featuredmedia":[{"embeddable":true,"href":"https:\/\/diarioprincipios.com\/index.php\/wp-json\/wp\/v2\/media\/5501"}],"wp:attachment":[{"href":"https:\/\/diarioprincipios.com\/index.php\/wp-json\/wp\/v2\/media?parent=5500"}],"wp:term":[{"taxonomy":"category","embeddable":true,"href":"https:\/\/diarioprincipios.com\/index.php\/wp-json\/wp\/v2\/categories?post=5500"},{"taxonomy":"post_tag","embeddable":true,"href":"https:\/\/diarioprincipios.com\/index.php\/wp-json\/wp\/v2\/tags?post=5500"}],"curies":[{"name":"wp","href":"https:\/\/api.w.org\/{rel}","templated":true}]}}