{"id":5482,"date":"2020-09-12T19:39:33","date_gmt":"2020-09-12T22:39:33","guid":{"rendered":"http:\/\/diarioprincipios.com\/?p=5482"},"modified":"2020-09-12T19:39:37","modified_gmt":"2020-09-12T22:39:37","slug":"lazos-solidarios-paso-por-berazategui-norte","status":"publish","type":"post","link":"https:\/\/diarioprincipios.com\/index.php\/2020\/09\/12\/lazos-solidarios-paso-por-berazategui-norte\/","title":{"rendered":"Lazos Solidarios pas\u00f3 por Berazategui Norte"},"content":{"rendered":"\n<p>M\u00e1s de 200 vecinos pudieron retirar su raci\u00f3n de comida ayer viernes en la Sociedad de Fomento Berazategui Norte, donde se realiz\u00f3 la Campa\u00f1a Lazos Solidarios, que organizan la Asociaci\u00f3n de Voley Capital Nacional del Vidrio y el SOIVA Berazategui.<\/p>\n\n\n\n<figure class=\"wp-block-image size-large\"><img loading=\"lazy\" decoding=\"async\" width=\"768\" height=\"1024\" src=\"https:\/\/diarioprincipios.com\/wp-content\/uploads\/2020\/09\/IMG-20200911-WA0066.jpg\" alt=\"\" class=\"wp-image-5484\" srcset=\"https:\/\/diarioprincipios.com\/wp-content\/uploads\/2020\/09\/IMG-20200911-WA0066.jpg 768w, https:\/\/diarioprincipios.com\/wp-content\/uploads\/2020\/09\/IMG-20200911-WA0066-225x300.jpg 225w\" sizes=\"auto, (max-width: 768px) 100vw, 768px\" \/><\/figure>\n\n\n\n<p>Esta Olla Popular se viene realizando todos los viernes en distintos barrios de la ciudad desde el comienzo de la pandemia en el mes de marzo.<\/p>\n\n\n\n<figure class=\"wp-block-image size-large\"><img loading=\"lazy\" decoding=\"async\" width=\"1024\" height=\"768\" src=\"https:\/\/diarioprincipios.com\/wp-content\/uploads\/2020\/09\/IMG-20200911-WA0075.jpg\" alt=\"\" class=\"wp-image-5485\" srcset=\"https:\/\/diarioprincipios.com\/wp-content\/uploads\/2020\/09\/IMG-20200911-WA0075.jpg 1024w, https:\/\/diarioprincipios.com\/wp-content\/uploads\/2020\/09\/IMG-20200911-WA0075-300x225.jpg 300w, https:\/\/diarioprincipios.com\/wp-content\/uploads\/2020\/09\/IMG-20200911-WA0075-768x576.jpg 768w\" sizes=\"auto, (max-width: 1024px) 100vw, 1024px\" \/><\/figure>\n\n\n\n<p>Celia Cabrera, presidenta de la Asociaci\u00f3n de Voley, sostuvo que \u00abuna vez m\u00e1s nuestro equipo de trabajo puso lo mejor de s\u00ed para servir a los vecinos y acercarle una porci\u00f3n de comida\u00bb, al tiempo que destac\u00f3 que \u00abcomo siempre contamos con el valioso apoyo del doctor Juan Jos\u00e9 Mussi, intendente de Berazategui, Horacio Valdez, m\u00e1ximo dirigente vidriero y del concejal y dirigente Vidriero Orlando Reyes\u00bb.<\/p>\n\n\n\n<figure class=\"wp-block-image size-large\"><img loading=\"lazy\" decoding=\"async\" width=\"1024\" height=\"768\" src=\"https:\/\/diarioprincipios.com\/wp-content\/uploads\/2020\/09\/IMG-20200911-WA0069.jpg\" alt=\"\" class=\"wp-image-5486\" srcset=\"https:\/\/diarioprincipios.com\/wp-content\/uploads\/2020\/09\/IMG-20200911-WA0069.jpg 1024w, https:\/\/diarioprincipios.com\/wp-content\/uploads\/2020\/09\/IMG-20200911-WA0069-300x225.jpg 300w, https:\/\/diarioprincipios.com\/wp-content\/uploads\/2020\/09\/IMG-20200911-WA0069-768x576.jpg 768w\" sizes=\"auto, (max-width: 1024px) 100vw, 1024px\" \/><\/figure>\n","protected":false},"excerpt":{"rendered":"<p>M\u00e1s de 200 vecinos pudieron retirar su raci\u00f3n de comida ayer viernes en la Sociedad de Fomento Berazategui Norte, donde se realiz\u00f3 la Campa\u00f1a Lazos Solidarios, que organizan la Asociaci\u00f3n de Voley Capital Nacional del Vidrio y el SOIVA Berazategui. Esta Olla Popular se viene realizando todos los viernes en distintos barrios de la ciudad&#8230;<\/p>\n","protected":false},"author":2,"featured_media":5487,"comment_status":"open","ping_status":"open","sticky":false,"template":"","format":"standard","meta":{"footnotes":""},"categories":[3],"tags":[],"class_list":["post-5482","post","type-post","status-publish","format-standard","has-post-thumbnail","hentry","category-berazategui"],"featured_image_src":"https:\/\/diarioprincipios.com\/wp-content\/uploads\/2020\/09\/IMG-20200911-WA0061.jpg","blog_images":{"medium":"https:\/\/diarioprincipios.com\/wp-content\/uploads\/2020\/09\/IMG-20200911-WA0061-300x225.jpg","large":"https:\/\/diarioprincipios.com\/wp-content\/uploads\/2020\/09\/IMG-20200911-WA0061.jpg"},"ams_acf":[],"yoast_head":"<!-- This site is optimized with the Yoast SEO plugin v27.3 - https:\/\/yoast.com\/product\/yoast-seo-wordpress\/ -->\n<title>Lazos Solidarios pas\u00f3 por Berazategui Norte - Principios<\/title>\n<meta name=\"robots\" content=\"index, follow, max-snippet:-1, max-image-preview:large, max-video-preview:-1\" \/>\n<link rel=\"canonical\" href=\"https:\/\/diarioprincipios.com\/index.php\/2020\/09\/12\/lazos-solidarios-paso-por-berazategui-norte\/\" \/>\n<meta property=\"og:locale\" content=\"es_ES\" \/>\n<meta property=\"og:type\" content=\"article\" \/>\n<meta property=\"og:title\" content=\"Lazos Solidarios pas\u00f3 por Berazategui Norte - Principios\" \/>\n<meta property=\"og:description\" content=\"M\u00e1s de 200 vecinos pudieron retirar su raci\u00f3n de comida ayer viernes en la Sociedad de Fomento Berazategui Norte, donde se realiz\u00f3 la Campa\u00f1a Lazos Solidarios, que organizan la Asociaci\u00f3n de Voley Capital Nacional del Vidrio y el SOIVA Berazategui. Esta Olla Popular se viene realizando todos los viernes en distintos barrios de la ciudad...\" \/>\n<meta property=\"og:url\" content=\"https:\/\/diarioprincipios.com\/index.php\/2020\/09\/12\/lazos-solidarios-paso-por-berazategui-norte\/\" \/>\n<meta property=\"og:site_name\" content=\"Principios\" \/>\n<meta property=\"article:published_time\" content=\"2020-09-12T22:39:33+00:00\" \/>\n<meta property=\"article:modified_time\" content=\"2020-09-12T22:39:37+00:00\" \/>\n<meta property=\"og:image\" content=\"https:\/\/diarioprincipios.com\/wp-content\/uploads\/2020\/09\/IMG-20200911-WA0061.jpg\" \/>\n\t<meta property=\"og:image:width\" content=\"1024\" \/>\n\t<meta property=\"og:image:height\" content=\"768\" \/>\n\t<meta property=\"og:image:type\" content=\"image\/jpeg\" \/>\n<meta name=\"author\" content=\"Hern\u00e1n L\u00f3pez\" \/>\n<meta name=\"twitter:card\" content=\"summary_large_image\" \/>\n<meta name=\"twitter:label1\" content=\"Escrito por\" \/>\n\t<meta name=\"twitter:data1\" content=\"Hern\u00e1n L\u00f3pez\" \/>\n\t<meta name=\"twitter:label2\" content=\"Tiempo de lectura\" \/>\n\t<meta name=\"twitter:data2\" content=\"1 minuto\" \/>\n<script type=\"application\/ld+json\" class=\"yoast-schema-graph\">{\"@context\":\"https:\\\/\\\/schema.org\",\"@graph\":[{\"@type\":\"Article\",\"@id\":\"https:\\\/\\\/diarioprincipios.com\\\/index.php\\\/2020\\\/09\\\/12\\\/lazos-solidarios-paso-por-berazategui-norte\\\/#article\",\"isPartOf\":{\"@id\":\"https:\\\/\\\/diarioprincipios.com\\\/index.php\\\/2020\\\/09\\\/12\\\/lazos-solidarios-paso-por-berazategui-norte\\\/\"},\"author\":{\"name\":\"Hern\u00e1n L\u00f3pez\",\"@id\":\"https:\\\/\\\/diarioprincipios.com\\\/#\\\/schema\\\/person\\\/436d5a1fd41a5e250e23ff5a6a7cb080\"},\"headline\":\"Lazos Solidarios pas\u00f3 por Berazategui Norte\",\"datePublished\":\"2020-09-12T22:39:33+00:00\",\"dateModified\":\"2020-09-12T22:39:37+00:00\",\"mainEntityOfPage\":{\"@id\":\"https:\\\/\\\/diarioprincipios.com\\\/index.php\\\/2020\\\/09\\\/12\\\/lazos-solidarios-paso-por-berazategui-norte\\\/\"},\"wordCount\":145,\"commentCount\":0,\"publisher\":{\"@id\":\"https:\\\/\\\/diarioprincipios.com\\\/#organization\"},\"image\":{\"@id\":\"https:\\\/\\\/diarioprincipios.com\\\/index.php\\\/2020\\\/09\\\/12\\\/lazos-solidarios-paso-por-berazategui-norte\\\/#primaryimage\"},\"thumbnailUrl\":\"https:\\\/\\\/diarioprincipios.com\\\/wp-content\\\/uploads\\\/2020\\\/09\\\/IMG-20200911-WA0061.jpg\",\"articleSection\":[\"Berazategui\"],\"inLanguage\":\"es\",\"potentialAction\":[{\"@type\":\"CommentAction\",\"name\":\"Comment\",\"target\":[\"https:\\\/\\\/diarioprincipios.com\\\/index.php\\\/2020\\\/09\\\/12\\\/lazos-solidarios-paso-por-berazategui-norte\\\/#respond\"]}]},{\"@type\":\"WebPage\",\"@id\":\"https:\\\/\\\/diarioprincipios.com\\\/index.php\\\/2020\\\/09\\\/12\\\/lazos-solidarios-paso-por-berazategui-norte\\\/\",\"url\":\"https:\\\/\\\/diarioprincipios.com\\\/index.php\\\/2020\\\/09\\\/12\\\/lazos-solidarios-paso-por-berazategui-norte\\\/\",\"name\":\"Lazos Solidarios pas\u00f3 por Berazategui Norte - Principios\",\"isPartOf\":{\"@id\":\"https:\\\/\\\/diarioprincipios.com\\\/#website\"},\"primaryImageOfPage\":{\"@id\":\"https:\\\/\\\/diarioprincipios.com\\\/index.php\\\/2020\\\/09\\\/12\\\/lazos-solidarios-paso-por-berazategui-norte\\\/#primaryimage\"},\"image\":{\"@id\":\"https:\\\/\\\/diarioprincipios.com\\\/index.php\\\/2020\\\/09\\\/12\\\/lazos-solidarios-paso-por-berazategui-norte\\\/#primaryimage\"},\"thumbnailUrl\":\"https:\\\/\\\/diarioprincipios.com\\\/wp-content\\\/uploads\\\/2020\\\/09\\\/IMG-20200911-WA0061.jpg\",\"datePublished\":\"2020-09-12T22:39:33+00:00\",\"dateModified\":\"2020-09-12T22:39:37+00:00\",\"breadcrumb\":{\"@id\":\"https:\\\/\\\/diarioprincipios.com\\\/index.php\\\/2020\\\/09\\\/12\\\/lazos-solidarios-paso-por-berazategui-norte\\\/#breadcrumb\"},\"inLanguage\":\"es\",\"potentialAction\":[{\"@type\":\"ReadAction\",\"target\":[\"https:\\\/\\\/diarioprincipios.com\\\/index.php\\\/2020\\\/09\\\/12\\\/lazos-solidarios-paso-por-berazategui-norte\\\/\"]}]},{\"@type\":\"ImageObject\",\"inLanguage\":\"es\",\"@id\":\"https:\\\/\\\/diarioprincipios.com\\\/index.php\\\/2020\\\/09\\\/12\\\/lazos-solidarios-paso-por-berazategui-norte\\\/#primaryimage\",\"url\":\"https:\\\/\\\/diarioprincipios.com\\\/wp-content\\\/uploads\\\/2020\\\/09\\\/IMG-20200911-WA0061.jpg\",\"contentUrl\":\"https:\\\/\\\/diarioprincipios.com\\\/wp-content\\\/uploads\\\/2020\\\/09\\\/IMG-20200911-WA0061.jpg\",\"width\":1024,\"height\":768},{\"@type\":\"BreadcrumbList\",\"@id\":\"https:\\\/\\\/diarioprincipios.com\\\/index.php\\\/2020\\\/09\\\/12\\\/lazos-solidarios-paso-por-berazategui-norte\\\/#breadcrumb\",\"itemListElement\":[{\"@type\":\"ListItem\",\"position\":1,\"name\":\"Portada\",\"item\":\"https:\\\/\\\/diarioprincipios.com\\\/\"},{\"@type\":\"ListItem\",\"position\":2,\"name\":\"Lazos Solidarios pas\u00f3 por Berazategui Norte\"}]},{\"@type\":\"WebSite\",\"@id\":\"https:\\\/\\\/diarioprincipios.com\\\/#website\",\"url\":\"https:\\\/\\\/diarioprincipios.com\\\/\",\"name\":\"Principios\",\"description\":\"Principios Diario\",\"publisher\":{\"@id\":\"https:\\\/\\\/diarioprincipios.com\\\/#organization\"},\"potentialAction\":[{\"@type\":\"SearchAction\",\"target\":{\"@type\":\"EntryPoint\",\"urlTemplate\":\"https:\\\/\\\/diarioprincipios.com\\\/?s={search_term_string}\"},\"query-input\":{\"@type\":\"PropertyValueSpecification\",\"valueRequired\":true,\"valueName\":\"search_term_string\"}}],\"inLanguage\":\"es\"},{\"@type\":\"Organization\",\"@id\":\"https:\\\/\\\/diarioprincipios.com\\\/#organization\",\"name\":\"Principios\",\"url\":\"https:\\\/\\\/diarioprincipios.com\\\/\",\"logo\":{\"@type\":\"ImageObject\",\"inLanguage\":\"es\",\"@id\":\"https:\\\/\\\/diarioprincipios.com\\\/#\\\/schema\\\/logo\\\/image\\\/\",\"url\":\"https:\\\/\\\/diarioprincipios.com\\\/wp-content\\\/uploads\\\/2024\\\/04\\\/cropped-www.diarioprincipios.com_-1.png\",\"contentUrl\":\"https:\\\/\\\/diarioprincipios.com\\\/wp-content\\\/uploads\\\/2024\\\/04\\\/cropped-www.diarioprincipios.com_-1.png\",\"width\":5325,\"height\":1454,\"caption\":\"Principios\"},\"image\":{\"@id\":\"https:\\\/\\\/diarioprincipios.com\\\/#\\\/schema\\\/logo\\\/image\\\/\"}},{\"@type\":\"Person\",\"@id\":\"https:\\\/\\\/diarioprincipios.com\\\/#\\\/schema\\\/person\\\/436d5a1fd41a5e250e23ff5a6a7cb080\",\"name\":\"Hern\u00e1n L\u00f3pez\",\"image\":{\"@type\":\"ImageObject\",\"inLanguage\":\"es\",\"@id\":\"https:\\\/\\\/diarioprincipios.com\\\/wp-content\\\/litespeed\\\/avatar\\\/11ddfe5610ff3bd100522525b2571f48.jpg?ver=1777048341\",\"url\":\"https:\\\/\\\/diarioprincipios.com\\\/wp-content\\\/litespeed\\\/avatar\\\/11ddfe5610ff3bd100522525b2571f48.jpg?ver=1777048341\",\"contentUrl\":\"https:\\\/\\\/diarioprincipios.com\\\/wp-content\\\/litespeed\\\/avatar\\\/11ddfe5610ff3bd100522525b2571f48.jpg?ver=1777048341\",\"caption\":\"Hern\u00e1n L\u00f3pez\"},\"url\":\"https:\\\/\\\/diarioprincipios.com\\\/index.php\\\/author\\\/hernan\\\/\"}]}<\/script>\n<!-- \/ Yoast SEO plugin. -->","yoast_head_json":{"title":"Lazos Solidarios pas\u00f3 por Berazategui Norte - Principios","robots":{"index":"index","follow":"follow","max-snippet":"max-snippet:-1","max-image-preview":"max-image-preview:large","max-video-preview":"max-video-preview:-1"},"canonical":"https:\/\/diarioprincipios.com\/index.php\/2020\/09\/12\/lazos-solidarios-paso-por-berazategui-norte\/","og_locale":"es_ES","og_type":"article","og_title":"Lazos Solidarios pas\u00f3 por Berazategui Norte - Principios","og_description":"M\u00e1s de 200 vecinos pudieron retirar su raci\u00f3n de comida ayer viernes en la Sociedad de Fomento Berazategui Norte, donde se realiz\u00f3 la Campa\u00f1a Lazos Solidarios, que organizan la Asociaci\u00f3n de Voley Capital Nacional del Vidrio y el SOIVA Berazategui. Esta Olla Popular se viene realizando todos los viernes en distintos barrios de la ciudad...","og_url":"https:\/\/diarioprincipios.com\/index.php\/2020\/09\/12\/lazos-solidarios-paso-por-berazategui-norte\/","og_site_name":"Principios","article_published_time":"2020-09-12T22:39:33+00:00","article_modified_time":"2020-09-12T22:39:37+00:00","og_image":[{"width":1024,"height":768,"url":"https:\/\/diarioprincipios.com\/wp-content\/uploads\/2020\/09\/IMG-20200911-WA0061.jpg","type":"image\/jpeg"}],"author":"Hern\u00e1n L\u00f3pez","twitter_card":"summary_large_image","twitter_misc":{"Escrito por":"Hern\u00e1n L\u00f3pez","Tiempo de lectura":"1 minuto"},"schema":{"@context":"https:\/\/schema.org","@graph":[{"@type":"Article","@id":"https:\/\/diarioprincipios.com\/index.php\/2020\/09\/12\/lazos-solidarios-paso-por-berazategui-norte\/#article","isPartOf":{"@id":"https:\/\/diarioprincipios.com\/index.php\/2020\/09\/12\/lazos-solidarios-paso-por-berazategui-norte\/"},"author":{"name":"Hern\u00e1n L\u00f3pez","@id":"https:\/\/diarioprincipios.com\/#\/schema\/person\/436d5a1fd41a5e250e23ff5a6a7cb080"},"headline":"Lazos Solidarios pas\u00f3 por Berazategui Norte","datePublished":"2020-09-12T22:39:33+00:00","dateModified":"2020-09-12T22:39:37+00:00","mainEntityOfPage":{"@id":"https:\/\/diarioprincipios.com\/index.php\/2020\/09\/12\/lazos-solidarios-paso-por-berazategui-norte\/"},"wordCount":145,"commentCount":0,"publisher":{"@id":"https:\/\/diarioprincipios.com\/#organization"},"image":{"@id":"https:\/\/diarioprincipios.com\/index.php\/2020\/09\/12\/lazos-solidarios-paso-por-berazategui-norte\/#primaryimage"},"thumbnailUrl":"https:\/\/diarioprincipios.com\/wp-content\/uploads\/2020\/09\/IMG-20200911-WA0061.jpg","articleSection":["Berazategui"],"inLanguage":"es","potentialAction":[{"@type":"CommentAction","name":"Comment","target":["https:\/\/diarioprincipios.com\/index.php\/2020\/09\/12\/lazos-solidarios-paso-por-berazategui-norte\/#respond"]}]},{"@type":"WebPage","@id":"https:\/\/diarioprincipios.com\/index.php\/2020\/09\/12\/lazos-solidarios-paso-por-berazategui-norte\/","url":"https:\/\/diarioprincipios.com\/index.php\/2020\/09\/12\/lazos-solidarios-paso-por-berazategui-norte\/","name":"Lazos Solidarios pas\u00f3 por Berazategui Norte - Principios","isPartOf":{"@id":"https:\/\/diarioprincipios.com\/#website"},"primaryImageOfPage":{"@id":"https:\/\/diarioprincipios.com\/index.php\/2020\/09\/12\/lazos-solidarios-paso-por-berazategui-norte\/#primaryimage"},"image":{"@id":"https:\/\/diarioprincipios.com\/index.php\/2020\/09\/12\/lazos-solidarios-paso-por-berazategui-norte\/#primaryimage"},"thumbnailUrl":"https:\/\/diarioprincipios.com\/wp-content\/uploads\/2020\/09\/IMG-20200911-WA0061.jpg","datePublished":"2020-09-12T22:39:33+00:00","dateModified":"2020-09-12T22:39:37+00:00","breadcrumb":{"@id":"https:\/\/diarioprincipios.com\/index.php\/2020\/09\/12\/lazos-solidarios-paso-por-berazategui-norte\/#breadcrumb"},"inLanguage":"es","potentialAction":[{"@type":"ReadAction","target":["https:\/\/diarioprincipios.com\/index.php\/2020\/09\/12\/lazos-solidarios-paso-por-berazategui-norte\/"]}]},{"@type":"ImageObject","inLanguage":"es","@id":"https:\/\/diarioprincipios.com\/index.php\/2020\/09\/12\/lazos-solidarios-paso-por-berazategui-norte\/#primaryimage","url":"https:\/\/diarioprincipios.com\/wp-content\/uploads\/2020\/09\/IMG-20200911-WA0061.jpg","contentUrl":"https:\/\/diarioprincipios.com\/wp-content\/uploads\/2020\/09\/IMG-20200911-WA0061.jpg","width":1024,"height":768},{"@type":"BreadcrumbList","@id":"https:\/\/diarioprincipios.com\/index.php\/2020\/09\/12\/lazos-solidarios-paso-por-berazategui-norte\/#breadcrumb","itemListElement":[{"@type":"ListItem","position":1,"name":"Portada","item":"https:\/\/diarioprincipios.com\/"},{"@type":"ListItem","position":2,"name":"Lazos Solidarios pas\u00f3 por Berazategui Norte"}]},{"@type":"WebSite","@id":"https:\/\/diarioprincipios.com\/#website","url":"https:\/\/diarioprincipios.com\/","name":"Principios","description":"Principios Diario","publisher":{"@id":"https:\/\/diarioprincipios.com\/#organization"},"potentialAction":[{"@type":"SearchAction","target":{"@type":"EntryPoint","urlTemplate":"https:\/\/diarioprincipios.com\/?s={search_term_string}"},"query-input":{"@type":"PropertyValueSpecification","valueRequired":true,"valueName":"search_term_string"}}],"inLanguage":"es"},{"@type":"Organization","@id":"https:\/\/diarioprincipios.com\/#organization","name":"Principios","url":"https:\/\/diarioprincipios.com\/","logo":{"@type":"ImageObject","inLanguage":"es","@id":"https:\/\/diarioprincipios.com\/#\/schema\/logo\/image\/","url":"https:\/\/diarioprincipios.com\/wp-content\/uploads\/2024\/04\/cropped-www.diarioprincipios.com_-1.png","contentUrl":"https:\/\/diarioprincipios.com\/wp-content\/uploads\/2024\/04\/cropped-www.diarioprincipios.com_-1.png","width":5325,"height":1454,"caption":"Principios"},"image":{"@id":"https:\/\/diarioprincipios.com\/#\/schema\/logo\/image\/"}},{"@type":"Person","@id":"https:\/\/diarioprincipios.com\/#\/schema\/person\/436d5a1fd41a5e250e23ff5a6a7cb080","name":"Hern\u00e1n L\u00f3pez","image":{"@type":"ImageObject","inLanguage":"es","@id":"https:\/\/diarioprincipios.com\/wp-content\/litespeed\/avatar\/11ddfe5610ff3bd100522525b2571f48.jpg?ver=1777048341","url":"https:\/\/diarioprincipios.com\/wp-content\/litespeed\/avatar\/11ddfe5610ff3bd100522525b2571f48.jpg?ver=1777048341","contentUrl":"https:\/\/diarioprincipios.com\/wp-content\/litespeed\/avatar\/11ddfe5610ff3bd100522525b2571f48.jpg?ver=1777048341","caption":"Hern\u00e1n L\u00f3pez"},"url":"https:\/\/diarioprincipios.com\/index.php\/author\/hernan\/"}]}},"jetpack_featured_media_url":"https:\/\/diarioprincipios.com\/wp-content\/uploads\/2020\/09\/IMG-20200911-WA0061.jpg","_links":{"self":[{"href":"https:\/\/diarioprincipios.com\/index.php\/wp-json\/wp\/v2\/posts\/5482","targetHints":{"allow":["GET"]}}],"collection":[{"href":"https:\/\/diarioprincipios.com\/index.php\/wp-json\/wp\/v2\/posts"}],"about":[{"href":"https:\/\/diarioprincipios.com\/index.php\/wp-json\/wp\/v2\/types\/post"}],"author":[{"embeddable":true,"href":"https:\/\/diarioprincipios.com\/index.php\/wp-json\/wp\/v2\/users\/2"}],"replies":[{"embeddable":true,"href":"https:\/\/diarioprincipios.com\/index.php\/wp-json\/wp\/v2\/comments?post=5482"}],"version-history":[{"count":1,"href":"https:\/\/diarioprincipios.com\/index.php\/wp-json\/wp\/v2\/posts\/5482\/revisions"}],"predecessor-version":[{"id":5488,"href":"https:\/\/diarioprincipios.com\/index.php\/wp-json\/wp\/v2\/posts\/5482\/revisions\/5488"}],"wp:featuredmedia":[{"embeddable":true,"href":"https:\/\/diarioprincipios.com\/index.php\/wp-json\/wp\/v2\/media\/5487"}],"wp:attachment":[{"href":"https:\/\/diarioprincipios.com\/index.php\/wp-json\/wp\/v2\/media?parent=5482"}],"wp:term":[{"taxonomy":"category","embeddable":true,"href":"https:\/\/diarioprincipios.com\/index.php\/wp-json\/wp\/v2\/categories?post=5482"},{"taxonomy":"post_tag","embeddable":true,"href":"https:\/\/diarioprincipios.com\/index.php\/wp-json\/wp\/v2\/tags?post=5482"}],"curies":[{"name":"wp","href":"https:\/\/api.w.org\/{rel}","templated":true}]}}