{"id":5455,"date":"2020-09-10T20:35:58","date_gmt":"2020-09-10T23:35:58","guid":{"rendered":"http:\/\/diarioprincipios.com\/?p=5455"},"modified":"2020-09-10T21:24:12","modified_gmt":"2020-09-11T00:24:12","slug":"se-extendio-la-inscripcion-para-el-concurso-online-pandemia-y-cambio-climatico","status":"publish","type":"post","link":"https:\/\/diarioprincipios.com\/index.php\/2020\/09\/10\/se-extendio-la-inscripcion-para-el-concurso-online-pandemia-y-cambio-climatico\/","title":{"rendered":"Se extendi\u00f3 la inscripci\u00f3n para el Concurso Online \u00abPandemia y Cambio Clim\u00e1tico\u00bb"},"content":{"rendered":"\n<p><strong>La Municipalidad de Berazategui extendi\u00f3 hasta el 2 de octubre la inscripci\u00f3n al Concurso online \u201cPandemia y cambio clim\u00e1tico\u201d, que tiene el fin de incentivar el desarrollo de proyectos innovadores en el campo de la \u201cCultura Sustentable\u201d y el \u201cCambio Clim\u00e1tico\u201d.<\/strong><\/p>\n\n\n\n<p>Esta propuesta &#8211; de la Direcci\u00f3n de Ambiente y Desarrollo Sustentable municipal- invita a emprendedores y a vecinos y vecinas innovadores, visionarios e inventores, organizados en equipos y movilizados por el deseo de incentivar en Berazategui una mayor conciencia ambiental y construir un mundo sustentable. Los equipos pueden tener hasta 4 integrantes y solo pueden presentar 1 proyecto. Las bases y condiciones del concurso se encuentran en&nbsp;<a rel=\"noreferrer noopener\" target=\"_blank\" href=\"http:\/\/berazategui.gob.ar\/concursosustentable\">berazategui.gob.ar\/concursosustentable<\/a>.<\/p>\n\n\n\n<p>El mismo est\u00e1 dividido en once ejes tem\u00e1ticos de los cuales, los tres centrales son:<\/p>\n\n\n\n<p>&#8211; Agroecolog\u00eda, que se centra en proyectos que contemplen la producci\u00f3n de alimentos con t\u00e9cnicas agroecol\u00f3gicas.<br>&#8211; Econom\u00eda Circular, que est\u00e1 pensado para quienes quieran idear proyectos que adopten el paradigma de la Econom\u00eda Circular con el fin de reducir residuos.<br>&#8211; Educaci\u00f3n Ambiental, que consiste en propuestas ambientales destinadas a trabajar con ni\u00f1os y j\u00f3venes.<\/p>\n\n\n\n<figure class=\"wp-block-image size-large\"><img loading=\"lazy\" decoding=\"async\" width=\"901\" height=\"901\" src=\"https:\/\/diarioprincipios.com\/wp-content\/uploads\/2020\/09\/INSCRIPCION-AL-CONCURSO-ONLINE-PANDEMIA-Y-CAMBIO-CLIMATICO.jpeg\" alt=\"\" class=\"wp-image-5457\" srcset=\"https:\/\/diarioprincipios.com\/wp-content\/uploads\/2020\/09\/INSCRIPCION-AL-CONCURSO-ONLINE-PANDEMIA-Y-CAMBIO-CLIMATICO.jpeg 901w, https:\/\/diarioprincipios.com\/wp-content\/uploads\/2020\/09\/INSCRIPCION-AL-CONCURSO-ONLINE-PANDEMIA-Y-CAMBIO-CLIMATICO-300x300.jpeg 300w, https:\/\/diarioprincipios.com\/wp-content\/uploads\/2020\/09\/INSCRIPCION-AL-CONCURSO-ONLINE-PANDEMIA-Y-CAMBIO-CLIMATICO-150x150.jpeg 150w, https:\/\/diarioprincipios.com\/wp-content\/uploads\/2020\/09\/INSCRIPCION-AL-CONCURSO-ONLINE-PANDEMIA-Y-CAMBIO-CLIMATICO-768x768.jpeg 768w\" sizes=\"auto, (max-width: 901px) 100vw, 901px\" \/><\/figure>\n\n\n\n<p>Una vez recibidas las propuestas, se realizar\u00e1 el proceso de selecci\u00f3n y premiaci\u00f3n. Se entregar\u00e1n incentivos econ\u00f3micos para la realizaci\u00f3n de los proyectos ganadores y se premiar\u00e1n las buenas pr\u00e1cticas en desarrollo sostenible, gesti\u00f3n sustentable y protecci\u00f3n ambiental, adem\u00e1s de aquellos proyectos que propongan la discusi\u00f3n sobre la relaci\u00f3n del \u201cCambio Clim\u00e1tico\u201d con el surgimiento y propagaci\u00f3n del COVID-19. Las buenas pr\u00e1cticas son aquellas soluciones o contribuciones exitosas a la mejora de la calidad de vida de las personas, con un impacto tangible y sostenible en todos los \u00e1mbitos de la sociedad: social, cultural, econ\u00f3mico, sanitario y ambiental.<\/p>\n\n\n\n<p>El COVID-19 trae la oportunidad de tomar conciencia del mundo en el que se vive y c\u00f3mo se lo habita, en medio de una crisis ambiental a nivel global que implica a su vez una crisis sanitaria, econ\u00f3mica y social. Las crisis son momentos de inflexi\u00f3n, de oportunidades para quien logra verlas y aprovecharlas, y el COVID-19 est\u00e1 visibilizando el mejor modo de cuidarse y cuidar a los dem\u00e1s.<\/p>\n\n\n\n<p>Con esta iniciativa se busca promover la toma de conciencia sobre las problem\u00e1ticas actuales de pandemia y cambio clim\u00e1tico, a la vez que motivar a la comunidad a idear y presentar propuestas en forma colaborativa que, referidas al desarrollo sostenible y a la disminuci\u00f3n de los efectos de las problem\u00e1ticas mencionadas, puedan significar una mejora en las condiciones de vida de Berazategui.<\/p>\n\n\n\n<p>Que el restablecimiento de las actividades econ\u00f3micas y sociales, luego de atravesar el actual contexto de pandemia, sea sustentable y justo, depende de la comunidad, de que esta se permita dise\u00f1ar el mundo en el que anhela habitar y el modo en el cual desea hacerlo.<\/p>\n\n\n\n<p>Para m\u00e1s informaci\u00f3n, se invita a los interesados a enviar un correo electr\u00f3nico a&nbsp;<a rel=\"noreferrer noopener\" target=\"_blank\" href=\"mailto:ssambiente@berazategui.gob.ar\">ssambiente@berazategui.gob.ar<\/a>.<\/p>\n","protected":false},"excerpt":{"rendered":"<p>La Municipalidad de Berazategui extendi\u00f3 hasta el 2 de octubre la inscripci\u00f3n al Concurso online \u201cPandemia y cambio clim\u00e1tico\u201d, que tiene el fin de incentivar el desarrollo de proyectos innovadores en el campo de la \u201cCultura Sustentable\u201d y el \u201cCambio Clim\u00e1tico\u201d. Esta propuesta &#8211; de la Direcci\u00f3n de Ambiente y Desarrollo Sustentable municipal- invita a&#8230;<\/p>\n","protected":false},"author":2,"featured_media":5466,"comment_status":"open","ping_status":"open","sticky":false,"template":"","format":"standard","meta":{"footnotes":""},"categories":[3],"tags":[],"class_list":["post-5455","post","type-post","status-publish","format-standard","has-post-thumbnail","hentry","category-berazategui"],"featured_image_src":"https:\/\/diarioprincipios.com\/wp-content\/uploads\/2020\/09\/20200910_212254.jpg","blog_images":{"medium":"https:\/\/diarioprincipios.com\/wp-content\/uploads\/2020\/09\/20200910_212254-300x182.jpg","large":"https:\/\/diarioprincipios.com\/wp-content\/uploads\/2020\/09\/20200910_212254.jpg"},"ams_acf":[],"yoast_head":"<!-- This site is optimized with the Yoast SEO plugin v27.3 - https:\/\/yoast.com\/product\/yoast-seo-wordpress\/ -->\n<title>Se extendi\u00f3 la inscripci\u00f3n para el Concurso Online &quot;Pandemia y Cambio Clim\u00e1tico&quot; - Principios<\/title>\n<meta name=\"robots\" content=\"index, follow, max-snippet:-1, max-image-preview:large, max-video-preview:-1\" \/>\n<link rel=\"canonical\" href=\"https:\/\/diarioprincipios.com\/index.php\/2020\/09\/10\/se-extendio-la-inscripcion-para-el-concurso-online-pandemia-y-cambio-climatico\/\" \/>\n<meta property=\"og:locale\" content=\"es_ES\" \/>\n<meta property=\"og:type\" content=\"article\" \/>\n<meta property=\"og:title\" content=\"Se extendi\u00f3 la inscripci\u00f3n para el Concurso Online &quot;Pandemia y Cambio Clim\u00e1tico&quot; - Principios\" \/>\n<meta property=\"og:description\" content=\"La Municipalidad de Berazategui extendi\u00f3 hasta el 2 de octubre la inscripci\u00f3n al Concurso online \u201cPandemia y cambio clim\u00e1tico\u201d, que tiene el fin de incentivar el desarrollo de proyectos innovadores en el campo de la \u201cCultura Sustentable\u201d y el \u201cCambio Clim\u00e1tico\u201d. Esta propuesta &#8211; de la Direcci\u00f3n de Ambiente y Desarrollo Sustentable municipal- invita a...\" \/>\n<meta property=\"og:url\" content=\"https:\/\/diarioprincipios.com\/index.php\/2020\/09\/10\/se-extendio-la-inscripcion-para-el-concurso-online-pandemia-y-cambio-climatico\/\" \/>\n<meta property=\"og:site_name\" content=\"Principios\" \/>\n<meta property=\"article:published_time\" content=\"2020-09-10T23:35:58+00:00\" \/>\n<meta property=\"article:modified_time\" content=\"2020-09-11T00:24:12+00:00\" \/>\n<meta property=\"og:image\" content=\"https:\/\/diarioprincipios.com\/wp-content\/uploads\/2020\/09\/20200910_212254.jpg\" \/>\n\t<meta property=\"og:image:width\" content=\"678\" \/>\n\t<meta property=\"og:image:height\" content=\"412\" \/>\n\t<meta property=\"og:image:type\" content=\"image\/jpeg\" \/>\n<meta name=\"author\" content=\"Hern\u00e1n L\u00f3pez\" \/>\n<meta name=\"twitter:card\" content=\"summary_large_image\" \/>\n<meta name=\"twitter:label1\" content=\"Escrito por\" \/>\n\t<meta name=\"twitter:data1\" content=\"Hern\u00e1n L\u00f3pez\" \/>\n\t<meta name=\"twitter:label2\" content=\"Tiempo de lectura\" \/>\n\t<meta name=\"twitter:data2\" content=\"3 minutos\" \/>\n<script type=\"application\/ld+json\" class=\"yoast-schema-graph\">{\"@context\":\"https:\\\/\\\/schema.org\",\"@graph\":[{\"@type\":\"Article\",\"@id\":\"https:\\\/\\\/diarioprincipios.com\\\/index.php\\\/2020\\\/09\\\/10\\\/se-extendio-la-inscripcion-para-el-concurso-online-pandemia-y-cambio-climatico\\\/#article\",\"isPartOf\":{\"@id\":\"https:\\\/\\\/diarioprincipios.com\\\/index.php\\\/2020\\\/09\\\/10\\\/se-extendio-la-inscripcion-para-el-concurso-online-pandemia-y-cambio-climatico\\\/\"},\"author\":{\"name\":\"Hern\u00e1n L\u00f3pez\",\"@id\":\"https:\\\/\\\/diarioprincipios.com\\\/#\\\/schema\\\/person\\\/436d5a1fd41a5e250e23ff5a6a7cb080\"},\"headline\":\"Se extendi\u00f3 la inscripci\u00f3n para el Concurso Online \u00abPandemia y Cambio Clim\u00e1tico\u00bb\",\"datePublished\":\"2020-09-10T23:35:58+00:00\",\"dateModified\":\"2020-09-11T00:24:12+00:00\",\"mainEntityOfPage\":{\"@id\":\"https:\\\/\\\/diarioprincipios.com\\\/index.php\\\/2020\\\/09\\\/10\\\/se-extendio-la-inscripcion-para-el-concurso-online-pandemia-y-cambio-climatico\\\/\"},\"wordCount\":532,\"commentCount\":0,\"publisher\":{\"@id\":\"https:\\\/\\\/diarioprincipios.com\\\/#organization\"},\"image\":{\"@id\":\"https:\\\/\\\/diarioprincipios.com\\\/index.php\\\/2020\\\/09\\\/10\\\/se-extendio-la-inscripcion-para-el-concurso-online-pandemia-y-cambio-climatico\\\/#primaryimage\"},\"thumbnailUrl\":\"https:\\\/\\\/diarioprincipios.com\\\/wp-content\\\/uploads\\\/2020\\\/09\\\/20200910_212254.jpg\",\"articleSection\":[\"Berazategui\"],\"inLanguage\":\"es\",\"potentialAction\":[{\"@type\":\"CommentAction\",\"name\":\"Comment\",\"target\":[\"https:\\\/\\\/diarioprincipios.com\\\/index.php\\\/2020\\\/09\\\/10\\\/se-extendio-la-inscripcion-para-el-concurso-online-pandemia-y-cambio-climatico\\\/#respond\"]}]},{\"@type\":\"WebPage\",\"@id\":\"https:\\\/\\\/diarioprincipios.com\\\/index.php\\\/2020\\\/09\\\/10\\\/se-extendio-la-inscripcion-para-el-concurso-online-pandemia-y-cambio-climatico\\\/\",\"url\":\"https:\\\/\\\/diarioprincipios.com\\\/index.php\\\/2020\\\/09\\\/10\\\/se-extendio-la-inscripcion-para-el-concurso-online-pandemia-y-cambio-climatico\\\/\",\"name\":\"Se extendi\u00f3 la inscripci\u00f3n para el Concurso Online \\\"Pandemia y Cambio Clim\u00e1tico\\\" - Principios\",\"isPartOf\":{\"@id\":\"https:\\\/\\\/diarioprincipios.com\\\/#website\"},\"primaryImageOfPage\":{\"@id\":\"https:\\\/\\\/diarioprincipios.com\\\/index.php\\\/2020\\\/09\\\/10\\\/se-extendio-la-inscripcion-para-el-concurso-online-pandemia-y-cambio-climatico\\\/#primaryimage\"},\"image\":{\"@id\":\"https:\\\/\\\/diarioprincipios.com\\\/index.php\\\/2020\\\/09\\\/10\\\/se-extendio-la-inscripcion-para-el-concurso-online-pandemia-y-cambio-climatico\\\/#primaryimage\"},\"thumbnailUrl\":\"https:\\\/\\\/diarioprincipios.com\\\/wp-content\\\/uploads\\\/2020\\\/09\\\/20200910_212254.jpg\",\"datePublished\":\"2020-09-10T23:35:58+00:00\",\"dateModified\":\"2020-09-11T00:24:12+00:00\",\"breadcrumb\":{\"@id\":\"https:\\\/\\\/diarioprincipios.com\\\/index.php\\\/2020\\\/09\\\/10\\\/se-extendio-la-inscripcion-para-el-concurso-online-pandemia-y-cambio-climatico\\\/#breadcrumb\"},\"inLanguage\":\"es\",\"potentialAction\":[{\"@type\":\"ReadAction\",\"target\":[\"https:\\\/\\\/diarioprincipios.com\\\/index.php\\\/2020\\\/09\\\/10\\\/se-extendio-la-inscripcion-para-el-concurso-online-pandemia-y-cambio-climatico\\\/\"]}]},{\"@type\":\"ImageObject\",\"inLanguage\":\"es\",\"@id\":\"https:\\\/\\\/diarioprincipios.com\\\/index.php\\\/2020\\\/09\\\/10\\\/se-extendio-la-inscripcion-para-el-concurso-online-pandemia-y-cambio-climatico\\\/#primaryimage\",\"url\":\"https:\\\/\\\/diarioprincipios.com\\\/wp-content\\\/uploads\\\/2020\\\/09\\\/20200910_212254.jpg\",\"contentUrl\":\"https:\\\/\\\/diarioprincipios.com\\\/wp-content\\\/uploads\\\/2020\\\/09\\\/20200910_212254.jpg\",\"width\":678,\"height\":412},{\"@type\":\"BreadcrumbList\",\"@id\":\"https:\\\/\\\/diarioprincipios.com\\\/index.php\\\/2020\\\/09\\\/10\\\/se-extendio-la-inscripcion-para-el-concurso-online-pandemia-y-cambio-climatico\\\/#breadcrumb\",\"itemListElement\":[{\"@type\":\"ListItem\",\"position\":1,\"name\":\"Portada\",\"item\":\"https:\\\/\\\/diarioprincipios.com\\\/\"},{\"@type\":\"ListItem\",\"position\":2,\"name\":\"Se extendi\u00f3 la inscripci\u00f3n para el Concurso Online \u00abPandemia y Cambio Clim\u00e1tico\u00bb\"}]},{\"@type\":\"WebSite\",\"@id\":\"https:\\\/\\\/diarioprincipios.com\\\/#website\",\"url\":\"https:\\\/\\\/diarioprincipios.com\\\/\",\"name\":\"Principios\",\"description\":\"Principios Diario\",\"publisher\":{\"@id\":\"https:\\\/\\\/diarioprincipios.com\\\/#organization\"},\"potentialAction\":[{\"@type\":\"SearchAction\",\"target\":{\"@type\":\"EntryPoint\",\"urlTemplate\":\"https:\\\/\\\/diarioprincipios.com\\\/?s={search_term_string}\"},\"query-input\":{\"@type\":\"PropertyValueSpecification\",\"valueRequired\":true,\"valueName\":\"search_term_string\"}}],\"inLanguage\":\"es\"},{\"@type\":\"Organization\",\"@id\":\"https:\\\/\\\/diarioprincipios.com\\\/#organization\",\"name\":\"Principios\",\"url\":\"https:\\\/\\\/diarioprincipios.com\\\/\",\"logo\":{\"@type\":\"ImageObject\",\"inLanguage\":\"es\",\"@id\":\"https:\\\/\\\/diarioprincipios.com\\\/#\\\/schema\\\/logo\\\/image\\\/\",\"url\":\"https:\\\/\\\/diarioprincipios.com\\\/wp-content\\\/uploads\\\/2024\\\/04\\\/cropped-www.diarioprincipios.com_-1.png\",\"contentUrl\":\"https:\\\/\\\/diarioprincipios.com\\\/wp-content\\\/uploads\\\/2024\\\/04\\\/cropped-www.diarioprincipios.com_-1.png\",\"width\":5325,\"height\":1454,\"caption\":\"Principios\"},\"image\":{\"@id\":\"https:\\\/\\\/diarioprincipios.com\\\/#\\\/schema\\\/logo\\\/image\\\/\"}},{\"@type\":\"Person\",\"@id\":\"https:\\\/\\\/diarioprincipios.com\\\/#\\\/schema\\\/person\\\/436d5a1fd41a5e250e23ff5a6a7cb080\",\"name\":\"Hern\u00e1n L\u00f3pez\",\"image\":{\"@type\":\"ImageObject\",\"inLanguage\":\"es\",\"@id\":\"https:\\\/\\\/diarioprincipios.com\\\/wp-content\\\/litespeed\\\/avatar\\\/11ddfe5610ff3bd100522525b2571f48.jpg?ver=1777048341\",\"url\":\"https:\\\/\\\/diarioprincipios.com\\\/wp-content\\\/litespeed\\\/avatar\\\/11ddfe5610ff3bd100522525b2571f48.jpg?ver=1777048341\",\"contentUrl\":\"https:\\\/\\\/diarioprincipios.com\\\/wp-content\\\/litespeed\\\/avatar\\\/11ddfe5610ff3bd100522525b2571f48.jpg?ver=1777048341\",\"caption\":\"Hern\u00e1n L\u00f3pez\"},\"url\":\"https:\\\/\\\/diarioprincipios.com\\\/index.php\\\/author\\\/hernan\\\/\"}]}<\/script>\n<!-- \/ Yoast SEO plugin. -->","yoast_head_json":{"title":"Se extendi\u00f3 la inscripci\u00f3n para el Concurso Online \"Pandemia y Cambio Clim\u00e1tico\" - Principios","robots":{"index":"index","follow":"follow","max-snippet":"max-snippet:-1","max-image-preview":"max-image-preview:large","max-video-preview":"max-video-preview:-1"},"canonical":"https:\/\/diarioprincipios.com\/index.php\/2020\/09\/10\/se-extendio-la-inscripcion-para-el-concurso-online-pandemia-y-cambio-climatico\/","og_locale":"es_ES","og_type":"article","og_title":"Se extendi\u00f3 la inscripci\u00f3n para el Concurso Online \"Pandemia y Cambio Clim\u00e1tico\" - Principios","og_description":"La Municipalidad de Berazategui extendi\u00f3 hasta el 2 de octubre la inscripci\u00f3n al Concurso online \u201cPandemia y cambio clim\u00e1tico\u201d, que tiene el fin de incentivar el desarrollo de proyectos innovadores en el campo de la \u201cCultura Sustentable\u201d y el \u201cCambio Clim\u00e1tico\u201d. Esta propuesta &#8211; de la Direcci\u00f3n de Ambiente y Desarrollo Sustentable municipal- invita a...","og_url":"https:\/\/diarioprincipios.com\/index.php\/2020\/09\/10\/se-extendio-la-inscripcion-para-el-concurso-online-pandemia-y-cambio-climatico\/","og_site_name":"Principios","article_published_time":"2020-09-10T23:35:58+00:00","article_modified_time":"2020-09-11T00:24:12+00:00","og_image":[{"width":678,"height":412,"url":"https:\/\/diarioprincipios.com\/wp-content\/uploads\/2020\/09\/20200910_212254.jpg","type":"image\/jpeg"}],"author":"Hern\u00e1n L\u00f3pez","twitter_card":"summary_large_image","twitter_misc":{"Escrito por":"Hern\u00e1n L\u00f3pez","Tiempo de lectura":"3 minutos"},"schema":{"@context":"https:\/\/schema.org","@graph":[{"@type":"Article","@id":"https:\/\/diarioprincipios.com\/index.php\/2020\/09\/10\/se-extendio-la-inscripcion-para-el-concurso-online-pandemia-y-cambio-climatico\/#article","isPartOf":{"@id":"https:\/\/diarioprincipios.com\/index.php\/2020\/09\/10\/se-extendio-la-inscripcion-para-el-concurso-online-pandemia-y-cambio-climatico\/"},"author":{"name":"Hern\u00e1n L\u00f3pez","@id":"https:\/\/diarioprincipios.com\/#\/schema\/person\/436d5a1fd41a5e250e23ff5a6a7cb080"},"headline":"Se extendi\u00f3 la inscripci\u00f3n para el Concurso Online \u00abPandemia y Cambio Clim\u00e1tico\u00bb","datePublished":"2020-09-10T23:35:58+00:00","dateModified":"2020-09-11T00:24:12+00:00","mainEntityOfPage":{"@id":"https:\/\/diarioprincipios.com\/index.php\/2020\/09\/10\/se-extendio-la-inscripcion-para-el-concurso-online-pandemia-y-cambio-climatico\/"},"wordCount":532,"commentCount":0,"publisher":{"@id":"https:\/\/diarioprincipios.com\/#organization"},"image":{"@id":"https:\/\/diarioprincipios.com\/index.php\/2020\/09\/10\/se-extendio-la-inscripcion-para-el-concurso-online-pandemia-y-cambio-climatico\/#primaryimage"},"thumbnailUrl":"https:\/\/diarioprincipios.com\/wp-content\/uploads\/2020\/09\/20200910_212254.jpg","articleSection":["Berazategui"],"inLanguage":"es","potentialAction":[{"@type":"CommentAction","name":"Comment","target":["https:\/\/diarioprincipios.com\/index.php\/2020\/09\/10\/se-extendio-la-inscripcion-para-el-concurso-online-pandemia-y-cambio-climatico\/#respond"]}]},{"@type":"WebPage","@id":"https:\/\/diarioprincipios.com\/index.php\/2020\/09\/10\/se-extendio-la-inscripcion-para-el-concurso-online-pandemia-y-cambio-climatico\/","url":"https:\/\/diarioprincipios.com\/index.php\/2020\/09\/10\/se-extendio-la-inscripcion-para-el-concurso-online-pandemia-y-cambio-climatico\/","name":"Se extendi\u00f3 la inscripci\u00f3n para el Concurso Online \"Pandemia y Cambio Clim\u00e1tico\" - Principios","isPartOf":{"@id":"https:\/\/diarioprincipios.com\/#website"},"primaryImageOfPage":{"@id":"https:\/\/diarioprincipios.com\/index.php\/2020\/09\/10\/se-extendio-la-inscripcion-para-el-concurso-online-pandemia-y-cambio-climatico\/#primaryimage"},"image":{"@id":"https:\/\/diarioprincipios.com\/index.php\/2020\/09\/10\/se-extendio-la-inscripcion-para-el-concurso-online-pandemia-y-cambio-climatico\/#primaryimage"},"thumbnailUrl":"https:\/\/diarioprincipios.com\/wp-content\/uploads\/2020\/09\/20200910_212254.jpg","datePublished":"2020-09-10T23:35:58+00:00","dateModified":"2020-09-11T00:24:12+00:00","breadcrumb":{"@id":"https:\/\/diarioprincipios.com\/index.php\/2020\/09\/10\/se-extendio-la-inscripcion-para-el-concurso-online-pandemia-y-cambio-climatico\/#breadcrumb"},"inLanguage":"es","potentialAction":[{"@type":"ReadAction","target":["https:\/\/diarioprincipios.com\/index.php\/2020\/09\/10\/se-extendio-la-inscripcion-para-el-concurso-online-pandemia-y-cambio-climatico\/"]}]},{"@type":"ImageObject","inLanguage":"es","@id":"https:\/\/diarioprincipios.com\/index.php\/2020\/09\/10\/se-extendio-la-inscripcion-para-el-concurso-online-pandemia-y-cambio-climatico\/#primaryimage","url":"https:\/\/diarioprincipios.com\/wp-content\/uploads\/2020\/09\/20200910_212254.jpg","contentUrl":"https:\/\/diarioprincipios.com\/wp-content\/uploads\/2020\/09\/20200910_212254.jpg","width":678,"height":412},{"@type":"BreadcrumbList","@id":"https:\/\/diarioprincipios.com\/index.php\/2020\/09\/10\/se-extendio-la-inscripcion-para-el-concurso-online-pandemia-y-cambio-climatico\/#breadcrumb","itemListElement":[{"@type":"ListItem","position":1,"name":"Portada","item":"https:\/\/diarioprincipios.com\/"},{"@type":"ListItem","position":2,"name":"Se extendi\u00f3 la inscripci\u00f3n para el Concurso Online \u00abPandemia y Cambio Clim\u00e1tico\u00bb"}]},{"@type":"WebSite","@id":"https:\/\/diarioprincipios.com\/#website","url":"https:\/\/diarioprincipios.com\/","name":"Principios","description":"Principios Diario","publisher":{"@id":"https:\/\/diarioprincipios.com\/#organization"},"potentialAction":[{"@type":"SearchAction","target":{"@type":"EntryPoint","urlTemplate":"https:\/\/diarioprincipios.com\/?s={search_term_string}"},"query-input":{"@type":"PropertyValueSpecification","valueRequired":true,"valueName":"search_term_string"}}],"inLanguage":"es"},{"@type":"Organization","@id":"https:\/\/diarioprincipios.com\/#organization","name":"Principios","url":"https:\/\/diarioprincipios.com\/","logo":{"@type":"ImageObject","inLanguage":"es","@id":"https:\/\/diarioprincipios.com\/#\/schema\/logo\/image\/","url":"https:\/\/diarioprincipios.com\/wp-content\/uploads\/2024\/04\/cropped-www.diarioprincipios.com_-1.png","contentUrl":"https:\/\/diarioprincipios.com\/wp-content\/uploads\/2024\/04\/cropped-www.diarioprincipios.com_-1.png","width":5325,"height":1454,"caption":"Principios"},"image":{"@id":"https:\/\/diarioprincipios.com\/#\/schema\/logo\/image\/"}},{"@type":"Person","@id":"https:\/\/diarioprincipios.com\/#\/schema\/person\/436d5a1fd41a5e250e23ff5a6a7cb080","name":"Hern\u00e1n L\u00f3pez","image":{"@type":"ImageObject","inLanguage":"es","@id":"https:\/\/diarioprincipios.com\/wp-content\/litespeed\/avatar\/11ddfe5610ff3bd100522525b2571f48.jpg?ver=1777048341","url":"https:\/\/diarioprincipios.com\/wp-content\/litespeed\/avatar\/11ddfe5610ff3bd100522525b2571f48.jpg?ver=1777048341","contentUrl":"https:\/\/diarioprincipios.com\/wp-content\/litespeed\/avatar\/11ddfe5610ff3bd100522525b2571f48.jpg?ver=1777048341","caption":"Hern\u00e1n L\u00f3pez"},"url":"https:\/\/diarioprincipios.com\/index.php\/author\/hernan\/"}]}},"jetpack_featured_media_url":"https:\/\/diarioprincipios.com\/wp-content\/uploads\/2020\/09\/20200910_212254.jpg","_links":{"self":[{"href":"https:\/\/diarioprincipios.com\/index.php\/wp-json\/wp\/v2\/posts\/5455","targetHints":{"allow":["GET"]}}],"collection":[{"href":"https:\/\/diarioprincipios.com\/index.php\/wp-json\/wp\/v2\/posts"}],"about":[{"href":"https:\/\/diarioprincipios.com\/index.php\/wp-json\/wp\/v2\/types\/post"}],"author":[{"embeddable":true,"href":"https:\/\/diarioprincipios.com\/index.php\/wp-json\/wp\/v2\/users\/2"}],"replies":[{"embeddable":true,"href":"https:\/\/diarioprincipios.com\/index.php\/wp-json\/wp\/v2\/comments?post=5455"}],"version-history":[{"count":1,"href":"https:\/\/diarioprincipios.com\/index.php\/wp-json\/wp\/v2\/posts\/5455\/revisions"}],"predecessor-version":[{"id":5458,"href":"https:\/\/diarioprincipios.com\/index.php\/wp-json\/wp\/v2\/posts\/5455\/revisions\/5458"}],"wp:featuredmedia":[{"embeddable":true,"href":"https:\/\/diarioprincipios.com\/index.php\/wp-json\/wp\/v2\/media\/5466"}],"wp:attachment":[{"href":"https:\/\/diarioprincipios.com\/index.php\/wp-json\/wp\/v2\/media?parent=5455"}],"wp:term":[{"taxonomy":"category","embeddable":true,"href":"https:\/\/diarioprincipios.com\/index.php\/wp-json\/wp\/v2\/categories?post=5455"},{"taxonomy":"post_tag","embeddable":true,"href":"https:\/\/diarioprincipios.com\/index.php\/wp-json\/wp\/v2\/tags?post=5455"}],"curies":[{"name":"wp","href":"https:\/\/api.w.org\/{rel}","templated":true}]}}