{"id":5446,"date":"2020-09-10T16:02:13","date_gmt":"2020-09-10T19:02:13","guid":{"rendered":"http:\/\/diarioprincipios.com\/?p=5446"},"modified":"2020-09-10T21:11:52","modified_gmt":"2020-09-11T00:11:52","slug":"nuevas-imagenes-del-incendio-en-la-costa-de-hudson-tomadas-por-el-dron-municipal","status":"publish","type":"post","link":"https:\/\/diarioprincipios.com\/index.php\/2020\/09\/10\/nuevas-imagenes-del-incendio-en-la-costa-de-hudson-tomadas-por-el-dron-municipal\/","title":{"rendered":"Nuevas im\u00e1genes del incendio en la Costa de Hudson, tomadas por el drone municipal"},"content":{"rendered":"\n<p>Se conocieron nuevas im\u00e1genes del incendio desatado el martes en un \u00e1rea de 200 hect\u00e1reas sobre la costa del r\u00edo en Hudson.<\/p>\n\n\n\n<figure class=\"wp-block-image size-large\"><img loading=\"lazy\" decoding=\"async\" width=\"1024\" height=\"576\" src=\"https:\/\/diarioprincipios.com\/wp-content\/uploads\/2020\/09\/IMG-20200910-WA0047-1024x576.jpg\" alt=\"\" class=\"wp-image-5447\" srcset=\"https:\/\/diarioprincipios.com\/wp-content\/uploads\/2020\/09\/IMG-20200910-WA0047-1024x576.jpg 1024w, https:\/\/diarioprincipios.com\/wp-content\/uploads\/2020\/09\/IMG-20200910-WA0047-300x169.jpg 300w, https:\/\/diarioprincipios.com\/wp-content\/uploads\/2020\/09\/IMG-20200910-WA0047-768x432.jpg 768w, https:\/\/diarioprincipios.com\/wp-content\/uploads\/2020\/09\/IMG-20200910-WA0047.jpg 1280w\" sizes=\"auto, (max-width: 1024px) 100vw, 1024px\" \/><\/figure>\n\n\n\n<p>Las mismas fueron tomadas por el drone Municipal con el cual se sobrevol\u00f3 la zona afectada, delimitada entre el Camino de Las Rosas, la Costa del R\u00edo de La Plata, la Avenida 63 y el arroyo Baldovinos, afectando unas 200 hect\u00e1reas en forma de medialuna seg\u00fan explic\u00f3 el coordinador general de Seguridad de la Municipalidad de Berazategui, Marcelo Sieczka.<\/p>\n\n\n\n<figure class=\"wp-block-image size-large\"><img loading=\"lazy\" decoding=\"async\" width=\"1024\" height=\"576\" src=\"https:\/\/diarioprincipios.com\/wp-content\/uploads\/2020\/09\/IMG-20200910-WA0045-1024x576.jpg\" alt=\"\" class=\"wp-image-5448\" srcset=\"https:\/\/diarioprincipios.com\/wp-content\/uploads\/2020\/09\/IMG-20200910-WA0045-1024x576.jpg 1024w, https:\/\/diarioprincipios.com\/wp-content\/uploads\/2020\/09\/IMG-20200910-WA0045-300x169.jpg 300w, https:\/\/diarioprincipios.com\/wp-content\/uploads\/2020\/09\/IMG-20200910-WA0045-768x432.jpg 768w, https:\/\/diarioprincipios.com\/wp-content\/uploads\/2020\/09\/IMG-20200910-WA0045.jpg 1280w\" sizes=\"auto, (max-width: 1024px) 100vw, 1024px\" \/><\/figure>\n\n\n\n<p>En primera instancia, se intent\u00f3 apagar el fuego de forma manual. El trabajo fue llevado a cabo por bomberos voluntarios y del Destacamento de Polic\u00eda de Hudson, personal de la Direcci\u00f3n Provincial de Defensa Civil y de Emergencias, que adem\u00e1s contaron con la ayuda de trabajadores de las Secretar\u00edas de Tr\u00e1nsito y de Seguridad de la Municipalidad de Berazategui. No obstante, a ra\u00edz de las dimensiones del incendio, ayer se sum\u00f3 a las tareas un helic\u00f3ptero de la Polic\u00eda Federal Argentina.<\/p>\n\n\n\n<figure class=\"wp-block-image size-large\"><img loading=\"lazy\" decoding=\"async\" width=\"1024\" height=\"576\" src=\"https:\/\/diarioprincipios.com\/wp-content\/uploads\/2020\/09\/IMG-20200910-WA0040-1024x576.jpg\" alt=\"\" class=\"wp-image-5449\" srcset=\"https:\/\/diarioprincipios.com\/wp-content\/uploads\/2020\/09\/IMG-20200910-WA0040-1024x576.jpg 1024w, https:\/\/diarioprincipios.com\/wp-content\/uploads\/2020\/09\/IMG-20200910-WA0040-300x169.jpg 300w, https:\/\/diarioprincipios.com\/wp-content\/uploads\/2020\/09\/IMG-20200910-WA0040-768x432.jpg 768w, https:\/\/diarioprincipios.com\/wp-content\/uploads\/2020\/09\/IMG-20200910-WA0040.jpg 1280w\" sizes=\"auto, (max-width: 1024px) 100vw, 1024px\" \/><\/figure>\n\n\n\n<p>\u201cA partir de hoy pudimos contar con la valiosa colaboraci\u00f3n en la zona de una aeronave provista por la Polic\u00eda Federal. Se trata de un helic\u00f3ptero con el que estamos atacando al fuego de manera directa, agilizando much\u00edsimo m\u00e1s las tareas. As\u00ed que los trabajos continuar\u00e1n hasta que logremos extinguir por completo todos los focos \u00edgneos que permanecen a\u00fan encendidos en el \u00e1rea\u201d, detalla Sieczka, a la vez que aclara que \u201clos peritos ser\u00e1n los encargados de trabajar en la zona para determinar las causas que ocasionaron<\/p>\n","protected":false},"excerpt":{"rendered":"<p>Se conocieron nuevas im\u00e1genes del incendio desatado el martes en un \u00e1rea de 200 hect\u00e1reas sobre la costa del r\u00edo en Hudson. Las mismas fueron tomadas por el drone Municipal con el cual se sobrevol\u00f3 la zona afectada, delimitada entre el Camino de Las Rosas, la Costa del R\u00edo de La Plata, la Avenida 63&#8230;<\/p>\n","protected":false},"author":2,"featured_media":5450,"comment_status":"open","ping_status":"open","sticky":false,"template":"","format":"standard","meta":{"footnotes":""},"categories":[3],"tags":[],"class_list":["post-5446","post","type-post","status-publish","format-standard","has-post-thumbnail","hentry","category-berazategui"],"featured_image_src":"https:\/\/diarioprincipios.com\/wp-content\/uploads\/2020\/09\/IMG-20200910-WA0035-1024x576.jpg","blog_images":{"medium":"https:\/\/diarioprincipios.com\/wp-content\/uploads\/2020\/09\/IMG-20200910-WA0035-300x169.jpg","large":"https:\/\/diarioprincipios.com\/wp-content\/uploads\/2020\/09\/IMG-20200910-WA0035-1024x576.jpg"},"ams_acf":[],"yoast_head":"<!-- This site is optimized with the Yoast SEO plugin v27.3 - https:\/\/yoast.com\/product\/yoast-seo-wordpress\/ -->\n<title>Nuevas im\u00e1genes del incendio en la Costa de Hudson, tomadas por el drone municipal - Principios<\/title>\n<meta name=\"robots\" content=\"index, follow, max-snippet:-1, max-image-preview:large, max-video-preview:-1\" \/>\n<link rel=\"canonical\" href=\"https:\/\/diarioprincipios.com\/index.php\/2020\/09\/10\/nuevas-imagenes-del-incendio-en-la-costa-de-hudson-tomadas-por-el-dron-municipal\/\" \/>\n<meta property=\"og:locale\" content=\"es_ES\" \/>\n<meta property=\"og:type\" content=\"article\" \/>\n<meta property=\"og:title\" content=\"Nuevas im\u00e1genes del incendio en la Costa de Hudson, tomadas por el drone municipal - Principios\" \/>\n<meta property=\"og:description\" content=\"Se conocieron nuevas im\u00e1genes del incendio desatado el martes en un \u00e1rea de 200 hect\u00e1reas sobre la costa del r\u00edo en Hudson. Las mismas fueron tomadas por el drone Municipal con el cual se sobrevol\u00f3 la zona afectada, delimitada entre el Camino de Las Rosas, la Costa del R\u00edo de La Plata, la Avenida 63...\" \/>\n<meta property=\"og:url\" content=\"https:\/\/diarioprincipios.com\/index.php\/2020\/09\/10\/nuevas-imagenes-del-incendio-en-la-costa-de-hudson-tomadas-por-el-dron-municipal\/\" \/>\n<meta property=\"og:site_name\" content=\"Principios\" \/>\n<meta property=\"article:published_time\" content=\"2020-09-10T19:02:13+00:00\" \/>\n<meta property=\"article:modified_time\" content=\"2020-09-11T00:11:52+00:00\" \/>\n<meta property=\"og:image\" content=\"https:\/\/diarioprincipios.com\/wp-content\/uploads\/2020\/09\/IMG-20200910-WA0035.jpg\" \/>\n\t<meta property=\"og:image:width\" content=\"1280\" \/>\n\t<meta property=\"og:image:height\" content=\"720\" \/>\n\t<meta property=\"og:image:type\" content=\"image\/jpeg\" \/>\n<meta name=\"author\" content=\"Hern\u00e1n L\u00f3pez\" \/>\n<meta name=\"twitter:card\" content=\"summary_large_image\" \/>\n<meta name=\"twitter:label1\" content=\"Escrito por\" \/>\n\t<meta name=\"twitter:data1\" content=\"Hern\u00e1n L\u00f3pez\" \/>\n\t<meta name=\"twitter:label2\" content=\"Tiempo de lectura\" \/>\n\t<meta name=\"twitter:data2\" content=\"1 minuto\" \/>\n<script type=\"application\/ld+json\" class=\"yoast-schema-graph\">{\"@context\":\"https:\\\/\\\/schema.org\",\"@graph\":[{\"@type\":\"Article\",\"@id\":\"https:\\\/\\\/diarioprincipios.com\\\/index.php\\\/2020\\\/09\\\/10\\\/nuevas-imagenes-del-incendio-en-la-costa-de-hudson-tomadas-por-el-dron-municipal\\\/#article\",\"isPartOf\":{\"@id\":\"https:\\\/\\\/diarioprincipios.com\\\/index.php\\\/2020\\\/09\\\/10\\\/nuevas-imagenes-del-incendio-en-la-costa-de-hudson-tomadas-por-el-dron-municipal\\\/\"},\"author\":{\"name\":\"Hern\u00e1n L\u00f3pez\",\"@id\":\"https:\\\/\\\/diarioprincipios.com\\\/#\\\/schema\\\/person\\\/436d5a1fd41a5e250e23ff5a6a7cb080\"},\"headline\":\"Nuevas im\u00e1genes del incendio en la Costa de Hudson, tomadas por el drone municipal\",\"datePublished\":\"2020-09-10T19:02:13+00:00\",\"dateModified\":\"2020-09-11T00:11:52+00:00\",\"mainEntityOfPage\":{\"@id\":\"https:\\\/\\\/diarioprincipios.com\\\/index.php\\\/2020\\\/09\\\/10\\\/nuevas-imagenes-del-incendio-en-la-costa-de-hudson-tomadas-por-el-dron-municipal\\\/\"},\"wordCount\":283,\"commentCount\":0,\"publisher\":{\"@id\":\"https:\\\/\\\/diarioprincipios.com\\\/#organization\"},\"image\":{\"@id\":\"https:\\\/\\\/diarioprincipios.com\\\/index.php\\\/2020\\\/09\\\/10\\\/nuevas-imagenes-del-incendio-en-la-costa-de-hudson-tomadas-por-el-dron-municipal\\\/#primaryimage\"},\"thumbnailUrl\":\"https:\\\/\\\/diarioprincipios.com\\\/wp-content\\\/uploads\\\/2020\\\/09\\\/IMG-20200910-WA0035.jpg\",\"articleSection\":[\"Berazategui\"],\"inLanguage\":\"es\",\"potentialAction\":[{\"@type\":\"CommentAction\",\"name\":\"Comment\",\"target\":[\"https:\\\/\\\/diarioprincipios.com\\\/index.php\\\/2020\\\/09\\\/10\\\/nuevas-imagenes-del-incendio-en-la-costa-de-hudson-tomadas-por-el-dron-municipal\\\/#respond\"]}]},{\"@type\":\"WebPage\",\"@id\":\"https:\\\/\\\/diarioprincipios.com\\\/index.php\\\/2020\\\/09\\\/10\\\/nuevas-imagenes-del-incendio-en-la-costa-de-hudson-tomadas-por-el-dron-municipal\\\/\",\"url\":\"https:\\\/\\\/diarioprincipios.com\\\/index.php\\\/2020\\\/09\\\/10\\\/nuevas-imagenes-del-incendio-en-la-costa-de-hudson-tomadas-por-el-dron-municipal\\\/\",\"name\":\"Nuevas im\u00e1genes del incendio en la Costa de Hudson, tomadas por el drone municipal - Principios\",\"isPartOf\":{\"@id\":\"https:\\\/\\\/diarioprincipios.com\\\/#website\"},\"primaryImageOfPage\":{\"@id\":\"https:\\\/\\\/diarioprincipios.com\\\/index.php\\\/2020\\\/09\\\/10\\\/nuevas-imagenes-del-incendio-en-la-costa-de-hudson-tomadas-por-el-dron-municipal\\\/#primaryimage\"},\"image\":{\"@id\":\"https:\\\/\\\/diarioprincipios.com\\\/index.php\\\/2020\\\/09\\\/10\\\/nuevas-imagenes-del-incendio-en-la-costa-de-hudson-tomadas-por-el-dron-municipal\\\/#primaryimage\"},\"thumbnailUrl\":\"https:\\\/\\\/diarioprincipios.com\\\/wp-content\\\/uploads\\\/2020\\\/09\\\/IMG-20200910-WA0035.jpg\",\"datePublished\":\"2020-09-10T19:02:13+00:00\",\"dateModified\":\"2020-09-11T00:11:52+00:00\",\"breadcrumb\":{\"@id\":\"https:\\\/\\\/diarioprincipios.com\\\/index.php\\\/2020\\\/09\\\/10\\\/nuevas-imagenes-del-incendio-en-la-costa-de-hudson-tomadas-por-el-dron-municipal\\\/#breadcrumb\"},\"inLanguage\":\"es\",\"potentialAction\":[{\"@type\":\"ReadAction\",\"target\":[\"https:\\\/\\\/diarioprincipios.com\\\/index.php\\\/2020\\\/09\\\/10\\\/nuevas-imagenes-del-incendio-en-la-costa-de-hudson-tomadas-por-el-dron-municipal\\\/\"]}]},{\"@type\":\"ImageObject\",\"inLanguage\":\"es\",\"@id\":\"https:\\\/\\\/diarioprincipios.com\\\/index.php\\\/2020\\\/09\\\/10\\\/nuevas-imagenes-del-incendio-en-la-costa-de-hudson-tomadas-por-el-dron-municipal\\\/#primaryimage\",\"url\":\"https:\\\/\\\/diarioprincipios.com\\\/wp-content\\\/uploads\\\/2020\\\/09\\\/IMG-20200910-WA0035.jpg\",\"contentUrl\":\"https:\\\/\\\/diarioprincipios.com\\\/wp-content\\\/uploads\\\/2020\\\/09\\\/IMG-20200910-WA0035.jpg\",\"width\":1280,\"height\":720},{\"@type\":\"BreadcrumbList\",\"@id\":\"https:\\\/\\\/diarioprincipios.com\\\/index.php\\\/2020\\\/09\\\/10\\\/nuevas-imagenes-del-incendio-en-la-costa-de-hudson-tomadas-por-el-dron-municipal\\\/#breadcrumb\",\"itemListElement\":[{\"@type\":\"ListItem\",\"position\":1,\"name\":\"Portada\",\"item\":\"https:\\\/\\\/diarioprincipios.com\\\/\"},{\"@type\":\"ListItem\",\"position\":2,\"name\":\"Nuevas im\u00e1genes del incendio en la Costa de Hudson, tomadas por el drone municipal\"}]},{\"@type\":\"WebSite\",\"@id\":\"https:\\\/\\\/diarioprincipios.com\\\/#website\",\"url\":\"https:\\\/\\\/diarioprincipios.com\\\/\",\"name\":\"Principios\",\"description\":\"Principios Diario\",\"publisher\":{\"@id\":\"https:\\\/\\\/diarioprincipios.com\\\/#organization\"},\"potentialAction\":[{\"@type\":\"SearchAction\",\"target\":{\"@type\":\"EntryPoint\",\"urlTemplate\":\"https:\\\/\\\/diarioprincipios.com\\\/?s={search_term_string}\"},\"query-input\":{\"@type\":\"PropertyValueSpecification\",\"valueRequired\":true,\"valueName\":\"search_term_string\"}}],\"inLanguage\":\"es\"},{\"@type\":\"Organization\",\"@id\":\"https:\\\/\\\/diarioprincipios.com\\\/#organization\",\"name\":\"Principios\",\"url\":\"https:\\\/\\\/diarioprincipios.com\\\/\",\"logo\":{\"@type\":\"ImageObject\",\"inLanguage\":\"es\",\"@id\":\"https:\\\/\\\/diarioprincipios.com\\\/#\\\/schema\\\/logo\\\/image\\\/\",\"url\":\"https:\\\/\\\/diarioprincipios.com\\\/wp-content\\\/uploads\\\/2024\\\/04\\\/cropped-www.diarioprincipios.com_-1.png\",\"contentUrl\":\"https:\\\/\\\/diarioprincipios.com\\\/wp-content\\\/uploads\\\/2024\\\/04\\\/cropped-www.diarioprincipios.com_-1.png\",\"width\":5325,\"height\":1454,\"caption\":\"Principios\"},\"image\":{\"@id\":\"https:\\\/\\\/diarioprincipios.com\\\/#\\\/schema\\\/logo\\\/image\\\/\"}},{\"@type\":\"Person\",\"@id\":\"https:\\\/\\\/diarioprincipios.com\\\/#\\\/schema\\\/person\\\/436d5a1fd41a5e250e23ff5a6a7cb080\",\"name\":\"Hern\u00e1n L\u00f3pez\",\"image\":{\"@type\":\"ImageObject\",\"inLanguage\":\"es\",\"@id\":\"https:\\\/\\\/diarioprincipios.com\\\/wp-content\\\/litespeed\\\/avatar\\\/11ddfe5610ff3bd100522525b2571f48.jpg?ver=1777048341\",\"url\":\"https:\\\/\\\/diarioprincipios.com\\\/wp-content\\\/litespeed\\\/avatar\\\/11ddfe5610ff3bd100522525b2571f48.jpg?ver=1777048341\",\"contentUrl\":\"https:\\\/\\\/diarioprincipios.com\\\/wp-content\\\/litespeed\\\/avatar\\\/11ddfe5610ff3bd100522525b2571f48.jpg?ver=1777048341\",\"caption\":\"Hern\u00e1n L\u00f3pez\"},\"url\":\"https:\\\/\\\/diarioprincipios.com\\\/index.php\\\/author\\\/hernan\\\/\"}]}<\/script>\n<!-- \/ Yoast SEO plugin. -->","yoast_head_json":{"title":"Nuevas im\u00e1genes del incendio en la Costa de Hudson, tomadas por el drone municipal - Principios","robots":{"index":"index","follow":"follow","max-snippet":"max-snippet:-1","max-image-preview":"max-image-preview:large","max-video-preview":"max-video-preview:-1"},"canonical":"https:\/\/diarioprincipios.com\/index.php\/2020\/09\/10\/nuevas-imagenes-del-incendio-en-la-costa-de-hudson-tomadas-por-el-dron-municipal\/","og_locale":"es_ES","og_type":"article","og_title":"Nuevas im\u00e1genes del incendio en la Costa de Hudson, tomadas por el drone municipal - Principios","og_description":"Se conocieron nuevas im\u00e1genes del incendio desatado el martes en un \u00e1rea de 200 hect\u00e1reas sobre la costa del r\u00edo en Hudson. Las mismas fueron tomadas por el drone Municipal con el cual se sobrevol\u00f3 la zona afectada, delimitada entre el Camino de Las Rosas, la Costa del R\u00edo de La Plata, la Avenida 63...","og_url":"https:\/\/diarioprincipios.com\/index.php\/2020\/09\/10\/nuevas-imagenes-del-incendio-en-la-costa-de-hudson-tomadas-por-el-dron-municipal\/","og_site_name":"Principios","article_published_time":"2020-09-10T19:02:13+00:00","article_modified_time":"2020-09-11T00:11:52+00:00","og_image":[{"width":1280,"height":720,"url":"https:\/\/diarioprincipios.com\/wp-content\/uploads\/2020\/09\/IMG-20200910-WA0035.jpg","type":"image\/jpeg"}],"author":"Hern\u00e1n L\u00f3pez","twitter_card":"summary_large_image","twitter_misc":{"Escrito por":"Hern\u00e1n L\u00f3pez","Tiempo de lectura":"1 minuto"},"schema":{"@context":"https:\/\/schema.org","@graph":[{"@type":"Article","@id":"https:\/\/diarioprincipios.com\/index.php\/2020\/09\/10\/nuevas-imagenes-del-incendio-en-la-costa-de-hudson-tomadas-por-el-dron-municipal\/#article","isPartOf":{"@id":"https:\/\/diarioprincipios.com\/index.php\/2020\/09\/10\/nuevas-imagenes-del-incendio-en-la-costa-de-hudson-tomadas-por-el-dron-municipal\/"},"author":{"name":"Hern\u00e1n L\u00f3pez","@id":"https:\/\/diarioprincipios.com\/#\/schema\/person\/436d5a1fd41a5e250e23ff5a6a7cb080"},"headline":"Nuevas im\u00e1genes del incendio en la Costa de Hudson, tomadas por el drone municipal","datePublished":"2020-09-10T19:02:13+00:00","dateModified":"2020-09-11T00:11:52+00:00","mainEntityOfPage":{"@id":"https:\/\/diarioprincipios.com\/index.php\/2020\/09\/10\/nuevas-imagenes-del-incendio-en-la-costa-de-hudson-tomadas-por-el-dron-municipal\/"},"wordCount":283,"commentCount":0,"publisher":{"@id":"https:\/\/diarioprincipios.com\/#organization"},"image":{"@id":"https:\/\/diarioprincipios.com\/index.php\/2020\/09\/10\/nuevas-imagenes-del-incendio-en-la-costa-de-hudson-tomadas-por-el-dron-municipal\/#primaryimage"},"thumbnailUrl":"https:\/\/diarioprincipios.com\/wp-content\/uploads\/2020\/09\/IMG-20200910-WA0035.jpg","articleSection":["Berazategui"],"inLanguage":"es","potentialAction":[{"@type":"CommentAction","name":"Comment","target":["https:\/\/diarioprincipios.com\/index.php\/2020\/09\/10\/nuevas-imagenes-del-incendio-en-la-costa-de-hudson-tomadas-por-el-dron-municipal\/#respond"]}]},{"@type":"WebPage","@id":"https:\/\/diarioprincipios.com\/index.php\/2020\/09\/10\/nuevas-imagenes-del-incendio-en-la-costa-de-hudson-tomadas-por-el-dron-municipal\/","url":"https:\/\/diarioprincipios.com\/index.php\/2020\/09\/10\/nuevas-imagenes-del-incendio-en-la-costa-de-hudson-tomadas-por-el-dron-municipal\/","name":"Nuevas im\u00e1genes del incendio en la Costa de Hudson, tomadas por el drone municipal - Principios","isPartOf":{"@id":"https:\/\/diarioprincipios.com\/#website"},"primaryImageOfPage":{"@id":"https:\/\/diarioprincipios.com\/index.php\/2020\/09\/10\/nuevas-imagenes-del-incendio-en-la-costa-de-hudson-tomadas-por-el-dron-municipal\/#primaryimage"},"image":{"@id":"https:\/\/diarioprincipios.com\/index.php\/2020\/09\/10\/nuevas-imagenes-del-incendio-en-la-costa-de-hudson-tomadas-por-el-dron-municipal\/#primaryimage"},"thumbnailUrl":"https:\/\/diarioprincipios.com\/wp-content\/uploads\/2020\/09\/IMG-20200910-WA0035.jpg","datePublished":"2020-09-10T19:02:13+00:00","dateModified":"2020-09-11T00:11:52+00:00","breadcrumb":{"@id":"https:\/\/diarioprincipios.com\/index.php\/2020\/09\/10\/nuevas-imagenes-del-incendio-en-la-costa-de-hudson-tomadas-por-el-dron-municipal\/#breadcrumb"},"inLanguage":"es","potentialAction":[{"@type":"ReadAction","target":["https:\/\/diarioprincipios.com\/index.php\/2020\/09\/10\/nuevas-imagenes-del-incendio-en-la-costa-de-hudson-tomadas-por-el-dron-municipal\/"]}]},{"@type":"ImageObject","inLanguage":"es","@id":"https:\/\/diarioprincipios.com\/index.php\/2020\/09\/10\/nuevas-imagenes-del-incendio-en-la-costa-de-hudson-tomadas-por-el-dron-municipal\/#primaryimage","url":"https:\/\/diarioprincipios.com\/wp-content\/uploads\/2020\/09\/IMG-20200910-WA0035.jpg","contentUrl":"https:\/\/diarioprincipios.com\/wp-content\/uploads\/2020\/09\/IMG-20200910-WA0035.jpg","width":1280,"height":720},{"@type":"BreadcrumbList","@id":"https:\/\/diarioprincipios.com\/index.php\/2020\/09\/10\/nuevas-imagenes-del-incendio-en-la-costa-de-hudson-tomadas-por-el-dron-municipal\/#breadcrumb","itemListElement":[{"@type":"ListItem","position":1,"name":"Portada","item":"https:\/\/diarioprincipios.com\/"},{"@type":"ListItem","position":2,"name":"Nuevas im\u00e1genes del incendio en la Costa de Hudson, tomadas por el drone municipal"}]},{"@type":"WebSite","@id":"https:\/\/diarioprincipios.com\/#website","url":"https:\/\/diarioprincipios.com\/","name":"Principios","description":"Principios Diario","publisher":{"@id":"https:\/\/diarioprincipios.com\/#organization"},"potentialAction":[{"@type":"SearchAction","target":{"@type":"EntryPoint","urlTemplate":"https:\/\/diarioprincipios.com\/?s={search_term_string}"},"query-input":{"@type":"PropertyValueSpecification","valueRequired":true,"valueName":"search_term_string"}}],"inLanguage":"es"},{"@type":"Organization","@id":"https:\/\/diarioprincipios.com\/#organization","name":"Principios","url":"https:\/\/diarioprincipios.com\/","logo":{"@type":"ImageObject","inLanguage":"es","@id":"https:\/\/diarioprincipios.com\/#\/schema\/logo\/image\/","url":"https:\/\/diarioprincipios.com\/wp-content\/uploads\/2024\/04\/cropped-www.diarioprincipios.com_-1.png","contentUrl":"https:\/\/diarioprincipios.com\/wp-content\/uploads\/2024\/04\/cropped-www.diarioprincipios.com_-1.png","width":5325,"height":1454,"caption":"Principios"},"image":{"@id":"https:\/\/diarioprincipios.com\/#\/schema\/logo\/image\/"}},{"@type":"Person","@id":"https:\/\/diarioprincipios.com\/#\/schema\/person\/436d5a1fd41a5e250e23ff5a6a7cb080","name":"Hern\u00e1n L\u00f3pez","image":{"@type":"ImageObject","inLanguage":"es","@id":"https:\/\/diarioprincipios.com\/wp-content\/litespeed\/avatar\/11ddfe5610ff3bd100522525b2571f48.jpg?ver=1777048341","url":"https:\/\/diarioprincipios.com\/wp-content\/litespeed\/avatar\/11ddfe5610ff3bd100522525b2571f48.jpg?ver=1777048341","contentUrl":"https:\/\/diarioprincipios.com\/wp-content\/litespeed\/avatar\/11ddfe5610ff3bd100522525b2571f48.jpg?ver=1777048341","caption":"Hern\u00e1n L\u00f3pez"},"url":"https:\/\/diarioprincipios.com\/index.php\/author\/hernan\/"}]}},"jetpack_featured_media_url":"https:\/\/diarioprincipios.com\/wp-content\/uploads\/2020\/09\/IMG-20200910-WA0035.jpg","_links":{"self":[{"href":"https:\/\/diarioprincipios.com\/index.php\/wp-json\/wp\/v2\/posts\/5446","targetHints":{"allow":["GET"]}}],"collection":[{"href":"https:\/\/diarioprincipios.com\/index.php\/wp-json\/wp\/v2\/posts"}],"about":[{"href":"https:\/\/diarioprincipios.com\/index.php\/wp-json\/wp\/v2\/types\/post"}],"author":[{"embeddable":true,"href":"https:\/\/diarioprincipios.com\/index.php\/wp-json\/wp\/v2\/users\/2"}],"replies":[{"embeddable":true,"href":"https:\/\/diarioprincipios.com\/index.php\/wp-json\/wp\/v2\/comments?post=5446"}],"version-history":[{"count":5,"href":"https:\/\/diarioprincipios.com\/index.php\/wp-json\/wp\/v2\/posts\/5446\/revisions"}],"predecessor-version":[{"id":5459,"href":"https:\/\/diarioprincipios.com\/index.php\/wp-json\/wp\/v2\/posts\/5446\/revisions\/5459"}],"wp:featuredmedia":[{"embeddable":true,"href":"https:\/\/diarioprincipios.com\/index.php\/wp-json\/wp\/v2\/media\/5450"}],"wp:attachment":[{"href":"https:\/\/diarioprincipios.com\/index.php\/wp-json\/wp\/v2\/media?parent=5446"}],"wp:term":[{"taxonomy":"category","embeddable":true,"href":"https:\/\/diarioprincipios.com\/index.php\/wp-json\/wp\/v2\/categories?post=5446"},{"taxonomy":"post_tag","embeddable":true,"href":"https:\/\/diarioprincipios.com\/index.php\/wp-json\/wp\/v2\/tags?post=5446"}],"curies":[{"name":"wp","href":"https:\/\/api.w.org\/{rel}","templated":true}]}}