{"id":5435,"date":"2020-09-10T13:23:15","date_gmt":"2020-09-10T16:23:15","guid":{"rendered":"http:\/\/diarioprincipios.com\/?p=5435"},"modified":"2020-09-10T13:23:20","modified_gmt":"2020-09-10T16:23:20","slug":"kicillof-anuncio-un-salario-inicial-de-44-000-para-policias-bonaerenses-y-otros-incrementos","status":"publish","type":"post","link":"https:\/\/diarioprincipios.com\/index.php\/2020\/09\/10\/kicillof-anuncio-un-salario-inicial-de-44-000-para-policias-bonaerenses-y-otros-incrementos\/","title":{"rendered":"Kicillof anunci\u00f3 un salario inicial de $44.000 para polic\u00edas bonaerenses y otros incrementos"},"content":{"rendered":"\n<p>El gobernador de la provincia de Buenos Aires, Axel Kicillof, anunci\u00f3 hoy que unos 39 mil oficiales de la polic\u00eda bonaerense \u00abpasar\u00e1n a percibir un salario (inicial) de bolsillo de 44.000 pesos\u00bb y pidi\u00f3 a los efectivos que \u00abterminen\u00bb con las protestas que se desarrollan desde hace cuatro d\u00edas en varios puntos del territorio provincial.<\/p>\n\n\n\n<p>\u00abQuiero anunciar que he tomado la decisi\u00f3n pol\u00edtica de fondo que viene a saldar una deuda que este Estado tiene con su polic\u00eda\u00bb, dijo el gobernador en el marco del acto de presentaci\u00f3n del Plan Integral de Seguridad que se realiz\u00f3 esta ma\u00f1ana en la Casa de Gobierno provincial.<\/p>\n\n\n\n<p>El anuncio oficial se realiz\u00f3 luego de cuatro d\u00edas de protestas de efectivos de la polic\u00eda bonaerense que permanec\u00edan esta ma\u00f1ana concentrados en las puertas del Centro de Coordinaci\u00f3n Estrat\u00e9gica de la polic\u00eda provincial en Puente 12 en La Matanza, y otras dependencias policiales.<\/p>\n\n\n\n<p>Durante su mensaje, el mandatario explic\u00f3 que \u00abparte de los recursos\u00bb del Fondo de Fortalecimiento Financiero Fiscal, que anunci\u00f3 anoche el presidente Alberto Fern\u00e1ndez y cuya creaci\u00f3n qued\u00f3 oficializada hoy con su publicaci\u00f3n en el Bolet\u00edn Oficial, se destinar\u00e1n \u00aba comenzar a equiparar el salario de la polic\u00eda bonaerense con el de la Polic\u00eda Federal Argentina\u00bb.<\/p>\n\n\n\n<p>En ese marco, Kicillof anunci\u00f3 que un total de 39.521 oficiales de polic\u00eda \u00abpasar\u00e1n a percibir un salario de bolsillo de 44 mil pesos\u00bb, y detall\u00f3 que el monto para la compra de uniformes se elevar\u00e1 de 1.100 pesos a 5.000.<\/p>\n\n\n\n<p>Adem\u00e1s, \u00abse triplicar\u00e1 a 120 pesos las denominadas horas extra, que estaban congeladas en 40 pesos\u00bb, dijo el gobernador.<\/p>\n\n\n\n<p>\u00abCuando egresen de la escuela, el salario de bolsillo y la compensaci\u00f3n por uniforme ser\u00e1 de 49 mil pesos\u00bb, continu\u00f3 el mandatario bonaerense y precis\u00f3 que el agente policial que haga horas adicionales \u00abcobrar\u00e1 arriba de 60 mil pesos\u00bb.<\/p>\n\n\n\n<p>El gobernador bonaerense adelant\u00f3 que ese incremento tambi\u00e9n ser\u00e1 para los agentes del Servicio Penitenciario Bonaerense.<\/p>\n\n\n\n<p>Por otro lado, Kicillof dijo que se lanzar\u00e1 el Instituto Universitario Juan Vucetich \u00abque permitir\u00e1 jerarquizaci\u00f3n de la fuerza\u00bb, detall\u00f3 que se incorporar\u00e1n dos hospitales exclusivos para las fuerzas de seguridad y apunt\u00f3 que se reforzar\u00e1 la asistencia psic\u00f3logica para los polic\u00edas.<\/p>\n\n\n\n<p>En su discurso, el gobernador record\u00f3 que el viernes pasado, junto al Presidente, se hab\u00eda hecho un \u00abimportant\u00edsimo anuncio para el fortalecimiento de la seguridad en la provincia\u00bb con una inversi\u00f3n de 37.700 millones de pesos.<\/p>\n\n\n\n<p>Ese plan consiste en la incorporaci\u00f3n de 10 mil nuevos agentes en los pr\u00f3ximos 18 meses; 2.200 patrulleros; obras en 96 comisar\u00edas; 4.000 paradas seguras; la construcci\u00f3n de 12 nuevas unidades penitenciarias para alojar 5.000 internos; y compra de tecnolog\u00eda \u00abpara apoyar la tarea policial\u00bb.<\/p>\n\n\n\n<p>El mandatario bonaerense reconoci\u00f3 que la insuficiencia en materia de seguridad es un tema \u00abgrave y estructural\u00bb que la provincia acarrea \u00abhace much\u00edsimo tiempo\u00bb, pero remarc\u00f3 que \u00abesos problemas estuvieron marcados por el fuerte deterioro de los \u00faltimos cuatro a\u00f1os\u00bb, durante la gesti\u00f3n de Cambiemos.<\/p>\n\n\n\n<p>De esta manera, Kicillof indic\u00f3 que, al asumir, encontr\u00f3 una polic\u00eda \u00aben situaci\u00f3n de cat\u00e1strofe log\u00edstica, con patrulleros apilados en dep\u00f3sitos, sin equipos de comunicaci\u00f3n y sueldos deteriorados que cayeron un 30%\u00bb.<\/p>\n\n\n\n<p>\u00abNos comprometimos a construir una polic\u00eda m\u00e1s profesional, equipada y humana y eso requiere una transformaci\u00f3n\u00bb, se\u00f1al\u00f3.<\/p>\n\n\n\n<p>En ese contexto, pidi\u00f3 a los efectivos policiales comprender \u00abque en estos meses no se hicieron paritarias en much\u00edsimos sectores\u00bb, record\u00f3 que la actual es una situaci\u00f3n \u00abexcepcional\u00bb pero admiti\u00f3 que los salarios de esa fuerza \u00abhab\u00edan quedado especialmente atrasados\u00bb.<\/p>\n\n\n\n<p>\u00abSon trabajadores esenciales, pusieron el cuerpo, arriesgaron la vida en esta pandemia y en muchos casos, lamentablemente, la perdieron\u00bb, dijo y ratific\u00f3 el compromiso de su administraci\u00f3n \u00abcon un accionar policial profesional, eficaz y respetuoso de los est\u00e1ndares internacionales en materia de derechos humanos\u00bb.<\/p>\n\n\n\n<p>\u00abSabemos que el personal de la polic\u00eda nace, se cr\u00eda y trabaja en los barrios de nuestra provincia, conoce las necesidades y urgencias de nuestro pueblo, comparte la misma vida y no se ocupa s\u00f3lo de la criminalidad sino que cuida y contiene\u00bb, grafic\u00f3 Kicillof y advirti\u00f3: \u00abPero eso s\u00ed, dentro de la ley todo, fuera de la ley nada\u00bb.<\/p>\n\n\n\n<p>Sobre las protestas que se registraron en los \u00faltimos d\u00edas, reiter\u00f3 el planteo de que \u00abno es la manera\u00bb e insisti\u00f3 en que las im\u00e1genes de los manifestantes en la puerta de la residencia de Olivos fueron \u00abespantosas y no pueden repetirse\u00bb.<\/p>\n\n\n\n<p>\u00abLa sociedad necesita que terminemos con esto\u00bb y evalu\u00f3 que si los reclamos tienen que ver con un aspecto salarial deber\u00edan cesar ante la \u00abrespuesta contundente, hist\u00f3rica y de fondo que estamos dando\u00bb.<\/p>\n\n\n\n<p>\u00abSi no, comprenderemos que es una cuesti\u00f3n pol\u00edtica y distinta\u00bb, subray\u00f3 Kicillof y a\u00f1adi\u00f3 que la Argentina est\u00e1 atravesando una pandemia de la que se debe salir \u00abde una sola manera: todos juntos, con solidaridad, esfuerzo, pensando en el otro, en uni\u00f3n y con grandeza pol\u00edtica\u00bb.<\/p>\n\n\n\n<p>Del acto de anuncio de hoy participaron intendentes bonaerenses; ministros del gabinete; el presidente del bloque de diputados nacionales del Frente de Todos, M\u00e1ximo Kichner; la vicegobernadora Ver\u00f3nica Magario y el titular de la C\u00e1mara baja provincial, Federico Oterm\u00edn.<\/p>\n\n\n\n<p>Entre los jefes comunales, participaron -en forma presencial y tambi\u00e9n virtual a trav\u00e9s de pantallas gigantes montadas a los costados del Sal\u00f3n Dorado- intendentes del oficialismo y del radicalismo, pero no del PRO.<\/p>\n","protected":false},"excerpt":{"rendered":"<p>El gobernador de la provincia de Buenos Aires, Axel Kicillof, anunci\u00f3 hoy que unos 39 mil oficiales de la polic\u00eda bonaerense \u00abpasar\u00e1n a percibir un salario (inicial) de bolsillo de 44.000 pesos\u00bb y pidi\u00f3 a los efectivos que \u00abterminen\u00bb con las protestas que se desarrollan desde hace cuatro d\u00edas en varios puntos del territorio provincial&#8230;.<\/p>\n","protected":false},"author":2,"featured_media":5433,"comment_status":"open","ping_status":"open","sticky":false,"template":"","format":"standard","meta":{"footnotes":""},"categories":[7],"tags":[],"class_list":["post-5435","post","type-post","status-publish","format-standard","has-post-thumbnail","hentry","category-provincia"],"featured_image_src":"https:\/\/diarioprincipios.com\/wp-content\/uploads\/2020\/09\/kicillof_conferencia.jpg_258117318.jpg","blog_images":{"medium":"https:\/\/diarioprincipios.com\/wp-content\/uploads\/2020\/09\/kicillof_conferencia.jpg_258117318-300x169.jpg","large":"https:\/\/diarioprincipios.com\/wp-content\/uploads\/2020\/09\/kicillof_conferencia.jpg_258117318.jpg"},"ams_acf":[],"yoast_head":"<!-- This site is optimized with the Yoast SEO plugin v27.3 - https:\/\/yoast.com\/product\/yoast-seo-wordpress\/ -->\n<title>Kicillof anunci\u00f3 un salario inicial de $44.000 para polic\u00edas bonaerenses y otros incrementos - Principios<\/title>\n<meta name=\"robots\" content=\"index, follow, max-snippet:-1, max-image-preview:large, max-video-preview:-1\" \/>\n<link rel=\"canonical\" href=\"https:\/\/diarioprincipios.com\/index.php\/2020\/09\/10\/kicillof-anuncio-un-salario-inicial-de-44-000-para-policias-bonaerenses-y-otros-incrementos\/\" \/>\n<meta property=\"og:locale\" content=\"es_ES\" \/>\n<meta property=\"og:type\" content=\"article\" \/>\n<meta property=\"og:title\" content=\"Kicillof anunci\u00f3 un salario inicial de $44.000 para polic\u00edas bonaerenses y otros incrementos - Principios\" \/>\n<meta property=\"og:description\" content=\"El gobernador de la provincia de Buenos Aires, Axel Kicillof, anunci\u00f3 hoy que unos 39 mil oficiales de la polic\u00eda bonaerense \u00abpasar\u00e1n a percibir un salario (inicial) de bolsillo de 44.000 pesos\u00bb y pidi\u00f3 a los efectivos que \u00abterminen\u00bb con las protestas que se desarrollan desde hace cuatro d\u00edas en varios puntos del territorio provincial....\" \/>\n<meta property=\"og:url\" content=\"https:\/\/diarioprincipios.com\/index.php\/2020\/09\/10\/kicillof-anuncio-un-salario-inicial-de-44-000-para-policias-bonaerenses-y-otros-incrementos\/\" \/>\n<meta property=\"og:site_name\" content=\"Principios\" \/>\n<meta property=\"article:published_time\" content=\"2020-09-10T16:23:15+00:00\" \/>\n<meta property=\"article:modified_time\" content=\"2020-09-10T16:23:20+00:00\" \/>\n<meta property=\"og:image\" content=\"https:\/\/diarioprincipios.com\/wp-content\/uploads\/2020\/09\/kicillof_conferencia.jpg_258117318.jpg\" \/>\n\t<meta property=\"og:image:width\" content=\"829\" \/>\n\t<meta property=\"og:image:height\" content=\"466\" \/>\n\t<meta property=\"og:image:type\" content=\"image\/jpeg\" \/>\n<meta name=\"author\" content=\"Hern\u00e1n L\u00f3pez\" \/>\n<meta name=\"twitter:card\" content=\"summary_large_image\" \/>\n<meta name=\"twitter:label1\" content=\"Escrito por\" \/>\n\t<meta name=\"twitter:data1\" content=\"Hern\u00e1n L\u00f3pez\" \/>\n\t<meta name=\"twitter:label2\" content=\"Tiempo de lectura\" \/>\n\t<meta name=\"twitter:data2\" content=\"5 minutos\" \/>\n<script type=\"application\/ld+json\" class=\"yoast-schema-graph\">{\"@context\":\"https:\\\/\\\/schema.org\",\"@graph\":[{\"@type\":\"Article\",\"@id\":\"https:\\\/\\\/diarioprincipios.com\\\/index.php\\\/2020\\\/09\\\/10\\\/kicillof-anuncio-un-salario-inicial-de-44-000-para-policias-bonaerenses-y-otros-incrementos\\\/#article\",\"isPartOf\":{\"@id\":\"https:\\\/\\\/diarioprincipios.com\\\/index.php\\\/2020\\\/09\\\/10\\\/kicillof-anuncio-un-salario-inicial-de-44-000-para-policias-bonaerenses-y-otros-incrementos\\\/\"},\"author\":{\"name\":\"Hern\u00e1n L\u00f3pez\",\"@id\":\"https:\\\/\\\/diarioprincipios.com\\\/#\\\/schema\\\/person\\\/436d5a1fd41a5e250e23ff5a6a7cb080\"},\"headline\":\"Kicillof anunci\u00f3 un salario inicial de $44.000 para polic\u00edas bonaerenses y otros incrementos\",\"datePublished\":\"2020-09-10T16:23:15+00:00\",\"dateModified\":\"2020-09-10T16:23:20+00:00\",\"mainEntityOfPage\":{\"@id\":\"https:\\\/\\\/diarioprincipios.com\\\/index.php\\\/2020\\\/09\\\/10\\\/kicillof-anuncio-un-salario-inicial-de-44-000-para-policias-bonaerenses-y-otros-incrementos\\\/\"},\"wordCount\":942,\"commentCount\":0,\"publisher\":{\"@id\":\"https:\\\/\\\/diarioprincipios.com\\\/#organization\"},\"image\":{\"@id\":\"https:\\\/\\\/diarioprincipios.com\\\/index.php\\\/2020\\\/09\\\/10\\\/kicillof-anuncio-un-salario-inicial-de-44-000-para-policias-bonaerenses-y-otros-incrementos\\\/#primaryimage\"},\"thumbnailUrl\":\"https:\\\/\\\/diarioprincipios.com\\\/wp-content\\\/uploads\\\/2020\\\/09\\\/kicillof_conferencia.jpg_258117318.jpg\",\"articleSection\":[\"Provincia\"],\"inLanguage\":\"es\",\"potentialAction\":[{\"@type\":\"CommentAction\",\"name\":\"Comment\",\"target\":[\"https:\\\/\\\/diarioprincipios.com\\\/index.php\\\/2020\\\/09\\\/10\\\/kicillof-anuncio-un-salario-inicial-de-44-000-para-policias-bonaerenses-y-otros-incrementos\\\/#respond\"]}]},{\"@type\":\"WebPage\",\"@id\":\"https:\\\/\\\/diarioprincipios.com\\\/index.php\\\/2020\\\/09\\\/10\\\/kicillof-anuncio-un-salario-inicial-de-44-000-para-policias-bonaerenses-y-otros-incrementos\\\/\",\"url\":\"https:\\\/\\\/diarioprincipios.com\\\/index.php\\\/2020\\\/09\\\/10\\\/kicillof-anuncio-un-salario-inicial-de-44-000-para-policias-bonaerenses-y-otros-incrementos\\\/\",\"name\":\"Kicillof anunci\u00f3 un salario inicial de $44.000 para polic\u00edas bonaerenses y otros incrementos - Principios\",\"isPartOf\":{\"@id\":\"https:\\\/\\\/diarioprincipios.com\\\/#website\"},\"primaryImageOfPage\":{\"@id\":\"https:\\\/\\\/diarioprincipios.com\\\/index.php\\\/2020\\\/09\\\/10\\\/kicillof-anuncio-un-salario-inicial-de-44-000-para-policias-bonaerenses-y-otros-incrementos\\\/#primaryimage\"},\"image\":{\"@id\":\"https:\\\/\\\/diarioprincipios.com\\\/index.php\\\/2020\\\/09\\\/10\\\/kicillof-anuncio-un-salario-inicial-de-44-000-para-policias-bonaerenses-y-otros-incrementos\\\/#primaryimage\"},\"thumbnailUrl\":\"https:\\\/\\\/diarioprincipios.com\\\/wp-content\\\/uploads\\\/2020\\\/09\\\/kicillof_conferencia.jpg_258117318.jpg\",\"datePublished\":\"2020-09-10T16:23:15+00:00\",\"dateModified\":\"2020-09-10T16:23:20+00:00\",\"breadcrumb\":{\"@id\":\"https:\\\/\\\/diarioprincipios.com\\\/index.php\\\/2020\\\/09\\\/10\\\/kicillof-anuncio-un-salario-inicial-de-44-000-para-policias-bonaerenses-y-otros-incrementos\\\/#breadcrumb\"},\"inLanguage\":\"es\",\"potentialAction\":[{\"@type\":\"ReadAction\",\"target\":[\"https:\\\/\\\/diarioprincipios.com\\\/index.php\\\/2020\\\/09\\\/10\\\/kicillof-anuncio-un-salario-inicial-de-44-000-para-policias-bonaerenses-y-otros-incrementos\\\/\"]}]},{\"@type\":\"ImageObject\",\"inLanguage\":\"es\",\"@id\":\"https:\\\/\\\/diarioprincipios.com\\\/index.php\\\/2020\\\/09\\\/10\\\/kicillof-anuncio-un-salario-inicial-de-44-000-para-policias-bonaerenses-y-otros-incrementos\\\/#primaryimage\",\"url\":\"https:\\\/\\\/diarioprincipios.com\\\/wp-content\\\/uploads\\\/2020\\\/09\\\/kicillof_conferencia.jpg_258117318.jpg\",\"contentUrl\":\"https:\\\/\\\/diarioprincipios.com\\\/wp-content\\\/uploads\\\/2020\\\/09\\\/kicillof_conferencia.jpg_258117318.jpg\",\"width\":829,\"height\":466},{\"@type\":\"BreadcrumbList\",\"@id\":\"https:\\\/\\\/diarioprincipios.com\\\/index.php\\\/2020\\\/09\\\/10\\\/kicillof-anuncio-un-salario-inicial-de-44-000-para-policias-bonaerenses-y-otros-incrementos\\\/#breadcrumb\",\"itemListElement\":[{\"@type\":\"ListItem\",\"position\":1,\"name\":\"Portada\",\"item\":\"https:\\\/\\\/diarioprincipios.com\\\/\"},{\"@type\":\"ListItem\",\"position\":2,\"name\":\"Kicillof anunci\u00f3 un salario inicial de $44.000 para polic\u00edas bonaerenses y otros incrementos\"}]},{\"@type\":\"WebSite\",\"@id\":\"https:\\\/\\\/diarioprincipios.com\\\/#website\",\"url\":\"https:\\\/\\\/diarioprincipios.com\\\/\",\"name\":\"Principios\",\"description\":\"Principios Diario\",\"publisher\":{\"@id\":\"https:\\\/\\\/diarioprincipios.com\\\/#organization\"},\"potentialAction\":[{\"@type\":\"SearchAction\",\"target\":{\"@type\":\"EntryPoint\",\"urlTemplate\":\"https:\\\/\\\/diarioprincipios.com\\\/?s={search_term_string}\"},\"query-input\":{\"@type\":\"PropertyValueSpecification\",\"valueRequired\":true,\"valueName\":\"search_term_string\"}}],\"inLanguage\":\"es\"},{\"@type\":\"Organization\",\"@id\":\"https:\\\/\\\/diarioprincipios.com\\\/#organization\",\"name\":\"Principios\",\"url\":\"https:\\\/\\\/diarioprincipios.com\\\/\",\"logo\":{\"@type\":\"ImageObject\",\"inLanguage\":\"es\",\"@id\":\"https:\\\/\\\/diarioprincipios.com\\\/#\\\/schema\\\/logo\\\/image\\\/\",\"url\":\"https:\\\/\\\/diarioprincipios.com\\\/wp-content\\\/uploads\\\/2024\\\/04\\\/cropped-www.diarioprincipios.com_-1.png\",\"contentUrl\":\"https:\\\/\\\/diarioprincipios.com\\\/wp-content\\\/uploads\\\/2024\\\/04\\\/cropped-www.diarioprincipios.com_-1.png\",\"width\":5325,\"height\":1454,\"caption\":\"Principios\"},\"image\":{\"@id\":\"https:\\\/\\\/diarioprincipios.com\\\/#\\\/schema\\\/logo\\\/image\\\/\"}},{\"@type\":\"Person\",\"@id\":\"https:\\\/\\\/diarioprincipios.com\\\/#\\\/schema\\\/person\\\/436d5a1fd41a5e250e23ff5a6a7cb080\",\"name\":\"Hern\u00e1n L\u00f3pez\",\"image\":{\"@type\":\"ImageObject\",\"inLanguage\":\"es\",\"@id\":\"https:\\\/\\\/diarioprincipios.com\\\/wp-content\\\/litespeed\\\/avatar\\\/11ddfe5610ff3bd100522525b2571f48.jpg?ver=1777048341\",\"url\":\"https:\\\/\\\/diarioprincipios.com\\\/wp-content\\\/litespeed\\\/avatar\\\/11ddfe5610ff3bd100522525b2571f48.jpg?ver=1777048341\",\"contentUrl\":\"https:\\\/\\\/diarioprincipios.com\\\/wp-content\\\/litespeed\\\/avatar\\\/11ddfe5610ff3bd100522525b2571f48.jpg?ver=1777048341\",\"caption\":\"Hern\u00e1n L\u00f3pez\"},\"url\":\"https:\\\/\\\/diarioprincipios.com\\\/index.php\\\/author\\\/hernan\\\/\"}]}<\/script>\n<!-- \/ Yoast SEO plugin. -->","yoast_head_json":{"title":"Kicillof anunci\u00f3 un salario inicial de $44.000 para polic\u00edas bonaerenses y otros incrementos - Principios","robots":{"index":"index","follow":"follow","max-snippet":"max-snippet:-1","max-image-preview":"max-image-preview:large","max-video-preview":"max-video-preview:-1"},"canonical":"https:\/\/diarioprincipios.com\/index.php\/2020\/09\/10\/kicillof-anuncio-un-salario-inicial-de-44-000-para-policias-bonaerenses-y-otros-incrementos\/","og_locale":"es_ES","og_type":"article","og_title":"Kicillof anunci\u00f3 un salario inicial de $44.000 para polic\u00edas bonaerenses y otros incrementos - Principios","og_description":"El gobernador de la provincia de Buenos Aires, Axel Kicillof, anunci\u00f3 hoy que unos 39 mil oficiales de la polic\u00eda bonaerense \u00abpasar\u00e1n a percibir un salario (inicial) de bolsillo de 44.000 pesos\u00bb y pidi\u00f3 a los efectivos que \u00abterminen\u00bb con las protestas que se desarrollan desde hace cuatro d\u00edas en varios puntos del territorio provincial....","og_url":"https:\/\/diarioprincipios.com\/index.php\/2020\/09\/10\/kicillof-anuncio-un-salario-inicial-de-44-000-para-policias-bonaerenses-y-otros-incrementos\/","og_site_name":"Principios","article_published_time":"2020-09-10T16:23:15+00:00","article_modified_time":"2020-09-10T16:23:20+00:00","og_image":[{"width":829,"height":466,"url":"https:\/\/diarioprincipios.com\/wp-content\/uploads\/2020\/09\/kicillof_conferencia.jpg_258117318.jpg","type":"image\/jpeg"}],"author":"Hern\u00e1n L\u00f3pez","twitter_card":"summary_large_image","twitter_misc":{"Escrito por":"Hern\u00e1n L\u00f3pez","Tiempo de lectura":"5 minutos"},"schema":{"@context":"https:\/\/schema.org","@graph":[{"@type":"Article","@id":"https:\/\/diarioprincipios.com\/index.php\/2020\/09\/10\/kicillof-anuncio-un-salario-inicial-de-44-000-para-policias-bonaerenses-y-otros-incrementos\/#article","isPartOf":{"@id":"https:\/\/diarioprincipios.com\/index.php\/2020\/09\/10\/kicillof-anuncio-un-salario-inicial-de-44-000-para-policias-bonaerenses-y-otros-incrementos\/"},"author":{"name":"Hern\u00e1n L\u00f3pez","@id":"https:\/\/diarioprincipios.com\/#\/schema\/person\/436d5a1fd41a5e250e23ff5a6a7cb080"},"headline":"Kicillof anunci\u00f3 un salario inicial de $44.000 para polic\u00edas bonaerenses y otros incrementos","datePublished":"2020-09-10T16:23:15+00:00","dateModified":"2020-09-10T16:23:20+00:00","mainEntityOfPage":{"@id":"https:\/\/diarioprincipios.com\/index.php\/2020\/09\/10\/kicillof-anuncio-un-salario-inicial-de-44-000-para-policias-bonaerenses-y-otros-incrementos\/"},"wordCount":942,"commentCount":0,"publisher":{"@id":"https:\/\/diarioprincipios.com\/#organization"},"image":{"@id":"https:\/\/diarioprincipios.com\/index.php\/2020\/09\/10\/kicillof-anuncio-un-salario-inicial-de-44-000-para-policias-bonaerenses-y-otros-incrementos\/#primaryimage"},"thumbnailUrl":"https:\/\/diarioprincipios.com\/wp-content\/uploads\/2020\/09\/kicillof_conferencia.jpg_258117318.jpg","articleSection":["Provincia"],"inLanguage":"es","potentialAction":[{"@type":"CommentAction","name":"Comment","target":["https:\/\/diarioprincipios.com\/index.php\/2020\/09\/10\/kicillof-anuncio-un-salario-inicial-de-44-000-para-policias-bonaerenses-y-otros-incrementos\/#respond"]}]},{"@type":"WebPage","@id":"https:\/\/diarioprincipios.com\/index.php\/2020\/09\/10\/kicillof-anuncio-un-salario-inicial-de-44-000-para-policias-bonaerenses-y-otros-incrementos\/","url":"https:\/\/diarioprincipios.com\/index.php\/2020\/09\/10\/kicillof-anuncio-un-salario-inicial-de-44-000-para-policias-bonaerenses-y-otros-incrementos\/","name":"Kicillof anunci\u00f3 un salario inicial de $44.000 para polic\u00edas bonaerenses y otros incrementos - Principios","isPartOf":{"@id":"https:\/\/diarioprincipios.com\/#website"},"primaryImageOfPage":{"@id":"https:\/\/diarioprincipios.com\/index.php\/2020\/09\/10\/kicillof-anuncio-un-salario-inicial-de-44-000-para-policias-bonaerenses-y-otros-incrementos\/#primaryimage"},"image":{"@id":"https:\/\/diarioprincipios.com\/index.php\/2020\/09\/10\/kicillof-anuncio-un-salario-inicial-de-44-000-para-policias-bonaerenses-y-otros-incrementos\/#primaryimage"},"thumbnailUrl":"https:\/\/diarioprincipios.com\/wp-content\/uploads\/2020\/09\/kicillof_conferencia.jpg_258117318.jpg","datePublished":"2020-09-10T16:23:15+00:00","dateModified":"2020-09-10T16:23:20+00:00","breadcrumb":{"@id":"https:\/\/diarioprincipios.com\/index.php\/2020\/09\/10\/kicillof-anuncio-un-salario-inicial-de-44-000-para-policias-bonaerenses-y-otros-incrementos\/#breadcrumb"},"inLanguage":"es","potentialAction":[{"@type":"ReadAction","target":["https:\/\/diarioprincipios.com\/index.php\/2020\/09\/10\/kicillof-anuncio-un-salario-inicial-de-44-000-para-policias-bonaerenses-y-otros-incrementos\/"]}]},{"@type":"ImageObject","inLanguage":"es","@id":"https:\/\/diarioprincipios.com\/index.php\/2020\/09\/10\/kicillof-anuncio-un-salario-inicial-de-44-000-para-policias-bonaerenses-y-otros-incrementos\/#primaryimage","url":"https:\/\/diarioprincipios.com\/wp-content\/uploads\/2020\/09\/kicillof_conferencia.jpg_258117318.jpg","contentUrl":"https:\/\/diarioprincipios.com\/wp-content\/uploads\/2020\/09\/kicillof_conferencia.jpg_258117318.jpg","width":829,"height":466},{"@type":"BreadcrumbList","@id":"https:\/\/diarioprincipios.com\/index.php\/2020\/09\/10\/kicillof-anuncio-un-salario-inicial-de-44-000-para-policias-bonaerenses-y-otros-incrementos\/#breadcrumb","itemListElement":[{"@type":"ListItem","position":1,"name":"Portada","item":"https:\/\/diarioprincipios.com\/"},{"@type":"ListItem","position":2,"name":"Kicillof anunci\u00f3 un salario inicial de $44.000 para polic\u00edas bonaerenses y otros incrementos"}]},{"@type":"WebSite","@id":"https:\/\/diarioprincipios.com\/#website","url":"https:\/\/diarioprincipios.com\/","name":"Principios","description":"Principios Diario","publisher":{"@id":"https:\/\/diarioprincipios.com\/#organization"},"potentialAction":[{"@type":"SearchAction","target":{"@type":"EntryPoint","urlTemplate":"https:\/\/diarioprincipios.com\/?s={search_term_string}"},"query-input":{"@type":"PropertyValueSpecification","valueRequired":true,"valueName":"search_term_string"}}],"inLanguage":"es"},{"@type":"Organization","@id":"https:\/\/diarioprincipios.com\/#organization","name":"Principios","url":"https:\/\/diarioprincipios.com\/","logo":{"@type":"ImageObject","inLanguage":"es","@id":"https:\/\/diarioprincipios.com\/#\/schema\/logo\/image\/","url":"https:\/\/diarioprincipios.com\/wp-content\/uploads\/2024\/04\/cropped-www.diarioprincipios.com_-1.png","contentUrl":"https:\/\/diarioprincipios.com\/wp-content\/uploads\/2024\/04\/cropped-www.diarioprincipios.com_-1.png","width":5325,"height":1454,"caption":"Principios"},"image":{"@id":"https:\/\/diarioprincipios.com\/#\/schema\/logo\/image\/"}},{"@type":"Person","@id":"https:\/\/diarioprincipios.com\/#\/schema\/person\/436d5a1fd41a5e250e23ff5a6a7cb080","name":"Hern\u00e1n L\u00f3pez","image":{"@type":"ImageObject","inLanguage":"es","@id":"https:\/\/diarioprincipios.com\/wp-content\/litespeed\/avatar\/11ddfe5610ff3bd100522525b2571f48.jpg?ver=1777048341","url":"https:\/\/diarioprincipios.com\/wp-content\/litespeed\/avatar\/11ddfe5610ff3bd100522525b2571f48.jpg?ver=1777048341","contentUrl":"https:\/\/diarioprincipios.com\/wp-content\/litespeed\/avatar\/11ddfe5610ff3bd100522525b2571f48.jpg?ver=1777048341","caption":"Hern\u00e1n L\u00f3pez"},"url":"https:\/\/diarioprincipios.com\/index.php\/author\/hernan\/"}]}},"jetpack_featured_media_url":"https:\/\/diarioprincipios.com\/wp-content\/uploads\/2020\/09\/kicillof_conferencia.jpg_258117318.jpg","_links":{"self":[{"href":"https:\/\/diarioprincipios.com\/index.php\/wp-json\/wp\/v2\/posts\/5435","targetHints":{"allow":["GET"]}}],"collection":[{"href":"https:\/\/diarioprincipios.com\/index.php\/wp-json\/wp\/v2\/posts"}],"about":[{"href":"https:\/\/diarioprincipios.com\/index.php\/wp-json\/wp\/v2\/types\/post"}],"author":[{"embeddable":true,"href":"https:\/\/diarioprincipios.com\/index.php\/wp-json\/wp\/v2\/users\/2"}],"replies":[{"embeddable":true,"href":"https:\/\/diarioprincipios.com\/index.php\/wp-json\/wp\/v2\/comments?post=5435"}],"version-history":[{"count":1,"href":"https:\/\/diarioprincipios.com\/index.php\/wp-json\/wp\/v2\/posts\/5435\/revisions"}],"predecessor-version":[{"id":5436,"href":"https:\/\/diarioprincipios.com\/index.php\/wp-json\/wp\/v2\/posts\/5435\/revisions\/5436"}],"wp:featuredmedia":[{"embeddable":true,"href":"https:\/\/diarioprincipios.com\/index.php\/wp-json\/wp\/v2\/media\/5433"}],"wp:attachment":[{"href":"https:\/\/diarioprincipios.com\/index.php\/wp-json\/wp\/v2\/media?parent=5435"}],"wp:term":[{"taxonomy":"category","embeddable":true,"href":"https:\/\/diarioprincipios.com\/index.php\/wp-json\/wp\/v2\/categories?post=5435"},{"taxonomy":"post_tag","embeddable":true,"href":"https:\/\/diarioprincipios.com\/index.php\/wp-json\/wp\/v2\/tags?post=5435"}],"curies":[{"name":"wp","href":"https:\/\/api.w.org\/{rel}","templated":true}]}}