{"id":537,"date":"2020-03-30T22:44:07","date_gmt":"2020-03-30T22:44:07","guid":{"rendered":"http:\/\/diarioprincipios.com\/?p=537"},"modified":"2020-03-30T22:44:09","modified_gmt":"2020-03-30T22:44:09","slug":"servicios-de-guardia-municipales-durante-el-feriado-de-manana","status":"publish","type":"post","link":"https:\/\/diarioprincipios.com\/index.php\/2020\/03\/30\/servicios-de-guardia-municipales-durante-el-feriado-de-manana\/","title":{"rendered":"Servicios de Guardia Municipales durante el Feriado de ma\u00f1ana"},"content":{"rendered":"\n<p><strong>En el marco del aislamiento social, preventivo y obligatorio, la Municipalidad de Berazategui informa c\u00f3mo funcionar\u00e1n los servicios de guardia durante el feriado del martes 31 de marzo, correspondiente al D\u00eda del Veterano y de los Ca\u00eddos en la Guerra de Malvinas.<\/strong><\/p>\n\n\n\n<p>En primer lugar, se solicita a los vecinos no sacar los residuos domiciliarios el lunes 30 de marzo, ya que el martes no circular\u00e1 el cami\u00f3n recolector. A partir de ese d\u00eda, ya se podr\u00e1 sacar la basura en su horario habitual de 19.00 a 21.00.<\/p>\n\n\n\n<p>Por su parte, Alumbrado P\u00fablico funcionar\u00e1 de guardia para atender emergencias igual que el \u00e1rea de Servicios Sanitarios (agua y cloacas).<br><br>Los siguientes Centros de Atenci\u00f3n Primaria de Salud (CAPS), en tanto, permanecer\u00e1n de guardia m\u00e9dica y enfermer\u00eda durante las 24 horas:<\/p>\n\n\n\n<p>&#8211; CAPS N\u00b0 1 Dr. Javier S\u00e1batto, Av. 14 entre 131 y 132, Berazategui Oeste.<\/p>\n\n\n\n<p>&#8211; CAPS N\u00b0 2, calle 159 entre 54 y 55, Hudson.<\/p>\n\n\n\n<p>&#8211; CAPS N\u00b0 3, calle 457 A y 415, Guti\u00e9rrez.<\/p>\n\n\n\n<p>&#8211; CAPS N\u00b0 5, calle 159 B entre 23 y 24, Berazategui.<\/p>\n\n\n\n<p>&#8211; CAPS N\u00b0 11, calle 517 y 611, Ruta 36 (ex Ruta 2) km 38,5, El Pato.<\/p>\n\n\n\n<p>&#8211; CAPS N\u00b0 14, calle 151 A y 35, Pl\u00e1tanos.<\/p>\n\n\n\n<p>Asimismo, en todos los Centros de salud se encuentran suspendidos los turnos telef\u00f3nicos.<\/p>\n\n\n\n<p>Adem\u00e1s, estar\u00e1 disponible el servicio de ambulancias y de atenci\u00f3n de emergencias (CEM), comunic\u00e1ndose al 107 desde un tel\u00e9fono fijo; o al 4391-1067, donde tambi\u00e9n se reciben llamadas desde celular.<\/p>\n\n\n\n<p>Finalmente, el Centro de Atenci\u00f3n al Vecino (CAV) atender\u00e1 al p\u00fablico de 8.00 a 14.00, en el 0800-666-3405; mientras que el Centro de Operaciones Municipales (COM) lo har\u00e1 durante las 24 horas, al 0800-999-2525.<\/p>\n","protected":false},"excerpt":{"rendered":"<p>En el marco del aislamiento social, preventivo y obligatorio, la Municipalidad de Berazategui informa c\u00f3mo funcionar\u00e1n los servicios de guardia durante el feriado del martes 31 de marzo, correspondiente al D\u00eda del Veterano y de los Ca\u00eddos en la Guerra de Malvinas. En primer lugar, se solicita a los vecinos no sacar los residuos domiciliarios&#8230;<\/p>\n","protected":false},"author":2,"featured_media":538,"comment_status":"open","ping_status":"open","sticky":false,"template":"","format":"standard","meta":{"footnotes":""},"categories":[3],"tags":[],"class_list":["post-537","post","type-post","status-publish","format-standard","has-post-thumbnail","hentry","category-berazategui"],"featured_image_src":"https:\/\/diarioprincipios.com\/wp-content\/uploads\/2020\/03\/SERVICIOS-MUNICIPALES-DE-GUARDIA-DURANTE-EL-FERIADO-EN-HOMENAJE-A-LOS-H\u00c9ROES-DE-MALVINAS-1-1024x750.jpeg","blog_images":{"medium":"https:\/\/diarioprincipios.com\/wp-content\/uploads\/2020\/03\/SERVICIOS-MUNICIPALES-DE-GUARDIA-DURANTE-EL-FERIADO-EN-HOMENAJE-A-LOS-H\u00c9ROES-DE-MALVINAS-1-300x220.jpeg","large":"https:\/\/diarioprincipios.com\/wp-content\/uploads\/2020\/03\/SERVICIOS-MUNICIPALES-DE-GUARDIA-DURANTE-EL-FERIADO-EN-HOMENAJE-A-LOS-H\u00c9ROES-DE-MALVINAS-1-1024x750.jpeg"},"ams_acf":[],"yoast_head":"<!-- This site is optimized with the Yoast SEO plugin v27.3 - https:\/\/yoast.com\/product\/yoast-seo-wordpress\/ -->\n<title>Servicios de Guardia Municipales durante el Feriado de ma\u00f1ana - Principios<\/title>\n<meta name=\"robots\" content=\"index, follow, max-snippet:-1, max-image-preview:large, max-video-preview:-1\" \/>\n<link rel=\"canonical\" href=\"https:\/\/diarioprincipios.com\/index.php\/2020\/03\/30\/servicios-de-guardia-municipales-durante-el-feriado-de-manana\/\" \/>\n<meta property=\"og:locale\" content=\"es_ES\" \/>\n<meta property=\"og:type\" content=\"article\" \/>\n<meta property=\"og:title\" content=\"Servicios de Guardia Municipales durante el Feriado de ma\u00f1ana - Principios\" \/>\n<meta property=\"og:description\" content=\"En el marco del aislamiento social, preventivo y obligatorio, la Municipalidad de Berazategui informa c\u00f3mo funcionar\u00e1n los servicios de guardia durante el feriado del martes 31 de marzo, correspondiente al D\u00eda del Veterano y de los Ca\u00eddos en la Guerra de Malvinas. En primer lugar, se solicita a los vecinos no sacar los residuos domiciliarios...\" \/>\n<meta property=\"og:url\" content=\"https:\/\/diarioprincipios.com\/index.php\/2020\/03\/30\/servicios-de-guardia-municipales-durante-el-feriado-de-manana\/\" \/>\n<meta property=\"og:site_name\" content=\"Principios\" \/>\n<meta property=\"article:published_time\" content=\"2020-03-30T22:44:07+00:00\" \/>\n<meta property=\"article:modified_time\" content=\"2020-03-30T22:44:09+00:00\" \/>\n<meta property=\"og:image\" content=\"https:\/\/diarioprincipios.com\/wp-content\/uploads\/2020\/03\/SERVICIOS-MUNICIPALES-DE-GUARDIA-DURANTE-EL-FERIADO-EN-HOMENAJE-A-LOS-H\u00c9ROES-DE-MALVINAS-1.jpeg\" \/>\n\t<meta property=\"og:image:width\" content=\"1107\" \/>\n\t<meta property=\"og:image:height\" content=\"811\" \/>\n\t<meta property=\"og:image:type\" content=\"image\/jpeg\" \/>\n<meta name=\"author\" content=\"Hern\u00e1n L\u00f3pez\" \/>\n<meta name=\"twitter:card\" content=\"summary_large_image\" \/>\n<meta name=\"twitter:label1\" content=\"Escrito por\" \/>\n\t<meta name=\"twitter:data1\" content=\"Hern\u00e1n L\u00f3pez\" \/>\n\t<meta name=\"twitter:label2\" content=\"Tiempo de lectura\" \/>\n\t<meta name=\"twitter:data2\" content=\"1 minuto\" \/>\n<script type=\"application\/ld+json\" class=\"yoast-schema-graph\">{\"@context\":\"https:\\\/\\\/schema.org\",\"@graph\":[{\"@type\":\"Article\",\"@id\":\"https:\\\/\\\/diarioprincipios.com\\\/index.php\\\/2020\\\/03\\\/30\\\/servicios-de-guardia-municipales-durante-el-feriado-de-manana\\\/#article\",\"isPartOf\":{\"@id\":\"https:\\\/\\\/diarioprincipios.com\\\/index.php\\\/2020\\\/03\\\/30\\\/servicios-de-guardia-municipales-durante-el-feriado-de-manana\\\/\"},\"author\":{\"name\":\"Hern\u00e1n L\u00f3pez\",\"@id\":\"https:\\\/\\\/diarioprincipios.com\\\/#\\\/schema\\\/person\\\/436d5a1fd41a5e250e23ff5a6a7cb080\"},\"headline\":\"Servicios de Guardia Municipales durante el Feriado de ma\u00f1ana\",\"datePublished\":\"2020-03-30T22:44:07+00:00\",\"dateModified\":\"2020-03-30T22:44:09+00:00\",\"mainEntityOfPage\":{\"@id\":\"https:\\\/\\\/diarioprincipios.com\\\/index.php\\\/2020\\\/03\\\/30\\\/servicios-de-guardia-municipales-durante-el-feriado-de-manana\\\/\"},\"wordCount\":283,\"commentCount\":0,\"publisher\":{\"@id\":\"https:\\\/\\\/diarioprincipios.com\\\/#organization\"},\"image\":{\"@id\":\"https:\\\/\\\/diarioprincipios.com\\\/index.php\\\/2020\\\/03\\\/30\\\/servicios-de-guardia-municipales-durante-el-feriado-de-manana\\\/#primaryimage\"},\"thumbnailUrl\":\"https:\\\/\\\/diarioprincipios.com\\\/wp-content\\\/uploads\\\/2020\\\/03\\\/SERVICIOS-MUNICIPALES-DE-GUARDIA-DURANTE-EL-FERIADO-EN-HOMENAJE-A-LOS-H\u00c9ROES-DE-MALVINAS-1.jpeg\",\"articleSection\":[\"Berazategui\"],\"inLanguage\":\"es\",\"potentialAction\":[{\"@type\":\"CommentAction\",\"name\":\"Comment\",\"target\":[\"https:\\\/\\\/diarioprincipios.com\\\/index.php\\\/2020\\\/03\\\/30\\\/servicios-de-guardia-municipales-durante-el-feriado-de-manana\\\/#respond\"]}]},{\"@type\":\"WebPage\",\"@id\":\"https:\\\/\\\/diarioprincipios.com\\\/index.php\\\/2020\\\/03\\\/30\\\/servicios-de-guardia-municipales-durante-el-feriado-de-manana\\\/\",\"url\":\"https:\\\/\\\/diarioprincipios.com\\\/index.php\\\/2020\\\/03\\\/30\\\/servicios-de-guardia-municipales-durante-el-feriado-de-manana\\\/\",\"name\":\"Servicios de Guardia Municipales durante el Feriado de ma\u00f1ana - Principios\",\"isPartOf\":{\"@id\":\"https:\\\/\\\/diarioprincipios.com\\\/#website\"},\"primaryImageOfPage\":{\"@id\":\"https:\\\/\\\/diarioprincipios.com\\\/index.php\\\/2020\\\/03\\\/30\\\/servicios-de-guardia-municipales-durante-el-feriado-de-manana\\\/#primaryimage\"},\"image\":{\"@id\":\"https:\\\/\\\/diarioprincipios.com\\\/index.php\\\/2020\\\/03\\\/30\\\/servicios-de-guardia-municipales-durante-el-feriado-de-manana\\\/#primaryimage\"},\"thumbnailUrl\":\"https:\\\/\\\/diarioprincipios.com\\\/wp-content\\\/uploads\\\/2020\\\/03\\\/SERVICIOS-MUNICIPALES-DE-GUARDIA-DURANTE-EL-FERIADO-EN-HOMENAJE-A-LOS-H\u00c9ROES-DE-MALVINAS-1.jpeg\",\"datePublished\":\"2020-03-30T22:44:07+00:00\",\"dateModified\":\"2020-03-30T22:44:09+00:00\",\"breadcrumb\":{\"@id\":\"https:\\\/\\\/diarioprincipios.com\\\/index.php\\\/2020\\\/03\\\/30\\\/servicios-de-guardia-municipales-durante-el-feriado-de-manana\\\/#breadcrumb\"},\"inLanguage\":\"es\",\"potentialAction\":[{\"@type\":\"ReadAction\",\"target\":[\"https:\\\/\\\/diarioprincipios.com\\\/index.php\\\/2020\\\/03\\\/30\\\/servicios-de-guardia-municipales-durante-el-feriado-de-manana\\\/\"]}]},{\"@type\":\"ImageObject\",\"inLanguage\":\"es\",\"@id\":\"https:\\\/\\\/diarioprincipios.com\\\/index.php\\\/2020\\\/03\\\/30\\\/servicios-de-guardia-municipales-durante-el-feriado-de-manana\\\/#primaryimage\",\"url\":\"https:\\\/\\\/diarioprincipios.com\\\/wp-content\\\/uploads\\\/2020\\\/03\\\/SERVICIOS-MUNICIPALES-DE-GUARDIA-DURANTE-EL-FERIADO-EN-HOMENAJE-A-LOS-H\u00c9ROES-DE-MALVINAS-1.jpeg\",\"contentUrl\":\"https:\\\/\\\/diarioprincipios.com\\\/wp-content\\\/uploads\\\/2020\\\/03\\\/SERVICIOS-MUNICIPALES-DE-GUARDIA-DURANTE-EL-FERIADO-EN-HOMENAJE-A-LOS-H\u00c9ROES-DE-MALVINAS-1.jpeg\",\"width\":1107,\"height\":811},{\"@type\":\"BreadcrumbList\",\"@id\":\"https:\\\/\\\/diarioprincipios.com\\\/index.php\\\/2020\\\/03\\\/30\\\/servicios-de-guardia-municipales-durante-el-feriado-de-manana\\\/#breadcrumb\",\"itemListElement\":[{\"@type\":\"ListItem\",\"position\":1,\"name\":\"Portada\",\"item\":\"https:\\\/\\\/diarioprincipios.com\\\/\"},{\"@type\":\"ListItem\",\"position\":2,\"name\":\"Servicios de Guardia Municipales durante el Feriado de ma\u00f1ana\"}]},{\"@type\":\"WebSite\",\"@id\":\"https:\\\/\\\/diarioprincipios.com\\\/#website\",\"url\":\"https:\\\/\\\/diarioprincipios.com\\\/\",\"name\":\"Principios\",\"description\":\"Principios Diario\",\"publisher\":{\"@id\":\"https:\\\/\\\/diarioprincipios.com\\\/#organization\"},\"potentialAction\":[{\"@type\":\"SearchAction\",\"target\":{\"@type\":\"EntryPoint\",\"urlTemplate\":\"https:\\\/\\\/diarioprincipios.com\\\/?s={search_term_string}\"},\"query-input\":{\"@type\":\"PropertyValueSpecification\",\"valueRequired\":true,\"valueName\":\"search_term_string\"}}],\"inLanguage\":\"es\"},{\"@type\":\"Organization\",\"@id\":\"https:\\\/\\\/diarioprincipios.com\\\/#organization\",\"name\":\"Principios\",\"url\":\"https:\\\/\\\/diarioprincipios.com\\\/\",\"logo\":{\"@type\":\"ImageObject\",\"inLanguage\":\"es\",\"@id\":\"https:\\\/\\\/diarioprincipios.com\\\/#\\\/schema\\\/logo\\\/image\\\/\",\"url\":\"https:\\\/\\\/diarioprincipios.com\\\/wp-content\\\/uploads\\\/2024\\\/04\\\/cropped-www.diarioprincipios.com_-1.png\",\"contentUrl\":\"https:\\\/\\\/diarioprincipios.com\\\/wp-content\\\/uploads\\\/2024\\\/04\\\/cropped-www.diarioprincipios.com_-1.png\",\"width\":5325,\"height\":1454,\"caption\":\"Principios\"},\"image\":{\"@id\":\"https:\\\/\\\/diarioprincipios.com\\\/#\\\/schema\\\/logo\\\/image\\\/\"}},{\"@type\":\"Person\",\"@id\":\"https:\\\/\\\/diarioprincipios.com\\\/#\\\/schema\\\/person\\\/436d5a1fd41a5e250e23ff5a6a7cb080\",\"name\":\"Hern\u00e1n L\u00f3pez\",\"image\":{\"@type\":\"ImageObject\",\"inLanguage\":\"es\",\"@id\":\"https:\\\/\\\/diarioprincipios.com\\\/wp-content\\\/litespeed\\\/avatar\\\/11ddfe5610ff3bd100522525b2571f48.jpg?ver=1777653193\",\"url\":\"https:\\\/\\\/diarioprincipios.com\\\/wp-content\\\/litespeed\\\/avatar\\\/11ddfe5610ff3bd100522525b2571f48.jpg?ver=1777653193\",\"contentUrl\":\"https:\\\/\\\/diarioprincipios.com\\\/wp-content\\\/litespeed\\\/avatar\\\/11ddfe5610ff3bd100522525b2571f48.jpg?ver=1777653193\",\"caption\":\"Hern\u00e1n L\u00f3pez\"},\"url\":\"https:\\\/\\\/diarioprincipios.com\\\/index.php\\\/author\\\/hernan\\\/\"}]}<\/script>\n<!-- \/ Yoast SEO plugin. -->","yoast_head_json":{"title":"Servicios de Guardia Municipales durante el Feriado de ma\u00f1ana - Principios","robots":{"index":"index","follow":"follow","max-snippet":"max-snippet:-1","max-image-preview":"max-image-preview:large","max-video-preview":"max-video-preview:-1"},"canonical":"https:\/\/diarioprincipios.com\/index.php\/2020\/03\/30\/servicios-de-guardia-municipales-durante-el-feriado-de-manana\/","og_locale":"es_ES","og_type":"article","og_title":"Servicios de Guardia Municipales durante el Feriado de ma\u00f1ana - Principios","og_description":"En el marco del aislamiento social, preventivo y obligatorio, la Municipalidad de Berazategui informa c\u00f3mo funcionar\u00e1n los servicios de guardia durante el feriado del martes 31 de marzo, correspondiente al D\u00eda del Veterano y de los Ca\u00eddos en la Guerra de Malvinas. En primer lugar, se solicita a los vecinos no sacar los residuos domiciliarios...","og_url":"https:\/\/diarioprincipios.com\/index.php\/2020\/03\/30\/servicios-de-guardia-municipales-durante-el-feriado-de-manana\/","og_site_name":"Principios","article_published_time":"2020-03-30T22:44:07+00:00","article_modified_time":"2020-03-30T22:44:09+00:00","og_image":[{"width":1107,"height":811,"url":"https:\/\/diarioprincipios.com\/wp-content\/uploads\/2020\/03\/SERVICIOS-MUNICIPALES-DE-GUARDIA-DURANTE-EL-FERIADO-EN-HOMENAJE-A-LOS-H\u00c9ROES-DE-MALVINAS-1.jpeg","type":"image\/jpeg"}],"author":"Hern\u00e1n L\u00f3pez","twitter_card":"summary_large_image","twitter_misc":{"Escrito por":"Hern\u00e1n L\u00f3pez","Tiempo de lectura":"1 minuto"},"schema":{"@context":"https:\/\/schema.org","@graph":[{"@type":"Article","@id":"https:\/\/diarioprincipios.com\/index.php\/2020\/03\/30\/servicios-de-guardia-municipales-durante-el-feriado-de-manana\/#article","isPartOf":{"@id":"https:\/\/diarioprincipios.com\/index.php\/2020\/03\/30\/servicios-de-guardia-municipales-durante-el-feriado-de-manana\/"},"author":{"name":"Hern\u00e1n L\u00f3pez","@id":"https:\/\/diarioprincipios.com\/#\/schema\/person\/436d5a1fd41a5e250e23ff5a6a7cb080"},"headline":"Servicios de Guardia Municipales durante el Feriado de ma\u00f1ana","datePublished":"2020-03-30T22:44:07+00:00","dateModified":"2020-03-30T22:44:09+00:00","mainEntityOfPage":{"@id":"https:\/\/diarioprincipios.com\/index.php\/2020\/03\/30\/servicios-de-guardia-municipales-durante-el-feriado-de-manana\/"},"wordCount":283,"commentCount":0,"publisher":{"@id":"https:\/\/diarioprincipios.com\/#organization"},"image":{"@id":"https:\/\/diarioprincipios.com\/index.php\/2020\/03\/30\/servicios-de-guardia-municipales-durante-el-feriado-de-manana\/#primaryimage"},"thumbnailUrl":"https:\/\/diarioprincipios.com\/wp-content\/uploads\/2020\/03\/SERVICIOS-MUNICIPALES-DE-GUARDIA-DURANTE-EL-FERIADO-EN-HOMENAJE-A-LOS-H\u00c9ROES-DE-MALVINAS-1.jpeg","articleSection":["Berazategui"],"inLanguage":"es","potentialAction":[{"@type":"CommentAction","name":"Comment","target":["https:\/\/diarioprincipios.com\/index.php\/2020\/03\/30\/servicios-de-guardia-municipales-durante-el-feriado-de-manana\/#respond"]}]},{"@type":"WebPage","@id":"https:\/\/diarioprincipios.com\/index.php\/2020\/03\/30\/servicios-de-guardia-municipales-durante-el-feriado-de-manana\/","url":"https:\/\/diarioprincipios.com\/index.php\/2020\/03\/30\/servicios-de-guardia-municipales-durante-el-feriado-de-manana\/","name":"Servicios de Guardia Municipales durante el Feriado de ma\u00f1ana - Principios","isPartOf":{"@id":"https:\/\/diarioprincipios.com\/#website"},"primaryImageOfPage":{"@id":"https:\/\/diarioprincipios.com\/index.php\/2020\/03\/30\/servicios-de-guardia-municipales-durante-el-feriado-de-manana\/#primaryimage"},"image":{"@id":"https:\/\/diarioprincipios.com\/index.php\/2020\/03\/30\/servicios-de-guardia-municipales-durante-el-feriado-de-manana\/#primaryimage"},"thumbnailUrl":"https:\/\/diarioprincipios.com\/wp-content\/uploads\/2020\/03\/SERVICIOS-MUNICIPALES-DE-GUARDIA-DURANTE-EL-FERIADO-EN-HOMENAJE-A-LOS-H\u00c9ROES-DE-MALVINAS-1.jpeg","datePublished":"2020-03-30T22:44:07+00:00","dateModified":"2020-03-30T22:44:09+00:00","breadcrumb":{"@id":"https:\/\/diarioprincipios.com\/index.php\/2020\/03\/30\/servicios-de-guardia-municipales-durante-el-feriado-de-manana\/#breadcrumb"},"inLanguage":"es","potentialAction":[{"@type":"ReadAction","target":["https:\/\/diarioprincipios.com\/index.php\/2020\/03\/30\/servicios-de-guardia-municipales-durante-el-feriado-de-manana\/"]}]},{"@type":"ImageObject","inLanguage":"es","@id":"https:\/\/diarioprincipios.com\/index.php\/2020\/03\/30\/servicios-de-guardia-municipales-durante-el-feriado-de-manana\/#primaryimage","url":"https:\/\/diarioprincipios.com\/wp-content\/uploads\/2020\/03\/SERVICIOS-MUNICIPALES-DE-GUARDIA-DURANTE-EL-FERIADO-EN-HOMENAJE-A-LOS-H\u00c9ROES-DE-MALVINAS-1.jpeg","contentUrl":"https:\/\/diarioprincipios.com\/wp-content\/uploads\/2020\/03\/SERVICIOS-MUNICIPALES-DE-GUARDIA-DURANTE-EL-FERIADO-EN-HOMENAJE-A-LOS-H\u00c9ROES-DE-MALVINAS-1.jpeg","width":1107,"height":811},{"@type":"BreadcrumbList","@id":"https:\/\/diarioprincipios.com\/index.php\/2020\/03\/30\/servicios-de-guardia-municipales-durante-el-feriado-de-manana\/#breadcrumb","itemListElement":[{"@type":"ListItem","position":1,"name":"Portada","item":"https:\/\/diarioprincipios.com\/"},{"@type":"ListItem","position":2,"name":"Servicios de Guardia Municipales durante el Feriado de ma\u00f1ana"}]},{"@type":"WebSite","@id":"https:\/\/diarioprincipios.com\/#website","url":"https:\/\/diarioprincipios.com\/","name":"Principios","description":"Principios Diario","publisher":{"@id":"https:\/\/diarioprincipios.com\/#organization"},"potentialAction":[{"@type":"SearchAction","target":{"@type":"EntryPoint","urlTemplate":"https:\/\/diarioprincipios.com\/?s={search_term_string}"},"query-input":{"@type":"PropertyValueSpecification","valueRequired":true,"valueName":"search_term_string"}}],"inLanguage":"es"},{"@type":"Organization","@id":"https:\/\/diarioprincipios.com\/#organization","name":"Principios","url":"https:\/\/diarioprincipios.com\/","logo":{"@type":"ImageObject","inLanguage":"es","@id":"https:\/\/diarioprincipios.com\/#\/schema\/logo\/image\/","url":"https:\/\/diarioprincipios.com\/wp-content\/uploads\/2024\/04\/cropped-www.diarioprincipios.com_-1.png","contentUrl":"https:\/\/diarioprincipios.com\/wp-content\/uploads\/2024\/04\/cropped-www.diarioprincipios.com_-1.png","width":5325,"height":1454,"caption":"Principios"},"image":{"@id":"https:\/\/diarioprincipios.com\/#\/schema\/logo\/image\/"}},{"@type":"Person","@id":"https:\/\/diarioprincipios.com\/#\/schema\/person\/436d5a1fd41a5e250e23ff5a6a7cb080","name":"Hern\u00e1n L\u00f3pez","image":{"@type":"ImageObject","inLanguage":"es","@id":"https:\/\/diarioprincipios.com\/wp-content\/litespeed\/avatar\/11ddfe5610ff3bd100522525b2571f48.jpg?ver=1777653193","url":"https:\/\/diarioprincipios.com\/wp-content\/litespeed\/avatar\/11ddfe5610ff3bd100522525b2571f48.jpg?ver=1777653193","contentUrl":"https:\/\/diarioprincipios.com\/wp-content\/litespeed\/avatar\/11ddfe5610ff3bd100522525b2571f48.jpg?ver=1777653193","caption":"Hern\u00e1n L\u00f3pez"},"url":"https:\/\/diarioprincipios.com\/index.php\/author\/hernan\/"}]}},"jetpack_featured_media_url":"https:\/\/diarioprincipios.com\/wp-content\/uploads\/2020\/03\/SERVICIOS-MUNICIPALES-DE-GUARDIA-DURANTE-EL-FERIADO-EN-HOMENAJE-A-LOS-H\u00c9ROES-DE-MALVINAS-1.jpeg","_links":{"self":[{"href":"https:\/\/diarioprincipios.com\/index.php\/wp-json\/wp\/v2\/posts\/537","targetHints":{"allow":["GET"]}}],"collection":[{"href":"https:\/\/diarioprincipios.com\/index.php\/wp-json\/wp\/v2\/posts"}],"about":[{"href":"https:\/\/diarioprincipios.com\/index.php\/wp-json\/wp\/v2\/types\/post"}],"author":[{"embeddable":true,"href":"https:\/\/diarioprincipios.com\/index.php\/wp-json\/wp\/v2\/users\/2"}],"replies":[{"embeddable":true,"href":"https:\/\/diarioprincipios.com\/index.php\/wp-json\/wp\/v2\/comments?post=537"}],"version-history":[{"count":1,"href":"https:\/\/diarioprincipios.com\/index.php\/wp-json\/wp\/v2\/posts\/537\/revisions"}],"predecessor-version":[{"id":539,"href":"https:\/\/diarioprincipios.com\/index.php\/wp-json\/wp\/v2\/posts\/537\/revisions\/539"}],"wp:featuredmedia":[{"embeddable":true,"href":"https:\/\/diarioprincipios.com\/index.php\/wp-json\/wp\/v2\/media\/538"}],"wp:attachment":[{"href":"https:\/\/diarioprincipios.com\/index.php\/wp-json\/wp\/v2\/media?parent=537"}],"wp:term":[{"taxonomy":"category","embeddable":true,"href":"https:\/\/diarioprincipios.com\/index.php\/wp-json\/wp\/v2\/categories?post=537"},{"taxonomy":"post_tag","embeddable":true,"href":"https:\/\/diarioprincipios.com\/index.php\/wp-json\/wp\/v2\/tags?post=537"}],"curies":[{"name":"wp","href":"https:\/\/api.w.org\/{rel}","templated":true}]}}